{"id":37449,"date":"2025-04-07T07:56:58","date_gmt":"2025-04-07T05:56:58","guid":{"rendered":"https:\/\/www.m-q.ch\/?p=21274"},"modified":"2025-04-04T13:07:11","modified_gmt":"2025-04-04T11:07:11","slug":"fachmesse-control-2025-praxis-und-zukunftsorientiert","status":"publish","type":"post","link":"https:\/\/www.organisator.ch\/fr\/operational-excellence\/2025-04-07\/fachmesse-control-2025-praxis-und-zukunftsorientiert\/","title":{"rendered":"Salon professionnel Control 2025 : ax\u00e9 sur la pratique et l'avenir"},"content":{"rendered":"<div class=\"uncode_text_column\">\r\n<figure id=\"attachment_21275\" class=\"wp-caption alignnone\" style=\"width: 680px;\" aria-describedby=\"caption-attachment-21275\"><img class=\"size-full wp-image-21275\" src=\"https:\/\/www.m-q.ch\/wp-content\/uploads\/2025\/04\/Fachmesse-Control-2025-Praxis-und-zukunftsorientiert_MQ.jpg\" sizes=\"(max-width: 680px) 100vw, 680px\" srcset=\"https:\/\/www.m-q.ch\/wp-content\/uploads\/2025\/04\/Fachmesse-Control-2025-Praxis-und-zukunftsorientiert_MQ.jpg 680w, https:\/\/www.m-q.ch\/wp-content\/uploads\/2025\/04\/Fachmesse-Control-2025-Praxis-und-zukunftsorientiert_MQ-18x10.jpg 18w, https:\/\/www.m-q.ch\/wp-content\/uploads\/2025\/04\/Fachmesse-Control-2025-Praxis-und-zukunftsorientiert_MQ-375x211.jpg 375w, https:\/\/www.m-q.ch\/wp-content\/uploads\/2025\/04\/Fachmesse-Control-2025-Praxis-und-zukunftsorientiert_MQ-621x350.jpg 621w\" alt=\"\" width=\"680\" height=\"383\" \/>\r\n<figcaption id=\"caption-attachment-21275\" class=\"wp-caption-text\">Du 6 au 9 mai, Control 2025 invite les professionnels de l'assurance qualit\u00e9 \u00e0 visiter le salon. (Photo : Control Messe \/ Schall Messen)<\/figcaption>\r\n<\/figure>\r\n<p>Les mesures d'assurance qualit\u00e9 (AQ) font partie int\u00e9grante des flux de travail de la production industrielle ainsi que de diff\u00e9rents processus dans diff\u00e9rents domaines non industriels. L'assurance qualit\u00e9 s'\u00e9tend \u00e0 de nombreux processus et s'articule technologiquement autour de la vision, du traitement de l'image, des capteurs, des techniques de mesure et de contr\u00f4le ainsi que des logiciels et des technologies d'\u00e9valuation les plus modernes. La tradition de Control, le salon international de l'assurance qualit\u00e9, est de se concentrer sur des th\u00e8mes pertinents, d'avoir un niveau professionnel \u00e9lev\u00e9 et d'\u00eatre tr\u00e8s international. Des dizaines d'entreprises exposantes suisses seront \u00e0 nouveau pr\u00e9sentes. \"Nous sommes heureux de constater que cette ann\u00e9e encore, environ un tiers des exposants viennent de l'\u00e9tranger\", annonce Fabian Kr\u00fcger, chef de projet du salon Control aupr\u00e8s de l'entreprise de salons P. E. Schall. \"Ces jours-ci, les entreprises finalisent leur portefeuille d'exposition et pr\u00e9senteront aux visiteurs professionnels des nouveaut\u00e9s int\u00e9ressantes sur le th\u00e8me de l'assurance qualit\u00e9\", poursuit Kr\u00fcger. \"Dans les halls 3, 5, 7 et 9 du parc des expositions de Stuttgart, diff\u00e9rents types de techniques de mesure seront repr\u00e9sent\u00e9s et pr\u00e9sent\u00e9s de mani\u00e8re pertinente pour tous les secteurs. Parmi les th\u00e8mes phares, on trouve l'intelligence artificielle (IA), dont l'utilisation sera montr\u00e9e \u00e0 de nombreux endroits du salon\", promet Kr\u00fcger.<\/p>\r\n<\/div>\r\n<div class=\"vc_custom_heading_wrap\">\r\n<div class=\"heading-text el-text\">\r\n<h3 class=\"h4\">Control Quality Talk sur le th\u00e8me de l'IA dans la pratique<\/h3>\r\n<\/div>\r\n<\/div>\r\n<div class=\"uncode_text_column\">\r\n<p>C'est pr\u00e9cis\u00e9ment parce que les syst\u00e8mes d'IA sont devenus une tendance technologique importante dans le domaine de l'assurance qualit\u00e9 qu'un nouveau format de manifestation a \u00e9t\u00e9 cr\u00e9\u00e9 au salon Control 2025 dans le cadre du programme du salon : Le Control Quality Talk. Sous le titre \"L'IA dans l'assurance qualit\u00e9 - l'avenir sera-t-il sans d\u00e9faut ? L'IA, un turbo pour la rentabilit\u00e9 et l'efficacit\u00e9\", il s'agira de discuter de l'\u00e9tat actuel de l'utilisation de l'IA dans la pratique. Ira Effenberger, directrice de recherche en intelligence artificielle et en vision artificielle \u00e0 l'Institut Fraunhofer pour la technique de production et l'automatisation IPA, Ralf Christoph, directeur et propri\u00e9taire de Werth Messtechnik, Florian Schwarz, CEO de CAQ AG Factory Systems, et Christian Wojek, Head of AI, Zeiss IQS. La table ronde sera anim\u00e9e par le Dr. Peter Ebert, r\u00e9dacteur en chef du m\u00e9dia sp\u00e9cialis\u00e9 \"inVISION\". La discussion aura lieu le premier jour du salon \u00e0 partir de 14h30 dans le hall 7-7115. Les visiteurs pourront d\u00e9couvrir quels syst\u00e8mes d'IA existent d\u00e9j\u00e0 et sont utilis\u00e9s dans l'industrie et quels avantages concrets ils pr\u00e9sentent en termes de rentabilit\u00e9 et d'efficacit\u00e9.<\/p>\r\n<\/div>\r\n<div class=\"vc_custom_heading_wrap\">\r\n<div class=\"heading-text el-text\">\r\n<h3 class=\"h4\">Forum de conf\u00e9rences et expositions sp\u00e9ciales<\/h3>\r\n<\/div>\r\n<\/div>\r\n<div class=\"uncode_text_column\">\r\n<p>Outre les possibilit\u00e9s d'augmentation de l'efficacit\u00e9 de la production, une AQ intelligente favorise naturellement aussi la fabrication de produits s\u00fbrs. La r\u00e9duction des co\u00fbts potentiels li\u00e9s aux erreurs, la pr\u00e9vention du gaspillage de mat\u00e9riaux et du surcro\u00eet de travail ainsi qu'une satisfaction \u00e9lev\u00e9e des clients sont directement li\u00e9es \u00e0 l'AQ. Plus les processus d'AQ sont modernes et coh\u00e9rents, moins il y a de perturbations dans la cha\u00eene de cr\u00e9ation de valeur. La tendance est \u00e0 l'automatisation compl\u00e8te des processus de contr\u00f4le pendant la fabrication du produit ; ils deviennent plus rapides et plus efficaces, ils sont effectu\u00e9s en ligne et int\u00e9gr\u00e9s dans les processus les plus divers. Les visiteurs professionnels pourront se tenir au courant de l'actualit\u00e9 de ces th\u00e8mes dans le cadre du forum de conf\u00e9rences de Control 2025. Les visiteurs professionnels pourront \u00e9galement profiter de l'exposition sp\u00e9ciale \"Technique de mesure sans contact\" du d\u00e9partement Vision de Fraunhofer, qui aura lieu cette ann\u00e9e pour la 19e fois. En effet, elle pr\u00e9sente des technologies, des applications et des composants de syst\u00e8me \u00e0 la pointe du progr\u00e8s dans le domaine de la technique de mesure et de contr\u00f4le sans contact. \"Les visiteurs professionnels ont traditionnellement l'occasion au salon Control de recevoir des informations up-to-date et de nouer de nouveaux contacts gr\u00e2ce \u00e0 un programme-cadre de haut niveau\", indique le chef de projet. \"Outre l'exposition, le programme-cadre est indispensable pour acqu\u00e9rir des connaissances sp\u00e9cialis\u00e9es suppl\u00e9mentaires sur les techniques de mesure modernes et l'assurance qualit\u00e9. Nous nous r\u00e9jouissons beaucoup d'accueillir \u00e0 nouveau de nombreux visiteurs cette ann\u00e9e !\"<\/p>\r\n<p><em>Plus d'informations : <a href=\"http:\/\/www.control-messe.de\/\">www.control-messe.de<\/a><\/em><\/p>\r\n<\/div>\n<p class=\"syndicated-attribution\">Cet article est paru initialement sur m-q.ch - <a href=\"https:\/\/www.m-q.ch\/de\/fachmesse-control-2025-praxis-und-zukunftsorientiert\/\" target=\"_blank\">https:\/\/www.m-q.ch\/de\/fachmesse-control-2025-praxis-und-zukunftsorientiert\/<\/a><\/p>","protected":false},"excerpt":{"rendered":"<p>Il reste \u00e0 peine quatre semaines avant l'\u00e9v\u00e9nement phare de la branche pour les professionnels de l'assurance qualit\u00e9 : du 6 au 9 mai 2025, ils se retrouveront au 37e Control, salon international de l'assurance qualit\u00e9 \u00e0 Stuttgart. L'organisateur du salon remplit quatre halls et invite \u00e0 un programme-cadre de haut niveau. Le nouveau \"Control Quality Talk\", une table ronde au cours de laquelle des experts renomm\u00e9s \u00e9changeront leurs points de vue sur le th\u00e8me de l'IA, est annonc\u00e9 comme le point d'orgue.<\/p>","protected":false},"author":8,"featured_media":0,"comment_status":"closed","ping_status":"closed","sticky":false,"template":"","format":"standard","meta":{"_acf_changed":false,"_yoast_wpseo_focuskw":"Control 2025","_yoast_wpseo_metadesc":"Vom 6. bis 9. Mai 2025 findet die 37. Control, internationale Fachmesse f\u00fcr Qualit\u00e4tssicherung, in Stuttgart statt.","articlekey":"","footnotes":""},"categories":[582],"tags":[5257,193,3592,319,605],"class_list":["post-37449","post","type-post","status-publish","format-standard","hentry","category-operational-excellence","tag-control-messe","tag-fachkongressfachmesse","tag-industrielle-qualitaetssicherung","tag-kuenstliche-intelligenz","tag-qualitaetsmanagement"],"acf":[],"yoast_head":"<!-- This site is optimized with the Yoast SEO plugin v27.5 - https:\/\/yoast.com\/product\/yoast-seo-wordpress\/ -->\n<title>Fachmesse Control 2025: Praxis- und zukunftsorientiert - Organisator<\/title>\n<meta name=\"description\" content=\"Vom 6. bis 9. Mai 2025 findet die 37. Control, internationale Fachmesse f\u00fcr Qualit\u00e4tssicherung, in Stuttgart statt.\" \/>\n<meta name=\"robots\" content=\"index, follow, max-snippet:-1, max-image-preview:large, max-video-preview:-1\" \/>\n<link rel=\"canonical\" href=\"https:\/\/www.organisator.ch\/fr\/?p=37449\" \/>\n<meta property=\"og:locale\" content=\"fr_FR\" \/>\n<meta property=\"og:type\" content=\"article\" \/>\n<meta property=\"og:title\" content=\"Fachmesse Control 2025: Praxis- und zukunftsorientiert - Organisator\" \/>\n<meta property=\"og:description\" content=\"Vom 6. bis 9. Mai 2025 findet die 37. Control, internationale Fachmesse f\u00fcr Qualit\u00e4tssicherung, in Stuttgart statt.\" \/>\n<meta property=\"og:url\" content=\"https:\/\/www.organisator.ch\/fr\/?p=37449\" \/>\n<meta property=\"og:site_name\" content=\"Organisator\" \/>\n<meta property=\"article:publisher\" content=\"https:\/\/www.facebook.com\/OrganisatorFachmagazin\" \/>\n<meta property=\"article:published_time\" content=\"2025-04-07T05:56:58+00:00\" \/>\n<meta name=\"author\" content=\"galledia\" \/>\n<meta name=\"twitter:card\" content=\"summary_large_image\" \/>\n<meta name=\"twitter:creator\" content=\"@admin\" \/>\n<script type=\"application\/ld+json\" class=\"yoast-schema-graph\">{\"@context\":\"https:\\\/\\\/schema.org\",\"@graph\":[{\"@type\":\"Article\",\"@id\":\"https:\\\/\\\/www.organisator.ch\\\/?p=37449#article\",\"isPartOf\":{\"@id\":\"https:\\\/\\\/www.organisator.ch\\\/?p=37449\"},\"author\":{\"name\":\"galledia\",\"@id\":\"https:\\\/\\\/www.organisator.ch\\\/#\\\/schema\\\/person\\\/4e51799071cd2dd1232ac003643ef5f0\"},\"headline\":\"Fachmesse Control 2025: Praxis- und zukunftsorientiert\",\"datePublished\":\"2025-04-07T05:56:58+00:00\",\"mainEntityOfPage\":{\"@id\":\"https:\\\/\\\/www.organisator.ch\\\/?p=37449\"},\"wordCount\":592,\"publisher\":{\"@id\":\"https:\\\/\\\/www.organisator.ch\\\/#organization\"},\"image\":{\"@id\":\"https:\\\/\\\/www.organisator.ch\\\/?p=37449#primaryimage\"},\"thumbnailUrl\":\"https:\\\/\\\/www.m-q.ch\\\/wp-content\\\/uploads\\\/2025\\\/04\\\/Fachmesse-Control-2025-Praxis-und-zukunftsorientiert_MQ.jpg\",\"keywords\":[\"Control Messe\",\"Fachkongress\\\/Fachmesse\",\"Industrielle Qualit\u00e4tssicherung\",\"K\u00fcnstliche Intelligenz\",\"Qualit\u00e4tsmanagement\"],\"articleSection\":[\"OPERATIONAL EXCELLENCE\"],\"inLanguage\":\"fr-FR\"},{\"@type\":\"WebPage\",\"@id\":\"https:\\\/\\\/www.organisator.ch\\\/?p=37449\",\"url\":\"https:\\\/\\\/www.organisator.ch\\\/?p=37449\",\"name\":\"Fachmesse Control 2025: Praxis- und zukunftsorientiert - Organisator\",\"isPartOf\":{\"@id\":\"https:\\\/\\\/www.organisator.ch\\\/#website\"},\"primaryImageOfPage\":{\"@id\":\"https:\\\/\\\/www.organisator.ch\\\/?p=37449#primaryimage\"},\"image\":{\"@id\":\"https:\\\/\\\/www.organisator.ch\\\/?p=37449#primaryimage\"},\"thumbnailUrl\":\"https:\\\/\\\/www.m-q.ch\\\/wp-content\\\/uploads\\\/2025\\\/04\\\/Fachmesse-Control-2025-Praxis-und-zukunftsorientiert_MQ.jpg\",\"datePublished\":\"2025-04-07T05:56:58+00:00\",\"description\":\"Vom 6. bis 9. Mai 2025 findet die 37. Control, internationale Fachmesse f\u00fcr Qualit\u00e4tssicherung, in Stuttgart statt.\",\"breadcrumb\":{\"@id\":\"https:\\\/\\\/www.organisator.ch\\\/?p=37449#breadcrumb\"},\"inLanguage\":\"fr-FR\",\"potentialAction\":[{\"@type\":\"ReadAction\",\"target\":[\"https:\\\/\\\/www.organisator.ch\\\/?p=37449\"]}]},{\"@type\":\"ImageObject\",\"inLanguage\":\"fr-FR\",\"@id\":\"https:\\\/\\\/www.organisator.ch\\\/?p=37449#primaryimage\",\"url\":\"https:\\\/\\\/www.m-q.ch\\\/wp-content\\\/uploads\\\/2025\\\/04\\\/Fachmesse-Control-2025-Praxis-und-zukunftsorientiert_MQ.jpg\",\"contentUrl\":\"https:\\\/\\\/www.m-q.ch\\\/wp-content\\\/uploads\\\/2025\\\/04\\\/Fachmesse-Control-2025-Praxis-und-zukunftsorientiert_MQ.jpg\"},{\"@type\":\"BreadcrumbList\",\"@id\":\"https:\\\/\\\/www.organisator.ch\\\/?p=37449#breadcrumb\",\"itemListElement\":[{\"@type\":\"ListItem\",\"position\":1,\"name\":\"Home\",\"item\":\"https:\\\/\\\/www.organisator.ch\\\/\"},{\"@type\":\"ListItem\",\"position\":2,\"name\":\"Fachmesse Control 2025: Praxis- und zukunftsorientiert\"}]},{\"@type\":\"WebSite\",\"@id\":\"https:\\\/\\\/www.organisator.ch\\\/#website\",\"url\":\"https:\\\/\\\/www.organisator.ch\\\/\",\"name\":\"Organisator\",\"description\":\"Kompetent. Praxisnah. Der ORGANISATOR bereitet in 10 Ausgaben pro Jahr die wesentlichen Themen f\u00fcr F\u00fchrungskr\u00e4fte von KMU auf.\",\"publisher\":{\"@id\":\"https:\\\/\\\/www.organisator.ch\\\/#organization\"},\"potentialAction\":[{\"@type\":\"SearchAction\",\"target\":{\"@type\":\"EntryPoint\",\"urlTemplate\":\"https:\\\/\\\/www.organisator.ch\\\/?s={search_term_string}\"},\"query-input\":{\"@type\":\"PropertyValueSpecification\",\"valueRequired\":true,\"valueName\":\"search_term_string\"}}],\"inLanguage\":\"fr-FR\"},{\"@type\":\"Organization\",\"@id\":\"https:\\\/\\\/www.organisator.ch\\\/#organization\",\"name\":\"Organisator\",\"url\":\"https:\\\/\\\/www.organisator.ch\\\/\",\"logo\":{\"@type\":\"ImageObject\",\"inLanguage\":\"fr-FR\",\"@id\":\"https:\\\/\\\/www.organisator.ch\\\/#\\\/schema\\\/logo\\\/image\\\/\",\"url\":\"https:\\\/\\\/www.organisator.ch\\\/wp-content\\\/uploads\\\/2022\\\/01\\\/Logo_Organisator_Website.png\",\"contentUrl\":\"https:\\\/\\\/www.organisator.ch\\\/wp-content\\\/uploads\\\/2022\\\/01\\\/Logo_Organisator_Website.png\",\"width\":800,\"height\":77,\"caption\":\"Organisator\"},\"image\":{\"@id\":\"https:\\\/\\\/www.organisator.ch\\\/#\\\/schema\\\/logo\\\/image\\\/\"},\"sameAs\":[\"https:\\\/\\\/www.facebook.com\\\/OrganisatorFachmagazin\",\"https:\\\/\\\/www.linkedin.com\\\/showcase\\\/organisator-das-magazin-fr-kmu\",\"https:\\\/\\\/www.xing.com\\\/news\\\/pages\\\/organisator-ch-695\",\"https:\\\/\\\/www.youtube.com\\\/channel\\\/UCGP2Sq0iWaZwT3BdIAQFYpw\"]},{\"@type\":\"Person\",\"@id\":\"https:\\\/\\\/www.organisator.ch\\\/#\\\/schema\\\/person\\\/4e51799071cd2dd1232ac003643ef5f0\",\"name\":\"galledia\",\"image\":{\"@type\":\"ImageObject\",\"inLanguage\":\"fr-FR\",\"@id\":\"https:\\\/\\\/secure.gravatar.com\\\/avatar\\\/78a7f90c01fc2bfc875782a0d4922b37cde2cf184ce347b91316d23cd7f69a36?s=96&d=mm&r=g\",\"url\":\"https:\\\/\\\/secure.gravatar.com\\\/avatar\\\/78a7f90c01fc2bfc875782a0d4922b37cde2cf184ce347b91316d23cd7f69a36?s=96&d=mm&r=g\",\"contentUrl\":\"https:\\\/\\\/secure.gravatar.com\\\/avatar\\\/78a7f90c01fc2bfc875782a0d4922b37cde2cf184ce347b91316d23cd7f69a36?s=96&d=mm&r=g\",\"caption\":\"galledia\"},\"sameAs\":[\"https:\\\/\\\/x.com\\\/admin\"],\"url\":\"https:\\\/\\\/www.organisator.ch\\\/fr\\\/author\\\/galledia\\\/\"}]}<\/script>\n<!-- \/ Yoast SEO plugin. -->","yoast_head_json":{"title":"Salon professionnel Control 2025 : ax\u00e9 sur la pratique et l'avenir - Organisateur","description":"Du 6 au 9 mai 2025, la 37e \u00e9dition du Control, salon international de l'assurance qualit\u00e9, se tiendra \u00e0 Stuttgart.","robots":{"index":"index","follow":"follow","max-snippet":"max-snippet:-1","max-image-preview":"max-image-preview:large","max-video-preview":"max-video-preview:-1"},"canonical":"https:\/\/www.organisator.ch\/fr\/?p=37449","og_locale":"fr_FR","og_type":"article","og_title":"Fachmesse Control 2025: Praxis- und zukunftsorientiert - Organisator","og_description":"Vom 6. bis 9. Mai 2025 findet die 37. Control, internationale Fachmesse f\u00fcr Qualit\u00e4tssicherung, in Stuttgart statt.","og_url":"https:\/\/www.organisator.ch\/fr\/?p=37449","og_site_name":"Organisator","article_publisher":"https:\/\/www.facebook.com\/OrganisatorFachmagazin","article_published_time":"2025-04-07T05:56:58+00:00","author":"galledia","twitter_card":"summary_large_image","twitter_creator":"@admin","schema":{"@context":"https:\/\/schema.org","@graph":[{"@type":"Article","@id":"https:\/\/www.organisator.ch\/?p=37449#article","isPartOf":{"@id":"https:\/\/www.organisator.ch\/?p=37449"},"author":{"name":"galledia","@id":"https:\/\/www.organisator.ch\/#\/schema\/person\/4e51799071cd2dd1232ac003643ef5f0"},"headline":"Fachmesse Control 2025: Praxis- und zukunftsorientiert","datePublished":"2025-04-07T05:56:58+00:00","mainEntityOfPage":{"@id":"https:\/\/www.organisator.ch\/?p=37449"},"wordCount":592,"publisher":{"@id":"https:\/\/www.organisator.ch\/#organization"},"image":{"@id":"https:\/\/www.organisator.ch\/?p=37449#primaryimage"},"thumbnailUrl":"https:\/\/www.m-q.ch\/wp-content\/uploads\/2025\/04\/Fachmesse-Control-2025-Praxis-und-zukunftsorientiert_MQ.jpg","keywords":["Control Messe","Fachkongress\/Fachmesse","Industrielle Qualit\u00e4tssicherung","K\u00fcnstliche Intelligenz","Qualit\u00e4tsmanagement"],"articleSection":["OPERATIONAL EXCELLENCE"],"inLanguage":"fr-FR"},{"@type":"WebPage","@id":"https:\/\/www.organisator.ch\/?p=37449","url":"https:\/\/www.organisator.ch\/?p=37449","name":"Salon professionnel Control 2025 : ax\u00e9 sur la pratique et l'avenir - Organisateur","isPartOf":{"@id":"https:\/\/www.organisator.ch\/#website"},"primaryImageOfPage":{"@id":"https:\/\/www.organisator.ch\/?p=37449#primaryimage"},"image":{"@id":"https:\/\/www.organisator.ch\/?p=37449#primaryimage"},"thumbnailUrl":"https:\/\/www.m-q.ch\/wp-content\/uploads\/2025\/04\/Fachmesse-Control-2025-Praxis-und-zukunftsorientiert_MQ.jpg","datePublished":"2025-04-07T05:56:58+00:00","description":"Du 6 au 9 mai 2025, la 37e \u00e9dition du Control, salon international de l'assurance qualit\u00e9, se tiendra \u00e0 Stuttgart.","breadcrumb":{"@id":"https:\/\/www.organisator.ch\/?p=37449#breadcrumb"},"inLanguage":"fr-FR","potentialAction":[{"@type":"ReadAction","target":["https:\/\/www.organisator.ch\/?p=37449"]}]},{"@type":"ImageObject","inLanguage":"fr-FR","@id":"https:\/\/www.organisator.ch\/?p=37449#primaryimage","url":"https:\/\/www.m-q.ch\/wp-content\/uploads\/2025\/04\/Fachmesse-Control-2025-Praxis-und-zukunftsorientiert_MQ.jpg","contentUrl":"https:\/\/www.m-q.ch\/wp-content\/uploads\/2025\/04\/Fachmesse-Control-2025-Praxis-und-zukunftsorientiert_MQ.jpg"},{"@type":"BreadcrumbList","@id":"https:\/\/www.organisator.ch\/?p=37449#breadcrumb","itemListElement":[{"@type":"ListItem","position":1,"name":"Home","item":"https:\/\/www.organisator.ch\/"},{"@type":"ListItem","position":2,"name":"Fachmesse Control 2025: Praxis- und zukunftsorientiert"}]},{"@type":"WebSite","@id":"https:\/\/www.organisator.ch\/#website","url":"https:\/\/www.organisator.ch\/","name":"Organisateur","description":"Comp\u00e9tence et comp\u00e9tence. Proches de la pratique. L'ORGANISATEUR pr\u00e9pare 10 num\u00e9ros par an sur les th\u00e8mes essentiels pour les dirigeants de PME.","publisher":{"@id":"https:\/\/www.organisator.ch\/#organization"},"potentialAction":[{"@type":"SearchAction","target":{"@type":"EntryPoint","urlTemplate":"https:\/\/www.organisator.ch\/?s={search_term_string}"},"query-input":{"@type":"PropertyValueSpecification","valueRequired":true,"valueName":"search_term_string"}}],"inLanguage":"fr-FR"},{"@type":"Organization","@id":"https:\/\/www.organisator.ch\/#organization","name":"Organisateur","url":"https:\/\/www.organisator.ch\/","logo":{"@type":"ImageObject","inLanguage":"fr-FR","@id":"https:\/\/www.organisator.ch\/#\/schema\/logo\/image\/","url":"https:\/\/www.organisator.ch\/wp-content\/uploads\/2022\/01\/Logo_Organisator_Website.png","contentUrl":"https:\/\/www.organisator.ch\/wp-content\/uploads\/2022\/01\/Logo_Organisator_Website.png","width":800,"height":77,"caption":"Organisator"},"image":{"@id":"https:\/\/www.organisator.ch\/#\/schema\/logo\/image\/"},"sameAs":["https:\/\/www.facebook.com\/OrganisatorFachmagazin","https:\/\/www.linkedin.com\/showcase\/organisator-das-magazin-fr-kmu","https:\/\/www.xing.com\/news\/pages\/organisator-ch-695","https:\/\/www.youtube.com\/channel\/UCGP2Sq0iWaZwT3BdIAQFYpw"]},{"@type":"Person","@id":"https:\/\/www.organisator.ch\/#\/schema\/person\/4e51799071cd2dd1232ac003643ef5f0","name":"galledia","image":{"@type":"ImageObject","inLanguage":"fr-FR","@id":"https:\/\/secure.gravatar.com\/avatar\/78a7f90c01fc2bfc875782a0d4922b37cde2cf184ce347b91316d23cd7f69a36?s=96&d=mm&r=g","url":"https:\/\/secure.gravatar.com\/avatar\/78a7f90c01fc2bfc875782a0d4922b37cde2cf184ce347b91316d23cd7f69a36?s=96&d=mm&r=g","contentUrl":"https:\/\/secure.gravatar.com\/avatar\/78a7f90c01fc2bfc875782a0d4922b37cde2cf184ce347b91316d23cd7f69a36?s=96&d=mm&r=g","caption":"galledia"},"sameAs":["https:\/\/x.com\/admin"],"url":"https:\/\/www.organisator.ch\/fr\/author\/galledia\/"}]}},"_links":{"self":[{"href":"https:\/\/www.organisator.ch\/fr\/wp-json\/wp\/v2\/posts\/37449","targetHints":{"allow":["GET"]}}],"collection":[{"href":"https:\/\/www.organisator.ch\/fr\/wp-json\/wp\/v2\/posts"}],"about":[{"href":"https:\/\/www.organisator.ch\/fr\/wp-json\/wp\/v2\/types\/post"}],"author":[{"embeddable":true,"href":"https:\/\/www.organisator.ch\/fr\/wp-json\/wp\/v2\/users\/8"}],"replies":[{"embeddable":true,"href":"https:\/\/www.organisator.ch\/fr\/wp-json\/wp\/v2\/comments?post=37449"}],"version-history":[{"count":6,"href":"https:\/\/www.organisator.ch\/fr\/wp-json\/wp\/v2\/posts\/37449\/revisions"}],"predecessor-version":[{"id":37481,"href":"https:\/\/www.organisator.ch\/fr\/wp-json\/wp\/v2\/posts\/37449\/revisions\/37481"}],"wp:attachment":[{"href":"https:\/\/www.organisator.ch\/fr\/wp-json\/wp\/v2\/media?parent=37449"}],"wp:term":[{"taxonomy":"category","embeddable":true,"href":"https:\/\/www.organisator.ch\/fr\/wp-json\/wp\/v2\/categories?post=37449"},{"taxonomy":"post_tag","embeddable":true,"href":"https:\/\/www.organisator.ch\/fr\/wp-json\/wp\/v2\/tags?post=37449"}],"curies":[{"name":"wp","href":"https:\/\/api.w.org\/{rel}","templated":true}]}}