{"id":37466,"date":"2025-04-07T08:10:47","date_gmt":"2025-04-07T06:10:47","guid":{"rendered":"https:\/\/www.markt-kom.com\/?p=232984"},"modified":"2025-04-07T08:06:18","modified_gmt":"2025-04-07T06:06:18","slug":"the-winner-takes-it-all","status":"publish","type":"post","link":"https:\/\/www.organisator.ch\/fr\/marketing\/2025-04-07\/the-winner-takes-it-all\/","title":{"rendered":"\"The Winner takes it All\""},"content":{"rendered":"<p><iframe title=\"&quot;The Winner takes it All&quot; - After Movie avec Winner Case des &quot;Best of Swiss Web&quot; Awards 2025\" src=\"https:\/\/www.youtube.com\/embed\/v8S4qle9fxE?feature=oembed\" width=\"768\" height=\"432\" frameborder=\"0\" allowfullscreen=\"allowfullscreen\"><\/iframe><\/p>\r\n<p class=\"\" data-start=\"641\" data-end=\"1250\">Avec le projet <a href=\"https:\/\/www.buchermunicipal.com\/ch\/de\/service\/bucher-connect\" rel=\"noopener\">\"Plate-forme de services Bucher Connect\"<\/a> Bucher Municipal a r\u00e9ussi un coup qui a fait sensation. L'\u00e9quipe a convaincu \u00e0 trois reprises les jurys d'experts - dans les cat\u00e9gories \"Marketing\", \"Productivit\u00e9\" et \"Technologie\". La r\u00e9compense : trois m\u00e9dailles d'or. Et ce n'est pas tout. Lors du vote final, le projet et ses partenaires de mise en \u0153uvre Eyekon et Intelliact se sont \u00e9galement impos\u00e9s aupr\u00e8s du public - et ont remport\u00e9 le premier prix. <a href=\"https:\/\/www.organisator.ch\/de\/marketing\/2025-04-03\/bucher-ist-master-of-swiss-web-crossmedia-award-fuer-arosa-tourismus\/\">Le titre de \"Master of Swiss Web 2025\" a \u00e9t\u00e9 d\u00e9cern\u00e9 \u00e0 Bucher Municipal.<\/a> Le jury, la communaut\u00e9 et le public de la salle ont \u00e9t\u00e9 unanimes : cette performance est exceptionnelle.<\/p>\r\n<h3 data-start=\"641\" data-end=\"1250\">\"Rep\u00e8re pour la gestion num\u00e9rique de la flotte\"<\/h3>\r\n<p class=\"\" data-start=\"1252\" data-end=\"1920\">La \"plateforme de service Bucher Connect\" offre aux communes un aper\u00e7u pr\u00e9cis de l'utilisation, de l'\u00e9tat et de l'emplacement de leurs v\u00e9hicules - que ce soit pour le nettoyage, le service hivernal ou l'\u00e9limination des d\u00e9chets. Daniel Liebhart, pr\u00e9sident du jury de la cat\u00e9gorie \"Technology\", a parl\u00e9 d'un \"benchmark pour la gestion num\u00e9rique des flottes\" et d'un \"exemple parfait de 'l'Internet des objets tel que nous le souhaitons'\". Le jury marketing a vu dans la plate-forme un \"projet phare pour un marketing d'avant-garde\". Et Rafael Perez S\u00fcess, pr\u00e9sident du jury de la cat\u00e9gorie \"Productivit\u00e9\", a soulign\u00e9 dans son \u00e9loge que la commande des v\u00e9hicules bas\u00e9e sur l'IoT \u00e9tait particuli\u00e8rement utile.<\/p>\r\n<figure id=\"attachment_232988\" class=\"wp-caption alignnone\" style=\"width: 1024px;\" aria-describedby=\"caption-attachment-232988\"><a href=\"https:\/\/www.markt-kom.com\/wp-content\/uploads\/2025\/04\/Bucher-Connect-iOT-Loesung.jpg\"><img class=\"size-full wp-image-232988\" src=\"https:\/\/www.markt-kom.com\/wp-content\/uploads\/2025\/04\/Bucher-Connect-iOT-Loesung.jpg\" sizes=\"(max-width: 1024px) 100vw, 1024px\" srcset=\"https:\/\/www.markt-kom.com\/wp-content\/uploads\/2025\/04\/Bucher-Connect-iOT-Loesung.jpg 1024w, https:\/\/www.markt-kom.com\/wp-content\/uploads\/2025\/04\/Bucher-Connect-iOT-Loesung-600x316.jpg 600w, https:\/\/www.markt-kom.com\/wp-content\/uploads\/2025\/04\/Bucher-Connect-iOT-Loesung-768x404.jpg 768w, https:\/\/www.markt-kom.com\/wp-content\/uploads\/2025\/04\/Bucher-Connect-iOT-Loesung-18x9.jpg 18w, https:\/\/www.markt-kom.com\/wp-content\/uploads\/2025\/04\/Bucher-Connect-iOT-Loesung-332x175.jpg 332w, https:\/\/www.markt-kom.com\/wp-content\/uploads\/2025\/04\/Bucher-Connect-iOT-Loesung-665x350.jpg 665w, https:\/\/www.markt-kom.com\/wp-content\/uploads\/2025\/04\/Bucher-Connect-iOT-Loesung-1000x526.jpg 1000w\" alt=\"\" width=\"1024\" height=\"539\" \/><\/a>\r\n<figcaption id=\"caption-attachment-232988\" class=\"wp-caption-text\">Solution iOT Bucher Connect<\/figcaption>\r\n<\/figure>\r\n<h3 data-start=\"1252\" data-end=\"1920\">Donn\u00e9es IoT en temps r\u00e9el<\/h3>\r\n<p class=\"\" data-start=\"1922\" data-end=\"2238\">Le prix \"Best of Swiss Web\" r\u00e9compense des prestations num\u00e9riques de pointe - et c'est pr\u00e9cis\u00e9ment le cas de la \"plateforme de services Bucher Connect\". Elle aide les villes et les communes \u00e0 remplir leur mission publique de mani\u00e8re efficace, durable et \u00e9conomique gr\u00e2ce \u00e0 des donn\u00e9es IoT intelligentes en temps r\u00e9el - pour des villes propres et s\u00fbres.<\/p>\r\n<figure id=\"attachment_232989\" class=\"wp-caption alignnone\" style=\"width: 1024px;\" aria-describedby=\"caption-attachment-232989\"><a href=\"https:\/\/www.markt-kom.com\/wp-content\/uploads\/2025\/04\/2.png\"><img class=\"size-full wp-image-232989\" src=\"https:\/\/www.markt-kom.com\/wp-content\/uploads\/2025\/04\/2.png\" sizes=\"(max-width: 1024px) 100vw, 1024px\" srcset=\"https:\/\/www.markt-kom.com\/wp-content\/uploads\/2025\/04\/2.png 1024w, https:\/\/www.markt-kom.com\/wp-content\/uploads\/2025\/04\/2-600x450.png 600w, https:\/\/www.markt-kom.com\/wp-content\/uploads\/2025\/04\/2-768x576.png 768w, https:\/\/www.markt-kom.com\/wp-content\/uploads\/2025\/04\/2-16x12.png 16w, https:\/\/www.markt-kom.com\/wp-content\/uploads\/2025\/04\/2-233x175.png 233w, https:\/\/www.markt-kom.com\/wp-content\/uploads\/2025\/04\/2-467x350.png 467w, https:\/\/www.markt-kom.com\/wp-content\/uploads\/2025\/04\/2-1000x750.png 1000w\" alt=\"\" width=\"1024\" height=\"768\" \/><\/a>\r\n<figcaption id=\"caption-attachment-232989\" class=\"wp-caption-text\">Roland Fr\u00f6hlich, Bucher Municipal avec le pr\u00e9sentateur Marco Fritsche lors de l'interview du vainqueur<\/figcaption>\r\n<\/figure>\r\n<p class=\"\" data-start=\"2240\" data-end=\"2784\">Dans la vid\u00e9o, Roland Schuler, directeur IoT &amp; Digital Services Platform chez Bucher Municipal, explique l'objectif du projet : augmenter de mani\u00e8re mesurable la productivit\u00e9 des flottes de v\u00e9hicules communales, avec l'aide du num\u00e9rique. La plateforme montre comment une technologie intelligente peut aider \u00e0 optimiser les processus et \u00e0 utiliser les ressources \u00e0 bon escient. Bucher Municipal ne se consid\u00e8re pas seulement comme un fournisseur, mais aussi comme un partenaire d'\u00e9gal \u00e0 \u00e9gal - en collaboration avec ses clients, pour un avenir plus intelligent dans l'espace urbain.<\/p>\r\n<p class=\"\" data-start=\"2786\" data-end=\"3061\">Trois fois l'or et le titre de \"Master of Swiss Web\" : Cette distinction est embl\u00e9matique de la force d'innovation et de la qualit\u00e9 avec lesquelles Bucher Municipal pose des jalons dans le domaine de la gestion num\u00e9rique de la flotte. Un triomphe m\u00e9rit\u00e9 - et un signal fort pour la branche.<\/p>","protected":false},"excerpt":{"rendered":"<p>La c\u00e9r\u00e9monie de remise des prix \"Best of Swiss Web\" \u00e0 D\u00fcbendorf a donn\u00e9 un grand gagnant : Bucher Municipal. Une vid\u00e9o capte l'ambiance et le triple triomphe en or de leur projet \"Bucher Connect Service Platform\" - couronn\u00e9 par le titre de \"Master of Swiss Web 2025\".<\/p>","protected":false},"author":8,"featured_media":0,"comment_status":"closed","ping_status":"closed","sticky":false,"template":"","format":"standard","meta":{"_acf_changed":false,"_yoast_wpseo_focuskw":"The Winner","_yoast_wpseo_metadesc":"Die feierliche Verleihung der \u00abBest of Swiss Web\u00bb-Awards in D\u00fcbendorf hat geliefert: Bucher Municipal ist \"The Winner\".","articlekey":"","footnotes":""},"categories":[29],"tags":[66,4215],"class_list":["post-37466","post","type-post","status-publish","format-standard","hentry","category-marketing","tag-awards","tag-best-of-swiss-web"],"acf":[],"yoast_head":"<!-- This site is optimized with the Yoast SEO plugin v27.5 - https:\/\/yoast.com\/product\/yoast-seo-wordpress\/ -->\n<title>\u00abThe Winner takes it All\u00bb - Organisator<\/title>\n<meta name=\"description\" content=\"Die feierliche Verleihung der \u00abBest of Swiss Web\u00bb-Awards in D\u00fcbendorf hat geliefert: Bucher Municipal ist &quot;The Winner&quot;.\" \/>\n<meta name=\"robots\" content=\"index, follow, max-snippet:-1, max-image-preview:large, max-video-preview:-1\" \/>\n<link rel=\"canonical\" href=\"https:\/\/www.organisator.ch\/fr\/marketing\/2025-04-07\/the-winner-takes-it-all\/\" \/>\n<meta property=\"og:locale\" content=\"fr_FR\" \/>\n<meta property=\"og:type\" content=\"article\" \/>\n<meta property=\"og:title\" content=\"\u00abThe Winner takes it All\u00bb - Organisator\" \/>\n<meta property=\"og:description\" content=\"Die feierliche Verleihung der \u00abBest of Swiss Web\u00bb-Awards in D\u00fcbendorf hat geliefert: Bucher Municipal ist &quot;The Winner&quot;.\" \/>\n<meta property=\"og:url\" content=\"https:\/\/www.organisator.ch\/fr\/marketing\/2025-04-07\/the-winner-takes-it-all\/\" \/>\n<meta property=\"og:site_name\" content=\"Organisator\" \/>\n<meta property=\"article:publisher\" content=\"https:\/\/www.facebook.com\/OrganisatorFachmagazin\" \/>\n<meta property=\"article:published_time\" content=\"2025-04-07T06:10:47+00:00\" \/>\n<meta name=\"author\" content=\"galledia\" \/>\n<meta name=\"twitter:card\" content=\"summary_large_image\" \/>\n<meta name=\"twitter:creator\" content=\"@admin\" \/>\n<script type=\"application\/ld+json\" class=\"yoast-schema-graph\">{\"@context\":\"https:\\\/\\\/schema.org\",\"@graph\":[{\"@type\":\"Article\",\"@id\":\"https:\\\/\\\/www.organisator.ch\\\/marketing\\\/2025-04-07\\\/the-winner-takes-it-all\\\/#article\",\"isPartOf\":{\"@id\":\"https:\\\/\\\/www.organisator.ch\\\/marketing\\\/2025-04-07\\\/the-winner-takes-it-all\\\/\"},\"author\":{\"name\":\"galledia\",\"@id\":\"https:\\\/\\\/www.organisator.ch\\\/#\\\/schema\\\/person\\\/4e51799071cd2dd1232ac003643ef5f0\"},\"headline\":\"\u00abThe Winner takes it All\u00bb\",\"datePublished\":\"2025-04-07T06:10:47+00:00\",\"mainEntityOfPage\":{\"@id\":\"https:\\\/\\\/www.organisator.ch\\\/marketing\\\/2025-04-07\\\/the-winner-takes-it-all\\\/\"},\"wordCount\":363,\"publisher\":{\"@id\":\"https:\\\/\\\/www.organisator.ch\\\/#organization\"},\"image\":{\"@id\":\"https:\\\/\\\/www.organisator.ch\\\/marketing\\\/2025-04-07\\\/the-winner-takes-it-all\\\/#primaryimage\"},\"thumbnailUrl\":\"https:\\\/\\\/www.markt-kom.com\\\/wp-content\\\/uploads\\\/2025\\\/04\\\/Bucher-Connect-iOT-Loesung.jpg\",\"keywords\":[\"Awards\",\"Best of Swiss Web\"],\"articleSection\":[\"MARKETING\"],\"inLanguage\":\"fr-FR\"},{\"@type\":\"WebPage\",\"@id\":\"https:\\\/\\\/www.organisator.ch\\\/marketing\\\/2025-04-07\\\/the-winner-takes-it-all\\\/\",\"url\":\"https:\\\/\\\/www.organisator.ch\\\/marketing\\\/2025-04-07\\\/the-winner-takes-it-all\\\/\",\"name\":\"\u00abThe Winner takes it All\u00bb - Organisator\",\"isPartOf\":{\"@id\":\"https:\\\/\\\/www.organisator.ch\\\/#website\"},\"primaryImageOfPage\":{\"@id\":\"https:\\\/\\\/www.organisator.ch\\\/marketing\\\/2025-04-07\\\/the-winner-takes-it-all\\\/#primaryimage\"},\"image\":{\"@id\":\"https:\\\/\\\/www.organisator.ch\\\/marketing\\\/2025-04-07\\\/the-winner-takes-it-all\\\/#primaryimage\"},\"thumbnailUrl\":\"https:\\\/\\\/www.markt-kom.com\\\/wp-content\\\/uploads\\\/2025\\\/04\\\/Bucher-Connect-iOT-Loesung.jpg\",\"datePublished\":\"2025-04-07T06:10:47+00:00\",\"description\":\"Die feierliche Verleihung der \u00abBest of Swiss Web\u00bb-Awards in D\u00fcbendorf hat geliefert: Bucher Municipal ist \\\"The Winner\\\".\",\"breadcrumb\":{\"@id\":\"https:\\\/\\\/www.organisator.ch\\\/marketing\\\/2025-04-07\\\/the-winner-takes-it-all\\\/#breadcrumb\"},\"inLanguage\":\"fr-FR\",\"potentialAction\":[{\"@type\":\"ReadAction\",\"target\":[\"https:\\\/\\\/www.organisator.ch\\\/marketing\\\/2025-04-07\\\/the-winner-takes-it-all\\\/\"]}]},{\"@type\":\"ImageObject\",\"inLanguage\":\"fr-FR\",\"@id\":\"https:\\\/\\\/www.organisator.ch\\\/marketing\\\/2025-04-07\\\/the-winner-takes-it-all\\\/#primaryimage\",\"url\":\"https:\\\/\\\/www.markt-kom.com\\\/wp-content\\\/uploads\\\/2025\\\/04\\\/Bucher-Connect-iOT-Loesung.jpg\",\"contentUrl\":\"https:\\\/\\\/www.markt-kom.com\\\/wp-content\\\/uploads\\\/2025\\\/04\\\/Bucher-Connect-iOT-Loesung.jpg\"},{\"@type\":\"BreadcrumbList\",\"@id\":\"https:\\\/\\\/www.organisator.ch\\\/marketing\\\/2025-04-07\\\/the-winner-takes-it-all\\\/#breadcrumb\",\"itemListElement\":[{\"@type\":\"ListItem\",\"position\":1,\"name\":\"Home\",\"item\":\"https:\\\/\\\/www.organisator.ch\\\/\"},{\"@type\":\"ListItem\",\"position\":2,\"name\":\"\u00abThe Winner takes it All\u00bb\"}]},{\"@type\":\"WebSite\",\"@id\":\"https:\\\/\\\/www.organisator.ch\\\/#website\",\"url\":\"https:\\\/\\\/www.organisator.ch\\\/\",\"name\":\"Organisator\",\"description\":\"Kompetent. Praxisnah. Der ORGANISATOR bereitet in 10 Ausgaben pro Jahr die wesentlichen Themen f\u00fcr F\u00fchrungskr\u00e4fte von KMU auf.\",\"publisher\":{\"@id\":\"https:\\\/\\\/www.organisator.ch\\\/#organization\"},\"potentialAction\":[{\"@type\":\"SearchAction\",\"target\":{\"@type\":\"EntryPoint\",\"urlTemplate\":\"https:\\\/\\\/www.organisator.ch\\\/?s={search_term_string}\"},\"query-input\":{\"@type\":\"PropertyValueSpecification\",\"valueRequired\":true,\"valueName\":\"search_term_string\"}}],\"inLanguage\":\"fr-FR\"},{\"@type\":\"Organization\",\"@id\":\"https:\\\/\\\/www.organisator.ch\\\/#organization\",\"name\":\"Organisator\",\"url\":\"https:\\\/\\\/www.organisator.ch\\\/\",\"logo\":{\"@type\":\"ImageObject\",\"inLanguage\":\"fr-FR\",\"@id\":\"https:\\\/\\\/www.organisator.ch\\\/#\\\/schema\\\/logo\\\/image\\\/\",\"url\":\"https:\\\/\\\/www.organisator.ch\\\/wp-content\\\/uploads\\\/2022\\\/01\\\/Logo_Organisator_Website.png\",\"contentUrl\":\"https:\\\/\\\/www.organisator.ch\\\/wp-content\\\/uploads\\\/2022\\\/01\\\/Logo_Organisator_Website.png\",\"width\":800,\"height\":77,\"caption\":\"Organisator\"},\"image\":{\"@id\":\"https:\\\/\\\/www.organisator.ch\\\/#\\\/schema\\\/logo\\\/image\\\/\"},\"sameAs\":[\"https:\\\/\\\/www.facebook.com\\\/OrganisatorFachmagazin\",\"https:\\\/\\\/www.linkedin.com\\\/showcase\\\/organisator-das-magazin-fr-kmu\",\"https:\\\/\\\/www.xing.com\\\/news\\\/pages\\\/organisator-ch-695\",\"https:\\\/\\\/www.youtube.com\\\/channel\\\/UCGP2Sq0iWaZwT3BdIAQFYpw\"]},{\"@type\":\"Person\",\"@id\":\"https:\\\/\\\/www.organisator.ch\\\/#\\\/schema\\\/person\\\/4e51799071cd2dd1232ac003643ef5f0\",\"name\":\"galledia\",\"image\":{\"@type\":\"ImageObject\",\"inLanguage\":\"fr-FR\",\"@id\":\"https:\\\/\\\/secure.gravatar.com\\\/avatar\\\/78a7f90c01fc2bfc875782a0d4922b37cde2cf184ce347b91316d23cd7f69a36?s=96&d=mm&r=g\",\"url\":\"https:\\\/\\\/secure.gravatar.com\\\/avatar\\\/78a7f90c01fc2bfc875782a0d4922b37cde2cf184ce347b91316d23cd7f69a36?s=96&d=mm&r=g\",\"contentUrl\":\"https:\\\/\\\/secure.gravatar.com\\\/avatar\\\/78a7f90c01fc2bfc875782a0d4922b37cde2cf184ce347b91316d23cd7f69a36?s=96&d=mm&r=g\",\"caption\":\"galledia\"},\"sameAs\":[\"https:\\\/\\\/x.com\\\/admin\"],\"url\":\"https:\\\/\\\/www.organisator.ch\\\/fr\\\/author\\\/galledia\\\/\"}]}<\/script>\n<!-- \/ Yoast SEO plugin. -->","yoast_head_json":{"title":"\"The Winner takes it All\" - Organisateur","description":"La c\u00e9r\u00e9monie de remise des prix \"Best of Swiss Web\" \u00e0 D\u00fcbendorf a livr\u00e9 son verdict : Bucher Municipal est \"The Winner\".","robots":{"index":"index","follow":"follow","max-snippet":"max-snippet:-1","max-image-preview":"max-image-preview:large","max-video-preview":"max-video-preview:-1"},"canonical":"https:\/\/www.organisator.ch\/fr\/marketing\/2025-04-07\/the-winner-takes-it-all\/","og_locale":"fr_FR","og_type":"article","og_title":"\u00abThe Winner takes it All\u00bb - Organisator","og_description":"Die feierliche Verleihung der \u00abBest of Swiss Web\u00bb-Awards in D\u00fcbendorf hat geliefert: Bucher Municipal ist \"The Winner\".","og_url":"https:\/\/www.organisator.ch\/fr\/marketing\/2025-04-07\/the-winner-takes-it-all\/","og_site_name":"Organisator","article_publisher":"https:\/\/www.facebook.com\/OrganisatorFachmagazin","article_published_time":"2025-04-07T06:10:47+00:00","author":"galledia","twitter_card":"summary_large_image","twitter_creator":"@admin","schema":{"@context":"https:\/\/schema.org","@graph":[{"@type":"Article","@id":"https:\/\/www.organisator.ch\/marketing\/2025-04-07\/the-winner-takes-it-all\/#article","isPartOf":{"@id":"https:\/\/www.organisator.ch\/marketing\/2025-04-07\/the-winner-takes-it-all\/"},"author":{"name":"galledia","@id":"https:\/\/www.organisator.ch\/#\/schema\/person\/4e51799071cd2dd1232ac003643ef5f0"},"headline":"\u00abThe Winner takes it All\u00bb","datePublished":"2025-04-07T06:10:47+00:00","mainEntityOfPage":{"@id":"https:\/\/www.organisator.ch\/marketing\/2025-04-07\/the-winner-takes-it-all\/"},"wordCount":363,"publisher":{"@id":"https:\/\/www.organisator.ch\/#organization"},"image":{"@id":"https:\/\/www.organisator.ch\/marketing\/2025-04-07\/the-winner-takes-it-all\/#primaryimage"},"thumbnailUrl":"https:\/\/www.markt-kom.com\/wp-content\/uploads\/2025\/04\/Bucher-Connect-iOT-Loesung.jpg","keywords":["Awards","Best of Swiss Web"],"articleSection":["MARKETING"],"inLanguage":"fr-FR"},{"@type":"WebPage","@id":"https:\/\/www.organisator.ch\/marketing\/2025-04-07\/the-winner-takes-it-all\/","url":"https:\/\/www.organisator.ch\/marketing\/2025-04-07\/the-winner-takes-it-all\/","name":"\"The Winner takes it All\" - Organisateur","isPartOf":{"@id":"https:\/\/www.organisator.ch\/#website"},"primaryImageOfPage":{"@id":"https:\/\/www.organisator.ch\/marketing\/2025-04-07\/the-winner-takes-it-all\/#primaryimage"},"image":{"@id":"https:\/\/www.organisator.ch\/marketing\/2025-04-07\/the-winner-takes-it-all\/#primaryimage"},"thumbnailUrl":"https:\/\/www.markt-kom.com\/wp-content\/uploads\/2025\/04\/Bucher-Connect-iOT-Loesung.jpg","datePublished":"2025-04-07T06:10:47+00:00","description":"La c\u00e9r\u00e9monie de remise des prix \"Best of Swiss Web\" \u00e0 D\u00fcbendorf a livr\u00e9 son verdict : Bucher Municipal est \"The Winner\".","breadcrumb":{"@id":"https:\/\/www.organisator.ch\/marketing\/2025-04-07\/the-winner-takes-it-all\/#breadcrumb"},"inLanguage":"fr-FR","potentialAction":[{"@type":"ReadAction","target":["https:\/\/www.organisator.ch\/marketing\/2025-04-07\/the-winner-takes-it-all\/"]}]},{"@type":"ImageObject","inLanguage":"fr-FR","@id":"https:\/\/www.organisator.ch\/marketing\/2025-04-07\/the-winner-takes-it-all\/#primaryimage","url":"https:\/\/www.markt-kom.com\/wp-content\/uploads\/2025\/04\/Bucher-Connect-iOT-Loesung.jpg","contentUrl":"https:\/\/www.markt-kom.com\/wp-content\/uploads\/2025\/04\/Bucher-Connect-iOT-Loesung.jpg"},{"@type":"BreadcrumbList","@id":"https:\/\/www.organisator.ch\/marketing\/2025-04-07\/the-winner-takes-it-all\/#breadcrumb","itemListElement":[{"@type":"ListItem","position":1,"name":"Home","item":"https:\/\/www.organisator.ch\/"},{"@type":"ListItem","position":2,"name":"\u00abThe Winner takes it All\u00bb"}]},{"@type":"WebSite","@id":"https:\/\/www.organisator.ch\/#website","url":"https:\/\/www.organisator.ch\/","name":"Organisateur","description":"Comp\u00e9tence et comp\u00e9tence. Proches de la pratique. L'ORGANISATEUR pr\u00e9pare 10 num\u00e9ros par an sur les th\u00e8mes essentiels pour les dirigeants de PME.","publisher":{"@id":"https:\/\/www.organisator.ch\/#organization"},"potentialAction":[{"@type":"SearchAction","target":{"@type":"EntryPoint","urlTemplate":"https:\/\/www.organisator.ch\/?s={search_term_string}"},"query-input":{"@type":"PropertyValueSpecification","valueRequired":true,"valueName":"search_term_string"}}],"inLanguage":"fr-FR"},{"@type":"Organization","@id":"https:\/\/www.organisator.ch\/#organization","name":"Organisateur","url":"https:\/\/www.organisator.ch\/","logo":{"@type":"ImageObject","inLanguage":"fr-FR","@id":"https:\/\/www.organisator.ch\/#\/schema\/logo\/image\/","url":"https:\/\/www.organisator.ch\/wp-content\/uploads\/2022\/01\/Logo_Organisator_Website.png","contentUrl":"https:\/\/www.organisator.ch\/wp-content\/uploads\/2022\/01\/Logo_Organisator_Website.png","width":800,"height":77,"caption":"Organisator"},"image":{"@id":"https:\/\/www.organisator.ch\/#\/schema\/logo\/image\/"},"sameAs":["https:\/\/www.facebook.com\/OrganisatorFachmagazin","https:\/\/www.linkedin.com\/showcase\/organisator-das-magazin-fr-kmu","https:\/\/www.xing.com\/news\/pages\/organisator-ch-695","https:\/\/www.youtube.com\/channel\/UCGP2Sq0iWaZwT3BdIAQFYpw"]},{"@type":"Person","@id":"https:\/\/www.organisator.ch\/#\/schema\/person\/4e51799071cd2dd1232ac003643ef5f0","name":"galledia","image":{"@type":"ImageObject","inLanguage":"fr-FR","@id":"https:\/\/secure.gravatar.com\/avatar\/78a7f90c01fc2bfc875782a0d4922b37cde2cf184ce347b91316d23cd7f69a36?s=96&d=mm&r=g","url":"https:\/\/secure.gravatar.com\/avatar\/78a7f90c01fc2bfc875782a0d4922b37cde2cf184ce347b91316d23cd7f69a36?s=96&d=mm&r=g","contentUrl":"https:\/\/secure.gravatar.com\/avatar\/78a7f90c01fc2bfc875782a0d4922b37cde2cf184ce347b91316d23cd7f69a36?s=96&d=mm&r=g","caption":"galledia"},"sameAs":["https:\/\/x.com\/admin"],"url":"https:\/\/www.organisator.ch\/fr\/author\/galledia\/"}]}},"_links":{"self":[{"href":"https:\/\/www.organisator.ch\/fr\/wp-json\/wp\/v2\/posts\/37466","targetHints":{"allow":["GET"]}}],"collection":[{"href":"https:\/\/www.organisator.ch\/fr\/wp-json\/wp\/v2\/posts"}],"about":[{"href":"https:\/\/www.organisator.ch\/fr\/wp-json\/wp\/v2\/types\/post"}],"author":[{"embeddable":true,"href":"https:\/\/www.organisator.ch\/fr\/wp-json\/wp\/v2\/users\/8"}],"replies":[{"embeddable":true,"href":"https:\/\/www.organisator.ch\/fr\/wp-json\/wp\/v2\/comments?post=37466"}],"version-history":[{"count":6,"href":"https:\/\/www.organisator.ch\/fr\/wp-json\/wp\/v2\/posts\/37466\/revisions"}],"predecessor-version":[{"id":37480,"href":"https:\/\/www.organisator.ch\/fr\/wp-json\/wp\/v2\/posts\/37466\/revisions\/37480"}],"wp:attachment":[{"href":"https:\/\/www.organisator.ch\/fr\/wp-json\/wp\/v2\/media?parent=37466"}],"wp:term":[{"taxonomy":"category","embeddable":true,"href":"https:\/\/www.organisator.ch\/fr\/wp-json\/wp\/v2\/categories?post=37466"},{"taxonomy":"post_tag","embeddable":true,"href":"https:\/\/www.organisator.ch\/fr\/wp-json\/wp\/v2\/tags?post=37466"}],"curies":[{"name":"wp","href":"https:\/\/api.w.org\/{rel}","templated":true}]}}