{"id":37491,"date":"2025-04-08T04:39:04","date_gmt":"2025-04-08T02:39:04","guid":{"rendered":"https:\/\/www.organisator.ch\/?p=37491"},"modified":"2025-04-07T14:52:39","modified_gmt":"2025-04-07T12:52:39","slug":"internationales-kickstart-innovation-programm-startet-zum-10-mal","status":"publish","type":"post","link":"https:\/\/www.organisator.ch\/fr\/management\/2025-04-08\/internationales-kickstart-innovation-programm-startet-zum-10-mal\/","title":{"rendered":"Le programme international Kickstart Innovation d\u00e9marre pour la 10e fois"},"content":{"rendered":"<figure id=\"attachment_37492\" aria-describedby=\"caption-attachment-37492\" style=\"width: 680px\" class=\"wp-caption alignnone\"><img loading=\"lazy\" decoding=\"async\" class=\"size-full wp-image-37492\" src=\"https:\/\/www.organisator.ch\/wp-content\/uploads\/2025\/04\/Internationales-Kickstart-Innovation-Programm-startet-zum-10-Mal_Organisator.jpg\" alt=\"\" width=\"680\" height=\"454\" srcset=\"https:\/\/www.organisator.ch\/wp-content\/uploads\/2025\/04\/Internationales-Kickstart-Innovation-Programm-startet-zum-10-Mal_Organisator.jpg 680w, https:\/\/www.organisator.ch\/wp-content\/uploads\/2025\/04\/Internationales-Kickstart-Innovation-Programm-startet-zum-10-Mal_Organisator-18x12.jpg 18w, https:\/\/www.organisator.ch\/wp-content\/uploads\/2025\/04\/Internationales-Kickstart-Innovation-Programm-startet-zum-10-Mal_Organisator-375x250.jpg 375w, https:\/\/www.organisator.ch\/wp-content\/uploads\/2025\/04\/Internationales-Kickstart-Innovation-Programm-startet-zum-10-Mal_Organisator-524x350.jpg 524w\" sizes=\"auto, (max-width: 680px) 100vw, 680px\" \/><figcaption id=\"caption-attachment-37492\" class=\"wp-caption-text\">Pour la 10e fois, le programme Kickstart Innovation a ouvert la phase de candidature. (Image : Pixabay.com)<\/figcaption><\/figure>\n<p>Les entreprises suisses ne progressent que lentement dans l'introduction de l'IA par rapport \u00e0 d'autres pays, rapporte la plateforme internationale d'innovation ouverte \u00e0 capital z\u00e9ro Kickstart. \"Les services d'IA comme ChatGPT font certes des progr\u00e8s, mais il manque souvent des solutions sp\u00e9cifiques aux entreprises, bas\u00e9es sur des mod\u00e8les auto-entra\u00een\u00e9s et des donn\u00e9es propri\u00e9taires\", explique la cofondatrice et CEO Katka Letzing. Selon une <a href=\"https:\/\/ethz.ch\/en\/news-and-events\/eth-news\/news\/2024\/06\/ai-reality-lags-the-hype-in-swiss-tech-industries.html\">Enqu\u00eate de l'ETH<\/a> parmi 200 entreprises technologiques suisses, seule une entreprise sur dix utilise ou pilote l'IA. L'\u00e9tude a r\u00e9v\u00e9l\u00e9 que le manque d'acc\u00e8s \u00e0 l'expertise en IA constitue actuellement le plus grand obstacle pour le secteur technologique suisse. Les entreprises et les start-ups peuvent profiter de la m\u00eame mani\u00e8re du nouveau programme Kickstart, dont la phase de candidature vient d'\u00eatre lanc\u00e9e. Pendant les neuf semaines du programme de cette ann\u00e9e \u00e0 Zurich, des start-ups s\u00e9lectionn\u00e9es dans cinq secteurs rencontrent des entreprises, des organisations et des institutions de premier plan et travaillent ensemble sur de nouvelles id\u00e9es et technologies ainsi que sur des approches commerciales cr\u00e9atives qui devraient renforcer leur force d'innovation et leur ouvrir de nouvelles opportunit\u00e9s de croissance. L'ann\u00e9e derni\u00e8re, 95 % des start-ups avaient d\u00e9j\u00e0 int\u00e9gr\u00e9 l'IA dans leurs solutions. Parmi les entreprises partenaires du programme figurent AXA, Coop, Swisscom, la Mobili\u00e8re, MSD, PostFinance, Romande Energie, Sanitas, La ville de Zurich, Innovaud et d'autres.<\/p>\n<h3>Des id\u00e9es entrepreneuriales mises en \u0153uvre avec succ\u00e8s<\/h3>\n<p>Depuis 2015, Kickstart a soutenu plus de 490 start-ups et \u00e9quipes d'intrapreneurship et a permis de conclure plus de 340 deals et preuves de concept, ainsi que d'autres transactions commerciales. D'anciens participants tels que <a href=\"https:\/\/ch.eatplanted.com\/?srsltid=AfmBOorE8kPkl6TkzCGrDPZNjOT_jXOSlRNSrdNtmQKJyjmLCmT0ydzy\">Planted<\/a>, <a href=\"https:\/\/www.neustark.com\/de\">Neustark<\/a> et <a href=\"https:\/\/www.kern-tec.com\/en\/\">KernTec<\/a> ont transform\u00e9 leurs id\u00e9es en entreprises prosp\u00e8res qui occupent aujourd'hui des positions de leader sur leurs march\u00e9s. Planted est en train de r\u00e9volutionner le march\u00e9 des alternatives \u00e0 la viande v\u00e9g\u00e9tale, Neustark contribue \u00e0 la r\u00e9duction des \u00e9missions de CO<sub>2<\/sub>-KernTec transforme les d\u00e9chets de noyaux de fruits en mati\u00e8res premi\u00e8res durables. Au total, tous les alumni Kickstart ont g\u00e9n\u00e9r\u00e9 jusqu'\u00e0 pr\u00e9sent plus de 2,8 milliards de francs suisses de capital et ont r\u00e9ussi \u00e0 faire \u00e9voluer leurs produits.<\/p>\n<h3><strong>Les partenaires du programme Kickstart testent actuellement activement des solutions d'IA<\/strong><\/h3>\n<p>Selon une \u00e9valuation r\u00e9cente du programme Kickstart de l'ann\u00e9e derni\u00e8re, les applications d'IA \u00e9taient au c\u0153ur des solutions de 95 % des 41 start-ups participantes et \u00e9taient de plus en plus demand\u00e9es par les entreprises participantes pour les affaires. Les start-ups suivantes en sont un exemple <a href=\"https:\/\/join-hypt.com\/en\/home\/\">\"hypt\"<\/a> et <a href=\"https:\/\/www.multimodal.dev\/\">\"Multimodal\"<\/a>L'entreprise a conclu plusieurs accords avec des entreprises suisses de premier plan, dont la Mobili\u00e8re, Swisscom, PostFinance et Sanitas, gr\u00e2ce \u00e0 ses solutions bas\u00e9es sur les donn\u00e9es.<\/p>\n<p>Le programme Kickstart comprend cinq domaines th\u00e9matiques : Health &amp; Wellbeing, Finance &amp; Insurance (y compris Cybersecurity), Food &amp; Retail, New Work &amp; Learning et Smart Cities. Outre le programme d'innovation ouverte, Kickstart m\u00e8ne \u00e9galement le projet Mission 2030, qui porte sur des initiatives sp\u00e9cifiques visant \u00e0 soutenir les objectifs de durabilit\u00e9 \u00e0 long terme, tels que les impl\u00e9mentations d'IA pour l'impact, l'\u00e9conomie circulaire, l'inclusion et d'autres th\u00e8mes.<\/p>\n<p>La phase de candidature a d\u00e9but\u00e9 le 3 avril 2025 et invite les start-ups et les entreprises ambitieuses qui se consacrent \u00e0 l'innovation \u00e0 postuler et \u00e0 rejoindre l'\u00e9cosyst\u00e8me d'innovation Kickstart.<\/p>\n<p><em>Cliquez ici pour acc\u00e9der au <a href=\"https:\/\/startups.kickstart-innovation.com\/apply\">Lien de candidature<\/a> et d'autres informations sur la <a href=\"https:\/\/www.kickstart-innovation.com\/join\">Partenariat Kickstart<\/a><\/em><\/p>","protected":false},"excerpt":{"rendered":"<p>Le programme Kickstart Innovation ouvre pour la dixi\u00e8me fois la phase de candidature. L'ann\u00e9e derni\u00e8re, les applications d'IA constituaient l'axe d'application dans 95% des cas, 60% int\u00e9grant en outre la durabilit\u00e9 et l'\u00e9conomie circulaire comme \u00e9l\u00e9ments centraux dans les solutions pr\u00e9sent\u00e9es.<\/p>","protected":false},"author":4,"featured_media":37492,"comment_status":"closed","ping_status":"closed","sticky":false,"template":"","format":"standard","meta":{"_acf_changed":false,"_yoast_wpseo_focuskw":"Kickstart Innovation Programm","_yoast_wpseo_metadesc":"Das Kickstart Innovation Programm \u00f6ffnet zum zehnten Mal die Bewerbungsphase. Seit dem 3. April 2025 kann man sich bewerben.","articlekey":"","footnotes":""},"categories":[28],"tags":[274,335,451],"class_list":["post-37491","post","type-post","status-publish","format-standard","has-post-thumbnail","hentry","category-management","tag-innovation","tag-management-und-unternehmensfuehrung","tag-startups"],"acf":[],"yoast_head":"<!-- This site is optimized with the Yoast SEO plugin v27.5 - https:\/\/yoast.com\/product\/yoast-seo-wordpress\/ -->\n<title>Internationales Kickstart Innovation Programm startet zum 10. Mal - Organisator<\/title>\n<meta name=\"description\" content=\"Das Kickstart Innovation Programm \u00f6ffnet zum zehnten Mal die Bewerbungsphase. Seit dem 3. April 2025 kann man sich bewerben.\" \/>\n<meta name=\"robots\" content=\"index, follow, max-snippet:-1, max-image-preview:large, max-video-preview:-1\" \/>\n<link rel=\"canonical\" href=\"https:\/\/www.organisator.ch\/fr\/gestion-2\/2025-04-08\/internationales-kickstart-innovation-programm-startet-zum-10-mal\/\" \/>\n<meta property=\"og:locale\" content=\"fr_FR\" \/>\n<meta property=\"og:type\" content=\"article\" \/>\n<meta property=\"og:title\" content=\"Internationales Kickstart Innovation Programm startet zum 10. Mal\" \/>\n<meta property=\"og:description\" content=\"Das Kickstart Innovation Programm \u00f6ffnet zum zehnten Mal die Bewerbungsphase. Seit dem 3. April 2025 kann man sich bewerben.\" \/>\n<meta property=\"og:url\" content=\"https:\/\/www.organisator.ch\/fr\/gestion-2\/2025-04-08\/internationales-kickstart-innovation-programm-startet-zum-10-mal\/\" \/>\n<meta property=\"og:site_name\" content=\"Organisator\" \/>\n<meta property=\"article:publisher\" content=\"https:\/\/www.facebook.com\/OrganisatorFachmagazin\" \/>\n<meta property=\"article:published_time\" content=\"2025-04-08T02:39:04+00:00\" \/>\n<meta property=\"og:image\" content=\"https:\/\/www.organisator.ch\/wp-content\/uploads\/2025\/04\/Internationales-Kickstart-Innovation-Programm-startet-zum-10-Mal_Organisator.jpg\" \/>\n\t<meta property=\"og:image:width\" content=\"680\" \/>\n\t<meta property=\"og:image:height\" content=\"454\" \/>\n\t<meta property=\"og:image:type\" content=\"image\/jpeg\" \/>\n<meta name=\"author\" content=\"thomas.berner\" \/>\n<meta name=\"twitter:card\" content=\"summary_large_image\" \/>\n<meta name=\"twitter:title\" content=\"Internationales #Kickstart #Innovation Programm startet zum 10. Mal\" \/>\n<meta name=\"twitter:description\" content=\"Das #Kickstart #Innovation Programm \u00f6ffnet zum zehnten Mal die Bewerbungsphase. Seit dem 3. April 2025 kann man sich bewerben.\" \/>\n<meta name=\"twitter:image\" content=\"https:\/\/www.organisator.ch\/wp-content\/uploads\/2025\/04\/Internationales-Kickstart-Innovation-Programm-startet-zum-10-Mal_Organisator.jpg\" \/>\n<script type=\"application\/ld+json\" class=\"yoast-schema-graph\">{\"@context\":\"https:\\\/\\\/schema.org\",\"@graph\":[{\"@type\":\"Article\",\"@id\":\"https:\\\/\\\/www.organisator.ch\\\/management\\\/2025-04-08\\\/internationales-kickstart-innovation-programm-startet-zum-10-mal\\\/#article\",\"isPartOf\":{\"@id\":\"https:\\\/\\\/www.organisator.ch\\\/management\\\/2025-04-08\\\/internationales-kickstart-innovation-programm-startet-zum-10-mal\\\/\"},\"author\":{\"name\":\"thomas.berner\",\"@id\":\"https:\\\/\\\/www.organisator.ch\\\/#\\\/schema\\\/person\\\/6f650f90b2842cd4c0cc334b4e36f67e\"},\"headline\":\"Internationales Kickstart Innovation Programm startet zum 10. Mal\",\"datePublished\":\"2025-04-08T02:39:04+00:00\",\"mainEntityOfPage\":{\"@id\":\"https:\\\/\\\/www.organisator.ch\\\/management\\\/2025-04-08\\\/internationales-kickstart-innovation-programm-startet-zum-10-mal\\\/\"},\"wordCount\":490,\"publisher\":{\"@id\":\"https:\\\/\\\/www.organisator.ch\\\/#organization\"},\"image\":{\"@id\":\"https:\\\/\\\/www.organisator.ch\\\/management\\\/2025-04-08\\\/internationales-kickstart-innovation-programm-startet-zum-10-mal\\\/#primaryimage\"},\"thumbnailUrl\":\"https:\\\/\\\/www.organisator.ch\\\/wp-content\\\/uploads\\\/2025\\\/04\\\/Internationales-Kickstart-Innovation-Programm-startet-zum-10-Mal_Organisator.jpg\",\"keywords\":[\"Innovation\",\"Management und Unternehmensf\u00fchrung\",\"Startups\"],\"articleSection\":[\"MANAGEMENT\"],\"inLanguage\":\"fr-FR\"},{\"@type\":\"WebPage\",\"@id\":\"https:\\\/\\\/www.organisator.ch\\\/management\\\/2025-04-08\\\/internationales-kickstart-innovation-programm-startet-zum-10-mal\\\/\",\"url\":\"https:\\\/\\\/www.organisator.ch\\\/management\\\/2025-04-08\\\/internationales-kickstart-innovation-programm-startet-zum-10-mal\\\/\",\"name\":\"Internationales Kickstart Innovation Programm startet zum 10. Mal - Organisator\",\"isPartOf\":{\"@id\":\"https:\\\/\\\/www.organisator.ch\\\/#website\"},\"primaryImageOfPage\":{\"@id\":\"https:\\\/\\\/www.organisator.ch\\\/management\\\/2025-04-08\\\/internationales-kickstart-innovation-programm-startet-zum-10-mal\\\/#primaryimage\"},\"image\":{\"@id\":\"https:\\\/\\\/www.organisator.ch\\\/management\\\/2025-04-08\\\/internationales-kickstart-innovation-programm-startet-zum-10-mal\\\/#primaryimage\"},\"thumbnailUrl\":\"https:\\\/\\\/www.organisator.ch\\\/wp-content\\\/uploads\\\/2025\\\/04\\\/Internationales-Kickstart-Innovation-Programm-startet-zum-10-Mal_Organisator.jpg\",\"datePublished\":\"2025-04-08T02:39:04+00:00\",\"description\":\"Das Kickstart Innovation Programm \u00f6ffnet zum zehnten Mal die Bewerbungsphase. Seit dem 3. April 2025 kann man sich bewerben.\",\"breadcrumb\":{\"@id\":\"https:\\\/\\\/www.organisator.ch\\\/management\\\/2025-04-08\\\/internationales-kickstart-innovation-programm-startet-zum-10-mal\\\/#breadcrumb\"},\"inLanguage\":\"fr-FR\",\"potentialAction\":[{\"@type\":\"ReadAction\",\"target\":[\"https:\\\/\\\/www.organisator.ch\\\/management\\\/2025-04-08\\\/internationales-kickstart-innovation-programm-startet-zum-10-mal\\\/\"]}]},{\"@type\":\"ImageObject\",\"inLanguage\":\"fr-FR\",\"@id\":\"https:\\\/\\\/www.organisator.ch\\\/management\\\/2025-04-08\\\/internationales-kickstart-innovation-programm-startet-zum-10-mal\\\/#primaryimage\",\"url\":\"https:\\\/\\\/www.organisator.ch\\\/wp-content\\\/uploads\\\/2025\\\/04\\\/Internationales-Kickstart-Innovation-Programm-startet-zum-10-Mal_Organisator.jpg\",\"contentUrl\":\"https:\\\/\\\/www.organisator.ch\\\/wp-content\\\/uploads\\\/2025\\\/04\\\/Internationales-Kickstart-Innovation-Programm-startet-zum-10-Mal_Organisator.jpg\",\"width\":680,\"height\":454,\"caption\":\"Das Kickstart Innovation Programm hat zum 10. Mal die Bewerbungsphase er\u00f6ffnet. (Bild: Pixabay.com)\"},{\"@type\":\"BreadcrumbList\",\"@id\":\"https:\\\/\\\/www.organisator.ch\\\/management\\\/2025-04-08\\\/internationales-kickstart-innovation-programm-startet-zum-10-mal\\\/#breadcrumb\",\"itemListElement\":[{\"@type\":\"ListItem\",\"position\":1,\"name\":\"Home\",\"item\":\"https:\\\/\\\/www.organisator.ch\\\/\"},{\"@type\":\"ListItem\",\"position\":2,\"name\":\"Internationales Kickstart Innovation Programm startet zum 10. Mal\"}]},{\"@type\":\"WebSite\",\"@id\":\"https:\\\/\\\/www.organisator.ch\\\/#website\",\"url\":\"https:\\\/\\\/www.organisator.ch\\\/\",\"name\":\"Organisator\",\"description\":\"Kompetent. Praxisnah. Der ORGANISATOR bereitet in 10 Ausgaben pro Jahr die wesentlichen Themen f\u00fcr F\u00fchrungskr\u00e4fte von KMU auf.\",\"publisher\":{\"@id\":\"https:\\\/\\\/www.organisator.ch\\\/#organization\"},\"potentialAction\":[{\"@type\":\"SearchAction\",\"target\":{\"@type\":\"EntryPoint\",\"urlTemplate\":\"https:\\\/\\\/www.organisator.ch\\\/?s={search_term_string}\"},\"query-input\":{\"@type\":\"PropertyValueSpecification\",\"valueRequired\":true,\"valueName\":\"search_term_string\"}}],\"inLanguage\":\"fr-FR\"},{\"@type\":\"Organization\",\"@id\":\"https:\\\/\\\/www.organisator.ch\\\/#organization\",\"name\":\"Organisator\",\"url\":\"https:\\\/\\\/www.organisator.ch\\\/\",\"logo\":{\"@type\":\"ImageObject\",\"inLanguage\":\"fr-FR\",\"@id\":\"https:\\\/\\\/www.organisator.ch\\\/#\\\/schema\\\/logo\\\/image\\\/\",\"url\":\"https:\\\/\\\/www.organisator.ch\\\/wp-content\\\/uploads\\\/2022\\\/01\\\/Logo_Organisator_Website.png\",\"contentUrl\":\"https:\\\/\\\/www.organisator.ch\\\/wp-content\\\/uploads\\\/2022\\\/01\\\/Logo_Organisator_Website.png\",\"width\":800,\"height\":77,\"caption\":\"Organisator\"},\"image\":{\"@id\":\"https:\\\/\\\/www.organisator.ch\\\/#\\\/schema\\\/logo\\\/image\\\/\"},\"sameAs\":[\"https:\\\/\\\/www.facebook.com\\\/OrganisatorFachmagazin\",\"https:\\\/\\\/www.linkedin.com\\\/showcase\\\/organisator-das-magazin-fr-kmu\",\"https:\\\/\\\/www.xing.com\\\/news\\\/pages\\\/organisator-ch-695\",\"https:\\\/\\\/www.youtube.com\\\/channel\\\/UCGP2Sq0iWaZwT3BdIAQFYpw\"]},{\"@type\":\"Person\",\"@id\":\"https:\\\/\\\/www.organisator.ch\\\/#\\\/schema\\\/person\\\/6f650f90b2842cd4c0cc334b4e36f67e\",\"name\":\"thomas.berner\",\"image\":{\"@type\":\"ImageObject\",\"inLanguage\":\"fr-FR\",\"@id\":\"https:\\\/\\\/secure.gravatar.com\\\/avatar\\\/ac5001d2a36cb6c6cd3e50789007ffca834b477b74a2144564522e944eabff61?s=96&d=mm&r=g\",\"url\":\"https:\\\/\\\/secure.gravatar.com\\\/avatar\\\/ac5001d2a36cb6c6cd3e50789007ffca834b477b74a2144564522e944eabff61?s=96&d=mm&r=g\",\"contentUrl\":\"https:\\\/\\\/secure.gravatar.com\\\/avatar\\\/ac5001d2a36cb6c6cd3e50789007ffca834b477b74a2144564522e944eabff61?s=96&d=mm&r=g\",\"caption\":\"thomas.berner\"},\"url\":\"https:\\\/\\\/www.organisator.ch\\\/fr\\\/author\\\/thomas-berner\\\/\"}]}<\/script>\n<!-- \/ Yoast SEO plugin. -->","yoast_head_json":{"title":"Le programme international Kickstart Innovation d\u00e9marre pour la 10e fois - organisateur","description":"Le programme Kickstart Innovation ouvre pour la dixi\u00e8me fois la phase de candidature. Les candidatures sont ouvertes depuis le 3 avril 2025.","robots":{"index":"index","follow":"follow","max-snippet":"max-snippet:-1","max-image-preview":"max-image-preview:large","max-video-preview":"max-video-preview:-1"},"canonical":"https:\/\/www.organisator.ch\/fr\/gestion-2\/2025-04-08\/internationales-kickstart-innovation-programm-startet-zum-10-mal\/","og_locale":"fr_FR","og_type":"article","og_title":"Internationales Kickstart Innovation Programm startet zum 10. Mal","og_description":"Das Kickstart Innovation Programm \u00f6ffnet zum zehnten Mal die Bewerbungsphase. Seit dem 3. April 2025 kann man sich bewerben.","og_url":"https:\/\/www.organisator.ch\/fr\/gestion-2\/2025-04-08\/internationales-kickstart-innovation-programm-startet-zum-10-mal\/","og_site_name":"Organisator","article_publisher":"https:\/\/www.facebook.com\/OrganisatorFachmagazin","article_published_time":"2025-04-08T02:39:04+00:00","og_image":[{"width":680,"height":454,"url":"https:\/\/www.organisator.ch\/wp-content\/uploads\/2025\/04\/Internationales-Kickstart-Innovation-Programm-startet-zum-10-Mal_Organisator.jpg","type":"image\/jpeg"}],"author":"thomas.berner","twitter_card":"summary_large_image","twitter_title":"Internationales #Kickstart #Innovation Programm startet zum 10. Mal","twitter_description":"Das #Kickstart #Innovation Programm \u00f6ffnet zum zehnten Mal die Bewerbungsphase. Seit dem 3. April 2025 kann man sich bewerben.","twitter_image":"https:\/\/www.organisator.ch\/wp-content\/uploads\/2025\/04\/Internationales-Kickstart-Innovation-Programm-startet-zum-10-Mal_Organisator.jpg","schema":{"@context":"https:\/\/schema.org","@graph":[{"@type":"Article","@id":"https:\/\/www.organisator.ch\/management\/2025-04-08\/internationales-kickstart-innovation-programm-startet-zum-10-mal\/#article","isPartOf":{"@id":"https:\/\/www.organisator.ch\/management\/2025-04-08\/internationales-kickstart-innovation-programm-startet-zum-10-mal\/"},"author":{"name":"thomas.berner","@id":"https:\/\/www.organisator.ch\/#\/schema\/person\/6f650f90b2842cd4c0cc334b4e36f67e"},"headline":"Internationales Kickstart Innovation Programm startet zum 10. Mal","datePublished":"2025-04-08T02:39:04+00:00","mainEntityOfPage":{"@id":"https:\/\/www.organisator.ch\/management\/2025-04-08\/internationales-kickstart-innovation-programm-startet-zum-10-mal\/"},"wordCount":490,"publisher":{"@id":"https:\/\/www.organisator.ch\/#organization"},"image":{"@id":"https:\/\/www.organisator.ch\/management\/2025-04-08\/internationales-kickstart-innovation-programm-startet-zum-10-mal\/#primaryimage"},"thumbnailUrl":"https:\/\/www.organisator.ch\/wp-content\/uploads\/2025\/04\/Internationales-Kickstart-Innovation-Programm-startet-zum-10-Mal_Organisator.jpg","keywords":["Innovation","Management und Unternehmensf\u00fchrung","Startups"],"articleSection":["MANAGEMENT"],"inLanguage":"fr-FR"},{"@type":"WebPage","@id":"https:\/\/www.organisator.ch\/management\/2025-04-08\/internationales-kickstart-innovation-programm-startet-zum-10-mal\/","url":"https:\/\/www.organisator.ch\/management\/2025-04-08\/internationales-kickstart-innovation-programm-startet-zum-10-mal\/","name":"Le programme international Kickstart Innovation d\u00e9marre pour la 10e fois - organisateur","isPartOf":{"@id":"https:\/\/www.organisator.ch\/#website"},"primaryImageOfPage":{"@id":"https:\/\/www.organisator.ch\/management\/2025-04-08\/internationales-kickstart-innovation-programm-startet-zum-10-mal\/#primaryimage"},"image":{"@id":"https:\/\/www.organisator.ch\/management\/2025-04-08\/internationales-kickstart-innovation-programm-startet-zum-10-mal\/#primaryimage"},"thumbnailUrl":"https:\/\/www.organisator.ch\/wp-content\/uploads\/2025\/04\/Internationales-Kickstart-Innovation-Programm-startet-zum-10-Mal_Organisator.jpg","datePublished":"2025-04-08T02:39:04+00:00","description":"Le programme Kickstart Innovation ouvre pour la dixi\u00e8me fois la phase de candidature. Les candidatures sont ouvertes depuis le 3 avril 2025.","breadcrumb":{"@id":"https:\/\/www.organisator.ch\/management\/2025-04-08\/internationales-kickstart-innovation-programm-startet-zum-10-mal\/#breadcrumb"},"inLanguage":"fr-FR","potentialAction":[{"@type":"ReadAction","target":["https:\/\/www.organisator.ch\/management\/2025-04-08\/internationales-kickstart-innovation-programm-startet-zum-10-mal\/"]}]},{"@type":"ImageObject","inLanguage":"fr-FR","@id":"https:\/\/www.organisator.ch\/management\/2025-04-08\/internationales-kickstart-innovation-programm-startet-zum-10-mal\/#primaryimage","url":"https:\/\/www.organisator.ch\/wp-content\/uploads\/2025\/04\/Internationales-Kickstart-Innovation-Programm-startet-zum-10-Mal_Organisator.jpg","contentUrl":"https:\/\/www.organisator.ch\/wp-content\/uploads\/2025\/04\/Internationales-Kickstart-Innovation-Programm-startet-zum-10-Mal_Organisator.jpg","width":680,"height":454,"caption":"Das Kickstart Innovation Programm hat zum 10. Mal die Bewerbungsphase er\u00f6ffnet. (Bild: Pixabay.com)"},{"@type":"BreadcrumbList","@id":"https:\/\/www.organisator.ch\/management\/2025-04-08\/internationales-kickstart-innovation-programm-startet-zum-10-mal\/#breadcrumb","itemListElement":[{"@type":"ListItem","position":1,"name":"Home","item":"https:\/\/www.organisator.ch\/"},{"@type":"ListItem","position":2,"name":"Internationales Kickstart Innovation Programm startet zum 10. Mal"}]},{"@type":"WebSite","@id":"https:\/\/www.organisator.ch\/#website","url":"https:\/\/www.organisator.ch\/","name":"Organisateur","description":"Comp\u00e9tence et comp\u00e9tence. Proches de la pratique. L'ORGANISATEUR pr\u00e9pare 10 num\u00e9ros par an sur les th\u00e8mes essentiels pour les dirigeants de PME.","publisher":{"@id":"https:\/\/www.organisator.ch\/#organization"},"potentialAction":[{"@type":"SearchAction","target":{"@type":"EntryPoint","urlTemplate":"https:\/\/www.organisator.ch\/?s={search_term_string}"},"query-input":{"@type":"PropertyValueSpecification","valueRequired":true,"valueName":"search_term_string"}}],"inLanguage":"fr-FR"},{"@type":"Organization","@id":"https:\/\/www.organisator.ch\/#organization","name":"Organisateur","url":"https:\/\/www.organisator.ch\/","logo":{"@type":"ImageObject","inLanguage":"fr-FR","@id":"https:\/\/www.organisator.ch\/#\/schema\/logo\/image\/","url":"https:\/\/www.organisator.ch\/wp-content\/uploads\/2022\/01\/Logo_Organisator_Website.png","contentUrl":"https:\/\/www.organisator.ch\/wp-content\/uploads\/2022\/01\/Logo_Organisator_Website.png","width":800,"height":77,"caption":"Organisator"},"image":{"@id":"https:\/\/www.organisator.ch\/#\/schema\/logo\/image\/"},"sameAs":["https:\/\/www.facebook.com\/OrganisatorFachmagazin","https:\/\/www.linkedin.com\/showcase\/organisator-das-magazin-fr-kmu","https:\/\/www.xing.com\/news\/pages\/organisator-ch-695","https:\/\/www.youtube.com\/channel\/UCGP2Sq0iWaZwT3BdIAQFYpw"]},{"@type":"Person","@id":"https:\/\/www.organisator.ch\/#\/schema\/person\/6f650f90b2842cd4c0cc334b4e36f67e","name":"thomas.berner","image":{"@type":"ImageObject","inLanguage":"fr-FR","@id":"https:\/\/secure.gravatar.com\/avatar\/ac5001d2a36cb6c6cd3e50789007ffca834b477b74a2144564522e944eabff61?s=96&d=mm&r=g","url":"https:\/\/secure.gravatar.com\/avatar\/ac5001d2a36cb6c6cd3e50789007ffca834b477b74a2144564522e944eabff61?s=96&d=mm&r=g","contentUrl":"https:\/\/secure.gravatar.com\/avatar\/ac5001d2a36cb6c6cd3e50789007ffca834b477b74a2144564522e944eabff61?s=96&d=mm&r=g","caption":"thomas.berner"},"url":"https:\/\/www.organisator.ch\/fr\/author\/thomas-berner\/"}]}},"_links":{"self":[{"href":"https:\/\/www.organisator.ch\/fr\/wp-json\/wp\/v2\/posts\/37491","targetHints":{"allow":["GET"]}}],"collection":[{"href":"https:\/\/www.organisator.ch\/fr\/wp-json\/wp\/v2\/posts"}],"about":[{"href":"https:\/\/www.organisator.ch\/fr\/wp-json\/wp\/v2\/types\/post"}],"author":[{"embeddable":true,"href":"https:\/\/www.organisator.ch\/fr\/wp-json\/wp\/v2\/users\/4"}],"replies":[{"embeddable":true,"href":"https:\/\/www.organisator.ch\/fr\/wp-json\/wp\/v2\/comments?post=37491"}],"version-history":[{"count":4,"href":"https:\/\/www.organisator.ch\/fr\/wp-json\/wp\/v2\/posts\/37491\/revisions"}],"predecessor-version":[{"id":37560,"href":"https:\/\/www.organisator.ch\/fr\/wp-json\/wp\/v2\/posts\/37491\/revisions\/37560"}],"wp:featuredmedia":[{"embeddable":true,"href":"https:\/\/www.organisator.ch\/fr\/wp-json\/wp\/v2\/media\/37492"}],"wp:attachment":[{"href":"https:\/\/www.organisator.ch\/fr\/wp-json\/wp\/v2\/media?parent=37491"}],"wp:term":[{"taxonomy":"category","embeddable":true,"href":"https:\/\/www.organisator.ch\/fr\/wp-json\/wp\/v2\/categories?post=37491"},{"taxonomy":"post_tag","embeddable":true,"href":"https:\/\/www.organisator.ch\/fr\/wp-json\/wp\/v2\/tags?post=37491"}],"curies":[{"name":"wp","href":"https:\/\/api.w.org\/{rel}","templated":true}]}}