{"id":375,"date":"2016-11-17T15:34:54","date_gmt":"2016-11-17T14:34:54","guid":{"rendered":"http:\/\/dev.organisator.ch\/?p=375"},"modified":"2016-11-17T15:34:54","modified_gmt":"2016-11-17T14:34:54","slug":"fuehrungswechsel-bei-der-haworth-schweiz-ag","status":"publish","type":"post","link":"https:\/\/www.organisator.ch\/fr\/management\/2016-11-17\/fuehrungswechsel-bei-der-haworth-schweiz-ag\/","title":{"rendered":"Changement de direction chez Haworth Schweiz AG"},"content":{"rendered":"<figure id=\"attachment_376\" aria-describedby=\"caption-attachment-376\" style=\"width: 471px\" class=\"wp-caption alignnone\"><img loading=\"lazy\" decoding=\"async\" class=\"size-full wp-image-376\" src=\"https:\/\/www.organisator.ch\/wp-content\/uploads\/2016\/12\/Fuehrungswechsel-bei-der-Haworth-Schweiz-AG-organisator.jpg\" alt=\"\" width=\"471\" height=\"266\" srcset=\"https:\/\/www.organisator.ch\/wp-content\/uploads\/2016\/12\/Fuehrungswechsel-bei-der-Haworth-Schweiz-AG-organisator.jpg 471w, https:\/\/www.organisator.ch\/wp-content\/uploads\/2016\/12\/Fuehrungswechsel-bei-der-Haworth-Schweiz-AG-organisator-16x9.jpg 16w, https:\/\/www.organisator.ch\/wp-content\/uploads\/2016\/12\/Fuehrungswechsel-bei-der-Haworth-Schweiz-AG-organisator-310x175.jpg 310w, https:\/\/www.organisator.ch\/wp-content\/uploads\/2016\/12\/Fuehrungswechsel-bei-der-Haworth-Schweiz-AG-organisator-300x169.jpg 300w\" sizes=\"auto, (max-width: 471px) 100vw, 471px\" \/><figcaption id=\"caption-attachment-376\" class=\"wp-caption-text\">Domenic Meier (\u00e0 gauche) succ\u00e8de \u00e0 Mark Helfenstein au poste de General Manager d'Haworth Schweiz AG. (Photos : zVg)<\/figcaption><\/figure>\n<p>Apr\u00e8s onze ans en tant que General Manager du fabricant de mobilier de bureau Haworth Schweiz AG, Mark Helfenstein, General Manager Suisse et Vice President Ideation Europe, a d\u00e9cid\u00e9 de prendre un peu de recul sur le plan professionnel. Il r\u00e9duira son temps de travail chez Haworth \u00e0 50% et se concentrera \u00e0 l'avenir principalement sur son r\u00f4le de Vice President Ideation Europe et de membre de l'\u00e9quipe strat\u00e9gique europ\u00e9enne.<\/p>\n<p>Domenic Meier, travaille pour Haworth depuis le 1er mars 2008. En tant que Sales &amp; Marketing Director, il \u00e9tait responsable de la vente, du Customer Service, du marketing et de diff\u00e9rents d\u00e9partements de soutien \u00e0 la distribution. Monsieur Meier conna\u00eet donc parfaitement Haworth et le march\u00e9 suisse du mobilier de bureau et est donc parfaitement \u00e9quip\u00e9 pour continuer \u00e0 assurer le succ\u00e8s de Haworth Schweiz AG, communique l'entreprise.<\/p>\n<p>Haworth est une entreprise familiale dont le si\u00e8ge se trouve \u00e0 Holland, Michigan\/USA, et qui emploie plus de 6500 personnes dans le monde. L'entreprise r\u00e9alise actuellement un chiffre d'affaires de 1,82 milliard de dollars am\u00e9ricains. En Suisse, l'entreprise emploie une centaine de personnes.<\/p>\n<p><em>Source : <a href=\"http:\/\/www.haworth.ch\" data-cke-saved-href=\"http:\/\/www.haworth.ch\">www.haworth.ch<\/a><\/em><\/p>","protected":false},"excerpt":{"rendered":"<p>Nach elf Jahren als General Manager\u00a0des B\u00fcrom\u00f6bel-Herstellers\u00a0Haworth Schweiz AG hat sich Mark Helfenstein, General Manager Schweiz und Vice President Ideation Europe entschieden, beruflich etwas k\u00fcrzer zu treten. Er wird sein Pensum bei Haworth auf 50% reduzieren und sich zuk\u00fcnftig haupts\u00e4chlich auf seine Rolle als Vice President Ideation Europe und Mitglied des europ\u00e4ischen Strategie Teams konzentrieren. [&hellip;]<\/p>\n","protected":false},"author":1,"featured_media":376,"comment_status":"open","ping_status":"open","sticky":false,"template":"","format":"standard","meta":{"_acf_changed":false,"_yoast_wpseo_focuskw":"Haworth Schweiz AG","_yoast_wpseo_metadesc":"Domenic Meier \u00fcbernimmt per 1. Januar 2017 die Funktion des General Managers der Haworth Schweiz AG von Mark Helfenstein.","articlekey":"","footnotes":""},"categories":[28],"tags":[335,382],"class_list":["post-375","post","type-post","status-publish","format-standard","has-post-thumbnail","hentry","category-management","tag-management-und-unternehmensfuehrung","tag-personalien"],"acf":[],"yoast_head":"<!-- This site is optimized with the Yoast SEO plugin v27.4 - https:\/\/yoast.com\/product\/yoast-seo-wordpress\/ -->\n<title>F\u00fchrungswechsel bei der Haworth Schweiz AG - Organisator<\/title>\n<meta name=\"description\" content=\"Domenic Meier \u00fcbernimmt per 1. Januar 2017 die Funktion des General Managers der Haworth Schweiz AG von Mark Helfenstein.\" \/>\n<meta name=\"robots\" content=\"index, follow, max-snippet:-1, max-image-preview:large, max-video-preview:-1\" \/>\n<link rel=\"canonical\" href=\"https:\/\/www.organisator.ch\/fr\/gestion-2\/2016-11-17\/fuehrungswechsel-bei-der-haworth-schweiz-ag\/\" \/>\n<meta property=\"og:locale\" content=\"fr_FR\" \/>\n<meta property=\"og:type\" content=\"article\" \/>\n<meta property=\"og:title\" content=\"F\u00fchrungswechsel bei der Haworth Schweiz AG\" \/>\n<meta property=\"og:description\" content=\"Domenic Meier \u00fcbernimmt per 1. Januar 2017 die Funktion des General Managers der Haworth Schweiz AG von Mark Helfenstein. In dieser Funktion nimmt Domenic Meier auch Einsitz im Europ\u00e4ischen Management. Herr Mark Helfenstein wird als Vice President Europe weiterhin f\u00fcr die Ideation Group zust\u00e4ndig sein.\" \/>\n<meta property=\"og:url\" content=\"https:\/\/www.organisator.ch\/fr\/gestion-2\/2016-11-17\/fuehrungswechsel-bei-der-haworth-schweiz-ag\/\" \/>\n<meta property=\"og:site_name\" content=\"Organisator\" \/>\n<meta property=\"article:publisher\" content=\"https:\/\/www.facebook.com\/OrganisatorFachmagazin\" \/>\n<meta property=\"article:published_time\" content=\"2016-11-17T14:34:54+00:00\" \/>\n<meta name=\"author\" content=\"admin\" \/>\n<meta name=\"twitter:card\" content=\"summary_large_image\" \/>\n<meta name=\"twitter:image\" content=\"https:\/\/www.organisator.ch\/wp-content\/uploads\/2016\/12\/Fuehrungswechsel-bei-der-Haworth-Schweiz-AG-organisator.jpg\" \/>\n<script type=\"application\/ld+json\" class=\"yoast-schema-graph\">{\"@context\":\"https:\\\/\\\/schema.org\",\"@graph\":[{\"@type\":\"Article\",\"@id\":\"https:\\\/\\\/www.organisator.ch\\\/management\\\/2016-11-17\\\/fuehrungswechsel-bei-der-haworth-schweiz-ag\\\/#article\",\"isPartOf\":{\"@id\":\"https:\\\/\\\/www.organisator.ch\\\/management\\\/2016-11-17\\\/fuehrungswechsel-bei-der-haworth-schweiz-ag\\\/\"},\"author\":{\"name\":\"admin\",\"@id\":\"https:\\\/\\\/www.organisator.ch\\\/#\\\/schema\\\/person\\\/aa2bace6c5c5aad60102004a50c4eb1c\"},\"headline\":\"F\u00fchrungswechsel bei der Haworth Schweiz AG\",\"datePublished\":\"2016-11-17T14:34:54+00:00\",\"mainEntityOfPage\":{\"@id\":\"https:\\\/\\\/www.organisator.ch\\\/management\\\/2016-11-17\\\/fuehrungswechsel-bei-der-haworth-schweiz-ag\\\/\"},\"wordCount\":201,\"commentCount\":0,\"publisher\":{\"@id\":\"https:\\\/\\\/www.organisator.ch\\\/#organization\"},\"image\":{\"@id\":\"https:\\\/\\\/www.organisator.ch\\\/management\\\/2016-11-17\\\/fuehrungswechsel-bei-der-haworth-schweiz-ag\\\/#primaryimage\"},\"thumbnailUrl\":\"https:\\\/\\\/www.organisator.ch\\\/wp-content\\\/uploads\\\/2016\\\/12\\\/Fuehrungswechsel-bei-der-Haworth-Schweiz-AG-organisator.jpg\",\"keywords\":[\"Management und Unternehmensf\u00fchrung\",\"Personalien\"],\"articleSection\":[\"MANAGEMENT\"],\"inLanguage\":\"fr-FR\"},{\"@type\":\"WebPage\",\"@id\":\"https:\\\/\\\/www.organisator.ch\\\/management\\\/2016-11-17\\\/fuehrungswechsel-bei-der-haworth-schweiz-ag\\\/\",\"url\":\"https:\\\/\\\/www.organisator.ch\\\/management\\\/2016-11-17\\\/fuehrungswechsel-bei-der-haworth-schweiz-ag\\\/\",\"name\":\"F\u00fchrungswechsel bei der Haworth Schweiz AG - Organisator\",\"isPartOf\":{\"@id\":\"https:\\\/\\\/www.organisator.ch\\\/#website\"},\"primaryImageOfPage\":{\"@id\":\"https:\\\/\\\/www.organisator.ch\\\/management\\\/2016-11-17\\\/fuehrungswechsel-bei-der-haworth-schweiz-ag\\\/#primaryimage\"},\"image\":{\"@id\":\"https:\\\/\\\/www.organisator.ch\\\/management\\\/2016-11-17\\\/fuehrungswechsel-bei-der-haworth-schweiz-ag\\\/#primaryimage\"},\"thumbnailUrl\":\"https:\\\/\\\/www.organisator.ch\\\/wp-content\\\/uploads\\\/2016\\\/12\\\/Fuehrungswechsel-bei-der-Haworth-Schweiz-AG-organisator.jpg\",\"datePublished\":\"2016-11-17T14:34:54+00:00\",\"description\":\"Domenic Meier \u00fcbernimmt per 1. Januar 2017 die Funktion des General Managers der Haworth Schweiz AG von Mark Helfenstein.\",\"breadcrumb\":{\"@id\":\"https:\\\/\\\/www.organisator.ch\\\/management\\\/2016-11-17\\\/fuehrungswechsel-bei-der-haworth-schweiz-ag\\\/#breadcrumb\"},\"inLanguage\":\"fr-FR\",\"potentialAction\":[{\"@type\":\"ReadAction\",\"target\":[\"https:\\\/\\\/www.organisator.ch\\\/management\\\/2016-11-17\\\/fuehrungswechsel-bei-der-haworth-schweiz-ag\\\/\"]}]},{\"@type\":\"ImageObject\",\"inLanguage\":\"fr-FR\",\"@id\":\"https:\\\/\\\/www.organisator.ch\\\/management\\\/2016-11-17\\\/fuehrungswechsel-bei-der-haworth-schweiz-ag\\\/#primaryimage\",\"url\":\"https:\\\/\\\/www.organisator.ch\\\/wp-content\\\/uploads\\\/2016\\\/12\\\/Fuehrungswechsel-bei-der-Haworth-Schweiz-AG-organisator.jpg\",\"contentUrl\":\"https:\\\/\\\/www.organisator.ch\\\/wp-content\\\/uploads\\\/2016\\\/12\\\/Fuehrungswechsel-bei-der-Haworth-Schweiz-AG-organisator.jpg\",\"width\":471,\"height\":266,\"caption\":\"Domenic Meier (links) \u00fcbernimmt von Mark Helfenstein die Funktion des General Managers von Haworth Schweiz AG. (Fotos: zVg)\"},{\"@type\":\"BreadcrumbList\",\"@id\":\"https:\\\/\\\/www.organisator.ch\\\/management\\\/2016-11-17\\\/fuehrungswechsel-bei-der-haworth-schweiz-ag\\\/#breadcrumb\",\"itemListElement\":[{\"@type\":\"ListItem\",\"position\":1,\"name\":\"Home\",\"item\":\"https:\\\/\\\/www.organisator.ch\\\/\"},{\"@type\":\"ListItem\",\"position\":2,\"name\":\"F\u00fchrungswechsel bei der Haworth Schweiz AG\"}]},{\"@type\":\"WebSite\",\"@id\":\"https:\\\/\\\/www.organisator.ch\\\/#website\",\"url\":\"https:\\\/\\\/www.organisator.ch\\\/\",\"name\":\"Organisator\",\"description\":\"Kompetent. Praxisnah. Der ORGANISATOR bereitet in 10 Ausgaben pro Jahr die wesentlichen Themen f\u00fcr F\u00fchrungskr\u00e4fte von KMU auf.\",\"publisher\":{\"@id\":\"https:\\\/\\\/www.organisator.ch\\\/#organization\"},\"potentialAction\":[{\"@type\":\"SearchAction\",\"target\":{\"@type\":\"EntryPoint\",\"urlTemplate\":\"https:\\\/\\\/www.organisator.ch\\\/?s={search_term_string}\"},\"query-input\":{\"@type\":\"PropertyValueSpecification\",\"valueRequired\":true,\"valueName\":\"search_term_string\"}}],\"inLanguage\":\"fr-FR\"},{\"@type\":\"Organization\",\"@id\":\"https:\\\/\\\/www.organisator.ch\\\/#organization\",\"name\":\"Organisator\",\"url\":\"https:\\\/\\\/www.organisator.ch\\\/\",\"logo\":{\"@type\":\"ImageObject\",\"inLanguage\":\"fr-FR\",\"@id\":\"https:\\\/\\\/www.organisator.ch\\\/#\\\/schema\\\/logo\\\/image\\\/\",\"url\":\"https:\\\/\\\/www.organisator.ch\\\/wp-content\\\/uploads\\\/2022\\\/01\\\/Logo_Organisator_Website.png\",\"contentUrl\":\"https:\\\/\\\/www.organisator.ch\\\/wp-content\\\/uploads\\\/2022\\\/01\\\/Logo_Organisator_Website.png\",\"width\":800,\"height\":77,\"caption\":\"Organisator\"},\"image\":{\"@id\":\"https:\\\/\\\/www.organisator.ch\\\/#\\\/schema\\\/logo\\\/image\\\/\"},\"sameAs\":[\"https:\\\/\\\/www.facebook.com\\\/OrganisatorFachmagazin\",\"https:\\\/\\\/www.linkedin.com\\\/showcase\\\/organisator-das-magazin-fr-kmu\",\"https:\\\/\\\/www.xing.com\\\/news\\\/pages\\\/organisator-ch-695\",\"https:\\\/\\\/www.youtube.com\\\/channel\\\/UCGP2Sq0iWaZwT3BdIAQFYpw\"]},{\"@type\":\"Person\",\"@id\":\"https:\\\/\\\/www.organisator.ch\\\/#\\\/schema\\\/person\\\/aa2bace6c5c5aad60102004a50c4eb1c\",\"name\":\"admin\",\"image\":{\"@type\":\"ImageObject\",\"inLanguage\":\"fr-FR\",\"@id\":\"https:\\\/\\\/secure.gravatar.com\\\/avatar\\\/ae2f4d718e6c49043e314ce431e7e645d646302a24a5ef5a8bc8e3f5a032e319?s=96&d=mm&r=g\",\"url\":\"https:\\\/\\\/secure.gravatar.com\\\/avatar\\\/ae2f4d718e6c49043e314ce431e7e645d646302a24a5ef5a8bc8e3f5a032e319?s=96&d=mm&r=g\",\"contentUrl\":\"https:\\\/\\\/secure.gravatar.com\\\/avatar\\\/ae2f4d718e6c49043e314ce431e7e645d646302a24a5ef5a8bc8e3f5a032e319?s=96&d=mm&r=g\",\"caption\":\"admin\"},\"sameAs\":[\"https:\\\/\\\/www.organisator.ch\"],\"url\":\"https:\\\/\\\/www.organisator.ch\\\/fr\\\/author\\\/admin\\\/\"}]}<\/script>\n<!-- \/ Yoast SEO plugin. -->","yoast_head_json":{"title":"Changement de direction chez Haworth Schweiz AG - Organisateur","description":"Domenic Meier reprend au 1er janvier 2017 la fonction de General Manager d'Haworth Schweiz AG de Mark Helfenstein.","robots":{"index":"index","follow":"follow","max-snippet":"max-snippet:-1","max-image-preview":"max-image-preview:large","max-video-preview":"max-video-preview:-1"},"canonical":"https:\/\/www.organisator.ch\/fr\/gestion-2\/2016-11-17\/fuehrungswechsel-bei-der-haworth-schweiz-ag\/","og_locale":"fr_FR","og_type":"article","og_title":"F\u00fchrungswechsel bei der Haworth Schweiz AG","og_description":"Domenic Meier \u00fcbernimmt per 1. Januar 2017 die Funktion des General Managers der Haworth Schweiz AG von Mark Helfenstein. In dieser Funktion nimmt Domenic Meier auch Einsitz im Europ\u00e4ischen Management. Herr Mark Helfenstein wird als Vice President Europe weiterhin f\u00fcr die Ideation Group zust\u00e4ndig sein.","og_url":"https:\/\/www.organisator.ch\/fr\/gestion-2\/2016-11-17\/fuehrungswechsel-bei-der-haworth-schweiz-ag\/","og_site_name":"Organisator","article_publisher":"https:\/\/www.facebook.com\/OrganisatorFachmagazin","article_published_time":"2016-11-17T14:34:54+00:00","author":"admin","twitter_card":"summary_large_image","twitter_image":"https:\/\/www.organisator.ch\/wp-content\/uploads\/2016\/12\/Fuehrungswechsel-bei-der-Haworth-Schweiz-AG-organisator.jpg","schema":{"@context":"https:\/\/schema.org","@graph":[{"@type":"Article","@id":"https:\/\/www.organisator.ch\/management\/2016-11-17\/fuehrungswechsel-bei-der-haworth-schweiz-ag\/#article","isPartOf":{"@id":"https:\/\/www.organisator.ch\/management\/2016-11-17\/fuehrungswechsel-bei-der-haworth-schweiz-ag\/"},"author":{"name":"admin","@id":"https:\/\/www.organisator.ch\/#\/schema\/person\/aa2bace6c5c5aad60102004a50c4eb1c"},"headline":"F\u00fchrungswechsel bei der Haworth Schweiz AG","datePublished":"2016-11-17T14:34:54+00:00","mainEntityOfPage":{"@id":"https:\/\/www.organisator.ch\/management\/2016-11-17\/fuehrungswechsel-bei-der-haworth-schweiz-ag\/"},"wordCount":201,"commentCount":0,"publisher":{"@id":"https:\/\/www.organisator.ch\/#organization"},"image":{"@id":"https:\/\/www.organisator.ch\/management\/2016-11-17\/fuehrungswechsel-bei-der-haworth-schweiz-ag\/#primaryimage"},"thumbnailUrl":"https:\/\/www.organisator.ch\/wp-content\/uploads\/2016\/12\/Fuehrungswechsel-bei-der-Haworth-Schweiz-AG-organisator.jpg","keywords":["Management und Unternehmensf\u00fchrung","Personalien"],"articleSection":["MANAGEMENT"],"inLanguage":"fr-FR"},{"@type":"WebPage","@id":"https:\/\/www.organisator.ch\/management\/2016-11-17\/fuehrungswechsel-bei-der-haworth-schweiz-ag\/","url":"https:\/\/www.organisator.ch\/management\/2016-11-17\/fuehrungswechsel-bei-der-haworth-schweiz-ag\/","name":"Changement de direction chez Haworth Schweiz AG - Organisateur","isPartOf":{"@id":"https:\/\/www.organisator.ch\/#website"},"primaryImageOfPage":{"@id":"https:\/\/www.organisator.ch\/management\/2016-11-17\/fuehrungswechsel-bei-der-haworth-schweiz-ag\/#primaryimage"},"image":{"@id":"https:\/\/www.organisator.ch\/management\/2016-11-17\/fuehrungswechsel-bei-der-haworth-schweiz-ag\/#primaryimage"},"thumbnailUrl":"https:\/\/www.organisator.ch\/wp-content\/uploads\/2016\/12\/Fuehrungswechsel-bei-der-Haworth-Schweiz-AG-organisator.jpg","datePublished":"2016-11-17T14:34:54+00:00","description":"Domenic Meier reprend au 1er janvier 2017 la fonction de General Manager d'Haworth Schweiz AG de Mark Helfenstein.","breadcrumb":{"@id":"https:\/\/www.organisator.ch\/management\/2016-11-17\/fuehrungswechsel-bei-der-haworth-schweiz-ag\/#breadcrumb"},"inLanguage":"fr-FR","potentialAction":[{"@type":"ReadAction","target":["https:\/\/www.organisator.ch\/management\/2016-11-17\/fuehrungswechsel-bei-der-haworth-schweiz-ag\/"]}]},{"@type":"ImageObject","inLanguage":"fr-FR","@id":"https:\/\/www.organisator.ch\/management\/2016-11-17\/fuehrungswechsel-bei-der-haworth-schweiz-ag\/#primaryimage","url":"https:\/\/www.organisator.ch\/wp-content\/uploads\/2016\/12\/Fuehrungswechsel-bei-der-Haworth-Schweiz-AG-organisator.jpg","contentUrl":"https:\/\/www.organisator.ch\/wp-content\/uploads\/2016\/12\/Fuehrungswechsel-bei-der-Haworth-Schweiz-AG-organisator.jpg","width":471,"height":266,"caption":"Domenic Meier (links) \u00fcbernimmt von Mark Helfenstein die Funktion des General Managers von Haworth Schweiz AG. (Fotos: zVg)"},{"@type":"BreadcrumbList","@id":"https:\/\/www.organisator.ch\/management\/2016-11-17\/fuehrungswechsel-bei-der-haworth-schweiz-ag\/#breadcrumb","itemListElement":[{"@type":"ListItem","position":1,"name":"Home","item":"https:\/\/www.organisator.ch\/"},{"@type":"ListItem","position":2,"name":"F\u00fchrungswechsel bei der Haworth Schweiz AG"}]},{"@type":"WebSite","@id":"https:\/\/www.organisator.ch\/#website","url":"https:\/\/www.organisator.ch\/","name":"Organisateur","description":"Comp\u00e9tence et comp\u00e9tence. Proches de la pratique. L'ORGANISATEUR pr\u00e9pare 10 num\u00e9ros par an sur les th\u00e8mes essentiels pour les dirigeants de PME.","publisher":{"@id":"https:\/\/www.organisator.ch\/#organization"},"potentialAction":[{"@type":"SearchAction","target":{"@type":"EntryPoint","urlTemplate":"https:\/\/www.organisator.ch\/?s={search_term_string}"},"query-input":{"@type":"PropertyValueSpecification","valueRequired":true,"valueName":"search_term_string"}}],"inLanguage":"fr-FR"},{"@type":"Organization","@id":"https:\/\/www.organisator.ch\/#organization","name":"Organisateur","url":"https:\/\/www.organisator.ch\/","logo":{"@type":"ImageObject","inLanguage":"fr-FR","@id":"https:\/\/www.organisator.ch\/#\/schema\/logo\/image\/","url":"https:\/\/www.organisator.ch\/wp-content\/uploads\/2022\/01\/Logo_Organisator_Website.png","contentUrl":"https:\/\/www.organisator.ch\/wp-content\/uploads\/2022\/01\/Logo_Organisator_Website.png","width":800,"height":77,"caption":"Organisator"},"image":{"@id":"https:\/\/www.organisator.ch\/#\/schema\/logo\/image\/"},"sameAs":["https:\/\/www.facebook.com\/OrganisatorFachmagazin","https:\/\/www.linkedin.com\/showcase\/organisator-das-magazin-fr-kmu","https:\/\/www.xing.com\/news\/pages\/organisator-ch-695","https:\/\/www.youtube.com\/channel\/UCGP2Sq0iWaZwT3BdIAQFYpw"]},{"@type":"Person","@id":"https:\/\/www.organisator.ch\/#\/schema\/person\/aa2bace6c5c5aad60102004a50c4eb1c","name":"admin","image":{"@type":"ImageObject","inLanguage":"fr-FR","@id":"https:\/\/secure.gravatar.com\/avatar\/ae2f4d718e6c49043e314ce431e7e645d646302a24a5ef5a8bc8e3f5a032e319?s=96&d=mm&r=g","url":"https:\/\/secure.gravatar.com\/avatar\/ae2f4d718e6c49043e314ce431e7e645d646302a24a5ef5a8bc8e3f5a032e319?s=96&d=mm&r=g","contentUrl":"https:\/\/secure.gravatar.com\/avatar\/ae2f4d718e6c49043e314ce431e7e645d646302a24a5ef5a8bc8e3f5a032e319?s=96&d=mm&r=g","caption":"admin"},"sameAs":["https:\/\/www.organisator.ch"],"url":"https:\/\/www.organisator.ch\/fr\/author\/admin\/"}]}},"_links":{"self":[{"href":"https:\/\/www.organisator.ch\/fr\/wp-json\/wp\/v2\/posts\/375","targetHints":{"allow":["GET"]}}],"collection":[{"href":"https:\/\/www.organisator.ch\/fr\/wp-json\/wp\/v2\/posts"}],"about":[{"href":"https:\/\/www.organisator.ch\/fr\/wp-json\/wp\/v2\/types\/post"}],"author":[{"embeddable":true,"href":"https:\/\/www.organisator.ch\/fr\/wp-json\/wp\/v2\/users\/1"}],"replies":[{"embeddable":true,"href":"https:\/\/www.organisator.ch\/fr\/wp-json\/wp\/v2\/comments?post=375"}],"version-history":[{"count":0,"href":"https:\/\/www.organisator.ch\/fr\/wp-json\/wp\/v2\/posts\/375\/revisions"}],"wp:featuredmedia":[{"embeddable":true,"href":"https:\/\/www.organisator.ch\/fr\/wp-json\/wp\/v2\/media\/376"}],"wp:attachment":[{"href":"https:\/\/www.organisator.ch\/fr\/wp-json\/wp\/v2\/media?parent=375"}],"wp:term":[{"taxonomy":"category","embeddable":true,"href":"https:\/\/www.organisator.ch\/fr\/wp-json\/wp\/v2\/categories?post=375"},{"taxonomy":"post_tag","embeddable":true,"href":"https:\/\/www.organisator.ch\/fr\/wp-json\/wp\/v2\/tags?post=375"}],"curies":[{"name":"wp","href":"https:\/\/api.w.org\/{rel}","templated":true}]}}