{"id":37511,"date":"2025-04-07T20:34:53","date_gmt":"2025-04-07T18:34:53","guid":{"rendered":"https:\/\/www.markt-kom.com\/?p=233066"},"modified":"2025-04-08T08:02:01","modified_gmt":"2025-04-08T06:02:01","slug":"dalith-steiger-erhaelt-empowering-women-award-2025","status":"publish","type":"post","link":"https:\/\/www.organisator.ch\/fr\/management\/2025-04-07\/dalith-steiger-erhaelt-empowering-women-award-2025\/","title":{"rendered":"Dalith Steiger re\u00e7oit le prix \"Empowering Women\" 2025"},"content":{"rendered":"<figure id=\"attachment_233068\" class=\"wp-caption aligncenter\" style=\"width: 1200px;\" aria-describedby=\"caption-attachment-233068\"><a href=\"https:\/\/www.markt-kom.com\/wp-content\/uploads\/2025\/04\/wep-1.jpg\"><img class=\"size-full wp-image-233068\" src=\"https:\/\/www.markt-kom.com\/wp-content\/uploads\/2025\/04\/wep-1.jpg\" sizes=\"(max-width: 1200px) 100vw, 1200px\" srcset=\"https:\/\/www.markt-kom.com\/wp-content\/uploads\/2025\/04\/wep-1.jpg 1200w, https:\/\/www.markt-kom.com\/wp-content\/uploads\/2025\/04\/wep-1-600x450.jpg 600w, https:\/\/www.markt-kom.com\/wp-content\/uploads\/2025\/04\/wep-1-1024x768.jpg 1024w, https:\/\/www.markt-kom.com\/wp-content\/uploads\/2025\/04\/wep-1-768x576.jpg 768w, https:\/\/www.markt-kom.com\/wp-content\/uploads\/2025\/04\/wep-1-16x12.jpg 16w, https:\/\/www.markt-kom.com\/wp-content\/uploads\/2025\/04\/wep-1-233x175.jpg 233w, https:\/\/www.markt-kom.com\/wp-content\/uploads\/2025\/04\/wep-1-467x350.jpg 467w, https:\/\/www.markt-kom.com\/wp-content\/uploads\/2025\/04\/wep-1-1000x750.jpg 1000w\" alt=\"\" width=\"1200\" height=\"900\" \/><\/a>\r\n<figcaption id=\"caption-attachment-233068\" class=\"wp-caption-text\">(Image : Anna Kohler)<\/figcaption>\r\n<\/figure>\r\n<p>Lors de la League of Leading Ladies Conference 2025 \u00e0 Interlaken, Dalith Steiger-Gablinger a \u00e9t\u00e9 honor\u00e9e par l'Empowering Women Award. La cofondatrice du hub d'intelligence artificielle SwissCognitive a \u00e9t\u00e9 r\u00e9compens\u00e9e pour son engagement de longue date en faveur de la promotion des femmes dans les m\u00e9tiers li\u00e9s \u00e0 la technologie.<\/p>\r\n<p>Steiger est consid\u00e9r\u00e9e comme l'une des voix les plus en vue dans le domaine de l'intelligence artificielle et poursuit dans ce contexte une approche marqu\u00e9e par la soci\u00e9t\u00e9. Cette math\u00e9maticienne et informaticienne de gestion dipl\u00f4m\u00e9e de l'Universit\u00e9 de Zurich souligne r\u00e9guli\u00e8rement le r\u00f4le de l'IA en tant qu'outil de progr\u00e8s social et d'\u00e9galit\u00e9.<\/p>\r\n<p>Le jury - compos\u00e9 de Charlotte Parnack (<em>Le temps<\/em>), Ulrich Rotzinger (<em>Vue<\/em>) et Sandra-Stella Triebl (<em>Magazine Ladies Drive<\/em>) - a justifi\u00e9 sa d\u00e9cision par le fait que Steiger incarne \"l'esprit du temps comme personne d'autre\". \"Elle repr\u00e9sente l'empowerment dans un domaine o\u00f9 les femmes ont urgemment besoin de plus de visibilit\u00e9 et de voix\". Ceci par exemple par son soutien \u00e0 des initiatives telles que Women in AI, Girls Can Code ou TechFace ou en tant que mentor.<\/p>\r\n<p>L'objectif de Steiger est de motiver les femmes du monde entier \u00e0 s'engager dans des domaines professionnels domin\u00e9s par les hommes : \"Je veux inspirer les femmes du monde entier et leur montrer que la technologie n'est pas seulement un domaine masculin - elle nous appartient (et nous aide) toutes\", a-t-elle d\u00e9clar\u00e9 lors de la remise du prix.<\/p>\r\n<p>Depuis 2022, l'Empowering Women Award est d\u00e9cern\u00e9 lors de la conf\u00e9rence annuelle League of Leading Ladies, qui r\u00e9unit des leaders internationaux du monde des affaires, des sciences et de la soci\u00e9t\u00e9. Il s'agissait de la douzi\u00e8me \u00e9dition de cette conf\u00e9rence.<\/p>\r\n<p>Partenaire de longue date de la manifestation, Porsche Suisse a soulign\u00e9 l'importance de la pens\u00e9e visionnaire : \"La v\u00e9ritable innovation na\u00eet lorsque nous avons le courage d'imaginer la nouveaut\u00e9\", a d\u00e9clar\u00e9 le CEO Holger Gerrmann. Selon lui, cette distinction est l'expression de cette exigence.<\/p>\r\n<figure id=\"attachment_233069\" class=\"wp-caption aligncenter\" style=\"width: 1050px;\" aria-describedby=\"caption-attachment-233069\"><a href=\"https:\/\/www.markt-kom.com\/wp-content\/uploads\/2025\/04\/wep-2-scaled.jpg\"><img class=\"size-full wp-image-233069\" src=\"https:\/\/www.markt-kom.com\/wp-content\/uploads\/2025\/04\/wep-2-scaled.jpg\" sizes=\"(max-width: 1050px) 100vw, 1050px\" srcset=\"https:\/\/www.markt-kom.com\/wp-content\/uploads\/2025\/04\/wep-2-scaled.jpg 750w, https:\/\/www.markt-kom.com\/wp-content\/uploads\/2025\/04\/wep-2-450x600.jpg 450w, https:\/\/www.markt-kom.com\/wp-content\/uploads\/2025\/04\/wep-2-768x1024.jpg 768w, https:\/\/www.markt-kom.com\/wp-content\/uploads\/2025\/04\/wep-2-1152x1536.jpg 1152w, https:\/\/www.markt-kom.com\/wp-content\/uploads\/2025\/04\/wep-2-9x12.jpg 9w, https:\/\/www.markt-kom.com\/wp-content\/uploads\/2025\/04\/wep-2-131x175.jpg 131w, https:\/\/www.markt-kom.com\/wp-content\/uploads\/2025\/04\/wep-2-263x350.jpg 263w, https:\/\/www.markt-kom.com\/wp-content\/uploads\/2025\/04\/wep-2-600x800.jpg 600w\" alt=\"\" width=\"1050\" height=\"1400\" \/><\/a>\r\n<figcaption id=\"caption-attachment-233069\" class=\"wp-caption-text\">Dalith Steiger en compagnie du CEO de Porsche Holger Gerrmann. (Photo : Anna Kohler)<\/figcaption>\r\n<\/figure>","protected":false},"excerpt":{"rendered":"<p>L'entrepreneuse et experte en IA Dalith Steiger a \u00e9t\u00e9 r\u00e9compens\u00e9e par l'Empowering Women Award lors de la League of Leading Ladies Conference de cette ann\u00e9e \u00e0 Interlaken. Le jury a ainsi r\u00e9compens\u00e9 son engagement en faveur de l'autonomisation des femmes dans les domaines de la technologie, de l'\u00e9conomie et de la soci\u00e9t\u00e9.<\/p>","protected":false},"author":8,"featured_media":0,"comment_status":"closed","ping_status":"closed","sticky":false,"template":"","format":"standard","meta":{"_acf_changed":false,"_yoast_wpseo_focuskw":"Dalith Steiger","_yoast_wpseo_metadesc":"Die Unternehmerin Dalith Steiger ist an der League of Leading Ladies Conference mit dem Empowering Women Award ausgezeichnet worden.","articlekey":"","footnotes":""},"categories":[28],"tags":[66,4523,500,5265],"class_list":["post-37511","post","type-post","status-publish","format-standard","hentry","category-management","tag-awards","tag-ladies-drive","tag-unternehmerin","tag-women-empowering-award"],"acf":[],"yoast_head":"<!-- This site is optimized with the Yoast SEO plugin v27.5 - https:\/\/yoast.com\/product\/yoast-seo-wordpress\/ -->\n<title>Dalith Steiger erh\u00e4lt Empowering Women Award 2025 - Organisator<\/title>\n<meta name=\"description\" content=\"Die Unternehmerin Dalith Steiger ist an der League of Leading Ladies Conference mit dem Empowering Women Award ausgezeichnet worden.\" \/>\n<meta name=\"robots\" content=\"index, follow, max-snippet:-1, max-image-preview:large, max-video-preview:-1\" \/>\n<link rel=\"canonical\" href=\"https:\/\/www.organisator.ch\/fr\/gestion-2\/2025-04-07\/dalith-steiger-erhaelt-empowering-women-award-2025\/\" \/>\n<meta property=\"og:locale\" content=\"fr_FR\" \/>\n<meta property=\"og:type\" content=\"article\" \/>\n<meta property=\"og:title\" content=\"Dalith Steiger erh\u00e4lt Empowering Women Award 2025 - Organisator\" \/>\n<meta property=\"og:description\" content=\"Die Unternehmerin Dalith Steiger ist an der League of Leading Ladies Conference mit dem Empowering Women Award ausgezeichnet worden.\" \/>\n<meta property=\"og:url\" content=\"https:\/\/www.organisator.ch\/fr\/gestion-2\/2025-04-07\/dalith-steiger-erhaelt-empowering-women-award-2025\/\" \/>\n<meta property=\"og:site_name\" content=\"Organisator\" \/>\n<meta property=\"article:publisher\" content=\"https:\/\/www.facebook.com\/OrganisatorFachmagazin\" \/>\n<meta property=\"article:published_time\" content=\"2025-04-07T18:34:53+00:00\" \/>\n<meta property=\"article:modified_time\" content=\"2025-04-08T06:02:01+00:00\" \/>\n<meta name=\"author\" content=\"galledia\" \/>\n<meta name=\"twitter:card\" content=\"summary_large_image\" \/>\n<meta name=\"twitter:creator\" content=\"@admin\" \/>\n<script type=\"application\/ld+json\" class=\"yoast-schema-graph\">{\"@context\":\"https:\\\/\\\/schema.org\",\"@graph\":[{\"@type\":\"Article\",\"@id\":\"https:\\\/\\\/www.organisator.ch\\\/management\\\/2025-04-07\\\/dalith-steiger-erhaelt-empowering-women-award-2025\\\/#article\",\"isPartOf\":{\"@id\":\"https:\\\/\\\/www.organisator.ch\\\/management\\\/2025-04-07\\\/dalith-steiger-erhaelt-empowering-women-award-2025\\\/\"},\"author\":{\"name\":\"galledia\",\"@id\":\"https:\\\/\\\/www.organisator.ch\\\/#\\\/schema\\\/person\\\/4e51799071cd2dd1232ac003643ef5f0\"},\"headline\":\"Dalith Steiger erh\u00e4lt Empowering Women Award 2025\",\"datePublished\":\"2025-04-07T18:34:53+00:00\",\"dateModified\":\"2025-04-08T06:02:01+00:00\",\"mainEntityOfPage\":{\"@id\":\"https:\\\/\\\/www.organisator.ch\\\/management\\\/2025-04-07\\\/dalith-steiger-erhaelt-empowering-women-award-2025\\\/\"},\"wordCount\":295,\"publisher\":{\"@id\":\"https:\\\/\\\/www.organisator.ch\\\/#organization\"},\"image\":{\"@id\":\"https:\\\/\\\/www.organisator.ch\\\/management\\\/2025-04-07\\\/dalith-steiger-erhaelt-empowering-women-award-2025\\\/#primaryimage\"},\"thumbnailUrl\":\"https:\\\/\\\/www.markt-kom.com\\\/wp-content\\\/uploads\\\/2025\\\/04\\\/wep-1.jpg\",\"keywords\":[\"Awards\",\"Ladies Drive\",\"Unternehmerin\",\"Women Empowering Award\"],\"articleSection\":[\"MANAGEMENT\"],\"inLanguage\":\"fr-FR\"},{\"@type\":\"WebPage\",\"@id\":\"https:\\\/\\\/www.organisator.ch\\\/management\\\/2025-04-07\\\/dalith-steiger-erhaelt-empowering-women-award-2025\\\/\",\"url\":\"https:\\\/\\\/www.organisator.ch\\\/management\\\/2025-04-07\\\/dalith-steiger-erhaelt-empowering-women-award-2025\\\/\",\"name\":\"Dalith Steiger erh\u00e4lt Empowering Women Award 2025 - Organisator\",\"isPartOf\":{\"@id\":\"https:\\\/\\\/www.organisator.ch\\\/#website\"},\"primaryImageOfPage\":{\"@id\":\"https:\\\/\\\/www.organisator.ch\\\/management\\\/2025-04-07\\\/dalith-steiger-erhaelt-empowering-women-award-2025\\\/#primaryimage\"},\"image\":{\"@id\":\"https:\\\/\\\/www.organisator.ch\\\/management\\\/2025-04-07\\\/dalith-steiger-erhaelt-empowering-women-award-2025\\\/#primaryimage\"},\"thumbnailUrl\":\"https:\\\/\\\/www.markt-kom.com\\\/wp-content\\\/uploads\\\/2025\\\/04\\\/wep-1.jpg\",\"datePublished\":\"2025-04-07T18:34:53+00:00\",\"dateModified\":\"2025-04-08T06:02:01+00:00\",\"description\":\"Die Unternehmerin Dalith Steiger ist an der League of Leading Ladies Conference mit dem Empowering Women Award ausgezeichnet worden.\",\"breadcrumb\":{\"@id\":\"https:\\\/\\\/www.organisator.ch\\\/management\\\/2025-04-07\\\/dalith-steiger-erhaelt-empowering-women-award-2025\\\/#breadcrumb\"},\"inLanguage\":\"fr-FR\",\"potentialAction\":[{\"@type\":\"ReadAction\",\"target\":[\"https:\\\/\\\/www.organisator.ch\\\/management\\\/2025-04-07\\\/dalith-steiger-erhaelt-empowering-women-award-2025\\\/\"]}]},{\"@type\":\"ImageObject\",\"inLanguage\":\"fr-FR\",\"@id\":\"https:\\\/\\\/www.organisator.ch\\\/management\\\/2025-04-07\\\/dalith-steiger-erhaelt-empowering-women-award-2025\\\/#primaryimage\",\"url\":\"https:\\\/\\\/www.markt-kom.com\\\/wp-content\\\/uploads\\\/2025\\\/04\\\/wep-1.jpg\",\"contentUrl\":\"https:\\\/\\\/www.markt-kom.com\\\/wp-content\\\/uploads\\\/2025\\\/04\\\/wep-1.jpg\"},{\"@type\":\"BreadcrumbList\",\"@id\":\"https:\\\/\\\/www.organisator.ch\\\/management\\\/2025-04-07\\\/dalith-steiger-erhaelt-empowering-women-award-2025\\\/#breadcrumb\",\"itemListElement\":[{\"@type\":\"ListItem\",\"position\":1,\"name\":\"Home\",\"item\":\"https:\\\/\\\/www.organisator.ch\\\/\"},{\"@type\":\"ListItem\",\"position\":2,\"name\":\"Dalith Steiger erh\u00e4lt Empowering Women Award 2025\"}]},{\"@type\":\"WebSite\",\"@id\":\"https:\\\/\\\/www.organisator.ch\\\/#website\",\"url\":\"https:\\\/\\\/www.organisator.ch\\\/\",\"name\":\"Organisator\",\"description\":\"Kompetent. Praxisnah. Der ORGANISATOR bereitet in 10 Ausgaben pro Jahr die wesentlichen Themen f\u00fcr F\u00fchrungskr\u00e4fte von KMU auf.\",\"publisher\":{\"@id\":\"https:\\\/\\\/www.organisator.ch\\\/#organization\"},\"potentialAction\":[{\"@type\":\"SearchAction\",\"target\":{\"@type\":\"EntryPoint\",\"urlTemplate\":\"https:\\\/\\\/www.organisator.ch\\\/?s={search_term_string}\"},\"query-input\":{\"@type\":\"PropertyValueSpecification\",\"valueRequired\":true,\"valueName\":\"search_term_string\"}}],\"inLanguage\":\"fr-FR\"},{\"@type\":\"Organization\",\"@id\":\"https:\\\/\\\/www.organisator.ch\\\/#organization\",\"name\":\"Organisator\",\"url\":\"https:\\\/\\\/www.organisator.ch\\\/\",\"logo\":{\"@type\":\"ImageObject\",\"inLanguage\":\"fr-FR\",\"@id\":\"https:\\\/\\\/www.organisator.ch\\\/#\\\/schema\\\/logo\\\/image\\\/\",\"url\":\"https:\\\/\\\/www.organisator.ch\\\/wp-content\\\/uploads\\\/2022\\\/01\\\/Logo_Organisator_Website.png\",\"contentUrl\":\"https:\\\/\\\/www.organisator.ch\\\/wp-content\\\/uploads\\\/2022\\\/01\\\/Logo_Organisator_Website.png\",\"width\":800,\"height\":77,\"caption\":\"Organisator\"},\"image\":{\"@id\":\"https:\\\/\\\/www.organisator.ch\\\/#\\\/schema\\\/logo\\\/image\\\/\"},\"sameAs\":[\"https:\\\/\\\/www.facebook.com\\\/OrganisatorFachmagazin\",\"https:\\\/\\\/www.linkedin.com\\\/showcase\\\/organisator-das-magazin-fr-kmu\",\"https:\\\/\\\/www.xing.com\\\/news\\\/pages\\\/organisator-ch-695\",\"https:\\\/\\\/www.youtube.com\\\/channel\\\/UCGP2Sq0iWaZwT3BdIAQFYpw\"]},{\"@type\":\"Person\",\"@id\":\"https:\\\/\\\/www.organisator.ch\\\/#\\\/schema\\\/person\\\/4e51799071cd2dd1232ac003643ef5f0\",\"name\":\"galledia\",\"image\":{\"@type\":\"ImageObject\",\"inLanguage\":\"fr-FR\",\"@id\":\"https:\\\/\\\/secure.gravatar.com\\\/avatar\\\/78a7f90c01fc2bfc875782a0d4922b37cde2cf184ce347b91316d23cd7f69a36?s=96&d=mm&r=g\",\"url\":\"https:\\\/\\\/secure.gravatar.com\\\/avatar\\\/78a7f90c01fc2bfc875782a0d4922b37cde2cf184ce347b91316d23cd7f69a36?s=96&d=mm&r=g\",\"contentUrl\":\"https:\\\/\\\/secure.gravatar.com\\\/avatar\\\/78a7f90c01fc2bfc875782a0d4922b37cde2cf184ce347b91316d23cd7f69a36?s=96&d=mm&r=g\",\"caption\":\"galledia\"},\"sameAs\":[\"https:\\\/\\\/x.com\\\/admin\"],\"url\":\"https:\\\/\\\/www.organisator.ch\\\/fr\\\/author\\\/galledia\\\/\"}]}<\/script>\n<!-- \/ Yoast SEO plugin. -->","yoast_head_json":{"title":"Dalith Steiger re\u00e7oit le prix \"Empowering Women 2025\" - Organisateur","description":"L'entrepreneuse Dalith Steiger a \u00e9t\u00e9 r\u00e9compens\u00e9e par l'Empowering Women Award lors de la League of Leading Ladies Conference.","robots":{"index":"index","follow":"follow","max-snippet":"max-snippet:-1","max-image-preview":"max-image-preview:large","max-video-preview":"max-video-preview:-1"},"canonical":"https:\/\/www.organisator.ch\/fr\/gestion-2\/2025-04-07\/dalith-steiger-erhaelt-empowering-women-award-2025\/","og_locale":"fr_FR","og_type":"article","og_title":"Dalith Steiger erh\u00e4lt Empowering Women Award 2025 - Organisator","og_description":"Die Unternehmerin Dalith Steiger ist an der League of Leading Ladies Conference mit dem Empowering Women Award ausgezeichnet worden.","og_url":"https:\/\/www.organisator.ch\/fr\/gestion-2\/2025-04-07\/dalith-steiger-erhaelt-empowering-women-award-2025\/","og_site_name":"Organisator","article_publisher":"https:\/\/www.facebook.com\/OrganisatorFachmagazin","article_published_time":"2025-04-07T18:34:53+00:00","article_modified_time":"2025-04-08T06:02:01+00:00","author":"galledia","twitter_card":"summary_large_image","twitter_creator":"@admin","schema":{"@context":"https:\/\/schema.org","@graph":[{"@type":"Article","@id":"https:\/\/www.organisator.ch\/management\/2025-04-07\/dalith-steiger-erhaelt-empowering-women-award-2025\/#article","isPartOf":{"@id":"https:\/\/www.organisator.ch\/management\/2025-04-07\/dalith-steiger-erhaelt-empowering-women-award-2025\/"},"author":{"name":"galledia","@id":"https:\/\/www.organisator.ch\/#\/schema\/person\/4e51799071cd2dd1232ac003643ef5f0"},"headline":"Dalith Steiger erh\u00e4lt Empowering Women Award 2025","datePublished":"2025-04-07T18:34:53+00:00","dateModified":"2025-04-08T06:02:01+00:00","mainEntityOfPage":{"@id":"https:\/\/www.organisator.ch\/management\/2025-04-07\/dalith-steiger-erhaelt-empowering-women-award-2025\/"},"wordCount":295,"publisher":{"@id":"https:\/\/www.organisator.ch\/#organization"},"image":{"@id":"https:\/\/www.organisator.ch\/management\/2025-04-07\/dalith-steiger-erhaelt-empowering-women-award-2025\/#primaryimage"},"thumbnailUrl":"https:\/\/www.markt-kom.com\/wp-content\/uploads\/2025\/04\/wep-1.jpg","keywords":["Awards","Ladies Drive","Unternehmerin","Women Empowering Award"],"articleSection":["MANAGEMENT"],"inLanguage":"fr-FR"},{"@type":"WebPage","@id":"https:\/\/www.organisator.ch\/management\/2025-04-07\/dalith-steiger-erhaelt-empowering-women-award-2025\/","url":"https:\/\/www.organisator.ch\/management\/2025-04-07\/dalith-steiger-erhaelt-empowering-women-award-2025\/","name":"Dalith Steiger re\u00e7oit le prix \"Empowering Women 2025\" - Organisateur","isPartOf":{"@id":"https:\/\/www.organisator.ch\/#website"},"primaryImageOfPage":{"@id":"https:\/\/www.organisator.ch\/management\/2025-04-07\/dalith-steiger-erhaelt-empowering-women-award-2025\/#primaryimage"},"image":{"@id":"https:\/\/www.organisator.ch\/management\/2025-04-07\/dalith-steiger-erhaelt-empowering-women-award-2025\/#primaryimage"},"thumbnailUrl":"https:\/\/www.markt-kom.com\/wp-content\/uploads\/2025\/04\/wep-1.jpg","datePublished":"2025-04-07T18:34:53+00:00","dateModified":"2025-04-08T06:02:01+00:00","description":"L'entrepreneuse Dalith Steiger a \u00e9t\u00e9 r\u00e9compens\u00e9e par l'Empowering Women Award lors de la League of Leading Ladies Conference.","breadcrumb":{"@id":"https:\/\/www.organisator.ch\/management\/2025-04-07\/dalith-steiger-erhaelt-empowering-women-award-2025\/#breadcrumb"},"inLanguage":"fr-FR","potentialAction":[{"@type":"ReadAction","target":["https:\/\/www.organisator.ch\/management\/2025-04-07\/dalith-steiger-erhaelt-empowering-women-award-2025\/"]}]},{"@type":"ImageObject","inLanguage":"fr-FR","@id":"https:\/\/www.organisator.ch\/management\/2025-04-07\/dalith-steiger-erhaelt-empowering-women-award-2025\/#primaryimage","url":"https:\/\/www.markt-kom.com\/wp-content\/uploads\/2025\/04\/wep-1.jpg","contentUrl":"https:\/\/www.markt-kom.com\/wp-content\/uploads\/2025\/04\/wep-1.jpg"},{"@type":"BreadcrumbList","@id":"https:\/\/www.organisator.ch\/management\/2025-04-07\/dalith-steiger-erhaelt-empowering-women-award-2025\/#breadcrumb","itemListElement":[{"@type":"ListItem","position":1,"name":"Home","item":"https:\/\/www.organisator.ch\/"},{"@type":"ListItem","position":2,"name":"Dalith Steiger erh\u00e4lt Empowering Women Award 2025"}]},{"@type":"WebSite","@id":"https:\/\/www.organisator.ch\/#website","url":"https:\/\/www.organisator.ch\/","name":"Organisateur","description":"Comp\u00e9tence et comp\u00e9tence. Proches de la pratique. L'ORGANISATEUR pr\u00e9pare 10 num\u00e9ros par an sur les th\u00e8mes essentiels pour les dirigeants de PME.","publisher":{"@id":"https:\/\/www.organisator.ch\/#organization"},"potentialAction":[{"@type":"SearchAction","target":{"@type":"EntryPoint","urlTemplate":"https:\/\/www.organisator.ch\/?s={search_term_string}"},"query-input":{"@type":"PropertyValueSpecification","valueRequired":true,"valueName":"search_term_string"}}],"inLanguage":"fr-FR"},{"@type":"Organization","@id":"https:\/\/www.organisator.ch\/#organization","name":"Organisateur","url":"https:\/\/www.organisator.ch\/","logo":{"@type":"ImageObject","inLanguage":"fr-FR","@id":"https:\/\/www.organisator.ch\/#\/schema\/logo\/image\/","url":"https:\/\/www.organisator.ch\/wp-content\/uploads\/2022\/01\/Logo_Organisator_Website.png","contentUrl":"https:\/\/www.organisator.ch\/wp-content\/uploads\/2022\/01\/Logo_Organisator_Website.png","width":800,"height":77,"caption":"Organisator"},"image":{"@id":"https:\/\/www.organisator.ch\/#\/schema\/logo\/image\/"},"sameAs":["https:\/\/www.facebook.com\/OrganisatorFachmagazin","https:\/\/www.linkedin.com\/showcase\/organisator-das-magazin-fr-kmu","https:\/\/www.xing.com\/news\/pages\/organisator-ch-695","https:\/\/www.youtube.com\/channel\/UCGP2Sq0iWaZwT3BdIAQFYpw"]},{"@type":"Person","@id":"https:\/\/www.organisator.ch\/#\/schema\/person\/4e51799071cd2dd1232ac003643ef5f0","name":"galledia","image":{"@type":"ImageObject","inLanguage":"fr-FR","@id":"https:\/\/secure.gravatar.com\/avatar\/78a7f90c01fc2bfc875782a0d4922b37cde2cf184ce347b91316d23cd7f69a36?s=96&d=mm&r=g","url":"https:\/\/secure.gravatar.com\/avatar\/78a7f90c01fc2bfc875782a0d4922b37cde2cf184ce347b91316d23cd7f69a36?s=96&d=mm&r=g","contentUrl":"https:\/\/secure.gravatar.com\/avatar\/78a7f90c01fc2bfc875782a0d4922b37cde2cf184ce347b91316d23cd7f69a36?s=96&d=mm&r=g","caption":"galledia"},"sameAs":["https:\/\/x.com\/admin"],"url":"https:\/\/www.organisator.ch\/fr\/author\/galledia\/"}]}},"_links":{"self":[{"href":"https:\/\/www.organisator.ch\/fr\/wp-json\/wp\/v2\/posts\/37511","targetHints":{"allow":["GET"]}}],"collection":[{"href":"https:\/\/www.organisator.ch\/fr\/wp-json\/wp\/v2\/posts"}],"about":[{"href":"https:\/\/www.organisator.ch\/fr\/wp-json\/wp\/v2\/types\/post"}],"author":[{"embeddable":true,"href":"https:\/\/www.organisator.ch\/fr\/wp-json\/wp\/v2\/users\/8"}],"replies":[{"embeddable":true,"href":"https:\/\/www.organisator.ch\/fr\/wp-json\/wp\/v2\/comments?post=37511"}],"version-history":[{"count":4,"href":"https:\/\/www.organisator.ch\/fr\/wp-json\/wp\/v2\/posts\/37511\/revisions"}],"predecessor-version":[{"id":37518,"href":"https:\/\/www.organisator.ch\/fr\/wp-json\/wp\/v2\/posts\/37511\/revisions\/37518"}],"wp:attachment":[{"href":"https:\/\/www.organisator.ch\/fr\/wp-json\/wp\/v2\/media?parent=37511"}],"wp:term":[{"taxonomy":"category","embeddable":true,"href":"https:\/\/www.organisator.ch\/fr\/wp-json\/wp\/v2\/categories?post=37511"},{"taxonomy":"post_tag","embeddable":true,"href":"https:\/\/www.organisator.ch\/fr\/wp-json\/wp\/v2\/tags?post=37511"}],"curies":[{"name":"wp","href":"https:\/\/api.w.org\/{rel}","templated":true}]}}