{"id":37582,"date":"2025-04-09T17:28:05","date_gmt":"2025-04-09T15:28:05","guid":{"rendered":"https:\/\/www.markt-kom.com\/?p=233185"},"modified":"2025-04-10T08:00:36","modified_gmt":"2025-04-10T06:00:36","slug":"rebranding-und-website-relaunch-fuer-bellprat-partner","status":"publish","type":"post","link":"https:\/\/www.organisator.ch\/fr\/marketing\/2025-04-09\/rebranding-und-website-relaunch-fuer-bellprat-partner\/","title":{"rendered":"Rebranding et relance du site web pour les partenaires de Bellprat"},"content":{"rendered":"<figure id=\"attachment_233186\" class=\"wp-caption aligncenter\" style=\"width: 1400px;\" aria-describedby=\"caption-attachment-233186\"><a href=\"https:\/\/www.markt-kom.com\/wp-content\/uploads\/2025\/04\/v.l.n.r.-Arnau-BellpXavier-Bellprat-scaled.jpg\"><img class=\"size-full wp-image-233186\" src=\"https:\/\/www.markt-kom.com\/wp-content\/uploads\/2025\/04\/v.l.n.r.-Arnau-BellpXavier-Bellprat-scaled.jpg\" sizes=\"(max-width: 1400px) 100vw, 1400px\" srcset=\"https:\/\/www.markt-kom.com\/wp-content\/uploads\/2025\/04\/v.l.n.r.-Arnau-BellpXavier-Bellprat-scaled.jpg 1300w, https:\/\/www.markt-kom.com\/wp-content\/uploads\/2025\/04\/v.l.n.r.-Arnau-BellpXavier-Bellprat-600x338.jpg 600w, https:\/\/www.markt-kom.com\/wp-content\/uploads\/2025\/04\/v.l.n.r.-Arnau-BellpXavier-Bellprat-1024x576.jpg 1024w, https:\/\/www.markt-kom.com\/wp-content\/uploads\/2025\/04\/v.l.n.r.-Arnau-BellpXavier-Bellprat-768x432.jpg 768w, https:\/\/www.markt-kom.com\/wp-content\/uploads\/2025\/04\/v.l.n.r.-Arnau-BellpXavier-Bellprat-1536x864.jpg 1536w, https:\/\/www.markt-kom.com\/wp-content\/uploads\/2025\/04\/v.l.n.r.-Arnau-BellpXavier-Bellprat-18x10.jpg 18w, https:\/\/www.markt-kom.com\/wp-content\/uploads\/2025\/04\/v.l.n.r.-Arnau-BellpXavier-Bellprat-311x175.jpg 311w, https:\/\/www.markt-kom.com\/wp-content\/uploads\/2025\/04\/v.l.n.r.-Arnau-BellpXavier-Bellprat-622x350.jpg 622w, https:\/\/www.markt-kom.com\/wp-content\/uploads\/2025\/04\/v.l.n.r.-Arnau-BellpXavier-Bellprat-1000x563.jpg 1000w\" alt=\"\" width=\"1400\" height=\"788\" \/><\/a>\r\n<figcaption id=\"caption-attachment-233186\" class=\"wp-caption-text\">L'\u00e9quipe de direction de Bellprat Partner (de g. \u00e0 dr.) : Arnau Bellprat, Marion H\u00e4ring, Markus G\u00f6b, Iwan Funk et Xavier Bellprat. (Photos : zVg. Bellprat Partner)<\/figcaption>\r\n<\/figure>\r\n<p>Le nouveau logo de Bellprat Partner est plus moderne, synonyme de flexibilit\u00e9 et de dynamisme, et s'adapte \u00e0 diff\u00e9rentes possibilit\u00e9s d'utilisation. Le site web remani\u00e9 met l'accent sur les projets et l'\u00e9quipe, offre une navigation intuitive et pr\u00e9sente le portefeuille de 44 ans de l'agence, des pavillons d'exposition aux mises en sc\u00e8ne touristiques.<\/p>\r\n<p><a href=\"https:\/\/www.markt-kom.com\/wp-content\/uploads\/2025\/04\/Projektuebersicht-de-auf-dem-Laptop-scaled.jpg\"><img class=\"aligncenter size-full wp-image-233188\" src=\"https:\/\/www.markt-kom.com\/wp-content\/uploads\/2025\/04\/Projektuebersicht-de-auf-dem-Laptop-scaled.jpg\" sizes=\"(max-width: 1400px) 100vw, 1400px\" srcset=\"https:\/\/www.markt-kom.com\/wp-content\/uploads\/2025\/04\/Projektuebersicht-de-auf-dem-Laptop-scaled.jpg 1300w, https:\/\/www.markt-kom.com\/wp-content\/uploads\/2025\/04\/Projektuebersicht-de-auf-dem-Laptop-600x400.jpg 600w, https:\/\/www.markt-kom.com\/wp-content\/uploads\/2025\/04\/Projektuebersicht-de-auf-dem-Laptop-1024x683.jpg 1024w, https:\/\/www.markt-kom.com\/wp-content\/uploads\/2025\/04\/Projektuebersicht-de-auf-dem-Laptop-768x512.jpg 768w, https:\/\/www.markt-kom.com\/wp-content\/uploads\/2025\/04\/Projektuebersicht-de-auf-dem-Laptop-1536x1024.jpg 1536w, https:\/\/www.markt-kom.com\/wp-content\/uploads\/2025\/04\/Projektuebersicht-de-auf-dem-Laptop-2048x1365.jpg 2048w, https:\/\/www.markt-kom.com\/wp-content\/uploads\/2025\/04\/Projektuebersicht-de-auf-dem-Laptop-18x12.jpg 18w, https:\/\/www.markt-kom.com\/wp-content\/uploads\/2025\/04\/Projektuebersicht-de-auf-dem-Laptop-263x175.jpg 263w, https:\/\/www.markt-kom.com\/wp-content\/uploads\/2025\/04\/Projektuebersicht-de-auf-dem-Laptop-525x350.jpg 525w, https:\/\/www.markt-kom.com\/wp-content\/uploads\/2025\/04\/Projektuebersicht-de-auf-dem-Laptop-1000x667.jpg 1000w\" alt=\"\" width=\"1400\" height=\"933\" \/><\/a><\/p>\r\n<p>Parall\u00e8lement au renouvellement visuel, la structure de direction a \u00e9galement \u00e9t\u00e9 renforc\u00e9e : le directeur cr\u00e9atif Arnau Bellprat, le co-directeur g\u00e9n\u00e9ral Markus G\u00f6b et le co-directeur g\u00e9n\u00e9ral Iwan Funk prennent en charge la direction op\u00e9rationnelle, soutenus par Marion H\u00e4ring en tant que Head of People and Culture dans la direction \u00e9largie. Xavier Bellprat, fondateur de l'entreprise, partenaire et toujours directeur cr\u00e9atif, continuera \u00e0 apporter activement sa longue expertise dans diff\u00e9rents projets sp\u00e9cifiques. L'\u00e9quipe actuelle de Bellprat Partner est g\u00e9n\u00e9ralement plus interdisciplinaire : Des experts en sc\u00e9nographie, architecture, design d'interaction et graphisme travaillent ensemble en \u00e9troite collaboration.<\/p>\r\n<p><a href=\"https:\/\/www.markt-kom.com\/wp-content\/uploads\/2025\/04\/Landingpage-der-neuee-auf-dem-Handy-scaled.jpg\"><img class=\"attachment-full size-full\" src=\"https:\/\/www.markt-kom.com\/wp-content\/uploads\/2025\/04\/Landingpage-der-neuee-auf-dem-Handy-scaled.jpg\" sizes=\"(max-width: 666px) 100vw, 666px\" srcset=\"https:\/\/www.markt-kom.com\/wp-content\/uploads\/2025\/04\/Landingpage-der-neuee-auf-dem-Handy-scaled.jpg 666w, https:\/\/www.markt-kom.com\/wp-content\/uploads\/2025\/04\/Landingpage-der-neuee-auf-dem-Handy-400x600.jpg 400w, https:\/\/www.markt-kom.com\/wp-content\/uploads\/2025\/04\/Landingpage-der-neuee-auf-dem-Handy-768x1152.jpg 667w, https:\/\/www.markt-kom.com\/wp-content\/uploads\/2025\/04\/Landingpage-der-neuee-auf-dem-Handy-1024x1536.jpg 1024w, https:\/\/www.markt-kom.com\/wp-content\/uploads\/2025\/04\/Landingpage-der-neuee-auf-dem-Handy-1365x2048.jpg 1365w, https:\/\/www.markt-kom.com\/wp-content\/uploads\/2025\/04\/Landingpage-der-neuee-auf-dem-Handy-8x12.jpg 8w, https:\/\/www.markt-kom.com\/wp-content\/uploads\/2025\/04\/Landingpage-der-neuee-auf-dem-Handy-117x175.jpg 117w, https:\/\/www.markt-kom.com\/wp-content\/uploads\/2025\/04\/Landingpage-der-neuee-auf-dem-Handy-233x350.jpg 233w, https:\/\/www.markt-kom.com\/wp-content\/uploads\/2025\/04\/Landingpage-der-neuee-auf-dem-Handy-533x800.jpg 533w\" alt=\"\" width=\"666\" height=\"1000\" \/><\/a> <a href=\"https:\/\/www.markt-kom.com\/wp-content\/uploads\/2025\/04\/Visitenkarten-mit-neuem-Logo-scaled.jpg\"><img class=\"attachment-full size-full\" src=\"https:\/\/www.markt-kom.com\/wp-content\/uploads\/2025\/04\/Visitenkarten-mit-neuem-Logo-scaled.jpg\" sizes=\"(max-width: 666px) 100vw, 666px\" srcset=\"https:\/\/www.markt-kom.com\/wp-content\/uploads\/2025\/04\/Visitenkarten-mit-neuem-Logo-scaled.jpg 666w, https:\/\/www.markt-kom.com\/wp-content\/uploads\/2025\/04\/Visitenkarten-mit-neuem-Logo-400x600.jpg 400w, https:\/\/www.markt-kom.com\/wp-content\/uploads\/2025\/04\/Visitenkarten-mit-neuem-Logo-768x1152.jpg 667w, https:\/\/www.markt-kom.com\/wp-content\/uploads\/2025\/04\/Visitenkarten-mit-neuem-Logo-1024x1536.jpg 1024w, https:\/\/www.markt-kom.com\/wp-content\/uploads\/2025\/04\/Visitenkarten-mit-neuem-Logo-1365x2048.jpg 1365w, https:\/\/www.markt-kom.com\/wp-content\/uploads\/2025\/04\/Visitenkarten-mit-neuem-Logo-8x12.jpg 8w, https:\/\/www.markt-kom.com\/wp-content\/uploads\/2025\/04\/Visitenkarten-mit-neuem-Logo-117x175.jpg 117w, https:\/\/www.markt-kom.com\/wp-content\/uploads\/2025\/04\/Visitenkarten-mit-neuem-Logo-233x350.jpg 233w, https:\/\/www.markt-kom.com\/wp-content\/uploads\/2025\/04\/Visitenkarten-mit-neuem-Logo-533x800.jpg 533w\" alt=\"\" width=\"666\" height=\"1000\" \/><\/a><\/p>","protected":false},"excerpt":{"rendered":"<p>L'agence zurichoise Bellprat Partner a modernis\u00e9 la pr\u00e9sence de sa marque avec un rebranding complet et un nouveau site web. Avec cette nouvelle pr\u00e9sentation, l'agence cl\u00f4t une phase de transformation qui allie son ADN cr\u00e9atif \u00e0 une vision tourn\u00e9e vers l'avenir.<\/p>","protected":false},"author":8,"featured_media":0,"comment_status":"closed","ping_status":"closed","sticky":false,"template":"","format":"standard","meta":{"_acf_changed":false,"_yoast_wpseo_focuskw":"Rebranding","_yoast_wpseo_metadesc":"Die Z\u00fcrcher Agentur Bellprat Partner hat ihre Markenpr\u00e4senz mit einem umfassenden Rebranding und einer neuen Website modernisiert.","articlekey":"","footnotes":""},"categories":[29],"tags":[5273,4345,2851],"class_list":["post-37582","post","type-post","status-publish","format-standard","hentry","category-marketing","tag-bellprat-partner","tag-business","tag-rebranding"],"acf":[],"yoast_head":"<!-- This site is optimized with the Yoast SEO plugin v27.5 - https:\/\/yoast.com\/product\/yoast-seo-wordpress\/ -->\n<title>Rebranding und Website-Relaunch f\u00fcr Bellprat Partner - Organisator<\/title>\n<meta name=\"description\" content=\"Die Z\u00fcrcher Agentur Bellprat Partner hat ihre Markenpr\u00e4senz mit einem umfassenden Rebranding und einer neuen Website modernisiert.\" \/>\n<meta name=\"robots\" content=\"index, follow, max-snippet:-1, max-image-preview:large, max-video-preview:-1\" \/>\n<link rel=\"canonical\" href=\"https:\/\/www.organisator.ch\/fr\/marketing\/2025-04-09\/rebranding-und-website-relaunch-fuer-bellprat-partner\/\" \/>\n<meta property=\"og:locale\" content=\"fr_FR\" \/>\n<meta property=\"og:type\" content=\"article\" \/>\n<meta property=\"og:title\" content=\"Rebranding und Website-Relaunch f\u00fcr Bellprat Partner - Organisator\" \/>\n<meta property=\"og:description\" content=\"Die Z\u00fcrcher Agentur Bellprat Partner hat ihre Markenpr\u00e4senz mit einem umfassenden Rebranding und einer neuen Website modernisiert.\" \/>\n<meta property=\"og:url\" content=\"https:\/\/www.organisator.ch\/fr\/marketing\/2025-04-09\/rebranding-und-website-relaunch-fuer-bellprat-partner\/\" \/>\n<meta property=\"og:site_name\" content=\"Organisator\" \/>\n<meta property=\"article:publisher\" content=\"https:\/\/www.facebook.com\/OrganisatorFachmagazin\" \/>\n<meta property=\"article:published_time\" content=\"2025-04-09T15:28:05+00:00\" \/>\n<meta property=\"article:modified_time\" content=\"2025-04-10T06:00:36+00:00\" \/>\n<meta name=\"author\" content=\"galledia\" \/>\n<meta name=\"twitter:card\" content=\"summary_large_image\" \/>\n<meta name=\"twitter:creator\" content=\"@admin\" \/>\n<script type=\"application\/ld+json\" class=\"yoast-schema-graph\">{\"@context\":\"https:\\\/\\\/schema.org\",\"@graph\":[{\"@type\":\"Article\",\"@id\":\"https:\\\/\\\/www.organisator.ch\\\/marketing\\\/2025-04-09\\\/rebranding-und-website-relaunch-fuer-bellprat-partner\\\/#article\",\"isPartOf\":{\"@id\":\"https:\\\/\\\/www.organisator.ch\\\/marketing\\\/2025-04-09\\\/rebranding-und-website-relaunch-fuer-bellprat-partner\\\/\"},\"author\":{\"name\":\"galledia\",\"@id\":\"https:\\\/\\\/www.organisator.ch\\\/#\\\/schema\\\/person\\\/4e51799071cd2dd1232ac003643ef5f0\"},\"headline\":\"Rebranding und Website-Relaunch f\u00fcr Bellprat Partner\",\"datePublished\":\"2025-04-09T15:28:05+00:00\",\"dateModified\":\"2025-04-10T06:00:36+00:00\",\"mainEntityOfPage\":{\"@id\":\"https:\\\/\\\/www.organisator.ch\\\/marketing\\\/2025-04-09\\\/rebranding-und-website-relaunch-fuer-bellprat-partner\\\/\"},\"wordCount\":179,\"publisher\":{\"@id\":\"https:\\\/\\\/www.organisator.ch\\\/#organization\"},\"image\":{\"@id\":\"https:\\\/\\\/www.organisator.ch\\\/marketing\\\/2025-04-09\\\/rebranding-und-website-relaunch-fuer-bellprat-partner\\\/#primaryimage\"},\"thumbnailUrl\":\"https:\\\/\\\/www.markt-kom.com\\\/wp-content\\\/uploads\\\/2025\\\/04\\\/v.l.n.r.-Arnau-BellpXavier-Bellprat-scaled.jpg\",\"keywords\":[\"Bellprat Partner\",\"Business\",\"Rebranding\"],\"articleSection\":[\"MARKETING\"],\"inLanguage\":\"fr-FR\"},{\"@type\":\"WebPage\",\"@id\":\"https:\\\/\\\/www.organisator.ch\\\/marketing\\\/2025-04-09\\\/rebranding-und-website-relaunch-fuer-bellprat-partner\\\/\",\"url\":\"https:\\\/\\\/www.organisator.ch\\\/marketing\\\/2025-04-09\\\/rebranding-und-website-relaunch-fuer-bellprat-partner\\\/\",\"name\":\"Rebranding und Website-Relaunch f\u00fcr Bellprat Partner - Organisator\",\"isPartOf\":{\"@id\":\"https:\\\/\\\/www.organisator.ch\\\/#website\"},\"primaryImageOfPage\":{\"@id\":\"https:\\\/\\\/www.organisator.ch\\\/marketing\\\/2025-04-09\\\/rebranding-und-website-relaunch-fuer-bellprat-partner\\\/#primaryimage\"},\"image\":{\"@id\":\"https:\\\/\\\/www.organisator.ch\\\/marketing\\\/2025-04-09\\\/rebranding-und-website-relaunch-fuer-bellprat-partner\\\/#primaryimage\"},\"thumbnailUrl\":\"https:\\\/\\\/www.markt-kom.com\\\/wp-content\\\/uploads\\\/2025\\\/04\\\/v.l.n.r.-Arnau-BellpXavier-Bellprat-scaled.jpg\",\"datePublished\":\"2025-04-09T15:28:05+00:00\",\"dateModified\":\"2025-04-10T06:00:36+00:00\",\"description\":\"Die Z\u00fcrcher Agentur Bellprat Partner hat ihre Markenpr\u00e4senz mit einem umfassenden Rebranding und einer neuen Website modernisiert.\",\"breadcrumb\":{\"@id\":\"https:\\\/\\\/www.organisator.ch\\\/marketing\\\/2025-04-09\\\/rebranding-und-website-relaunch-fuer-bellprat-partner\\\/#breadcrumb\"},\"inLanguage\":\"fr-FR\",\"potentialAction\":[{\"@type\":\"ReadAction\",\"target\":[\"https:\\\/\\\/www.organisator.ch\\\/marketing\\\/2025-04-09\\\/rebranding-und-website-relaunch-fuer-bellprat-partner\\\/\"]}]},{\"@type\":\"ImageObject\",\"inLanguage\":\"fr-FR\",\"@id\":\"https:\\\/\\\/www.organisator.ch\\\/marketing\\\/2025-04-09\\\/rebranding-und-website-relaunch-fuer-bellprat-partner\\\/#primaryimage\",\"url\":\"https:\\\/\\\/www.markt-kom.com\\\/wp-content\\\/uploads\\\/2025\\\/04\\\/v.l.n.r.-Arnau-BellpXavier-Bellprat-scaled.jpg\",\"contentUrl\":\"https:\\\/\\\/www.markt-kom.com\\\/wp-content\\\/uploads\\\/2025\\\/04\\\/v.l.n.r.-Arnau-BellpXavier-Bellprat-scaled.jpg\"},{\"@type\":\"BreadcrumbList\",\"@id\":\"https:\\\/\\\/www.organisator.ch\\\/marketing\\\/2025-04-09\\\/rebranding-und-website-relaunch-fuer-bellprat-partner\\\/#breadcrumb\",\"itemListElement\":[{\"@type\":\"ListItem\",\"position\":1,\"name\":\"Home\",\"item\":\"https:\\\/\\\/www.organisator.ch\\\/\"},{\"@type\":\"ListItem\",\"position\":2,\"name\":\"Rebranding und Website-Relaunch f\u00fcr Bellprat Partner\"}]},{\"@type\":\"WebSite\",\"@id\":\"https:\\\/\\\/www.organisator.ch\\\/#website\",\"url\":\"https:\\\/\\\/www.organisator.ch\\\/\",\"name\":\"Organisator\",\"description\":\"Kompetent. Praxisnah. Der ORGANISATOR bereitet in 10 Ausgaben pro Jahr die wesentlichen Themen f\u00fcr F\u00fchrungskr\u00e4fte von KMU auf.\",\"publisher\":{\"@id\":\"https:\\\/\\\/www.organisator.ch\\\/#organization\"},\"potentialAction\":[{\"@type\":\"SearchAction\",\"target\":{\"@type\":\"EntryPoint\",\"urlTemplate\":\"https:\\\/\\\/www.organisator.ch\\\/?s={search_term_string}\"},\"query-input\":{\"@type\":\"PropertyValueSpecification\",\"valueRequired\":true,\"valueName\":\"search_term_string\"}}],\"inLanguage\":\"fr-FR\"},{\"@type\":\"Organization\",\"@id\":\"https:\\\/\\\/www.organisator.ch\\\/#organization\",\"name\":\"Organisator\",\"url\":\"https:\\\/\\\/www.organisator.ch\\\/\",\"logo\":{\"@type\":\"ImageObject\",\"inLanguage\":\"fr-FR\",\"@id\":\"https:\\\/\\\/www.organisator.ch\\\/#\\\/schema\\\/logo\\\/image\\\/\",\"url\":\"https:\\\/\\\/www.organisator.ch\\\/wp-content\\\/uploads\\\/2022\\\/01\\\/Logo_Organisator_Website.png\",\"contentUrl\":\"https:\\\/\\\/www.organisator.ch\\\/wp-content\\\/uploads\\\/2022\\\/01\\\/Logo_Organisator_Website.png\",\"width\":800,\"height\":77,\"caption\":\"Organisator\"},\"image\":{\"@id\":\"https:\\\/\\\/www.organisator.ch\\\/#\\\/schema\\\/logo\\\/image\\\/\"},\"sameAs\":[\"https:\\\/\\\/www.facebook.com\\\/OrganisatorFachmagazin\",\"https:\\\/\\\/www.linkedin.com\\\/showcase\\\/organisator-das-magazin-fr-kmu\",\"https:\\\/\\\/www.xing.com\\\/news\\\/pages\\\/organisator-ch-695\",\"https:\\\/\\\/www.youtube.com\\\/channel\\\/UCGP2Sq0iWaZwT3BdIAQFYpw\"]},{\"@type\":\"Person\",\"@id\":\"https:\\\/\\\/www.organisator.ch\\\/#\\\/schema\\\/person\\\/4e51799071cd2dd1232ac003643ef5f0\",\"name\":\"galledia\",\"image\":{\"@type\":\"ImageObject\",\"inLanguage\":\"fr-FR\",\"@id\":\"https:\\\/\\\/secure.gravatar.com\\\/avatar\\\/78a7f90c01fc2bfc875782a0d4922b37cde2cf184ce347b91316d23cd7f69a36?s=96&d=mm&r=g\",\"url\":\"https:\\\/\\\/secure.gravatar.com\\\/avatar\\\/78a7f90c01fc2bfc875782a0d4922b37cde2cf184ce347b91316d23cd7f69a36?s=96&d=mm&r=g\",\"contentUrl\":\"https:\\\/\\\/secure.gravatar.com\\\/avatar\\\/78a7f90c01fc2bfc875782a0d4922b37cde2cf184ce347b91316d23cd7f69a36?s=96&d=mm&r=g\",\"caption\":\"galledia\"},\"sameAs\":[\"https:\\\/\\\/x.com\\\/admin\"],\"url\":\"https:\\\/\\\/www.organisator.ch\\\/fr\\\/author\\\/galledia\\\/\"}]}<\/script>\n<!-- \/ Yoast SEO plugin. -->","yoast_head_json":{"title":"Rebranding et relancement du site web pour Bellprat Partner - Organisateur","description":"L'agence zurichoise Bellprat Partner a modernis\u00e9 la pr\u00e9sence de sa marque avec un rebranding complet et un nouveau site web.","robots":{"index":"index","follow":"follow","max-snippet":"max-snippet:-1","max-image-preview":"max-image-preview:large","max-video-preview":"max-video-preview:-1"},"canonical":"https:\/\/www.organisator.ch\/fr\/marketing\/2025-04-09\/rebranding-und-website-relaunch-fuer-bellprat-partner\/","og_locale":"fr_FR","og_type":"article","og_title":"Rebranding und Website-Relaunch f\u00fcr Bellprat Partner - Organisator","og_description":"Die Z\u00fcrcher Agentur Bellprat Partner hat ihre Markenpr\u00e4senz mit einem umfassenden Rebranding und einer neuen Website modernisiert.","og_url":"https:\/\/www.organisator.ch\/fr\/marketing\/2025-04-09\/rebranding-und-website-relaunch-fuer-bellprat-partner\/","og_site_name":"Organisator","article_publisher":"https:\/\/www.facebook.com\/OrganisatorFachmagazin","article_published_time":"2025-04-09T15:28:05+00:00","article_modified_time":"2025-04-10T06:00:36+00:00","author":"galledia","twitter_card":"summary_large_image","twitter_creator":"@admin","schema":{"@context":"https:\/\/schema.org","@graph":[{"@type":"Article","@id":"https:\/\/www.organisator.ch\/marketing\/2025-04-09\/rebranding-und-website-relaunch-fuer-bellprat-partner\/#article","isPartOf":{"@id":"https:\/\/www.organisator.ch\/marketing\/2025-04-09\/rebranding-und-website-relaunch-fuer-bellprat-partner\/"},"author":{"name":"galledia","@id":"https:\/\/www.organisator.ch\/#\/schema\/person\/4e51799071cd2dd1232ac003643ef5f0"},"headline":"Rebranding und Website-Relaunch f\u00fcr Bellprat Partner","datePublished":"2025-04-09T15:28:05+00:00","dateModified":"2025-04-10T06:00:36+00:00","mainEntityOfPage":{"@id":"https:\/\/www.organisator.ch\/marketing\/2025-04-09\/rebranding-und-website-relaunch-fuer-bellprat-partner\/"},"wordCount":179,"publisher":{"@id":"https:\/\/www.organisator.ch\/#organization"},"image":{"@id":"https:\/\/www.organisator.ch\/marketing\/2025-04-09\/rebranding-und-website-relaunch-fuer-bellprat-partner\/#primaryimage"},"thumbnailUrl":"https:\/\/www.markt-kom.com\/wp-content\/uploads\/2025\/04\/v.l.n.r.-Arnau-BellpXavier-Bellprat-scaled.jpg","keywords":["Bellprat Partner","Business","Rebranding"],"articleSection":["MARKETING"],"inLanguage":"fr-FR"},{"@type":"WebPage","@id":"https:\/\/www.organisator.ch\/marketing\/2025-04-09\/rebranding-und-website-relaunch-fuer-bellprat-partner\/","url":"https:\/\/www.organisator.ch\/marketing\/2025-04-09\/rebranding-und-website-relaunch-fuer-bellprat-partner\/","name":"Rebranding et relancement du site web pour Bellprat Partner - Organisateur","isPartOf":{"@id":"https:\/\/www.organisator.ch\/#website"},"primaryImageOfPage":{"@id":"https:\/\/www.organisator.ch\/marketing\/2025-04-09\/rebranding-und-website-relaunch-fuer-bellprat-partner\/#primaryimage"},"image":{"@id":"https:\/\/www.organisator.ch\/marketing\/2025-04-09\/rebranding-und-website-relaunch-fuer-bellprat-partner\/#primaryimage"},"thumbnailUrl":"https:\/\/www.markt-kom.com\/wp-content\/uploads\/2025\/04\/v.l.n.r.-Arnau-BellpXavier-Bellprat-scaled.jpg","datePublished":"2025-04-09T15:28:05+00:00","dateModified":"2025-04-10T06:00:36+00:00","description":"L'agence zurichoise Bellprat Partner a modernis\u00e9 la pr\u00e9sence de sa marque avec un rebranding complet et un nouveau site web.","breadcrumb":{"@id":"https:\/\/www.organisator.ch\/marketing\/2025-04-09\/rebranding-und-website-relaunch-fuer-bellprat-partner\/#breadcrumb"},"inLanguage":"fr-FR","potentialAction":[{"@type":"ReadAction","target":["https:\/\/www.organisator.ch\/marketing\/2025-04-09\/rebranding-und-website-relaunch-fuer-bellprat-partner\/"]}]},{"@type":"ImageObject","inLanguage":"fr-FR","@id":"https:\/\/www.organisator.ch\/marketing\/2025-04-09\/rebranding-und-website-relaunch-fuer-bellprat-partner\/#primaryimage","url":"https:\/\/www.markt-kom.com\/wp-content\/uploads\/2025\/04\/v.l.n.r.-Arnau-BellpXavier-Bellprat-scaled.jpg","contentUrl":"https:\/\/www.markt-kom.com\/wp-content\/uploads\/2025\/04\/v.l.n.r.-Arnau-BellpXavier-Bellprat-scaled.jpg"},{"@type":"BreadcrumbList","@id":"https:\/\/www.organisator.ch\/marketing\/2025-04-09\/rebranding-und-website-relaunch-fuer-bellprat-partner\/#breadcrumb","itemListElement":[{"@type":"ListItem","position":1,"name":"Home","item":"https:\/\/www.organisator.ch\/"},{"@type":"ListItem","position":2,"name":"Rebranding und Website-Relaunch f\u00fcr Bellprat Partner"}]},{"@type":"WebSite","@id":"https:\/\/www.organisator.ch\/#website","url":"https:\/\/www.organisator.ch\/","name":"Organisateur","description":"Comp\u00e9tence et comp\u00e9tence. Proches de la pratique. L'ORGANISATEUR pr\u00e9pare 10 num\u00e9ros par an sur les th\u00e8mes essentiels pour les dirigeants de PME.","publisher":{"@id":"https:\/\/www.organisator.ch\/#organization"},"potentialAction":[{"@type":"SearchAction","target":{"@type":"EntryPoint","urlTemplate":"https:\/\/www.organisator.ch\/?s={search_term_string}"},"query-input":{"@type":"PropertyValueSpecification","valueRequired":true,"valueName":"search_term_string"}}],"inLanguage":"fr-FR"},{"@type":"Organization","@id":"https:\/\/www.organisator.ch\/#organization","name":"Organisateur","url":"https:\/\/www.organisator.ch\/","logo":{"@type":"ImageObject","inLanguage":"fr-FR","@id":"https:\/\/www.organisator.ch\/#\/schema\/logo\/image\/","url":"https:\/\/www.organisator.ch\/wp-content\/uploads\/2022\/01\/Logo_Organisator_Website.png","contentUrl":"https:\/\/www.organisator.ch\/wp-content\/uploads\/2022\/01\/Logo_Organisator_Website.png","width":800,"height":77,"caption":"Organisator"},"image":{"@id":"https:\/\/www.organisator.ch\/#\/schema\/logo\/image\/"},"sameAs":["https:\/\/www.facebook.com\/OrganisatorFachmagazin","https:\/\/www.linkedin.com\/showcase\/organisator-das-magazin-fr-kmu","https:\/\/www.xing.com\/news\/pages\/organisator-ch-695","https:\/\/www.youtube.com\/channel\/UCGP2Sq0iWaZwT3BdIAQFYpw"]},{"@type":"Person","@id":"https:\/\/www.organisator.ch\/#\/schema\/person\/4e51799071cd2dd1232ac003643ef5f0","name":"galledia","image":{"@type":"ImageObject","inLanguage":"fr-FR","@id":"https:\/\/secure.gravatar.com\/avatar\/78a7f90c01fc2bfc875782a0d4922b37cde2cf184ce347b91316d23cd7f69a36?s=96&d=mm&r=g","url":"https:\/\/secure.gravatar.com\/avatar\/78a7f90c01fc2bfc875782a0d4922b37cde2cf184ce347b91316d23cd7f69a36?s=96&d=mm&r=g","contentUrl":"https:\/\/secure.gravatar.com\/avatar\/78a7f90c01fc2bfc875782a0d4922b37cde2cf184ce347b91316d23cd7f69a36?s=96&d=mm&r=g","caption":"galledia"},"sameAs":["https:\/\/x.com\/admin"],"url":"https:\/\/www.organisator.ch\/fr\/author\/galledia\/"}]}},"_links":{"self":[{"href":"https:\/\/www.organisator.ch\/fr\/wp-json\/wp\/v2\/posts\/37582","targetHints":{"allow":["GET"]}}],"collection":[{"href":"https:\/\/www.organisator.ch\/fr\/wp-json\/wp\/v2\/posts"}],"about":[{"href":"https:\/\/www.organisator.ch\/fr\/wp-json\/wp\/v2\/types\/post"}],"author":[{"embeddable":true,"href":"https:\/\/www.organisator.ch\/fr\/wp-json\/wp\/v2\/users\/8"}],"replies":[{"embeddable":true,"href":"https:\/\/www.organisator.ch\/fr\/wp-json\/wp\/v2\/comments?post=37582"}],"version-history":[{"count":5,"href":"https:\/\/www.organisator.ch\/fr\/wp-json\/wp\/v2\/posts\/37582\/revisions"}],"predecessor-version":[{"id":37594,"href":"https:\/\/www.organisator.ch\/fr\/wp-json\/wp\/v2\/posts\/37582\/revisions\/37594"}],"wp:attachment":[{"href":"https:\/\/www.organisator.ch\/fr\/wp-json\/wp\/v2\/media?parent=37582"}],"wp:term":[{"taxonomy":"category","embeddable":true,"href":"https:\/\/www.organisator.ch\/fr\/wp-json\/wp\/v2\/categories?post=37582"},{"taxonomy":"post_tag","embeddable":true,"href":"https:\/\/www.organisator.ch\/fr\/wp-json\/wp\/v2\/tags?post=37582"}],"curies":[{"name":"wp","href":"https:\/\/api.w.org\/{rel}","templated":true}]}}