{"id":37587,"date":"2025-04-09T20:22:13","date_gmt":"2025-04-09T18:22:13","guid":{"rendered":"https:\/\/www.markt-kom.com\/?p=233136"},"modified":"2025-04-10T08:05:21","modified_gmt":"2025-04-10T06:05:21","slug":"blueten-und-perlen-heute-schon-gebostitched","status":"publish","type":"post","link":"https:\/\/www.organisator.ch\/fr\/marketing\/2025-04-09\/blueten-und-perlen-heute-schon-gebostitched\/","title":{"rendered":"Fleurs et perles : d\u00e9j\u00e0 \"brod\u00e9\" aujourd'hui ?"},"content":{"rendered":"<p><a href=\"https:\/\/www.markt-kom.com\/wp-content\/uploads\/2025\/04\/pally-kolumne-05-bostitch.jpg\"><img class=\"aligncenter size-full wp-image-233138\" src=\"https:\/\/www.markt-kom.com\/wp-content\/uploads\/2025\/04\/pally-kolumne-05-bostitch.jpg\" sizes=\"(max-width: 1200px) 100vw, 1200px\" srcset=\"https:\/\/www.markt-kom.com\/wp-content\/uploads\/2025\/04\/pally-kolumne-05-bostitch.jpg 1200w, https:\/\/www.markt-kom.com\/wp-content\/uploads\/2025\/04\/pally-kolumne-05-bostitch-600x401.jpg 600w, https:\/\/www.markt-kom.com\/wp-content\/uploads\/2025\/04\/pally-kolumne-05-bostitch-1024x684.jpg 1024w, https:\/\/www.markt-kom.com\/wp-content\/uploads\/2025\/04\/pally-kolumne-05-bostitch-768x513.jpg 768w, https:\/\/www.markt-kom.com\/wp-content\/uploads\/2025\/04\/pally-kolumne-05-bostitch-18x12.jpg 18w, https:\/\/www.markt-kom.com\/wp-content\/uploads\/2025\/04\/pally-kolumne-05-bostitch-262x175.jpg 262w, https:\/\/www.markt-kom.com\/wp-content\/uploads\/2025\/04\/pally-kolumne-05-bostitch-524x350.jpg 524w, https:\/\/www.markt-kom.com\/wp-content\/uploads\/2025\/04\/pally-kolumne-05-bostitch-1000x668.jpg 1000w\" alt=\"\" width=\"1200\" height=\"801\" \/><\/a><\/p>\r\n<p>Lorsque le nom d'une marque ou d'un produit fait son entr\u00e9e dans le dictionnaire, \"on a r\u00e9ussi\". La premi\u00e8re \u00e9tape est d'\u00eatre utilis\u00e9 comme verbe ou terme g\u00e9n\u00e9rique. Bien s\u00fbr, cela n'arrive que tr\u00e8s rarement et cette exclusivit\u00e9 en fait d\u00e9j\u00e0 une sorte de distinction. Mais cette quasi-immortalit\u00e9 peut-elle \u00eatre arrang\u00e9e ?<\/p>\r\n<p>Lorsqu'une nouvelle marque ou un nouveau produit est port\u00e9 sur les fonts baptismaux, les sp\u00e9cialistes du marketing particuli\u00e8rement astucieux aiment v\u00e9rifier bri\u00e8vement si les propositions de noms qui circulent pourraient un jour \u00eatre utilis\u00e9es comme verbe ou comme terme g\u00e9n\u00e9rique. Mais cela n'a gu\u00e8re d'importance. Car d'une part, la langue peut presque tout faire - et d'autre part, le fait que cela sonne \"bien\" n'est pas vraiment int\u00e9ressant au final. Si quelqu'un s'est fait cette r\u00e9flexion \u00e0 l'\u00e9poque de l'entreprise \"Bostitch\" aux Etats-Unis : chapeau ! Mais le produit ou l'entreprise s'appellerait alors probablement autrement. Difficile de faire plus encombrant et plus \u00e9trange.<\/p>\r\n<h3><strong>Agrafeuse ? Agrafeuse ? <\/strong><\/h3>\r\n<p>Mais Bostitch vient de r\u00e9soudre un probl\u00e8me. Et il ne s'agit pas ici des feuilles de papier qui volent en vrac. Mais il semble qu'il n'y ait pas eu, du moins en Suisse, de d\u00e9signation satisfaisante pour cet appareil et l'activit\u00e9 correspondante, de sorte que le nom de l'entreprise Bostitch a \u00e9t\u00e9 adopt\u00e9 sans h\u00e9sitation. Cet objet et l'activit\u00e9 correspondante n'existaient-ils pas auparavant en Suisse ? Ou les termes \"agrafeuse\" et \"agrafeuse\" \u00e9taient-ils tout simplement trop allemands ? En tout cas, cela a touch\u00e9 une sorte de nerf, combl\u00e9 un vide linguistique. Si bien qu'aujourd'hui, beaucoup ne savent m\u00eame plus que Bostitch n'est pas un appareil, mais une entreprise. Certains s'imaginent m\u00eame qu'il s'agit d'un terme technique utilis\u00e9 dans le domaine de la papeterie.<\/p>\r\n<p>On pourrait objecter que ce serait le pire des cas si le produit conna\u00eet un \u00e9norme succ\u00e8s, mais que le nom ne peut malheureusement pas \u00eatre utilis\u00e9 comme verbe ! C'est le cas de Galaxus : avez-vous d\u00e9j\u00e0 galax\u00e9 aujourd'hui (ou s'agirait-il de \"gelaxt\" ou \"geg\u00f6laxt\", un m\u00e9lange de geg\u00f6nnt et Galaxus) ? Le probl\u00e8me ici est que Galaxus ne r\u00e9sout aucun probl\u00e8me linguistique, car il n'y a pas de probl\u00e8me : Il n'y a tout simplement pas d'autre mot \u00e0 trouver pour \"commander\" ou \"boutique en ligne\". Pas de chance pour Galaxus.<\/p>\r\n<h3><strong>Cr\u00e9er le probl\u00e8me, puis le r\u00e9soudre<\/strong><\/h3>\r\n<p>Le nom \"Google\" n'offre pas non plus de mod\u00e8le pour la verbalisation allemande, mais il s'est gliss\u00e9 sans h\u00e9sitation. Parce que c'est mieux que \"chercher quelque chose sur Internet via un moteur de recherche\". Dans le cas de \"Twinten\", l'activit\u00e9 correspondante n'existait tout simplement pas avant le produit - une verbalisation forc\u00e9e en quelque sorte. En d'autres termes, Twint a cr\u00e9\u00e9 le probl\u00e8me linguistique en m\u00eame temps que le produit, probl\u00e8me qu'il a aussit\u00f4t r\u00e9solu.<\/p>\r\n<p>Bien s\u00fbr, avec le recul, tout semble logique. Mais il est utile de r\u00e9fl\u00e9chir \u00e0 la question de savoir s'il existe un besoin linguistique ou une lacune qui peut \u00eatre combl\u00e9e avant de r\u00e9fl\u00e9chir \u00e0 l'application verbale la plus \u00e9l\u00e9gante possible d'un nouveau nom de marque ou de produit. Et m\u00eame dans ce cas, si Bostitch parvient \u00e0 entrer dans le langage courant, d'autres le peuvent aussi.<\/p>\r\n<p>Bien s\u00fbr, il y a aussi ces tentatives d\u00e9sesp\u00e9r\u00e9es d'inculquer le nom comme un verbe ou un terme g\u00e9n\u00e9rique via la publicit\u00e9. Comme par exemple \"Nogger dir dir ein ! N'h\u00e9sitez pas \u00e0 le googler, de pr\u00e9f\u00e9rence en utilisant la recherche d'images. Avec cette apparition absurde, c'\u00e9tait d'une certaine mani\u00e8re assez bizarre pour que l'on laisse tomber le slogan de mani\u00e8re sarcastique. Toujours est-il qu'il s'est quasiment immortalis\u00e9 \u00e0 sa mani\u00e8re en tant qu'exemple douteux mais tr\u00e8s utilis\u00e9 de la probl\u00e9matique en question.<\/p>\r\n<hr \/>\r\n<p><em>Analys\u00e9 depuis 2025\u00a0<strong>Sarah Pally<\/strong> Dans sa rubrique \"Bl\u00fcten und Perlen\" (Fleurs et perles), elle commente des termes li\u00e9s \u00e0 la branche avec une note personnelle, une perspective linguistique - et un regard pr\u00e9cis sur les \u00e9volutions de la branche. <\/em><em>Pally est associ\u00e9e de l'agence Partner &amp; Partner \u00e0 Winterthour. Elle travaille depuis 15 ans sur les th\u00e8mes du marketing de contenu, du texte\/concept et du storytelling dans le domaine de la communication et du marketing.<\/em><\/p>","protected":false},"excerpt":{"rendered":"<p>Sarah Pally, linguiste et partenaire de l'agence Partner &amp; Partner, examine le langage (publicitaire) \u00e0 la loupe dans sa chronique \"Fleurs et perles\". Cette fois-ci, elle s'int\u00e9resse aux produits et aux marques qui se sont gliss\u00e9s dans le langage courant.<\/p>","protected":false},"author":8,"featured_media":0,"comment_status":"closed","ping_status":"closed","sticky":false,"template":"","format":"standard","meta":{"_acf_changed":false,"_yoast_wpseo_focuskw":"Kolumne","_yoast_wpseo_metadesc":"Sarah Pally, Linguistin und Partnerin bei der Agentur Partner & Partner, nimmt in ihrer Kolumne \u00abBl\u00fcten und Perlen\u00bb die (Werbe-)Sprache unter die Lupe.","articlekey":"","footnotes":""},"categories":[29],"tags":[5072,306,4343],"class_list":["post-37587","post","type-post","status-publish","format-standard","hentry","category-marketing","tag-blueten-und-perlen","tag-kolumne","tag-markom"],"acf":[],"yoast_head":"<!-- This site is optimized with the Yoast SEO plugin v27.4 - https:\/\/yoast.com\/product\/yoast-seo-wordpress\/ -->\n<title>Bl\u00fcten und Perlen: Heute schon \u00abgebostitched\u00bb? - Organisator<\/title>\n<meta name=\"description\" content=\"Sarah Pally, Linguistin und Partnerin bei der Agentur Partner &amp; Partner, nimmt in ihrer Kolumne \u00abBl\u00fcten und Perlen\u00bb die (Werbe-)Sprache unter die Lupe.\" \/>\n<meta name=\"robots\" content=\"index, follow, max-snippet:-1, max-image-preview:large, max-video-preview:-1\" \/>\n<link rel=\"canonical\" href=\"https:\/\/www.organisator.ch\/fr\/marketing\/2025-04-09\/blueten-und-perlen-heute-schon-gebostitched\/\" \/>\n<meta property=\"og:locale\" content=\"fr_FR\" \/>\n<meta property=\"og:type\" content=\"article\" \/>\n<meta property=\"og:title\" content=\"Bl\u00fcten und Perlen: Heute schon \u00abgebostitched\u00bb? - Organisator\" \/>\n<meta property=\"og:description\" content=\"Sarah Pally, Linguistin und Partnerin bei der Agentur Partner &amp; Partner, nimmt in ihrer Kolumne \u00abBl\u00fcten und Perlen\u00bb die (Werbe-)Sprache unter die Lupe.\" \/>\n<meta property=\"og:url\" content=\"https:\/\/www.organisator.ch\/fr\/marketing\/2025-04-09\/blueten-und-perlen-heute-schon-gebostitched\/\" \/>\n<meta property=\"og:site_name\" content=\"Organisator\" \/>\n<meta property=\"article:publisher\" content=\"https:\/\/www.facebook.com\/OrganisatorFachmagazin\" \/>\n<meta property=\"article:published_time\" content=\"2025-04-09T18:22:13+00:00\" \/>\n<meta property=\"article:modified_time\" content=\"2025-04-10T06:05:21+00:00\" \/>\n<meta name=\"author\" content=\"galledia\" \/>\n<meta name=\"twitter:card\" content=\"summary_large_image\" \/>\n<meta name=\"twitter:creator\" content=\"@admin\" \/>\n<script type=\"application\/ld+json\" class=\"yoast-schema-graph\">{\"@context\":\"https:\\\/\\\/schema.org\",\"@graph\":[{\"@type\":\"Article\",\"@id\":\"https:\\\/\\\/www.organisator.ch\\\/marketing\\\/2025-04-09\\\/blueten-und-perlen-heute-schon-gebostitched\\\/#article\",\"isPartOf\":{\"@id\":\"https:\\\/\\\/www.organisator.ch\\\/marketing\\\/2025-04-09\\\/blueten-und-perlen-heute-schon-gebostitched\\\/\"},\"author\":{\"name\":\"galledia\",\"@id\":\"https:\\\/\\\/www.organisator.ch\\\/#\\\/schema\\\/person\\\/4e51799071cd2dd1232ac003643ef5f0\"},\"headline\":\"Bl\u00fcten und Perlen: Heute schon \u00abgebostitched\u00bb?\",\"datePublished\":\"2025-04-09T18:22:13+00:00\",\"dateModified\":\"2025-04-10T06:05:21+00:00\",\"mainEntityOfPage\":{\"@id\":\"https:\\\/\\\/www.organisator.ch\\\/marketing\\\/2025-04-09\\\/blueten-und-perlen-heute-schon-gebostitched\\\/\"},\"wordCount\":644,\"publisher\":{\"@id\":\"https:\\\/\\\/www.organisator.ch\\\/#organization\"},\"image\":{\"@id\":\"https:\\\/\\\/www.organisator.ch\\\/marketing\\\/2025-04-09\\\/blueten-und-perlen-heute-schon-gebostitched\\\/#primaryimage\"},\"thumbnailUrl\":\"https:\\\/\\\/www.markt-kom.com\\\/wp-content\\\/uploads\\\/2025\\\/04\\\/pally-kolumne-05-bostitch.jpg\",\"keywords\":[\"Bl\u00fcten und Perlen\",\"Kolumne\",\"MarKom\"],\"articleSection\":[\"MARKETING\"],\"inLanguage\":\"fr-FR\"},{\"@type\":\"WebPage\",\"@id\":\"https:\\\/\\\/www.organisator.ch\\\/marketing\\\/2025-04-09\\\/blueten-und-perlen-heute-schon-gebostitched\\\/\",\"url\":\"https:\\\/\\\/www.organisator.ch\\\/marketing\\\/2025-04-09\\\/blueten-und-perlen-heute-schon-gebostitched\\\/\",\"name\":\"Bl\u00fcten und Perlen: Heute schon \u00abgebostitched\u00bb? - Organisator\",\"isPartOf\":{\"@id\":\"https:\\\/\\\/www.organisator.ch\\\/#website\"},\"primaryImageOfPage\":{\"@id\":\"https:\\\/\\\/www.organisator.ch\\\/marketing\\\/2025-04-09\\\/blueten-und-perlen-heute-schon-gebostitched\\\/#primaryimage\"},\"image\":{\"@id\":\"https:\\\/\\\/www.organisator.ch\\\/marketing\\\/2025-04-09\\\/blueten-und-perlen-heute-schon-gebostitched\\\/#primaryimage\"},\"thumbnailUrl\":\"https:\\\/\\\/www.markt-kom.com\\\/wp-content\\\/uploads\\\/2025\\\/04\\\/pally-kolumne-05-bostitch.jpg\",\"datePublished\":\"2025-04-09T18:22:13+00:00\",\"dateModified\":\"2025-04-10T06:05:21+00:00\",\"description\":\"Sarah Pally, Linguistin und Partnerin bei der Agentur Partner & Partner, nimmt in ihrer Kolumne \u00abBl\u00fcten und Perlen\u00bb die (Werbe-)Sprache unter die Lupe.\",\"breadcrumb\":{\"@id\":\"https:\\\/\\\/www.organisator.ch\\\/marketing\\\/2025-04-09\\\/blueten-und-perlen-heute-schon-gebostitched\\\/#breadcrumb\"},\"inLanguage\":\"fr-FR\",\"potentialAction\":[{\"@type\":\"ReadAction\",\"target\":[\"https:\\\/\\\/www.organisator.ch\\\/marketing\\\/2025-04-09\\\/blueten-und-perlen-heute-schon-gebostitched\\\/\"]}]},{\"@type\":\"ImageObject\",\"inLanguage\":\"fr-FR\",\"@id\":\"https:\\\/\\\/www.organisator.ch\\\/marketing\\\/2025-04-09\\\/blueten-und-perlen-heute-schon-gebostitched\\\/#primaryimage\",\"url\":\"https:\\\/\\\/www.markt-kom.com\\\/wp-content\\\/uploads\\\/2025\\\/04\\\/pally-kolumne-05-bostitch.jpg\",\"contentUrl\":\"https:\\\/\\\/www.markt-kom.com\\\/wp-content\\\/uploads\\\/2025\\\/04\\\/pally-kolumne-05-bostitch.jpg\"},{\"@type\":\"BreadcrumbList\",\"@id\":\"https:\\\/\\\/www.organisator.ch\\\/marketing\\\/2025-04-09\\\/blueten-und-perlen-heute-schon-gebostitched\\\/#breadcrumb\",\"itemListElement\":[{\"@type\":\"ListItem\",\"position\":1,\"name\":\"Home\",\"item\":\"https:\\\/\\\/www.organisator.ch\\\/\"},{\"@type\":\"ListItem\",\"position\":2,\"name\":\"Bl\u00fcten und Perlen: Heute schon \u00abgebostitched\u00bb?\"}]},{\"@type\":\"WebSite\",\"@id\":\"https:\\\/\\\/www.organisator.ch\\\/#website\",\"url\":\"https:\\\/\\\/www.organisator.ch\\\/\",\"name\":\"Organisator\",\"description\":\"Kompetent. Praxisnah. Der ORGANISATOR bereitet in 10 Ausgaben pro Jahr die wesentlichen Themen f\u00fcr F\u00fchrungskr\u00e4fte von KMU auf.\",\"publisher\":{\"@id\":\"https:\\\/\\\/www.organisator.ch\\\/#organization\"},\"potentialAction\":[{\"@type\":\"SearchAction\",\"target\":{\"@type\":\"EntryPoint\",\"urlTemplate\":\"https:\\\/\\\/www.organisator.ch\\\/?s={search_term_string}\"},\"query-input\":{\"@type\":\"PropertyValueSpecification\",\"valueRequired\":true,\"valueName\":\"search_term_string\"}}],\"inLanguage\":\"fr-FR\"},{\"@type\":\"Organization\",\"@id\":\"https:\\\/\\\/www.organisator.ch\\\/#organization\",\"name\":\"Organisator\",\"url\":\"https:\\\/\\\/www.organisator.ch\\\/\",\"logo\":{\"@type\":\"ImageObject\",\"inLanguage\":\"fr-FR\",\"@id\":\"https:\\\/\\\/www.organisator.ch\\\/#\\\/schema\\\/logo\\\/image\\\/\",\"url\":\"https:\\\/\\\/www.organisator.ch\\\/wp-content\\\/uploads\\\/2022\\\/01\\\/Logo_Organisator_Website.png\",\"contentUrl\":\"https:\\\/\\\/www.organisator.ch\\\/wp-content\\\/uploads\\\/2022\\\/01\\\/Logo_Organisator_Website.png\",\"width\":800,\"height\":77,\"caption\":\"Organisator\"},\"image\":{\"@id\":\"https:\\\/\\\/www.organisator.ch\\\/#\\\/schema\\\/logo\\\/image\\\/\"},\"sameAs\":[\"https:\\\/\\\/www.facebook.com\\\/OrganisatorFachmagazin\",\"https:\\\/\\\/www.linkedin.com\\\/showcase\\\/organisator-das-magazin-fr-kmu\",\"https:\\\/\\\/www.xing.com\\\/news\\\/pages\\\/organisator-ch-695\",\"https:\\\/\\\/www.youtube.com\\\/channel\\\/UCGP2Sq0iWaZwT3BdIAQFYpw\"]},{\"@type\":\"Person\",\"@id\":\"https:\\\/\\\/www.organisator.ch\\\/#\\\/schema\\\/person\\\/4e51799071cd2dd1232ac003643ef5f0\",\"name\":\"galledia\",\"image\":{\"@type\":\"ImageObject\",\"inLanguage\":\"fr-FR\",\"@id\":\"https:\\\/\\\/secure.gravatar.com\\\/avatar\\\/78a7f90c01fc2bfc875782a0d4922b37cde2cf184ce347b91316d23cd7f69a36?s=96&d=mm&r=g\",\"url\":\"https:\\\/\\\/secure.gravatar.com\\\/avatar\\\/78a7f90c01fc2bfc875782a0d4922b37cde2cf184ce347b91316d23cd7f69a36?s=96&d=mm&r=g\",\"contentUrl\":\"https:\\\/\\\/secure.gravatar.com\\\/avatar\\\/78a7f90c01fc2bfc875782a0d4922b37cde2cf184ce347b91316d23cd7f69a36?s=96&d=mm&r=g\",\"caption\":\"galledia\"},\"sameAs\":[\"https:\\\/\\\/x.com\\\/admin\"],\"url\":\"https:\\\/\\\/www.organisator.ch\\\/fr\\\/author\\\/galledia\\\/\"}]}<\/script>\n<!-- \/ Yoast SEO plugin. -->","yoast_head_json":{"title":"Fleurs et perles : Avez-vous d\u00e9j\u00e0 \"brod\u00e9\" aujourd'hui ? - Organisateur","description":"Sarah Pally, linguiste et associ\u00e9e de l'agence Partner &amp; Partner, passe au crible le langage (publicitaire) dans sa chronique \"Fleurs et perles\".","robots":{"index":"index","follow":"follow","max-snippet":"max-snippet:-1","max-image-preview":"max-image-preview:large","max-video-preview":"max-video-preview:-1"},"canonical":"https:\/\/www.organisator.ch\/fr\/marketing\/2025-04-09\/blueten-und-perlen-heute-schon-gebostitched\/","og_locale":"fr_FR","og_type":"article","og_title":"Bl\u00fcten und Perlen: Heute schon \u00abgebostitched\u00bb? - Organisator","og_description":"Sarah Pally, Linguistin und Partnerin bei der Agentur Partner & Partner, nimmt in ihrer Kolumne \u00abBl\u00fcten und Perlen\u00bb die (Werbe-)Sprache unter die Lupe.","og_url":"https:\/\/www.organisator.ch\/fr\/marketing\/2025-04-09\/blueten-und-perlen-heute-schon-gebostitched\/","og_site_name":"Organisator","article_publisher":"https:\/\/www.facebook.com\/OrganisatorFachmagazin","article_published_time":"2025-04-09T18:22:13+00:00","article_modified_time":"2025-04-10T06:05:21+00:00","author":"galledia","twitter_card":"summary_large_image","twitter_creator":"@admin","schema":{"@context":"https:\/\/schema.org","@graph":[{"@type":"Article","@id":"https:\/\/www.organisator.ch\/marketing\/2025-04-09\/blueten-und-perlen-heute-schon-gebostitched\/#article","isPartOf":{"@id":"https:\/\/www.organisator.ch\/marketing\/2025-04-09\/blueten-und-perlen-heute-schon-gebostitched\/"},"author":{"name":"galledia","@id":"https:\/\/www.organisator.ch\/#\/schema\/person\/4e51799071cd2dd1232ac003643ef5f0"},"headline":"Bl\u00fcten und Perlen: Heute schon \u00abgebostitched\u00bb?","datePublished":"2025-04-09T18:22:13+00:00","dateModified":"2025-04-10T06:05:21+00:00","mainEntityOfPage":{"@id":"https:\/\/www.organisator.ch\/marketing\/2025-04-09\/blueten-und-perlen-heute-schon-gebostitched\/"},"wordCount":644,"publisher":{"@id":"https:\/\/www.organisator.ch\/#organization"},"image":{"@id":"https:\/\/www.organisator.ch\/marketing\/2025-04-09\/blueten-und-perlen-heute-schon-gebostitched\/#primaryimage"},"thumbnailUrl":"https:\/\/www.markt-kom.com\/wp-content\/uploads\/2025\/04\/pally-kolumne-05-bostitch.jpg","keywords":["Bl\u00fcten und Perlen","Kolumne","MarKom"],"articleSection":["MARKETING"],"inLanguage":"fr-FR"},{"@type":"WebPage","@id":"https:\/\/www.organisator.ch\/marketing\/2025-04-09\/blueten-und-perlen-heute-schon-gebostitched\/","url":"https:\/\/www.organisator.ch\/marketing\/2025-04-09\/blueten-und-perlen-heute-schon-gebostitched\/","name":"Fleurs et perles : Avez-vous d\u00e9j\u00e0 \"brod\u00e9\" aujourd'hui ? - Organisateur","isPartOf":{"@id":"https:\/\/www.organisator.ch\/#website"},"primaryImageOfPage":{"@id":"https:\/\/www.organisator.ch\/marketing\/2025-04-09\/blueten-und-perlen-heute-schon-gebostitched\/#primaryimage"},"image":{"@id":"https:\/\/www.organisator.ch\/marketing\/2025-04-09\/blueten-und-perlen-heute-schon-gebostitched\/#primaryimage"},"thumbnailUrl":"https:\/\/www.markt-kom.com\/wp-content\/uploads\/2025\/04\/pally-kolumne-05-bostitch.jpg","datePublished":"2025-04-09T18:22:13+00:00","dateModified":"2025-04-10T06:05:21+00:00","description":"Sarah Pally, linguiste et associ\u00e9e de l'agence Partner &amp; Partner, passe au crible le langage (publicitaire) dans sa chronique \"Fleurs et perles\".","breadcrumb":{"@id":"https:\/\/www.organisator.ch\/marketing\/2025-04-09\/blueten-und-perlen-heute-schon-gebostitched\/#breadcrumb"},"inLanguage":"fr-FR","potentialAction":[{"@type":"ReadAction","target":["https:\/\/www.organisator.ch\/marketing\/2025-04-09\/blueten-und-perlen-heute-schon-gebostitched\/"]}]},{"@type":"ImageObject","inLanguage":"fr-FR","@id":"https:\/\/www.organisator.ch\/marketing\/2025-04-09\/blueten-und-perlen-heute-schon-gebostitched\/#primaryimage","url":"https:\/\/www.markt-kom.com\/wp-content\/uploads\/2025\/04\/pally-kolumne-05-bostitch.jpg","contentUrl":"https:\/\/www.markt-kom.com\/wp-content\/uploads\/2025\/04\/pally-kolumne-05-bostitch.jpg"},{"@type":"BreadcrumbList","@id":"https:\/\/www.organisator.ch\/marketing\/2025-04-09\/blueten-und-perlen-heute-schon-gebostitched\/#breadcrumb","itemListElement":[{"@type":"ListItem","position":1,"name":"Home","item":"https:\/\/www.organisator.ch\/"},{"@type":"ListItem","position":2,"name":"Bl\u00fcten und Perlen: Heute schon \u00abgebostitched\u00bb?"}]},{"@type":"WebSite","@id":"https:\/\/www.organisator.ch\/#website","url":"https:\/\/www.organisator.ch\/","name":"Organisateur","description":"Comp\u00e9tence et comp\u00e9tence. Proches de la pratique. L'ORGANISATEUR pr\u00e9pare 10 num\u00e9ros par an sur les th\u00e8mes essentiels pour les dirigeants de PME.","publisher":{"@id":"https:\/\/www.organisator.ch\/#organization"},"potentialAction":[{"@type":"SearchAction","target":{"@type":"EntryPoint","urlTemplate":"https:\/\/www.organisator.ch\/?s={search_term_string}"},"query-input":{"@type":"PropertyValueSpecification","valueRequired":true,"valueName":"search_term_string"}}],"inLanguage":"fr-FR"},{"@type":"Organization","@id":"https:\/\/www.organisator.ch\/#organization","name":"Organisateur","url":"https:\/\/www.organisator.ch\/","logo":{"@type":"ImageObject","inLanguage":"fr-FR","@id":"https:\/\/www.organisator.ch\/#\/schema\/logo\/image\/","url":"https:\/\/www.organisator.ch\/wp-content\/uploads\/2022\/01\/Logo_Organisator_Website.png","contentUrl":"https:\/\/www.organisator.ch\/wp-content\/uploads\/2022\/01\/Logo_Organisator_Website.png","width":800,"height":77,"caption":"Organisator"},"image":{"@id":"https:\/\/www.organisator.ch\/#\/schema\/logo\/image\/"},"sameAs":["https:\/\/www.facebook.com\/OrganisatorFachmagazin","https:\/\/www.linkedin.com\/showcase\/organisator-das-magazin-fr-kmu","https:\/\/www.xing.com\/news\/pages\/organisator-ch-695","https:\/\/www.youtube.com\/channel\/UCGP2Sq0iWaZwT3BdIAQFYpw"]},{"@type":"Person","@id":"https:\/\/www.organisator.ch\/#\/schema\/person\/4e51799071cd2dd1232ac003643ef5f0","name":"galledia","image":{"@type":"ImageObject","inLanguage":"fr-FR","@id":"https:\/\/secure.gravatar.com\/avatar\/78a7f90c01fc2bfc875782a0d4922b37cde2cf184ce347b91316d23cd7f69a36?s=96&d=mm&r=g","url":"https:\/\/secure.gravatar.com\/avatar\/78a7f90c01fc2bfc875782a0d4922b37cde2cf184ce347b91316d23cd7f69a36?s=96&d=mm&r=g","contentUrl":"https:\/\/secure.gravatar.com\/avatar\/78a7f90c01fc2bfc875782a0d4922b37cde2cf184ce347b91316d23cd7f69a36?s=96&d=mm&r=g","caption":"galledia"},"sameAs":["https:\/\/x.com\/admin"],"url":"https:\/\/www.organisator.ch\/fr\/author\/galledia\/"}]}},"_links":{"self":[{"href":"https:\/\/www.organisator.ch\/fr\/wp-json\/wp\/v2\/posts\/37587","targetHints":{"allow":["GET"]}}],"collection":[{"href":"https:\/\/www.organisator.ch\/fr\/wp-json\/wp\/v2\/posts"}],"about":[{"href":"https:\/\/www.organisator.ch\/fr\/wp-json\/wp\/v2\/types\/post"}],"author":[{"embeddable":true,"href":"https:\/\/www.organisator.ch\/fr\/wp-json\/wp\/v2\/users\/8"}],"replies":[{"embeddable":true,"href":"https:\/\/www.organisator.ch\/fr\/wp-json\/wp\/v2\/comments?post=37587"}],"version-history":[{"count":5,"href":"https:\/\/www.organisator.ch\/fr\/wp-json\/wp\/v2\/posts\/37587\/revisions"}],"predecessor-version":[{"id":37597,"href":"https:\/\/www.organisator.ch\/fr\/wp-json\/wp\/v2\/posts\/37587\/revisions\/37597"}],"wp:attachment":[{"href":"https:\/\/www.organisator.ch\/fr\/wp-json\/wp\/v2\/media?parent=37587"}],"wp:term":[{"taxonomy":"category","embeddable":true,"href":"https:\/\/www.organisator.ch\/fr\/wp-json\/wp\/v2\/categories?post=37587"},{"taxonomy":"post_tag","embeddable":true,"href":"https:\/\/www.organisator.ch\/fr\/wp-json\/wp\/v2\/tags?post=37587"}],"curies":[{"name":"wp","href":"https:\/\/api.w.org\/{rel}","templated":true}]}}