{"id":37616,"date":"2025-04-10T13:44:56","date_gmt":"2025-04-10T11:44:56","guid":{"rendered":"https:\/\/www.markt-kom.com\/?p=233224"},"modified":"2025-04-11T07:43:59","modified_gmt":"2025-04-11T05:43:59","slug":"jung-von-matt-impact-steigt-bei-the-generation-media-ein","status":"publish","type":"post","link":"https:\/\/www.organisator.ch\/fr\/marketing\/2025-04-10\/jung-von-matt-impact-steigt-bei-the-generation-media-ein\/","title":{"rendered":"Jung von Matt Impact entre dans le capital de The Generation Media"},"content":{"rendered":"<figure id=\"attachment_233225\" class=\"wp-caption aligncenter\" style=\"width: 1200px;\" aria-describedby=\"caption-attachment-233225\"><a href=\"https:\/\/www.markt-kom.com\/wp-content\/uploads\/2025\/04\/Impact_8690_sRGB.jpg\"><img class=\"size-full wp-image-233225\" src=\"https:\/\/www.markt-kom.com\/wp-content\/uploads\/2025\/04\/Impact_8690_sRGB.jpg\" sizes=\"(max-width: 1200px) 100vw, 1200px\" srcset=\"https:\/\/www.markt-kom.com\/wp-content\/uploads\/2025\/04\/Impact_8690_sRGB.jpg 1200w, https:\/\/www.markt-kom.com\/wp-content\/uploads\/2025\/04\/Impact_8690_sRGB-600x450.jpg 600w, https:\/\/www.markt-kom.com\/wp-content\/uploads\/2025\/04\/Impact_8690_sRGB-1024x768.jpg 1024w, https:\/\/www.markt-kom.com\/wp-content\/uploads\/2025\/04\/Impact_8690_sRGB-768x576.jpg 768w, https:\/\/www.markt-kom.com\/wp-content\/uploads\/2025\/04\/Impact_8690_sRGB-16x12.jpg 16w, https:\/\/www.markt-kom.com\/wp-content\/uploads\/2025\/04\/Impact_8690_sRGB-233x175.jpg 233w, https:\/\/www.markt-kom.com\/wp-content\/uploads\/2025\/04\/Impact_8690_sRGB-467x350.jpg 467w, https:\/\/www.markt-kom.com\/wp-content\/uploads\/2025\/04\/Impact_8690_sRGB-1000x750.jpg 1000w\" alt=\"\" width=\"1200\" height=\"900\" \/><\/a>\r\n<figcaption id=\"caption-attachment-233225\" class=\"wp-caption-text\">Benjamin Herz, Managing Partner chez Jung von Matt Impact, Petra Kreussler, VRP de The Generation Media, Matthias St\u00e4deli, directeur de The Generation Media, et Dominik Habermacher, Managing Partner chez Jung von Matt Impact (de g. \u00e0 dr.). (Image : zVg.)<\/figcaption>\r\n<\/figure>\r\n<p>Jung von Matt Impact rejoint l'agence zurichoise The Generation Media. Cette \u00e9tape marque la poursuite d'une collaboration qui s'est d\u00e9velopp\u00e9e au fil des ann\u00e9es et dans le cadre de laquelle plus de dix mandats communs ont d\u00e9j\u00e0 \u00e9t\u00e9 g\u00e9r\u00e9s. Les deux agences apportent des atouts diff\u00e9rents : Jung von Matt Impact est sp\u00e9cialis\u00e9e dans les solutions de marketing num\u00e9rique, tandis que The Generation Media poursuit une large approche all media.<\/p>\r\n<p>Gr\u00e2ce \u00e0 cette fusion, les clients b\u00e9n\u00e9ficieront d'un conseil et d'une mise en \u0153uvre sur tous les canaux - des m\u00e9dias sociaux aux m\u00e9dias classiques et au marketing de performance, en passant par l'affichage et la vid\u00e9o. Les 27 sp\u00e9cialistes impliqu\u00e9s continueront \u00e0 travailler sur deux sites dans des \u00e9quipes bien rod\u00e9es.<\/p>\r\n<p>Dans le cadre de cette participation, Jung von Matt Impact prend des parts dans The Generation Media. Les deux agences conservent toutefois leur \"caract\u00e8re de boutique\" et leurs structures op\u00e9rationnelles, comme l'indique le communiqu\u00e9 commun. Matthias St\u00e4deli devient directeur g\u00e9n\u00e9ral de The Generation Media, Petra Kreussler reste pr\u00e9sidente du conseil d'administration.<\/p>\r\n<p>\"Jung von Matt Impact, tout comme The Generation Media, s'engage enti\u00e8rement pour le succ\u00e8s de ses clients. L'exigence de g\u00e9n\u00e9rer chaque jour la meilleure qualit\u00e9 nous unit\", d\u00e9clare Kreussler. Benjamin Herz, Managing Partner de Jung von Matt Impact, souligne lui aussi la compl\u00e9mentarit\u00e9 strat\u00e9gique : \"Avec cette \u00e9tape, nous associons deux agences m\u00e9dias de mani\u00e8re \u00e0 ce qu'elles se compl\u00e8tent id\u00e9alement dans leurs prestations pour nos clients : Jung von Matt Impact, le power house num\u00e9rique, avec l'approche all media de The Generation Media\".<\/p>","protected":false},"excerpt":{"rendered":"<p>En rejoignant The Generation Media, Jung von Matt Impact \u00e9tend son expertise m\u00e9dia \u00e0 tous les canaux. Les deux agences collaborent d\u00e9j\u00e0 avec succ\u00e8s depuis un certain temps - le partenariat est d\u00e9sormais formalis\u00e9.<\/p>","protected":false},"author":8,"featured_media":0,"comment_status":"closed","ping_status":"closed","sticky":false,"template":"","format":"standard","meta":{"_acf_changed":false,"_yoast_wpseo_focuskw":"Partnerschaft","_yoast_wpseo_metadesc":"Mit dem Einstieg bei The Generation Media erweitert Jung von Matt Impact seine Media-Expertise \u00fcber alle Kan\u00e4le hinweg.","articlekey":"","footnotes":""},"categories":[29],"tags":[4345,5038,5279],"class_list":["post-37616","post","type-post","status-publish","format-standard","hentry","category-marketing","tag-business","tag-jung-von-matt-impact","tag-the-generation-media"],"acf":[],"yoast_head":"<!-- This site is optimized with the Yoast SEO plugin v27.4 - https:\/\/yoast.com\/product\/yoast-seo-wordpress\/ -->\n<title>Jung von Matt Impact steigt bei The Generation Media ein - Organisator<\/title>\n<meta name=\"description\" content=\"Mit dem Einstieg bei The Generation Media erweitert Jung von Matt Impact seine Media-Expertise \u00fcber alle Kan\u00e4le hinweg.\" \/>\n<meta name=\"robots\" content=\"index, follow, max-snippet:-1, max-image-preview:large, max-video-preview:-1\" \/>\n<link rel=\"canonical\" href=\"https:\/\/www.organisator.ch\/fr\/marketing\/2025-04-10\/jung-von-matt-impact-steigt-bei-the-generation-media-ein\/\" \/>\n<meta property=\"og:locale\" content=\"fr_FR\" \/>\n<meta property=\"og:type\" content=\"article\" \/>\n<meta property=\"og:title\" content=\"Jung von Matt Impact steigt bei The Generation Media ein - Organisator\" \/>\n<meta property=\"og:description\" content=\"Mit dem Einstieg bei The Generation Media erweitert Jung von Matt Impact seine Media-Expertise \u00fcber alle Kan\u00e4le hinweg.\" \/>\n<meta property=\"og:url\" content=\"https:\/\/www.organisator.ch\/fr\/marketing\/2025-04-10\/jung-von-matt-impact-steigt-bei-the-generation-media-ein\/\" \/>\n<meta property=\"og:site_name\" content=\"Organisator\" \/>\n<meta property=\"article:publisher\" content=\"https:\/\/www.facebook.com\/OrganisatorFachmagazin\" \/>\n<meta property=\"article:published_time\" content=\"2025-04-10T11:44:56+00:00\" \/>\n<meta property=\"article:modified_time\" content=\"2025-04-11T05:43:59+00:00\" \/>\n<meta name=\"author\" content=\"galledia\" \/>\n<meta name=\"twitter:card\" content=\"summary_large_image\" \/>\n<meta name=\"twitter:creator\" content=\"@admin\" \/>\n<script type=\"application\/ld+json\" class=\"yoast-schema-graph\">{\"@context\":\"https:\\\/\\\/schema.org\",\"@graph\":[{\"@type\":\"Article\",\"@id\":\"https:\\\/\\\/www.organisator.ch\\\/marketing\\\/2025-04-10\\\/jung-von-matt-impact-steigt-bei-the-generation-media-ein\\\/#article\",\"isPartOf\":{\"@id\":\"https:\\\/\\\/www.organisator.ch\\\/marketing\\\/2025-04-10\\\/jung-von-matt-impact-steigt-bei-the-generation-media-ein\\\/\"},\"author\":{\"name\":\"galledia\",\"@id\":\"https:\\\/\\\/www.organisator.ch\\\/#\\\/schema\\\/person\\\/4e51799071cd2dd1232ac003643ef5f0\"},\"headline\":\"Jung von Matt Impact steigt bei The Generation Media ein\",\"datePublished\":\"2025-04-10T11:44:56+00:00\",\"dateModified\":\"2025-04-11T05:43:59+00:00\",\"mainEntityOfPage\":{\"@id\":\"https:\\\/\\\/www.organisator.ch\\\/marketing\\\/2025-04-10\\\/jung-von-matt-impact-steigt-bei-the-generation-media-ein\\\/\"},\"wordCount\":284,\"publisher\":{\"@id\":\"https:\\\/\\\/www.organisator.ch\\\/#organization\"},\"image\":{\"@id\":\"https:\\\/\\\/www.organisator.ch\\\/marketing\\\/2025-04-10\\\/jung-von-matt-impact-steigt-bei-the-generation-media-ein\\\/#primaryimage\"},\"thumbnailUrl\":\"https:\\\/\\\/www.markt-kom.com\\\/wp-content\\\/uploads\\\/2025\\\/04\\\/Impact_8690_sRGB.jpg\",\"keywords\":[\"Business\",\"Jung von Matt Impact\",\"The Generation Media\"],\"articleSection\":[\"MARKETING\"],\"inLanguage\":\"fr-FR\"},{\"@type\":\"WebPage\",\"@id\":\"https:\\\/\\\/www.organisator.ch\\\/marketing\\\/2025-04-10\\\/jung-von-matt-impact-steigt-bei-the-generation-media-ein\\\/\",\"url\":\"https:\\\/\\\/www.organisator.ch\\\/marketing\\\/2025-04-10\\\/jung-von-matt-impact-steigt-bei-the-generation-media-ein\\\/\",\"name\":\"Jung von Matt Impact steigt bei The Generation Media ein - Organisator\",\"isPartOf\":{\"@id\":\"https:\\\/\\\/www.organisator.ch\\\/#website\"},\"primaryImageOfPage\":{\"@id\":\"https:\\\/\\\/www.organisator.ch\\\/marketing\\\/2025-04-10\\\/jung-von-matt-impact-steigt-bei-the-generation-media-ein\\\/#primaryimage\"},\"image\":{\"@id\":\"https:\\\/\\\/www.organisator.ch\\\/marketing\\\/2025-04-10\\\/jung-von-matt-impact-steigt-bei-the-generation-media-ein\\\/#primaryimage\"},\"thumbnailUrl\":\"https:\\\/\\\/www.markt-kom.com\\\/wp-content\\\/uploads\\\/2025\\\/04\\\/Impact_8690_sRGB.jpg\",\"datePublished\":\"2025-04-10T11:44:56+00:00\",\"dateModified\":\"2025-04-11T05:43:59+00:00\",\"description\":\"Mit dem Einstieg bei The Generation Media erweitert Jung von Matt Impact seine Media-Expertise \u00fcber alle Kan\u00e4le hinweg.\",\"breadcrumb\":{\"@id\":\"https:\\\/\\\/www.organisator.ch\\\/marketing\\\/2025-04-10\\\/jung-von-matt-impact-steigt-bei-the-generation-media-ein\\\/#breadcrumb\"},\"inLanguage\":\"fr-FR\",\"potentialAction\":[{\"@type\":\"ReadAction\",\"target\":[\"https:\\\/\\\/www.organisator.ch\\\/marketing\\\/2025-04-10\\\/jung-von-matt-impact-steigt-bei-the-generation-media-ein\\\/\"]}]},{\"@type\":\"ImageObject\",\"inLanguage\":\"fr-FR\",\"@id\":\"https:\\\/\\\/www.organisator.ch\\\/marketing\\\/2025-04-10\\\/jung-von-matt-impact-steigt-bei-the-generation-media-ein\\\/#primaryimage\",\"url\":\"https:\\\/\\\/www.markt-kom.com\\\/wp-content\\\/uploads\\\/2025\\\/04\\\/Impact_8690_sRGB.jpg\",\"contentUrl\":\"https:\\\/\\\/www.markt-kom.com\\\/wp-content\\\/uploads\\\/2025\\\/04\\\/Impact_8690_sRGB.jpg\"},{\"@type\":\"BreadcrumbList\",\"@id\":\"https:\\\/\\\/www.organisator.ch\\\/marketing\\\/2025-04-10\\\/jung-von-matt-impact-steigt-bei-the-generation-media-ein\\\/#breadcrumb\",\"itemListElement\":[{\"@type\":\"ListItem\",\"position\":1,\"name\":\"Home\",\"item\":\"https:\\\/\\\/www.organisator.ch\\\/\"},{\"@type\":\"ListItem\",\"position\":2,\"name\":\"Jung von Matt Impact steigt bei The Generation Media ein\"}]},{\"@type\":\"WebSite\",\"@id\":\"https:\\\/\\\/www.organisator.ch\\\/#website\",\"url\":\"https:\\\/\\\/www.organisator.ch\\\/\",\"name\":\"Organisator\",\"description\":\"Kompetent. Praxisnah. Der ORGANISATOR bereitet in 10 Ausgaben pro Jahr die wesentlichen Themen f\u00fcr F\u00fchrungskr\u00e4fte von KMU auf.\",\"publisher\":{\"@id\":\"https:\\\/\\\/www.organisator.ch\\\/#organization\"},\"potentialAction\":[{\"@type\":\"SearchAction\",\"target\":{\"@type\":\"EntryPoint\",\"urlTemplate\":\"https:\\\/\\\/www.organisator.ch\\\/?s={search_term_string}\"},\"query-input\":{\"@type\":\"PropertyValueSpecification\",\"valueRequired\":true,\"valueName\":\"search_term_string\"}}],\"inLanguage\":\"fr-FR\"},{\"@type\":\"Organization\",\"@id\":\"https:\\\/\\\/www.organisator.ch\\\/#organization\",\"name\":\"Organisator\",\"url\":\"https:\\\/\\\/www.organisator.ch\\\/\",\"logo\":{\"@type\":\"ImageObject\",\"inLanguage\":\"fr-FR\",\"@id\":\"https:\\\/\\\/www.organisator.ch\\\/#\\\/schema\\\/logo\\\/image\\\/\",\"url\":\"https:\\\/\\\/www.organisator.ch\\\/wp-content\\\/uploads\\\/2022\\\/01\\\/Logo_Organisator_Website.png\",\"contentUrl\":\"https:\\\/\\\/www.organisator.ch\\\/wp-content\\\/uploads\\\/2022\\\/01\\\/Logo_Organisator_Website.png\",\"width\":800,\"height\":77,\"caption\":\"Organisator\"},\"image\":{\"@id\":\"https:\\\/\\\/www.organisator.ch\\\/#\\\/schema\\\/logo\\\/image\\\/\"},\"sameAs\":[\"https:\\\/\\\/www.facebook.com\\\/OrganisatorFachmagazin\",\"https:\\\/\\\/www.linkedin.com\\\/showcase\\\/organisator-das-magazin-fr-kmu\",\"https:\\\/\\\/www.xing.com\\\/news\\\/pages\\\/organisator-ch-695\",\"https:\\\/\\\/www.youtube.com\\\/channel\\\/UCGP2Sq0iWaZwT3BdIAQFYpw\"]},{\"@type\":\"Person\",\"@id\":\"https:\\\/\\\/www.organisator.ch\\\/#\\\/schema\\\/person\\\/4e51799071cd2dd1232ac003643ef5f0\",\"name\":\"galledia\",\"image\":{\"@type\":\"ImageObject\",\"inLanguage\":\"fr-FR\",\"@id\":\"https:\\\/\\\/secure.gravatar.com\\\/avatar\\\/78a7f90c01fc2bfc875782a0d4922b37cde2cf184ce347b91316d23cd7f69a36?s=96&d=mm&r=g\",\"url\":\"https:\\\/\\\/secure.gravatar.com\\\/avatar\\\/78a7f90c01fc2bfc875782a0d4922b37cde2cf184ce347b91316d23cd7f69a36?s=96&d=mm&r=g\",\"contentUrl\":\"https:\\\/\\\/secure.gravatar.com\\\/avatar\\\/78a7f90c01fc2bfc875782a0d4922b37cde2cf184ce347b91316d23cd7f69a36?s=96&d=mm&r=g\",\"caption\":\"galledia\"},\"sameAs\":[\"https:\\\/\\\/x.com\\\/admin\"],\"url\":\"https:\\\/\\\/www.organisator.ch\\\/fr\\\/author\\\/galledia\\\/\"}]}<\/script>\n<!-- \/ Yoast SEO plugin. -->","yoast_head_json":{"title":"Jung von Matt Impact entre dans le capital de The Generation Media - Organisateur","description":"En rejoignant The Generation Media, Jung von Matt Impact \u00e9tend son expertise m\u00e9dia \u00e0 tous les canaux.","robots":{"index":"index","follow":"follow","max-snippet":"max-snippet:-1","max-image-preview":"max-image-preview:large","max-video-preview":"max-video-preview:-1"},"canonical":"https:\/\/www.organisator.ch\/fr\/marketing\/2025-04-10\/jung-von-matt-impact-steigt-bei-the-generation-media-ein\/","og_locale":"fr_FR","og_type":"article","og_title":"Jung von Matt Impact steigt bei The Generation Media ein - Organisator","og_description":"Mit dem Einstieg bei The Generation Media erweitert Jung von Matt Impact seine Media-Expertise \u00fcber alle Kan\u00e4le hinweg.","og_url":"https:\/\/www.organisator.ch\/fr\/marketing\/2025-04-10\/jung-von-matt-impact-steigt-bei-the-generation-media-ein\/","og_site_name":"Organisator","article_publisher":"https:\/\/www.facebook.com\/OrganisatorFachmagazin","article_published_time":"2025-04-10T11:44:56+00:00","article_modified_time":"2025-04-11T05:43:59+00:00","author":"galledia","twitter_card":"summary_large_image","twitter_creator":"@admin","schema":{"@context":"https:\/\/schema.org","@graph":[{"@type":"Article","@id":"https:\/\/www.organisator.ch\/marketing\/2025-04-10\/jung-von-matt-impact-steigt-bei-the-generation-media-ein\/#article","isPartOf":{"@id":"https:\/\/www.organisator.ch\/marketing\/2025-04-10\/jung-von-matt-impact-steigt-bei-the-generation-media-ein\/"},"author":{"name":"galledia","@id":"https:\/\/www.organisator.ch\/#\/schema\/person\/4e51799071cd2dd1232ac003643ef5f0"},"headline":"Jung von Matt Impact steigt bei The Generation Media ein","datePublished":"2025-04-10T11:44:56+00:00","dateModified":"2025-04-11T05:43:59+00:00","mainEntityOfPage":{"@id":"https:\/\/www.organisator.ch\/marketing\/2025-04-10\/jung-von-matt-impact-steigt-bei-the-generation-media-ein\/"},"wordCount":284,"publisher":{"@id":"https:\/\/www.organisator.ch\/#organization"},"image":{"@id":"https:\/\/www.organisator.ch\/marketing\/2025-04-10\/jung-von-matt-impact-steigt-bei-the-generation-media-ein\/#primaryimage"},"thumbnailUrl":"https:\/\/www.markt-kom.com\/wp-content\/uploads\/2025\/04\/Impact_8690_sRGB.jpg","keywords":["Business","Jung von Matt Impact","The Generation Media"],"articleSection":["MARKETING"],"inLanguage":"fr-FR"},{"@type":"WebPage","@id":"https:\/\/www.organisator.ch\/marketing\/2025-04-10\/jung-von-matt-impact-steigt-bei-the-generation-media-ein\/","url":"https:\/\/www.organisator.ch\/marketing\/2025-04-10\/jung-von-matt-impact-steigt-bei-the-generation-media-ein\/","name":"Jung von Matt Impact entre dans le capital de The Generation Media - Organisateur","isPartOf":{"@id":"https:\/\/www.organisator.ch\/#website"},"primaryImageOfPage":{"@id":"https:\/\/www.organisator.ch\/marketing\/2025-04-10\/jung-von-matt-impact-steigt-bei-the-generation-media-ein\/#primaryimage"},"image":{"@id":"https:\/\/www.organisator.ch\/marketing\/2025-04-10\/jung-von-matt-impact-steigt-bei-the-generation-media-ein\/#primaryimage"},"thumbnailUrl":"https:\/\/www.markt-kom.com\/wp-content\/uploads\/2025\/04\/Impact_8690_sRGB.jpg","datePublished":"2025-04-10T11:44:56+00:00","dateModified":"2025-04-11T05:43:59+00:00","description":"En rejoignant The Generation Media, Jung von Matt Impact \u00e9tend son expertise m\u00e9dia \u00e0 tous les canaux.","breadcrumb":{"@id":"https:\/\/www.organisator.ch\/marketing\/2025-04-10\/jung-von-matt-impact-steigt-bei-the-generation-media-ein\/#breadcrumb"},"inLanguage":"fr-FR","potentialAction":[{"@type":"ReadAction","target":["https:\/\/www.organisator.ch\/marketing\/2025-04-10\/jung-von-matt-impact-steigt-bei-the-generation-media-ein\/"]}]},{"@type":"ImageObject","inLanguage":"fr-FR","@id":"https:\/\/www.organisator.ch\/marketing\/2025-04-10\/jung-von-matt-impact-steigt-bei-the-generation-media-ein\/#primaryimage","url":"https:\/\/www.markt-kom.com\/wp-content\/uploads\/2025\/04\/Impact_8690_sRGB.jpg","contentUrl":"https:\/\/www.markt-kom.com\/wp-content\/uploads\/2025\/04\/Impact_8690_sRGB.jpg"},{"@type":"BreadcrumbList","@id":"https:\/\/www.organisator.ch\/marketing\/2025-04-10\/jung-von-matt-impact-steigt-bei-the-generation-media-ein\/#breadcrumb","itemListElement":[{"@type":"ListItem","position":1,"name":"Home","item":"https:\/\/www.organisator.ch\/"},{"@type":"ListItem","position":2,"name":"Jung von Matt Impact steigt bei The Generation Media ein"}]},{"@type":"WebSite","@id":"https:\/\/www.organisator.ch\/#website","url":"https:\/\/www.organisator.ch\/","name":"Organisateur","description":"Comp\u00e9tence et comp\u00e9tence. Proches de la pratique. L'ORGANISATEUR pr\u00e9pare 10 num\u00e9ros par an sur les th\u00e8mes essentiels pour les dirigeants de PME.","publisher":{"@id":"https:\/\/www.organisator.ch\/#organization"},"potentialAction":[{"@type":"SearchAction","target":{"@type":"EntryPoint","urlTemplate":"https:\/\/www.organisator.ch\/?s={search_term_string}"},"query-input":{"@type":"PropertyValueSpecification","valueRequired":true,"valueName":"search_term_string"}}],"inLanguage":"fr-FR"},{"@type":"Organization","@id":"https:\/\/www.organisator.ch\/#organization","name":"Organisateur","url":"https:\/\/www.organisator.ch\/","logo":{"@type":"ImageObject","inLanguage":"fr-FR","@id":"https:\/\/www.organisator.ch\/#\/schema\/logo\/image\/","url":"https:\/\/www.organisator.ch\/wp-content\/uploads\/2022\/01\/Logo_Organisator_Website.png","contentUrl":"https:\/\/www.organisator.ch\/wp-content\/uploads\/2022\/01\/Logo_Organisator_Website.png","width":800,"height":77,"caption":"Organisator"},"image":{"@id":"https:\/\/www.organisator.ch\/#\/schema\/logo\/image\/"},"sameAs":["https:\/\/www.facebook.com\/OrganisatorFachmagazin","https:\/\/www.linkedin.com\/showcase\/organisator-das-magazin-fr-kmu","https:\/\/www.xing.com\/news\/pages\/organisator-ch-695","https:\/\/www.youtube.com\/channel\/UCGP2Sq0iWaZwT3BdIAQFYpw"]},{"@type":"Person","@id":"https:\/\/www.organisator.ch\/#\/schema\/person\/4e51799071cd2dd1232ac003643ef5f0","name":"galledia","image":{"@type":"ImageObject","inLanguage":"fr-FR","@id":"https:\/\/secure.gravatar.com\/avatar\/78a7f90c01fc2bfc875782a0d4922b37cde2cf184ce347b91316d23cd7f69a36?s=96&d=mm&r=g","url":"https:\/\/secure.gravatar.com\/avatar\/78a7f90c01fc2bfc875782a0d4922b37cde2cf184ce347b91316d23cd7f69a36?s=96&d=mm&r=g","contentUrl":"https:\/\/secure.gravatar.com\/avatar\/78a7f90c01fc2bfc875782a0d4922b37cde2cf184ce347b91316d23cd7f69a36?s=96&d=mm&r=g","caption":"galledia"},"sameAs":["https:\/\/x.com\/admin"],"url":"https:\/\/www.organisator.ch\/fr\/author\/galledia\/"}]}},"_links":{"self":[{"href":"https:\/\/www.organisator.ch\/fr\/wp-json\/wp\/v2\/posts\/37616","targetHints":{"allow":["GET"]}}],"collection":[{"href":"https:\/\/www.organisator.ch\/fr\/wp-json\/wp\/v2\/posts"}],"about":[{"href":"https:\/\/www.organisator.ch\/fr\/wp-json\/wp\/v2\/types\/post"}],"author":[{"embeddable":true,"href":"https:\/\/www.organisator.ch\/fr\/wp-json\/wp\/v2\/users\/8"}],"replies":[{"embeddable":true,"href":"https:\/\/www.organisator.ch\/fr\/wp-json\/wp\/v2\/comments?post=37616"}],"version-history":[{"count":4,"href":"https:\/\/www.organisator.ch\/fr\/wp-json\/wp\/v2\/posts\/37616\/revisions"}],"predecessor-version":[{"id":37625,"href":"https:\/\/www.organisator.ch\/fr\/wp-json\/wp\/v2\/posts\/37616\/revisions\/37625"}],"wp:attachment":[{"href":"https:\/\/www.organisator.ch\/fr\/wp-json\/wp\/v2\/media?parent=37616"}],"wp:term":[{"taxonomy":"category","embeddable":true,"href":"https:\/\/www.organisator.ch\/fr\/wp-json\/wp\/v2\/categories?post=37616"},{"taxonomy":"post_tag","embeddable":true,"href":"https:\/\/www.organisator.ch\/fr\/wp-json\/wp\/v2\/tags?post=37616"}],"curies":[{"name":"wp","href":"https:\/\/api.w.org\/{rel}","templated":true}]}}