{"id":37705,"date":"2025-04-15T15:29:17","date_gmt":"2025-04-15T13:29:17","guid":{"rendered":"https:\/\/www.markt-kom.com\/?p=233467"},"modified":"2025-04-16T08:48:51","modified_gmt":"2025-04-16T06:48:51","slug":"sandro-tschuor-wird-senior-director-brand-marcoms-bei-sunrise","status":"publish","type":"post","link":"https:\/\/www.organisator.ch\/fr\/marketing\/2025-04-15\/sandro-tschuor-wird-senior-director-brand-marcoms-bei-sunrise\/","title":{"rendered":"Sandro Tschuor nomm\u00e9 Senior Director Brand &amp; MarComs chez Sunrise"},"content":{"rendered":"<figure id=\"attachment_233468\" class=\"wp-caption aligncenter\" style=\"width: 1200px;\" aria-describedby=\"caption-attachment-233468\"><a href=\"https:\/\/www.markt-kom.com\/wp-content\/uploads\/2025\/04\/Sandro-Tschuor-Sunrise.jpg\"><img class=\"size-full wp-image-233468\" src=\"https:\/\/www.markt-kom.com\/wp-content\/uploads\/2025\/04\/Sandro-Tschuor-Sunrise.jpg\" sizes=\"(max-width: 1200px) 100vw, 1200px\" srcset=\"https:\/\/www.markt-kom.com\/wp-content\/uploads\/2025\/04\/Sandro-Tschuor-Sunrise.jpg 1200w, https:\/\/www.markt-kom.com\/wp-content\/uploads\/2025\/04\/Sandro-Tschuor-Sunrise-600x450.jpg 600w, https:\/\/www.markt-kom.com\/wp-content\/uploads\/2025\/04\/Sandro-Tschuor-Sunrise-1024x767.jpg 1024w, https:\/\/www.markt-kom.com\/wp-content\/uploads\/2025\/04\/Sandro-Tschuor-Sunrise-768x575.jpg 768w, https:\/\/www.markt-kom.com\/wp-content\/uploads\/2025\/04\/Sandro-Tschuor-Sunrise-16x12.jpg 16w, https:\/\/www.markt-kom.com\/wp-content\/uploads\/2025\/04\/Sandro-Tschuor-Sunrise-234x175.jpg 234w, https:\/\/www.markt-kom.com\/wp-content\/uploads\/2025\/04\/Sandro-Tschuor-Sunrise-467x350.jpg 467w, https:\/\/www.markt-kom.com\/wp-content\/uploads\/2025\/04\/Sandro-Tschuor-Sunrise-1000x749.jpg 1000w\" alt=\"\" width=\"1200\" height=\"899\" \/><\/a>\r\n<figcaption id=\"caption-attachment-233468\" class=\"wp-caption-text\">(Image : zVg.)<\/figcaption>\r\n<\/figure>\r\n<p>Avec Sandro Tschuor, Sunrise se dote d'une personnalit\u00e9 dirigeante profil\u00e9e disposant d'une large exp\u00e9rience dans le branding, les campagnes et le sponsoring. Il succ\u00e8de \u00e0 Andreas C. Caluori et aura pour mission d'augmenter l'impact de la strat\u00e9gie publicitaire, de renforcer le programme de fid\u00e9lit\u00e9 \"Sunrise Moments\" et d'intensifier les partenariats, peut on lire dans un communiqu\u00e9 de presse.<\/p>\r\n<p>\u00c0 45 ans, il apporte une longue exp\u00e9rience du c\u00f4t\u00e9 des agences, en dernier lieu en tant que Chief Client Officer chez Ingo et Client Lead pour les march\u00e9s sp\u00e9cialis\u00e9s Migros dans le r\u00e9seau WPP. Parall\u00e8lement \u00e0 son activit\u00e9 d'agence, Tschuor a \u00e9galement \u00e9t\u00e9 expert en hockey sur glace chez MySports et a derri\u00e8re lui une carri\u00e8re de joueur de hockey sur glace professionnel.<\/p>\r\n<p>Parall\u00e8lement \u00e0 sa carri\u00e8re professionnelle, Tschuor s'engage entre autres en tant que pr\u00e9sident de l'organisation EMBA Alumni de l'universit\u00e9 de Zurich.<\/p>","protected":false},"excerpt":{"rendered":"<p>Sunrise a engag\u00e9 Sandro Tschuor comme nouveau Senior Director pour Brand &amp; Marketing Communications \u00e0 partir de d\u00e9but avril 2025. Auparavant, il occupait le poste de Chief Client Officer chez Ingo.<\/p>","protected":false},"author":8,"featured_media":0,"comment_status":"closed","ping_status":"closed","sticky":false,"template":"","format":"standard","meta":{"_acf_changed":false,"_yoast_wpseo_focuskw":"Sandro Tschuor","_yoast_wpseo_metadesc":"Sunrise hat Sandro Tschuor per Anfang April 2025 als neuen Senior Director f\u00fcr Brand & Marketing Communications verpflichtet.","articlekey":"","footnotes":""},"categories":[29],"tags":[4345,4506,2853,2872],"class_list":["post-37705","post","type-post","status-publish","format-standard","hentry","category-marketing","tag-business","tag-ingo","tag-jobchange","tag-sunrise"],"acf":[],"yoast_head":"<!-- This site is optimized with the Yoast SEO plugin v27.5 - https:\/\/yoast.com\/product\/yoast-seo-wordpress\/ -->\n<title>Sandro Tschuor wird Senior Director Brand &amp; MarComs bei Sunrise - Organisator<\/title>\n<meta name=\"description\" content=\"Sunrise hat Sandro Tschuor per Anfang April 2025 als neuen Senior Director f\u00fcr Brand &amp; Marketing Communications verpflichtet.\" \/>\n<meta name=\"robots\" content=\"index, follow, max-snippet:-1, max-image-preview:large, max-video-preview:-1\" \/>\n<link rel=\"canonical\" href=\"https:\/\/www.organisator.ch\/fr\/marketing\/2025-04-15\/sandro-tschuor-wird-senior-director-brand-marcoms-bei-sunrise\/\" \/>\n<meta property=\"og:locale\" content=\"fr_FR\" \/>\n<meta property=\"og:type\" content=\"article\" \/>\n<meta property=\"og:title\" content=\"Sandro Tschuor wird Senior Director Brand &amp; MarComs bei Sunrise - Organisator\" \/>\n<meta property=\"og:description\" content=\"Sunrise hat Sandro Tschuor per Anfang April 2025 als neuen Senior Director f\u00fcr Brand &amp; Marketing Communications verpflichtet.\" \/>\n<meta property=\"og:url\" content=\"https:\/\/www.organisator.ch\/fr\/marketing\/2025-04-15\/sandro-tschuor-wird-senior-director-brand-marcoms-bei-sunrise\/\" \/>\n<meta property=\"og:site_name\" content=\"Organisator\" \/>\n<meta property=\"article:publisher\" content=\"https:\/\/www.facebook.com\/OrganisatorFachmagazin\" \/>\n<meta property=\"article:published_time\" content=\"2025-04-15T13:29:17+00:00\" \/>\n<meta property=\"article:modified_time\" content=\"2025-04-16T06:48:51+00:00\" \/>\n<meta name=\"author\" content=\"galledia\" \/>\n<meta name=\"twitter:card\" content=\"summary_large_image\" \/>\n<meta name=\"twitter:creator\" content=\"@admin\" \/>\n<script type=\"application\/ld+json\" class=\"yoast-schema-graph\">{\"@context\":\"https:\\\/\\\/schema.org\",\"@graph\":[{\"@type\":\"Article\",\"@id\":\"https:\\\/\\\/www.organisator.ch\\\/marketing\\\/2025-04-15\\\/sandro-tschuor-wird-senior-director-brand-marcoms-bei-sunrise\\\/#article\",\"isPartOf\":{\"@id\":\"https:\\\/\\\/www.organisator.ch\\\/marketing\\\/2025-04-15\\\/sandro-tschuor-wird-senior-director-brand-marcoms-bei-sunrise\\\/\"},\"author\":{\"name\":\"galledia\",\"@id\":\"https:\\\/\\\/www.organisator.ch\\\/#\\\/schema\\\/person\\\/4e51799071cd2dd1232ac003643ef5f0\"},\"headline\":\"Sandro Tschuor wird Senior Director Brand &amp; MarComs bei Sunrise\",\"datePublished\":\"2025-04-15T13:29:17+00:00\",\"dateModified\":\"2025-04-16T06:48:51+00:00\",\"mainEntityOfPage\":{\"@id\":\"https:\\\/\\\/www.organisator.ch\\\/marketing\\\/2025-04-15\\\/sandro-tschuor-wird-senior-director-brand-marcoms-bei-sunrise\\\/\"},\"wordCount\":134,\"publisher\":{\"@id\":\"https:\\\/\\\/www.organisator.ch\\\/#organization\"},\"image\":{\"@id\":\"https:\\\/\\\/www.organisator.ch\\\/marketing\\\/2025-04-15\\\/sandro-tschuor-wird-senior-director-brand-marcoms-bei-sunrise\\\/#primaryimage\"},\"thumbnailUrl\":\"https:\\\/\\\/www.markt-kom.com\\\/wp-content\\\/uploads\\\/2025\\\/04\\\/Sandro-Tschuor-Sunrise.jpg\",\"keywords\":[\"Business\",\"Ingo\",\"Jobchange\",\"Sunrise\"],\"articleSection\":[\"MARKETING\"],\"inLanguage\":\"fr-FR\"},{\"@type\":\"WebPage\",\"@id\":\"https:\\\/\\\/www.organisator.ch\\\/marketing\\\/2025-04-15\\\/sandro-tschuor-wird-senior-director-brand-marcoms-bei-sunrise\\\/\",\"url\":\"https:\\\/\\\/www.organisator.ch\\\/marketing\\\/2025-04-15\\\/sandro-tschuor-wird-senior-director-brand-marcoms-bei-sunrise\\\/\",\"name\":\"Sandro Tschuor wird Senior Director Brand &amp; MarComs bei Sunrise - Organisator\",\"isPartOf\":{\"@id\":\"https:\\\/\\\/www.organisator.ch\\\/#website\"},\"primaryImageOfPage\":{\"@id\":\"https:\\\/\\\/www.organisator.ch\\\/marketing\\\/2025-04-15\\\/sandro-tschuor-wird-senior-director-brand-marcoms-bei-sunrise\\\/#primaryimage\"},\"image\":{\"@id\":\"https:\\\/\\\/www.organisator.ch\\\/marketing\\\/2025-04-15\\\/sandro-tschuor-wird-senior-director-brand-marcoms-bei-sunrise\\\/#primaryimage\"},\"thumbnailUrl\":\"https:\\\/\\\/www.markt-kom.com\\\/wp-content\\\/uploads\\\/2025\\\/04\\\/Sandro-Tschuor-Sunrise.jpg\",\"datePublished\":\"2025-04-15T13:29:17+00:00\",\"dateModified\":\"2025-04-16T06:48:51+00:00\",\"description\":\"Sunrise hat Sandro Tschuor per Anfang April 2025 als neuen Senior Director f\u00fcr Brand & Marketing Communications verpflichtet.\",\"breadcrumb\":{\"@id\":\"https:\\\/\\\/www.organisator.ch\\\/marketing\\\/2025-04-15\\\/sandro-tschuor-wird-senior-director-brand-marcoms-bei-sunrise\\\/#breadcrumb\"},\"inLanguage\":\"fr-FR\",\"potentialAction\":[{\"@type\":\"ReadAction\",\"target\":[\"https:\\\/\\\/www.organisator.ch\\\/marketing\\\/2025-04-15\\\/sandro-tschuor-wird-senior-director-brand-marcoms-bei-sunrise\\\/\"]}]},{\"@type\":\"ImageObject\",\"inLanguage\":\"fr-FR\",\"@id\":\"https:\\\/\\\/www.organisator.ch\\\/marketing\\\/2025-04-15\\\/sandro-tschuor-wird-senior-director-brand-marcoms-bei-sunrise\\\/#primaryimage\",\"url\":\"https:\\\/\\\/www.markt-kom.com\\\/wp-content\\\/uploads\\\/2025\\\/04\\\/Sandro-Tschuor-Sunrise.jpg\",\"contentUrl\":\"https:\\\/\\\/www.markt-kom.com\\\/wp-content\\\/uploads\\\/2025\\\/04\\\/Sandro-Tschuor-Sunrise.jpg\"},{\"@type\":\"BreadcrumbList\",\"@id\":\"https:\\\/\\\/www.organisator.ch\\\/marketing\\\/2025-04-15\\\/sandro-tschuor-wird-senior-director-brand-marcoms-bei-sunrise\\\/#breadcrumb\",\"itemListElement\":[{\"@type\":\"ListItem\",\"position\":1,\"name\":\"Home\",\"item\":\"https:\\\/\\\/www.organisator.ch\\\/\"},{\"@type\":\"ListItem\",\"position\":2,\"name\":\"Sandro Tschuor wird Senior Director Brand &amp; MarComs bei Sunrise\"}]},{\"@type\":\"WebSite\",\"@id\":\"https:\\\/\\\/www.organisator.ch\\\/#website\",\"url\":\"https:\\\/\\\/www.organisator.ch\\\/\",\"name\":\"Organisator\",\"description\":\"Kompetent. Praxisnah. Der ORGANISATOR bereitet in 10 Ausgaben pro Jahr die wesentlichen Themen f\u00fcr F\u00fchrungskr\u00e4fte von KMU auf.\",\"publisher\":{\"@id\":\"https:\\\/\\\/www.organisator.ch\\\/#organization\"},\"potentialAction\":[{\"@type\":\"SearchAction\",\"target\":{\"@type\":\"EntryPoint\",\"urlTemplate\":\"https:\\\/\\\/www.organisator.ch\\\/?s={search_term_string}\"},\"query-input\":{\"@type\":\"PropertyValueSpecification\",\"valueRequired\":true,\"valueName\":\"search_term_string\"}}],\"inLanguage\":\"fr-FR\"},{\"@type\":\"Organization\",\"@id\":\"https:\\\/\\\/www.organisator.ch\\\/#organization\",\"name\":\"Organisator\",\"url\":\"https:\\\/\\\/www.organisator.ch\\\/\",\"logo\":{\"@type\":\"ImageObject\",\"inLanguage\":\"fr-FR\",\"@id\":\"https:\\\/\\\/www.organisator.ch\\\/#\\\/schema\\\/logo\\\/image\\\/\",\"url\":\"https:\\\/\\\/www.organisator.ch\\\/wp-content\\\/uploads\\\/2022\\\/01\\\/Logo_Organisator_Website.png\",\"contentUrl\":\"https:\\\/\\\/www.organisator.ch\\\/wp-content\\\/uploads\\\/2022\\\/01\\\/Logo_Organisator_Website.png\",\"width\":800,\"height\":77,\"caption\":\"Organisator\"},\"image\":{\"@id\":\"https:\\\/\\\/www.organisator.ch\\\/#\\\/schema\\\/logo\\\/image\\\/\"},\"sameAs\":[\"https:\\\/\\\/www.facebook.com\\\/OrganisatorFachmagazin\",\"https:\\\/\\\/www.linkedin.com\\\/showcase\\\/organisator-das-magazin-fr-kmu\",\"https:\\\/\\\/www.xing.com\\\/news\\\/pages\\\/organisator-ch-695\",\"https:\\\/\\\/www.youtube.com\\\/channel\\\/UCGP2Sq0iWaZwT3BdIAQFYpw\"]},{\"@type\":\"Person\",\"@id\":\"https:\\\/\\\/www.organisator.ch\\\/#\\\/schema\\\/person\\\/4e51799071cd2dd1232ac003643ef5f0\",\"name\":\"galledia\",\"image\":{\"@type\":\"ImageObject\",\"inLanguage\":\"fr-FR\",\"@id\":\"https:\\\/\\\/secure.gravatar.com\\\/avatar\\\/78a7f90c01fc2bfc875782a0d4922b37cde2cf184ce347b91316d23cd7f69a36?s=96&d=mm&r=g\",\"url\":\"https:\\\/\\\/secure.gravatar.com\\\/avatar\\\/78a7f90c01fc2bfc875782a0d4922b37cde2cf184ce347b91316d23cd7f69a36?s=96&d=mm&r=g\",\"contentUrl\":\"https:\\\/\\\/secure.gravatar.com\\\/avatar\\\/78a7f90c01fc2bfc875782a0d4922b37cde2cf184ce347b91316d23cd7f69a36?s=96&d=mm&r=g\",\"caption\":\"galledia\"},\"sameAs\":[\"https:\\\/\\\/x.com\\\/admin\"],\"url\":\"https:\\\/\\\/www.organisator.ch\\\/fr\\\/author\\\/galledia\\\/\"}]}<\/script>\n<!-- \/ Yoast SEO plugin. -->","yoast_head_json":{"title":"Sandro Tschuor devient Senior Director Brand &amp; MarComs chez Sunrise - Organisateur","description":"Sunrise a engag\u00e9 Sandro Tschuor comme nouveau Senior Director pour Brand &amp; Marketing Communications \u00e0 partir de d\u00e9but avril 2025.","robots":{"index":"index","follow":"follow","max-snippet":"max-snippet:-1","max-image-preview":"max-image-preview:large","max-video-preview":"max-video-preview:-1"},"canonical":"https:\/\/www.organisator.ch\/fr\/marketing\/2025-04-15\/sandro-tschuor-wird-senior-director-brand-marcoms-bei-sunrise\/","og_locale":"fr_FR","og_type":"article","og_title":"Sandro Tschuor wird Senior Director Brand &amp; MarComs bei Sunrise - Organisator","og_description":"Sunrise hat Sandro Tschuor per Anfang April 2025 als neuen Senior Director f\u00fcr Brand & Marketing Communications verpflichtet.","og_url":"https:\/\/www.organisator.ch\/fr\/marketing\/2025-04-15\/sandro-tschuor-wird-senior-director-brand-marcoms-bei-sunrise\/","og_site_name":"Organisator","article_publisher":"https:\/\/www.facebook.com\/OrganisatorFachmagazin","article_published_time":"2025-04-15T13:29:17+00:00","article_modified_time":"2025-04-16T06:48:51+00:00","author":"galledia","twitter_card":"summary_large_image","twitter_creator":"@admin","schema":{"@context":"https:\/\/schema.org","@graph":[{"@type":"Article","@id":"https:\/\/www.organisator.ch\/marketing\/2025-04-15\/sandro-tschuor-wird-senior-director-brand-marcoms-bei-sunrise\/#article","isPartOf":{"@id":"https:\/\/www.organisator.ch\/marketing\/2025-04-15\/sandro-tschuor-wird-senior-director-brand-marcoms-bei-sunrise\/"},"author":{"name":"galledia","@id":"https:\/\/www.organisator.ch\/#\/schema\/person\/4e51799071cd2dd1232ac003643ef5f0"},"headline":"Sandro Tschuor wird Senior Director Brand &amp; MarComs bei Sunrise","datePublished":"2025-04-15T13:29:17+00:00","dateModified":"2025-04-16T06:48:51+00:00","mainEntityOfPage":{"@id":"https:\/\/www.organisator.ch\/marketing\/2025-04-15\/sandro-tschuor-wird-senior-director-brand-marcoms-bei-sunrise\/"},"wordCount":134,"publisher":{"@id":"https:\/\/www.organisator.ch\/#organization"},"image":{"@id":"https:\/\/www.organisator.ch\/marketing\/2025-04-15\/sandro-tschuor-wird-senior-director-brand-marcoms-bei-sunrise\/#primaryimage"},"thumbnailUrl":"https:\/\/www.markt-kom.com\/wp-content\/uploads\/2025\/04\/Sandro-Tschuor-Sunrise.jpg","keywords":["Business","Ingo","Jobchange","Sunrise"],"articleSection":["MARKETING"],"inLanguage":"fr-FR"},{"@type":"WebPage","@id":"https:\/\/www.organisator.ch\/marketing\/2025-04-15\/sandro-tschuor-wird-senior-director-brand-marcoms-bei-sunrise\/","url":"https:\/\/www.organisator.ch\/marketing\/2025-04-15\/sandro-tschuor-wird-senior-director-brand-marcoms-bei-sunrise\/","name":"Sandro Tschuor devient Senior Director Brand &amp; MarComs chez Sunrise - Organisateur","isPartOf":{"@id":"https:\/\/www.organisator.ch\/#website"},"primaryImageOfPage":{"@id":"https:\/\/www.organisator.ch\/marketing\/2025-04-15\/sandro-tschuor-wird-senior-director-brand-marcoms-bei-sunrise\/#primaryimage"},"image":{"@id":"https:\/\/www.organisator.ch\/marketing\/2025-04-15\/sandro-tschuor-wird-senior-director-brand-marcoms-bei-sunrise\/#primaryimage"},"thumbnailUrl":"https:\/\/www.markt-kom.com\/wp-content\/uploads\/2025\/04\/Sandro-Tschuor-Sunrise.jpg","datePublished":"2025-04-15T13:29:17+00:00","dateModified":"2025-04-16T06:48:51+00:00","description":"Sunrise a engag\u00e9 Sandro Tschuor comme nouveau Senior Director pour Brand &amp; Marketing Communications \u00e0 partir de d\u00e9but avril 2025.","breadcrumb":{"@id":"https:\/\/www.organisator.ch\/marketing\/2025-04-15\/sandro-tschuor-wird-senior-director-brand-marcoms-bei-sunrise\/#breadcrumb"},"inLanguage":"fr-FR","potentialAction":[{"@type":"ReadAction","target":["https:\/\/www.organisator.ch\/marketing\/2025-04-15\/sandro-tschuor-wird-senior-director-brand-marcoms-bei-sunrise\/"]}]},{"@type":"ImageObject","inLanguage":"fr-FR","@id":"https:\/\/www.organisator.ch\/marketing\/2025-04-15\/sandro-tschuor-wird-senior-director-brand-marcoms-bei-sunrise\/#primaryimage","url":"https:\/\/www.markt-kom.com\/wp-content\/uploads\/2025\/04\/Sandro-Tschuor-Sunrise.jpg","contentUrl":"https:\/\/www.markt-kom.com\/wp-content\/uploads\/2025\/04\/Sandro-Tschuor-Sunrise.jpg"},{"@type":"BreadcrumbList","@id":"https:\/\/www.organisator.ch\/marketing\/2025-04-15\/sandro-tschuor-wird-senior-director-brand-marcoms-bei-sunrise\/#breadcrumb","itemListElement":[{"@type":"ListItem","position":1,"name":"Home","item":"https:\/\/www.organisator.ch\/"},{"@type":"ListItem","position":2,"name":"Sandro Tschuor wird Senior Director Brand &amp; MarComs bei Sunrise"}]},{"@type":"WebSite","@id":"https:\/\/www.organisator.ch\/#website","url":"https:\/\/www.organisator.ch\/","name":"Organisateur","description":"Comp\u00e9tence et comp\u00e9tence. Proches de la pratique. L'ORGANISATEUR pr\u00e9pare 10 num\u00e9ros par an sur les th\u00e8mes essentiels pour les dirigeants de PME.","publisher":{"@id":"https:\/\/www.organisator.ch\/#organization"},"potentialAction":[{"@type":"SearchAction","target":{"@type":"EntryPoint","urlTemplate":"https:\/\/www.organisator.ch\/?s={search_term_string}"},"query-input":{"@type":"PropertyValueSpecification","valueRequired":true,"valueName":"search_term_string"}}],"inLanguage":"fr-FR"},{"@type":"Organization","@id":"https:\/\/www.organisator.ch\/#organization","name":"Organisateur","url":"https:\/\/www.organisator.ch\/","logo":{"@type":"ImageObject","inLanguage":"fr-FR","@id":"https:\/\/www.organisator.ch\/#\/schema\/logo\/image\/","url":"https:\/\/www.organisator.ch\/wp-content\/uploads\/2022\/01\/Logo_Organisator_Website.png","contentUrl":"https:\/\/www.organisator.ch\/wp-content\/uploads\/2022\/01\/Logo_Organisator_Website.png","width":800,"height":77,"caption":"Organisator"},"image":{"@id":"https:\/\/www.organisator.ch\/#\/schema\/logo\/image\/"},"sameAs":["https:\/\/www.facebook.com\/OrganisatorFachmagazin","https:\/\/www.linkedin.com\/showcase\/organisator-das-magazin-fr-kmu","https:\/\/www.xing.com\/news\/pages\/organisator-ch-695","https:\/\/www.youtube.com\/channel\/UCGP2Sq0iWaZwT3BdIAQFYpw"]},{"@type":"Person","@id":"https:\/\/www.organisator.ch\/#\/schema\/person\/4e51799071cd2dd1232ac003643ef5f0","name":"galledia","image":{"@type":"ImageObject","inLanguage":"fr-FR","@id":"https:\/\/secure.gravatar.com\/avatar\/78a7f90c01fc2bfc875782a0d4922b37cde2cf184ce347b91316d23cd7f69a36?s=96&d=mm&r=g","url":"https:\/\/secure.gravatar.com\/avatar\/78a7f90c01fc2bfc875782a0d4922b37cde2cf184ce347b91316d23cd7f69a36?s=96&d=mm&r=g","contentUrl":"https:\/\/secure.gravatar.com\/avatar\/78a7f90c01fc2bfc875782a0d4922b37cde2cf184ce347b91316d23cd7f69a36?s=96&d=mm&r=g","caption":"galledia"},"sameAs":["https:\/\/x.com\/admin"],"url":"https:\/\/www.organisator.ch\/fr\/author\/galledia\/"}]}},"_links":{"self":[{"href":"https:\/\/www.organisator.ch\/fr\/wp-json\/wp\/v2\/posts\/37705","targetHints":{"allow":["GET"]}}],"collection":[{"href":"https:\/\/www.organisator.ch\/fr\/wp-json\/wp\/v2\/posts"}],"about":[{"href":"https:\/\/www.organisator.ch\/fr\/wp-json\/wp\/v2\/types\/post"}],"author":[{"embeddable":true,"href":"https:\/\/www.organisator.ch\/fr\/wp-json\/wp\/v2\/users\/8"}],"replies":[{"embeddable":true,"href":"https:\/\/www.organisator.ch\/fr\/wp-json\/wp\/v2\/comments?post=37705"}],"version-history":[{"count":4,"href":"https:\/\/www.organisator.ch\/fr\/wp-json\/wp\/v2\/posts\/37705\/revisions"}],"predecessor-version":[{"id":37720,"href":"https:\/\/www.organisator.ch\/fr\/wp-json\/wp\/v2\/posts\/37705\/revisions\/37720"}],"wp:attachment":[{"href":"https:\/\/www.organisator.ch\/fr\/wp-json\/wp\/v2\/media?parent=37705"}],"wp:term":[{"taxonomy":"category","embeddable":true,"href":"https:\/\/www.organisator.ch\/fr\/wp-json\/wp\/v2\/categories?post=37705"},{"taxonomy":"post_tag","embeddable":true,"href":"https:\/\/www.organisator.ch\/fr\/wp-json\/wp\/v2\/tags?post=37705"}],"curies":[{"name":"wp","href":"https:\/\/api.w.org\/{rel}","templated":true}]}}