{"id":37766,"date":"2025-04-23T05:15:43","date_gmt":"2025-04-23T03:15:43","guid":{"rendered":"https:\/\/www.organisator.ch\/de\/?p=37766"},"modified":"2025-04-22T10:21:07","modified_gmt":"2025-04-22T08:21:07","slug":"patrick-utz-maerkte-proaktiv-bearbeiten","status":"publish","type":"post","link":"https:\/\/www.organisator.ch\/fr\/marketing\/2025-04-23\/patrick-utz-maerkte-proaktiv-bearbeiten\/","title":{"rendered":"Patrick Utz : \"Travailler les march\u00e9s de mani\u00e8re proactive\"."},"content":{"rendered":"<div class=\"swpm-post-not-logged-in-msg\">Vous devez \u00eatre connect\u00e9 pour voir ce contenu. Veuillez <a class=\"swpm-login-link\" href=\"https:\/\/www.organisator.ch\/login\/\">Se connecter<\/a>. Pas un membre ? <a href=\"https:\/\/www.organisator.ch\/shop\/\">Nous Rejoindre<\/a><\/div>","protected":false},"excerpt":{"rendered":"<p>L'\u00e9conomie suisse est confront\u00e9e \u00e0 un vent plus rude que r\u00e9cemment. De plus en plus d'entreprises sont confront\u00e9es \u00e0 des co\u00fbts \u00e9lev\u00e9s et \u00e0 un manque de chiffre d'affaires. Il faut trouver de nouveaux march\u00e9s et de nouveaux clients ou des clients plus solvables. Qu'est-ce que cela signifie pour la distribution et la direction de l'entreprise ?<\/p>","protected":false},"author":1,"featured_media":37764,"comment_status":"closed","ping_status":"closed","sticky":false,"template":"","format":"standard","meta":{"_acf_changed":false,"_yoast_wpseo_focuskw":"Patrick Utz","_yoast_wpseo_metadesc":"Neue M\u00e4rkte m\u00fcssen her sowie neue Kunden. Was heisst das nun f\u00fcr den Vertrieb und die gesamte Unternehmensleitung? Das weiss Patrick Utz.","articlekey":"149282","footnotes":""},"categories":[578,29],"tags":[283,335,4736,512],"class_list":["post-37766","post","type-post","status-publish","format-standard","has-post-thumbnail","hentry","category-abo","category-marketing","tag-interview","tag-management-und-unternehmensfuehrung","tag-marketing-und-sales","tag-vertrieb"],"acf":[],"yoast_head":"<!-- This site is optimized with the Yoast SEO plugin v27.5 - https:\/\/yoast.com\/product\/yoast-seo-wordpress\/ -->\n<title>Patrick Utz: \u00abM\u00e4rkte proaktiv bearbeiten\u00bb - Organisator<\/title>\n<meta name=\"description\" content=\"Neue M\u00e4rkte m\u00fcssen her sowie neue Kunden. Was heisst das nun f\u00fcr den Vertrieb und die gesamte Unternehmensleitung? Das weiss Patrick Utz.\" \/>\n<meta name=\"robots\" content=\"index, follow, max-snippet:-1, max-image-preview:large, max-video-preview:-1\" \/>\n<link rel=\"canonical\" href=\"https:\/\/www.organisator.ch\/fr\/marketing\/2025-04-23\/patrick-utz-maerkte-proaktiv-bearbeiten\/\" \/>\n<meta property=\"og:locale\" content=\"fr_FR\" \/>\n<meta property=\"og:type\" content=\"article\" \/>\n<meta property=\"og:title\" content=\"Patrick Utz: \u00abM\u00e4rkte proaktiv bearbeiten\u00bb - Organisator\" \/>\n<meta property=\"og:description\" content=\"Neue M\u00e4rkte m\u00fcssen her sowie neue Kunden. Was heisst das nun f\u00fcr den Vertrieb und die gesamte Unternehmensleitung? Das weiss Patrick Utz.\" \/>\n<meta property=\"og:url\" content=\"https:\/\/www.organisator.ch\/fr\/marketing\/2025-04-23\/patrick-utz-maerkte-proaktiv-bearbeiten\/\" \/>\n<meta property=\"og:site_name\" content=\"Organisator\" \/>\n<meta property=\"article:publisher\" content=\"https:\/\/www.facebook.com\/OrganisatorFachmagazin\" \/>\n<meta property=\"article:published_time\" content=\"2025-04-23T03:15:43+00:00\" \/>\n<meta property=\"og:image\" content=\"https:\/\/www.organisator.ch\/wp-content\/uploads\/2025\/04\/Marketing_Auftakt_Bild1_organisator_150492-scaled-e1745309808723.jpg\" \/>\n\t<meta property=\"og:image:width\" content=\"1043\" \/>\n\t<meta property=\"og:image:height\" content=\"798\" \/>\n\t<meta property=\"og:image:type\" content=\"image\/jpeg\" \/>\n<meta name=\"author\" content=\"admin\" \/>\n<meta name=\"twitter:card\" content=\"summary_large_image\" \/>\n<script type=\"application\/ld+json\" class=\"yoast-schema-graph\">{\"@context\":\"https:\\\/\\\/schema.org\",\"@graph\":[{\"@type\":\"Article\",\"@id\":\"https:\\\/\\\/www.organisator.ch\\\/marketing\\\/2025-04-23\\\/patrick-utz-maerkte-proaktiv-bearbeiten\\\/#article\",\"isPartOf\":{\"@id\":\"https:\\\/\\\/www.organisator.ch\\\/marketing\\\/2025-04-23\\\/patrick-utz-maerkte-proaktiv-bearbeiten\\\/\"},\"author\":{\"name\":\"admin\",\"@id\":\"https:\\\/\\\/www.organisator.ch\\\/#\\\/schema\\\/person\\\/aa2bace6c5c5aad60102004a50c4eb1c\"},\"headline\":\"Patrick Utz: \u00abM\u00e4rkte proaktiv bearbeiten\u00bb\",\"datePublished\":\"2025-04-23T03:15:43+00:00\",\"mainEntityOfPage\":{\"@id\":\"https:\\\/\\\/www.organisator.ch\\\/marketing\\\/2025-04-23\\\/patrick-utz-maerkte-proaktiv-bearbeiten\\\/\"},\"wordCount\":1671,\"publisher\":{\"@id\":\"https:\\\/\\\/www.organisator.ch\\\/#organization\"},\"image\":{\"@id\":\"https:\\\/\\\/www.organisator.ch\\\/marketing\\\/2025-04-23\\\/patrick-utz-maerkte-proaktiv-bearbeiten\\\/#primaryimage\"},\"thumbnailUrl\":\"https:\\\/\\\/www.organisator.ch\\\/wp-content\\\/uploads\\\/2025\\\/04\\\/Marketing_Auftakt_Bild1_organisator_150492-scaled-e1745309808723.jpg\",\"keywords\":[\"Interview\",\"Management und Unternehmensf\u00fchrung\",\"Marketing und Sales\",\"Vertrieb\"],\"articleSection\":[\"ABO+\",\"MARKETING\"],\"inLanguage\":\"fr-FR\"},{\"@type\":\"WebPage\",\"@id\":\"https:\\\/\\\/www.organisator.ch\\\/marketing\\\/2025-04-23\\\/patrick-utz-maerkte-proaktiv-bearbeiten\\\/\",\"url\":\"https:\\\/\\\/www.organisator.ch\\\/marketing\\\/2025-04-23\\\/patrick-utz-maerkte-proaktiv-bearbeiten\\\/\",\"name\":\"Patrick Utz: \u00abM\u00e4rkte proaktiv bearbeiten\u00bb - Organisator\",\"isPartOf\":{\"@id\":\"https:\\\/\\\/www.organisator.ch\\\/#website\"},\"primaryImageOfPage\":{\"@id\":\"https:\\\/\\\/www.organisator.ch\\\/marketing\\\/2025-04-23\\\/patrick-utz-maerkte-proaktiv-bearbeiten\\\/#primaryimage\"},\"image\":{\"@id\":\"https:\\\/\\\/www.organisator.ch\\\/marketing\\\/2025-04-23\\\/patrick-utz-maerkte-proaktiv-bearbeiten\\\/#primaryimage\"},\"thumbnailUrl\":\"https:\\\/\\\/www.organisator.ch\\\/wp-content\\\/uploads\\\/2025\\\/04\\\/Marketing_Auftakt_Bild1_organisator_150492-scaled-e1745309808723.jpg\",\"datePublished\":\"2025-04-23T03:15:43+00:00\",\"description\":\"Neue M\u00e4rkte m\u00fcssen her sowie neue Kunden. Was heisst das nun f\u00fcr den Vertrieb und die gesamte Unternehmensleitung? Das weiss Patrick Utz.\",\"breadcrumb\":{\"@id\":\"https:\\\/\\\/www.organisator.ch\\\/marketing\\\/2025-04-23\\\/patrick-utz-maerkte-proaktiv-bearbeiten\\\/#breadcrumb\"},\"inLanguage\":\"fr-FR\",\"potentialAction\":[{\"@type\":\"ReadAction\",\"target\":[\"https:\\\/\\\/www.organisator.ch\\\/marketing\\\/2025-04-23\\\/patrick-utz-maerkte-proaktiv-bearbeiten\\\/\"]}]},{\"@type\":\"ImageObject\",\"inLanguage\":\"fr-FR\",\"@id\":\"https:\\\/\\\/www.organisator.ch\\\/marketing\\\/2025-04-23\\\/patrick-utz-maerkte-proaktiv-bearbeiten\\\/#primaryimage\",\"url\":\"https:\\\/\\\/www.organisator.ch\\\/wp-content\\\/uploads\\\/2025\\\/04\\\/Marketing_Auftakt_Bild1_organisator_150492-scaled-e1745309808723.jpg\",\"contentUrl\":\"https:\\\/\\\/www.organisator.ch\\\/wp-content\\\/uploads\\\/2025\\\/04\\\/Marketing_Auftakt_Bild1_organisator_150492-scaled-e1745309808723.jpg\",\"width\":1043,\"height\":798,\"caption\":\"Patrick Utz zeigt Unternehmen, wie sie auf schlaue Art die richtigen Kunden gewinnen. Foto: zVg \\\/ patrickutz.com\"},{\"@type\":\"BreadcrumbList\",\"@id\":\"https:\\\/\\\/www.organisator.ch\\\/marketing\\\/2025-04-23\\\/patrick-utz-maerkte-proaktiv-bearbeiten\\\/#breadcrumb\",\"itemListElement\":[{\"@type\":\"ListItem\",\"position\":1,\"name\":\"Home\",\"item\":\"https:\\\/\\\/www.organisator.ch\\\/\"},{\"@type\":\"ListItem\",\"position\":2,\"name\":\"Patrick Utz: \u00abM\u00e4rkte proaktiv bearbeiten\u00bb\"}]},{\"@type\":\"WebSite\",\"@id\":\"https:\\\/\\\/www.organisator.ch\\\/#website\",\"url\":\"https:\\\/\\\/www.organisator.ch\\\/\",\"name\":\"Organisator\",\"description\":\"Kompetent. Praxisnah. Der ORGANISATOR bereitet in 10 Ausgaben pro Jahr die wesentlichen Themen f\u00fcr F\u00fchrungskr\u00e4fte von KMU auf.\",\"publisher\":{\"@id\":\"https:\\\/\\\/www.organisator.ch\\\/#organization\"},\"potentialAction\":[{\"@type\":\"SearchAction\",\"target\":{\"@type\":\"EntryPoint\",\"urlTemplate\":\"https:\\\/\\\/www.organisator.ch\\\/?s={search_term_string}\"},\"query-input\":{\"@type\":\"PropertyValueSpecification\",\"valueRequired\":true,\"valueName\":\"search_term_string\"}}],\"inLanguage\":\"fr-FR\"},{\"@type\":\"Organization\",\"@id\":\"https:\\\/\\\/www.organisator.ch\\\/#organization\",\"name\":\"Organisator\",\"url\":\"https:\\\/\\\/www.organisator.ch\\\/\",\"logo\":{\"@type\":\"ImageObject\",\"inLanguage\":\"fr-FR\",\"@id\":\"https:\\\/\\\/www.organisator.ch\\\/#\\\/schema\\\/logo\\\/image\\\/\",\"url\":\"https:\\\/\\\/www.organisator.ch\\\/wp-content\\\/uploads\\\/2022\\\/01\\\/Logo_Organisator_Website.png\",\"contentUrl\":\"https:\\\/\\\/www.organisator.ch\\\/wp-content\\\/uploads\\\/2022\\\/01\\\/Logo_Organisator_Website.png\",\"width\":800,\"height\":77,\"caption\":\"Organisator\"},\"image\":{\"@id\":\"https:\\\/\\\/www.organisator.ch\\\/#\\\/schema\\\/logo\\\/image\\\/\"},\"sameAs\":[\"https:\\\/\\\/www.facebook.com\\\/OrganisatorFachmagazin\",\"https:\\\/\\\/www.linkedin.com\\\/showcase\\\/organisator-das-magazin-fr-kmu\",\"https:\\\/\\\/www.xing.com\\\/news\\\/pages\\\/organisator-ch-695\",\"https:\\\/\\\/www.youtube.com\\\/channel\\\/UCGP2Sq0iWaZwT3BdIAQFYpw\"]},{\"@type\":\"Person\",\"@id\":\"https:\\\/\\\/www.organisator.ch\\\/#\\\/schema\\\/person\\\/aa2bace6c5c5aad60102004a50c4eb1c\",\"name\":\"admin\",\"image\":{\"@type\":\"ImageObject\",\"inLanguage\":\"fr-FR\",\"@id\":\"https:\\\/\\\/secure.gravatar.com\\\/avatar\\\/ae2f4d718e6c49043e314ce431e7e645d646302a24a5ef5a8bc8e3f5a032e319?s=96&d=mm&r=g\",\"url\":\"https:\\\/\\\/secure.gravatar.com\\\/avatar\\\/ae2f4d718e6c49043e314ce431e7e645d646302a24a5ef5a8bc8e3f5a032e319?s=96&d=mm&r=g\",\"contentUrl\":\"https:\\\/\\\/secure.gravatar.com\\\/avatar\\\/ae2f4d718e6c49043e314ce431e7e645d646302a24a5ef5a8bc8e3f5a032e319?s=96&d=mm&r=g\",\"caption\":\"admin\"},\"sameAs\":[\"https:\\\/\\\/www.organisator.ch\"],\"url\":\"https:\\\/\\\/www.organisator.ch\\\/fr\\\/author\\\/admin\\\/\"}]}<\/script>\n<!-- \/ Yoast SEO plugin. -->","yoast_head_json":{"title":"Patrick Utz : \"Travailler les march\u00e9s de mani\u00e8re proactive\" - Organisateur","description":"Il faut trouver de nouveaux march\u00e9s et de nouveaux clients. Qu'est-ce que cela signifie pour la distribution et la direction de l'entreprise ? C'est ce que sait Patrick Utz.","robots":{"index":"index","follow":"follow","max-snippet":"max-snippet:-1","max-image-preview":"max-image-preview:large","max-video-preview":"max-video-preview:-1"},"canonical":"https:\/\/www.organisator.ch\/fr\/marketing\/2025-04-23\/patrick-utz-maerkte-proaktiv-bearbeiten\/","og_locale":"fr_FR","og_type":"article","og_title":"Patrick Utz: \u00abM\u00e4rkte proaktiv bearbeiten\u00bb - Organisator","og_description":"Neue M\u00e4rkte m\u00fcssen her sowie neue Kunden. Was heisst das nun f\u00fcr den Vertrieb und die gesamte Unternehmensleitung? Das weiss Patrick Utz.","og_url":"https:\/\/www.organisator.ch\/fr\/marketing\/2025-04-23\/patrick-utz-maerkte-proaktiv-bearbeiten\/","og_site_name":"Organisator","article_publisher":"https:\/\/www.facebook.com\/OrganisatorFachmagazin","article_published_time":"2025-04-23T03:15:43+00:00","og_image":[{"width":1043,"height":798,"url":"https:\/\/www.organisator.ch\/wp-content\/uploads\/2025\/04\/Marketing_Auftakt_Bild1_organisator_150492-scaled-e1745309808723.jpg","type":"image\/jpeg"}],"author":"admin","twitter_card":"summary_large_image","schema":{"@context":"https:\/\/schema.org","@graph":[{"@type":"Article","@id":"https:\/\/www.organisator.ch\/marketing\/2025-04-23\/patrick-utz-maerkte-proaktiv-bearbeiten\/#article","isPartOf":{"@id":"https:\/\/www.organisator.ch\/marketing\/2025-04-23\/patrick-utz-maerkte-proaktiv-bearbeiten\/"},"author":{"name":"admin","@id":"https:\/\/www.organisator.ch\/#\/schema\/person\/aa2bace6c5c5aad60102004a50c4eb1c"},"headline":"Patrick Utz: \u00abM\u00e4rkte proaktiv bearbeiten\u00bb","datePublished":"2025-04-23T03:15:43+00:00","mainEntityOfPage":{"@id":"https:\/\/www.organisator.ch\/marketing\/2025-04-23\/patrick-utz-maerkte-proaktiv-bearbeiten\/"},"wordCount":1671,"publisher":{"@id":"https:\/\/www.organisator.ch\/#organization"},"image":{"@id":"https:\/\/www.organisator.ch\/marketing\/2025-04-23\/patrick-utz-maerkte-proaktiv-bearbeiten\/#primaryimage"},"thumbnailUrl":"https:\/\/www.organisator.ch\/wp-content\/uploads\/2025\/04\/Marketing_Auftakt_Bild1_organisator_150492-scaled-e1745309808723.jpg","keywords":["Interview","Management und Unternehmensf\u00fchrung","Marketing und Sales","Vertrieb"],"articleSection":["ABO+","MARKETING"],"inLanguage":"fr-FR"},{"@type":"WebPage","@id":"https:\/\/www.organisator.ch\/marketing\/2025-04-23\/patrick-utz-maerkte-proaktiv-bearbeiten\/","url":"https:\/\/www.organisator.ch\/marketing\/2025-04-23\/patrick-utz-maerkte-proaktiv-bearbeiten\/","name":"Patrick Utz : \"Travailler les march\u00e9s de mani\u00e8re proactive\" - Organisateur","isPartOf":{"@id":"https:\/\/www.organisator.ch\/#website"},"primaryImageOfPage":{"@id":"https:\/\/www.organisator.ch\/marketing\/2025-04-23\/patrick-utz-maerkte-proaktiv-bearbeiten\/#primaryimage"},"image":{"@id":"https:\/\/www.organisator.ch\/marketing\/2025-04-23\/patrick-utz-maerkte-proaktiv-bearbeiten\/#primaryimage"},"thumbnailUrl":"https:\/\/www.organisator.ch\/wp-content\/uploads\/2025\/04\/Marketing_Auftakt_Bild1_organisator_150492-scaled-e1745309808723.jpg","datePublished":"2025-04-23T03:15:43+00:00","description":"Il faut trouver de nouveaux march\u00e9s et de nouveaux clients. Qu'est-ce que cela signifie pour la distribution et la direction de l'entreprise ? C'est ce que sait Patrick Utz.","breadcrumb":{"@id":"https:\/\/www.organisator.ch\/marketing\/2025-04-23\/patrick-utz-maerkte-proaktiv-bearbeiten\/#breadcrumb"},"inLanguage":"fr-FR","potentialAction":[{"@type":"ReadAction","target":["https:\/\/www.organisator.ch\/marketing\/2025-04-23\/patrick-utz-maerkte-proaktiv-bearbeiten\/"]}]},{"@type":"ImageObject","inLanguage":"fr-FR","@id":"https:\/\/www.organisator.ch\/marketing\/2025-04-23\/patrick-utz-maerkte-proaktiv-bearbeiten\/#primaryimage","url":"https:\/\/www.organisator.ch\/wp-content\/uploads\/2025\/04\/Marketing_Auftakt_Bild1_organisator_150492-scaled-e1745309808723.jpg","contentUrl":"https:\/\/www.organisator.ch\/wp-content\/uploads\/2025\/04\/Marketing_Auftakt_Bild1_organisator_150492-scaled-e1745309808723.jpg","width":1043,"height":798,"caption":"Patrick Utz zeigt Unternehmen, wie sie auf schlaue Art die richtigen Kunden gewinnen. Foto: zVg \/ patrickutz.com"},{"@type":"BreadcrumbList","@id":"https:\/\/www.organisator.ch\/marketing\/2025-04-23\/patrick-utz-maerkte-proaktiv-bearbeiten\/#breadcrumb","itemListElement":[{"@type":"ListItem","position":1,"name":"Home","item":"https:\/\/www.organisator.ch\/"},{"@type":"ListItem","position":2,"name":"Patrick Utz: \u00abM\u00e4rkte proaktiv bearbeiten\u00bb"}]},{"@type":"WebSite","@id":"https:\/\/www.organisator.ch\/#website","url":"https:\/\/www.organisator.ch\/","name":"Organisateur","description":"Comp\u00e9tence et comp\u00e9tence. Proches de la pratique. L'ORGANISATEUR pr\u00e9pare 10 num\u00e9ros par an sur les th\u00e8mes essentiels pour les dirigeants de PME.","publisher":{"@id":"https:\/\/www.organisator.ch\/#organization"},"potentialAction":[{"@type":"SearchAction","target":{"@type":"EntryPoint","urlTemplate":"https:\/\/www.organisator.ch\/?s={search_term_string}"},"query-input":{"@type":"PropertyValueSpecification","valueRequired":true,"valueName":"search_term_string"}}],"inLanguage":"fr-FR"},{"@type":"Organization","@id":"https:\/\/www.organisator.ch\/#organization","name":"Organisateur","url":"https:\/\/www.organisator.ch\/","logo":{"@type":"ImageObject","inLanguage":"fr-FR","@id":"https:\/\/www.organisator.ch\/#\/schema\/logo\/image\/","url":"https:\/\/www.organisator.ch\/wp-content\/uploads\/2022\/01\/Logo_Organisator_Website.png","contentUrl":"https:\/\/www.organisator.ch\/wp-content\/uploads\/2022\/01\/Logo_Organisator_Website.png","width":800,"height":77,"caption":"Organisator"},"image":{"@id":"https:\/\/www.organisator.ch\/#\/schema\/logo\/image\/"},"sameAs":["https:\/\/www.facebook.com\/OrganisatorFachmagazin","https:\/\/www.linkedin.com\/showcase\/organisator-das-magazin-fr-kmu","https:\/\/www.xing.com\/news\/pages\/organisator-ch-695","https:\/\/www.youtube.com\/channel\/UCGP2Sq0iWaZwT3BdIAQFYpw"]},{"@type":"Person","@id":"https:\/\/www.organisator.ch\/#\/schema\/person\/aa2bace6c5c5aad60102004a50c4eb1c","name":"admin","image":{"@type":"ImageObject","inLanguage":"fr-FR","@id":"https:\/\/secure.gravatar.com\/avatar\/ae2f4d718e6c49043e314ce431e7e645d646302a24a5ef5a8bc8e3f5a032e319?s=96&d=mm&r=g","url":"https:\/\/secure.gravatar.com\/avatar\/ae2f4d718e6c49043e314ce431e7e645d646302a24a5ef5a8bc8e3f5a032e319?s=96&d=mm&r=g","contentUrl":"https:\/\/secure.gravatar.com\/avatar\/ae2f4d718e6c49043e314ce431e7e645d646302a24a5ef5a8bc8e3f5a032e319?s=96&d=mm&r=g","caption":"admin"},"sameAs":["https:\/\/www.organisator.ch"],"url":"https:\/\/www.organisator.ch\/fr\/author\/admin\/"}]}},"_links":{"self":[{"href":"https:\/\/www.organisator.ch\/fr\/wp-json\/wp\/v2\/posts\/37766","targetHints":{"allow":["GET"]}}],"collection":[{"href":"https:\/\/www.organisator.ch\/fr\/wp-json\/wp\/v2\/posts"}],"about":[{"href":"https:\/\/www.organisator.ch\/fr\/wp-json\/wp\/v2\/types\/post"}],"author":[{"embeddable":true,"href":"https:\/\/www.organisator.ch\/fr\/wp-json\/wp\/v2\/users\/1"}],"replies":[{"embeddable":true,"href":"https:\/\/www.organisator.ch\/fr\/wp-json\/wp\/v2\/comments?post=37766"}],"version-history":[{"count":2,"href":"https:\/\/www.organisator.ch\/fr\/wp-json\/wp\/v2\/posts\/37766\/revisions"}],"predecessor-version":[{"id":37856,"href":"https:\/\/www.organisator.ch\/fr\/wp-json\/wp\/v2\/posts\/37766\/revisions\/37856"}],"wp:featuredmedia":[{"embeddable":true,"href":"https:\/\/www.organisator.ch\/fr\/wp-json\/wp\/v2\/media\/37764"}],"wp:attachment":[{"href":"https:\/\/www.organisator.ch\/fr\/wp-json\/wp\/v2\/media?parent=37766"}],"wp:term":[{"taxonomy":"category","embeddable":true,"href":"https:\/\/www.organisator.ch\/fr\/wp-json\/wp\/v2\/categories?post=37766"},{"taxonomy":"post_tag","embeddable":true,"href":"https:\/\/www.organisator.ch\/fr\/wp-json\/wp\/v2\/tags?post=37766"}],"curies":[{"name":"wp","href":"https:\/\/api.w.org\/{rel}","templated":true}]}}