{"id":37768,"date":"2025-04-23T05:09:32","date_gmt":"2025-04-23T03:09:32","guid":{"rendered":"https:\/\/www.organisator.ch\/de\/?p=37768"},"modified":"2025-04-22T10:12:22","modified_gmt":"2025-04-22T08:12:22","slug":"kompetenzen-als-strategischer-wettbewerbsvorteil","status":"publish","type":"post","link":"https:\/\/www.organisator.ch\/fr\/human-resources\/2025-04-23\/kompetenzen-als-strategischer-wettbewerbsvorteil\/","title":{"rendered":"Les comp\u00e9tences comme avantage concurrentiel strat\u00e9gique"},"content":{"rendered":"<div class=\"swpm-post-not-logged-in-msg\">Vous devez \u00eatre connect\u00e9 pour voir ce contenu. Veuillez <a class=\"swpm-login-link\" href=\"https:\/\/www.organisator.ch\/login\/\">Se connecter<\/a>. Pas un membre ? <a href=\"https:\/\/www.organisator.ch\/shop\/\">Nous Rejoindre<\/a><\/div>","protected":false},"excerpt":{"rendered":"<p>De plus en plus d'entreprises cherchent des moyens de devenir plus agiles et de promouvoir les talents. L'organisation bas\u00e9e sur les comp\u00e9tences (SBO) est une approche prometteuse. Dans ce cadre, les comp\u00e9tences sont plac\u00e9es au centre de la strat\u00e9gie de gestion des talents afin d'obtenir de meilleurs r\u00e9sultats. <\/p>","protected":false},"author":1,"featured_media":37767,"comment_status":"closed","ping_status":"closed","sticky":false,"template":"","format":"standard","meta":{"_acf_changed":false,"_yoast_wpseo_focuskw":"Kompetenzen","_yoast_wpseo_metadesc":"Ein vielversprechender Ansatz ist die Skill-basierte Organisation (SBO). Hierbei r\u00fccken Kompetenzen in den Mittelpunkt der Talentstrategie.","articlekey":"150724","footnotes":""},"categories":[578,579],"tags":[62,254,335,471],"class_list":["post-37768","post","type-post","status-publish","format-standard","has-post-thumbnail","hentry","category-abo","category-human-resources","tag-aus-weiterbildung","tag-hrm","tag-management-und-unternehmensfuehrung","tag-talentmanagement"],"acf":[],"yoast_head":"<!-- This site is optimized with the Yoast SEO plugin v27.4 - https:\/\/yoast.com\/product\/yoast-seo-wordpress\/ -->\n<title>Kompetenzen als strategischer Wettbewerbsvorteil - Organisator<\/title>\n<meta name=\"description\" content=\"Ein vielversprechender Ansatz ist die Skill-basierte Organisation (SBO). Hierbei r\u00fccken Kompetenzen in den Mittelpunkt der Talentstrategie.\" \/>\n<meta name=\"robots\" content=\"index, follow, max-snippet:-1, max-image-preview:large, max-video-preview:-1\" \/>\n<link rel=\"canonical\" href=\"https:\/\/www.organisator.ch\/fr\/ressources-humaines\/2025-04-23\/kompetenzen-als-strategischer-wettbewerbsvorteil\/\" \/>\n<meta property=\"og:locale\" content=\"fr_FR\" \/>\n<meta property=\"og:type\" content=\"article\" \/>\n<meta property=\"og:title\" content=\"Kompetenzen als strategischer Wettbewerbsvorteil - Organisator\" \/>\n<meta property=\"og:description\" content=\"Ein vielversprechender Ansatz ist die Skill-basierte Organisation (SBO). Hierbei r\u00fccken Kompetenzen in den Mittelpunkt der Talentstrategie.\" \/>\n<meta property=\"og:url\" content=\"https:\/\/www.organisator.ch\/fr\/ressources-humaines\/2025-04-23\/kompetenzen-als-strategischer-wettbewerbsvorteil\/\" \/>\n<meta property=\"og:site_name\" content=\"Organisator\" \/>\n<meta property=\"article:publisher\" content=\"https:\/\/www.facebook.com\/OrganisatorFachmagazin\" \/>\n<meta property=\"article:published_time\" content=\"2025-04-23T03:09:32+00:00\" \/>\n<meta property=\"og:image\" content=\"https:\/\/www.organisator.ch\/wp-content\/uploads\/2025\/04\/HRM_Workday_Bild_organisator_150772-scaled.jpg\" \/>\n\t<meta property=\"og:image:width\" content=\"1400\" \/>\n\t<meta property=\"og:image:height\" content=\"1024\" \/>\n\t<meta property=\"og:image:type\" content=\"image\/jpeg\" \/>\n<meta name=\"author\" content=\"admin\" \/>\n<meta name=\"twitter:card\" content=\"summary_large_image\" \/>\n<script type=\"application\/ld+json\" class=\"yoast-schema-graph\">{\"@context\":\"https:\\\/\\\/schema.org\",\"@graph\":[{\"@type\":\"Article\",\"@id\":\"https:\\\/\\\/www.organisator.ch\\\/human-resources\\\/2025-04-23\\\/kompetenzen-als-strategischer-wettbewerbsvorteil\\\/#article\",\"isPartOf\":{\"@id\":\"https:\\\/\\\/www.organisator.ch\\\/human-resources\\\/2025-04-23\\\/kompetenzen-als-strategischer-wettbewerbsvorteil\\\/\"},\"author\":{\"name\":\"admin\",\"@id\":\"https:\\\/\\\/www.organisator.ch\\\/#\\\/schema\\\/person\\\/aa2bace6c5c5aad60102004a50c4eb1c\"},\"headline\":\"Kompetenzen als strategischer Wettbewerbsvorteil\",\"datePublished\":\"2025-04-23T03:09:32+00:00\",\"mainEntityOfPage\":{\"@id\":\"https:\\\/\\\/www.organisator.ch\\\/human-resources\\\/2025-04-23\\\/kompetenzen-als-strategischer-wettbewerbsvorteil\\\/\"},\"wordCount\":980,\"publisher\":{\"@id\":\"https:\\\/\\\/www.organisator.ch\\\/#organization\"},\"image\":{\"@id\":\"https:\\\/\\\/www.organisator.ch\\\/human-resources\\\/2025-04-23\\\/kompetenzen-als-strategischer-wettbewerbsvorteil\\\/#primaryimage\"},\"thumbnailUrl\":\"https:\\\/\\\/www.organisator.ch\\\/wp-content\\\/uploads\\\/2025\\\/04\\\/HRM_Workday_Bild_organisator_150772-scaled.jpg\",\"keywords\":[\"Aus-\\\/Weiterbildung\",\"HRM\",\"Management und Unternehmensf\u00fchrung\",\"Talentmanagement\"],\"articleSection\":[\"ABO+\",\"HUMAN RESOURCES\"],\"inLanguage\":\"fr-FR\"},{\"@type\":\"WebPage\",\"@id\":\"https:\\\/\\\/www.organisator.ch\\\/human-resources\\\/2025-04-23\\\/kompetenzen-als-strategischer-wettbewerbsvorteil\\\/\",\"url\":\"https:\\\/\\\/www.organisator.ch\\\/human-resources\\\/2025-04-23\\\/kompetenzen-als-strategischer-wettbewerbsvorteil\\\/\",\"name\":\"Kompetenzen als strategischer Wettbewerbsvorteil - Organisator\",\"isPartOf\":{\"@id\":\"https:\\\/\\\/www.organisator.ch\\\/#website\"},\"primaryImageOfPage\":{\"@id\":\"https:\\\/\\\/www.organisator.ch\\\/human-resources\\\/2025-04-23\\\/kompetenzen-als-strategischer-wettbewerbsvorteil\\\/#primaryimage\"},\"image\":{\"@id\":\"https:\\\/\\\/www.organisator.ch\\\/human-resources\\\/2025-04-23\\\/kompetenzen-als-strategischer-wettbewerbsvorteil\\\/#primaryimage\"},\"thumbnailUrl\":\"https:\\\/\\\/www.organisator.ch\\\/wp-content\\\/uploads\\\/2025\\\/04\\\/HRM_Workday_Bild_organisator_150772-scaled.jpg\",\"datePublished\":\"2025-04-23T03:09:32+00:00\",\"description\":\"Ein vielversprechender Ansatz ist die Skill-basierte Organisation (SBO). Hierbei r\u00fccken Kompetenzen in den Mittelpunkt der Talentstrategie.\",\"breadcrumb\":{\"@id\":\"https:\\\/\\\/www.organisator.ch\\\/human-resources\\\/2025-04-23\\\/kompetenzen-als-strategischer-wettbewerbsvorteil\\\/#breadcrumb\"},\"inLanguage\":\"fr-FR\",\"potentialAction\":[{\"@type\":\"ReadAction\",\"target\":[\"https:\\\/\\\/www.organisator.ch\\\/human-resources\\\/2025-04-23\\\/kompetenzen-als-strategischer-wettbewerbsvorteil\\\/\"]}]},{\"@type\":\"ImageObject\",\"inLanguage\":\"fr-FR\",\"@id\":\"https:\\\/\\\/www.organisator.ch\\\/human-resources\\\/2025-04-23\\\/kompetenzen-als-strategischer-wettbewerbsvorteil\\\/#primaryimage\",\"url\":\"https:\\\/\\\/www.organisator.ch\\\/wp-content\\\/uploads\\\/2025\\\/04\\\/HRM_Workday_Bild_organisator_150772-scaled.jpg\",\"contentUrl\":\"https:\\\/\\\/www.organisator.ch\\\/wp-content\\\/uploads\\\/2025\\\/04\\\/HRM_Workday_Bild_organisator_150772-scaled.jpg\",\"width\":1400,\"height\":1024,\"caption\":\"Mitarbeitende, die ihre Kompetenzen optimal einsetzen k\u00f6nnen, sind in der Regel motivierter und engagierter. \u00a9 Depositphotos.com\"},{\"@type\":\"BreadcrumbList\",\"@id\":\"https:\\\/\\\/www.organisator.ch\\\/human-resources\\\/2025-04-23\\\/kompetenzen-als-strategischer-wettbewerbsvorteil\\\/#breadcrumb\",\"itemListElement\":[{\"@type\":\"ListItem\",\"position\":1,\"name\":\"Home\",\"item\":\"https:\\\/\\\/www.organisator.ch\\\/\"},{\"@type\":\"ListItem\",\"position\":2,\"name\":\"Kompetenzen als strategischer Wettbewerbsvorteil\"}]},{\"@type\":\"WebSite\",\"@id\":\"https:\\\/\\\/www.organisator.ch\\\/#website\",\"url\":\"https:\\\/\\\/www.organisator.ch\\\/\",\"name\":\"Organisator\",\"description\":\"Kompetent. Praxisnah. Der ORGANISATOR bereitet in 10 Ausgaben pro Jahr die wesentlichen Themen f\u00fcr F\u00fchrungskr\u00e4fte von KMU auf.\",\"publisher\":{\"@id\":\"https:\\\/\\\/www.organisator.ch\\\/#organization\"},\"potentialAction\":[{\"@type\":\"SearchAction\",\"target\":{\"@type\":\"EntryPoint\",\"urlTemplate\":\"https:\\\/\\\/www.organisator.ch\\\/?s={search_term_string}\"},\"query-input\":{\"@type\":\"PropertyValueSpecification\",\"valueRequired\":true,\"valueName\":\"search_term_string\"}}],\"inLanguage\":\"fr-FR\"},{\"@type\":\"Organization\",\"@id\":\"https:\\\/\\\/www.organisator.ch\\\/#organization\",\"name\":\"Organisator\",\"url\":\"https:\\\/\\\/www.organisator.ch\\\/\",\"logo\":{\"@type\":\"ImageObject\",\"inLanguage\":\"fr-FR\",\"@id\":\"https:\\\/\\\/www.organisator.ch\\\/#\\\/schema\\\/logo\\\/image\\\/\",\"url\":\"https:\\\/\\\/www.organisator.ch\\\/wp-content\\\/uploads\\\/2022\\\/01\\\/Logo_Organisator_Website.png\",\"contentUrl\":\"https:\\\/\\\/www.organisator.ch\\\/wp-content\\\/uploads\\\/2022\\\/01\\\/Logo_Organisator_Website.png\",\"width\":800,\"height\":77,\"caption\":\"Organisator\"},\"image\":{\"@id\":\"https:\\\/\\\/www.organisator.ch\\\/#\\\/schema\\\/logo\\\/image\\\/\"},\"sameAs\":[\"https:\\\/\\\/www.facebook.com\\\/OrganisatorFachmagazin\",\"https:\\\/\\\/www.linkedin.com\\\/showcase\\\/organisator-das-magazin-fr-kmu\",\"https:\\\/\\\/www.xing.com\\\/news\\\/pages\\\/organisator-ch-695\",\"https:\\\/\\\/www.youtube.com\\\/channel\\\/UCGP2Sq0iWaZwT3BdIAQFYpw\"]},{\"@type\":\"Person\",\"@id\":\"https:\\\/\\\/www.organisator.ch\\\/#\\\/schema\\\/person\\\/aa2bace6c5c5aad60102004a50c4eb1c\",\"name\":\"admin\",\"image\":{\"@type\":\"ImageObject\",\"inLanguage\":\"fr-FR\",\"@id\":\"https:\\\/\\\/secure.gravatar.com\\\/avatar\\\/ae2f4d718e6c49043e314ce431e7e645d646302a24a5ef5a8bc8e3f5a032e319?s=96&d=mm&r=g\",\"url\":\"https:\\\/\\\/secure.gravatar.com\\\/avatar\\\/ae2f4d718e6c49043e314ce431e7e645d646302a24a5ef5a8bc8e3f5a032e319?s=96&d=mm&r=g\",\"contentUrl\":\"https:\\\/\\\/secure.gravatar.com\\\/avatar\\\/ae2f4d718e6c49043e314ce431e7e645d646302a24a5ef5a8bc8e3f5a032e319?s=96&d=mm&r=g\",\"caption\":\"admin\"},\"sameAs\":[\"https:\\\/\\\/www.organisator.ch\"],\"url\":\"https:\\\/\\\/www.organisator.ch\\\/fr\\\/author\\\/admin\\\/\"}]}<\/script>\n<!-- \/ Yoast SEO plugin. -->","yoast_head_json":{"title":"Les comp\u00e9tences comme avantage concurrentiel strat\u00e9gique - Organisateur","description":"L'organisation bas\u00e9e sur les comp\u00e9tences (SBO) est une approche prometteuse. Dans ce cadre, les comp\u00e9tences sont plac\u00e9es au centre de la strat\u00e9gie de gestion des talents.","robots":{"index":"index","follow":"follow","max-snippet":"max-snippet:-1","max-image-preview":"max-image-preview:large","max-video-preview":"max-video-preview:-1"},"canonical":"https:\/\/www.organisator.ch\/fr\/ressources-humaines\/2025-04-23\/kompetenzen-als-strategischer-wettbewerbsvorteil\/","og_locale":"fr_FR","og_type":"article","og_title":"Kompetenzen als strategischer Wettbewerbsvorteil - Organisator","og_description":"Ein vielversprechender Ansatz ist die Skill-basierte Organisation (SBO). Hierbei r\u00fccken Kompetenzen in den Mittelpunkt der Talentstrategie.","og_url":"https:\/\/www.organisator.ch\/fr\/ressources-humaines\/2025-04-23\/kompetenzen-als-strategischer-wettbewerbsvorteil\/","og_site_name":"Organisator","article_publisher":"https:\/\/www.facebook.com\/OrganisatorFachmagazin","article_published_time":"2025-04-23T03:09:32+00:00","og_image":[{"width":1400,"height":1024,"url":"https:\/\/www.organisator.ch\/wp-content\/uploads\/2025\/04\/HRM_Workday_Bild_organisator_150772-scaled.jpg","type":"image\/jpeg"}],"author":"admin","twitter_card":"summary_large_image","schema":{"@context":"https:\/\/schema.org","@graph":[{"@type":"Article","@id":"https:\/\/www.organisator.ch\/human-resources\/2025-04-23\/kompetenzen-als-strategischer-wettbewerbsvorteil\/#article","isPartOf":{"@id":"https:\/\/www.organisator.ch\/human-resources\/2025-04-23\/kompetenzen-als-strategischer-wettbewerbsvorteil\/"},"author":{"name":"admin","@id":"https:\/\/www.organisator.ch\/#\/schema\/person\/aa2bace6c5c5aad60102004a50c4eb1c"},"headline":"Kompetenzen als strategischer Wettbewerbsvorteil","datePublished":"2025-04-23T03:09:32+00:00","mainEntityOfPage":{"@id":"https:\/\/www.organisator.ch\/human-resources\/2025-04-23\/kompetenzen-als-strategischer-wettbewerbsvorteil\/"},"wordCount":980,"publisher":{"@id":"https:\/\/www.organisator.ch\/#organization"},"image":{"@id":"https:\/\/www.organisator.ch\/human-resources\/2025-04-23\/kompetenzen-als-strategischer-wettbewerbsvorteil\/#primaryimage"},"thumbnailUrl":"https:\/\/www.organisator.ch\/wp-content\/uploads\/2025\/04\/HRM_Workday_Bild_organisator_150772-scaled.jpg","keywords":["Aus-\/Weiterbildung","HRM","Management und Unternehmensf\u00fchrung","Talentmanagement"],"articleSection":["ABO+","HUMAN RESOURCES"],"inLanguage":"fr-FR"},{"@type":"WebPage","@id":"https:\/\/www.organisator.ch\/human-resources\/2025-04-23\/kompetenzen-als-strategischer-wettbewerbsvorteil\/","url":"https:\/\/www.organisator.ch\/human-resources\/2025-04-23\/kompetenzen-als-strategischer-wettbewerbsvorteil\/","name":"Les comp\u00e9tences comme avantage concurrentiel strat\u00e9gique - Organisateur","isPartOf":{"@id":"https:\/\/www.organisator.ch\/#website"},"primaryImageOfPage":{"@id":"https:\/\/www.organisator.ch\/human-resources\/2025-04-23\/kompetenzen-als-strategischer-wettbewerbsvorteil\/#primaryimage"},"image":{"@id":"https:\/\/www.organisator.ch\/human-resources\/2025-04-23\/kompetenzen-als-strategischer-wettbewerbsvorteil\/#primaryimage"},"thumbnailUrl":"https:\/\/www.organisator.ch\/wp-content\/uploads\/2025\/04\/HRM_Workday_Bild_organisator_150772-scaled.jpg","datePublished":"2025-04-23T03:09:32+00:00","description":"L'organisation bas\u00e9e sur les comp\u00e9tences (SBO) est une approche prometteuse. Dans ce cadre, les comp\u00e9tences sont plac\u00e9es au centre de la strat\u00e9gie de gestion des talents.","breadcrumb":{"@id":"https:\/\/www.organisator.ch\/human-resources\/2025-04-23\/kompetenzen-als-strategischer-wettbewerbsvorteil\/#breadcrumb"},"inLanguage":"fr-FR","potentialAction":[{"@type":"ReadAction","target":["https:\/\/www.organisator.ch\/human-resources\/2025-04-23\/kompetenzen-als-strategischer-wettbewerbsvorteil\/"]}]},{"@type":"ImageObject","inLanguage":"fr-FR","@id":"https:\/\/www.organisator.ch\/human-resources\/2025-04-23\/kompetenzen-als-strategischer-wettbewerbsvorteil\/#primaryimage","url":"https:\/\/www.organisator.ch\/wp-content\/uploads\/2025\/04\/HRM_Workday_Bild_organisator_150772-scaled.jpg","contentUrl":"https:\/\/www.organisator.ch\/wp-content\/uploads\/2025\/04\/HRM_Workday_Bild_organisator_150772-scaled.jpg","width":1400,"height":1024,"caption":"Mitarbeitende, die ihre Kompetenzen optimal einsetzen k\u00f6nnen, sind in der Regel motivierter und engagierter. \u00a9 Depositphotos.com"},{"@type":"BreadcrumbList","@id":"https:\/\/www.organisator.ch\/human-resources\/2025-04-23\/kompetenzen-als-strategischer-wettbewerbsvorteil\/#breadcrumb","itemListElement":[{"@type":"ListItem","position":1,"name":"Home","item":"https:\/\/www.organisator.ch\/"},{"@type":"ListItem","position":2,"name":"Kompetenzen als strategischer Wettbewerbsvorteil"}]},{"@type":"WebSite","@id":"https:\/\/www.organisator.ch\/#website","url":"https:\/\/www.organisator.ch\/","name":"Organisateur","description":"Comp\u00e9tence et comp\u00e9tence. Proches de la pratique. L'ORGANISATEUR pr\u00e9pare 10 num\u00e9ros par an sur les th\u00e8mes essentiels pour les dirigeants de PME.","publisher":{"@id":"https:\/\/www.organisator.ch\/#organization"},"potentialAction":[{"@type":"SearchAction","target":{"@type":"EntryPoint","urlTemplate":"https:\/\/www.organisator.ch\/?s={search_term_string}"},"query-input":{"@type":"PropertyValueSpecification","valueRequired":true,"valueName":"search_term_string"}}],"inLanguage":"fr-FR"},{"@type":"Organization","@id":"https:\/\/www.organisator.ch\/#organization","name":"Organisateur","url":"https:\/\/www.organisator.ch\/","logo":{"@type":"ImageObject","inLanguage":"fr-FR","@id":"https:\/\/www.organisator.ch\/#\/schema\/logo\/image\/","url":"https:\/\/www.organisator.ch\/wp-content\/uploads\/2022\/01\/Logo_Organisator_Website.png","contentUrl":"https:\/\/www.organisator.ch\/wp-content\/uploads\/2022\/01\/Logo_Organisator_Website.png","width":800,"height":77,"caption":"Organisator"},"image":{"@id":"https:\/\/www.organisator.ch\/#\/schema\/logo\/image\/"},"sameAs":["https:\/\/www.facebook.com\/OrganisatorFachmagazin","https:\/\/www.linkedin.com\/showcase\/organisator-das-magazin-fr-kmu","https:\/\/www.xing.com\/news\/pages\/organisator-ch-695","https:\/\/www.youtube.com\/channel\/UCGP2Sq0iWaZwT3BdIAQFYpw"]},{"@type":"Person","@id":"https:\/\/www.organisator.ch\/#\/schema\/person\/aa2bace6c5c5aad60102004a50c4eb1c","name":"admin","image":{"@type":"ImageObject","inLanguage":"fr-FR","@id":"https:\/\/secure.gravatar.com\/avatar\/ae2f4d718e6c49043e314ce431e7e645d646302a24a5ef5a8bc8e3f5a032e319?s=96&d=mm&r=g","url":"https:\/\/secure.gravatar.com\/avatar\/ae2f4d718e6c49043e314ce431e7e645d646302a24a5ef5a8bc8e3f5a032e319?s=96&d=mm&r=g","contentUrl":"https:\/\/secure.gravatar.com\/avatar\/ae2f4d718e6c49043e314ce431e7e645d646302a24a5ef5a8bc8e3f5a032e319?s=96&d=mm&r=g","caption":"admin"},"sameAs":["https:\/\/www.organisator.ch"],"url":"https:\/\/www.organisator.ch\/fr\/author\/admin\/"}]}},"_links":{"self":[{"href":"https:\/\/www.organisator.ch\/fr\/wp-json\/wp\/v2\/posts\/37768","targetHints":{"allow":["GET"]}}],"collection":[{"href":"https:\/\/www.organisator.ch\/fr\/wp-json\/wp\/v2\/posts"}],"about":[{"href":"https:\/\/www.organisator.ch\/fr\/wp-json\/wp\/v2\/types\/post"}],"author":[{"embeddable":true,"href":"https:\/\/www.organisator.ch\/fr\/wp-json\/wp\/v2\/users\/1"}],"replies":[{"embeddable":true,"href":"https:\/\/www.organisator.ch\/fr\/wp-json\/wp\/v2\/comments?post=37768"}],"version-history":[{"count":2,"href":"https:\/\/www.organisator.ch\/fr\/wp-json\/wp\/v2\/posts\/37768\/revisions"}],"predecessor-version":[{"id":37854,"href":"https:\/\/www.organisator.ch\/fr\/wp-json\/wp\/v2\/posts\/37768\/revisions\/37854"}],"wp:featuredmedia":[{"embeddable":true,"href":"https:\/\/www.organisator.ch\/fr\/wp-json\/wp\/v2\/media\/37767"}],"wp:attachment":[{"href":"https:\/\/www.organisator.ch\/fr\/wp-json\/wp\/v2\/media?parent=37768"}],"wp:term":[{"taxonomy":"category","embeddable":true,"href":"https:\/\/www.organisator.ch\/fr\/wp-json\/wp\/v2\/categories?post=37768"},{"taxonomy":"post_tag","embeddable":true,"href":"https:\/\/www.organisator.ch\/fr\/wp-json\/wp\/v2\/tags?post=37768"}],"curies":[{"name":"wp","href":"https:\/\/api.w.org\/{rel}","templated":true}]}}