{"id":37792,"date":"2025-04-22T18:50:57","date_gmt":"2025-04-22T16:50:57","guid":{"rendered":"https:\/\/www.organisator.ch\/de\/?p=37792"},"modified":"2025-04-22T09:07:26","modified_gmt":"2025-04-22T07:07:26","slug":"von-der-situationsanalyse-zum-krisenmanagement","status":"publish","type":"post","link":"https:\/\/www.organisator.ch\/fr\/management\/2025-04-22\/von-der-situationsanalyse-zum-krisenmanagement\/","title":{"rendered":"De l'analyse de la situation \u00e0 la gestion de crise"},"content":{"rendered":"<div class=\"swpm-post-not-logged-in-msg\">Vous devez \u00eatre connect\u00e9 pour voir ce contenu. Veuillez <a class=\"swpm-login-link\" href=\"https:\/\/www.organisator.ch\/login\/\">Se connecter<\/a>. Pas un membre ? <a href=\"https:\/\/www.organisator.ch\/shop\/\">Nous Rejoindre<\/a><\/div>","protected":false},"excerpt":{"rendered":"<p>Parmi les signaux de crise \u00e9vidents, on trouve des chiffres d'affaires en baisse, des marges en chute libre, un manque de liquidit\u00e9s ou des lettres d\u00e9sagr\u00e9ables des banques de financement.  Que va-t-il se passer maintenant ? Seule une analyse ouverte et impitoyable de la situation permet d'y voir plus clair. Comment faire ? <\/p>","protected":false},"author":1,"featured_media":37830,"comment_status":"closed","ping_status":"closed","sticky":false,"template":"","format":"standard","meta":{"_acf_changed":false,"_yoast_wpseo_focuskw":"Situationsanalyse","_yoast_wpseo_metadesc":"Im Krisenfalls schafft nur eine offene, schonungslose Situationsanalyse Klarheit. Wie geht das? Ein Experte zeigt den Weg auf.","articlekey":"148570","footnotes":""},"categories":[578,28],"tags":[103,315,335],"class_list":["post-37792","post","type-post","status-publish","format-standard","has-post-thumbnail","hentry","category-abo","category-management","tag-business-excellence","tag-krisenmanagement","tag-management-und-unternehmensfuehrung"],"acf":[],"yoast_head":"<!-- This site is optimized with the Yoast SEO plugin v27.5 - https:\/\/yoast.com\/product\/yoast-seo-wordpress\/ -->\n<title>Von der Situationsanalyse zum Krisenmanagement - Organisator<\/title>\n<meta name=\"description\" content=\"Im Krisenfalls schafft nur eine offene, schonungslose Situationsanalyse Klarheit. Wie geht das? Ein Experte zeigt den Weg auf.\" \/>\n<meta name=\"robots\" content=\"index, follow, max-snippet:-1, max-image-preview:large, max-video-preview:-1\" \/>\n<link rel=\"canonical\" href=\"https:\/\/www.organisator.ch\/fr\/gestion-2\/2025-04-22\/von-der-situationsanalyse-zum-krisenmanagement\/\" \/>\n<meta property=\"og:locale\" content=\"fr_FR\" \/>\n<meta property=\"og:type\" content=\"article\" \/>\n<meta property=\"og:title\" content=\"Von der Situationsanalyse zum Krisenmanagement - Organisator\" \/>\n<meta property=\"og:description\" content=\"Im Krisenfalls schafft nur eine offene, schonungslose Situationsanalyse Klarheit. Wie geht das? Ein Experte zeigt den Weg auf.\" \/>\n<meta property=\"og:url\" content=\"https:\/\/www.organisator.ch\/fr\/gestion-2\/2025-04-22\/von-der-situationsanalyse-zum-krisenmanagement\/\" \/>\n<meta property=\"og:site_name\" content=\"Organisator\" \/>\n<meta property=\"article:publisher\" content=\"https:\/\/www.facebook.com\/OrganisatorFachmagazin\" \/>\n<meta property=\"article:published_time\" content=\"2025-04-22T16:50:57+00:00\" \/>\n<meta property=\"og:image\" content=\"https:\/\/www.organisator.ch\/wp-content\/uploads\/2025\/04\/Von-der-Situationsanalyse-zum-Krisenmanagement_Organisator.jpg\" \/>\n\t<meta property=\"og:image:width\" content=\"680\" \/>\n\t<meta property=\"og:image:height\" content=\"383\" \/>\n\t<meta property=\"og:image:type\" content=\"image\/jpeg\" \/>\n<meta name=\"author\" content=\"admin\" \/>\n<meta name=\"twitter:card\" content=\"summary_large_image\" \/>\n<script type=\"application\/ld+json\" class=\"yoast-schema-graph\">{\"@context\":\"https:\\\/\\\/schema.org\",\"@graph\":[{\"@type\":\"Article\",\"@id\":\"https:\\\/\\\/www.organisator.ch\\\/management\\\/2025-04-22\\\/von-der-situationsanalyse-zum-krisenmanagement\\\/#article\",\"isPartOf\":{\"@id\":\"https:\\\/\\\/www.organisator.ch\\\/management\\\/2025-04-22\\\/von-der-situationsanalyse-zum-krisenmanagement\\\/\"},\"author\":{\"name\":\"admin\",\"@id\":\"https:\\\/\\\/www.organisator.ch\\\/#\\\/schema\\\/person\\\/aa2bace6c5c5aad60102004a50c4eb1c\"},\"headline\":\"Von der Situationsanalyse zum Krisenmanagement\",\"datePublished\":\"2025-04-22T16:50:57+00:00\",\"mainEntityOfPage\":{\"@id\":\"https:\\\/\\\/www.organisator.ch\\\/management\\\/2025-04-22\\\/von-der-situationsanalyse-zum-krisenmanagement\\\/\"},\"wordCount\":1229,\"publisher\":{\"@id\":\"https:\\\/\\\/www.organisator.ch\\\/#organization\"},\"image\":{\"@id\":\"https:\\\/\\\/www.organisator.ch\\\/management\\\/2025-04-22\\\/von-der-situationsanalyse-zum-krisenmanagement\\\/#primaryimage\"},\"thumbnailUrl\":\"https:\\\/\\\/www.organisator.ch\\\/wp-content\\\/uploads\\\/2025\\\/04\\\/Von-der-Situationsanalyse-zum-Krisenmanagement_Organisator.jpg\",\"keywords\":[\"Business Excellence\",\"Krisenmanagement\",\"Management und Unternehmensf\u00fchrung\"],\"articleSection\":[\"ABO+\",\"MANAGEMENT\"],\"inLanguage\":\"fr-FR\"},{\"@type\":\"WebPage\",\"@id\":\"https:\\\/\\\/www.organisator.ch\\\/management\\\/2025-04-22\\\/von-der-situationsanalyse-zum-krisenmanagement\\\/\",\"url\":\"https:\\\/\\\/www.organisator.ch\\\/management\\\/2025-04-22\\\/von-der-situationsanalyse-zum-krisenmanagement\\\/\",\"name\":\"Von der Situationsanalyse zum Krisenmanagement - Organisator\",\"isPartOf\":{\"@id\":\"https:\\\/\\\/www.organisator.ch\\\/#website\"},\"primaryImageOfPage\":{\"@id\":\"https:\\\/\\\/www.organisator.ch\\\/management\\\/2025-04-22\\\/von-der-situationsanalyse-zum-krisenmanagement\\\/#primaryimage\"},\"image\":{\"@id\":\"https:\\\/\\\/www.organisator.ch\\\/management\\\/2025-04-22\\\/von-der-situationsanalyse-zum-krisenmanagement\\\/#primaryimage\"},\"thumbnailUrl\":\"https:\\\/\\\/www.organisator.ch\\\/wp-content\\\/uploads\\\/2025\\\/04\\\/Von-der-Situationsanalyse-zum-Krisenmanagement_Organisator.jpg\",\"datePublished\":\"2025-04-22T16:50:57+00:00\",\"description\":\"Im Krisenfalls schafft nur eine offene, schonungslose Situationsanalyse Klarheit. Wie geht das? Ein Experte zeigt den Weg auf.\",\"breadcrumb\":{\"@id\":\"https:\\\/\\\/www.organisator.ch\\\/management\\\/2025-04-22\\\/von-der-situationsanalyse-zum-krisenmanagement\\\/#breadcrumb\"},\"inLanguage\":\"fr-FR\",\"potentialAction\":[{\"@type\":\"ReadAction\",\"target\":[\"https:\\\/\\\/www.organisator.ch\\\/management\\\/2025-04-22\\\/von-der-situationsanalyse-zum-krisenmanagement\\\/\"]}]},{\"@type\":\"ImageObject\",\"inLanguage\":\"fr-FR\",\"@id\":\"https:\\\/\\\/www.organisator.ch\\\/management\\\/2025-04-22\\\/von-der-situationsanalyse-zum-krisenmanagement\\\/#primaryimage\",\"url\":\"https:\\\/\\\/www.organisator.ch\\\/wp-content\\\/uploads\\\/2025\\\/04\\\/Von-der-Situationsanalyse-zum-Krisenmanagement_Organisator.jpg\",\"contentUrl\":\"https:\\\/\\\/www.organisator.ch\\\/wp-content\\\/uploads\\\/2025\\\/04\\\/Von-der-Situationsanalyse-zum-Krisenmanagement_Organisator.jpg\",\"width\":680,\"height\":383,\"caption\":\"Beispiel eines Ishikawa-Diagramms. Vorgehen: 1. Problem definieren; 2. Hauptkategorien der Ursachen definieren (z. B. Brainstorming); 3.\u00a0Problemursachen identifizieren; 4. Analyse und Massnahmendefinition (z. B. 80\\\/20); 5. Pr\u00fcfen der Wirksamkeit; 6. Evtl. Einzelprobleme vertiefen. (\u00a9 Eigene Darstellung)\"},{\"@type\":\"BreadcrumbList\",\"@id\":\"https:\\\/\\\/www.organisator.ch\\\/management\\\/2025-04-22\\\/von-der-situationsanalyse-zum-krisenmanagement\\\/#breadcrumb\",\"itemListElement\":[{\"@type\":\"ListItem\",\"position\":1,\"name\":\"Home\",\"item\":\"https:\\\/\\\/www.organisator.ch\\\/\"},{\"@type\":\"ListItem\",\"position\":2,\"name\":\"Von der Situationsanalyse zum Krisenmanagement\"}]},{\"@type\":\"WebSite\",\"@id\":\"https:\\\/\\\/www.organisator.ch\\\/#website\",\"url\":\"https:\\\/\\\/www.organisator.ch\\\/\",\"name\":\"Organisator\",\"description\":\"Kompetent. Praxisnah. Der ORGANISATOR bereitet in 10 Ausgaben pro Jahr die wesentlichen Themen f\u00fcr F\u00fchrungskr\u00e4fte von KMU auf.\",\"publisher\":{\"@id\":\"https:\\\/\\\/www.organisator.ch\\\/#organization\"},\"potentialAction\":[{\"@type\":\"SearchAction\",\"target\":{\"@type\":\"EntryPoint\",\"urlTemplate\":\"https:\\\/\\\/www.organisator.ch\\\/?s={search_term_string}\"},\"query-input\":{\"@type\":\"PropertyValueSpecification\",\"valueRequired\":true,\"valueName\":\"search_term_string\"}}],\"inLanguage\":\"fr-FR\"},{\"@type\":\"Organization\",\"@id\":\"https:\\\/\\\/www.organisator.ch\\\/#organization\",\"name\":\"Organisator\",\"url\":\"https:\\\/\\\/www.organisator.ch\\\/\",\"logo\":{\"@type\":\"ImageObject\",\"inLanguage\":\"fr-FR\",\"@id\":\"https:\\\/\\\/www.organisator.ch\\\/#\\\/schema\\\/logo\\\/image\\\/\",\"url\":\"https:\\\/\\\/www.organisator.ch\\\/wp-content\\\/uploads\\\/2022\\\/01\\\/Logo_Organisator_Website.png\",\"contentUrl\":\"https:\\\/\\\/www.organisator.ch\\\/wp-content\\\/uploads\\\/2022\\\/01\\\/Logo_Organisator_Website.png\",\"width\":800,\"height\":77,\"caption\":\"Organisator\"},\"image\":{\"@id\":\"https:\\\/\\\/www.organisator.ch\\\/#\\\/schema\\\/logo\\\/image\\\/\"},\"sameAs\":[\"https:\\\/\\\/www.facebook.com\\\/OrganisatorFachmagazin\",\"https:\\\/\\\/www.linkedin.com\\\/showcase\\\/organisator-das-magazin-fr-kmu\",\"https:\\\/\\\/www.xing.com\\\/news\\\/pages\\\/organisator-ch-695\",\"https:\\\/\\\/www.youtube.com\\\/channel\\\/UCGP2Sq0iWaZwT3BdIAQFYpw\"]},{\"@type\":\"Person\",\"@id\":\"https:\\\/\\\/www.organisator.ch\\\/#\\\/schema\\\/person\\\/aa2bace6c5c5aad60102004a50c4eb1c\",\"name\":\"admin\",\"image\":{\"@type\":\"ImageObject\",\"inLanguage\":\"fr-FR\",\"@id\":\"https:\\\/\\\/secure.gravatar.com\\\/avatar\\\/ae2f4d718e6c49043e314ce431e7e645d646302a24a5ef5a8bc8e3f5a032e319?s=96&d=mm&r=g\",\"url\":\"https:\\\/\\\/secure.gravatar.com\\\/avatar\\\/ae2f4d718e6c49043e314ce431e7e645d646302a24a5ef5a8bc8e3f5a032e319?s=96&d=mm&r=g\",\"contentUrl\":\"https:\\\/\\\/secure.gravatar.com\\\/avatar\\\/ae2f4d718e6c49043e314ce431e7e645d646302a24a5ef5a8bc8e3f5a032e319?s=96&d=mm&r=g\",\"caption\":\"admin\"},\"sameAs\":[\"https:\\\/\\\/www.organisator.ch\"],\"url\":\"https:\\\/\\\/www.organisator.ch\\\/fr\\\/author\\\/admin\\\/\"}]}<\/script>\n<!-- \/ Yoast SEO plugin. -->","yoast_head_json":{"title":"De l'analyse de la situation \u00e0 la gestion de crise - Organisateur","description":"En cas de crise, seule une analyse ouverte et impitoyable de la situation permet d'y voir plus clair. Comment s'y prendre ? Un expert montre la voie.","robots":{"index":"index","follow":"follow","max-snippet":"max-snippet:-1","max-image-preview":"max-image-preview:large","max-video-preview":"max-video-preview:-1"},"canonical":"https:\/\/www.organisator.ch\/fr\/gestion-2\/2025-04-22\/von-der-situationsanalyse-zum-krisenmanagement\/","og_locale":"fr_FR","og_type":"article","og_title":"Von der Situationsanalyse zum Krisenmanagement - Organisator","og_description":"Im Krisenfalls schafft nur eine offene, schonungslose Situationsanalyse Klarheit. Wie geht das? Ein Experte zeigt den Weg auf.","og_url":"https:\/\/www.organisator.ch\/fr\/gestion-2\/2025-04-22\/von-der-situationsanalyse-zum-krisenmanagement\/","og_site_name":"Organisator","article_publisher":"https:\/\/www.facebook.com\/OrganisatorFachmagazin","article_published_time":"2025-04-22T16:50:57+00:00","og_image":[{"width":680,"height":383,"url":"https:\/\/www.organisator.ch\/wp-content\/uploads\/2025\/04\/Von-der-Situationsanalyse-zum-Krisenmanagement_Organisator.jpg","type":"image\/jpeg"}],"author":"admin","twitter_card":"summary_large_image","schema":{"@context":"https:\/\/schema.org","@graph":[{"@type":"Article","@id":"https:\/\/www.organisator.ch\/management\/2025-04-22\/von-der-situationsanalyse-zum-krisenmanagement\/#article","isPartOf":{"@id":"https:\/\/www.organisator.ch\/management\/2025-04-22\/von-der-situationsanalyse-zum-krisenmanagement\/"},"author":{"name":"admin","@id":"https:\/\/www.organisator.ch\/#\/schema\/person\/aa2bace6c5c5aad60102004a50c4eb1c"},"headline":"Von der Situationsanalyse zum Krisenmanagement","datePublished":"2025-04-22T16:50:57+00:00","mainEntityOfPage":{"@id":"https:\/\/www.organisator.ch\/management\/2025-04-22\/von-der-situationsanalyse-zum-krisenmanagement\/"},"wordCount":1229,"publisher":{"@id":"https:\/\/www.organisator.ch\/#organization"},"image":{"@id":"https:\/\/www.organisator.ch\/management\/2025-04-22\/von-der-situationsanalyse-zum-krisenmanagement\/#primaryimage"},"thumbnailUrl":"https:\/\/www.organisator.ch\/wp-content\/uploads\/2025\/04\/Von-der-Situationsanalyse-zum-Krisenmanagement_Organisator.jpg","keywords":["Business Excellence","Krisenmanagement","Management und Unternehmensf\u00fchrung"],"articleSection":["ABO+","MANAGEMENT"],"inLanguage":"fr-FR"},{"@type":"WebPage","@id":"https:\/\/www.organisator.ch\/management\/2025-04-22\/von-der-situationsanalyse-zum-krisenmanagement\/","url":"https:\/\/www.organisator.ch\/management\/2025-04-22\/von-der-situationsanalyse-zum-krisenmanagement\/","name":"De l'analyse de la situation \u00e0 la gestion de crise - Organisateur","isPartOf":{"@id":"https:\/\/www.organisator.ch\/#website"},"primaryImageOfPage":{"@id":"https:\/\/www.organisator.ch\/management\/2025-04-22\/von-der-situationsanalyse-zum-krisenmanagement\/#primaryimage"},"image":{"@id":"https:\/\/www.organisator.ch\/management\/2025-04-22\/von-der-situationsanalyse-zum-krisenmanagement\/#primaryimage"},"thumbnailUrl":"https:\/\/www.organisator.ch\/wp-content\/uploads\/2025\/04\/Von-der-Situationsanalyse-zum-Krisenmanagement_Organisator.jpg","datePublished":"2025-04-22T16:50:57+00:00","description":"En cas de crise, seule une analyse ouverte et impitoyable de la situation permet d'y voir plus clair. Comment s'y prendre ? Un expert montre la voie.","breadcrumb":{"@id":"https:\/\/www.organisator.ch\/management\/2025-04-22\/von-der-situationsanalyse-zum-krisenmanagement\/#breadcrumb"},"inLanguage":"fr-FR","potentialAction":[{"@type":"ReadAction","target":["https:\/\/www.organisator.ch\/management\/2025-04-22\/von-der-situationsanalyse-zum-krisenmanagement\/"]}]},{"@type":"ImageObject","inLanguage":"fr-FR","@id":"https:\/\/www.organisator.ch\/management\/2025-04-22\/von-der-situationsanalyse-zum-krisenmanagement\/#primaryimage","url":"https:\/\/www.organisator.ch\/wp-content\/uploads\/2025\/04\/Von-der-Situationsanalyse-zum-Krisenmanagement_Organisator.jpg","contentUrl":"https:\/\/www.organisator.ch\/wp-content\/uploads\/2025\/04\/Von-der-Situationsanalyse-zum-Krisenmanagement_Organisator.jpg","width":680,"height":383,"caption":"Beispiel eines Ishikawa-Diagramms. Vorgehen: 1. Problem definieren; 2. Hauptkategorien der Ursachen definieren (z. B. Brainstorming); 3.\u00a0Problemursachen identifizieren; 4. Analyse und Massnahmendefinition (z. B. 80\/20); 5. Pr\u00fcfen der Wirksamkeit; 6. Evtl. Einzelprobleme vertiefen. (\u00a9 Eigene Darstellung)"},{"@type":"BreadcrumbList","@id":"https:\/\/www.organisator.ch\/management\/2025-04-22\/von-der-situationsanalyse-zum-krisenmanagement\/#breadcrumb","itemListElement":[{"@type":"ListItem","position":1,"name":"Home","item":"https:\/\/www.organisator.ch\/"},{"@type":"ListItem","position":2,"name":"Von der Situationsanalyse zum Krisenmanagement"}]},{"@type":"WebSite","@id":"https:\/\/www.organisator.ch\/#website","url":"https:\/\/www.organisator.ch\/","name":"Organisateur","description":"Comp\u00e9tence et comp\u00e9tence. Proches de la pratique. L'ORGANISATEUR pr\u00e9pare 10 num\u00e9ros par an sur les th\u00e8mes essentiels pour les dirigeants de PME.","publisher":{"@id":"https:\/\/www.organisator.ch\/#organization"},"potentialAction":[{"@type":"SearchAction","target":{"@type":"EntryPoint","urlTemplate":"https:\/\/www.organisator.ch\/?s={search_term_string}"},"query-input":{"@type":"PropertyValueSpecification","valueRequired":true,"valueName":"search_term_string"}}],"inLanguage":"fr-FR"},{"@type":"Organization","@id":"https:\/\/www.organisator.ch\/#organization","name":"Organisateur","url":"https:\/\/www.organisator.ch\/","logo":{"@type":"ImageObject","inLanguage":"fr-FR","@id":"https:\/\/www.organisator.ch\/#\/schema\/logo\/image\/","url":"https:\/\/www.organisator.ch\/wp-content\/uploads\/2022\/01\/Logo_Organisator_Website.png","contentUrl":"https:\/\/www.organisator.ch\/wp-content\/uploads\/2022\/01\/Logo_Organisator_Website.png","width":800,"height":77,"caption":"Organisator"},"image":{"@id":"https:\/\/www.organisator.ch\/#\/schema\/logo\/image\/"},"sameAs":["https:\/\/www.facebook.com\/OrganisatorFachmagazin","https:\/\/www.linkedin.com\/showcase\/organisator-das-magazin-fr-kmu","https:\/\/www.xing.com\/news\/pages\/organisator-ch-695","https:\/\/www.youtube.com\/channel\/UCGP2Sq0iWaZwT3BdIAQFYpw"]},{"@type":"Person","@id":"https:\/\/www.organisator.ch\/#\/schema\/person\/aa2bace6c5c5aad60102004a50c4eb1c","name":"admin","image":{"@type":"ImageObject","inLanguage":"fr-FR","@id":"https:\/\/secure.gravatar.com\/avatar\/ae2f4d718e6c49043e314ce431e7e645d646302a24a5ef5a8bc8e3f5a032e319?s=96&d=mm&r=g","url":"https:\/\/secure.gravatar.com\/avatar\/ae2f4d718e6c49043e314ce431e7e645d646302a24a5ef5a8bc8e3f5a032e319?s=96&d=mm&r=g","contentUrl":"https:\/\/secure.gravatar.com\/avatar\/ae2f4d718e6c49043e314ce431e7e645d646302a24a5ef5a8bc8e3f5a032e319?s=96&d=mm&r=g","caption":"admin"},"sameAs":["https:\/\/www.organisator.ch"],"url":"https:\/\/www.organisator.ch\/fr\/author\/admin\/"}]}},"_links":{"self":[{"href":"https:\/\/www.organisator.ch\/fr\/wp-json\/wp\/v2\/posts\/37792","targetHints":{"allow":["GET"]}}],"collection":[{"href":"https:\/\/www.organisator.ch\/fr\/wp-json\/wp\/v2\/posts"}],"about":[{"href":"https:\/\/www.organisator.ch\/fr\/wp-json\/wp\/v2\/types\/post"}],"author":[{"embeddable":true,"href":"https:\/\/www.organisator.ch\/fr\/wp-json\/wp\/v2\/users\/1"}],"replies":[{"embeddable":true,"href":"https:\/\/www.organisator.ch\/fr\/wp-json\/wp\/v2\/comments?post=37792"}],"version-history":[{"count":2,"href":"https:\/\/www.organisator.ch\/fr\/wp-json\/wp\/v2\/posts\/37792\/revisions"}],"predecessor-version":[{"id":37831,"href":"https:\/\/www.organisator.ch\/fr\/wp-json\/wp\/v2\/posts\/37792\/revisions\/37831"}],"wp:featuredmedia":[{"embeddable":true,"href":"https:\/\/www.organisator.ch\/fr\/wp-json\/wp\/v2\/media\/37830"}],"wp:attachment":[{"href":"https:\/\/www.organisator.ch\/fr\/wp-json\/wp\/v2\/media?parent=37792"}],"wp:term":[{"taxonomy":"category","embeddable":true,"href":"https:\/\/www.organisator.ch\/fr\/wp-json\/wp\/v2\/categories?post=37792"},{"taxonomy":"post_tag","embeddable":true,"href":"https:\/\/www.organisator.ch\/fr\/wp-json\/wp\/v2\/tags?post=37792"}],"curies":[{"name":"wp","href":"https:\/\/api.w.org\/{rel}","templated":true}]}}