{"id":37794,"date":"2025-04-22T18:36:47","date_gmt":"2025-04-22T16:36:47","guid":{"rendered":"https:\/\/www.organisator.ch\/de\/?p=37794"},"modified":"2025-04-22T08:50:45","modified_gmt":"2025-04-22T06:50:45","slug":"wir-koennen-cyberkriminalitaet-stoeren","status":"publish","type":"post","link":"https:\/\/www.organisator.ch\/fr\/operational-excellence\/2025-04-22\/wir-koennen-cyberkriminalitaet-stoeren\/","title":{"rendered":"\"Nous pouvons perturber la cybercriminalit\u00e9\""},"content":{"rendered":"<div class=\"swpm-post-not-logged-in-msg\">Vous devez \u00eatre connect\u00e9 pour voir ce contenu. Veuillez <a class=\"swpm-login-link\" href=\"https:\/\/www.organisator.ch\/login\/\">Se connecter<\/a>. Pas un membre ? <a href=\"https:\/\/www.organisator.ch\/shop\/\">Nous Rejoindre<\/a><\/div>","protected":false},"excerpt":{"rendered":"<p>La cybercriminalit\u00e9 est un secteur \u00e9conomique gigantesque : selon les experts, le montant des dommages caus\u00e9s par la cybercriminalit\u00e9 s'\u00e9l\u00e8ve \u00e0 plus de 8 billions (sic !) de francs. Mais la bonne nouvelle est que nous avons tous le pouvoir de rendre le travail des cybercriminels plus difficile, comme le montre un entretien avec Serdar G\u00fcnal R\u00fctsche de la police cantonale de Zurich.<\/p>","protected":false},"author":1,"featured_media":37793,"comment_status":"closed","ping_status":"closed","sticky":false,"template":"","format":"standard","meta":{"_acf_changed":false,"_yoast_wpseo_focuskw":"Cyberkriminalit\u00e4t","_yoast_wpseo_metadesc":"Wir k\u00f6nnen den Cyberkriminellen ihr Handwerk erschweren, wie ein Gespr\u00e4ch mit Serdar G\u00fcnal R\u00fctsche von der Kantonspolizei Z\u00fcrich zeigt.","articlekey":"147463","footnotes":""},"categories":[578,582],"tags":[142,283,286,5293],"class_list":["post-37794","post","type-post","status-publish","format-standard","has-post-thumbnail","hentry","category-abo","category-operational-excellence","tag-cyber-crime","tag-interview","tag-it","tag-kantonspolizei"],"acf":[],"yoast_head":"<!-- This site is optimized with the Yoast SEO plugin v27.5 - https:\/\/yoast.com\/product\/yoast-seo-wordpress\/ -->\n<title>\u00abWir k\u00f6nnen Cyberkriminalit\u00e4t st\u00f6ren\u00bb - Organisator<\/title>\n<meta name=\"description\" content=\"Wir k\u00f6nnen den Cyberkriminellen ihr Handwerk erschweren, wie ein Gespr\u00e4ch mit Serdar G\u00fcnal R\u00fctsche von der Kantonspolizei Z\u00fcrich zeigt.\" \/>\n<meta name=\"robots\" content=\"index, follow, max-snippet:-1, max-image-preview:large, max-video-preview:-1\" \/>\n<link rel=\"canonical\" href=\"https:\/\/www.organisator.ch\/fr\/excellence-operationnelle\/2025-04-22\/wir-koennen-cyberkriminalitaet-stoeren\/\" \/>\n<meta property=\"og:locale\" content=\"fr_FR\" \/>\n<meta property=\"og:type\" content=\"article\" \/>\n<meta property=\"og:title\" content=\"\u00abWir k\u00f6nnen Cyberkriminalit\u00e4t st\u00f6ren\u00bb - Organisator\" \/>\n<meta property=\"og:description\" content=\"Wir k\u00f6nnen den Cyberkriminellen ihr Handwerk erschweren, wie ein Gespr\u00e4ch mit Serdar G\u00fcnal R\u00fctsche von der Kantonspolizei Z\u00fcrich zeigt.\" \/>\n<meta property=\"og:url\" content=\"https:\/\/www.organisator.ch\/fr\/excellence-operationnelle\/2025-04-22\/wir-koennen-cyberkriminalitaet-stoeren\/\" \/>\n<meta property=\"og:site_name\" content=\"Organisator\" \/>\n<meta property=\"article:publisher\" content=\"https:\/\/www.facebook.com\/OrganisatorFachmagazin\" \/>\n<meta property=\"article:published_time\" content=\"2025-04-22T16:36:47+00:00\" \/>\n<meta property=\"og:image\" content=\"https:\/\/www.organisator.ch\/wp-content\/uploads\/2025\/04\/OpEx_Cybercrime_Bild_NEU_organisator_152131-scaled.jpg\" \/>\n\t<meta property=\"og:image:width\" content=\"1400\" \/>\n\t<meta property=\"og:image:height\" content=\"1050\" \/>\n\t<meta property=\"og:image:type\" content=\"image\/jpeg\" \/>\n<meta name=\"author\" content=\"admin\" \/>\n<meta name=\"twitter:card\" content=\"summary_large_image\" \/>\n<script type=\"application\/ld+json\" class=\"yoast-schema-graph\">{\"@context\":\"https:\\\/\\\/schema.org\",\"@graph\":[{\"@type\":\"Article\",\"@id\":\"https:\\\/\\\/www.organisator.ch\\\/operational-excellence\\\/2025-04-22\\\/wir-koennen-cyberkriminalitaet-stoeren\\\/#article\",\"isPartOf\":{\"@id\":\"https:\\\/\\\/www.organisator.ch\\\/operational-excellence\\\/2025-04-22\\\/wir-koennen-cyberkriminalitaet-stoeren\\\/\"},\"author\":{\"name\":\"admin\",\"@id\":\"https:\\\/\\\/www.organisator.ch\\\/#\\\/schema\\\/person\\\/aa2bace6c5c5aad60102004a50c4eb1c\"},\"headline\":\"\u00abWir k\u00f6nnen Cyberkriminalit\u00e4t st\u00f6ren\u00bb\",\"datePublished\":\"2025-04-22T16:36:47+00:00\",\"mainEntityOfPage\":{\"@id\":\"https:\\\/\\\/www.organisator.ch\\\/operational-excellence\\\/2025-04-22\\\/wir-koennen-cyberkriminalitaet-stoeren\\\/\"},\"wordCount\":1630,\"publisher\":{\"@id\":\"https:\\\/\\\/www.organisator.ch\\\/#organization\"},\"image\":{\"@id\":\"https:\\\/\\\/www.organisator.ch\\\/operational-excellence\\\/2025-04-22\\\/wir-koennen-cyberkriminalitaet-stoeren\\\/#primaryimage\"},\"thumbnailUrl\":\"https:\\\/\\\/www.organisator.ch\\\/wp-content\\\/uploads\\\/2025\\\/04\\\/OpEx_Cybercrime_Bild_NEU_organisator_152131-scaled.jpg\",\"keywords\":[\"Cyber-Crime\",\"Interview\",\"IT\",\"Kantonspolizei\"],\"articleSection\":[\"ABO+\",\"OPERATIONAL EXCELLENCE\"],\"inLanguage\":\"fr-FR\"},{\"@type\":\"WebPage\",\"@id\":\"https:\\\/\\\/www.organisator.ch\\\/operational-excellence\\\/2025-04-22\\\/wir-koennen-cyberkriminalitaet-stoeren\\\/\",\"url\":\"https:\\\/\\\/www.organisator.ch\\\/operational-excellence\\\/2025-04-22\\\/wir-koennen-cyberkriminalitaet-stoeren\\\/\",\"name\":\"\u00abWir k\u00f6nnen Cyberkriminalit\u00e4t st\u00f6ren\u00bb - Organisator\",\"isPartOf\":{\"@id\":\"https:\\\/\\\/www.organisator.ch\\\/#website\"},\"primaryImageOfPage\":{\"@id\":\"https:\\\/\\\/www.organisator.ch\\\/operational-excellence\\\/2025-04-22\\\/wir-koennen-cyberkriminalitaet-stoeren\\\/#primaryimage\"},\"image\":{\"@id\":\"https:\\\/\\\/www.organisator.ch\\\/operational-excellence\\\/2025-04-22\\\/wir-koennen-cyberkriminalitaet-stoeren\\\/#primaryimage\"},\"thumbnailUrl\":\"https:\\\/\\\/www.organisator.ch\\\/wp-content\\\/uploads\\\/2025\\\/04\\\/OpEx_Cybercrime_Bild_NEU_organisator_152131-scaled.jpg\",\"datePublished\":\"2025-04-22T16:36:47+00:00\",\"description\":\"Wir k\u00f6nnen den Cyberkriminellen ihr Handwerk erschweren, wie ein Gespr\u00e4ch mit Serdar G\u00fcnal R\u00fctsche von der Kantonspolizei Z\u00fcrich zeigt.\",\"breadcrumb\":{\"@id\":\"https:\\\/\\\/www.organisator.ch\\\/operational-excellence\\\/2025-04-22\\\/wir-koennen-cyberkriminalitaet-stoeren\\\/#breadcrumb\"},\"inLanguage\":\"fr-FR\",\"potentialAction\":[{\"@type\":\"ReadAction\",\"target\":[\"https:\\\/\\\/www.organisator.ch\\\/operational-excellence\\\/2025-04-22\\\/wir-koennen-cyberkriminalitaet-stoeren\\\/\"]}]},{\"@type\":\"ImageObject\",\"inLanguage\":\"fr-FR\",\"@id\":\"https:\\\/\\\/www.organisator.ch\\\/operational-excellence\\\/2025-04-22\\\/wir-koennen-cyberkriminalitaet-stoeren\\\/#primaryimage\",\"url\":\"https:\\\/\\\/www.organisator.ch\\\/wp-content\\\/uploads\\\/2025\\\/04\\\/OpEx_Cybercrime_Bild_NEU_organisator_152131-scaled.jpg\",\"contentUrl\":\"https:\\\/\\\/www.organisator.ch\\\/wp-content\\\/uploads\\\/2025\\\/04\\\/OpEx_Cybercrime_Bild_NEU_organisator_152131-scaled.jpg\",\"width\":1400,\"height\":1050,\"caption\":\"Serdar G\u00fcnal R\u00fctsche hat dank seiner jahrelangen Erfahrung als Informatiker und Polizist tiefe Einblicke in die Methoden der Cyberkriminellen gewinnen k\u00f6nnen. \u00a9 zVg\"},{\"@type\":\"BreadcrumbList\",\"@id\":\"https:\\\/\\\/www.organisator.ch\\\/operational-excellence\\\/2025-04-22\\\/wir-koennen-cyberkriminalitaet-stoeren\\\/#breadcrumb\",\"itemListElement\":[{\"@type\":\"ListItem\",\"position\":1,\"name\":\"Home\",\"item\":\"https:\\\/\\\/www.organisator.ch\\\/\"},{\"@type\":\"ListItem\",\"position\":2,\"name\":\"\u00abWir k\u00f6nnen Cyberkriminalit\u00e4t st\u00f6ren\u00bb\"}]},{\"@type\":\"WebSite\",\"@id\":\"https:\\\/\\\/www.organisator.ch\\\/#website\",\"url\":\"https:\\\/\\\/www.organisator.ch\\\/\",\"name\":\"Organisator\",\"description\":\"Kompetent. Praxisnah. Der ORGANISATOR bereitet in 10 Ausgaben pro Jahr die wesentlichen Themen f\u00fcr F\u00fchrungskr\u00e4fte von KMU auf.\",\"publisher\":{\"@id\":\"https:\\\/\\\/www.organisator.ch\\\/#organization\"},\"potentialAction\":[{\"@type\":\"SearchAction\",\"target\":{\"@type\":\"EntryPoint\",\"urlTemplate\":\"https:\\\/\\\/www.organisator.ch\\\/?s={search_term_string}\"},\"query-input\":{\"@type\":\"PropertyValueSpecification\",\"valueRequired\":true,\"valueName\":\"search_term_string\"}}],\"inLanguage\":\"fr-FR\"},{\"@type\":\"Organization\",\"@id\":\"https:\\\/\\\/www.organisator.ch\\\/#organization\",\"name\":\"Organisator\",\"url\":\"https:\\\/\\\/www.organisator.ch\\\/\",\"logo\":{\"@type\":\"ImageObject\",\"inLanguage\":\"fr-FR\",\"@id\":\"https:\\\/\\\/www.organisator.ch\\\/#\\\/schema\\\/logo\\\/image\\\/\",\"url\":\"https:\\\/\\\/www.organisator.ch\\\/wp-content\\\/uploads\\\/2022\\\/01\\\/Logo_Organisator_Website.png\",\"contentUrl\":\"https:\\\/\\\/www.organisator.ch\\\/wp-content\\\/uploads\\\/2022\\\/01\\\/Logo_Organisator_Website.png\",\"width\":800,\"height\":77,\"caption\":\"Organisator\"},\"image\":{\"@id\":\"https:\\\/\\\/www.organisator.ch\\\/#\\\/schema\\\/logo\\\/image\\\/\"},\"sameAs\":[\"https:\\\/\\\/www.facebook.com\\\/OrganisatorFachmagazin\",\"https:\\\/\\\/www.linkedin.com\\\/showcase\\\/organisator-das-magazin-fr-kmu\",\"https:\\\/\\\/www.xing.com\\\/news\\\/pages\\\/organisator-ch-695\",\"https:\\\/\\\/www.youtube.com\\\/channel\\\/UCGP2Sq0iWaZwT3BdIAQFYpw\"]},{\"@type\":\"Person\",\"@id\":\"https:\\\/\\\/www.organisator.ch\\\/#\\\/schema\\\/person\\\/aa2bace6c5c5aad60102004a50c4eb1c\",\"name\":\"admin\",\"image\":{\"@type\":\"ImageObject\",\"inLanguage\":\"fr-FR\",\"@id\":\"https:\\\/\\\/secure.gravatar.com\\\/avatar\\\/ae2f4d718e6c49043e314ce431e7e645d646302a24a5ef5a8bc8e3f5a032e319?s=96&d=mm&r=g\",\"url\":\"https:\\\/\\\/secure.gravatar.com\\\/avatar\\\/ae2f4d718e6c49043e314ce431e7e645d646302a24a5ef5a8bc8e3f5a032e319?s=96&d=mm&r=g\",\"contentUrl\":\"https:\\\/\\\/secure.gravatar.com\\\/avatar\\\/ae2f4d718e6c49043e314ce431e7e645d646302a24a5ef5a8bc8e3f5a032e319?s=96&d=mm&r=g\",\"caption\":\"admin\"},\"sameAs\":[\"https:\\\/\\\/www.organisator.ch\"],\"url\":\"https:\\\/\\\/www.organisator.ch\\\/fr\\\/author\\\/admin\\\/\"}]}<\/script>\n<!-- \/ Yoast SEO plugin. -->","yoast_head_json":{"title":"\"Nous pouvons perturber la cybercriminalit\u00e9\" - Organisateur","description":"Nous pouvons rendre le travail des cybercriminels plus difficile, comme le montre un entretien avec Serdar G\u00fcnal R\u00fctsche de la police cantonale de Zurich.","robots":{"index":"index","follow":"follow","max-snippet":"max-snippet:-1","max-image-preview":"max-image-preview:large","max-video-preview":"max-video-preview:-1"},"canonical":"https:\/\/www.organisator.ch\/fr\/excellence-operationnelle\/2025-04-22\/wir-koennen-cyberkriminalitaet-stoeren\/","og_locale":"fr_FR","og_type":"article","og_title":"\u00abWir k\u00f6nnen Cyberkriminalit\u00e4t st\u00f6ren\u00bb - Organisator","og_description":"Wir k\u00f6nnen den Cyberkriminellen ihr Handwerk erschweren, wie ein Gespr\u00e4ch mit Serdar G\u00fcnal R\u00fctsche von der Kantonspolizei Z\u00fcrich zeigt.","og_url":"https:\/\/www.organisator.ch\/fr\/excellence-operationnelle\/2025-04-22\/wir-koennen-cyberkriminalitaet-stoeren\/","og_site_name":"Organisator","article_publisher":"https:\/\/www.facebook.com\/OrganisatorFachmagazin","article_published_time":"2025-04-22T16:36:47+00:00","og_image":[{"width":1400,"height":1050,"url":"https:\/\/www.organisator.ch\/wp-content\/uploads\/2025\/04\/OpEx_Cybercrime_Bild_NEU_organisator_152131-scaled.jpg","type":"image\/jpeg"}],"author":"admin","twitter_card":"summary_large_image","schema":{"@context":"https:\/\/schema.org","@graph":[{"@type":"Article","@id":"https:\/\/www.organisator.ch\/operational-excellence\/2025-04-22\/wir-koennen-cyberkriminalitaet-stoeren\/#article","isPartOf":{"@id":"https:\/\/www.organisator.ch\/operational-excellence\/2025-04-22\/wir-koennen-cyberkriminalitaet-stoeren\/"},"author":{"name":"admin","@id":"https:\/\/www.organisator.ch\/#\/schema\/person\/aa2bace6c5c5aad60102004a50c4eb1c"},"headline":"\u00abWir k\u00f6nnen Cyberkriminalit\u00e4t st\u00f6ren\u00bb","datePublished":"2025-04-22T16:36:47+00:00","mainEntityOfPage":{"@id":"https:\/\/www.organisator.ch\/operational-excellence\/2025-04-22\/wir-koennen-cyberkriminalitaet-stoeren\/"},"wordCount":1630,"publisher":{"@id":"https:\/\/www.organisator.ch\/#organization"},"image":{"@id":"https:\/\/www.organisator.ch\/operational-excellence\/2025-04-22\/wir-koennen-cyberkriminalitaet-stoeren\/#primaryimage"},"thumbnailUrl":"https:\/\/www.organisator.ch\/wp-content\/uploads\/2025\/04\/OpEx_Cybercrime_Bild_NEU_organisator_152131-scaled.jpg","keywords":["Cyber-Crime","Interview","IT","Kantonspolizei"],"articleSection":["ABO+","OPERATIONAL EXCELLENCE"],"inLanguage":"fr-FR"},{"@type":"WebPage","@id":"https:\/\/www.organisator.ch\/operational-excellence\/2025-04-22\/wir-koennen-cyberkriminalitaet-stoeren\/","url":"https:\/\/www.organisator.ch\/operational-excellence\/2025-04-22\/wir-koennen-cyberkriminalitaet-stoeren\/","name":"\"Nous pouvons perturber la cybercriminalit\u00e9\" - Organisateur","isPartOf":{"@id":"https:\/\/www.organisator.ch\/#website"},"primaryImageOfPage":{"@id":"https:\/\/www.organisator.ch\/operational-excellence\/2025-04-22\/wir-koennen-cyberkriminalitaet-stoeren\/#primaryimage"},"image":{"@id":"https:\/\/www.organisator.ch\/operational-excellence\/2025-04-22\/wir-koennen-cyberkriminalitaet-stoeren\/#primaryimage"},"thumbnailUrl":"https:\/\/www.organisator.ch\/wp-content\/uploads\/2025\/04\/OpEx_Cybercrime_Bild_NEU_organisator_152131-scaled.jpg","datePublished":"2025-04-22T16:36:47+00:00","description":"Nous pouvons rendre le travail des cybercriminels plus difficile, comme le montre un entretien avec Serdar G\u00fcnal R\u00fctsche de la police cantonale de Zurich.","breadcrumb":{"@id":"https:\/\/www.organisator.ch\/operational-excellence\/2025-04-22\/wir-koennen-cyberkriminalitaet-stoeren\/#breadcrumb"},"inLanguage":"fr-FR","potentialAction":[{"@type":"ReadAction","target":["https:\/\/www.organisator.ch\/operational-excellence\/2025-04-22\/wir-koennen-cyberkriminalitaet-stoeren\/"]}]},{"@type":"ImageObject","inLanguage":"fr-FR","@id":"https:\/\/www.organisator.ch\/operational-excellence\/2025-04-22\/wir-koennen-cyberkriminalitaet-stoeren\/#primaryimage","url":"https:\/\/www.organisator.ch\/wp-content\/uploads\/2025\/04\/OpEx_Cybercrime_Bild_NEU_organisator_152131-scaled.jpg","contentUrl":"https:\/\/www.organisator.ch\/wp-content\/uploads\/2025\/04\/OpEx_Cybercrime_Bild_NEU_organisator_152131-scaled.jpg","width":1400,"height":1050,"caption":"Serdar G\u00fcnal R\u00fctsche hat dank seiner jahrelangen Erfahrung als Informatiker und Polizist tiefe Einblicke in die Methoden der Cyberkriminellen gewinnen k\u00f6nnen. \u00a9 zVg"},{"@type":"BreadcrumbList","@id":"https:\/\/www.organisator.ch\/operational-excellence\/2025-04-22\/wir-koennen-cyberkriminalitaet-stoeren\/#breadcrumb","itemListElement":[{"@type":"ListItem","position":1,"name":"Home","item":"https:\/\/www.organisator.ch\/"},{"@type":"ListItem","position":2,"name":"\u00abWir k\u00f6nnen Cyberkriminalit\u00e4t st\u00f6ren\u00bb"}]},{"@type":"WebSite","@id":"https:\/\/www.organisator.ch\/#website","url":"https:\/\/www.organisator.ch\/","name":"Organisateur","description":"Comp\u00e9tence et comp\u00e9tence. Proches de la pratique. L'ORGANISATEUR pr\u00e9pare 10 num\u00e9ros par an sur les th\u00e8mes essentiels pour les dirigeants de PME.","publisher":{"@id":"https:\/\/www.organisator.ch\/#organization"},"potentialAction":[{"@type":"SearchAction","target":{"@type":"EntryPoint","urlTemplate":"https:\/\/www.organisator.ch\/?s={search_term_string}"},"query-input":{"@type":"PropertyValueSpecification","valueRequired":true,"valueName":"search_term_string"}}],"inLanguage":"fr-FR"},{"@type":"Organization","@id":"https:\/\/www.organisator.ch\/#organization","name":"Organisateur","url":"https:\/\/www.organisator.ch\/","logo":{"@type":"ImageObject","inLanguage":"fr-FR","@id":"https:\/\/www.organisator.ch\/#\/schema\/logo\/image\/","url":"https:\/\/www.organisator.ch\/wp-content\/uploads\/2022\/01\/Logo_Organisator_Website.png","contentUrl":"https:\/\/www.organisator.ch\/wp-content\/uploads\/2022\/01\/Logo_Organisator_Website.png","width":800,"height":77,"caption":"Organisator"},"image":{"@id":"https:\/\/www.organisator.ch\/#\/schema\/logo\/image\/"},"sameAs":["https:\/\/www.facebook.com\/OrganisatorFachmagazin","https:\/\/www.linkedin.com\/showcase\/organisator-das-magazin-fr-kmu","https:\/\/www.xing.com\/news\/pages\/organisator-ch-695","https:\/\/www.youtube.com\/channel\/UCGP2Sq0iWaZwT3BdIAQFYpw"]},{"@type":"Person","@id":"https:\/\/www.organisator.ch\/#\/schema\/person\/aa2bace6c5c5aad60102004a50c4eb1c","name":"admin","image":{"@type":"ImageObject","inLanguage":"fr-FR","@id":"https:\/\/secure.gravatar.com\/avatar\/ae2f4d718e6c49043e314ce431e7e645d646302a24a5ef5a8bc8e3f5a032e319?s=96&d=mm&r=g","url":"https:\/\/secure.gravatar.com\/avatar\/ae2f4d718e6c49043e314ce431e7e645d646302a24a5ef5a8bc8e3f5a032e319?s=96&d=mm&r=g","contentUrl":"https:\/\/secure.gravatar.com\/avatar\/ae2f4d718e6c49043e314ce431e7e645d646302a24a5ef5a8bc8e3f5a032e319?s=96&d=mm&r=g","caption":"admin"},"sameAs":["https:\/\/www.organisator.ch"],"url":"https:\/\/www.organisator.ch\/fr\/author\/admin\/"}]}},"_links":{"self":[{"href":"https:\/\/www.organisator.ch\/fr\/wp-json\/wp\/v2\/posts\/37794","targetHints":{"allow":["GET"]}}],"collection":[{"href":"https:\/\/www.organisator.ch\/fr\/wp-json\/wp\/v2\/posts"}],"about":[{"href":"https:\/\/www.organisator.ch\/fr\/wp-json\/wp\/v2\/types\/post"}],"author":[{"embeddable":true,"href":"https:\/\/www.organisator.ch\/fr\/wp-json\/wp\/v2\/users\/1"}],"replies":[{"embeddable":true,"href":"https:\/\/www.organisator.ch\/fr\/wp-json\/wp\/v2\/comments?post=37794"}],"version-history":[{"count":2,"href":"https:\/\/www.organisator.ch\/fr\/wp-json\/wp\/v2\/posts\/37794\/revisions"}],"predecessor-version":[{"id":37828,"href":"https:\/\/www.organisator.ch\/fr\/wp-json\/wp\/v2\/posts\/37794\/revisions\/37828"}],"wp:featuredmedia":[{"embeddable":true,"href":"https:\/\/www.organisator.ch\/fr\/wp-json\/wp\/v2\/media\/37793"}],"wp:attachment":[{"href":"https:\/\/www.organisator.ch\/fr\/wp-json\/wp\/v2\/media?parent=37794"}],"wp:term":[{"taxonomy":"category","embeddable":true,"href":"https:\/\/www.organisator.ch\/fr\/wp-json\/wp\/v2\/categories?post=37794"},{"taxonomy":"post_tag","embeddable":true,"href":"https:\/\/www.organisator.ch\/fr\/wp-json\/wp\/v2\/tags?post=37794"}],"curies":[{"name":"wp","href":"https:\/\/api.w.org\/{rel}","templated":true}]}}