{"id":37800,"date":"2025-04-21T13:50:28","date_gmt":"2025-04-21T11:50:28","guid":{"rendered":"https:\/\/www.markt-kom.com\/?p=233597"},"modified":"2025-04-22T08:23:19","modified_gmt":"2025-04-22T06:23:19","slug":"ochsner-sport-wird-hauptpartner-der-mountainbike-wm-im-wallis","status":"publish","type":"post","link":"https:\/\/www.organisator.ch\/fr\/marketing\/2025-04-21\/ochsner-sport-wird-hauptpartner-der-mountainbike-wm-im-wallis\/","title":{"rendered":"Ochsner Sport devient le partenaire principal des Championnats du monde de VTT en Valais"},"content":{"rendered":"<p><a href=\"https:\/\/www.markt-kom.com\/wp-content\/uploads\/2025\/04\/Ochsner-Sport_Mountain-Bike-WM_Sponsoring-Markenbotschafter.jpg\"><img class=\"aligncenter size-full wp-image-233598\" src=\"https:\/\/www.markt-kom.com\/wp-content\/uploads\/2025\/04\/Ochsner-Sport_Mountain-Bike-WM_Sponsoring-Markenbotschafter.jpg\" sizes=\"(max-width: 1200px) 100vw, 1200px\" srcset=\"https:\/\/www.markt-kom.com\/wp-content\/uploads\/2025\/04\/Ochsner-Sport_Mountain-Bike-WM_Sponsoring-Markenbotschafter.jpg 1200w, https:\/\/www.markt-kom.com\/wp-content\/uploads\/2025\/04\/Ochsner-Sport_Mountain-Bike-WM_Sponsoring-Markenbotschafter-600x338.jpg 600w, https:\/\/www.markt-kom.com\/wp-content\/uploads\/2025\/04\/Ochsner-Sport_Mountain-Bike-WM_Sponsoring-Markenbotschafter-1024x576.jpg 1024w, https:\/\/www.markt-kom.com\/wp-content\/uploads\/2025\/04\/Ochsner-Sport_Mountain-Bike-WM_Sponsoring-Markenbotschafter-768x432.jpg 768w, https:\/\/www.markt-kom.com\/wp-content\/uploads\/2025\/04\/Ochsner-Sport_Mountain-Bike-WM_Sponsoring-Markenbotschafter-18x10.jpg 18w, https:\/\/www.markt-kom.com\/wp-content\/uploads\/2025\/04\/Ochsner-Sport_Mountain-Bike-WM_Sponsoring-Markenbotschafter-311x175.jpg 311w, https:\/\/www.markt-kom.com\/wp-content\/uploads\/2025\/04\/Ochsner-Sport_Mountain-Bike-WM_Sponsoring-Markenbotschafter-622x350.jpg 622w, https:\/\/www.markt-kom.com\/wp-content\/uploads\/2025\/04\/Ochsner-Sport_Mountain-Bike-WM_Sponsoring-Markenbotschafter-1000x563.jpg 1000w\" alt=\"\" width=\"1200\" height=\"675\" \/><\/a><\/p>\r\n<p>Les championnats du monde UCI de VTT reviendront en Suisse \u00e0 la fin de l'\u00e9t\u00e9 2025 - avec Ochsner Sport comme partenaire principal officiel. Le plus grand magasin de sport du pays soutient ce grand \u00e9v\u00e9nement international qui se d\u00e9roulera du 30 ao\u00fbt au 14 septembre sur plusieurs sites en Valais. Le c\u00e9l\u00e8bre v\u00e9t\u00e9tiste Nino Schurter sera l'ambassadeur de la marque.<\/p>\r\n<p>Ce partenariat souligne la strat\u00e9gie \u00e0 long terme d'Ochsner Sport de s'engager largement dans le sport suisse. Outre les coop\u00e9rations existantes avec des organisations telles que Swiss Olympic, l'Association suisse de football ou Swiss-Ski, les championnats du monde de VTT sont une nouvelle occasion de renforcer les liens avec un groupe cible actif sur place.<\/p>\r\n<p>\"La Suisse a toujours \u00e9t\u00e9 un pays de VTT, comme le prouvent de mani\u00e8re impressionnante les succ\u00e8s exceptionnels de ces derni\u00e8res d\u00e9cennies\", explique Marco Greco, responsable marketing chez Ochsner Sport. \"En tant que partenaire principal des championnats du monde, nous donnons un signal fort de notre lien \u00e9troit avec le cyclisme suisse\".<\/p>\r\n<p>Sur place, lors des championnats du monde, Ochsner Sport sera pr\u00e9sent avec diff\u00e9rentes activit\u00e9s.<\/p>","protected":false},"excerpt":{"rendered":"<p>Ochsner Sport s'engage en tant que partenaire principal officiel des Championnats du monde de VTT UCI 2025 en Valais. Avec la l\u00e9gende du VTT Nino Schurter comme ambassadeur de la marque, le distributeur de sport renforce sa pr\u00e9sence dans le cyclisme suisse.<\/p>","protected":false},"author":8,"featured_media":0,"comment_status":"closed","ping_status":"closed","sticky":false,"template":"","format":"standard","meta":{"_acf_changed":false,"_yoast_wpseo_focuskw":"Ochsner Sport","_yoast_wpseo_metadesc":"Ochsner Sport engagiert sich als offizieller Hauptpartner der UCI Mountainbike-Weltmeisterschaften 2025 im Wallis.","articlekey":"","footnotes":""},"categories":[29],"tags":[2752,4343,3426,2896],"class_list":["post-37800","post","type-post","status-publish","format-standard","hentry","category-marketing","tag-markenbotschafter","tag-markom","tag-ochsner-sport","tag-sponsoring"],"acf":[],"yoast_head":"<!-- This site is optimized with the Yoast SEO plugin v27.4 - https:\/\/yoast.com\/product\/yoast-seo-wordpress\/ -->\n<title>Ochsner Sport wird Hauptpartner der Mountainbike-WM im Wallis - Organisator<\/title>\n<meta name=\"description\" content=\"Ochsner Sport engagiert sich als offizieller Hauptpartner der UCI Mountainbike-Weltmeisterschaften 2025 im Wallis.\" \/>\n<meta name=\"robots\" content=\"index, follow, max-snippet:-1, max-image-preview:large, max-video-preview:-1\" \/>\n<link rel=\"canonical\" href=\"https:\/\/www.organisator.ch\/fr\/marketing\/2025-04-21\/ochsner-sport-wird-hauptpartner-der-mountainbike-wm-im-wallis\/\" \/>\n<meta property=\"og:locale\" content=\"fr_FR\" \/>\n<meta property=\"og:type\" content=\"article\" \/>\n<meta property=\"og:title\" content=\"Ochsner Sport wird Hauptpartner der Mountainbike-WM im Wallis - Organisator\" \/>\n<meta property=\"og:description\" content=\"Ochsner Sport engagiert sich als offizieller Hauptpartner der UCI Mountainbike-Weltmeisterschaften 2025 im Wallis.\" \/>\n<meta property=\"og:url\" content=\"https:\/\/www.organisator.ch\/fr\/marketing\/2025-04-21\/ochsner-sport-wird-hauptpartner-der-mountainbike-wm-im-wallis\/\" \/>\n<meta property=\"og:site_name\" content=\"Organisator\" \/>\n<meta property=\"article:publisher\" content=\"https:\/\/www.facebook.com\/OrganisatorFachmagazin\" \/>\n<meta property=\"article:published_time\" content=\"2025-04-21T11:50:28+00:00\" \/>\n<meta property=\"article:modified_time\" content=\"2025-04-22T06:23:19+00:00\" \/>\n<meta name=\"author\" content=\"galledia\" \/>\n<meta name=\"twitter:card\" content=\"summary_large_image\" \/>\n<meta name=\"twitter:creator\" content=\"@admin\" \/>\n<script type=\"application\/ld+json\" class=\"yoast-schema-graph\">{\"@context\":\"https:\\\/\\\/schema.org\",\"@graph\":[{\"@type\":\"Article\",\"@id\":\"https:\\\/\\\/www.organisator.ch\\\/marketing\\\/2025-04-21\\\/ochsner-sport-wird-hauptpartner-der-mountainbike-wm-im-wallis\\\/#article\",\"isPartOf\":{\"@id\":\"https:\\\/\\\/www.organisator.ch\\\/marketing\\\/2025-04-21\\\/ochsner-sport-wird-hauptpartner-der-mountainbike-wm-im-wallis\\\/\"},\"author\":{\"name\":\"galledia\",\"@id\":\"https:\\\/\\\/www.organisator.ch\\\/#\\\/schema\\\/person\\\/4e51799071cd2dd1232ac003643ef5f0\"},\"headline\":\"Ochsner Sport wird Hauptpartner der Mountainbike-WM im Wallis\",\"datePublished\":\"2025-04-21T11:50:28+00:00\",\"dateModified\":\"2025-04-22T06:23:19+00:00\",\"mainEntityOfPage\":{\"@id\":\"https:\\\/\\\/www.organisator.ch\\\/marketing\\\/2025-04-21\\\/ochsner-sport-wird-hauptpartner-der-mountainbike-wm-im-wallis\\\/\"},\"wordCount\":165,\"publisher\":{\"@id\":\"https:\\\/\\\/www.organisator.ch\\\/#organization\"},\"image\":{\"@id\":\"https:\\\/\\\/www.organisator.ch\\\/marketing\\\/2025-04-21\\\/ochsner-sport-wird-hauptpartner-der-mountainbike-wm-im-wallis\\\/#primaryimage\"},\"thumbnailUrl\":\"https:\\\/\\\/www.markt-kom.com\\\/wp-content\\\/uploads\\\/2025\\\/04\\\/Ochsner-Sport_Mountain-Bike-WM_Sponsoring-Markenbotschafter.jpg\",\"keywords\":[\"Markenbotschafter\",\"MarKom\",\"Ochsner Sport\",\"Sponsoring\"],\"articleSection\":[\"MARKETING\"],\"inLanguage\":\"fr-FR\"},{\"@type\":\"WebPage\",\"@id\":\"https:\\\/\\\/www.organisator.ch\\\/marketing\\\/2025-04-21\\\/ochsner-sport-wird-hauptpartner-der-mountainbike-wm-im-wallis\\\/\",\"url\":\"https:\\\/\\\/www.organisator.ch\\\/marketing\\\/2025-04-21\\\/ochsner-sport-wird-hauptpartner-der-mountainbike-wm-im-wallis\\\/\",\"name\":\"Ochsner Sport wird Hauptpartner der Mountainbike-WM im Wallis - Organisator\",\"isPartOf\":{\"@id\":\"https:\\\/\\\/www.organisator.ch\\\/#website\"},\"primaryImageOfPage\":{\"@id\":\"https:\\\/\\\/www.organisator.ch\\\/marketing\\\/2025-04-21\\\/ochsner-sport-wird-hauptpartner-der-mountainbike-wm-im-wallis\\\/#primaryimage\"},\"image\":{\"@id\":\"https:\\\/\\\/www.organisator.ch\\\/marketing\\\/2025-04-21\\\/ochsner-sport-wird-hauptpartner-der-mountainbike-wm-im-wallis\\\/#primaryimage\"},\"thumbnailUrl\":\"https:\\\/\\\/www.markt-kom.com\\\/wp-content\\\/uploads\\\/2025\\\/04\\\/Ochsner-Sport_Mountain-Bike-WM_Sponsoring-Markenbotschafter.jpg\",\"datePublished\":\"2025-04-21T11:50:28+00:00\",\"dateModified\":\"2025-04-22T06:23:19+00:00\",\"description\":\"Ochsner Sport engagiert sich als offizieller Hauptpartner der UCI Mountainbike-Weltmeisterschaften 2025 im Wallis.\",\"breadcrumb\":{\"@id\":\"https:\\\/\\\/www.organisator.ch\\\/marketing\\\/2025-04-21\\\/ochsner-sport-wird-hauptpartner-der-mountainbike-wm-im-wallis\\\/#breadcrumb\"},\"inLanguage\":\"fr-FR\",\"potentialAction\":[{\"@type\":\"ReadAction\",\"target\":[\"https:\\\/\\\/www.organisator.ch\\\/marketing\\\/2025-04-21\\\/ochsner-sport-wird-hauptpartner-der-mountainbike-wm-im-wallis\\\/\"]}]},{\"@type\":\"ImageObject\",\"inLanguage\":\"fr-FR\",\"@id\":\"https:\\\/\\\/www.organisator.ch\\\/marketing\\\/2025-04-21\\\/ochsner-sport-wird-hauptpartner-der-mountainbike-wm-im-wallis\\\/#primaryimage\",\"url\":\"https:\\\/\\\/www.markt-kom.com\\\/wp-content\\\/uploads\\\/2025\\\/04\\\/Ochsner-Sport_Mountain-Bike-WM_Sponsoring-Markenbotschafter.jpg\",\"contentUrl\":\"https:\\\/\\\/www.markt-kom.com\\\/wp-content\\\/uploads\\\/2025\\\/04\\\/Ochsner-Sport_Mountain-Bike-WM_Sponsoring-Markenbotschafter.jpg\"},{\"@type\":\"BreadcrumbList\",\"@id\":\"https:\\\/\\\/www.organisator.ch\\\/marketing\\\/2025-04-21\\\/ochsner-sport-wird-hauptpartner-der-mountainbike-wm-im-wallis\\\/#breadcrumb\",\"itemListElement\":[{\"@type\":\"ListItem\",\"position\":1,\"name\":\"Home\",\"item\":\"https:\\\/\\\/www.organisator.ch\\\/\"},{\"@type\":\"ListItem\",\"position\":2,\"name\":\"Ochsner Sport wird Hauptpartner der Mountainbike-WM im Wallis\"}]},{\"@type\":\"WebSite\",\"@id\":\"https:\\\/\\\/www.organisator.ch\\\/#website\",\"url\":\"https:\\\/\\\/www.organisator.ch\\\/\",\"name\":\"Organisator\",\"description\":\"Kompetent. Praxisnah. Der ORGANISATOR bereitet in 10 Ausgaben pro Jahr die wesentlichen Themen f\u00fcr F\u00fchrungskr\u00e4fte von KMU auf.\",\"publisher\":{\"@id\":\"https:\\\/\\\/www.organisator.ch\\\/#organization\"},\"potentialAction\":[{\"@type\":\"SearchAction\",\"target\":{\"@type\":\"EntryPoint\",\"urlTemplate\":\"https:\\\/\\\/www.organisator.ch\\\/?s={search_term_string}\"},\"query-input\":{\"@type\":\"PropertyValueSpecification\",\"valueRequired\":true,\"valueName\":\"search_term_string\"}}],\"inLanguage\":\"fr-FR\"},{\"@type\":\"Organization\",\"@id\":\"https:\\\/\\\/www.organisator.ch\\\/#organization\",\"name\":\"Organisator\",\"url\":\"https:\\\/\\\/www.organisator.ch\\\/\",\"logo\":{\"@type\":\"ImageObject\",\"inLanguage\":\"fr-FR\",\"@id\":\"https:\\\/\\\/www.organisator.ch\\\/#\\\/schema\\\/logo\\\/image\\\/\",\"url\":\"https:\\\/\\\/www.organisator.ch\\\/wp-content\\\/uploads\\\/2022\\\/01\\\/Logo_Organisator_Website.png\",\"contentUrl\":\"https:\\\/\\\/www.organisator.ch\\\/wp-content\\\/uploads\\\/2022\\\/01\\\/Logo_Organisator_Website.png\",\"width\":800,\"height\":77,\"caption\":\"Organisator\"},\"image\":{\"@id\":\"https:\\\/\\\/www.organisator.ch\\\/#\\\/schema\\\/logo\\\/image\\\/\"},\"sameAs\":[\"https:\\\/\\\/www.facebook.com\\\/OrganisatorFachmagazin\",\"https:\\\/\\\/www.linkedin.com\\\/showcase\\\/organisator-das-magazin-fr-kmu\",\"https:\\\/\\\/www.xing.com\\\/news\\\/pages\\\/organisator-ch-695\",\"https:\\\/\\\/www.youtube.com\\\/channel\\\/UCGP2Sq0iWaZwT3BdIAQFYpw\"]},{\"@type\":\"Person\",\"@id\":\"https:\\\/\\\/www.organisator.ch\\\/#\\\/schema\\\/person\\\/4e51799071cd2dd1232ac003643ef5f0\",\"name\":\"galledia\",\"image\":{\"@type\":\"ImageObject\",\"inLanguage\":\"fr-FR\",\"@id\":\"https:\\\/\\\/secure.gravatar.com\\\/avatar\\\/78a7f90c01fc2bfc875782a0d4922b37cde2cf184ce347b91316d23cd7f69a36?s=96&d=mm&r=g\",\"url\":\"https:\\\/\\\/secure.gravatar.com\\\/avatar\\\/78a7f90c01fc2bfc875782a0d4922b37cde2cf184ce347b91316d23cd7f69a36?s=96&d=mm&r=g\",\"contentUrl\":\"https:\\\/\\\/secure.gravatar.com\\\/avatar\\\/78a7f90c01fc2bfc875782a0d4922b37cde2cf184ce347b91316d23cd7f69a36?s=96&d=mm&r=g\",\"caption\":\"galledia\"},\"sameAs\":[\"https:\\\/\\\/x.com\\\/admin\"],\"url\":\"https:\\\/\\\/www.organisator.ch\\\/fr\\\/author\\\/galledia\\\/\"}]}<\/script>\n<!-- \/ Yoast SEO plugin. -->","yoast_head_json":{"title":"Ochsner Sport devient le partenaire principal des Championnats du monde de VTT en Valais - Organisateur","description":"Ochsner Sport s'engage en tant que partenaire principal officiel des Championnats du monde de VTT UCI 2025 en Valais.","robots":{"index":"index","follow":"follow","max-snippet":"max-snippet:-1","max-image-preview":"max-image-preview:large","max-video-preview":"max-video-preview:-1"},"canonical":"https:\/\/www.organisator.ch\/fr\/marketing\/2025-04-21\/ochsner-sport-wird-hauptpartner-der-mountainbike-wm-im-wallis\/","og_locale":"fr_FR","og_type":"article","og_title":"Ochsner Sport wird Hauptpartner der Mountainbike-WM im Wallis - Organisator","og_description":"Ochsner Sport engagiert sich als offizieller Hauptpartner der UCI Mountainbike-Weltmeisterschaften 2025 im Wallis.","og_url":"https:\/\/www.organisator.ch\/fr\/marketing\/2025-04-21\/ochsner-sport-wird-hauptpartner-der-mountainbike-wm-im-wallis\/","og_site_name":"Organisator","article_publisher":"https:\/\/www.facebook.com\/OrganisatorFachmagazin","article_published_time":"2025-04-21T11:50:28+00:00","article_modified_time":"2025-04-22T06:23:19+00:00","author":"galledia","twitter_card":"summary_large_image","twitter_creator":"@admin","schema":{"@context":"https:\/\/schema.org","@graph":[{"@type":"Article","@id":"https:\/\/www.organisator.ch\/marketing\/2025-04-21\/ochsner-sport-wird-hauptpartner-der-mountainbike-wm-im-wallis\/#article","isPartOf":{"@id":"https:\/\/www.organisator.ch\/marketing\/2025-04-21\/ochsner-sport-wird-hauptpartner-der-mountainbike-wm-im-wallis\/"},"author":{"name":"galledia","@id":"https:\/\/www.organisator.ch\/#\/schema\/person\/4e51799071cd2dd1232ac003643ef5f0"},"headline":"Ochsner Sport wird Hauptpartner der Mountainbike-WM im Wallis","datePublished":"2025-04-21T11:50:28+00:00","dateModified":"2025-04-22T06:23:19+00:00","mainEntityOfPage":{"@id":"https:\/\/www.organisator.ch\/marketing\/2025-04-21\/ochsner-sport-wird-hauptpartner-der-mountainbike-wm-im-wallis\/"},"wordCount":165,"publisher":{"@id":"https:\/\/www.organisator.ch\/#organization"},"image":{"@id":"https:\/\/www.organisator.ch\/marketing\/2025-04-21\/ochsner-sport-wird-hauptpartner-der-mountainbike-wm-im-wallis\/#primaryimage"},"thumbnailUrl":"https:\/\/www.markt-kom.com\/wp-content\/uploads\/2025\/04\/Ochsner-Sport_Mountain-Bike-WM_Sponsoring-Markenbotschafter.jpg","keywords":["Markenbotschafter","MarKom","Ochsner Sport","Sponsoring"],"articleSection":["MARKETING"],"inLanguage":"fr-FR"},{"@type":"WebPage","@id":"https:\/\/www.organisator.ch\/marketing\/2025-04-21\/ochsner-sport-wird-hauptpartner-der-mountainbike-wm-im-wallis\/","url":"https:\/\/www.organisator.ch\/marketing\/2025-04-21\/ochsner-sport-wird-hauptpartner-der-mountainbike-wm-im-wallis\/","name":"Ochsner Sport devient le partenaire principal des Championnats du monde de VTT en Valais - Organisateur","isPartOf":{"@id":"https:\/\/www.organisator.ch\/#website"},"primaryImageOfPage":{"@id":"https:\/\/www.organisator.ch\/marketing\/2025-04-21\/ochsner-sport-wird-hauptpartner-der-mountainbike-wm-im-wallis\/#primaryimage"},"image":{"@id":"https:\/\/www.organisator.ch\/marketing\/2025-04-21\/ochsner-sport-wird-hauptpartner-der-mountainbike-wm-im-wallis\/#primaryimage"},"thumbnailUrl":"https:\/\/www.markt-kom.com\/wp-content\/uploads\/2025\/04\/Ochsner-Sport_Mountain-Bike-WM_Sponsoring-Markenbotschafter.jpg","datePublished":"2025-04-21T11:50:28+00:00","dateModified":"2025-04-22T06:23:19+00:00","description":"Ochsner Sport s'engage en tant que partenaire principal officiel des Championnats du monde de VTT UCI 2025 en Valais.","breadcrumb":{"@id":"https:\/\/www.organisator.ch\/marketing\/2025-04-21\/ochsner-sport-wird-hauptpartner-der-mountainbike-wm-im-wallis\/#breadcrumb"},"inLanguage":"fr-FR","potentialAction":[{"@type":"ReadAction","target":["https:\/\/www.organisator.ch\/marketing\/2025-04-21\/ochsner-sport-wird-hauptpartner-der-mountainbike-wm-im-wallis\/"]}]},{"@type":"ImageObject","inLanguage":"fr-FR","@id":"https:\/\/www.organisator.ch\/marketing\/2025-04-21\/ochsner-sport-wird-hauptpartner-der-mountainbike-wm-im-wallis\/#primaryimage","url":"https:\/\/www.markt-kom.com\/wp-content\/uploads\/2025\/04\/Ochsner-Sport_Mountain-Bike-WM_Sponsoring-Markenbotschafter.jpg","contentUrl":"https:\/\/www.markt-kom.com\/wp-content\/uploads\/2025\/04\/Ochsner-Sport_Mountain-Bike-WM_Sponsoring-Markenbotschafter.jpg"},{"@type":"BreadcrumbList","@id":"https:\/\/www.organisator.ch\/marketing\/2025-04-21\/ochsner-sport-wird-hauptpartner-der-mountainbike-wm-im-wallis\/#breadcrumb","itemListElement":[{"@type":"ListItem","position":1,"name":"Home","item":"https:\/\/www.organisator.ch\/"},{"@type":"ListItem","position":2,"name":"Ochsner Sport wird Hauptpartner der Mountainbike-WM im Wallis"}]},{"@type":"WebSite","@id":"https:\/\/www.organisator.ch\/#website","url":"https:\/\/www.organisator.ch\/","name":"Organisateur","description":"Comp\u00e9tence et comp\u00e9tence. Proches de la pratique. L'ORGANISATEUR pr\u00e9pare 10 num\u00e9ros par an sur les th\u00e8mes essentiels pour les dirigeants de PME.","publisher":{"@id":"https:\/\/www.organisator.ch\/#organization"},"potentialAction":[{"@type":"SearchAction","target":{"@type":"EntryPoint","urlTemplate":"https:\/\/www.organisator.ch\/?s={search_term_string}"},"query-input":{"@type":"PropertyValueSpecification","valueRequired":true,"valueName":"search_term_string"}}],"inLanguage":"fr-FR"},{"@type":"Organization","@id":"https:\/\/www.organisator.ch\/#organization","name":"Organisateur","url":"https:\/\/www.organisator.ch\/","logo":{"@type":"ImageObject","inLanguage":"fr-FR","@id":"https:\/\/www.organisator.ch\/#\/schema\/logo\/image\/","url":"https:\/\/www.organisator.ch\/wp-content\/uploads\/2022\/01\/Logo_Organisator_Website.png","contentUrl":"https:\/\/www.organisator.ch\/wp-content\/uploads\/2022\/01\/Logo_Organisator_Website.png","width":800,"height":77,"caption":"Organisator"},"image":{"@id":"https:\/\/www.organisator.ch\/#\/schema\/logo\/image\/"},"sameAs":["https:\/\/www.facebook.com\/OrganisatorFachmagazin","https:\/\/www.linkedin.com\/showcase\/organisator-das-magazin-fr-kmu","https:\/\/www.xing.com\/news\/pages\/organisator-ch-695","https:\/\/www.youtube.com\/channel\/UCGP2Sq0iWaZwT3BdIAQFYpw"]},{"@type":"Person","@id":"https:\/\/www.organisator.ch\/#\/schema\/person\/4e51799071cd2dd1232ac003643ef5f0","name":"galledia","image":{"@type":"ImageObject","inLanguage":"fr-FR","@id":"https:\/\/secure.gravatar.com\/avatar\/78a7f90c01fc2bfc875782a0d4922b37cde2cf184ce347b91316d23cd7f69a36?s=96&d=mm&r=g","url":"https:\/\/secure.gravatar.com\/avatar\/78a7f90c01fc2bfc875782a0d4922b37cde2cf184ce347b91316d23cd7f69a36?s=96&d=mm&r=g","contentUrl":"https:\/\/secure.gravatar.com\/avatar\/78a7f90c01fc2bfc875782a0d4922b37cde2cf184ce347b91316d23cd7f69a36?s=96&d=mm&r=g","caption":"galledia"},"sameAs":["https:\/\/x.com\/admin"],"url":"https:\/\/www.organisator.ch\/fr\/author\/galledia\/"}]}},"_links":{"self":[{"href":"https:\/\/www.organisator.ch\/fr\/wp-json\/wp\/v2\/posts\/37800","targetHints":{"allow":["GET"]}}],"collection":[{"href":"https:\/\/www.organisator.ch\/fr\/wp-json\/wp\/v2\/posts"}],"about":[{"href":"https:\/\/www.organisator.ch\/fr\/wp-json\/wp\/v2\/types\/post"}],"author":[{"embeddable":true,"href":"https:\/\/www.organisator.ch\/fr\/wp-json\/wp\/v2\/users\/8"}],"replies":[{"embeddable":true,"href":"https:\/\/www.organisator.ch\/fr\/wp-json\/wp\/v2\/comments?post=37800"}],"version-history":[{"count":3,"href":"https:\/\/www.organisator.ch\/fr\/wp-json\/wp\/v2\/posts\/37800\/revisions"}],"predecessor-version":[{"id":37822,"href":"https:\/\/www.organisator.ch\/fr\/wp-json\/wp\/v2\/posts\/37800\/revisions\/37822"}],"wp:attachment":[{"href":"https:\/\/www.organisator.ch\/fr\/wp-json\/wp\/v2\/media?parent=37800"}],"wp:term":[{"taxonomy":"category","embeddable":true,"href":"https:\/\/www.organisator.ch\/fr\/wp-json\/wp\/v2\/categories?post=37800"},{"taxonomy":"post_tag","embeddable":true,"href":"https:\/\/www.organisator.ch\/fr\/wp-json\/wp\/v2\/tags?post=37800"}],"curies":[{"name":"wp","href":"https:\/\/api.w.org\/{rel}","templated":true}]}}