{"id":37896,"date":"2025-04-22T15:23:21","date_gmt":"2025-04-22T13:23:21","guid":{"rendered":"https:\/\/www.markt-kom.com\/?p=233675"},"modified":"2025-04-23T08:35:50","modified_gmt":"2025-04-23T06:35:50","slug":"mma-germany-wird-zu-mma-dach","status":"publish","type":"post","link":"https:\/\/www.organisator.ch\/fr\/marketing\/2025-04-22\/mma-germany-wird-zu-mma-dach\/","title":{"rendered":"MMA Germany devient MMA DACH"},"content":{"rendered":"<p><a href=\"https:\/\/www.markt-kom.com\/wp-content\/uploads\/2025\/04\/MMA-Verband-DACH-logo.jpg\"><img class=\"aligncenter size-full wp-image-233676\" src=\"https:\/\/www.markt-kom.com\/wp-content\/uploads\/2025\/04\/MMA-Verband-DACH-logo.jpg\" sizes=\"(max-width: 1000px) 100vw, 1000px\" srcset=\"https:\/\/www.markt-kom.com\/wp-content\/uploads\/2025\/04\/MMA-Verband-DACH-logo.jpg 1000w, https:\/\/www.markt-kom.com\/wp-content\/uploads\/2025\/04\/MMA-Verband-DACH-logo-600x450.jpg 600w, https:\/\/www.markt-kom.com\/wp-content\/uploads\/2025\/04\/MMA-Verband-DACH-logo-768x576.jpg 768w, https:\/\/www.markt-kom.com\/wp-content\/uploads\/2025\/04\/MMA-Verband-DACH-logo-16x12.jpg 16w, https:\/\/www.markt-kom.com\/wp-content\/uploads\/2025\/04\/MMA-Verband-DACH-logo-233x175.jpg 233w, https:\/\/www.markt-kom.com\/wp-content\/uploads\/2025\/04\/MMA-Verband-DACH-logo-467x350.jpg 467w\" alt=\"\" width=\"1000\" height=\"750\" \/><\/a><\/p>\r\n<p>L'association professionnelle de marketing MMA Germany op\u00e8re d\u00e9sormais sous le nom de MMA DACH. Le chapitre allemand de la Mobile Marketing Association \u00e9largit ainsi son champ d'action \u00e0 l'ensemble de la r\u00e9gion DACH et est d\u00e9sormais \u00e9galement actif en Suisse et en Autriche. Le nouveau nom s'accompagne d'un relancement complet de la marque, qui comprend notamment un logo remani\u00e9 et un <a href=\"https:\/\/www.mmaglobal.com\/local-council\/dach\">site web mis \u00e0 jour<\/a> comprend.<\/p>\r\n<p>La MMA se veut un r\u00e9seau intersectoriel pour les professionnels du marketing, des m\u00e9dias et de la technologie. L'objectif est de promouvoir le transfert de connaissances sur les d\u00e9veloppements actuels tels que l'intelligence artificielle, l'analyse des donn\u00e9es ou les m\u00e9dias de vente au d\u00e9tail et d'intensifier les \u00e9changes entre les entreprises de la r\u00e9gion. En 2024 d\u00e9j\u00e0, le changement de nom du \"Smarties Award Germany\" en \"Smarties DACH Award\" avait constitu\u00e9 un premier pas vers une orientation r\u00e9gionale plus large. Depuis lors, les entreprises de Suisse et d'Autriche peuvent \u00e9galement poser leur candidature pour le prix de la branche.<\/p>\r\n<p>Daniel J\u00e4ger, Head of Group Media chez Deutsche Telekom et Board Director chez MMA DACH, commente : \"Avec notre nouveau r\u00f4le de MMA DACH, nous passons au niveau sup\u00e9rieur. Nous sommes convaincus que les membres du MMA profiteront grandement de cet \u00e9largissement gr\u00e2ce \u00e0 un r\u00e9seau encore plus grand et \u00e0 l'\u00e9change d'exp\u00e9riences \u00e9largi au-del\u00e0 des fronti\u00e8res nationales qui en d\u00e9coule\".<\/p>\r\n<p>La premi\u00e8re occasion d'\u00e9changer personnellement avec les repr\u00e9sentants de la nouvelle association sera l'\u00e9v\u00e9nement de la branche OMR \u00e0 Hambourg les 6 et 7 mai 2025.<\/p>","protected":false},"excerpt":{"rendered":"<p>L'association professionnelle de marketing MMA Germany \u00e9largit son champ d'action et se pr\u00e9sente d\u00e9sormais sous le nom de MMA DACH. Le r\u00e9seau s'ouvre ainsi aux membres de Suisse et d'Autriche - accompagn\u00e9 d'un relancement de la marque.<\/p>","protected":false},"author":8,"featured_media":0,"comment_status":"closed","ping_status":"closed","sticky":false,"template":"","format":"standard","meta":{"_acf_changed":false,"_yoast_wpseo_focuskw":"MMA DACH","_yoast_wpseo_metadesc":"Der Marketingfachverband MMA Germany weitet seinen Wirkungsbereich aus und tritt neu als MMA DACH auf.","articlekey":"","footnotes":""},"categories":[29],"tags":[4351,4343,5299],"class_list":["post-37896","post","type-post","status-publish","format-standard","hentry","category-marketing","tag-dexat","tag-markom","tag-mma-dach"],"acf":[],"yoast_head":"<!-- This site is optimized with the Yoast SEO plugin v27.5 - https:\/\/yoast.com\/product\/yoast-seo-wordpress\/ -->\n<title>MMA Germany wird zu MMA DACH - Organisator<\/title>\n<meta name=\"description\" content=\"Der Marketingfachverband MMA Germany weitet seinen Wirkungsbereich aus und tritt neu als MMA DACH auf.\" \/>\n<meta name=\"robots\" content=\"index, follow, max-snippet:-1, max-image-preview:large, max-video-preview:-1\" \/>\n<link rel=\"canonical\" href=\"https:\/\/www.organisator.ch\/fr\/marketing\/2025-04-22\/mma-germany-wird-zu-mma-dach\/\" \/>\n<meta property=\"og:locale\" content=\"fr_FR\" \/>\n<meta property=\"og:type\" content=\"article\" \/>\n<meta property=\"og:title\" content=\"MMA Germany wird zu MMA DACH - Organisator\" \/>\n<meta property=\"og:description\" content=\"Der Marketingfachverband MMA Germany weitet seinen Wirkungsbereich aus und tritt neu als MMA DACH auf.\" \/>\n<meta property=\"og:url\" content=\"https:\/\/www.organisator.ch\/fr\/marketing\/2025-04-22\/mma-germany-wird-zu-mma-dach\/\" \/>\n<meta property=\"og:site_name\" content=\"Organisator\" \/>\n<meta property=\"article:publisher\" content=\"https:\/\/www.facebook.com\/OrganisatorFachmagazin\" \/>\n<meta property=\"article:published_time\" content=\"2025-04-22T13:23:21+00:00\" \/>\n<meta property=\"article:modified_time\" content=\"2025-04-23T06:35:50+00:00\" \/>\n<meta name=\"author\" content=\"galledia\" \/>\n<meta name=\"twitter:card\" content=\"summary_large_image\" \/>\n<meta name=\"twitter:creator\" content=\"@admin\" \/>\n<script type=\"application\/ld+json\" class=\"yoast-schema-graph\">{\"@context\":\"https:\\\/\\\/schema.org\",\"@graph\":[{\"@type\":\"Article\",\"@id\":\"https:\\\/\\\/www.organisator.ch\\\/marketing\\\/2025-04-22\\\/mma-germany-wird-zu-mma-dach\\\/#article\",\"isPartOf\":{\"@id\":\"https:\\\/\\\/www.organisator.ch\\\/marketing\\\/2025-04-22\\\/mma-germany-wird-zu-mma-dach\\\/\"},\"author\":{\"name\":\"galledia\",\"@id\":\"https:\\\/\\\/www.organisator.ch\\\/#\\\/schema\\\/person\\\/4e51799071cd2dd1232ac003643ef5f0\"},\"headline\":\"MMA Germany wird zu MMA DACH\",\"datePublished\":\"2025-04-22T13:23:21+00:00\",\"dateModified\":\"2025-04-23T06:35:50+00:00\",\"mainEntityOfPage\":{\"@id\":\"https:\\\/\\\/www.organisator.ch\\\/marketing\\\/2025-04-22\\\/mma-germany-wird-zu-mma-dach\\\/\"},\"wordCount\":235,\"publisher\":{\"@id\":\"https:\\\/\\\/www.organisator.ch\\\/#organization\"},\"image\":{\"@id\":\"https:\\\/\\\/www.organisator.ch\\\/marketing\\\/2025-04-22\\\/mma-germany-wird-zu-mma-dach\\\/#primaryimage\"},\"thumbnailUrl\":\"https:\\\/\\\/www.markt-kom.com\\\/wp-content\\\/uploads\\\/2025\\\/04\\\/MMA-Verband-DACH-logo.jpg\",\"keywords\":[\"DExAT\",\"MarKom\",\"MMA DACH\"],\"articleSection\":[\"MARKETING\"],\"inLanguage\":\"fr-FR\"},{\"@type\":\"WebPage\",\"@id\":\"https:\\\/\\\/www.organisator.ch\\\/marketing\\\/2025-04-22\\\/mma-germany-wird-zu-mma-dach\\\/\",\"url\":\"https:\\\/\\\/www.organisator.ch\\\/marketing\\\/2025-04-22\\\/mma-germany-wird-zu-mma-dach\\\/\",\"name\":\"MMA Germany wird zu MMA DACH - Organisator\",\"isPartOf\":{\"@id\":\"https:\\\/\\\/www.organisator.ch\\\/#website\"},\"primaryImageOfPage\":{\"@id\":\"https:\\\/\\\/www.organisator.ch\\\/marketing\\\/2025-04-22\\\/mma-germany-wird-zu-mma-dach\\\/#primaryimage\"},\"image\":{\"@id\":\"https:\\\/\\\/www.organisator.ch\\\/marketing\\\/2025-04-22\\\/mma-germany-wird-zu-mma-dach\\\/#primaryimage\"},\"thumbnailUrl\":\"https:\\\/\\\/www.markt-kom.com\\\/wp-content\\\/uploads\\\/2025\\\/04\\\/MMA-Verband-DACH-logo.jpg\",\"datePublished\":\"2025-04-22T13:23:21+00:00\",\"dateModified\":\"2025-04-23T06:35:50+00:00\",\"description\":\"Der Marketingfachverband MMA Germany weitet seinen Wirkungsbereich aus und tritt neu als MMA DACH auf.\",\"breadcrumb\":{\"@id\":\"https:\\\/\\\/www.organisator.ch\\\/marketing\\\/2025-04-22\\\/mma-germany-wird-zu-mma-dach\\\/#breadcrumb\"},\"inLanguage\":\"fr-FR\",\"potentialAction\":[{\"@type\":\"ReadAction\",\"target\":[\"https:\\\/\\\/www.organisator.ch\\\/marketing\\\/2025-04-22\\\/mma-germany-wird-zu-mma-dach\\\/\"]}]},{\"@type\":\"ImageObject\",\"inLanguage\":\"fr-FR\",\"@id\":\"https:\\\/\\\/www.organisator.ch\\\/marketing\\\/2025-04-22\\\/mma-germany-wird-zu-mma-dach\\\/#primaryimage\",\"url\":\"https:\\\/\\\/www.markt-kom.com\\\/wp-content\\\/uploads\\\/2025\\\/04\\\/MMA-Verband-DACH-logo.jpg\",\"contentUrl\":\"https:\\\/\\\/www.markt-kom.com\\\/wp-content\\\/uploads\\\/2025\\\/04\\\/MMA-Verband-DACH-logo.jpg\"},{\"@type\":\"BreadcrumbList\",\"@id\":\"https:\\\/\\\/www.organisator.ch\\\/marketing\\\/2025-04-22\\\/mma-germany-wird-zu-mma-dach\\\/#breadcrumb\",\"itemListElement\":[{\"@type\":\"ListItem\",\"position\":1,\"name\":\"Home\",\"item\":\"https:\\\/\\\/www.organisator.ch\\\/\"},{\"@type\":\"ListItem\",\"position\":2,\"name\":\"MMA Germany wird zu MMA DACH\"}]},{\"@type\":\"WebSite\",\"@id\":\"https:\\\/\\\/www.organisator.ch\\\/#website\",\"url\":\"https:\\\/\\\/www.organisator.ch\\\/\",\"name\":\"Organisator\",\"description\":\"Kompetent. Praxisnah. Der ORGANISATOR bereitet in 10 Ausgaben pro Jahr die wesentlichen Themen f\u00fcr F\u00fchrungskr\u00e4fte von KMU auf.\",\"publisher\":{\"@id\":\"https:\\\/\\\/www.organisator.ch\\\/#organization\"},\"potentialAction\":[{\"@type\":\"SearchAction\",\"target\":{\"@type\":\"EntryPoint\",\"urlTemplate\":\"https:\\\/\\\/www.organisator.ch\\\/?s={search_term_string}\"},\"query-input\":{\"@type\":\"PropertyValueSpecification\",\"valueRequired\":true,\"valueName\":\"search_term_string\"}}],\"inLanguage\":\"fr-FR\"},{\"@type\":\"Organization\",\"@id\":\"https:\\\/\\\/www.organisator.ch\\\/#organization\",\"name\":\"Organisator\",\"url\":\"https:\\\/\\\/www.organisator.ch\\\/\",\"logo\":{\"@type\":\"ImageObject\",\"inLanguage\":\"fr-FR\",\"@id\":\"https:\\\/\\\/www.organisator.ch\\\/#\\\/schema\\\/logo\\\/image\\\/\",\"url\":\"https:\\\/\\\/www.organisator.ch\\\/wp-content\\\/uploads\\\/2022\\\/01\\\/Logo_Organisator_Website.png\",\"contentUrl\":\"https:\\\/\\\/www.organisator.ch\\\/wp-content\\\/uploads\\\/2022\\\/01\\\/Logo_Organisator_Website.png\",\"width\":800,\"height\":77,\"caption\":\"Organisator\"},\"image\":{\"@id\":\"https:\\\/\\\/www.organisator.ch\\\/#\\\/schema\\\/logo\\\/image\\\/\"},\"sameAs\":[\"https:\\\/\\\/www.facebook.com\\\/OrganisatorFachmagazin\",\"https:\\\/\\\/www.linkedin.com\\\/showcase\\\/organisator-das-magazin-fr-kmu\",\"https:\\\/\\\/www.xing.com\\\/news\\\/pages\\\/organisator-ch-695\",\"https:\\\/\\\/www.youtube.com\\\/channel\\\/UCGP2Sq0iWaZwT3BdIAQFYpw\"]},{\"@type\":\"Person\",\"@id\":\"https:\\\/\\\/www.organisator.ch\\\/#\\\/schema\\\/person\\\/4e51799071cd2dd1232ac003643ef5f0\",\"name\":\"galledia\",\"image\":{\"@type\":\"ImageObject\",\"inLanguage\":\"fr-FR\",\"@id\":\"https:\\\/\\\/secure.gravatar.com\\\/avatar\\\/78a7f90c01fc2bfc875782a0d4922b37cde2cf184ce347b91316d23cd7f69a36?s=96&d=mm&r=g\",\"url\":\"https:\\\/\\\/secure.gravatar.com\\\/avatar\\\/78a7f90c01fc2bfc875782a0d4922b37cde2cf184ce347b91316d23cd7f69a36?s=96&d=mm&r=g\",\"contentUrl\":\"https:\\\/\\\/secure.gravatar.com\\\/avatar\\\/78a7f90c01fc2bfc875782a0d4922b37cde2cf184ce347b91316d23cd7f69a36?s=96&d=mm&r=g\",\"caption\":\"galledia\"},\"sameAs\":[\"https:\\\/\\\/x.com\\\/admin\"],\"url\":\"https:\\\/\\\/www.organisator.ch\\\/fr\\\/author\\\/galledia\\\/\"}]}<\/script>\n<!-- \/ Yoast SEO plugin. -->","yoast_head_json":{"title":"MMA Germany devient MMA DACH - Organisateur","description":"L'association professionnelle de marketing MMA Germany \u00e9largit son champ d'action et se pr\u00e9sente d\u00e9sormais sous le nom de MMA DACH.","robots":{"index":"index","follow":"follow","max-snippet":"max-snippet:-1","max-image-preview":"max-image-preview:large","max-video-preview":"max-video-preview:-1"},"canonical":"https:\/\/www.organisator.ch\/fr\/marketing\/2025-04-22\/mma-germany-wird-zu-mma-dach\/","og_locale":"fr_FR","og_type":"article","og_title":"MMA Germany wird zu MMA DACH - Organisator","og_description":"Der Marketingfachverband MMA Germany weitet seinen Wirkungsbereich aus und tritt neu als MMA DACH auf.","og_url":"https:\/\/www.organisator.ch\/fr\/marketing\/2025-04-22\/mma-germany-wird-zu-mma-dach\/","og_site_name":"Organisator","article_publisher":"https:\/\/www.facebook.com\/OrganisatorFachmagazin","article_published_time":"2025-04-22T13:23:21+00:00","article_modified_time":"2025-04-23T06:35:50+00:00","author":"galledia","twitter_card":"summary_large_image","twitter_creator":"@admin","schema":{"@context":"https:\/\/schema.org","@graph":[{"@type":"Article","@id":"https:\/\/www.organisator.ch\/marketing\/2025-04-22\/mma-germany-wird-zu-mma-dach\/#article","isPartOf":{"@id":"https:\/\/www.organisator.ch\/marketing\/2025-04-22\/mma-germany-wird-zu-mma-dach\/"},"author":{"name":"galledia","@id":"https:\/\/www.organisator.ch\/#\/schema\/person\/4e51799071cd2dd1232ac003643ef5f0"},"headline":"MMA Germany wird zu MMA DACH","datePublished":"2025-04-22T13:23:21+00:00","dateModified":"2025-04-23T06:35:50+00:00","mainEntityOfPage":{"@id":"https:\/\/www.organisator.ch\/marketing\/2025-04-22\/mma-germany-wird-zu-mma-dach\/"},"wordCount":235,"publisher":{"@id":"https:\/\/www.organisator.ch\/#organization"},"image":{"@id":"https:\/\/www.organisator.ch\/marketing\/2025-04-22\/mma-germany-wird-zu-mma-dach\/#primaryimage"},"thumbnailUrl":"https:\/\/www.markt-kom.com\/wp-content\/uploads\/2025\/04\/MMA-Verband-DACH-logo.jpg","keywords":["DExAT","MarKom","MMA DACH"],"articleSection":["MARKETING"],"inLanguage":"fr-FR"},{"@type":"WebPage","@id":"https:\/\/www.organisator.ch\/marketing\/2025-04-22\/mma-germany-wird-zu-mma-dach\/","url":"https:\/\/www.organisator.ch\/marketing\/2025-04-22\/mma-germany-wird-zu-mma-dach\/","name":"MMA Germany devient MMA DACH - Organisateur","isPartOf":{"@id":"https:\/\/www.organisator.ch\/#website"},"primaryImageOfPage":{"@id":"https:\/\/www.organisator.ch\/marketing\/2025-04-22\/mma-germany-wird-zu-mma-dach\/#primaryimage"},"image":{"@id":"https:\/\/www.organisator.ch\/marketing\/2025-04-22\/mma-germany-wird-zu-mma-dach\/#primaryimage"},"thumbnailUrl":"https:\/\/www.markt-kom.com\/wp-content\/uploads\/2025\/04\/MMA-Verband-DACH-logo.jpg","datePublished":"2025-04-22T13:23:21+00:00","dateModified":"2025-04-23T06:35:50+00:00","description":"L'association professionnelle de marketing MMA Germany \u00e9largit son champ d'action et se pr\u00e9sente d\u00e9sormais sous le nom de MMA DACH.","breadcrumb":{"@id":"https:\/\/www.organisator.ch\/marketing\/2025-04-22\/mma-germany-wird-zu-mma-dach\/#breadcrumb"},"inLanguage":"fr-FR","potentialAction":[{"@type":"ReadAction","target":["https:\/\/www.organisator.ch\/marketing\/2025-04-22\/mma-germany-wird-zu-mma-dach\/"]}]},{"@type":"ImageObject","inLanguage":"fr-FR","@id":"https:\/\/www.organisator.ch\/marketing\/2025-04-22\/mma-germany-wird-zu-mma-dach\/#primaryimage","url":"https:\/\/www.markt-kom.com\/wp-content\/uploads\/2025\/04\/MMA-Verband-DACH-logo.jpg","contentUrl":"https:\/\/www.markt-kom.com\/wp-content\/uploads\/2025\/04\/MMA-Verband-DACH-logo.jpg"},{"@type":"BreadcrumbList","@id":"https:\/\/www.organisator.ch\/marketing\/2025-04-22\/mma-germany-wird-zu-mma-dach\/#breadcrumb","itemListElement":[{"@type":"ListItem","position":1,"name":"Home","item":"https:\/\/www.organisator.ch\/"},{"@type":"ListItem","position":2,"name":"MMA Germany wird zu MMA DACH"}]},{"@type":"WebSite","@id":"https:\/\/www.organisator.ch\/#website","url":"https:\/\/www.organisator.ch\/","name":"Organisateur","description":"Comp\u00e9tence et comp\u00e9tence. Proches de la pratique. L'ORGANISATEUR pr\u00e9pare 10 num\u00e9ros par an sur les th\u00e8mes essentiels pour les dirigeants de PME.","publisher":{"@id":"https:\/\/www.organisator.ch\/#organization"},"potentialAction":[{"@type":"SearchAction","target":{"@type":"EntryPoint","urlTemplate":"https:\/\/www.organisator.ch\/?s={search_term_string}"},"query-input":{"@type":"PropertyValueSpecification","valueRequired":true,"valueName":"search_term_string"}}],"inLanguage":"fr-FR"},{"@type":"Organization","@id":"https:\/\/www.organisator.ch\/#organization","name":"Organisateur","url":"https:\/\/www.organisator.ch\/","logo":{"@type":"ImageObject","inLanguage":"fr-FR","@id":"https:\/\/www.organisator.ch\/#\/schema\/logo\/image\/","url":"https:\/\/www.organisator.ch\/wp-content\/uploads\/2022\/01\/Logo_Organisator_Website.png","contentUrl":"https:\/\/www.organisator.ch\/wp-content\/uploads\/2022\/01\/Logo_Organisator_Website.png","width":800,"height":77,"caption":"Organisator"},"image":{"@id":"https:\/\/www.organisator.ch\/#\/schema\/logo\/image\/"},"sameAs":["https:\/\/www.facebook.com\/OrganisatorFachmagazin","https:\/\/www.linkedin.com\/showcase\/organisator-das-magazin-fr-kmu","https:\/\/www.xing.com\/news\/pages\/organisator-ch-695","https:\/\/www.youtube.com\/channel\/UCGP2Sq0iWaZwT3BdIAQFYpw"]},{"@type":"Person","@id":"https:\/\/www.organisator.ch\/#\/schema\/person\/4e51799071cd2dd1232ac003643ef5f0","name":"galledia","image":{"@type":"ImageObject","inLanguage":"fr-FR","@id":"https:\/\/secure.gravatar.com\/avatar\/78a7f90c01fc2bfc875782a0d4922b37cde2cf184ce347b91316d23cd7f69a36?s=96&d=mm&r=g","url":"https:\/\/secure.gravatar.com\/avatar\/78a7f90c01fc2bfc875782a0d4922b37cde2cf184ce347b91316d23cd7f69a36?s=96&d=mm&r=g","contentUrl":"https:\/\/secure.gravatar.com\/avatar\/78a7f90c01fc2bfc875782a0d4922b37cde2cf184ce347b91316d23cd7f69a36?s=96&d=mm&r=g","caption":"galledia"},"sameAs":["https:\/\/x.com\/admin"],"url":"https:\/\/www.organisator.ch\/fr\/author\/galledia\/"}]}},"_links":{"self":[{"href":"https:\/\/www.organisator.ch\/fr\/wp-json\/wp\/v2\/posts\/37896","targetHints":{"allow":["GET"]}}],"collection":[{"href":"https:\/\/www.organisator.ch\/fr\/wp-json\/wp\/v2\/posts"}],"about":[{"href":"https:\/\/www.organisator.ch\/fr\/wp-json\/wp\/v2\/types\/post"}],"author":[{"embeddable":true,"href":"https:\/\/www.organisator.ch\/fr\/wp-json\/wp\/v2\/users\/8"}],"replies":[{"embeddable":true,"href":"https:\/\/www.organisator.ch\/fr\/wp-json\/wp\/v2\/comments?post=37896"}],"version-history":[{"count":3,"href":"https:\/\/www.organisator.ch\/fr\/wp-json\/wp\/v2\/posts\/37896\/revisions"}],"predecessor-version":[{"id":37903,"href":"https:\/\/www.organisator.ch\/fr\/wp-json\/wp\/v2\/posts\/37896\/revisions\/37903"}],"wp:attachment":[{"href":"https:\/\/www.organisator.ch\/fr\/wp-json\/wp\/v2\/media?parent=37896"}],"wp:term":[{"taxonomy":"category","embeddable":true,"href":"https:\/\/www.organisator.ch\/fr\/wp-json\/wp\/v2\/categories?post=37896"},{"taxonomy":"post_tag","embeddable":true,"href":"https:\/\/www.organisator.ch\/fr\/wp-json\/wp\/v2\/tags?post=37896"}],"curies":[{"name":"wp","href":"https:\/\/api.w.org\/{rel}","templated":true}]}}