{"id":37900,"date":"2025-04-23T08:34:03","date_gmt":"2025-04-23T06:34:03","guid":{"rendered":"https:\/\/www.organisator.ch\/?p=37900"},"modified":"2025-04-25T11:55:59","modified_gmt":"2025-04-25T09:55:59","slug":"green-feiert-das-30-jaehrige-jubilaeum","status":"publish","type":"post","link":"https:\/\/www.organisator.ch\/fr\/management\/2025-04-23\/green-feiert-das-30-jaehrige-jubilaeum\/","title":{"rendered":"Green c\u00e9l\u00e8bre son 30e anniversaire"},"content":{"rendered":"<figure id=\"attachment_37901\" aria-describedby=\"caption-attachment-37901\" style=\"width: 680px\" class=\"wp-caption alignnone\"><img loading=\"lazy\" decoding=\"async\" class=\"size-full wp-image-37901\" src=\"https:\/\/www.organisator.ch\/wp-content\/uploads\/2025\/04\/Green-feiert-das-30-jaehrige-Jubilaeum_Organisator.jpg\" alt=\"\" width=\"680\" height=\"454\" srcset=\"https:\/\/www.organisator.ch\/wp-content\/uploads\/2025\/04\/Green-feiert-das-30-jaehrige-Jubilaeum_Organisator.jpg 680w, https:\/\/www.organisator.ch\/wp-content\/uploads\/2025\/04\/Green-feiert-das-30-jaehrige-Jubilaeum_Organisator-18x12.jpg 18w, https:\/\/www.organisator.ch\/wp-content\/uploads\/2025\/04\/Green-feiert-das-30-jaehrige-Jubilaeum_Organisator-375x250.jpg 375w, https:\/\/www.organisator.ch\/wp-content\/uploads\/2025\/04\/Green-feiert-das-30-jaehrige-Jubilaeum_Organisator-524x350.jpg 524w\" sizes=\"auto, (max-width: 680px) 100vw, 680px\" \/><figcaption id=\"caption-attachment-37901\" class=\"wp-caption-text\">L'un des six centres de donn\u00e9es de Green est celui de Zurich City. (Image : Green.ch)<\/figcaption><\/figure>\n<p>Green f\u00eate cette ann\u00e9e ses 30 ans d'existence et un d\u00e9veloppement impressionnant : le fournisseur d'acc\u00e8s Internet de la premi\u00e8re heure est devenu un fournisseur national d'Internet \u00e0 haut d\u00e9bit et de services d'h\u00e9bergement pour les particuliers et les entreprises. <a href=\"https:\/\/www.organisator.ch\/de\/allgemein\/2016-10-18\/green-bringt-kmu-ins-rechenzentrum\/\">Entreprise<\/a> est devenue une entreprise de premier plan. Avec ses quatre sites, l'entreprise compte aujourd'hui parmi les principaux fournisseurs de centres de donn\u00e9es en Suisse et joue un r\u00f4le central dans l'infrastructure num\u00e9rique du pays.<\/p>\n<h3><strong>Trois d\u00e9cennies d'innovation et de croissance<\/strong><\/h3>\n<p>Depuis sa cr\u00e9ation, Green a identifi\u00e9 tr\u00e8s t\u00f4t les nouvelles technologies et les a traduites de mani\u00e8re cons\u00e9quente en solutions pour un avenir num\u00e9rique interconnect\u00e9 et s\u00fbr. Les activit\u00e9s Internet et d'h\u00e9bergement ont \u00e9t\u00e9 d\u00e9velopp\u00e9es en permanence gr\u00e2ce \u00e0 une croissance organique et \u00e0 des acquisitions cibl\u00e9es.<\/p>\n<p>L'histoire de green.ch commence en 1995, lorsque l'Union suisse des paysans commence \u00e0 proposer les premiers acc\u00e8s \u00e0 Internet (au tarif local) sous agri.ch. En 1998, agri.ch devient une soci\u00e9t\u00e9 anonyme ind\u00e9pendante et en 2001, apr\u00e8s un changement de propri\u00e9taire, elle est rebaptis\u00e9e green.ch. En 2008, l'entreprise est rachet\u00e9e par la soci\u00e9t\u00e9 Solution 25 AG, bas\u00e9e en Suisse centrale, qui fusionne avec sa filiale TIC the Internet Company et poursuit ses activit\u00e9s sous le nom de green.ch. En 2002, green.ch se lance dans le secteur prometteur des centres de donn\u00e9es, qu'elle g\u00e8re depuis 2010 sous le nom de Green Datacenter AG. En 2016, Green fait enti\u00e8rement partie du groupe de t\u00e9l\u00e9communications luxembourgeois Altice, qui \u00e9tait d\u00e9j\u00e0 impliqu\u00e9 depuis 2008. Par la suite, Green est rachet\u00e9e en f\u00e9vrier 2018 par InfraVia Capital Partners, une soci\u00e9t\u00e9 d'investissement sp\u00e9cialis\u00e9e dans le secteur europ\u00e9en des infrastructures. Depuis 2021, green.ch SA et Green Datacenter SA se pr\u00e9sentent ensemble sous la marque Green, avec une nouvelle identit\u00e9 visuelle.<\/p>\n<h3>Autres \u00e9tapes strat\u00e9giques<\/h3>\n<p>Green a tripl\u00e9 ses capacit\u00e9s de datacenter entre 2019 et 2024. L'entreprise a renforc\u00e9 sa position de leader en ouvrant en 2019 le premier centre de donn\u00e9es \u00e0 haute performance pour les fournisseurs de cloud (hyperscaler) en Suisse et en planifiant ensuite un nouveau campus \u00e0 Dielsdorf. Le Metro-Campus de Zurich est un projet d'envergure, avec trois centres de calcul haute performance et des immeubles de bureaux. Le premier datacenter a \u00e9t\u00e9 mis en service d\u00e9but 2023, et \u00e0 l'automne 2023, le lancement de la construction de deux autres datacenters sur le campus a d\u00e9j\u00e0 \u00e9t\u00e9 annonc\u00e9.<\/p>\n<p>L'annonce r\u00e9cente d'un partenariat avec Salt a marqu\u00e9 une \u00e9tape importante, gr\u00e2ce \u00e0 laquelle Green dispose aujourd'hui d'une couverture r\u00e9seau fibre unique. L'entreprise offre un acc\u00e8s aux r\u00e9seaux de Swisscom, de Salt et de plus de 80 fournisseurs locaux. \"Nous avons \u00e9tabli une offre orient\u00e9e vers le client et le march\u00e9, o\u00f9 la qualit\u00e9 du service et la satisfaction du client sont au centre des pr\u00e9occupations\", explique le CEO Roger S\u00fcess. Sous le slogan d'anniversaire \"30 ans de bonheur avec Green\", l'entreprise remercie ses nouveaux clients et ses clients existants par des actions et des jeux-concours.<\/p>\n<h3><strong>Le data center, fondement de l'avenir num\u00e9rique<\/strong><\/h3>\n<p>Le potentiel des centres de donn\u00e9es a \u00e9t\u00e9 reconnu tr\u00e8s t\u00f4t : D\u00e8s 2002, les premi\u00e8res surfaces de centres de donn\u00e9es ont \u00e9t\u00e9 am\u00e9nag\u00e9es. Aujourd'hui, l'entreprise exploite six centres de donn\u00e9es \u00e0 haute performance et est le seul fournisseur en Suisse \u00e0 avoir obtenu le M&amp;O Stamp of Approval de l'Uptime Institute, reconnu au niveau international - la norme de r\u00e9f\u00e9rence pour l'exploitation et la gestion des centres de donn\u00e9es critiques pour les entreprises. \"Les centres de donn\u00e9es sont l'\u00e9pine dorsale de la num\u00e9risation : pour les entreprises, l'\u00e9conomie et la soci\u00e9t\u00e9\", d\u00e9clare Franz Gr\u00fcter, pr\u00e9sident du CA de Green. L'expansion se poursuit : deux nouveaux datacenters sont actuellement en construction \u00e0 Dielsdorf et un autre \u00e0 Lupfig. \"Nous cr\u00e9ons l'infrastructure sur laquelle la Suisse num\u00e9rique peut se d\u00e9velopper\", explique Roger S\u00fcess, qui ajoute : \"La num\u00e9risation est venue pour rester - et elle exige une infrastructure qui soit performante, durable et s\u00fbre\".<\/p>\n<p><em><a href=\"http:\/\/www.green.ch\">Source et informations compl\u00e9mentaires<\/a><\/p>\n<p><\/em><\/p>\n<p><em>(L'article a \u00e9t\u00e9 mis \u00e0 jour le 25 avril 2025)<\/em><\/p>","protected":false},"excerpt":{"rendered":"<p>Green jette un regard r\u00e9trospectif sur trois d\u00e9cennies d'histoire de l'entreprise - et se tourne vers l'avenir : avec des partenariats solides, une nouvelle infrastructure et une demande internationale croissante.<\/p>","protected":false},"author":4,"featured_media":37901,"comment_status":"closed","ping_status":"closed","sticky":false,"template":"","format":"standard","meta":{"_acf_changed":false,"_yoast_wpseo_focuskw":"Green","_yoast_wpseo_metadesc":"Green blickt auf drei Jahrzehnte Firmengeschichte zur\u00fcck \u2013 und richtet den Blick nach vorn, u.a. mit wachsender internationaler Nachfrage.","articlekey":"","footnotes":""},"categories":[28],"tags":[156,206,2660,492],"class_list":["post-37900","post","type-post","status-publish","format-standard","has-post-thumbnail","hentry","category-management","tag-digitalisierung","tag-firmenjubilaeum","tag-rechenzentren","tag-unternehmen"],"acf":[],"yoast_head":"<!-- This site is optimized with the Yoast SEO plugin v27.5 - https:\/\/yoast.com\/product\/yoast-seo-wordpress\/ -->\n<title>Green feiert das 30-j\u00e4hrige Jubil\u00e4um - Organisator<\/title>\n<meta name=\"description\" content=\"Green blickt auf drei Jahrzehnte Firmengeschichte zur\u00fcck \u2013 und richtet den Blick nach vorn, u.a. mit wachsender internationaler Nachfrage.\" \/>\n<meta name=\"robots\" content=\"index, follow, max-snippet:-1, max-image-preview:large, max-video-preview:-1\" \/>\n<link rel=\"canonical\" href=\"https:\/\/www.organisator.ch\/fr\/gestion-2\/2025-04-23\/green-feiert-das-30-jaehrige-jubilaeum\/\" \/>\n<meta property=\"og:locale\" content=\"fr_FR\" \/>\n<meta property=\"og:type\" content=\"article\" \/>\n<meta property=\"og:title\" content=\"Green feiert das 30-j\u00e4hrige Jubil\u00e4um\" \/>\n<meta property=\"og:description\" content=\"Green blickt auf drei Jahrzehnte Firmengeschichte zur\u00fcck \u2013 und richtet den Blick nach vorn, u.a. mit wachsender internationaler Nachfrage.\" \/>\n<meta property=\"og:url\" content=\"https:\/\/www.organisator.ch\/fr\/gestion-2\/2025-04-23\/green-feiert-das-30-jaehrige-jubilaeum\/\" \/>\n<meta property=\"og:site_name\" content=\"Organisator\" \/>\n<meta property=\"article:publisher\" content=\"https:\/\/www.facebook.com\/OrganisatorFachmagazin\" \/>\n<meta property=\"article:published_time\" content=\"2025-04-23T06:34:03+00:00\" \/>\n<meta property=\"article:modified_time\" content=\"2025-04-25T09:55:59+00:00\" \/>\n<meta property=\"og:image\" content=\"https:\/\/www.organisator.ch\/wp-content\/uploads\/2025\/04\/Green-feiert-das-30-jaehrige-Jubilaeum_Organisator.jpg\" \/>\n\t<meta property=\"og:image:width\" content=\"680\" \/>\n\t<meta property=\"og:image:height\" content=\"454\" \/>\n\t<meta property=\"og:image:type\" content=\"image\/jpeg\" \/>\n<meta name=\"author\" content=\"thomas.berner\" \/>\n<meta name=\"twitter:card\" content=\"summary_large_image\" \/>\n<meta name=\"twitter:title\" content=\"#Green feiert das #30-j\u00e4hrige Jubil\u00e4um\" \/>\n<meta name=\"twitter:description\" content=\"#Green blickt auf drei Jahrzehnte Firmengeschichte zur\u00fcck \u2013 und richtet den Blick nach vorn, u.a. mit wachsender internationaler Nachfrage.\" \/>\n<meta name=\"twitter:image\" content=\"https:\/\/www.organisator.ch\/wp-content\/uploads\/2025\/04\/Green-feiert-das-30-jaehrige-Jubilaeum_Organisator.jpg\" \/>\n<script type=\"application\/ld+json\" class=\"yoast-schema-graph\">{\"@context\":\"https:\\\/\\\/schema.org\",\"@graph\":[{\"@type\":\"Article\",\"@id\":\"https:\\\/\\\/www.organisator.ch\\\/management\\\/2025-04-23\\\/green-feiert-das-30-jaehrige-jubilaeum\\\/#article\",\"isPartOf\":{\"@id\":\"https:\\\/\\\/www.organisator.ch\\\/management\\\/2025-04-23\\\/green-feiert-das-30-jaehrige-jubilaeum\\\/\"},\"author\":{\"name\":\"thomas.berner\",\"@id\":\"https:\\\/\\\/www.organisator.ch\\\/#\\\/schema\\\/person\\\/6f650f90b2842cd4c0cc334b4e36f67e\"},\"headline\":\"Green feiert das 30-j\u00e4hrige Jubil\u00e4um\",\"datePublished\":\"2025-04-23T06:34:03+00:00\",\"dateModified\":\"2025-04-25T09:55:59+00:00\",\"mainEntityOfPage\":{\"@id\":\"https:\\\/\\\/www.organisator.ch\\\/management\\\/2025-04-23\\\/green-feiert-das-30-jaehrige-jubilaeum\\\/\"},\"wordCount\":566,\"publisher\":{\"@id\":\"https:\\\/\\\/www.organisator.ch\\\/#organization\"},\"image\":{\"@id\":\"https:\\\/\\\/www.organisator.ch\\\/management\\\/2025-04-23\\\/green-feiert-das-30-jaehrige-jubilaeum\\\/#primaryimage\"},\"thumbnailUrl\":\"https:\\\/\\\/www.organisator.ch\\\/wp-content\\\/uploads\\\/2025\\\/04\\\/Green-feiert-das-30-jaehrige-Jubilaeum_Organisator.jpg\",\"keywords\":[\"Digitalisierung\",\"Firmenjubil\u00e4um\",\"Rechenzentren\",\"Unternehmen\"],\"articleSection\":[\"MANAGEMENT\"],\"inLanguage\":\"fr-FR\"},{\"@type\":\"WebPage\",\"@id\":\"https:\\\/\\\/www.organisator.ch\\\/management\\\/2025-04-23\\\/green-feiert-das-30-jaehrige-jubilaeum\\\/\",\"url\":\"https:\\\/\\\/www.organisator.ch\\\/management\\\/2025-04-23\\\/green-feiert-das-30-jaehrige-jubilaeum\\\/\",\"name\":\"Green feiert das 30-j\u00e4hrige Jubil\u00e4um - Organisator\",\"isPartOf\":{\"@id\":\"https:\\\/\\\/www.organisator.ch\\\/#website\"},\"primaryImageOfPage\":{\"@id\":\"https:\\\/\\\/www.organisator.ch\\\/management\\\/2025-04-23\\\/green-feiert-das-30-jaehrige-jubilaeum\\\/#primaryimage\"},\"image\":{\"@id\":\"https:\\\/\\\/www.organisator.ch\\\/management\\\/2025-04-23\\\/green-feiert-das-30-jaehrige-jubilaeum\\\/#primaryimage\"},\"thumbnailUrl\":\"https:\\\/\\\/www.organisator.ch\\\/wp-content\\\/uploads\\\/2025\\\/04\\\/Green-feiert-das-30-jaehrige-Jubilaeum_Organisator.jpg\",\"datePublished\":\"2025-04-23T06:34:03+00:00\",\"dateModified\":\"2025-04-25T09:55:59+00:00\",\"description\":\"Green blickt auf drei Jahrzehnte Firmengeschichte zur\u00fcck \u2013 und richtet den Blick nach vorn, u.a. mit wachsender internationaler Nachfrage.\",\"breadcrumb\":{\"@id\":\"https:\\\/\\\/www.organisator.ch\\\/management\\\/2025-04-23\\\/green-feiert-das-30-jaehrige-jubilaeum\\\/#breadcrumb\"},\"inLanguage\":\"fr-FR\",\"potentialAction\":[{\"@type\":\"ReadAction\",\"target\":[\"https:\\\/\\\/www.organisator.ch\\\/management\\\/2025-04-23\\\/green-feiert-das-30-jaehrige-jubilaeum\\\/\"]}]},{\"@type\":\"ImageObject\",\"inLanguage\":\"fr-FR\",\"@id\":\"https:\\\/\\\/www.organisator.ch\\\/management\\\/2025-04-23\\\/green-feiert-das-30-jaehrige-jubilaeum\\\/#primaryimage\",\"url\":\"https:\\\/\\\/www.organisator.ch\\\/wp-content\\\/uploads\\\/2025\\\/04\\\/Green-feiert-das-30-jaehrige-Jubilaeum_Organisator.jpg\",\"contentUrl\":\"https:\\\/\\\/www.organisator.ch\\\/wp-content\\\/uploads\\\/2025\\\/04\\\/Green-feiert-das-30-jaehrige-Jubilaeum_Organisator.jpg\",\"width\":680,\"height\":454,\"caption\":\"Eines von sechs Datencentern von Green ist jenes in Z\u00fcrich City. (Bild: Green.ch)\"},{\"@type\":\"BreadcrumbList\",\"@id\":\"https:\\\/\\\/www.organisator.ch\\\/management\\\/2025-04-23\\\/green-feiert-das-30-jaehrige-jubilaeum\\\/#breadcrumb\",\"itemListElement\":[{\"@type\":\"ListItem\",\"position\":1,\"name\":\"Home\",\"item\":\"https:\\\/\\\/www.organisator.ch\\\/\"},{\"@type\":\"ListItem\",\"position\":2,\"name\":\"Green feiert das 30-j\u00e4hrige Jubil\u00e4um\"}]},{\"@type\":\"WebSite\",\"@id\":\"https:\\\/\\\/www.organisator.ch\\\/#website\",\"url\":\"https:\\\/\\\/www.organisator.ch\\\/\",\"name\":\"Organisator\",\"description\":\"Kompetent. Praxisnah. Der ORGANISATOR bereitet in 10 Ausgaben pro Jahr die wesentlichen Themen f\u00fcr F\u00fchrungskr\u00e4fte von KMU auf.\",\"publisher\":{\"@id\":\"https:\\\/\\\/www.organisator.ch\\\/#organization\"},\"potentialAction\":[{\"@type\":\"SearchAction\",\"target\":{\"@type\":\"EntryPoint\",\"urlTemplate\":\"https:\\\/\\\/www.organisator.ch\\\/?s={search_term_string}\"},\"query-input\":{\"@type\":\"PropertyValueSpecification\",\"valueRequired\":true,\"valueName\":\"search_term_string\"}}],\"inLanguage\":\"fr-FR\"},{\"@type\":\"Organization\",\"@id\":\"https:\\\/\\\/www.organisator.ch\\\/#organization\",\"name\":\"Organisator\",\"url\":\"https:\\\/\\\/www.organisator.ch\\\/\",\"logo\":{\"@type\":\"ImageObject\",\"inLanguage\":\"fr-FR\",\"@id\":\"https:\\\/\\\/www.organisator.ch\\\/#\\\/schema\\\/logo\\\/image\\\/\",\"url\":\"https:\\\/\\\/www.organisator.ch\\\/wp-content\\\/uploads\\\/2022\\\/01\\\/Logo_Organisator_Website.png\",\"contentUrl\":\"https:\\\/\\\/www.organisator.ch\\\/wp-content\\\/uploads\\\/2022\\\/01\\\/Logo_Organisator_Website.png\",\"width\":800,\"height\":77,\"caption\":\"Organisator\"},\"image\":{\"@id\":\"https:\\\/\\\/www.organisator.ch\\\/#\\\/schema\\\/logo\\\/image\\\/\"},\"sameAs\":[\"https:\\\/\\\/www.facebook.com\\\/OrganisatorFachmagazin\",\"https:\\\/\\\/www.linkedin.com\\\/showcase\\\/organisator-das-magazin-fr-kmu\",\"https:\\\/\\\/www.xing.com\\\/news\\\/pages\\\/organisator-ch-695\",\"https:\\\/\\\/www.youtube.com\\\/channel\\\/UCGP2Sq0iWaZwT3BdIAQFYpw\"]},{\"@type\":\"Person\",\"@id\":\"https:\\\/\\\/www.organisator.ch\\\/#\\\/schema\\\/person\\\/6f650f90b2842cd4c0cc334b4e36f67e\",\"name\":\"thomas.berner\",\"image\":{\"@type\":\"ImageObject\",\"inLanguage\":\"fr-FR\",\"@id\":\"https:\\\/\\\/secure.gravatar.com\\\/avatar\\\/ac5001d2a36cb6c6cd3e50789007ffca834b477b74a2144564522e944eabff61?s=96&d=mm&r=g\",\"url\":\"https:\\\/\\\/secure.gravatar.com\\\/avatar\\\/ac5001d2a36cb6c6cd3e50789007ffca834b477b74a2144564522e944eabff61?s=96&d=mm&r=g\",\"contentUrl\":\"https:\\\/\\\/secure.gravatar.com\\\/avatar\\\/ac5001d2a36cb6c6cd3e50789007ffca834b477b74a2144564522e944eabff61?s=96&d=mm&r=g\",\"caption\":\"thomas.berner\"},\"url\":\"https:\\\/\\\/www.organisator.ch\\\/fr\\\/author\\\/thomas-berner\\\/\"}]}<\/script>\n<!-- \/ Yoast SEO plugin. -->","yoast_head_json":{"title":"Green f\u00eate son 30e anniversaire - Organisateur","description":"Green jette un regard r\u00e9trospectif sur trois d\u00e9cennies d'histoire de l'entreprise - et se tourne vers l'avenir, notamment avec une demande internationale croissante.","robots":{"index":"index","follow":"follow","max-snippet":"max-snippet:-1","max-image-preview":"max-image-preview:large","max-video-preview":"max-video-preview:-1"},"canonical":"https:\/\/www.organisator.ch\/fr\/gestion-2\/2025-04-23\/green-feiert-das-30-jaehrige-jubilaeum\/","og_locale":"fr_FR","og_type":"article","og_title":"Green feiert das 30-j\u00e4hrige Jubil\u00e4um","og_description":"Green blickt auf drei Jahrzehnte Firmengeschichte zur\u00fcck \u2013 und richtet den Blick nach vorn, u.a. mit wachsender internationaler Nachfrage.","og_url":"https:\/\/www.organisator.ch\/fr\/gestion-2\/2025-04-23\/green-feiert-das-30-jaehrige-jubilaeum\/","og_site_name":"Organisator","article_publisher":"https:\/\/www.facebook.com\/OrganisatorFachmagazin","article_published_time":"2025-04-23T06:34:03+00:00","article_modified_time":"2025-04-25T09:55:59+00:00","og_image":[{"width":680,"height":454,"url":"https:\/\/www.organisator.ch\/wp-content\/uploads\/2025\/04\/Green-feiert-das-30-jaehrige-Jubilaeum_Organisator.jpg","type":"image\/jpeg"}],"author":"thomas.berner","twitter_card":"summary_large_image","twitter_title":"#Green feiert das #30-j\u00e4hrige Jubil\u00e4um","twitter_description":"#Green blickt auf drei Jahrzehnte Firmengeschichte zur\u00fcck \u2013 und richtet den Blick nach vorn, u.a. mit wachsender internationaler Nachfrage.","twitter_image":"https:\/\/www.organisator.ch\/wp-content\/uploads\/2025\/04\/Green-feiert-das-30-jaehrige-Jubilaeum_Organisator.jpg","schema":{"@context":"https:\/\/schema.org","@graph":[{"@type":"Article","@id":"https:\/\/www.organisator.ch\/management\/2025-04-23\/green-feiert-das-30-jaehrige-jubilaeum\/#article","isPartOf":{"@id":"https:\/\/www.organisator.ch\/management\/2025-04-23\/green-feiert-das-30-jaehrige-jubilaeum\/"},"author":{"name":"thomas.berner","@id":"https:\/\/www.organisator.ch\/#\/schema\/person\/6f650f90b2842cd4c0cc334b4e36f67e"},"headline":"Green feiert das 30-j\u00e4hrige Jubil\u00e4um","datePublished":"2025-04-23T06:34:03+00:00","dateModified":"2025-04-25T09:55:59+00:00","mainEntityOfPage":{"@id":"https:\/\/www.organisator.ch\/management\/2025-04-23\/green-feiert-das-30-jaehrige-jubilaeum\/"},"wordCount":566,"publisher":{"@id":"https:\/\/www.organisator.ch\/#organization"},"image":{"@id":"https:\/\/www.organisator.ch\/management\/2025-04-23\/green-feiert-das-30-jaehrige-jubilaeum\/#primaryimage"},"thumbnailUrl":"https:\/\/www.organisator.ch\/wp-content\/uploads\/2025\/04\/Green-feiert-das-30-jaehrige-Jubilaeum_Organisator.jpg","keywords":["Digitalisierung","Firmenjubil\u00e4um","Rechenzentren","Unternehmen"],"articleSection":["MANAGEMENT"],"inLanguage":"fr-FR"},{"@type":"WebPage","@id":"https:\/\/www.organisator.ch\/management\/2025-04-23\/green-feiert-das-30-jaehrige-jubilaeum\/","url":"https:\/\/www.organisator.ch\/management\/2025-04-23\/green-feiert-das-30-jaehrige-jubilaeum\/","name":"Green f\u00eate son 30e anniversaire - Organisateur","isPartOf":{"@id":"https:\/\/www.organisator.ch\/#website"},"primaryImageOfPage":{"@id":"https:\/\/www.organisator.ch\/management\/2025-04-23\/green-feiert-das-30-jaehrige-jubilaeum\/#primaryimage"},"image":{"@id":"https:\/\/www.organisator.ch\/management\/2025-04-23\/green-feiert-das-30-jaehrige-jubilaeum\/#primaryimage"},"thumbnailUrl":"https:\/\/www.organisator.ch\/wp-content\/uploads\/2025\/04\/Green-feiert-das-30-jaehrige-Jubilaeum_Organisator.jpg","datePublished":"2025-04-23T06:34:03+00:00","dateModified":"2025-04-25T09:55:59+00:00","description":"Green jette un regard r\u00e9trospectif sur trois d\u00e9cennies d'histoire de l'entreprise - et se tourne vers l'avenir, notamment avec une demande internationale croissante.","breadcrumb":{"@id":"https:\/\/www.organisator.ch\/management\/2025-04-23\/green-feiert-das-30-jaehrige-jubilaeum\/#breadcrumb"},"inLanguage":"fr-FR","potentialAction":[{"@type":"ReadAction","target":["https:\/\/www.organisator.ch\/management\/2025-04-23\/green-feiert-das-30-jaehrige-jubilaeum\/"]}]},{"@type":"ImageObject","inLanguage":"fr-FR","@id":"https:\/\/www.organisator.ch\/management\/2025-04-23\/green-feiert-das-30-jaehrige-jubilaeum\/#primaryimage","url":"https:\/\/www.organisator.ch\/wp-content\/uploads\/2025\/04\/Green-feiert-das-30-jaehrige-Jubilaeum_Organisator.jpg","contentUrl":"https:\/\/www.organisator.ch\/wp-content\/uploads\/2025\/04\/Green-feiert-das-30-jaehrige-Jubilaeum_Organisator.jpg","width":680,"height":454,"caption":"Eines von sechs Datencentern von Green ist jenes in Z\u00fcrich City. (Bild: Green.ch)"},{"@type":"BreadcrumbList","@id":"https:\/\/www.organisator.ch\/management\/2025-04-23\/green-feiert-das-30-jaehrige-jubilaeum\/#breadcrumb","itemListElement":[{"@type":"ListItem","position":1,"name":"Home","item":"https:\/\/www.organisator.ch\/"},{"@type":"ListItem","position":2,"name":"Green feiert das 30-j\u00e4hrige Jubil\u00e4um"}]},{"@type":"WebSite","@id":"https:\/\/www.organisator.ch\/#website","url":"https:\/\/www.organisator.ch\/","name":"Organisateur","description":"Comp\u00e9tence et comp\u00e9tence. Proches de la pratique. L'ORGANISATEUR pr\u00e9pare 10 num\u00e9ros par an sur les th\u00e8mes essentiels pour les dirigeants de PME.","publisher":{"@id":"https:\/\/www.organisator.ch\/#organization"},"potentialAction":[{"@type":"SearchAction","target":{"@type":"EntryPoint","urlTemplate":"https:\/\/www.organisator.ch\/?s={search_term_string}"},"query-input":{"@type":"PropertyValueSpecification","valueRequired":true,"valueName":"search_term_string"}}],"inLanguage":"fr-FR"},{"@type":"Organization","@id":"https:\/\/www.organisator.ch\/#organization","name":"Organisateur","url":"https:\/\/www.organisator.ch\/","logo":{"@type":"ImageObject","inLanguage":"fr-FR","@id":"https:\/\/www.organisator.ch\/#\/schema\/logo\/image\/","url":"https:\/\/www.organisator.ch\/wp-content\/uploads\/2022\/01\/Logo_Organisator_Website.png","contentUrl":"https:\/\/www.organisator.ch\/wp-content\/uploads\/2022\/01\/Logo_Organisator_Website.png","width":800,"height":77,"caption":"Organisator"},"image":{"@id":"https:\/\/www.organisator.ch\/#\/schema\/logo\/image\/"},"sameAs":["https:\/\/www.facebook.com\/OrganisatorFachmagazin","https:\/\/www.linkedin.com\/showcase\/organisator-das-magazin-fr-kmu","https:\/\/www.xing.com\/news\/pages\/organisator-ch-695","https:\/\/www.youtube.com\/channel\/UCGP2Sq0iWaZwT3BdIAQFYpw"]},{"@type":"Person","@id":"https:\/\/www.organisator.ch\/#\/schema\/person\/6f650f90b2842cd4c0cc334b4e36f67e","name":"thomas.berner","image":{"@type":"ImageObject","inLanguage":"fr-FR","@id":"https:\/\/secure.gravatar.com\/avatar\/ac5001d2a36cb6c6cd3e50789007ffca834b477b74a2144564522e944eabff61?s=96&d=mm&r=g","url":"https:\/\/secure.gravatar.com\/avatar\/ac5001d2a36cb6c6cd3e50789007ffca834b477b74a2144564522e944eabff61?s=96&d=mm&r=g","contentUrl":"https:\/\/secure.gravatar.com\/avatar\/ac5001d2a36cb6c6cd3e50789007ffca834b477b74a2144564522e944eabff61?s=96&d=mm&r=g","caption":"thomas.berner"},"url":"https:\/\/www.organisator.ch\/fr\/author\/thomas-berner\/"}]}},"_links":{"self":[{"href":"https:\/\/www.organisator.ch\/fr\/wp-json\/wp\/v2\/posts\/37900","targetHints":{"allow":["GET"]}}],"collection":[{"href":"https:\/\/www.organisator.ch\/fr\/wp-json\/wp\/v2\/posts"}],"about":[{"href":"https:\/\/www.organisator.ch\/fr\/wp-json\/wp\/v2\/types\/post"}],"author":[{"embeddable":true,"href":"https:\/\/www.organisator.ch\/fr\/wp-json\/wp\/v2\/users\/4"}],"replies":[{"embeddable":true,"href":"https:\/\/www.organisator.ch\/fr\/wp-json\/wp\/v2\/comments?post=37900"}],"version-history":[{"count":6,"href":"https:\/\/www.organisator.ch\/fr\/wp-json\/wp\/v2\/posts\/37900\/revisions"}],"predecessor-version":[{"id":37982,"href":"https:\/\/www.organisator.ch\/fr\/wp-json\/wp\/v2\/posts\/37900\/revisions\/37982"}],"wp:featuredmedia":[{"embeddable":true,"href":"https:\/\/www.organisator.ch\/fr\/wp-json\/wp\/v2\/media\/37901"}],"wp:attachment":[{"href":"https:\/\/www.organisator.ch\/fr\/wp-json\/wp\/v2\/media?parent=37900"}],"wp:term":[{"taxonomy":"category","embeddable":true,"href":"https:\/\/www.organisator.ch\/fr\/wp-json\/wp\/v2\/categories?post=37900"},{"taxonomy":"post_tag","embeddable":true,"href":"https:\/\/www.organisator.ch\/fr\/wp-json\/wp\/v2\/tags?post=37900"}],"curies":[{"name":"wp","href":"https:\/\/api.w.org\/{rel}","templated":true}]}}