{"id":37905,"date":"2025-04-23T11:10:09","date_gmt":"2025-04-23T09:10:09","guid":{"rendered":"https:\/\/www.m-q.ch\/?p=21397"},"modified":"2025-04-23T15:06:27","modified_gmt":"2025-04-23T13:06:27","slug":"swiss-cyber-security-days-2026-geben-motto-bekannt","status":"publish","type":"post","link":"https:\/\/www.organisator.ch\/fr\/operational-excellence\/2025-04-23\/swiss-cyber-security-days-2026-geben-motto-bekannt\/","title":{"rendered":"Les Swiss Cyber Security Days 2026 annoncent leur th\u00e8me"},"content":{"rendered":"<figure id=\"attachment_21398\" class=\"wp-caption alignnone\" style=\"width: 680px;\" aria-describedby=\"caption-attachment-21398\"><img class=\"size-full wp-image-21398\" src=\"https:\/\/www.m-q.ch\/wp-content\/uploads\/2025\/04\/Swiss-Cyber-Security-Days-2026-geben-Motto-bekannt_MQ.jpg\" sizes=\"(max-width: 680px) 100vw, 680px\" srcset=\"https:\/\/www.m-q.ch\/wp-content\/uploads\/2025\/04\/Swiss-Cyber-Security-Days-2026-geben-Motto-bekannt_MQ.jpg 680w, https:\/\/www.m-q.ch\/wp-content\/uploads\/2025\/04\/Swiss-Cyber-Security-Days-2026-geben-Motto-bekannt_MQ-18x12.jpg 18w, https:\/\/www.m-q.ch\/wp-content\/uploads\/2025\/04\/Swiss-Cyber-Security-Days-2026-geben-Motto-bekannt_MQ-375x246.jpg 375w, https:\/\/www.m-q.ch\/wp-content\/uploads\/2025\/04\/Swiss-Cyber-Security-Days-2026-geben-Motto-bekannt_MQ-534x350.jpg 534w\" alt=\"\" width=\"680\" height=\"446\" \/>\r\n<figcaption id=\"caption-attachment-21398\" class=\"wp-caption-text\">Les Swiss Cyber Security Days 2026 seront principalement consacr\u00e9s au th\u00e8me de la \"souverainet\u00e9 num\u00e9rique\". (Image : SCSD 2025)<\/figcaption>\r\n<\/figure>\r\n<p>Apr\u00e8s le succ\u00e8s de la <a href=\"https:\/\/www.m-q.ch\/de\/scsd-2025-quantensicherheit-und-jugendschutz-im-fokus\/\">cette ann\u00e9e les Swiss Cyber Security Days<\/a> les organisateurs sont en train de planifier la prochaine \u00e9dition. En 2026 \u00e9galement, des intervenants nationaux et internationaux de premier plan se succ\u00e9deront pendant deux jours sur la Main-Stage et la Tech-Stage de l'espace congr\u00e8s pour mettre en lumi\u00e8re les opportunit\u00e9s et les d\u00e9fis du cyberespace et des nouvelles technologies telles que l'intelligence artificielle. Les orateurs sont issus des domaines de la science, de la recherche, de l'administration, de l'\u00e9conomie et des m\u00e9dias. En outre, un grand nombre d'exposants proposeront \u00e0 nouveau des solutions et des produits concrets dans le domaine de la cybers\u00e9curit\u00e9 dans les halles d'exposition de Bernexpo.<\/p>\r\n<h3>Le slogan de la SCSD 2026 : Souverainet\u00e9 num\u00e9rique - La nouvelle fronti\u00e8re<\/h3>\r\n<p>\u00c0 une \u00e9poque o\u00f9 les d\u00e9veloppements g\u00e9opolitiques mettent l'accent sur l'importance de l'autonomie et de la souverainet\u00e9 num\u00e9riques, les SCSD 2026 envoient un signal fort avec leur slogan \"Digital Sovereignty - The New Frontier\". La manifestation se focalise sur l'\u00e9laboration commune de nouvelles approches de solutions afin de fa\u00e7onner notre avenir num\u00e9rique de mani\u00e8re autonome. Le programme mettra en \u00e9vidence les connaissances actuelles en mati\u00e8re de technologie, de recherche, de soci\u00e9t\u00e9 et de g\u00e9opolitique dans le contexte num\u00e9rique et cr\u00e9era une plateforme d'\u00e9change nationale et internationale.<\/p>\r\n<p>\"En f\u00e9vrier 2026, Berne sera \u00e0 nouveau la cyberm\u00e9tropole de la Suisse sous le slogan 'Digital Sovereignty - The New Frontier'. Des experts nationaux et internationaux discuteront non seulement des chances et des risques dans le cyberespace et pr\u00e9senteront des solutions, mais aussi de la mani\u00e8re dont la souverainet\u00e9 num\u00e9rique sert de concept cl\u00e9 pour l'avenir. Les technologies pionni\u00e8res et leur impact sur la soci\u00e9t\u00e9 seront au centre de l'attention afin d'\u00e9laborer des moyens permettant aux \u00c9tats, aux organisations et aux individus d'acqu\u00e9rir contr\u00f4le et ind\u00e9pendance dans l'espace num\u00e9rique\", explique Nik Gugger, pr\u00e9sident de la SCSD et conseiller national.<\/p>\r\n<h3>La plus grande expo suisse dans le domaine de la cybers\u00e9curit\u00e9<\/h3>\r\n<p>Parall\u00e8lement au programme de congr\u00e8s de haut niveau, la manifestation s'est d\u00e9velopp\u00e9e ces derni\u00e8res ann\u00e9es pour devenir le plus grand salon suisse dans le domaine de la cybers\u00e9curit\u00e9. L'ann\u00e9e prochaine, les organisateurs comptent sur plus de 120 exposants de renom qui pr\u00e9senteront dans deux halls d'exposition des solutions et des services actuels pour les autorit\u00e9s, les grands groupes, les PME et les personnes int\u00e9ress\u00e9es par l'informatique et la s\u00e9curit\u00e9. L'offre de l'Expo est compl\u00e9t\u00e9e par de vastes espaces de r\u00e9seautage, le Podcasting-Lounge, deux sc\u00e8nes de bonnes pratiques et les zones sp\u00e9ciales \"StartUp\" et \"Career\".<\/p>\r\n<p><em>Plus d'informations : <a href=\"http:\/\/www.scsd.ch\/\">www.scsd.ch<\/a><\/em><\/p>\r\n<p>&nbsp;<\/p>\n<p class=\"syndicated-attribution\">Cet article est paru initialement sur m-q.ch - <a href=\"https:\/\/www.m-q.ch\/de\/swiss-cyber-security-days-2026-geben-motto-bekannt\/\" target=\"_blank\">https:\/\/www.m-q.ch\/de\/swiss-cyber-security-days-2026-geben-motto-bekannt\/<\/a><\/p>","protected":false},"excerpt":{"rendered":"<p>Les 17 et 18 f\u00e9vrier 2026, les Swiss Cyber Security Days SCSD auront lieu pour la septi\u00e8me fois. Apr\u00e8s le succ\u00e8s de cette ann\u00e9e, avec pr\u00e8s de 2500 visiteurs, des salles de conf\u00e9rences bien remplies et plus de 90 exposants, la manifestation repart pour un nouveau tour.<\/p>","protected":false},"author":8,"featured_media":0,"comment_status":"closed","ping_status":"closed","sticky":false,"template":"","format":"standard","meta":{"_acf_changed":false,"_yoast_wpseo_focuskw":"Cyber Security Days 2026","_yoast_wpseo_metadesc":"Am 17. und 18. Februar 2026 finden die Swiss Cyber Security Days SCSD zum siebten Mal statt. Schwerpunktthema ist digitale Souver\u00e4nit\u00e4t.","articlekey":"","footnotes":""},"categories":[582],"tags":[608,193,418],"class_list":["post-37905","post","type-post","status-publish","format-standard","hentry","category-operational-excellence","tag-cybersicherheit","tag-fachkongressfachmesse","tag-risikomanagement"],"acf":[],"yoast_head":"<!-- This site is optimized with the Yoast SEO plugin v27.5 - https:\/\/yoast.com\/product\/yoast-seo-wordpress\/ -->\n<title>Swiss Cyber Security Days 2026 geben Motto bekannt - Organisator<\/title>\n<meta name=\"description\" content=\"Am 17. und 18. Februar 2026 finden die Swiss Cyber Security Days SCSD zum siebten Mal statt. Schwerpunktthema ist digitale Souver\u00e4nit\u00e4t.\" \/>\n<meta name=\"robots\" content=\"index, follow, max-snippet:-1, max-image-preview:large, max-video-preview:-1\" \/>\n<link rel=\"canonical\" href=\"https:\/\/www.organisator.ch\/fr\/excellence-operationnelle\/2025-04-23\/swiss-cyber-security-days-2026-geben-motto-bekannt\/\" \/>\n<meta property=\"og:locale\" content=\"fr_FR\" \/>\n<meta property=\"og:type\" content=\"article\" \/>\n<meta property=\"og:title\" content=\"Swiss Cyber Security Days 2026 geben Motto bekannt - Organisator\" \/>\n<meta property=\"og:description\" content=\"Am 17. und 18. Februar 2026 finden die Swiss Cyber Security Days SCSD zum siebten Mal statt. Schwerpunktthema ist digitale Souver\u00e4nit\u00e4t.\" \/>\n<meta property=\"og:url\" content=\"https:\/\/www.organisator.ch\/fr\/excellence-operationnelle\/2025-04-23\/swiss-cyber-security-days-2026-geben-motto-bekannt\/\" \/>\n<meta property=\"og:site_name\" content=\"Organisator\" \/>\n<meta property=\"article:publisher\" content=\"https:\/\/www.facebook.com\/OrganisatorFachmagazin\" \/>\n<meta property=\"article:published_time\" content=\"2025-04-23T09:10:09+00:00\" \/>\n<meta property=\"article:modified_time\" content=\"2025-04-23T13:06:27+00:00\" \/>\n<meta name=\"author\" content=\"galledia\" \/>\n<meta name=\"twitter:card\" content=\"summary_large_image\" \/>\n<meta name=\"twitter:creator\" content=\"@admin\" \/>\n<script type=\"application\/ld+json\" class=\"yoast-schema-graph\">{\"@context\":\"https:\\\/\\\/schema.org\",\"@graph\":[{\"@type\":\"Article\",\"@id\":\"https:\\\/\\\/www.organisator.ch\\\/operational-excellence\\\/2025-04-23\\\/swiss-cyber-security-days-2026-geben-motto-bekannt\\\/#article\",\"isPartOf\":{\"@id\":\"https:\\\/\\\/www.organisator.ch\\\/operational-excellence\\\/2025-04-23\\\/swiss-cyber-security-days-2026-geben-motto-bekannt\\\/\"},\"author\":{\"name\":\"galledia\",\"@id\":\"https:\\\/\\\/www.organisator.ch\\\/#\\\/schema\\\/person\\\/4e51799071cd2dd1232ac003643ef5f0\"},\"headline\":\"Swiss Cyber Security Days 2026 geben Motto bekannt\",\"datePublished\":\"2025-04-23T09:10:09+00:00\",\"dateModified\":\"2025-04-23T13:06:27+00:00\",\"mainEntityOfPage\":{\"@id\":\"https:\\\/\\\/www.organisator.ch\\\/operational-excellence\\\/2025-04-23\\\/swiss-cyber-security-days-2026-geben-motto-bekannt\\\/\"},\"wordCount\":392,\"publisher\":{\"@id\":\"https:\\\/\\\/www.organisator.ch\\\/#organization\"},\"image\":{\"@id\":\"https:\\\/\\\/www.organisator.ch\\\/operational-excellence\\\/2025-04-23\\\/swiss-cyber-security-days-2026-geben-motto-bekannt\\\/#primaryimage\"},\"thumbnailUrl\":\"https:\\\/\\\/www.m-q.ch\\\/wp-content\\\/uploads\\\/2025\\\/04\\\/Swiss-Cyber-Security-Days-2026-geben-Motto-bekannt_MQ.jpg\",\"keywords\":[\"Cybersicherheit\",\"Fachkongress\\\/Fachmesse\",\"Risikomanagement\"],\"articleSection\":[\"OPERATIONAL EXCELLENCE\"],\"inLanguage\":\"fr-FR\"},{\"@type\":\"WebPage\",\"@id\":\"https:\\\/\\\/www.organisator.ch\\\/operational-excellence\\\/2025-04-23\\\/swiss-cyber-security-days-2026-geben-motto-bekannt\\\/\",\"url\":\"https:\\\/\\\/www.organisator.ch\\\/operational-excellence\\\/2025-04-23\\\/swiss-cyber-security-days-2026-geben-motto-bekannt\\\/\",\"name\":\"Swiss Cyber Security Days 2026 geben Motto bekannt - Organisator\",\"isPartOf\":{\"@id\":\"https:\\\/\\\/www.organisator.ch\\\/#website\"},\"primaryImageOfPage\":{\"@id\":\"https:\\\/\\\/www.organisator.ch\\\/operational-excellence\\\/2025-04-23\\\/swiss-cyber-security-days-2026-geben-motto-bekannt\\\/#primaryimage\"},\"image\":{\"@id\":\"https:\\\/\\\/www.organisator.ch\\\/operational-excellence\\\/2025-04-23\\\/swiss-cyber-security-days-2026-geben-motto-bekannt\\\/#primaryimage\"},\"thumbnailUrl\":\"https:\\\/\\\/www.m-q.ch\\\/wp-content\\\/uploads\\\/2025\\\/04\\\/Swiss-Cyber-Security-Days-2026-geben-Motto-bekannt_MQ.jpg\",\"datePublished\":\"2025-04-23T09:10:09+00:00\",\"dateModified\":\"2025-04-23T13:06:27+00:00\",\"description\":\"Am 17. und 18. Februar 2026 finden die Swiss Cyber Security Days SCSD zum siebten Mal statt. Schwerpunktthema ist digitale Souver\u00e4nit\u00e4t.\",\"breadcrumb\":{\"@id\":\"https:\\\/\\\/www.organisator.ch\\\/operational-excellence\\\/2025-04-23\\\/swiss-cyber-security-days-2026-geben-motto-bekannt\\\/#breadcrumb\"},\"inLanguage\":\"fr-FR\",\"potentialAction\":[{\"@type\":\"ReadAction\",\"target\":[\"https:\\\/\\\/www.organisator.ch\\\/operational-excellence\\\/2025-04-23\\\/swiss-cyber-security-days-2026-geben-motto-bekannt\\\/\"]}]},{\"@type\":\"ImageObject\",\"inLanguage\":\"fr-FR\",\"@id\":\"https:\\\/\\\/www.organisator.ch\\\/operational-excellence\\\/2025-04-23\\\/swiss-cyber-security-days-2026-geben-motto-bekannt\\\/#primaryimage\",\"url\":\"https:\\\/\\\/www.m-q.ch\\\/wp-content\\\/uploads\\\/2025\\\/04\\\/Swiss-Cyber-Security-Days-2026-geben-Motto-bekannt_MQ.jpg\",\"contentUrl\":\"https:\\\/\\\/www.m-q.ch\\\/wp-content\\\/uploads\\\/2025\\\/04\\\/Swiss-Cyber-Security-Days-2026-geben-Motto-bekannt_MQ.jpg\"},{\"@type\":\"BreadcrumbList\",\"@id\":\"https:\\\/\\\/www.organisator.ch\\\/operational-excellence\\\/2025-04-23\\\/swiss-cyber-security-days-2026-geben-motto-bekannt\\\/#breadcrumb\",\"itemListElement\":[{\"@type\":\"ListItem\",\"position\":1,\"name\":\"Home\",\"item\":\"https:\\\/\\\/www.organisator.ch\\\/\"},{\"@type\":\"ListItem\",\"position\":2,\"name\":\"Swiss Cyber Security Days 2026 geben Motto bekannt\"}]},{\"@type\":\"WebSite\",\"@id\":\"https:\\\/\\\/www.organisator.ch\\\/#website\",\"url\":\"https:\\\/\\\/www.organisator.ch\\\/\",\"name\":\"Organisator\",\"description\":\"Kompetent. Praxisnah. Der ORGANISATOR bereitet in 10 Ausgaben pro Jahr die wesentlichen Themen f\u00fcr F\u00fchrungskr\u00e4fte von KMU auf.\",\"publisher\":{\"@id\":\"https:\\\/\\\/www.organisator.ch\\\/#organization\"},\"potentialAction\":[{\"@type\":\"SearchAction\",\"target\":{\"@type\":\"EntryPoint\",\"urlTemplate\":\"https:\\\/\\\/www.organisator.ch\\\/?s={search_term_string}\"},\"query-input\":{\"@type\":\"PropertyValueSpecification\",\"valueRequired\":true,\"valueName\":\"search_term_string\"}}],\"inLanguage\":\"fr-FR\"},{\"@type\":\"Organization\",\"@id\":\"https:\\\/\\\/www.organisator.ch\\\/#organization\",\"name\":\"Organisator\",\"url\":\"https:\\\/\\\/www.organisator.ch\\\/\",\"logo\":{\"@type\":\"ImageObject\",\"inLanguage\":\"fr-FR\",\"@id\":\"https:\\\/\\\/www.organisator.ch\\\/#\\\/schema\\\/logo\\\/image\\\/\",\"url\":\"https:\\\/\\\/www.organisator.ch\\\/wp-content\\\/uploads\\\/2022\\\/01\\\/Logo_Organisator_Website.png\",\"contentUrl\":\"https:\\\/\\\/www.organisator.ch\\\/wp-content\\\/uploads\\\/2022\\\/01\\\/Logo_Organisator_Website.png\",\"width\":800,\"height\":77,\"caption\":\"Organisator\"},\"image\":{\"@id\":\"https:\\\/\\\/www.organisator.ch\\\/#\\\/schema\\\/logo\\\/image\\\/\"},\"sameAs\":[\"https:\\\/\\\/www.facebook.com\\\/OrganisatorFachmagazin\",\"https:\\\/\\\/www.linkedin.com\\\/showcase\\\/organisator-das-magazin-fr-kmu\",\"https:\\\/\\\/www.xing.com\\\/news\\\/pages\\\/organisator-ch-695\",\"https:\\\/\\\/www.youtube.com\\\/channel\\\/UCGP2Sq0iWaZwT3BdIAQFYpw\"]},{\"@type\":\"Person\",\"@id\":\"https:\\\/\\\/www.organisator.ch\\\/#\\\/schema\\\/person\\\/4e51799071cd2dd1232ac003643ef5f0\",\"name\":\"galledia\",\"image\":{\"@type\":\"ImageObject\",\"inLanguage\":\"fr-FR\",\"@id\":\"https:\\\/\\\/secure.gravatar.com\\\/avatar\\\/78a7f90c01fc2bfc875782a0d4922b37cde2cf184ce347b91316d23cd7f69a36?s=96&d=mm&r=g\",\"url\":\"https:\\\/\\\/secure.gravatar.com\\\/avatar\\\/78a7f90c01fc2bfc875782a0d4922b37cde2cf184ce347b91316d23cd7f69a36?s=96&d=mm&r=g\",\"contentUrl\":\"https:\\\/\\\/secure.gravatar.com\\\/avatar\\\/78a7f90c01fc2bfc875782a0d4922b37cde2cf184ce347b91316d23cd7f69a36?s=96&d=mm&r=g\",\"caption\":\"galledia\"},\"sameAs\":[\"https:\\\/\\\/x.com\\\/admin\"],\"url\":\"https:\\\/\\\/www.organisator.ch\\\/fr\\\/author\\\/galledia\\\/\"}]}<\/script>\n<!-- \/ Yoast SEO plugin. -->","yoast_head_json":{"title":"Les Swiss Cyber Security Days 2026 annoncent leur th\u00e8me - Organisateur","description":"Les 17 et 18 f\u00e9vrier 2026, les Swiss Cyber Security Days SCSD auront lieu pour la septi\u00e8me fois. Le th\u00e8me principal sera la souverainet\u00e9 num\u00e9rique.","robots":{"index":"index","follow":"follow","max-snippet":"max-snippet:-1","max-image-preview":"max-image-preview:large","max-video-preview":"max-video-preview:-1"},"canonical":"https:\/\/www.organisator.ch\/fr\/excellence-operationnelle\/2025-04-23\/swiss-cyber-security-days-2026-geben-motto-bekannt\/","og_locale":"fr_FR","og_type":"article","og_title":"Swiss Cyber Security Days 2026 geben Motto bekannt - Organisator","og_description":"Am 17. und 18. Februar 2026 finden die Swiss Cyber Security Days SCSD zum siebten Mal statt. Schwerpunktthema ist digitale Souver\u00e4nit\u00e4t.","og_url":"https:\/\/www.organisator.ch\/fr\/excellence-operationnelle\/2025-04-23\/swiss-cyber-security-days-2026-geben-motto-bekannt\/","og_site_name":"Organisator","article_publisher":"https:\/\/www.facebook.com\/OrganisatorFachmagazin","article_published_time":"2025-04-23T09:10:09+00:00","article_modified_time":"2025-04-23T13:06:27+00:00","author":"galledia","twitter_card":"summary_large_image","twitter_creator":"@admin","schema":{"@context":"https:\/\/schema.org","@graph":[{"@type":"Article","@id":"https:\/\/www.organisator.ch\/operational-excellence\/2025-04-23\/swiss-cyber-security-days-2026-geben-motto-bekannt\/#article","isPartOf":{"@id":"https:\/\/www.organisator.ch\/operational-excellence\/2025-04-23\/swiss-cyber-security-days-2026-geben-motto-bekannt\/"},"author":{"name":"galledia","@id":"https:\/\/www.organisator.ch\/#\/schema\/person\/4e51799071cd2dd1232ac003643ef5f0"},"headline":"Swiss Cyber Security Days 2026 geben Motto bekannt","datePublished":"2025-04-23T09:10:09+00:00","dateModified":"2025-04-23T13:06:27+00:00","mainEntityOfPage":{"@id":"https:\/\/www.organisator.ch\/operational-excellence\/2025-04-23\/swiss-cyber-security-days-2026-geben-motto-bekannt\/"},"wordCount":392,"publisher":{"@id":"https:\/\/www.organisator.ch\/#organization"},"image":{"@id":"https:\/\/www.organisator.ch\/operational-excellence\/2025-04-23\/swiss-cyber-security-days-2026-geben-motto-bekannt\/#primaryimage"},"thumbnailUrl":"https:\/\/www.m-q.ch\/wp-content\/uploads\/2025\/04\/Swiss-Cyber-Security-Days-2026-geben-Motto-bekannt_MQ.jpg","keywords":["Cybersicherheit","Fachkongress\/Fachmesse","Risikomanagement"],"articleSection":["OPERATIONAL EXCELLENCE"],"inLanguage":"fr-FR"},{"@type":"WebPage","@id":"https:\/\/www.organisator.ch\/operational-excellence\/2025-04-23\/swiss-cyber-security-days-2026-geben-motto-bekannt\/","url":"https:\/\/www.organisator.ch\/operational-excellence\/2025-04-23\/swiss-cyber-security-days-2026-geben-motto-bekannt\/","name":"Les Swiss Cyber Security Days 2026 annoncent leur th\u00e8me - Organisateur","isPartOf":{"@id":"https:\/\/www.organisator.ch\/#website"},"primaryImageOfPage":{"@id":"https:\/\/www.organisator.ch\/operational-excellence\/2025-04-23\/swiss-cyber-security-days-2026-geben-motto-bekannt\/#primaryimage"},"image":{"@id":"https:\/\/www.organisator.ch\/operational-excellence\/2025-04-23\/swiss-cyber-security-days-2026-geben-motto-bekannt\/#primaryimage"},"thumbnailUrl":"https:\/\/www.m-q.ch\/wp-content\/uploads\/2025\/04\/Swiss-Cyber-Security-Days-2026-geben-Motto-bekannt_MQ.jpg","datePublished":"2025-04-23T09:10:09+00:00","dateModified":"2025-04-23T13:06:27+00:00","description":"Les 17 et 18 f\u00e9vrier 2026, les Swiss Cyber Security Days SCSD auront lieu pour la septi\u00e8me fois. Le th\u00e8me principal sera la souverainet\u00e9 num\u00e9rique.","breadcrumb":{"@id":"https:\/\/www.organisator.ch\/operational-excellence\/2025-04-23\/swiss-cyber-security-days-2026-geben-motto-bekannt\/#breadcrumb"},"inLanguage":"fr-FR","potentialAction":[{"@type":"ReadAction","target":["https:\/\/www.organisator.ch\/operational-excellence\/2025-04-23\/swiss-cyber-security-days-2026-geben-motto-bekannt\/"]}]},{"@type":"ImageObject","inLanguage":"fr-FR","@id":"https:\/\/www.organisator.ch\/operational-excellence\/2025-04-23\/swiss-cyber-security-days-2026-geben-motto-bekannt\/#primaryimage","url":"https:\/\/www.m-q.ch\/wp-content\/uploads\/2025\/04\/Swiss-Cyber-Security-Days-2026-geben-Motto-bekannt_MQ.jpg","contentUrl":"https:\/\/www.m-q.ch\/wp-content\/uploads\/2025\/04\/Swiss-Cyber-Security-Days-2026-geben-Motto-bekannt_MQ.jpg"},{"@type":"BreadcrumbList","@id":"https:\/\/www.organisator.ch\/operational-excellence\/2025-04-23\/swiss-cyber-security-days-2026-geben-motto-bekannt\/#breadcrumb","itemListElement":[{"@type":"ListItem","position":1,"name":"Home","item":"https:\/\/www.organisator.ch\/"},{"@type":"ListItem","position":2,"name":"Swiss Cyber Security Days 2026 geben Motto bekannt"}]},{"@type":"WebSite","@id":"https:\/\/www.organisator.ch\/#website","url":"https:\/\/www.organisator.ch\/","name":"Organisateur","description":"Comp\u00e9tence et comp\u00e9tence. Proches de la pratique. L'ORGANISATEUR pr\u00e9pare 10 num\u00e9ros par an sur les th\u00e8mes essentiels pour les dirigeants de PME.","publisher":{"@id":"https:\/\/www.organisator.ch\/#organization"},"potentialAction":[{"@type":"SearchAction","target":{"@type":"EntryPoint","urlTemplate":"https:\/\/www.organisator.ch\/?s={search_term_string}"},"query-input":{"@type":"PropertyValueSpecification","valueRequired":true,"valueName":"search_term_string"}}],"inLanguage":"fr-FR"},{"@type":"Organization","@id":"https:\/\/www.organisator.ch\/#organization","name":"Organisateur","url":"https:\/\/www.organisator.ch\/","logo":{"@type":"ImageObject","inLanguage":"fr-FR","@id":"https:\/\/www.organisator.ch\/#\/schema\/logo\/image\/","url":"https:\/\/www.organisator.ch\/wp-content\/uploads\/2022\/01\/Logo_Organisator_Website.png","contentUrl":"https:\/\/www.organisator.ch\/wp-content\/uploads\/2022\/01\/Logo_Organisator_Website.png","width":800,"height":77,"caption":"Organisator"},"image":{"@id":"https:\/\/www.organisator.ch\/#\/schema\/logo\/image\/"},"sameAs":["https:\/\/www.facebook.com\/OrganisatorFachmagazin","https:\/\/www.linkedin.com\/showcase\/organisator-das-magazin-fr-kmu","https:\/\/www.xing.com\/news\/pages\/organisator-ch-695","https:\/\/www.youtube.com\/channel\/UCGP2Sq0iWaZwT3BdIAQFYpw"]},{"@type":"Person","@id":"https:\/\/www.organisator.ch\/#\/schema\/person\/4e51799071cd2dd1232ac003643ef5f0","name":"galledia","image":{"@type":"ImageObject","inLanguage":"fr-FR","@id":"https:\/\/secure.gravatar.com\/avatar\/78a7f90c01fc2bfc875782a0d4922b37cde2cf184ce347b91316d23cd7f69a36?s=96&d=mm&r=g","url":"https:\/\/secure.gravatar.com\/avatar\/78a7f90c01fc2bfc875782a0d4922b37cde2cf184ce347b91316d23cd7f69a36?s=96&d=mm&r=g","contentUrl":"https:\/\/secure.gravatar.com\/avatar\/78a7f90c01fc2bfc875782a0d4922b37cde2cf184ce347b91316d23cd7f69a36?s=96&d=mm&r=g","caption":"galledia"},"sameAs":["https:\/\/x.com\/admin"],"url":"https:\/\/www.organisator.ch\/fr\/author\/galledia\/"}]}},"_links":{"self":[{"href":"https:\/\/www.organisator.ch\/fr\/wp-json\/wp\/v2\/posts\/37905","targetHints":{"allow":["GET"]}}],"collection":[{"href":"https:\/\/www.organisator.ch\/fr\/wp-json\/wp\/v2\/posts"}],"about":[{"href":"https:\/\/www.organisator.ch\/fr\/wp-json\/wp\/v2\/types\/post"}],"author":[{"embeddable":true,"href":"https:\/\/www.organisator.ch\/fr\/wp-json\/wp\/v2\/users\/8"}],"replies":[{"embeddable":true,"href":"https:\/\/www.organisator.ch\/fr\/wp-json\/wp\/v2\/comments?post=37905"}],"version-history":[{"count":4,"href":"https:\/\/www.organisator.ch\/fr\/wp-json\/wp\/v2\/posts\/37905\/revisions"}],"predecessor-version":[{"id":37909,"href":"https:\/\/www.organisator.ch\/fr\/wp-json\/wp\/v2\/posts\/37905\/revisions\/37909"}],"wp:attachment":[{"href":"https:\/\/www.organisator.ch\/fr\/wp-json\/wp\/v2\/media?parent=37905"}],"wp:term":[{"taxonomy":"category","embeddable":true,"href":"https:\/\/www.organisator.ch\/fr\/wp-json\/wp\/v2\/categories?post=37905"},{"taxonomy":"post_tag","embeddable":true,"href":"https:\/\/www.organisator.ch\/fr\/wp-json\/wp\/v2\/tags?post=37905"}],"curies":[{"name":"wp","href":"https:\/\/api.w.org\/{rel}","templated":true}]}}