{"id":37944,"date":"2025-04-24T16:31:49","date_gmt":"2025-04-24T14:31:49","guid":{"rendered":"https:\/\/www.organisator.ch\/?p=37944"},"modified":"2025-04-24T16:31:49","modified_gmt":"2025-04-24T14:31:49","slug":"rueckblick-swiss-coaching-day-coaching-gestaltet-transformation-erfolgreich","status":"publish","type":"post","link":"https:\/\/www.organisator.ch\/fr\/management\/2025-04-24\/rueckblick-swiss-coaching-day-coaching-gestaltet-transformation-erfolgreich\/","title":{"rendered":"R\u00e9trospective du Swiss Coaching Day : le coaching fa\u00e7onne la transformation avec succ\u00e8s"},"content":{"rendered":"<figure id=\"attachment_37946\" aria-describedby=\"caption-attachment-37946\" style=\"width: 680px\" class=\"wp-caption alignnone\"><img loading=\"lazy\" decoding=\"async\" class=\"size-full wp-image-37946\" src=\"https:\/\/www.organisator.ch\/wp-content\/uploads\/2025\/04\/Rueckblick-Swiss-Coaching-Day-Coaching-gestaltet-Transformation-erfolgreich-1_Organisator.jpg\" alt=\"\" width=\"680\" height=\"453\" srcset=\"https:\/\/www.organisator.ch\/wp-content\/uploads\/2025\/04\/Rueckblick-Swiss-Coaching-Day-Coaching-gestaltet-Transformation-erfolgreich-1_Organisator.jpg 680w, https:\/\/www.organisator.ch\/wp-content\/uploads\/2025\/04\/Rueckblick-Swiss-Coaching-Day-Coaching-gestaltet-Transformation-erfolgreich-1_Organisator-18x12.jpg 18w, https:\/\/www.organisator.ch\/wp-content\/uploads\/2025\/04\/Rueckblick-Swiss-Coaching-Day-Coaching-gestaltet-Transformation-erfolgreich-1_Organisator-375x250.jpg 375w, https:\/\/www.organisator.ch\/wp-content\/uploads\/2025\/04\/Rueckblick-Swiss-Coaching-Day-Coaching-gestaltet-Transformation-erfolgreich-1_Organisator-525x350.jpg 525w\" sizes=\"auto, (max-width: 680px) 100vw, 680px\" \/><figcaption id=\"caption-attachment-37946\" class=\"wp-caption-text\">Le deuxi\u00e8me Swiss Coaching Day a r\u00e9uni pr\u00e8s de 200 participants. (Image : Swiss Coaching Association)<\/figcaption><\/figure>\n<p>Le coaching n'est pas un luxe, mais une comp\u00e9tence d\u00e9cisive pour l'avenir : l'importance de l'accompagnement et du conseil professionnels \u00e9tait au centre de la deuxi\u00e8me \u00e9dition du Swiss Coaching Day. Plus de 200 professionnels du coaching, du mentoring, des RH et de la direction se sont r\u00e9unis \u00e0 cette occasion dans le Champions Lounge du stade du Wankdorf \u00e0 Berne pour \u00e9changer sur les processus de changement, les nouveaux environnements de travail et les comp\u00e9tences cl\u00e9s pour la transformation.<\/p>\n<h3>Promouvoir un leadership bas\u00e9 sur l'empowerment<\/h3>\n<p>Le r\u00f4le des coachs et l'avenir du travail ont \u00e9t\u00e9 mis en lumi\u00e8re par l'orateur principal, le professeur Carsten C. Schermuly, qui a soulign\u00e9 l'importance de l'empowerment psychologique. Il repose sur trois dimensions : Autod\u00e9termination, Sens, Comp\u00e9tence et Influence. Ce<br \/>\nPromouvoir l'empowerment doit \u00eatre l'objectif du New Work, selon le c\u00e9l\u00e8bre psychologue \u00e9conomique et auteur allemand. Il recommande aux coachs d'encourager et de mesurer l'exp\u00e9rience de l'empowerment en eux-m\u00eames, dans le conseil et dans des \u00e9quipes enti\u00e8res. Et le leadership, qui<br \/>\nde promouvoir l'empowerment.<\/p>\n<h3>Accompagner les processus de changement<\/h3>\n<p>Nathalie Hauenstein, qui a abord\u00e9 le th\u00e8me du changement de g\u00e9n\u00e9ration dans l'entreprise familiale, s'est \u00e9galement prononc\u00e9e en faveur d'une direction ax\u00e9e sur le coaching. \"L'avenir a besoin d'origine\", a expliqu\u00e9 la directrice g\u00e9n\u00e9rale de la branche h\u00f4teli\u00e8re du groupe familial du m\u00eame nom dans l'Oberland bernois. Il ne faut pas tout changer parce que l'on n'est pas d'accord. Une PME sur trois ne trouve pas de successeur ad\u00e9quat, selon Mme Hauenstein qui, en tant que mentor d'entreprise, accompagne les processus de changement au sein du groupe et en externe. Elle conseille explicitement de faire appel \u00e0 un conseil externe. \"Nous avons besoin de conseillers et de coachs ici\".<\/p>\n<h3>Sp\u00e9cialisation n\u00e9cessaire<\/h3>\n<p>Zehra Sirin, qui \u00e9volue \u00e0 diff\u00e9rents niveaux en tant que membre de conseil d'administration et coach agile, a partag\u00e9 son exp\u00e9rience du coaching en tant qu'instrument de pilotage lors de fusions. \"Le coaching ne doit pas \u00eatre une exception parce qu'il est \u00e0 la mode\", a-t-elle lanc\u00e9, \"il doit aujourd'hui faire partie int\u00e9grante de chaque entreprise\". N\u00e9anmoins, le coaching n'est pas une fin en soi, il s'agit d'une aide \u00e0 l'auto-assistance pour une direction, une transformation et une gestion d'entreprise r\u00e9ussies. Elle s'est \u00e9galement prononc\u00e9e clairement en faveur d'une sp\u00e9cialisation. Il faut des professionnels de la gestion des conflits et de la culture.<\/p>\n<figure id=\"attachment_37947\" aria-describedby=\"caption-attachment-37947\" style=\"width: 680px\" class=\"wp-caption alignnone\"><img loading=\"lazy\" decoding=\"async\" class=\"wp-image-37947 size-full\" src=\"https:\/\/www.organisator.ch\/wp-content\/uploads\/2025\/04\/Rueckblick-Swiss-Coaching-Day-Coaching-gestaltet-Transformation-erfolgreich-2_Organisator.jpg\" alt=\"\" width=\"680\" height=\"504\" srcset=\"https:\/\/www.organisator.ch\/wp-content\/uploads\/2025\/04\/Rueckblick-Swiss-Coaching-Day-Coaching-gestaltet-Transformation-erfolgreich-2_Organisator.jpg 680w, https:\/\/www.organisator.ch\/wp-content\/uploads\/2025\/04\/Rueckblick-Swiss-Coaching-Day-Coaching-gestaltet-Transformation-erfolgreich-2_Organisator-16x12.jpg 16w, https:\/\/www.organisator.ch\/wp-content\/uploads\/2025\/04\/Rueckblick-Swiss-Coaching-Day-Coaching-gestaltet-Transformation-erfolgreich-2_Organisator-375x278.jpg 375w, https:\/\/www.organisator.ch\/wp-content\/uploads\/2025\/04\/Rueckblick-Swiss-Coaching-Day-Coaching-gestaltet-Transformation-erfolgreich-2_Organisator-472x350.jpg 472w\" sizes=\"auto, (max-width: 680px) 100vw, 680px\" \/><figcaption id=\"caption-attachment-37947\" class=\"wp-caption-text\">Changement \u00e0 la pr\u00e9sidence de la Swiss Coaching Association : Nadia Abdelli succ\u00e8de \u00e0 Adrian H\u00e4ssig. (Image : Swiss Coaching Association)<\/figcaption><\/figure>\n<h3>Congr\u00e8s tr\u00e8s demand\u00e9 par le secteur du coaching et les partenaires<\/h3>\n<p>Le Swiss Coaching Day a de nouveau \u00e9t\u00e9 organis\u00e9 par la Swiss Coaching Association (SCA) et a offert, outre des connaissances solides, un espace de rencontre - par exemple sur la place du march\u00e9 ou pendant l'\u00e9change final lors de l'ap\u00e9ritif. Ateliers sur la r\u00e9silience, l'intervision<br \/>\net le d\u00e9veloppement personnel ont compl\u00e9t\u00e9 la journ\u00e9e.<\/p>\n<p>\"Avec le Swiss Coaching Day, nous avons \u00e9tabli un format qui rayonne au-del\u00e0 de notre association. L'ouverture, la curiosit\u00e9 et l'appartenance qui y sont perceptibles montrent que le coaching est arriv\u00e9 au c\u0153ur de la soci\u00e9t\u00e9\", a r\u00e9sum\u00e9 le pr\u00e9sident sortant Adrian H\u00e4ssig dans son discours d'adieu. Nadia Abdelli le remplacera \u00e0 la t\u00eate de l'association et de ses 500 membres. L'engagement d'Adrian H\u00e4ssig a permis d'affiner le profil du SCA et de renforcer les partenariats avec les institutions de formation et les entreprises. Sa vision d'une manifestation de plusieurs jours continue \u00e0 vivre - sous une nouvelle direction.<\/p>\n<p><a href=\"http:\/\/www.swisscoachingday.ch\"><em>www.swisscoachingday.ch<\/em><\/a><\/p>","protected":false},"excerpt":{"rendered":"<p>Le deuxi\u00e8me Swiss Coaching Day a montr\u00e9 comment le coaching professionnel accompagne les personnes et les organisations dans le changement. Avec des keynotes informatives, des ateliers pratiques et un podium de haut niveau, cette manifestation est devenue le rendez-vous de la branche pour tous ceux qui accompagnent le changement.<\/p>","protected":false},"author":4,"featured_media":37946,"comment_status":"closed","ping_status":"closed","sticky":false,"template":"","format":"standard","meta":{"_acf_changed":false,"_yoast_wpseo_focuskw":"Swiss Coaching Day","_yoast_wpseo_metadesc":"Der zweite Swiss Coaching Day vermochte zu zeigen, wie professionelles Coaching Menschen und Organisationen durch Wandel begleitet.","articlekey":"","footnotes":""},"categories":[28],"tags":[112,126,193,335],"class_list":["post-37944","post","type-post","status-publish","format-standard","has-post-thumbnail","hentry","category-management","tag-change-management","tag-coaching","tag-fachkongressfachmesse","tag-management-und-unternehmensfuehrung"],"acf":[],"yoast_head":"<!-- This site is optimized with the Yoast SEO plugin v27.4 - https:\/\/yoast.com\/product\/yoast-seo-wordpress\/ -->\n<title>R\u00fcckblick Swiss Coaching Day: Coaching gestaltet Transformation erfolgreich - Organisator<\/title>\n<meta name=\"description\" content=\"Der zweite Swiss Coaching Day vermochte zu zeigen, wie professionelles Coaching Menschen und Organisationen durch Wandel begleitet.\" \/>\n<meta name=\"robots\" content=\"index, follow, max-snippet:-1, max-image-preview:large, max-video-preview:-1\" \/>\n<link rel=\"canonical\" href=\"https:\/\/www.organisator.ch\/fr\/gestion-2\/2025-04-24\/rueckblick-swiss-coaching-day-coaching-gestaltet-transformation-erfolgreich\/\" \/>\n<meta property=\"og:locale\" content=\"fr_FR\" \/>\n<meta property=\"og:type\" content=\"article\" \/>\n<meta property=\"og:title\" content=\"R\u00fcckblick Swiss Coaching Day: Coaching gestaltet Transformation erfolgreich - Organisator\" \/>\n<meta property=\"og:description\" content=\"Der zweite Swiss Coaching Day vermochte zu zeigen, wie professionelles Coaching Menschen und Organisationen durch Wandel begleitet.\" \/>\n<meta property=\"og:url\" content=\"https:\/\/www.organisator.ch\/fr\/gestion-2\/2025-04-24\/rueckblick-swiss-coaching-day-coaching-gestaltet-transformation-erfolgreich\/\" \/>\n<meta property=\"og:site_name\" content=\"Organisator\" \/>\n<meta property=\"article:publisher\" content=\"https:\/\/www.facebook.com\/OrganisatorFachmagazin\" \/>\n<meta property=\"article:published_time\" content=\"2025-04-24T14:31:49+00:00\" \/>\n<meta property=\"og:image\" content=\"https:\/\/www.organisator.ch\/wp-content\/uploads\/2025\/04\/Rueckblick-Swiss-Coaching-Day-Coaching-gestaltet-Transformation-erfolgreich-1_Organisator.jpg\" \/>\n\t<meta property=\"og:image:width\" content=\"680\" \/>\n\t<meta property=\"og:image:height\" content=\"453\" \/>\n\t<meta property=\"og:image:type\" content=\"image\/jpeg\" \/>\n<meta name=\"author\" content=\"thomas.berner\" \/>\n<meta name=\"twitter:card\" content=\"summary_large_image\" \/>\n<script type=\"application\/ld+json\" class=\"yoast-schema-graph\">{\"@context\":\"https:\\\/\\\/schema.org\",\"@graph\":[{\"@type\":\"Article\",\"@id\":\"https:\\\/\\\/www.organisator.ch\\\/management\\\/2025-04-24\\\/rueckblick-swiss-coaching-day-coaching-gestaltet-transformation-erfolgreich\\\/#article\",\"isPartOf\":{\"@id\":\"https:\\\/\\\/www.organisator.ch\\\/management\\\/2025-04-24\\\/rueckblick-swiss-coaching-day-coaching-gestaltet-transformation-erfolgreich\\\/\"},\"author\":{\"name\":\"thomas.berner\",\"@id\":\"https:\\\/\\\/www.organisator.ch\\\/#\\\/schema\\\/person\\\/6f650f90b2842cd4c0cc334b4e36f67e\"},\"headline\":\"R\u00fcckblick Swiss Coaching Day: Coaching gestaltet Transformation erfolgreich\",\"datePublished\":\"2025-04-24T14:31:49+00:00\",\"mainEntityOfPage\":{\"@id\":\"https:\\\/\\\/www.organisator.ch\\\/management\\\/2025-04-24\\\/rueckblick-swiss-coaching-day-coaching-gestaltet-transformation-erfolgreich\\\/\"},\"wordCount\":536,\"publisher\":{\"@id\":\"https:\\\/\\\/www.organisator.ch\\\/#organization\"},\"image\":{\"@id\":\"https:\\\/\\\/www.organisator.ch\\\/management\\\/2025-04-24\\\/rueckblick-swiss-coaching-day-coaching-gestaltet-transformation-erfolgreich\\\/#primaryimage\"},\"thumbnailUrl\":\"https:\\\/\\\/www.organisator.ch\\\/wp-content\\\/uploads\\\/2025\\\/04\\\/Rueckblick-Swiss-Coaching-Day-Coaching-gestaltet-Transformation-erfolgreich-1_Organisator.jpg\",\"keywords\":[\"Change Management\",\"Coaching\",\"Fachkongress\\\/Fachmesse\",\"Management und Unternehmensf\u00fchrung\"],\"articleSection\":[\"MANAGEMENT\"],\"inLanguage\":\"fr-FR\"},{\"@type\":\"WebPage\",\"@id\":\"https:\\\/\\\/www.organisator.ch\\\/management\\\/2025-04-24\\\/rueckblick-swiss-coaching-day-coaching-gestaltet-transformation-erfolgreich\\\/\",\"url\":\"https:\\\/\\\/www.organisator.ch\\\/management\\\/2025-04-24\\\/rueckblick-swiss-coaching-day-coaching-gestaltet-transformation-erfolgreich\\\/\",\"name\":\"R\u00fcckblick Swiss Coaching Day: Coaching gestaltet Transformation erfolgreich - Organisator\",\"isPartOf\":{\"@id\":\"https:\\\/\\\/www.organisator.ch\\\/#website\"},\"primaryImageOfPage\":{\"@id\":\"https:\\\/\\\/www.organisator.ch\\\/management\\\/2025-04-24\\\/rueckblick-swiss-coaching-day-coaching-gestaltet-transformation-erfolgreich\\\/#primaryimage\"},\"image\":{\"@id\":\"https:\\\/\\\/www.organisator.ch\\\/management\\\/2025-04-24\\\/rueckblick-swiss-coaching-day-coaching-gestaltet-transformation-erfolgreich\\\/#primaryimage\"},\"thumbnailUrl\":\"https:\\\/\\\/www.organisator.ch\\\/wp-content\\\/uploads\\\/2025\\\/04\\\/Rueckblick-Swiss-Coaching-Day-Coaching-gestaltet-Transformation-erfolgreich-1_Organisator.jpg\",\"datePublished\":\"2025-04-24T14:31:49+00:00\",\"description\":\"Der zweite Swiss Coaching Day vermochte zu zeigen, wie professionelles Coaching Menschen und Organisationen durch Wandel begleitet.\",\"breadcrumb\":{\"@id\":\"https:\\\/\\\/www.organisator.ch\\\/management\\\/2025-04-24\\\/rueckblick-swiss-coaching-day-coaching-gestaltet-transformation-erfolgreich\\\/#breadcrumb\"},\"inLanguage\":\"fr-FR\",\"potentialAction\":[{\"@type\":\"ReadAction\",\"target\":[\"https:\\\/\\\/www.organisator.ch\\\/management\\\/2025-04-24\\\/rueckblick-swiss-coaching-day-coaching-gestaltet-transformation-erfolgreich\\\/\"]}]},{\"@type\":\"ImageObject\",\"inLanguage\":\"fr-FR\",\"@id\":\"https:\\\/\\\/www.organisator.ch\\\/management\\\/2025-04-24\\\/rueckblick-swiss-coaching-day-coaching-gestaltet-transformation-erfolgreich\\\/#primaryimage\",\"url\":\"https:\\\/\\\/www.organisator.ch\\\/wp-content\\\/uploads\\\/2025\\\/04\\\/Rueckblick-Swiss-Coaching-Day-Coaching-gestaltet-Transformation-erfolgreich-1_Organisator.jpg\",\"contentUrl\":\"https:\\\/\\\/www.organisator.ch\\\/wp-content\\\/uploads\\\/2025\\\/04\\\/Rueckblick-Swiss-Coaching-Day-Coaching-gestaltet-Transformation-erfolgreich-1_Organisator.jpg\",\"width\":680,\"height\":453,\"caption\":\"Der zweite Swiss Coaching Day fand mit rund 200 Teilnehmenden statt. (Bild: Swiss Coaching Association)\"},{\"@type\":\"BreadcrumbList\",\"@id\":\"https:\\\/\\\/www.organisator.ch\\\/management\\\/2025-04-24\\\/rueckblick-swiss-coaching-day-coaching-gestaltet-transformation-erfolgreich\\\/#breadcrumb\",\"itemListElement\":[{\"@type\":\"ListItem\",\"position\":1,\"name\":\"Home\",\"item\":\"https:\\\/\\\/www.organisator.ch\\\/\"},{\"@type\":\"ListItem\",\"position\":2,\"name\":\"R\u00fcckblick Swiss Coaching Day: Coaching gestaltet Transformation erfolgreich\"}]},{\"@type\":\"WebSite\",\"@id\":\"https:\\\/\\\/www.organisator.ch\\\/#website\",\"url\":\"https:\\\/\\\/www.organisator.ch\\\/\",\"name\":\"Organisator\",\"description\":\"Kompetent. Praxisnah. Der ORGANISATOR bereitet in 10 Ausgaben pro Jahr die wesentlichen Themen f\u00fcr F\u00fchrungskr\u00e4fte von KMU auf.\",\"publisher\":{\"@id\":\"https:\\\/\\\/www.organisator.ch\\\/#organization\"},\"potentialAction\":[{\"@type\":\"SearchAction\",\"target\":{\"@type\":\"EntryPoint\",\"urlTemplate\":\"https:\\\/\\\/www.organisator.ch\\\/?s={search_term_string}\"},\"query-input\":{\"@type\":\"PropertyValueSpecification\",\"valueRequired\":true,\"valueName\":\"search_term_string\"}}],\"inLanguage\":\"fr-FR\"},{\"@type\":\"Organization\",\"@id\":\"https:\\\/\\\/www.organisator.ch\\\/#organization\",\"name\":\"Organisator\",\"url\":\"https:\\\/\\\/www.organisator.ch\\\/\",\"logo\":{\"@type\":\"ImageObject\",\"inLanguage\":\"fr-FR\",\"@id\":\"https:\\\/\\\/www.organisator.ch\\\/#\\\/schema\\\/logo\\\/image\\\/\",\"url\":\"https:\\\/\\\/www.organisator.ch\\\/wp-content\\\/uploads\\\/2022\\\/01\\\/Logo_Organisator_Website.png\",\"contentUrl\":\"https:\\\/\\\/www.organisator.ch\\\/wp-content\\\/uploads\\\/2022\\\/01\\\/Logo_Organisator_Website.png\",\"width\":800,\"height\":77,\"caption\":\"Organisator\"},\"image\":{\"@id\":\"https:\\\/\\\/www.organisator.ch\\\/#\\\/schema\\\/logo\\\/image\\\/\"},\"sameAs\":[\"https:\\\/\\\/www.facebook.com\\\/OrganisatorFachmagazin\",\"https:\\\/\\\/www.linkedin.com\\\/showcase\\\/organisator-das-magazin-fr-kmu\",\"https:\\\/\\\/www.xing.com\\\/news\\\/pages\\\/organisator-ch-695\",\"https:\\\/\\\/www.youtube.com\\\/channel\\\/UCGP2Sq0iWaZwT3BdIAQFYpw\"]},{\"@type\":\"Person\",\"@id\":\"https:\\\/\\\/www.organisator.ch\\\/#\\\/schema\\\/person\\\/6f650f90b2842cd4c0cc334b4e36f67e\",\"name\":\"thomas.berner\",\"image\":{\"@type\":\"ImageObject\",\"inLanguage\":\"fr-FR\",\"@id\":\"https:\\\/\\\/secure.gravatar.com\\\/avatar\\\/ac5001d2a36cb6c6cd3e50789007ffca834b477b74a2144564522e944eabff61?s=96&d=mm&r=g\",\"url\":\"https:\\\/\\\/secure.gravatar.com\\\/avatar\\\/ac5001d2a36cb6c6cd3e50789007ffca834b477b74a2144564522e944eabff61?s=96&d=mm&r=g\",\"contentUrl\":\"https:\\\/\\\/secure.gravatar.com\\\/avatar\\\/ac5001d2a36cb6c6cd3e50789007ffca834b477b74a2144564522e944eabff61?s=96&d=mm&r=g\",\"caption\":\"thomas.berner\"},\"url\":\"https:\\\/\\\/www.organisator.ch\\\/fr\\\/author\\\/thomas-berner\\\/\"}]}<\/script>\n<!-- \/ Yoast SEO plugin. -->","yoast_head_json":{"title":"R\u00e9trospective du Swiss Coaching Day : Le coaching fa\u00e7onne la transformation avec succ\u00e8s - Organisateur","description":"Le deuxi\u00e8me Swiss Coaching Day a permis de montrer comment le coaching professionnel accompagne les personnes et les organisations dans le changement.","robots":{"index":"index","follow":"follow","max-snippet":"max-snippet:-1","max-image-preview":"max-image-preview:large","max-video-preview":"max-video-preview:-1"},"canonical":"https:\/\/www.organisator.ch\/fr\/gestion-2\/2025-04-24\/rueckblick-swiss-coaching-day-coaching-gestaltet-transformation-erfolgreich\/","og_locale":"fr_FR","og_type":"article","og_title":"R\u00fcckblick Swiss Coaching Day: Coaching gestaltet Transformation erfolgreich - Organisator","og_description":"Der zweite Swiss Coaching Day vermochte zu zeigen, wie professionelles Coaching Menschen und Organisationen durch Wandel begleitet.","og_url":"https:\/\/www.organisator.ch\/fr\/gestion-2\/2025-04-24\/rueckblick-swiss-coaching-day-coaching-gestaltet-transformation-erfolgreich\/","og_site_name":"Organisator","article_publisher":"https:\/\/www.facebook.com\/OrganisatorFachmagazin","article_published_time":"2025-04-24T14:31:49+00:00","og_image":[{"width":680,"height":453,"url":"https:\/\/www.organisator.ch\/wp-content\/uploads\/2025\/04\/Rueckblick-Swiss-Coaching-Day-Coaching-gestaltet-Transformation-erfolgreich-1_Organisator.jpg","type":"image\/jpeg"}],"author":"thomas.berner","twitter_card":"summary_large_image","schema":{"@context":"https:\/\/schema.org","@graph":[{"@type":"Article","@id":"https:\/\/www.organisator.ch\/management\/2025-04-24\/rueckblick-swiss-coaching-day-coaching-gestaltet-transformation-erfolgreich\/#article","isPartOf":{"@id":"https:\/\/www.organisator.ch\/management\/2025-04-24\/rueckblick-swiss-coaching-day-coaching-gestaltet-transformation-erfolgreich\/"},"author":{"name":"thomas.berner","@id":"https:\/\/www.organisator.ch\/#\/schema\/person\/6f650f90b2842cd4c0cc334b4e36f67e"},"headline":"R\u00fcckblick Swiss Coaching Day: Coaching gestaltet Transformation erfolgreich","datePublished":"2025-04-24T14:31:49+00:00","mainEntityOfPage":{"@id":"https:\/\/www.organisator.ch\/management\/2025-04-24\/rueckblick-swiss-coaching-day-coaching-gestaltet-transformation-erfolgreich\/"},"wordCount":536,"publisher":{"@id":"https:\/\/www.organisator.ch\/#organization"},"image":{"@id":"https:\/\/www.organisator.ch\/management\/2025-04-24\/rueckblick-swiss-coaching-day-coaching-gestaltet-transformation-erfolgreich\/#primaryimage"},"thumbnailUrl":"https:\/\/www.organisator.ch\/wp-content\/uploads\/2025\/04\/Rueckblick-Swiss-Coaching-Day-Coaching-gestaltet-Transformation-erfolgreich-1_Organisator.jpg","keywords":["Change Management","Coaching","Fachkongress\/Fachmesse","Management und Unternehmensf\u00fchrung"],"articleSection":["MANAGEMENT"],"inLanguage":"fr-FR"},{"@type":"WebPage","@id":"https:\/\/www.organisator.ch\/management\/2025-04-24\/rueckblick-swiss-coaching-day-coaching-gestaltet-transformation-erfolgreich\/","url":"https:\/\/www.organisator.ch\/management\/2025-04-24\/rueckblick-swiss-coaching-day-coaching-gestaltet-transformation-erfolgreich\/","name":"R\u00e9trospective du Swiss Coaching Day : Le coaching fa\u00e7onne la transformation avec succ\u00e8s - Organisateur","isPartOf":{"@id":"https:\/\/www.organisator.ch\/#website"},"primaryImageOfPage":{"@id":"https:\/\/www.organisator.ch\/management\/2025-04-24\/rueckblick-swiss-coaching-day-coaching-gestaltet-transformation-erfolgreich\/#primaryimage"},"image":{"@id":"https:\/\/www.organisator.ch\/management\/2025-04-24\/rueckblick-swiss-coaching-day-coaching-gestaltet-transformation-erfolgreich\/#primaryimage"},"thumbnailUrl":"https:\/\/www.organisator.ch\/wp-content\/uploads\/2025\/04\/Rueckblick-Swiss-Coaching-Day-Coaching-gestaltet-Transformation-erfolgreich-1_Organisator.jpg","datePublished":"2025-04-24T14:31:49+00:00","description":"Le deuxi\u00e8me Swiss Coaching Day a permis de montrer comment le coaching professionnel accompagne les personnes et les organisations dans le changement.","breadcrumb":{"@id":"https:\/\/www.organisator.ch\/management\/2025-04-24\/rueckblick-swiss-coaching-day-coaching-gestaltet-transformation-erfolgreich\/#breadcrumb"},"inLanguage":"fr-FR","potentialAction":[{"@type":"ReadAction","target":["https:\/\/www.organisator.ch\/management\/2025-04-24\/rueckblick-swiss-coaching-day-coaching-gestaltet-transformation-erfolgreich\/"]}]},{"@type":"ImageObject","inLanguage":"fr-FR","@id":"https:\/\/www.organisator.ch\/management\/2025-04-24\/rueckblick-swiss-coaching-day-coaching-gestaltet-transformation-erfolgreich\/#primaryimage","url":"https:\/\/www.organisator.ch\/wp-content\/uploads\/2025\/04\/Rueckblick-Swiss-Coaching-Day-Coaching-gestaltet-Transformation-erfolgreich-1_Organisator.jpg","contentUrl":"https:\/\/www.organisator.ch\/wp-content\/uploads\/2025\/04\/Rueckblick-Swiss-Coaching-Day-Coaching-gestaltet-Transformation-erfolgreich-1_Organisator.jpg","width":680,"height":453,"caption":"Der zweite Swiss Coaching Day fand mit rund 200 Teilnehmenden statt. (Bild: Swiss Coaching Association)"},{"@type":"BreadcrumbList","@id":"https:\/\/www.organisator.ch\/management\/2025-04-24\/rueckblick-swiss-coaching-day-coaching-gestaltet-transformation-erfolgreich\/#breadcrumb","itemListElement":[{"@type":"ListItem","position":1,"name":"Home","item":"https:\/\/www.organisator.ch\/"},{"@type":"ListItem","position":2,"name":"R\u00fcckblick Swiss Coaching Day: Coaching gestaltet Transformation erfolgreich"}]},{"@type":"WebSite","@id":"https:\/\/www.organisator.ch\/#website","url":"https:\/\/www.organisator.ch\/","name":"Organisateur","description":"Comp\u00e9tence et comp\u00e9tence. Proches de la pratique. L'ORGANISATEUR pr\u00e9pare 10 num\u00e9ros par an sur les th\u00e8mes essentiels pour les dirigeants de PME.","publisher":{"@id":"https:\/\/www.organisator.ch\/#organization"},"potentialAction":[{"@type":"SearchAction","target":{"@type":"EntryPoint","urlTemplate":"https:\/\/www.organisator.ch\/?s={search_term_string}"},"query-input":{"@type":"PropertyValueSpecification","valueRequired":true,"valueName":"search_term_string"}}],"inLanguage":"fr-FR"},{"@type":"Organization","@id":"https:\/\/www.organisator.ch\/#organization","name":"Organisateur","url":"https:\/\/www.organisator.ch\/","logo":{"@type":"ImageObject","inLanguage":"fr-FR","@id":"https:\/\/www.organisator.ch\/#\/schema\/logo\/image\/","url":"https:\/\/www.organisator.ch\/wp-content\/uploads\/2022\/01\/Logo_Organisator_Website.png","contentUrl":"https:\/\/www.organisator.ch\/wp-content\/uploads\/2022\/01\/Logo_Organisator_Website.png","width":800,"height":77,"caption":"Organisator"},"image":{"@id":"https:\/\/www.organisator.ch\/#\/schema\/logo\/image\/"},"sameAs":["https:\/\/www.facebook.com\/OrganisatorFachmagazin","https:\/\/www.linkedin.com\/showcase\/organisator-das-magazin-fr-kmu","https:\/\/www.xing.com\/news\/pages\/organisator-ch-695","https:\/\/www.youtube.com\/channel\/UCGP2Sq0iWaZwT3BdIAQFYpw"]},{"@type":"Person","@id":"https:\/\/www.organisator.ch\/#\/schema\/person\/6f650f90b2842cd4c0cc334b4e36f67e","name":"thomas.berner","image":{"@type":"ImageObject","inLanguage":"fr-FR","@id":"https:\/\/secure.gravatar.com\/avatar\/ac5001d2a36cb6c6cd3e50789007ffca834b477b74a2144564522e944eabff61?s=96&d=mm&r=g","url":"https:\/\/secure.gravatar.com\/avatar\/ac5001d2a36cb6c6cd3e50789007ffca834b477b74a2144564522e944eabff61?s=96&d=mm&r=g","contentUrl":"https:\/\/secure.gravatar.com\/avatar\/ac5001d2a36cb6c6cd3e50789007ffca834b477b74a2144564522e944eabff61?s=96&d=mm&r=g","caption":"thomas.berner"},"url":"https:\/\/www.organisator.ch\/fr\/author\/thomas-berner\/"}]}},"_links":{"self":[{"href":"https:\/\/www.organisator.ch\/fr\/wp-json\/wp\/v2\/posts\/37944","targetHints":{"allow":["GET"]}}],"collection":[{"href":"https:\/\/www.organisator.ch\/fr\/wp-json\/wp\/v2\/posts"}],"about":[{"href":"https:\/\/www.organisator.ch\/fr\/wp-json\/wp\/v2\/types\/post"}],"author":[{"embeddable":true,"href":"https:\/\/www.organisator.ch\/fr\/wp-json\/wp\/v2\/users\/4"}],"replies":[{"embeddable":true,"href":"https:\/\/www.organisator.ch\/fr\/wp-json\/wp\/v2\/comments?post=37944"}],"version-history":[{"count":5,"href":"https:\/\/www.organisator.ch\/fr\/wp-json\/wp\/v2\/posts\/37944\/revisions"}],"predecessor-version":[{"id":38001,"href":"https:\/\/www.organisator.ch\/fr\/wp-json\/wp\/v2\/posts\/37944\/revisions\/38001"}],"wp:featuredmedia":[{"embeddable":true,"href":"https:\/\/www.organisator.ch\/fr\/wp-json\/wp\/v2\/media\/37946"}],"wp:attachment":[{"href":"https:\/\/www.organisator.ch\/fr\/wp-json\/wp\/v2\/media?parent=37944"}],"wp:term":[{"taxonomy":"category","embeddable":true,"href":"https:\/\/www.organisator.ch\/fr\/wp-json\/wp\/v2\/categories?post=37944"},{"taxonomy":"post_tag","embeddable":true,"href":"https:\/\/www.organisator.ch\/fr\/wp-json\/wp\/v2\/tags?post=37944"}],"curies":[{"name":"wp","href":"https:\/\/api.w.org\/{rel}","templated":true}]}}