{"id":37956,"date":"2025-04-24T16:51:44","date_gmt":"2025-04-24T14:51:44","guid":{"rendered":"https:\/\/www.markt-kom.com\/?p=233807"},"modified":"2025-04-25T07:18:08","modified_gmt":"2025-04-25T05:18:08","slug":"generationenwechsel-im-aktionariat-von-excom-media","status":"publish","type":"post","link":"https:\/\/www.organisator.ch\/fr\/marketing\/2025-04-24\/generationenwechsel-im-aktionariat-von-excom-media\/","title":{"rendered":"Changement de g\u00e9n\u00e9ration au sein de l'actionnariat d'Excom Media"},"content":{"rendered":"<figure id=\"attachment_233809\" class=\"wp-caption aligncenter\" style=\"width: 1200px;\" aria-describedby=\"caption-attachment-233809\"><a href=\"https:\/\/www.markt-kom.com\/wp-content\/uploads\/2025\/04\/Aktionariat_VR_Excom-Media_Goetti.jpg\"><img class=\"size-full wp-image-233809\" src=\"https:\/\/www.markt-kom.com\/wp-content\/uploads\/2025\/04\/Aktionariat_VR_Excom-Media_Goetti.jpg\" sizes=\"(max-width: 1200px) 100vw, 1200px\" srcset=\"https:\/\/www.markt-kom.com\/wp-content\/uploads\/2025\/04\/Aktionariat_VR_Excom-Media_Goetti.jpg 1200w, https:\/\/www.markt-kom.com\/wp-content\/uploads\/2025\/04\/Aktionariat_VR_Excom-Media_Goetti-600x450.jpg 600w, https:\/\/www.markt-kom.com\/wp-content\/uploads\/2025\/04\/Aktionariat_VR_Excom-Media_Goetti-1024x768.jpg 1024w, https:\/\/www.markt-kom.com\/wp-content\/uploads\/2025\/04\/Aktionariat_VR_Excom-Media_Goetti-768x576.jpg 768w, https:\/\/www.markt-kom.com\/wp-content\/uploads\/2025\/04\/Aktionariat_VR_Excom-Media_Goetti-16x12.jpg 16w, https:\/\/www.markt-kom.com\/wp-content\/uploads\/2025\/04\/Aktionariat_VR_Excom-Media_Goetti-233x175.jpg 233w, https:\/\/www.markt-kom.com\/wp-content\/uploads\/2025\/04\/Aktionariat_VR_Excom-Media_Goetti-467x350.jpg 467w, https:\/\/www.markt-kom.com\/wp-content\/uploads\/2025\/04\/Aktionariat_VR_Excom-Media_Goetti-1000x750.jpg 1000w\" alt=\"\" width=\"1200\" height=\"900\" \/><\/a>\r\n<figcaption id=\"caption-attachment-233809\" class=\"wp-caption-text\">Le conseil d'administration et l'actionnariat (actuel) d'Excom Media sur une seule photo (de g. \u00e0 dr.) : Markus Rihs, Dragan Dojcinovic, Marc Goetti, Hans-Ueli \"J\u00f6ggi\" Rihs et Theo Meister. (Image : zVg.)<\/figcaption>\r\n<\/figure>\r\n<p>Un changement intervient dans la structure de l'actionnariat d'Excom Media. Les copropri\u00e9taires de longue date Hans-Ueli \"J\u00f6ggi\" Rihs et Theo Meister ont d\u00e9cid\u00e9 de c\u00e9der leurs actions \u00e0 Marc Goetti en raison de leur \u00e2ge. Goetti est CEO et pr\u00e9sident du conseil d'administration de l'entreprise et reprend jeudi l'ensemble des parts de Rihs et Meister. Il devient ainsi l'actionnaire principal d'Excom Media.<\/p>\r\n<p>Rihs et Meister ont jou\u00e9 un r\u00f4le d\u00e9terminant dans la cr\u00e9ation et le d\u00e9veloppement de l'entreprise. Leur retrait s'inscrit dans le cadre d'une transmission ordonn\u00e9e. Avec la reprise par Goetti, la direction reste entre des mains exp\u00e9riment\u00e9es. Selon le communiqu\u00e9 de presse, il consid\u00e8re cette \u00e9tape comme une incitation \u00e0 poursuivre le d\u00e9veloppement de l'entreprise : \"Nous continuerons \u00e0 poursuivre des id\u00e9es courageuses, \u00e0 d\u00e9velopper des solutions cr\u00e9atives et \u00e0 positionner Excom Media comme pr\u00e9curseur dans le paysage m\u00e9diatique suisse\".<\/p>\r\n<p>Il n'y a pas d'autres changements au sein du conseil d'administration. Outre Marc Goetti, Dragan Dojcinovic, Managing Director et CCO de Nau.ch, ainsi que Markus Rihs, CFO d'Excom Media, conservent leurs fonctions.<\/p>","protected":false},"excerpt":{"rendered":"<p>Excom Media proc\u00e8de \u00e0 un changement de structure de propri\u00e9t\u00e9 : Hans-Ueli Rihs et Theo Meister c\u00e8dent leurs parts au CEO Marc Goetti. Ce changement de g\u00e9n\u00e9ration doit permettre d'assurer la continuit\u00e9 de l'entreprise \u00e0 long terme.<\/p>","protected":false},"author":8,"featured_media":0,"comment_status":"closed","ping_status":"closed","sticky":false,"template":"","format":"standard","meta":{"_acf_changed":false,"_yoast_wpseo_focuskw":"Excom Media","_yoast_wpseo_metadesc":"Excom Media vollzieht einen Wechsel in der Eigent\u00fcmerstruktur: Hans-Ueli Rihs und Theo Meister \u00fcbergeben ihre Anteile an CEO Marc Goetti.","articlekey":"","footnotes":""},"categories":[29],"tags":[4345,5307,492],"class_list":["post-37956","post","type-post","status-publish","format-standard","hentry","category-marketing","tag-business","tag-excom-media","tag-unternehmen"],"acf":[],"yoast_head":"<!-- This site is optimized with the Yoast SEO plugin v27.4 - https:\/\/yoast.com\/product\/yoast-seo-wordpress\/ -->\n<title>Generationenwechsel im Aktionariat von Excom Media - Organisator<\/title>\n<meta name=\"description\" content=\"Excom Media vollzieht einen Wechsel in der Eigent\u00fcmerstruktur: Hans-Ueli Rihs und Theo Meister \u00fcbergeben ihre Anteile an CEO Marc Goetti.\" \/>\n<meta name=\"robots\" content=\"index, follow, max-snippet:-1, max-image-preview:large, max-video-preview:-1\" \/>\n<link rel=\"canonical\" href=\"https:\/\/www.organisator.ch\/fr\/marketing\/2025-04-24\/generationenwechsel-im-aktionariat-von-excom-media\/\" \/>\n<meta property=\"og:locale\" content=\"fr_FR\" \/>\n<meta property=\"og:type\" content=\"article\" \/>\n<meta property=\"og:title\" content=\"Generationenwechsel im Aktionariat von Excom Media - Organisator\" \/>\n<meta property=\"og:description\" content=\"Excom Media vollzieht einen Wechsel in der Eigent\u00fcmerstruktur: Hans-Ueli Rihs und Theo Meister \u00fcbergeben ihre Anteile an CEO Marc Goetti.\" \/>\n<meta property=\"og:url\" content=\"https:\/\/www.organisator.ch\/fr\/marketing\/2025-04-24\/generationenwechsel-im-aktionariat-von-excom-media\/\" \/>\n<meta property=\"og:site_name\" content=\"Organisator\" \/>\n<meta property=\"article:publisher\" content=\"https:\/\/www.facebook.com\/OrganisatorFachmagazin\" \/>\n<meta property=\"article:published_time\" content=\"2025-04-24T14:51:44+00:00\" \/>\n<meta property=\"article:modified_time\" content=\"2025-04-25T05:18:08+00:00\" \/>\n<meta name=\"author\" content=\"galledia\" \/>\n<meta name=\"twitter:card\" content=\"summary_large_image\" \/>\n<meta name=\"twitter:creator\" content=\"@admin\" \/>\n<script type=\"application\/ld+json\" class=\"yoast-schema-graph\">{\"@context\":\"https:\\\/\\\/schema.org\",\"@graph\":[{\"@type\":\"Article\",\"@id\":\"https:\\\/\\\/www.organisator.ch\\\/marketing\\\/2025-04-24\\\/generationenwechsel-im-aktionariat-von-excom-media\\\/#article\",\"isPartOf\":{\"@id\":\"https:\\\/\\\/www.organisator.ch\\\/marketing\\\/2025-04-24\\\/generationenwechsel-im-aktionariat-von-excom-media\\\/\"},\"author\":{\"name\":\"galledia\",\"@id\":\"https:\\\/\\\/www.organisator.ch\\\/#\\\/schema\\\/person\\\/4e51799071cd2dd1232ac003643ef5f0\"},\"headline\":\"Generationenwechsel im Aktionariat von Excom Media\",\"datePublished\":\"2025-04-24T14:51:44+00:00\",\"dateModified\":\"2025-04-25T05:18:08+00:00\",\"mainEntityOfPage\":{\"@id\":\"https:\\\/\\\/www.organisator.ch\\\/marketing\\\/2025-04-24\\\/generationenwechsel-im-aktionariat-von-excom-media\\\/\"},\"wordCount\":197,\"publisher\":{\"@id\":\"https:\\\/\\\/www.organisator.ch\\\/#organization\"},\"image\":{\"@id\":\"https:\\\/\\\/www.organisator.ch\\\/marketing\\\/2025-04-24\\\/generationenwechsel-im-aktionariat-von-excom-media\\\/#primaryimage\"},\"thumbnailUrl\":\"https:\\\/\\\/www.markt-kom.com\\\/wp-content\\\/uploads\\\/2025\\\/04\\\/Aktionariat_VR_Excom-Media_Goetti.jpg\",\"keywords\":[\"Business\",\"Excom Media\",\"Unternehmen\"],\"articleSection\":[\"MARKETING\"],\"inLanguage\":\"fr-FR\"},{\"@type\":\"WebPage\",\"@id\":\"https:\\\/\\\/www.organisator.ch\\\/marketing\\\/2025-04-24\\\/generationenwechsel-im-aktionariat-von-excom-media\\\/\",\"url\":\"https:\\\/\\\/www.organisator.ch\\\/marketing\\\/2025-04-24\\\/generationenwechsel-im-aktionariat-von-excom-media\\\/\",\"name\":\"Generationenwechsel im Aktionariat von Excom Media - Organisator\",\"isPartOf\":{\"@id\":\"https:\\\/\\\/www.organisator.ch\\\/#website\"},\"primaryImageOfPage\":{\"@id\":\"https:\\\/\\\/www.organisator.ch\\\/marketing\\\/2025-04-24\\\/generationenwechsel-im-aktionariat-von-excom-media\\\/#primaryimage\"},\"image\":{\"@id\":\"https:\\\/\\\/www.organisator.ch\\\/marketing\\\/2025-04-24\\\/generationenwechsel-im-aktionariat-von-excom-media\\\/#primaryimage\"},\"thumbnailUrl\":\"https:\\\/\\\/www.markt-kom.com\\\/wp-content\\\/uploads\\\/2025\\\/04\\\/Aktionariat_VR_Excom-Media_Goetti.jpg\",\"datePublished\":\"2025-04-24T14:51:44+00:00\",\"dateModified\":\"2025-04-25T05:18:08+00:00\",\"description\":\"Excom Media vollzieht einen Wechsel in der Eigent\u00fcmerstruktur: Hans-Ueli Rihs und Theo Meister \u00fcbergeben ihre Anteile an CEO Marc Goetti.\",\"breadcrumb\":{\"@id\":\"https:\\\/\\\/www.organisator.ch\\\/marketing\\\/2025-04-24\\\/generationenwechsel-im-aktionariat-von-excom-media\\\/#breadcrumb\"},\"inLanguage\":\"fr-FR\",\"potentialAction\":[{\"@type\":\"ReadAction\",\"target\":[\"https:\\\/\\\/www.organisator.ch\\\/marketing\\\/2025-04-24\\\/generationenwechsel-im-aktionariat-von-excom-media\\\/\"]}]},{\"@type\":\"ImageObject\",\"inLanguage\":\"fr-FR\",\"@id\":\"https:\\\/\\\/www.organisator.ch\\\/marketing\\\/2025-04-24\\\/generationenwechsel-im-aktionariat-von-excom-media\\\/#primaryimage\",\"url\":\"https:\\\/\\\/www.markt-kom.com\\\/wp-content\\\/uploads\\\/2025\\\/04\\\/Aktionariat_VR_Excom-Media_Goetti.jpg\",\"contentUrl\":\"https:\\\/\\\/www.markt-kom.com\\\/wp-content\\\/uploads\\\/2025\\\/04\\\/Aktionariat_VR_Excom-Media_Goetti.jpg\"},{\"@type\":\"BreadcrumbList\",\"@id\":\"https:\\\/\\\/www.organisator.ch\\\/marketing\\\/2025-04-24\\\/generationenwechsel-im-aktionariat-von-excom-media\\\/#breadcrumb\",\"itemListElement\":[{\"@type\":\"ListItem\",\"position\":1,\"name\":\"Home\",\"item\":\"https:\\\/\\\/www.organisator.ch\\\/\"},{\"@type\":\"ListItem\",\"position\":2,\"name\":\"Generationenwechsel im Aktionariat von Excom Media\"}]},{\"@type\":\"WebSite\",\"@id\":\"https:\\\/\\\/www.organisator.ch\\\/#website\",\"url\":\"https:\\\/\\\/www.organisator.ch\\\/\",\"name\":\"Organisator\",\"description\":\"Kompetent. Praxisnah. Der ORGANISATOR bereitet in 10 Ausgaben pro Jahr die wesentlichen Themen f\u00fcr F\u00fchrungskr\u00e4fte von KMU auf.\",\"publisher\":{\"@id\":\"https:\\\/\\\/www.organisator.ch\\\/#organization\"},\"potentialAction\":[{\"@type\":\"SearchAction\",\"target\":{\"@type\":\"EntryPoint\",\"urlTemplate\":\"https:\\\/\\\/www.organisator.ch\\\/?s={search_term_string}\"},\"query-input\":{\"@type\":\"PropertyValueSpecification\",\"valueRequired\":true,\"valueName\":\"search_term_string\"}}],\"inLanguage\":\"fr-FR\"},{\"@type\":\"Organization\",\"@id\":\"https:\\\/\\\/www.organisator.ch\\\/#organization\",\"name\":\"Organisator\",\"url\":\"https:\\\/\\\/www.organisator.ch\\\/\",\"logo\":{\"@type\":\"ImageObject\",\"inLanguage\":\"fr-FR\",\"@id\":\"https:\\\/\\\/www.organisator.ch\\\/#\\\/schema\\\/logo\\\/image\\\/\",\"url\":\"https:\\\/\\\/www.organisator.ch\\\/wp-content\\\/uploads\\\/2022\\\/01\\\/Logo_Organisator_Website.png\",\"contentUrl\":\"https:\\\/\\\/www.organisator.ch\\\/wp-content\\\/uploads\\\/2022\\\/01\\\/Logo_Organisator_Website.png\",\"width\":800,\"height\":77,\"caption\":\"Organisator\"},\"image\":{\"@id\":\"https:\\\/\\\/www.organisator.ch\\\/#\\\/schema\\\/logo\\\/image\\\/\"},\"sameAs\":[\"https:\\\/\\\/www.facebook.com\\\/OrganisatorFachmagazin\",\"https:\\\/\\\/www.linkedin.com\\\/showcase\\\/organisator-das-magazin-fr-kmu\",\"https:\\\/\\\/www.xing.com\\\/news\\\/pages\\\/organisator-ch-695\",\"https:\\\/\\\/www.youtube.com\\\/channel\\\/UCGP2Sq0iWaZwT3BdIAQFYpw\"]},{\"@type\":\"Person\",\"@id\":\"https:\\\/\\\/www.organisator.ch\\\/#\\\/schema\\\/person\\\/4e51799071cd2dd1232ac003643ef5f0\",\"name\":\"galledia\",\"image\":{\"@type\":\"ImageObject\",\"inLanguage\":\"fr-FR\",\"@id\":\"https:\\\/\\\/secure.gravatar.com\\\/avatar\\\/78a7f90c01fc2bfc875782a0d4922b37cde2cf184ce347b91316d23cd7f69a36?s=96&d=mm&r=g\",\"url\":\"https:\\\/\\\/secure.gravatar.com\\\/avatar\\\/78a7f90c01fc2bfc875782a0d4922b37cde2cf184ce347b91316d23cd7f69a36?s=96&d=mm&r=g\",\"contentUrl\":\"https:\\\/\\\/secure.gravatar.com\\\/avatar\\\/78a7f90c01fc2bfc875782a0d4922b37cde2cf184ce347b91316d23cd7f69a36?s=96&d=mm&r=g\",\"caption\":\"galledia\"},\"sameAs\":[\"https:\\\/\\\/x.com\\\/admin\"],\"url\":\"https:\\\/\\\/www.organisator.ch\\\/fr\\\/author\\\/galledia\\\/\"}]}<\/script>\n<!-- \/ Yoast SEO plugin. -->","yoast_head_json":{"title":"Changement de g\u00e9n\u00e9ration au sein de l'actionnariat d'Excom Media - Organisateur","description":"Excom Media op\u00e8re un changement dans sa structure de propri\u00e9t\u00e9 : Hans-Ueli Rihs et Theo Meister c\u00e8dent leurs parts au CEO Marc Goetti.","robots":{"index":"index","follow":"follow","max-snippet":"max-snippet:-1","max-image-preview":"max-image-preview:large","max-video-preview":"max-video-preview:-1"},"canonical":"https:\/\/www.organisator.ch\/fr\/marketing\/2025-04-24\/generationenwechsel-im-aktionariat-von-excom-media\/","og_locale":"fr_FR","og_type":"article","og_title":"Generationenwechsel im Aktionariat von Excom Media - Organisator","og_description":"Excom Media vollzieht einen Wechsel in der Eigent\u00fcmerstruktur: Hans-Ueli Rihs und Theo Meister \u00fcbergeben ihre Anteile an CEO Marc Goetti.","og_url":"https:\/\/www.organisator.ch\/fr\/marketing\/2025-04-24\/generationenwechsel-im-aktionariat-von-excom-media\/","og_site_name":"Organisator","article_publisher":"https:\/\/www.facebook.com\/OrganisatorFachmagazin","article_published_time":"2025-04-24T14:51:44+00:00","article_modified_time":"2025-04-25T05:18:08+00:00","author":"galledia","twitter_card":"summary_large_image","twitter_creator":"@admin","schema":{"@context":"https:\/\/schema.org","@graph":[{"@type":"Article","@id":"https:\/\/www.organisator.ch\/marketing\/2025-04-24\/generationenwechsel-im-aktionariat-von-excom-media\/#article","isPartOf":{"@id":"https:\/\/www.organisator.ch\/marketing\/2025-04-24\/generationenwechsel-im-aktionariat-von-excom-media\/"},"author":{"name":"galledia","@id":"https:\/\/www.organisator.ch\/#\/schema\/person\/4e51799071cd2dd1232ac003643ef5f0"},"headline":"Generationenwechsel im Aktionariat von Excom Media","datePublished":"2025-04-24T14:51:44+00:00","dateModified":"2025-04-25T05:18:08+00:00","mainEntityOfPage":{"@id":"https:\/\/www.organisator.ch\/marketing\/2025-04-24\/generationenwechsel-im-aktionariat-von-excom-media\/"},"wordCount":197,"publisher":{"@id":"https:\/\/www.organisator.ch\/#organization"},"image":{"@id":"https:\/\/www.organisator.ch\/marketing\/2025-04-24\/generationenwechsel-im-aktionariat-von-excom-media\/#primaryimage"},"thumbnailUrl":"https:\/\/www.markt-kom.com\/wp-content\/uploads\/2025\/04\/Aktionariat_VR_Excom-Media_Goetti.jpg","keywords":["Business","Excom Media","Unternehmen"],"articleSection":["MARKETING"],"inLanguage":"fr-FR"},{"@type":"WebPage","@id":"https:\/\/www.organisator.ch\/marketing\/2025-04-24\/generationenwechsel-im-aktionariat-von-excom-media\/","url":"https:\/\/www.organisator.ch\/marketing\/2025-04-24\/generationenwechsel-im-aktionariat-von-excom-media\/","name":"Changement de g\u00e9n\u00e9ration au sein de l'actionnariat d'Excom Media - Organisateur","isPartOf":{"@id":"https:\/\/www.organisator.ch\/#website"},"primaryImageOfPage":{"@id":"https:\/\/www.organisator.ch\/marketing\/2025-04-24\/generationenwechsel-im-aktionariat-von-excom-media\/#primaryimage"},"image":{"@id":"https:\/\/www.organisator.ch\/marketing\/2025-04-24\/generationenwechsel-im-aktionariat-von-excom-media\/#primaryimage"},"thumbnailUrl":"https:\/\/www.markt-kom.com\/wp-content\/uploads\/2025\/04\/Aktionariat_VR_Excom-Media_Goetti.jpg","datePublished":"2025-04-24T14:51:44+00:00","dateModified":"2025-04-25T05:18:08+00:00","description":"Excom Media op\u00e8re un changement dans sa structure de propri\u00e9t\u00e9 : Hans-Ueli Rihs et Theo Meister c\u00e8dent leurs parts au CEO Marc Goetti.","breadcrumb":{"@id":"https:\/\/www.organisator.ch\/marketing\/2025-04-24\/generationenwechsel-im-aktionariat-von-excom-media\/#breadcrumb"},"inLanguage":"fr-FR","potentialAction":[{"@type":"ReadAction","target":["https:\/\/www.organisator.ch\/marketing\/2025-04-24\/generationenwechsel-im-aktionariat-von-excom-media\/"]}]},{"@type":"ImageObject","inLanguage":"fr-FR","@id":"https:\/\/www.organisator.ch\/marketing\/2025-04-24\/generationenwechsel-im-aktionariat-von-excom-media\/#primaryimage","url":"https:\/\/www.markt-kom.com\/wp-content\/uploads\/2025\/04\/Aktionariat_VR_Excom-Media_Goetti.jpg","contentUrl":"https:\/\/www.markt-kom.com\/wp-content\/uploads\/2025\/04\/Aktionariat_VR_Excom-Media_Goetti.jpg"},{"@type":"BreadcrumbList","@id":"https:\/\/www.organisator.ch\/marketing\/2025-04-24\/generationenwechsel-im-aktionariat-von-excom-media\/#breadcrumb","itemListElement":[{"@type":"ListItem","position":1,"name":"Home","item":"https:\/\/www.organisator.ch\/"},{"@type":"ListItem","position":2,"name":"Generationenwechsel im Aktionariat von Excom Media"}]},{"@type":"WebSite","@id":"https:\/\/www.organisator.ch\/#website","url":"https:\/\/www.organisator.ch\/","name":"Organisateur","description":"Comp\u00e9tence et comp\u00e9tence. Proches de la pratique. L'ORGANISATEUR pr\u00e9pare 10 num\u00e9ros par an sur les th\u00e8mes essentiels pour les dirigeants de PME.","publisher":{"@id":"https:\/\/www.organisator.ch\/#organization"},"potentialAction":[{"@type":"SearchAction","target":{"@type":"EntryPoint","urlTemplate":"https:\/\/www.organisator.ch\/?s={search_term_string}"},"query-input":{"@type":"PropertyValueSpecification","valueRequired":true,"valueName":"search_term_string"}}],"inLanguage":"fr-FR"},{"@type":"Organization","@id":"https:\/\/www.organisator.ch\/#organization","name":"Organisateur","url":"https:\/\/www.organisator.ch\/","logo":{"@type":"ImageObject","inLanguage":"fr-FR","@id":"https:\/\/www.organisator.ch\/#\/schema\/logo\/image\/","url":"https:\/\/www.organisator.ch\/wp-content\/uploads\/2022\/01\/Logo_Organisator_Website.png","contentUrl":"https:\/\/www.organisator.ch\/wp-content\/uploads\/2022\/01\/Logo_Organisator_Website.png","width":800,"height":77,"caption":"Organisator"},"image":{"@id":"https:\/\/www.organisator.ch\/#\/schema\/logo\/image\/"},"sameAs":["https:\/\/www.facebook.com\/OrganisatorFachmagazin","https:\/\/www.linkedin.com\/showcase\/organisator-das-magazin-fr-kmu","https:\/\/www.xing.com\/news\/pages\/organisator-ch-695","https:\/\/www.youtube.com\/channel\/UCGP2Sq0iWaZwT3BdIAQFYpw"]},{"@type":"Person","@id":"https:\/\/www.organisator.ch\/#\/schema\/person\/4e51799071cd2dd1232ac003643ef5f0","name":"galledia","image":{"@type":"ImageObject","inLanguage":"fr-FR","@id":"https:\/\/secure.gravatar.com\/avatar\/78a7f90c01fc2bfc875782a0d4922b37cde2cf184ce347b91316d23cd7f69a36?s=96&d=mm&r=g","url":"https:\/\/secure.gravatar.com\/avatar\/78a7f90c01fc2bfc875782a0d4922b37cde2cf184ce347b91316d23cd7f69a36?s=96&d=mm&r=g","contentUrl":"https:\/\/secure.gravatar.com\/avatar\/78a7f90c01fc2bfc875782a0d4922b37cde2cf184ce347b91316d23cd7f69a36?s=96&d=mm&r=g","caption":"galledia"},"sameAs":["https:\/\/x.com\/admin"],"url":"https:\/\/www.organisator.ch\/fr\/author\/galledia\/"}]}},"_links":{"self":[{"href":"https:\/\/www.organisator.ch\/fr\/wp-json\/wp\/v2\/posts\/37956","targetHints":{"allow":["GET"]}}],"collection":[{"href":"https:\/\/www.organisator.ch\/fr\/wp-json\/wp\/v2\/posts"}],"about":[{"href":"https:\/\/www.organisator.ch\/fr\/wp-json\/wp\/v2\/types\/post"}],"author":[{"embeddable":true,"href":"https:\/\/www.organisator.ch\/fr\/wp-json\/wp\/v2\/users\/8"}],"replies":[{"embeddable":true,"href":"https:\/\/www.organisator.ch\/fr\/wp-json\/wp\/v2\/comments?post=37956"}],"version-history":[{"count":6,"href":"https:\/\/www.organisator.ch\/fr\/wp-json\/wp\/v2\/posts\/37956\/revisions"}],"predecessor-version":[{"id":37971,"href":"https:\/\/www.organisator.ch\/fr\/wp-json\/wp\/v2\/posts\/37956\/revisions\/37971"}],"wp:attachment":[{"href":"https:\/\/www.organisator.ch\/fr\/wp-json\/wp\/v2\/media?parent=37956"}],"wp:term":[{"taxonomy":"category","embeddable":true,"href":"https:\/\/www.organisator.ch\/fr\/wp-json\/wp\/v2\/categories?post=37956"},{"taxonomy":"post_tag","embeddable":true,"href":"https:\/\/www.organisator.ch\/fr\/wp-json\/wp\/v2\/tags?post=37956"}],"curies":[{"name":"wp","href":"https:\/\/api.w.org\/{rel}","templated":true}]}}