{"id":37962,"date":"2025-04-24T13:28:19","date_gmt":"2025-04-24T11:28:19","guid":{"rendered":"https:\/\/www.markt-kom.com\/?p=233784"},"modified":"2025-04-25T10:53:31","modified_gmt":"2025-04-25T08:53:31","slug":"felix-adank-tritt-als-managing-partner-von-consign-zurueck","status":"publish","type":"post","link":"https:\/\/www.organisator.ch\/fr\/marketing\/2025-04-24\/felix-adank-tritt-als-managing-partner-von-consign-zurueck\/","title":{"rendered":"Felix Adank quitte son poste de Managing Partner de Consign"},"content":{"rendered":"<figure id=\"attachment_233785\" class=\"wp-caption aligncenter\" style=\"width: 543px;\" aria-describedby=\"caption-attachment-233785\"><a href=\"https:\/\/www.markt-kom.com\/wp-content\/uploads\/2025\/04\/consign-Felix-Adank.jpg\"><img class=\"size-full wp-image-233785\" src=\"https:\/\/www.markt-kom.com\/wp-content\/uploads\/2025\/04\/consign-Felix-Adank.jpg\" sizes=\"(max-width: 543px) 100vw, 543px\" srcset=\"https:\/\/www.markt-kom.com\/wp-content\/uploads\/2025\/04\/consign-Felix-Adank.jpg 543w, https:\/\/www.markt-kom.com\/wp-content\/uploads\/2025\/04\/consign-Felix-Adank-16x12.jpg 16w, https:\/\/www.markt-kom.com\/wp-content\/uploads\/2025\/04\/consign-Felix-Adank-233x175.jpg 233w, https:\/\/www.markt-kom.com\/wp-content\/uploads\/2025\/04\/consign-Felix-Adank-467x350.jpg 467w\" alt=\"\" width=\"543\" height=\"407\" \/><\/a>\r\n<figcaption id=\"caption-attachment-233785\" class=\"wp-caption-text\">(Image : zVg.)<\/figcaption>\r\n<\/figure>\r\n<p>Dans un communiqu\u00e9, l'agence rend hommage au Managing Partner Felix Adank, qui quitte l'agence, en soulignant que le partenaire a largement contribu\u00e9 au d\u00e9veloppement de la strat\u00e9gie et du contenu de l'agence, notamment en mati\u00e8re de relations publiques et de m\u00e9dias sociaux. Il s'est occup\u00e9 de nombreux clients issus de l'\u00e9conomie et de l'administration. Il a accompagn\u00e9 des communes et des villes dans la mise en \u0153uvre communicative de projets de d\u00e9veloppement de sites ainsi que dans des processus de participation avec la population. Il a \u00e9galement dirig\u00e9 pendant trois ans le bureau de l'association Smart City de Berne.<\/p>\r\n<p>Il poursuit son engagement en tant que d\u00e9l\u00e9gu\u00e9 climatique et chef de projet de la <a href=\"https:\/\/stadthitze.be\/\" rel=\"noopener\">\"Smart Urban Heat Map\"<\/a> un r\u00e9seau de mesure en ligne accessible au public, qui documente la chaleur urbaine dans la r\u00e9gion de Berne. La direction des mandats existants et nouveaux de l'agence dans les domaines du contenu, des relations avec les m\u00e9dias et des m\u00e9dias sociaux sera d\u00e9sormais assur\u00e9e par les deux Managing Partners Lorenz Jaggi et Marco Di Piazza. Dans le cadre de ce changement, Consign mise sur le d\u00e9veloppement cibl\u00e9 de partenariats avec des agences \u00e9tablies ou des personnalit\u00e9s qualifi\u00e9es aux comp\u00e9tences professionnelles av\u00e9r\u00e9es. Felix Adank reste li\u00e9 \u00e0 Consign en tant qu'Associated Partner et continuera \u00e0 s'occuper de mandats individuels et de projets s\u00e9lectionn\u00e9s.<\/p>","protected":false},"excerpt":{"rendered":"<p>Apr\u00e8s neuf ans en tant que Managing Partner de l'agence Consign - Identity Communication Design, Felix Adank se retire de la direction op\u00e9rationnelle en raison de son \u00e2ge. L'agence mise sur le d\u00e9veloppement de sa structure de partenaires.<\/p>","protected":false},"author":8,"featured_media":0,"comment_status":"closed","ping_status":"closed","sticky":false,"template":"","format":"standard","meta":{"_acf_changed":false,"_yoast_wpseo_focuskw":"Felix Adank","_yoast_wpseo_metadesc":"Nach neun Jahren als Managing Partner bei der Agentur Consign \u2013 Identity Communication Design zieht sich Felix Adank altersbedingt zur\u00fcck.","articlekey":"","footnotes":""},"categories":[29],"tags":[4345,5308,2853,381],"class_list":["post-37962","post","type-post","status-publish","format-standard","hentry","category-marketing","tag-business","tag-consign","tag-jobchange","tag-personalia"],"acf":[],"yoast_head":"<!-- This site is optimized with the Yoast SEO plugin v27.5 - https:\/\/yoast.com\/product\/yoast-seo-wordpress\/ -->\n<title>Felix Adank tritt als Managing Partner von Consign zur\u00fcck - Organisator<\/title>\n<meta name=\"description\" content=\"Nach neun Jahren als Managing Partner bei der Agentur Consign \u2013 Identity Communication Design zieht sich Felix Adank altersbedingt zur\u00fcck.\" \/>\n<meta name=\"robots\" content=\"index, follow, max-snippet:-1, max-image-preview:large, max-video-preview:-1\" \/>\n<link rel=\"canonical\" href=\"https:\/\/www.organisator.ch\/fr\/marketing\/2025-04-24\/felix-adank-tritt-als-managing-partner-von-consign-zurueck\/\" \/>\n<meta property=\"og:locale\" content=\"fr_FR\" \/>\n<meta property=\"og:type\" content=\"article\" \/>\n<meta property=\"og:title\" content=\"Felix Adank tritt als Managing Partner von Consign zur\u00fcck - Organisator\" \/>\n<meta property=\"og:description\" content=\"Nach neun Jahren als Managing Partner bei der Agentur Consign \u2013 Identity Communication Design zieht sich Felix Adank altersbedingt zur\u00fcck.\" \/>\n<meta property=\"og:url\" content=\"https:\/\/www.organisator.ch\/fr\/marketing\/2025-04-24\/felix-adank-tritt-als-managing-partner-von-consign-zurueck\/\" \/>\n<meta property=\"og:site_name\" content=\"Organisator\" \/>\n<meta property=\"article:publisher\" content=\"https:\/\/www.facebook.com\/OrganisatorFachmagazin\" \/>\n<meta property=\"article:published_time\" content=\"2025-04-24T11:28:19+00:00\" \/>\n<meta property=\"article:modified_time\" content=\"2025-04-25T08:53:31+00:00\" \/>\n<meta name=\"author\" content=\"galledia\" \/>\n<meta name=\"twitter:card\" content=\"summary_large_image\" \/>\n<meta name=\"twitter:creator\" content=\"@admin\" \/>\n<script type=\"application\/ld+json\" class=\"yoast-schema-graph\">{\"@context\":\"https:\\\/\\\/schema.org\",\"@graph\":[{\"@type\":\"Article\",\"@id\":\"https:\\\/\\\/www.organisator.ch\\\/marketing\\\/2025-04-24\\\/felix-adank-tritt-als-managing-partner-von-consign-zurueck\\\/#article\",\"isPartOf\":{\"@id\":\"https:\\\/\\\/www.organisator.ch\\\/marketing\\\/2025-04-24\\\/felix-adank-tritt-als-managing-partner-von-consign-zurueck\\\/\"},\"author\":{\"name\":\"galledia\",\"@id\":\"https:\\\/\\\/www.organisator.ch\\\/#\\\/schema\\\/person\\\/4e51799071cd2dd1232ac003643ef5f0\"},\"headline\":\"Felix Adank tritt als Managing Partner von Consign zur\u00fcck\",\"datePublished\":\"2025-04-24T11:28:19+00:00\",\"dateModified\":\"2025-04-25T08:53:31+00:00\",\"mainEntityOfPage\":{\"@id\":\"https:\\\/\\\/www.organisator.ch\\\/marketing\\\/2025-04-24\\\/felix-adank-tritt-als-managing-partner-von-consign-zurueck\\\/\"},\"wordCount\":188,\"publisher\":{\"@id\":\"https:\\\/\\\/www.organisator.ch\\\/#organization\"},\"image\":{\"@id\":\"https:\\\/\\\/www.organisator.ch\\\/marketing\\\/2025-04-24\\\/felix-adank-tritt-als-managing-partner-von-consign-zurueck\\\/#primaryimage\"},\"thumbnailUrl\":\"https:\\\/\\\/www.markt-kom.com\\\/wp-content\\\/uploads\\\/2025\\\/04\\\/consign-Felix-Adank.jpg\",\"keywords\":[\"Business\",\"Consign\",\"Jobchange\",\"Personalia\"],\"articleSection\":[\"MARKETING\"],\"inLanguage\":\"fr-FR\"},{\"@type\":\"WebPage\",\"@id\":\"https:\\\/\\\/www.organisator.ch\\\/marketing\\\/2025-04-24\\\/felix-adank-tritt-als-managing-partner-von-consign-zurueck\\\/\",\"url\":\"https:\\\/\\\/www.organisator.ch\\\/marketing\\\/2025-04-24\\\/felix-adank-tritt-als-managing-partner-von-consign-zurueck\\\/\",\"name\":\"Felix Adank tritt als Managing Partner von Consign zur\u00fcck - Organisator\",\"isPartOf\":{\"@id\":\"https:\\\/\\\/www.organisator.ch\\\/#website\"},\"primaryImageOfPage\":{\"@id\":\"https:\\\/\\\/www.organisator.ch\\\/marketing\\\/2025-04-24\\\/felix-adank-tritt-als-managing-partner-von-consign-zurueck\\\/#primaryimage\"},\"image\":{\"@id\":\"https:\\\/\\\/www.organisator.ch\\\/marketing\\\/2025-04-24\\\/felix-adank-tritt-als-managing-partner-von-consign-zurueck\\\/#primaryimage\"},\"thumbnailUrl\":\"https:\\\/\\\/www.markt-kom.com\\\/wp-content\\\/uploads\\\/2025\\\/04\\\/consign-Felix-Adank.jpg\",\"datePublished\":\"2025-04-24T11:28:19+00:00\",\"dateModified\":\"2025-04-25T08:53:31+00:00\",\"description\":\"Nach neun Jahren als Managing Partner bei der Agentur Consign \u2013 Identity Communication Design zieht sich Felix Adank altersbedingt zur\u00fcck.\",\"breadcrumb\":{\"@id\":\"https:\\\/\\\/www.organisator.ch\\\/marketing\\\/2025-04-24\\\/felix-adank-tritt-als-managing-partner-von-consign-zurueck\\\/#breadcrumb\"},\"inLanguage\":\"fr-FR\",\"potentialAction\":[{\"@type\":\"ReadAction\",\"target\":[\"https:\\\/\\\/www.organisator.ch\\\/marketing\\\/2025-04-24\\\/felix-adank-tritt-als-managing-partner-von-consign-zurueck\\\/\"]}]},{\"@type\":\"ImageObject\",\"inLanguage\":\"fr-FR\",\"@id\":\"https:\\\/\\\/www.organisator.ch\\\/marketing\\\/2025-04-24\\\/felix-adank-tritt-als-managing-partner-von-consign-zurueck\\\/#primaryimage\",\"url\":\"https:\\\/\\\/www.markt-kom.com\\\/wp-content\\\/uploads\\\/2025\\\/04\\\/consign-Felix-Adank.jpg\",\"contentUrl\":\"https:\\\/\\\/www.markt-kom.com\\\/wp-content\\\/uploads\\\/2025\\\/04\\\/consign-Felix-Adank.jpg\"},{\"@type\":\"BreadcrumbList\",\"@id\":\"https:\\\/\\\/www.organisator.ch\\\/marketing\\\/2025-04-24\\\/felix-adank-tritt-als-managing-partner-von-consign-zurueck\\\/#breadcrumb\",\"itemListElement\":[{\"@type\":\"ListItem\",\"position\":1,\"name\":\"Home\",\"item\":\"https:\\\/\\\/www.organisator.ch\\\/\"},{\"@type\":\"ListItem\",\"position\":2,\"name\":\"Felix Adank tritt als Managing Partner von Consign zur\u00fcck\"}]},{\"@type\":\"WebSite\",\"@id\":\"https:\\\/\\\/www.organisator.ch\\\/#website\",\"url\":\"https:\\\/\\\/www.organisator.ch\\\/\",\"name\":\"Organisator\",\"description\":\"Kompetent. Praxisnah. Der ORGANISATOR bereitet in 10 Ausgaben pro Jahr die wesentlichen Themen f\u00fcr F\u00fchrungskr\u00e4fte von KMU auf.\",\"publisher\":{\"@id\":\"https:\\\/\\\/www.organisator.ch\\\/#organization\"},\"potentialAction\":[{\"@type\":\"SearchAction\",\"target\":{\"@type\":\"EntryPoint\",\"urlTemplate\":\"https:\\\/\\\/www.organisator.ch\\\/?s={search_term_string}\"},\"query-input\":{\"@type\":\"PropertyValueSpecification\",\"valueRequired\":true,\"valueName\":\"search_term_string\"}}],\"inLanguage\":\"fr-FR\"},{\"@type\":\"Organization\",\"@id\":\"https:\\\/\\\/www.organisator.ch\\\/#organization\",\"name\":\"Organisator\",\"url\":\"https:\\\/\\\/www.organisator.ch\\\/\",\"logo\":{\"@type\":\"ImageObject\",\"inLanguage\":\"fr-FR\",\"@id\":\"https:\\\/\\\/www.organisator.ch\\\/#\\\/schema\\\/logo\\\/image\\\/\",\"url\":\"https:\\\/\\\/www.organisator.ch\\\/wp-content\\\/uploads\\\/2022\\\/01\\\/Logo_Organisator_Website.png\",\"contentUrl\":\"https:\\\/\\\/www.organisator.ch\\\/wp-content\\\/uploads\\\/2022\\\/01\\\/Logo_Organisator_Website.png\",\"width\":800,\"height\":77,\"caption\":\"Organisator\"},\"image\":{\"@id\":\"https:\\\/\\\/www.organisator.ch\\\/#\\\/schema\\\/logo\\\/image\\\/\"},\"sameAs\":[\"https:\\\/\\\/www.facebook.com\\\/OrganisatorFachmagazin\",\"https:\\\/\\\/www.linkedin.com\\\/showcase\\\/organisator-das-magazin-fr-kmu\",\"https:\\\/\\\/www.xing.com\\\/news\\\/pages\\\/organisator-ch-695\",\"https:\\\/\\\/www.youtube.com\\\/channel\\\/UCGP2Sq0iWaZwT3BdIAQFYpw\"]},{\"@type\":\"Person\",\"@id\":\"https:\\\/\\\/www.organisator.ch\\\/#\\\/schema\\\/person\\\/4e51799071cd2dd1232ac003643ef5f0\",\"name\":\"galledia\",\"image\":{\"@type\":\"ImageObject\",\"inLanguage\":\"fr-FR\",\"@id\":\"https:\\\/\\\/secure.gravatar.com\\\/avatar\\\/78a7f90c01fc2bfc875782a0d4922b37cde2cf184ce347b91316d23cd7f69a36?s=96&d=mm&r=g\",\"url\":\"https:\\\/\\\/secure.gravatar.com\\\/avatar\\\/78a7f90c01fc2bfc875782a0d4922b37cde2cf184ce347b91316d23cd7f69a36?s=96&d=mm&r=g\",\"contentUrl\":\"https:\\\/\\\/secure.gravatar.com\\\/avatar\\\/78a7f90c01fc2bfc875782a0d4922b37cde2cf184ce347b91316d23cd7f69a36?s=96&d=mm&r=g\",\"caption\":\"galledia\"},\"sameAs\":[\"https:\\\/\\\/x.com\\\/admin\"],\"url\":\"https:\\\/\\\/www.organisator.ch\\\/fr\\\/author\\\/galledia\\\/\"}]}<\/script>\n<!-- \/ Yoast SEO plugin. -->","yoast_head_json":{"title":"Felix Adank quitte son poste de Managing Partner de Consign - Organisateur","description":"Apr\u00e8s neuf ans en tant que Managing Partner de l'agence Consign - Identity Communication Design, Felix Adank se retire pour des raisons d'\u00e2ge.","robots":{"index":"index","follow":"follow","max-snippet":"max-snippet:-1","max-image-preview":"max-image-preview:large","max-video-preview":"max-video-preview:-1"},"canonical":"https:\/\/www.organisator.ch\/fr\/marketing\/2025-04-24\/felix-adank-tritt-als-managing-partner-von-consign-zurueck\/","og_locale":"fr_FR","og_type":"article","og_title":"Felix Adank tritt als Managing Partner von Consign zur\u00fcck - Organisator","og_description":"Nach neun Jahren als Managing Partner bei der Agentur Consign \u2013 Identity Communication Design zieht sich Felix Adank altersbedingt zur\u00fcck.","og_url":"https:\/\/www.organisator.ch\/fr\/marketing\/2025-04-24\/felix-adank-tritt-als-managing-partner-von-consign-zurueck\/","og_site_name":"Organisator","article_publisher":"https:\/\/www.facebook.com\/OrganisatorFachmagazin","article_published_time":"2025-04-24T11:28:19+00:00","article_modified_time":"2025-04-25T08:53:31+00:00","author":"galledia","twitter_card":"summary_large_image","twitter_creator":"@admin","schema":{"@context":"https:\/\/schema.org","@graph":[{"@type":"Article","@id":"https:\/\/www.organisator.ch\/marketing\/2025-04-24\/felix-adank-tritt-als-managing-partner-von-consign-zurueck\/#article","isPartOf":{"@id":"https:\/\/www.organisator.ch\/marketing\/2025-04-24\/felix-adank-tritt-als-managing-partner-von-consign-zurueck\/"},"author":{"name":"galledia","@id":"https:\/\/www.organisator.ch\/#\/schema\/person\/4e51799071cd2dd1232ac003643ef5f0"},"headline":"Felix Adank tritt als Managing Partner von Consign zur\u00fcck","datePublished":"2025-04-24T11:28:19+00:00","dateModified":"2025-04-25T08:53:31+00:00","mainEntityOfPage":{"@id":"https:\/\/www.organisator.ch\/marketing\/2025-04-24\/felix-adank-tritt-als-managing-partner-von-consign-zurueck\/"},"wordCount":188,"publisher":{"@id":"https:\/\/www.organisator.ch\/#organization"},"image":{"@id":"https:\/\/www.organisator.ch\/marketing\/2025-04-24\/felix-adank-tritt-als-managing-partner-von-consign-zurueck\/#primaryimage"},"thumbnailUrl":"https:\/\/www.markt-kom.com\/wp-content\/uploads\/2025\/04\/consign-Felix-Adank.jpg","keywords":["Business","Consign","Jobchange","Personalia"],"articleSection":["MARKETING"],"inLanguage":"fr-FR"},{"@type":"WebPage","@id":"https:\/\/www.organisator.ch\/marketing\/2025-04-24\/felix-adank-tritt-als-managing-partner-von-consign-zurueck\/","url":"https:\/\/www.organisator.ch\/marketing\/2025-04-24\/felix-adank-tritt-als-managing-partner-von-consign-zurueck\/","name":"Felix Adank quitte son poste de Managing Partner de Consign - Organisateur","isPartOf":{"@id":"https:\/\/www.organisator.ch\/#website"},"primaryImageOfPage":{"@id":"https:\/\/www.organisator.ch\/marketing\/2025-04-24\/felix-adank-tritt-als-managing-partner-von-consign-zurueck\/#primaryimage"},"image":{"@id":"https:\/\/www.organisator.ch\/marketing\/2025-04-24\/felix-adank-tritt-als-managing-partner-von-consign-zurueck\/#primaryimage"},"thumbnailUrl":"https:\/\/www.markt-kom.com\/wp-content\/uploads\/2025\/04\/consign-Felix-Adank.jpg","datePublished":"2025-04-24T11:28:19+00:00","dateModified":"2025-04-25T08:53:31+00:00","description":"Apr\u00e8s neuf ans en tant que Managing Partner de l'agence Consign - Identity Communication Design, Felix Adank se retire pour des raisons d'\u00e2ge.","breadcrumb":{"@id":"https:\/\/www.organisator.ch\/marketing\/2025-04-24\/felix-adank-tritt-als-managing-partner-von-consign-zurueck\/#breadcrumb"},"inLanguage":"fr-FR","potentialAction":[{"@type":"ReadAction","target":["https:\/\/www.organisator.ch\/marketing\/2025-04-24\/felix-adank-tritt-als-managing-partner-von-consign-zurueck\/"]}]},{"@type":"ImageObject","inLanguage":"fr-FR","@id":"https:\/\/www.organisator.ch\/marketing\/2025-04-24\/felix-adank-tritt-als-managing-partner-von-consign-zurueck\/#primaryimage","url":"https:\/\/www.markt-kom.com\/wp-content\/uploads\/2025\/04\/consign-Felix-Adank.jpg","contentUrl":"https:\/\/www.markt-kom.com\/wp-content\/uploads\/2025\/04\/consign-Felix-Adank.jpg"},{"@type":"BreadcrumbList","@id":"https:\/\/www.organisator.ch\/marketing\/2025-04-24\/felix-adank-tritt-als-managing-partner-von-consign-zurueck\/#breadcrumb","itemListElement":[{"@type":"ListItem","position":1,"name":"Home","item":"https:\/\/www.organisator.ch\/"},{"@type":"ListItem","position":2,"name":"Felix Adank tritt als Managing Partner von Consign zur\u00fcck"}]},{"@type":"WebSite","@id":"https:\/\/www.organisator.ch\/#website","url":"https:\/\/www.organisator.ch\/","name":"Organisateur","description":"Comp\u00e9tence et comp\u00e9tence. Proches de la pratique. L'ORGANISATEUR pr\u00e9pare 10 num\u00e9ros par an sur les th\u00e8mes essentiels pour les dirigeants de PME.","publisher":{"@id":"https:\/\/www.organisator.ch\/#organization"},"potentialAction":[{"@type":"SearchAction","target":{"@type":"EntryPoint","urlTemplate":"https:\/\/www.organisator.ch\/?s={search_term_string}"},"query-input":{"@type":"PropertyValueSpecification","valueRequired":true,"valueName":"search_term_string"}}],"inLanguage":"fr-FR"},{"@type":"Organization","@id":"https:\/\/www.organisator.ch\/#organization","name":"Organisateur","url":"https:\/\/www.organisator.ch\/","logo":{"@type":"ImageObject","inLanguage":"fr-FR","@id":"https:\/\/www.organisator.ch\/#\/schema\/logo\/image\/","url":"https:\/\/www.organisator.ch\/wp-content\/uploads\/2022\/01\/Logo_Organisator_Website.png","contentUrl":"https:\/\/www.organisator.ch\/wp-content\/uploads\/2022\/01\/Logo_Organisator_Website.png","width":800,"height":77,"caption":"Organisator"},"image":{"@id":"https:\/\/www.organisator.ch\/#\/schema\/logo\/image\/"},"sameAs":["https:\/\/www.facebook.com\/OrganisatorFachmagazin","https:\/\/www.linkedin.com\/showcase\/organisator-das-magazin-fr-kmu","https:\/\/www.xing.com\/news\/pages\/organisator-ch-695","https:\/\/www.youtube.com\/channel\/UCGP2Sq0iWaZwT3BdIAQFYpw"]},{"@type":"Person","@id":"https:\/\/www.organisator.ch\/#\/schema\/person\/4e51799071cd2dd1232ac003643ef5f0","name":"galledia","image":{"@type":"ImageObject","inLanguage":"fr-FR","@id":"https:\/\/secure.gravatar.com\/avatar\/78a7f90c01fc2bfc875782a0d4922b37cde2cf184ce347b91316d23cd7f69a36?s=96&d=mm&r=g","url":"https:\/\/secure.gravatar.com\/avatar\/78a7f90c01fc2bfc875782a0d4922b37cde2cf184ce347b91316d23cd7f69a36?s=96&d=mm&r=g","contentUrl":"https:\/\/secure.gravatar.com\/avatar\/78a7f90c01fc2bfc875782a0d4922b37cde2cf184ce347b91316d23cd7f69a36?s=96&d=mm&r=g","caption":"galledia"},"sameAs":["https:\/\/x.com\/admin"],"url":"https:\/\/www.organisator.ch\/fr\/author\/galledia\/"}]}},"_links":{"self":[{"href":"https:\/\/www.organisator.ch\/fr\/wp-json\/wp\/v2\/posts\/37962","targetHints":{"allow":["GET"]}}],"collection":[{"href":"https:\/\/www.organisator.ch\/fr\/wp-json\/wp\/v2\/posts"}],"about":[{"href":"https:\/\/www.organisator.ch\/fr\/wp-json\/wp\/v2\/types\/post"}],"author":[{"embeddable":true,"href":"https:\/\/www.organisator.ch\/fr\/wp-json\/wp\/v2\/users\/8"}],"replies":[{"embeddable":true,"href":"https:\/\/www.organisator.ch\/fr\/wp-json\/wp\/v2\/comments?post=37962"}],"version-history":[{"count":2,"href":"https:\/\/www.organisator.ch\/fr\/wp-json\/wp\/v2\/posts\/37962\/revisions"}],"predecessor-version":[{"id":37977,"href":"https:\/\/www.organisator.ch\/fr\/wp-json\/wp\/v2\/posts\/37962\/revisions\/37977"}],"wp:attachment":[{"href":"https:\/\/www.organisator.ch\/fr\/wp-json\/wp\/v2\/media?parent=37962"}],"wp:term":[{"taxonomy":"category","embeddable":true,"href":"https:\/\/www.organisator.ch\/fr\/wp-json\/wp\/v2\/categories?post=37962"},{"taxonomy":"post_tag","embeddable":true,"href":"https:\/\/www.organisator.ch\/fr\/wp-json\/wp\/v2\/tags?post=37962"}],"curies":[{"name":"wp","href":"https:\/\/api.w.org\/{rel}","templated":true}]}}