{"id":3800,"date":"2021-02-09T08:00:27","date_gmt":"2021-02-09T07:00:27","guid":{"rendered":"https:\/\/www.umweltperspektiven.ch\/?p=3800"},"modified":"2022-02-09T11:05:31","modified_gmt":"2022-02-09T10:05:31","slug":"covid-19-masken-revolutionieren-strassenbau","status":"publish","type":"post","link":"https:\/\/www.organisator.ch\/fr\/sustainability\/2021-02-09\/covid-19-masken-revolutionieren-strassenbau\/","title":{"rendered":"Anciens masques Covid pour la construction de routes"},"content":{"rendered":"<figure id=\"attachment_3801\" aria-describedby=\"caption-attachment-3801\" style=\"width: 680px\" class=\"wp-caption aligncenter\"><img loading=\"lazy\" decoding=\"async\" class=\"size-medium wp-image-3801\" src=\"\/\/www.umweltperspektiven.ch\/wp-content\/uploads\/2021\/02\/Depositphotos_38109265_s-2019.jpg\" alt=\"\" width=\"680\" height=\"454\" \/><figcaption id=\"caption-attachment-3801\" class=\"wp-caption-text\">Depositphotos, wabeno<\/figcaption><\/figure>\n<p>Les chercheurs de la <a href=\"\/\/rmit.edu.au\">Universit\u00e9 de RMIT<\/a>\u00a0utilisent les masques de protection devenus inutiles pour le confinement du Covid-19 sous forme d\u00e9chiquet\u00e9e pour la fondation des routes. L'ing\u00e9nieur en g\u00e9otechnique Mohammad Saberian et son \u00e9quipe d\u00e9coupent les masques en bandes d'environ deux centim\u00e8tres de long qu'ils ajoutent aux mat\u00e9riaux de construction routi\u00e8re, g\u00e9n\u00e9ralement des gravats. Pour un kilom\u00e8tre de route \u00e0 deux voies, il leur faut environ trois millions de masques, d'un poids total de 83 tonnes.<strong>\u00a0<\/strong><\/p>\n<p><strong>Une partie de masques, 99 parties de d\u00e9bris<\/strong><\/p>\n<p>L'ajout de bandes de masques ne r\u00e9duit pas seulement les quantit\u00e9s de d\u00e9chets. Elle am\u00e9liore \u00e9galement les propri\u00e9t\u00e9s du mat\u00e9riau. Il devient plus r\u00e9sistant aux acides et \u00e0 l'eau, plus rigide et plus solide, de sorte que les routes construites avec ce mat\u00e9riau r\u00e9sistent mieux aux charges. Un m\u00e9lange d'une partie de bande de masquage pour 99 parties de gravats s'est av\u00e9r\u00e9 optimal.<\/p>\n<p>M\u00eame s'il est peu probable que les virus \u00e9ventuellement laiss\u00e9s sur les masques soient encore dangereux apr\u00e8s quelques jours (ils meurent normalement apr\u00e8s quelques heures s'ils ne p\u00e9n\u00e8trent pas dans un corps), Saberian sugg\u00e8re d'\u00e9tudier l'impact environnemental de l'utilisation des restes de masques. Pour s'en assurer, on pourrait aussi d\u00e9sinfecter les masques usag\u00e9s avec des micro-ondes. Cela ne prend que quelques minutes.<strong>\u00a0<\/strong><\/p>\n<p><strong>B\u00e9ton avec une bande de masque<\/strong><\/p>\n<p>\"Nous sommes ravis de constater que ce recyclage des masques ne fonctionne pas seulement, mais qu'il pr\u00e9sente \u00e9galement de r\u00e9els avantages techniques\", explique M. Saberian. Il veut maintenant savoir si d'autres \u00e9l\u00e9ments de l'\u00e9quipement de protection individuelle utilis\u00e9 par le personnel m\u00e9dical peuvent \u00eatre utilis\u00e9s de la m\u00eame mani\u00e8re, comme les blouses qui sont actuellement mises au rebut. Une autre possibilit\u00e9 d'utiliser les masques usag\u00e9s est de les int\u00e9grer dans le b\u00e9ton. Les scientifiques affirment avoir d\u00e9j\u00e0 fabriqu\u00e9 des \u00e9l\u00e9ments de construction \u00e0 partir de ce mat\u00e9riau.<em>\u00a0<\/em><\/p>\n<p><em>Source : <a href=\"\/\/www.pressetext.com\">pressetext.redaktion<\/a><\/em><\/p>\n<p>&nbsp;<\/p>","protected":false},"excerpt":{"rendered":"<p>Forscher der RMIT University\u00a0verwenden die zur Covid-19-Eind\u00e4mmung nicht mehr ben\u00f6tigten Schutzmasken in geschredderter Form f\u00fcr den Unterbau von Strassen. Geotechnik-Ingenieur Mohammad Saberian und sein Team zerschneiden die Masken in etwa zwei Zentimeter lange Streifen, die sie dem Strassenbaumaterial \u2013 meist Bauschutt \u2013 beigeben. F\u00fcr einen Kilometer einer zweispurigen Strasse ben\u00f6tigen sie etwa drei Millionen Masken, [&hellip;]<\/p>\n","protected":false},"author":6,"featured_media":9762,"comment_status":"closed","ping_status":"closed","sticky":false,"template":"","format":"standard","meta":{"_acf_changed":false,"_yoast_wpseo_focuskw":"Covid-19-Masken","_yoast_wpseo_metadesc":"Geschreddert k\u00f6nnen Covid-19-Masken dem Unterbaumaterial von Strassen beigemischt werden. Einen entsprechenden Praxistest hat eine Universit\u00e4t gemacht.","articlekey":"","footnotes":""},"categories":[580],"tags":[955,1666,2210],"class_list":["post-3800","post","type-post","status-publish","format-standard","has-post-thumbnail","hentry","category-sustainability","tag-covid-19-maske","tag-masken-rezyklieren","tag-strassenbau"],"acf":[],"yoast_head":"<!-- This site is optimized with the Yoast SEO plugin v27.5 - https:\/\/yoast.com\/product\/yoast-seo-wordpress\/ -->\n<title>Alte Covid-Masken f\u00fcr den Strassenbau - Organisator<\/title>\n<meta name=\"description\" content=\"Geschreddert k\u00f6nnen Covid-19-Masken dem Unterbaumaterial von Strassen beigemischt werden. Einen entsprechenden Praxistest hat eine Universit\u00e4t gemacht.\" \/>\n<meta name=\"robots\" content=\"index, follow, max-snippet:-1, max-image-preview:large, max-video-preview:-1\" \/>\n<link rel=\"canonical\" href=\"https:\/\/www.organisator.ch\/fr\/sustainability\/2021-02-09\/covid-19-masken-revolutionieren-strassenbau\/\" \/>\n<meta property=\"og:locale\" content=\"fr_FR\" \/>\n<meta property=\"og:type\" content=\"article\" \/>\n<meta property=\"og:title\" content=\"Alte Covid-Masken f\u00fcr den Strassenbau - Organisator\" \/>\n<meta property=\"og:description\" content=\"Geschreddert k\u00f6nnen Covid-19-Masken dem Unterbaumaterial von Strassen beigemischt werden. Einen entsprechenden Praxistest hat eine Universit\u00e4t gemacht.\" \/>\n<meta property=\"og:url\" content=\"https:\/\/www.organisator.ch\/fr\/sustainability\/2021-02-09\/covid-19-masken-revolutionieren-strassenbau\/\" \/>\n<meta property=\"og:site_name\" content=\"Organisator\" \/>\n<meta property=\"article:publisher\" content=\"https:\/\/www.facebook.com\/OrganisatorFachmagazin\" \/>\n<meta property=\"article:published_time\" content=\"2021-02-09T07:00:27+00:00\" \/>\n<meta property=\"article:modified_time\" content=\"2022-02-09T10:05:31+00:00\" \/>\n<meta property=\"og:image\" content=\"https:\/\/www.organisator.ch\/wp-content\/uploads\/2021\/02\/Depositphotos_38109265_s-2019.jpg\" \/>\n\t<meta property=\"og:image:width\" content=\"1000\" \/>\n\t<meta property=\"og:image:height\" content=\"667\" \/>\n\t<meta property=\"og:image:type\" content=\"image\/jpeg\" \/>\n<meta name=\"author\" content=\"roger.straessle\" \/>\n<meta name=\"twitter:card\" content=\"summary_large_image\" \/>\n<script type=\"application\/ld+json\" class=\"yoast-schema-graph\">{\"@context\":\"https:\\\/\\\/schema.org\",\"@graph\":[{\"@type\":\"Article\",\"@id\":\"https:\\\/\\\/www.organisator.ch\\\/sustainability\\\/2021-02-09\\\/covid-19-masken-revolutionieren-strassenbau\\\/#article\",\"isPartOf\":{\"@id\":\"https:\\\/\\\/www.organisator.ch\\\/sustainability\\\/2021-02-09\\\/covid-19-masken-revolutionieren-strassenbau\\\/\"},\"author\":{\"name\":\"roger.straessle\",\"@id\":\"https:\\\/\\\/www.organisator.ch\\\/#\\\/schema\\\/person\\\/a800b8c54e208b160517a7dcc323161d\"},\"headline\":\"Alte Covid-Masken f\u00fcr den Strassenbau\",\"datePublished\":\"2021-02-09T07:00:27+00:00\",\"dateModified\":\"2022-02-09T10:05:31+00:00\",\"mainEntityOfPage\":{\"@id\":\"https:\\\/\\\/www.organisator.ch\\\/sustainability\\\/2021-02-09\\\/covid-19-masken-revolutionieren-strassenbau\\\/\"},\"wordCount\":288,\"publisher\":{\"@id\":\"https:\\\/\\\/www.organisator.ch\\\/#organization\"},\"image\":{\"@id\":\"https:\\\/\\\/www.organisator.ch\\\/sustainability\\\/2021-02-09\\\/covid-19-masken-revolutionieren-strassenbau\\\/#primaryimage\"},\"thumbnailUrl\":\"https:\\\/\\\/www.organisator.ch\\\/wp-content\\\/uploads\\\/2021\\\/02\\\/Depositphotos_38109265_s-2019.jpg\",\"keywords\":[\"Covid-19-Maske\",\"Masken rezyklieren\",\"Strassenbau\"],\"articleSection\":[\"SUSTAINABILITY\"],\"inLanguage\":\"fr-FR\"},{\"@type\":\"WebPage\",\"@id\":\"https:\\\/\\\/www.organisator.ch\\\/sustainability\\\/2021-02-09\\\/covid-19-masken-revolutionieren-strassenbau\\\/\",\"url\":\"https:\\\/\\\/www.organisator.ch\\\/sustainability\\\/2021-02-09\\\/covid-19-masken-revolutionieren-strassenbau\\\/\",\"name\":\"Alte Covid-Masken f\u00fcr den Strassenbau - Organisator\",\"isPartOf\":{\"@id\":\"https:\\\/\\\/www.organisator.ch\\\/#website\"},\"primaryImageOfPage\":{\"@id\":\"https:\\\/\\\/www.organisator.ch\\\/sustainability\\\/2021-02-09\\\/covid-19-masken-revolutionieren-strassenbau\\\/#primaryimage\"},\"image\":{\"@id\":\"https:\\\/\\\/www.organisator.ch\\\/sustainability\\\/2021-02-09\\\/covid-19-masken-revolutionieren-strassenbau\\\/#primaryimage\"},\"thumbnailUrl\":\"https:\\\/\\\/www.organisator.ch\\\/wp-content\\\/uploads\\\/2021\\\/02\\\/Depositphotos_38109265_s-2019.jpg\",\"datePublished\":\"2021-02-09T07:00:27+00:00\",\"dateModified\":\"2022-02-09T10:05:31+00:00\",\"description\":\"Geschreddert k\u00f6nnen Covid-19-Masken dem Unterbaumaterial von Strassen beigemischt werden. Einen entsprechenden Praxistest hat eine Universit\u00e4t gemacht.\",\"breadcrumb\":{\"@id\":\"https:\\\/\\\/www.organisator.ch\\\/sustainability\\\/2021-02-09\\\/covid-19-masken-revolutionieren-strassenbau\\\/#breadcrumb\"},\"inLanguage\":\"fr-FR\",\"potentialAction\":[{\"@type\":\"ReadAction\",\"target\":[\"https:\\\/\\\/www.organisator.ch\\\/sustainability\\\/2021-02-09\\\/covid-19-masken-revolutionieren-strassenbau\\\/\"]}]},{\"@type\":\"ImageObject\",\"inLanguage\":\"fr-FR\",\"@id\":\"https:\\\/\\\/www.organisator.ch\\\/sustainability\\\/2021-02-09\\\/covid-19-masken-revolutionieren-strassenbau\\\/#primaryimage\",\"url\":\"https:\\\/\\\/www.organisator.ch\\\/wp-content\\\/uploads\\\/2021\\\/02\\\/Depositphotos_38109265_s-2019.jpg\",\"contentUrl\":\"https:\\\/\\\/www.organisator.ch\\\/wp-content\\\/uploads\\\/2021\\\/02\\\/Depositphotos_38109265_s-2019.jpg\",\"width\":1000,\"height\":667,\"caption\":\"\u00a9 Depositphotos, wabeno\"},{\"@type\":\"BreadcrumbList\",\"@id\":\"https:\\\/\\\/www.organisator.ch\\\/sustainability\\\/2021-02-09\\\/covid-19-masken-revolutionieren-strassenbau\\\/#breadcrumb\",\"itemListElement\":[{\"@type\":\"ListItem\",\"position\":1,\"name\":\"Home\",\"item\":\"https:\\\/\\\/www.organisator.ch\\\/\"},{\"@type\":\"ListItem\",\"position\":2,\"name\":\"Alte Covid-Masken f\u00fcr den Strassenbau\"}]},{\"@type\":\"WebSite\",\"@id\":\"https:\\\/\\\/www.organisator.ch\\\/#website\",\"url\":\"https:\\\/\\\/www.organisator.ch\\\/\",\"name\":\"Organisator\",\"description\":\"Kompetent. Praxisnah. Der ORGANISATOR bereitet in 10 Ausgaben pro Jahr die wesentlichen Themen f\u00fcr F\u00fchrungskr\u00e4fte von KMU auf.\",\"publisher\":{\"@id\":\"https:\\\/\\\/www.organisator.ch\\\/#organization\"},\"potentialAction\":[{\"@type\":\"SearchAction\",\"target\":{\"@type\":\"EntryPoint\",\"urlTemplate\":\"https:\\\/\\\/www.organisator.ch\\\/?s={search_term_string}\"},\"query-input\":{\"@type\":\"PropertyValueSpecification\",\"valueRequired\":true,\"valueName\":\"search_term_string\"}}],\"inLanguage\":\"fr-FR\"},{\"@type\":\"Organization\",\"@id\":\"https:\\\/\\\/www.organisator.ch\\\/#organization\",\"name\":\"Organisator\",\"url\":\"https:\\\/\\\/www.organisator.ch\\\/\",\"logo\":{\"@type\":\"ImageObject\",\"inLanguage\":\"fr-FR\",\"@id\":\"https:\\\/\\\/www.organisator.ch\\\/#\\\/schema\\\/logo\\\/image\\\/\",\"url\":\"https:\\\/\\\/www.organisator.ch\\\/wp-content\\\/uploads\\\/2022\\\/01\\\/Logo_Organisator_Website.png\",\"contentUrl\":\"https:\\\/\\\/www.organisator.ch\\\/wp-content\\\/uploads\\\/2022\\\/01\\\/Logo_Organisator_Website.png\",\"width\":800,\"height\":77,\"caption\":\"Organisator\"},\"image\":{\"@id\":\"https:\\\/\\\/www.organisator.ch\\\/#\\\/schema\\\/logo\\\/image\\\/\"},\"sameAs\":[\"https:\\\/\\\/www.facebook.com\\\/OrganisatorFachmagazin\",\"https:\\\/\\\/www.linkedin.com\\\/showcase\\\/organisator-das-magazin-fr-kmu\",\"https:\\\/\\\/www.xing.com\\\/news\\\/pages\\\/organisator-ch-695\",\"https:\\\/\\\/www.youtube.com\\\/channel\\\/UCGP2Sq0iWaZwT3BdIAQFYpw\"]},{\"@type\":\"Person\",\"@id\":\"https:\\\/\\\/www.organisator.ch\\\/#\\\/schema\\\/person\\\/a800b8c54e208b160517a7dcc323161d\",\"name\":\"roger.straessle\",\"image\":{\"@type\":\"ImageObject\",\"inLanguage\":\"fr-FR\",\"@id\":\"https:\\\/\\\/secure.gravatar.com\\\/avatar\\\/?s=96&d=mm&r=g\",\"url\":\"https:\\\/\\\/secure.gravatar.com\\\/avatar\\\/?s=96&d=mm&r=g\",\"contentUrl\":\"https:\\\/\\\/secure.gravatar.com\\\/avatar\\\/?s=96&d=mm&r=g\",\"caption\":\"roger.straessle\"},\"url\":\"https:\\\/\\\/www.organisator.ch\\\/fr\\\/author\\\/roger-straessle\\\/\"}]}<\/script>\n<!-- \/ Yoast SEO plugin. -->","yoast_head_json":{"title":"Anciens masques Covid pour la construction de routes - Organisateur","description":"Une fois d\u00e9chiquet\u00e9s, les masques Covid-19 peuvent \u00eatre m\u00e9lang\u00e9s aux mat\u00e9riaux de construction des routes. Une universit\u00e9 a r\u00e9alis\u00e9 un test pratique dans ce sens.","robots":{"index":"index","follow":"follow","max-snippet":"max-snippet:-1","max-image-preview":"max-image-preview:large","max-video-preview":"max-video-preview:-1"},"canonical":"https:\/\/www.organisator.ch\/fr\/sustainability\/2021-02-09\/covid-19-masken-revolutionieren-strassenbau\/","og_locale":"fr_FR","og_type":"article","og_title":"Alte Covid-Masken f\u00fcr den Strassenbau - Organisator","og_description":"Geschreddert k\u00f6nnen Covid-19-Masken dem Unterbaumaterial von Strassen beigemischt werden. Einen entsprechenden Praxistest hat eine Universit\u00e4t gemacht.","og_url":"https:\/\/www.organisator.ch\/fr\/sustainability\/2021-02-09\/covid-19-masken-revolutionieren-strassenbau\/","og_site_name":"Organisator","article_publisher":"https:\/\/www.facebook.com\/OrganisatorFachmagazin","article_published_time":"2021-02-09T07:00:27+00:00","article_modified_time":"2022-02-09T10:05:31+00:00","og_image":[{"width":1000,"height":667,"url":"https:\/\/www.organisator.ch\/wp-content\/uploads\/2021\/02\/Depositphotos_38109265_s-2019.jpg","type":"image\/jpeg"}],"author":"roger.straessle","twitter_card":"summary_large_image","schema":{"@context":"https:\/\/schema.org","@graph":[{"@type":"Article","@id":"https:\/\/www.organisator.ch\/sustainability\/2021-02-09\/covid-19-masken-revolutionieren-strassenbau\/#article","isPartOf":{"@id":"https:\/\/www.organisator.ch\/sustainability\/2021-02-09\/covid-19-masken-revolutionieren-strassenbau\/"},"author":{"name":"roger.straessle","@id":"https:\/\/www.organisator.ch\/#\/schema\/person\/a800b8c54e208b160517a7dcc323161d"},"headline":"Alte Covid-Masken f\u00fcr den Strassenbau","datePublished":"2021-02-09T07:00:27+00:00","dateModified":"2022-02-09T10:05:31+00:00","mainEntityOfPage":{"@id":"https:\/\/www.organisator.ch\/sustainability\/2021-02-09\/covid-19-masken-revolutionieren-strassenbau\/"},"wordCount":288,"publisher":{"@id":"https:\/\/www.organisator.ch\/#organization"},"image":{"@id":"https:\/\/www.organisator.ch\/sustainability\/2021-02-09\/covid-19-masken-revolutionieren-strassenbau\/#primaryimage"},"thumbnailUrl":"https:\/\/www.organisator.ch\/wp-content\/uploads\/2021\/02\/Depositphotos_38109265_s-2019.jpg","keywords":["Covid-19-Maske","Masken rezyklieren","Strassenbau"],"articleSection":["SUSTAINABILITY"],"inLanguage":"fr-FR"},{"@type":"WebPage","@id":"https:\/\/www.organisator.ch\/sustainability\/2021-02-09\/covid-19-masken-revolutionieren-strassenbau\/","url":"https:\/\/www.organisator.ch\/sustainability\/2021-02-09\/covid-19-masken-revolutionieren-strassenbau\/","name":"Anciens masques Covid pour la construction de routes - Organisateur","isPartOf":{"@id":"https:\/\/www.organisator.ch\/#website"},"primaryImageOfPage":{"@id":"https:\/\/www.organisator.ch\/sustainability\/2021-02-09\/covid-19-masken-revolutionieren-strassenbau\/#primaryimage"},"image":{"@id":"https:\/\/www.organisator.ch\/sustainability\/2021-02-09\/covid-19-masken-revolutionieren-strassenbau\/#primaryimage"},"thumbnailUrl":"https:\/\/www.organisator.ch\/wp-content\/uploads\/2021\/02\/Depositphotos_38109265_s-2019.jpg","datePublished":"2021-02-09T07:00:27+00:00","dateModified":"2022-02-09T10:05:31+00:00","description":"Une fois d\u00e9chiquet\u00e9s, les masques Covid-19 peuvent \u00eatre m\u00e9lang\u00e9s aux mat\u00e9riaux de construction des routes. Une universit\u00e9 a r\u00e9alis\u00e9 un test pratique dans ce sens.","breadcrumb":{"@id":"https:\/\/www.organisator.ch\/sustainability\/2021-02-09\/covid-19-masken-revolutionieren-strassenbau\/#breadcrumb"},"inLanguage":"fr-FR","potentialAction":[{"@type":"ReadAction","target":["https:\/\/www.organisator.ch\/sustainability\/2021-02-09\/covid-19-masken-revolutionieren-strassenbau\/"]}]},{"@type":"ImageObject","inLanguage":"fr-FR","@id":"https:\/\/www.organisator.ch\/sustainability\/2021-02-09\/covid-19-masken-revolutionieren-strassenbau\/#primaryimage","url":"https:\/\/www.organisator.ch\/wp-content\/uploads\/2021\/02\/Depositphotos_38109265_s-2019.jpg","contentUrl":"https:\/\/www.organisator.ch\/wp-content\/uploads\/2021\/02\/Depositphotos_38109265_s-2019.jpg","width":1000,"height":667,"caption":"\u00a9 Depositphotos, wabeno"},{"@type":"BreadcrumbList","@id":"https:\/\/www.organisator.ch\/sustainability\/2021-02-09\/covid-19-masken-revolutionieren-strassenbau\/#breadcrumb","itemListElement":[{"@type":"ListItem","position":1,"name":"Home","item":"https:\/\/www.organisator.ch\/"},{"@type":"ListItem","position":2,"name":"Alte Covid-Masken f\u00fcr den Strassenbau"}]},{"@type":"WebSite","@id":"https:\/\/www.organisator.ch\/#website","url":"https:\/\/www.organisator.ch\/","name":"Organisateur","description":"Comp\u00e9tence et comp\u00e9tence. Proches de la pratique. L'ORGANISATEUR pr\u00e9pare 10 num\u00e9ros par an sur les th\u00e8mes essentiels pour les dirigeants de PME.","publisher":{"@id":"https:\/\/www.organisator.ch\/#organization"},"potentialAction":[{"@type":"SearchAction","target":{"@type":"EntryPoint","urlTemplate":"https:\/\/www.organisator.ch\/?s={search_term_string}"},"query-input":{"@type":"PropertyValueSpecification","valueRequired":true,"valueName":"search_term_string"}}],"inLanguage":"fr-FR"},{"@type":"Organization","@id":"https:\/\/www.organisator.ch\/#organization","name":"Organisateur","url":"https:\/\/www.organisator.ch\/","logo":{"@type":"ImageObject","inLanguage":"fr-FR","@id":"https:\/\/www.organisator.ch\/#\/schema\/logo\/image\/","url":"https:\/\/www.organisator.ch\/wp-content\/uploads\/2022\/01\/Logo_Organisator_Website.png","contentUrl":"https:\/\/www.organisator.ch\/wp-content\/uploads\/2022\/01\/Logo_Organisator_Website.png","width":800,"height":77,"caption":"Organisator"},"image":{"@id":"https:\/\/www.organisator.ch\/#\/schema\/logo\/image\/"},"sameAs":["https:\/\/www.facebook.com\/OrganisatorFachmagazin","https:\/\/www.linkedin.com\/showcase\/organisator-das-magazin-fr-kmu","https:\/\/www.xing.com\/news\/pages\/organisator-ch-695","https:\/\/www.youtube.com\/channel\/UCGP2Sq0iWaZwT3BdIAQFYpw"]},{"@type":"Person","@id":"https:\/\/www.organisator.ch\/#\/schema\/person\/a800b8c54e208b160517a7dcc323161d","name":"roger.straessle","image":{"@type":"ImageObject","inLanguage":"fr-FR","@id":"https:\/\/secure.gravatar.com\/avatar\/?s=96&d=mm&r=g","url":"https:\/\/secure.gravatar.com\/avatar\/?s=96&d=mm&r=g","contentUrl":"https:\/\/secure.gravatar.com\/avatar\/?s=96&d=mm&r=g","caption":"roger.straessle"},"url":"https:\/\/www.organisator.ch\/fr\/author\/roger-straessle\/"}]}},"_links":{"self":[{"href":"https:\/\/www.organisator.ch\/fr\/wp-json\/wp\/v2\/posts\/3800","targetHints":{"allow":["GET"]}}],"collection":[{"href":"https:\/\/www.organisator.ch\/fr\/wp-json\/wp\/v2\/posts"}],"about":[{"href":"https:\/\/www.organisator.ch\/fr\/wp-json\/wp\/v2\/types\/post"}],"author":[{"embeddable":true,"href":"https:\/\/www.organisator.ch\/fr\/wp-json\/wp\/v2\/users\/6"}],"replies":[{"embeddable":true,"href":"https:\/\/www.organisator.ch\/fr\/wp-json\/wp\/v2\/comments?post=3800"}],"version-history":[{"count":1,"href":"https:\/\/www.organisator.ch\/fr\/wp-json\/wp\/v2\/posts\/3800\/revisions"}],"predecessor-version":[{"id":10377,"href":"https:\/\/www.organisator.ch\/fr\/wp-json\/wp\/v2\/posts\/3800\/revisions\/10377"}],"wp:featuredmedia":[{"embeddable":true,"href":"https:\/\/www.organisator.ch\/fr\/wp-json\/wp\/v2\/media\/9762"}],"wp:attachment":[{"href":"https:\/\/www.organisator.ch\/fr\/wp-json\/wp\/v2\/media?parent=3800"}],"wp:term":[{"taxonomy":"category","embeddable":true,"href":"https:\/\/www.organisator.ch\/fr\/wp-json\/wp\/v2\/categories?post=3800"},{"taxonomy":"post_tag","embeddable":true,"href":"https:\/\/www.organisator.ch\/fr\/wp-json\/wp\/v2\/tags?post=3800"}],"curies":[{"name":"wp","href":"https:\/\/api.w.org\/{rel}","templated":true}]}}