{"id":38023,"date":"2025-04-28T10:54:25","date_gmt":"2025-04-28T08:54:25","guid":{"rendered":"https:\/\/www.organisator.ch\/?p=38023"},"modified":"2025-04-28T10:54:25","modified_gmt":"2025-04-28T08:54:25","slug":"diese-lehrberufe-sind-2025-am-beliebtesten","status":"publish","type":"post","link":"https:\/\/www.organisator.ch\/fr\/weiterbildung\/2025-04-28\/diese-lehrberufe-sind-2025-am-beliebtesten\/","title":{"rendered":"Ces apprentissages seront les plus populaires en 2025"},"content":{"rendered":"<figure id=\"attachment_38025\" aria-describedby=\"caption-attachment-38025\" style=\"width: 680px\" class=\"wp-caption alignnone\"><img loading=\"lazy\" decoding=\"async\" class=\"size-full wp-image-38025\" src=\"https:\/\/www.organisator.ch\/wp-content\/uploads\/2025\/04\/Diese-Lehrberufe-sind-2025-am-beliebtesten-1_Organisator.jpg\" alt=\"\" width=\"680\" height=\"447\" srcset=\"https:\/\/www.organisator.ch\/wp-content\/uploads\/2025\/04\/Diese-Lehrberufe-sind-2025-am-beliebtesten-1_Organisator.jpg 680w, https:\/\/www.organisator.ch\/wp-content\/uploads\/2025\/04\/Diese-Lehrberufe-sind-2025-am-beliebtesten-1_Organisator-18x12.jpg 18w, https:\/\/www.organisator.ch\/wp-content\/uploads\/2025\/04\/Diese-Lehrberufe-sind-2025-am-beliebtesten-1_Organisator-375x247.jpg 375w, https:\/\/www.organisator.ch\/wp-content\/uploads\/2025\/04\/Diese-Lehrberufe-sind-2025-am-beliebtesten-1_Organisator-532x350.jpg 532w\" sizes=\"auto, (max-width: 680px) 100vw, 680px\" \/><figcaption id=\"caption-attachment-38025\" class=\"wp-caption-text\">Une grande partie des jeunes commence toujours un apprentissage professionnel apr\u00e8s l'\u00e9cole obligatoire. (Image : Depositphotos.com)<\/figcaption><\/figure>\n<p>L'apprentissage est tr\u00e8s important en Suisse, comme l'a montr\u00e9 le barom\u00e8tre des transitions du SBFI l'ann\u00e9e derni\u00e8re. 45% de tous les jeunes en fin de scolarit\u00e9 ont opt\u00e9 pour la formation professionnelle initiale en \u00e9t\u00e9 2024. Le portail des places d'apprentissage yousty.ch a proc\u00e9d\u00e9 \u00e0 une \u00e9valuation des m\u00e9tiers d'apprentissage les plus populaires.\u00a0<\/p>\n<h3>Les dix apprentissages les plus populaires<\/h3>\n<p>Comme le montrent les chiffres d'utilisation, les jeunes ont des pr\u00e9f\u00e9rences claires dans le choix de leur m\u00e9tier d'apprentissage. Il s'agit - r\u00e9sultant des demandes de recherche sur yousty.ch en Suisse al\u00e9manique - des professions d'apprentissage les plus souvent recherch\u00e9es par rapport \u00e0 l'ann\u00e9e pr\u00e9c\u00e9dente :<\/p>\n<p><img loading=\"lazy\" decoding=\"async\" class=\"alignnone size-full wp-image-38024\" src=\"https:\/\/www.organisator.ch\/wp-content\/uploads\/2025\/04\/Diese-Lehrberufe-sind-2025-am-beliebtesten-2_Organisator.png\" alt=\"\" width=\"680\" height=\"343\" srcset=\"https:\/\/www.organisator.ch\/wp-content\/uploads\/2025\/04\/Diese-Lehrberufe-sind-2025-am-beliebtesten-2_Organisator.png 680w, https:\/\/www.organisator.ch\/wp-content\/uploads\/2025\/04\/Diese-Lehrberufe-sind-2025-am-beliebtesten-2_Organisator-18x9.png 18w, https:\/\/www.organisator.ch\/wp-content\/uploads\/2025\/04\/Diese-Lehrberufe-sind-2025-am-beliebtesten-2_Organisator-375x189.png 375w\" sizes=\"auto, (max-width: 680px) 100vw, 680px\" \/><\/p>\n<p><em>Top 10 des m\u00e9tiers d'apprentissage en 2024 &amp; 2025 avec une popularit\u00e9 d\u00e9croissante selon les recherches sur yousty.ch (01.08.2024 - 31.03.2025)<\/em><em><br \/>\n*GvE = Concevoir des exp\u00e9riences d'achat.<\/em><\/p>\n<h3><strong>Encore beaucoup de places d'apprentissage non occup\u00e9es<\/strong><\/h3>\n<p>Le m\u00e9tier d'employ\u00e9(e) de commerce CFC reste de loin le m\u00e9tier le plus recherch\u00e9 et fait l'objet de 1,1 million de recherches (sur un total de 6,5 millions). Proportionnellement, ce sont les cantons d'AI (6.1% de moins que la moyenne suisse), de NE (-5.0%), du VS (-3.7%) et du TI (-2.6%) qui recherchent le moins de professions commerciales.<\/p>\n<p>Il est frappant de constater qu'aucun changement n'est intervenu dans le top 10 par rapport \u00e0 l'ann\u00e9e pr\u00e9c\u00e9dente. Les apprentis ayant progress\u00e9 l'ann\u00e9e pr\u00e9c\u00e9dente (ASSC, pr\u00e9parateur en pharmacie CFC) ont pu conserver leur place, tandis que les apprentis ayant r\u00e9gress\u00e9 ont \u00e9galement pu garder une position stable. Le barom\u00e8tre des transitions constate que 13% des places d'apprentissage sont rest\u00e9es ouvertes au cours de la derni\u00e8re ann\u00e9e de recrutement.<\/p>\n<p>Pour l'ann\u00e9e 2025, il y a actuellement encore 15115 (\u00e9tat : 28.04.2025) places d'apprentissage publi\u00e9es sur yousty.ch.\u00a0<\/p>\n<h3><strong>D'autres faits passionnants<\/strong><\/h3>\n<p>L'\u00e9valuation de yousty.ch montre en outre que dans le canton d'origine de la Crypto Valley (canton de Zoug), les professions d'informaticien\/ne CFC (+3.1%) et de sp\u00e9cialiste ICT (+2.4%) sont, comme l'ann\u00e9e pr\u00e9c\u00e9dente, les plus populaires en Suisse. Le m\u00e9tier d'assistant\/e socio-\u00e9ducatif\/ve CFC est proportionnellement le moins recherch\u00e9 dans les cantons de Suisse centrale (ZG, OW, LU, NW) et le plus souvent dans les cantons de Suisse occidentale (FR, VS, NE, VD).<\/p>\n<p>Autre d\u00e9tail int\u00e9ressant : les pourcentages de recherches pour le m\u00e9tier de pr\u00e9parateur en pharmacie CFC (anciennement assistant\/e en pharmacie) dans le canton de BS sont dans la moyenne suisse. En t\u00eate du classement, on trouve NE et VD, tandis que les cantons ruraux OW, UR, ZG, AI, GR, LU, NW, JU, SZ sont les moins recherch\u00e9s.<\/p>\n<p><em>Source et informations compl\u00e9mentaires : <a href=\"http:\/\/www.yousty.ch\">www.yousty.ch<\/a><\/em><\/p>","protected":false},"excerpt":{"rendered":"<p>Une \u00e9valuation des apprentissages les plus populaires en 2025 le montre : L'apprentissage de commerce ne peut pas \u00eatre \u00e9vinc\u00e9 de la t\u00eate du classement. Les m\u00e9tiers de l'informatique et du commerce de d\u00e9tail le suivent toutefois de pr\u00e8s. Par rapport \u00e0 l'ann\u00e9e pr\u00e9c\u00e9dente, il n'y a toutefois pas eu de changement dans les dix apprentissages professionnels les plus populaires. <\/p>","protected":false},"author":4,"featured_media":38025,"comment_status":"closed","ping_status":"closed","sticky":false,"template":"","format":"standard","meta":{"_acf_changed":false,"_yoast_wpseo_focuskw":"Lehrberufe","_yoast_wpseo_metadesc":"Eine Auswertung der beliebtesten Lehrberufe im 2025 zeigt: Die kaufm\u00e4nnische Lehre ist nicht von der Spitze zu verdr\u00e4ngen.","articlekey":"","footnotes":""},"categories":[30],"tags":[4101,4379,407],"class_list":["post-38023","post","type-post","status-publish","format-standard","has-post-thumbnail","hentry","category-weiterbildung","tag-aus-und-weiterbildung","tag-lehrberufe","tag-recruiting"],"acf":[],"yoast_head":"<!-- This site is optimized with the Yoast SEO plugin v27.4 - https:\/\/yoast.com\/product\/yoast-seo-wordpress\/ -->\n<title>Diese Lehrberufe sind 2025 am beliebtesten - Organisator<\/title>\n<meta name=\"description\" content=\"Eine Auswertung der beliebtesten Lehrberufe im 2025 zeigt: Die kaufm\u00e4nnische Lehre ist nicht von der Spitze zu verdr\u00e4ngen.\" \/>\n<meta name=\"robots\" content=\"index, follow, max-snippet:-1, max-image-preview:large, max-video-preview:-1\" \/>\n<link rel=\"canonical\" href=\"https:\/\/www.organisator.ch\/fr\/formation-continue-2\/2025-04-28\/diese-lehrberufe-sind-2025-am-beliebtesten\/\" \/>\n<meta property=\"og:locale\" content=\"fr_FR\" \/>\n<meta property=\"og:type\" content=\"article\" \/>\n<meta property=\"og:title\" content=\"Diese Lehrberufe sind 2025 am beliebtesten\" \/>\n<meta property=\"og:description\" content=\"Eine Auswertung der beliebtesten Lehrberufe im 2025 zeigt: Die kaufm\u00e4nnische Lehre ist nicht von der Spitze zu verdr\u00e4ngen.\" \/>\n<meta property=\"og:url\" content=\"https:\/\/www.organisator.ch\/fr\/formation-continue-2\/2025-04-28\/diese-lehrberufe-sind-2025-am-beliebtesten\/\" \/>\n<meta property=\"og:site_name\" content=\"Organisator\" \/>\n<meta property=\"article:publisher\" content=\"https:\/\/www.facebook.com\/OrganisatorFachmagazin\" \/>\n<meta property=\"article:published_time\" content=\"2025-04-28T08:54:25+00:00\" \/>\n<meta property=\"og:image\" content=\"https:\/\/www.organisator.ch\/wp-content\/uploads\/2025\/04\/Diese-Lehrberufe-sind-2025-am-beliebtesten-1_Organisator.jpg\" \/>\n\t<meta property=\"og:image:width\" content=\"680\" \/>\n\t<meta property=\"og:image:height\" content=\"447\" \/>\n\t<meta property=\"og:image:type\" content=\"image\/jpeg\" \/>\n<meta name=\"author\" content=\"thomas.berner\" \/>\n<meta name=\"twitter:card\" content=\"summary_large_image\" \/>\n<meta name=\"twitter:title\" content=\"Diese #Lehrberufe sind 2025 am beliebtesten\" \/>\n<meta name=\"twitter:description\" content=\"Eine Auswertung der beliebtesten #Lehrberufe im 2025 zeigt: Die kaufm\u00e4nnische Lehre ist nicht von der Spitze zu verdr\u00e4ngen.\" \/>\n<meta name=\"twitter:image\" content=\"https:\/\/www.organisator.ch\/wp-content\/uploads\/2025\/04\/Diese-Lehrberufe-sind-2025-am-beliebtesten-1_Organisator.jpg\" \/>\n<script type=\"application\/ld+json\" class=\"yoast-schema-graph\">{\"@context\":\"https:\\\/\\\/schema.org\",\"@graph\":[{\"@type\":\"Article\",\"@id\":\"https:\\\/\\\/www.organisator.ch\\\/weiterbildung\\\/2025-04-28\\\/diese-lehrberufe-sind-2025-am-beliebtesten\\\/#article\",\"isPartOf\":{\"@id\":\"https:\\\/\\\/www.organisator.ch\\\/weiterbildung\\\/2025-04-28\\\/diese-lehrberufe-sind-2025-am-beliebtesten\\\/\"},\"author\":{\"name\":\"thomas.berner\",\"@id\":\"https:\\\/\\\/www.organisator.ch\\\/#\\\/schema\\\/person\\\/6f650f90b2842cd4c0cc334b4e36f67e\"},\"headline\":\"Diese Lehrberufe sind 2025 am beliebtesten\",\"datePublished\":\"2025-04-28T08:54:25+00:00\",\"mainEntityOfPage\":{\"@id\":\"https:\\\/\\\/www.organisator.ch\\\/weiterbildung\\\/2025-04-28\\\/diese-lehrberufe-sind-2025-am-beliebtesten\\\/\"},\"wordCount\":387,\"publisher\":{\"@id\":\"https:\\\/\\\/www.organisator.ch\\\/#organization\"},\"image\":{\"@id\":\"https:\\\/\\\/www.organisator.ch\\\/weiterbildung\\\/2025-04-28\\\/diese-lehrberufe-sind-2025-am-beliebtesten\\\/#primaryimage\"},\"thumbnailUrl\":\"https:\\\/\\\/www.organisator.ch\\\/wp-content\\\/uploads\\\/2025\\\/04\\\/Diese-Lehrberufe-sind-2025-am-beliebtesten-1_Organisator.jpg\",\"keywords\":[\"Aus- und Weiterbildung\",\"Lehrberufe\",\"Recruiting\"],\"articleSection\":[\"WEITERBILDUNG\"],\"inLanguage\":\"fr-FR\"},{\"@type\":\"WebPage\",\"@id\":\"https:\\\/\\\/www.organisator.ch\\\/weiterbildung\\\/2025-04-28\\\/diese-lehrberufe-sind-2025-am-beliebtesten\\\/\",\"url\":\"https:\\\/\\\/www.organisator.ch\\\/weiterbildung\\\/2025-04-28\\\/diese-lehrberufe-sind-2025-am-beliebtesten\\\/\",\"name\":\"Diese Lehrberufe sind 2025 am beliebtesten - Organisator\",\"isPartOf\":{\"@id\":\"https:\\\/\\\/www.organisator.ch\\\/#website\"},\"primaryImageOfPage\":{\"@id\":\"https:\\\/\\\/www.organisator.ch\\\/weiterbildung\\\/2025-04-28\\\/diese-lehrberufe-sind-2025-am-beliebtesten\\\/#primaryimage\"},\"image\":{\"@id\":\"https:\\\/\\\/www.organisator.ch\\\/weiterbildung\\\/2025-04-28\\\/diese-lehrberufe-sind-2025-am-beliebtesten\\\/#primaryimage\"},\"thumbnailUrl\":\"https:\\\/\\\/www.organisator.ch\\\/wp-content\\\/uploads\\\/2025\\\/04\\\/Diese-Lehrberufe-sind-2025-am-beliebtesten-1_Organisator.jpg\",\"datePublished\":\"2025-04-28T08:54:25+00:00\",\"description\":\"Eine Auswertung der beliebtesten Lehrberufe im 2025 zeigt: Die kaufm\u00e4nnische Lehre ist nicht von der Spitze zu verdr\u00e4ngen.\",\"breadcrumb\":{\"@id\":\"https:\\\/\\\/www.organisator.ch\\\/weiterbildung\\\/2025-04-28\\\/diese-lehrberufe-sind-2025-am-beliebtesten\\\/#breadcrumb\"},\"inLanguage\":\"fr-FR\",\"potentialAction\":[{\"@type\":\"ReadAction\",\"target\":[\"https:\\\/\\\/www.organisator.ch\\\/weiterbildung\\\/2025-04-28\\\/diese-lehrberufe-sind-2025-am-beliebtesten\\\/\"]}]},{\"@type\":\"ImageObject\",\"inLanguage\":\"fr-FR\",\"@id\":\"https:\\\/\\\/www.organisator.ch\\\/weiterbildung\\\/2025-04-28\\\/diese-lehrberufe-sind-2025-am-beliebtesten\\\/#primaryimage\",\"url\":\"https:\\\/\\\/www.organisator.ch\\\/wp-content\\\/uploads\\\/2025\\\/04\\\/Diese-Lehrberufe-sind-2025-am-beliebtesten-1_Organisator.jpg\",\"contentUrl\":\"https:\\\/\\\/www.organisator.ch\\\/wp-content\\\/uploads\\\/2025\\\/04\\\/Diese-Lehrberufe-sind-2025-am-beliebtesten-1_Organisator.jpg\",\"width\":680,\"height\":447,\"caption\":\"Immer noch ein Grossteil der Jugendlichen beginnt nach der obligatorischen Schule eine Berufslehre. (Bild: Depositphotos.com)\"},{\"@type\":\"BreadcrumbList\",\"@id\":\"https:\\\/\\\/www.organisator.ch\\\/weiterbildung\\\/2025-04-28\\\/diese-lehrberufe-sind-2025-am-beliebtesten\\\/#breadcrumb\",\"itemListElement\":[{\"@type\":\"ListItem\",\"position\":1,\"name\":\"Home\",\"item\":\"https:\\\/\\\/www.organisator.ch\\\/\"},{\"@type\":\"ListItem\",\"position\":2,\"name\":\"Diese Lehrberufe sind 2025 am beliebtesten\"}]},{\"@type\":\"WebSite\",\"@id\":\"https:\\\/\\\/www.organisator.ch\\\/#website\",\"url\":\"https:\\\/\\\/www.organisator.ch\\\/\",\"name\":\"Organisator\",\"description\":\"Kompetent. Praxisnah. Der ORGANISATOR bereitet in 10 Ausgaben pro Jahr die wesentlichen Themen f\u00fcr F\u00fchrungskr\u00e4fte von KMU auf.\",\"publisher\":{\"@id\":\"https:\\\/\\\/www.organisator.ch\\\/#organization\"},\"potentialAction\":[{\"@type\":\"SearchAction\",\"target\":{\"@type\":\"EntryPoint\",\"urlTemplate\":\"https:\\\/\\\/www.organisator.ch\\\/?s={search_term_string}\"},\"query-input\":{\"@type\":\"PropertyValueSpecification\",\"valueRequired\":true,\"valueName\":\"search_term_string\"}}],\"inLanguage\":\"fr-FR\"},{\"@type\":\"Organization\",\"@id\":\"https:\\\/\\\/www.organisator.ch\\\/#organization\",\"name\":\"Organisator\",\"url\":\"https:\\\/\\\/www.organisator.ch\\\/\",\"logo\":{\"@type\":\"ImageObject\",\"inLanguage\":\"fr-FR\",\"@id\":\"https:\\\/\\\/www.organisator.ch\\\/#\\\/schema\\\/logo\\\/image\\\/\",\"url\":\"https:\\\/\\\/www.organisator.ch\\\/wp-content\\\/uploads\\\/2022\\\/01\\\/Logo_Organisator_Website.png\",\"contentUrl\":\"https:\\\/\\\/www.organisator.ch\\\/wp-content\\\/uploads\\\/2022\\\/01\\\/Logo_Organisator_Website.png\",\"width\":800,\"height\":77,\"caption\":\"Organisator\"},\"image\":{\"@id\":\"https:\\\/\\\/www.organisator.ch\\\/#\\\/schema\\\/logo\\\/image\\\/\"},\"sameAs\":[\"https:\\\/\\\/www.facebook.com\\\/OrganisatorFachmagazin\",\"https:\\\/\\\/www.linkedin.com\\\/showcase\\\/organisator-das-magazin-fr-kmu\",\"https:\\\/\\\/www.xing.com\\\/news\\\/pages\\\/organisator-ch-695\",\"https:\\\/\\\/www.youtube.com\\\/channel\\\/UCGP2Sq0iWaZwT3BdIAQFYpw\"]},{\"@type\":\"Person\",\"@id\":\"https:\\\/\\\/www.organisator.ch\\\/#\\\/schema\\\/person\\\/6f650f90b2842cd4c0cc334b4e36f67e\",\"name\":\"thomas.berner\",\"image\":{\"@type\":\"ImageObject\",\"inLanguage\":\"fr-FR\",\"@id\":\"https:\\\/\\\/secure.gravatar.com\\\/avatar\\\/ac5001d2a36cb6c6cd3e50789007ffca834b477b74a2144564522e944eabff61?s=96&d=mm&r=g\",\"url\":\"https:\\\/\\\/secure.gravatar.com\\\/avatar\\\/ac5001d2a36cb6c6cd3e50789007ffca834b477b74a2144564522e944eabff61?s=96&d=mm&r=g\",\"contentUrl\":\"https:\\\/\\\/secure.gravatar.com\\\/avatar\\\/ac5001d2a36cb6c6cd3e50789007ffca834b477b74a2144564522e944eabff61?s=96&d=mm&r=g\",\"caption\":\"thomas.berner\"},\"url\":\"https:\\\/\\\/www.organisator.ch\\\/fr\\\/author\\\/thomas-berner\\\/\"}]}<\/script>\n<!-- \/ Yoast SEO plugin. -->","yoast_head_json":{"title":"Ces apprentissages seront les plus populaires en 2025 - Organisateur","description":"Une \u00e9valuation des apprentissages les plus populaires en 2025 le montre : L'apprentissage de commerce n'est pas d\u00e9tr\u00f4n\u00e9.","robots":{"index":"index","follow":"follow","max-snippet":"max-snippet:-1","max-image-preview":"max-image-preview:large","max-video-preview":"max-video-preview:-1"},"canonical":"https:\/\/www.organisator.ch\/fr\/formation-continue-2\/2025-04-28\/diese-lehrberufe-sind-2025-am-beliebtesten\/","og_locale":"fr_FR","og_type":"article","og_title":"Diese Lehrberufe sind 2025 am beliebtesten","og_description":"Eine Auswertung der beliebtesten Lehrberufe im 2025 zeigt: Die kaufm\u00e4nnische Lehre ist nicht von der Spitze zu verdr\u00e4ngen.","og_url":"https:\/\/www.organisator.ch\/fr\/formation-continue-2\/2025-04-28\/diese-lehrberufe-sind-2025-am-beliebtesten\/","og_site_name":"Organisator","article_publisher":"https:\/\/www.facebook.com\/OrganisatorFachmagazin","article_published_time":"2025-04-28T08:54:25+00:00","og_image":[{"width":680,"height":447,"url":"https:\/\/www.organisator.ch\/wp-content\/uploads\/2025\/04\/Diese-Lehrberufe-sind-2025-am-beliebtesten-1_Organisator.jpg","type":"image\/jpeg"}],"author":"thomas.berner","twitter_card":"summary_large_image","twitter_title":"Diese #Lehrberufe sind 2025 am beliebtesten","twitter_description":"Eine Auswertung der beliebtesten #Lehrberufe im 2025 zeigt: Die kaufm\u00e4nnische Lehre ist nicht von der Spitze zu verdr\u00e4ngen.","twitter_image":"https:\/\/www.organisator.ch\/wp-content\/uploads\/2025\/04\/Diese-Lehrberufe-sind-2025-am-beliebtesten-1_Organisator.jpg","schema":{"@context":"https:\/\/schema.org","@graph":[{"@type":"Article","@id":"https:\/\/www.organisator.ch\/weiterbildung\/2025-04-28\/diese-lehrberufe-sind-2025-am-beliebtesten\/#article","isPartOf":{"@id":"https:\/\/www.organisator.ch\/weiterbildung\/2025-04-28\/diese-lehrberufe-sind-2025-am-beliebtesten\/"},"author":{"name":"thomas.berner","@id":"https:\/\/www.organisator.ch\/#\/schema\/person\/6f650f90b2842cd4c0cc334b4e36f67e"},"headline":"Diese Lehrberufe sind 2025 am beliebtesten","datePublished":"2025-04-28T08:54:25+00:00","mainEntityOfPage":{"@id":"https:\/\/www.organisator.ch\/weiterbildung\/2025-04-28\/diese-lehrberufe-sind-2025-am-beliebtesten\/"},"wordCount":387,"publisher":{"@id":"https:\/\/www.organisator.ch\/#organization"},"image":{"@id":"https:\/\/www.organisator.ch\/weiterbildung\/2025-04-28\/diese-lehrberufe-sind-2025-am-beliebtesten\/#primaryimage"},"thumbnailUrl":"https:\/\/www.organisator.ch\/wp-content\/uploads\/2025\/04\/Diese-Lehrberufe-sind-2025-am-beliebtesten-1_Organisator.jpg","keywords":["Aus- und Weiterbildung","Lehrberufe","Recruiting"],"articleSection":["WEITERBILDUNG"],"inLanguage":"fr-FR"},{"@type":"WebPage","@id":"https:\/\/www.organisator.ch\/weiterbildung\/2025-04-28\/diese-lehrberufe-sind-2025-am-beliebtesten\/","url":"https:\/\/www.organisator.ch\/weiterbildung\/2025-04-28\/diese-lehrberufe-sind-2025-am-beliebtesten\/","name":"Ces apprentissages seront les plus populaires en 2025 - Organisateur","isPartOf":{"@id":"https:\/\/www.organisator.ch\/#website"},"primaryImageOfPage":{"@id":"https:\/\/www.organisator.ch\/weiterbildung\/2025-04-28\/diese-lehrberufe-sind-2025-am-beliebtesten\/#primaryimage"},"image":{"@id":"https:\/\/www.organisator.ch\/weiterbildung\/2025-04-28\/diese-lehrberufe-sind-2025-am-beliebtesten\/#primaryimage"},"thumbnailUrl":"https:\/\/www.organisator.ch\/wp-content\/uploads\/2025\/04\/Diese-Lehrberufe-sind-2025-am-beliebtesten-1_Organisator.jpg","datePublished":"2025-04-28T08:54:25+00:00","description":"Une \u00e9valuation des apprentissages les plus populaires en 2025 le montre : L'apprentissage de commerce n'est pas d\u00e9tr\u00f4n\u00e9.","breadcrumb":{"@id":"https:\/\/www.organisator.ch\/weiterbildung\/2025-04-28\/diese-lehrberufe-sind-2025-am-beliebtesten\/#breadcrumb"},"inLanguage":"fr-FR","potentialAction":[{"@type":"ReadAction","target":["https:\/\/www.organisator.ch\/weiterbildung\/2025-04-28\/diese-lehrberufe-sind-2025-am-beliebtesten\/"]}]},{"@type":"ImageObject","inLanguage":"fr-FR","@id":"https:\/\/www.organisator.ch\/weiterbildung\/2025-04-28\/diese-lehrberufe-sind-2025-am-beliebtesten\/#primaryimage","url":"https:\/\/www.organisator.ch\/wp-content\/uploads\/2025\/04\/Diese-Lehrberufe-sind-2025-am-beliebtesten-1_Organisator.jpg","contentUrl":"https:\/\/www.organisator.ch\/wp-content\/uploads\/2025\/04\/Diese-Lehrberufe-sind-2025-am-beliebtesten-1_Organisator.jpg","width":680,"height":447,"caption":"Immer noch ein Grossteil der Jugendlichen beginnt nach der obligatorischen Schule eine Berufslehre. (Bild: Depositphotos.com)"},{"@type":"BreadcrumbList","@id":"https:\/\/www.organisator.ch\/weiterbildung\/2025-04-28\/diese-lehrberufe-sind-2025-am-beliebtesten\/#breadcrumb","itemListElement":[{"@type":"ListItem","position":1,"name":"Home","item":"https:\/\/www.organisator.ch\/"},{"@type":"ListItem","position":2,"name":"Diese Lehrberufe sind 2025 am beliebtesten"}]},{"@type":"WebSite","@id":"https:\/\/www.organisator.ch\/#website","url":"https:\/\/www.organisator.ch\/","name":"Organisateur","description":"Comp\u00e9tence et comp\u00e9tence. Proches de la pratique. L'ORGANISATEUR pr\u00e9pare 10 num\u00e9ros par an sur les th\u00e8mes essentiels pour les dirigeants de PME.","publisher":{"@id":"https:\/\/www.organisator.ch\/#organization"},"potentialAction":[{"@type":"SearchAction","target":{"@type":"EntryPoint","urlTemplate":"https:\/\/www.organisator.ch\/?s={search_term_string}"},"query-input":{"@type":"PropertyValueSpecification","valueRequired":true,"valueName":"search_term_string"}}],"inLanguage":"fr-FR"},{"@type":"Organization","@id":"https:\/\/www.organisator.ch\/#organization","name":"Organisateur","url":"https:\/\/www.organisator.ch\/","logo":{"@type":"ImageObject","inLanguage":"fr-FR","@id":"https:\/\/www.organisator.ch\/#\/schema\/logo\/image\/","url":"https:\/\/www.organisator.ch\/wp-content\/uploads\/2022\/01\/Logo_Organisator_Website.png","contentUrl":"https:\/\/www.organisator.ch\/wp-content\/uploads\/2022\/01\/Logo_Organisator_Website.png","width":800,"height":77,"caption":"Organisator"},"image":{"@id":"https:\/\/www.organisator.ch\/#\/schema\/logo\/image\/"},"sameAs":["https:\/\/www.facebook.com\/OrganisatorFachmagazin","https:\/\/www.linkedin.com\/showcase\/organisator-das-magazin-fr-kmu","https:\/\/www.xing.com\/news\/pages\/organisator-ch-695","https:\/\/www.youtube.com\/channel\/UCGP2Sq0iWaZwT3BdIAQFYpw"]},{"@type":"Person","@id":"https:\/\/www.organisator.ch\/#\/schema\/person\/6f650f90b2842cd4c0cc334b4e36f67e","name":"thomas.berner","image":{"@type":"ImageObject","inLanguage":"fr-FR","@id":"https:\/\/secure.gravatar.com\/avatar\/ac5001d2a36cb6c6cd3e50789007ffca834b477b74a2144564522e944eabff61?s=96&d=mm&r=g","url":"https:\/\/secure.gravatar.com\/avatar\/ac5001d2a36cb6c6cd3e50789007ffca834b477b74a2144564522e944eabff61?s=96&d=mm&r=g","contentUrl":"https:\/\/secure.gravatar.com\/avatar\/ac5001d2a36cb6c6cd3e50789007ffca834b477b74a2144564522e944eabff61?s=96&d=mm&r=g","caption":"thomas.berner"},"url":"https:\/\/www.organisator.ch\/fr\/author\/thomas-berner\/"}]}},"_links":{"self":[{"href":"https:\/\/www.organisator.ch\/fr\/wp-json\/wp\/v2\/posts\/38023","targetHints":{"allow":["GET"]}}],"collection":[{"href":"https:\/\/www.organisator.ch\/fr\/wp-json\/wp\/v2\/posts"}],"about":[{"href":"https:\/\/www.organisator.ch\/fr\/wp-json\/wp\/v2\/types\/post"}],"author":[{"embeddable":true,"href":"https:\/\/www.organisator.ch\/fr\/wp-json\/wp\/v2\/users\/4"}],"replies":[{"embeddable":true,"href":"https:\/\/www.organisator.ch\/fr\/wp-json\/wp\/v2\/comments?post=38023"}],"version-history":[{"count":4,"href":"https:\/\/www.organisator.ch\/fr\/wp-json\/wp\/v2\/posts\/38023\/revisions"}],"predecessor-version":[{"id":38061,"href":"https:\/\/www.organisator.ch\/fr\/wp-json\/wp\/v2\/posts\/38023\/revisions\/38061"}],"wp:featuredmedia":[{"embeddable":true,"href":"https:\/\/www.organisator.ch\/fr\/wp-json\/wp\/v2\/media\/38025"}],"wp:attachment":[{"href":"https:\/\/www.organisator.ch\/fr\/wp-json\/wp\/v2\/media?parent=38023"}],"wp:term":[{"taxonomy":"category","embeddable":true,"href":"https:\/\/www.organisator.ch\/fr\/wp-json\/wp\/v2\/categories?post=38023"},{"taxonomy":"post_tag","embeddable":true,"href":"https:\/\/www.organisator.ch\/fr\/wp-json\/wp\/v2\/tags?post=38023"}],"curies":[{"name":"wp","href":"https:\/\/api.w.org\/{rel}","templated":true}]}}