{"id":38044,"date":"2025-04-29T08:32:04","date_gmt":"2025-04-29T06:32:04","guid":{"rendered":"https:\/\/www.organisator.ch\/?p=38044"},"modified":"2025-04-29T08:32:43","modified_gmt":"2025-04-29T06:32:43","slug":"projekte-der-klimastiftung-schweiz-zeigen-wirkung","status":"publish","type":"post","link":"https:\/\/www.organisator.ch\/fr\/sustainability\/2025-04-29\/projekte-der-klimastiftung-schweiz-zeigen-wirkung\/","title":{"rendered":"Les projets de la Fondation Suisse pour le Climat portent leurs fruits"},"content":{"rendered":"<figure id=\"attachment_38045\" aria-describedby=\"caption-attachment-38045\" style=\"width: 680px\" class=\"wp-caption alignnone\"><img loading=\"lazy\" decoding=\"async\" class=\"wp-image-38045 size-full\" src=\"https:\/\/www.organisator.ch\/wp-content\/uploads\/2025\/04\/Projekte-der-Klimastiftung-Schweiz-zeigen-Wirkung-1_Organisator.jpg\" alt=\"\" width=\"680\" height=\"444\" srcset=\"https:\/\/www.organisator.ch\/wp-content\/uploads\/2025\/04\/Projekte-der-Klimastiftung-Schweiz-zeigen-Wirkung-1_Organisator.jpg 680w, https:\/\/www.organisator.ch\/wp-content\/uploads\/2025\/04\/Projekte-der-Klimastiftung-Schweiz-zeigen-Wirkung-1_Organisator-18x12.jpg 18w, https:\/\/www.organisator.ch\/wp-content\/uploads\/2025\/04\/Projekte-der-Klimastiftung-Schweiz-zeigen-Wirkung-1_Organisator-375x245.jpg 375w, https:\/\/www.organisator.ch\/wp-content\/uploads\/2025\/04\/Projekte-der-Klimastiftung-Schweiz-zeigen-Wirkung-1_Organisator-536x350.jpg 536w\" sizes=\"auto, (max-width: 680px) 100vw, 680px\" \/><figcaption id=\"caption-attachment-38045\" class=\"wp-caption-text\">Bien plus que des installations solaires : les projets soutenus par la Fondation Suisse pour le Climat sont tr\u00e8s vari\u00e9s. (Image symbolique ; Unsplash.com)<\/figcaption><\/figure>\n<p>Prot\u00e9ger le climat et renforcer les PME : Selon cette devise, la Fondation Suisse pour le Climat soutient des projets de petites et moyennes entreprises (PME) qui contribuent \u00e0 la protection du climat. Depuis sa cr\u00e9ation en 2008, la fondation a accord\u00e9 des aides \u00e0 hauteur de plus de 40 millions de francs en Suisse et dans la Principaut\u00e9 de Liechtenstein. Sur ce montant, plus de 20 millions de francs ont \u00e9t\u00e9 allou\u00e9s \u00e0 quelque 200 projets d'innovation. La Fondation Suisse pour le Climat est d'utilit\u00e9 publique et ind\u00e9pendante. Elle est plac\u00e9e sous la surveillance de la Conf\u00e9d\u00e9ration et est ouverte aux entreprises int\u00e9ress\u00e9es qui souhaitent renforcer la protection du climat en utilisant de mani\u00e8re efficace et cibl\u00e9e la redistribution de la taxe d'incitation sur le CO2.<\/p>\n<p>L'impact de tels projets n'appara\u00eet souvent qu'apr\u00e8s des ann\u00e9es. Seules les technologies r\u00e9ussies peuvent \u00e9galement \u00eatre mises \u00e0 l'\u00e9chelle. Alors que les 40% mentionn\u00e9s de projets d'innovation \u00e9tablis sur le march\u00e9 ont un impact positif sur le climat et l'\u00e9conomie, il convient de noter que pr\u00e8s d'un tiers des projets ont \u00e9t\u00e9 abandonn\u00e9s. Les raisons sont d'ordre technique, \u00e9conomique ou organisationnel. Ce sont les conclusions cl\u00e9s d'une mesure d'impact r\u00e9alis\u00e9e par la Fondation Suisse pour le Climat en 2024.\u00a0<\/p>\n<figure id=\"attachment_38046\" aria-describedby=\"caption-attachment-38046\" style=\"width: 680px\" class=\"wp-caption alignnone\"><img loading=\"lazy\" decoding=\"async\" class=\"size-full wp-image-38046\" src=\"https:\/\/www.organisator.ch\/wp-content\/uploads\/2025\/04\/Projekte-der-Klimastiftung-Schweiz-zeigen-Wirkung-2_Organisator.jpg\" alt=\"\" width=\"680\" height=\"529\" srcset=\"https:\/\/www.organisator.ch\/wp-content\/uploads\/2025\/04\/Projekte-der-Klimastiftung-Schweiz-zeigen-Wirkung-2_Organisator.jpg 680w, https:\/\/www.organisator.ch\/wp-content\/uploads\/2025\/04\/Projekte-der-Klimastiftung-Schweiz-zeigen-Wirkung-2_Organisator-15x12.jpg 15w, https:\/\/www.organisator.ch\/wp-content\/uploads\/2025\/04\/Projekte-der-Klimastiftung-Schweiz-zeigen-Wirkung-2_Organisator-375x292.jpg 375w, https:\/\/www.organisator.ch\/wp-content\/uploads\/2025\/04\/Projekte-der-Klimastiftung-Schweiz-zeigen-Wirkung-2_Organisator-450x350.jpg 450w\" sizes=\"auto, (max-width: 680px) 100vw, 680px\" \/><figcaption id=\"caption-attachment-38046\" class=\"wp-caption-text\">40% des projets soutenus sont couronn\u00e9s de succ\u00e8s sur le march\u00e9. (Graphique : Fondation Suisse pour le Climat)<\/figcaption><\/figure>\n<p>Au cours des 16 derni\u00e8res ann\u00e9es, plus de la moiti\u00e9 des projets soutenus provenaient des secteurs de la production d'\u00e9nergie, des b\u00e2timents et de la construction, ainsi que de l'alimentation et de l'agriculture. En 2024, le soutien s'est concentr\u00e9 sur les innovations climatiques dans le domaine de la production d'\u00e9nergie. Les innovations et solutions climatiques sont donc l\u00e0 pour renforcer la strat\u00e9gie \u00e9nerg\u00e9tique des sites \u00e9conomiques de la Suisse et du Liechtenstein, conclut la Fondation pour le climat.<\/p>\n<p><a href=\"http:\/\/www.klimastiftung.ch\"><em>Source et informations compl\u00e9mentaires<\/em><\/a><\/p>","protected":false},"excerpt":{"rendered":"<p>Ce que fait la Fondation Suisse pour le Climat fonctionne. 2024, la fondation a r\u00e9alis\u00e9 une mesure d'impact sur la p\u00e9riode \u00e9coul\u00e9e depuis sa cr\u00e9ation en 2008. 40% des innovations ont \u00e9t\u00e9 lanc\u00e9es avec succ\u00e8s sur le march\u00e9. C'est ce qui ressort du rapport annuel qui vient d'\u00eatre publi\u00e9. <\/p>","protected":false},"author":4,"featured_media":38045,"comment_status":"closed","ping_status":"closed","sticky":false,"template":"","format":"standard","meta":{"_acf_changed":false,"_yoast_wpseo_focuskw":"Klimastiftung Schweiz","_yoast_wpseo_metadesc":"Was die Klimastiftung Schweiz tut, funktioniert. 2024 hat die Stiftung eine Wirkungsmessung \u00fcber die Zeit seit 2008 durchgef\u00fchrt.","articlekey":"","footnotes":""},"categories":[580],"tags":[1526,358,5314],"class_list":["post-38044","post","type-post","status-publish","format-standard","has-post-thumbnail","hentry","category-sustainability","tag-klimastiftung-schweiz","tag-nachhaltige-wirtschaft","tag-projektfoerderung"],"acf":[],"yoast_head":"<!-- This site is optimized with the Yoast SEO plugin v27.5 - https:\/\/yoast.com\/product\/yoast-seo-wordpress\/ -->\n<title>Projekte der Klimastiftung Schweiz zeigen Wirkung - Organisator<\/title>\n<meta name=\"description\" content=\"Was die Klimastiftung Schweiz tut, funktioniert. 2024 hat die Stiftung eine Wirkungsmessung \u00fcber die Zeit seit 2008 durchgef\u00fchrt.\" \/>\n<meta name=\"robots\" content=\"index, follow, max-snippet:-1, max-image-preview:large, max-video-preview:-1\" \/>\n<link rel=\"canonical\" href=\"https:\/\/www.organisator.ch\/fr\/sustainability\/2025-04-29\/projekte-der-klimastiftung-schweiz-zeigen-wirkung\/\" \/>\n<meta property=\"og:locale\" content=\"fr_FR\" \/>\n<meta property=\"og:type\" content=\"article\" \/>\n<meta property=\"og:title\" content=\"Projekte der Klimastiftung Schweiz zeigen Wirkung\" \/>\n<meta property=\"og:description\" content=\"Was die Klimastiftung Schweiz tut, funktioniert. 2024 hat die Stiftung eine Wirkungsmessung \u00fcber die Zeit seit 2008 durchgef\u00fchrt.\" \/>\n<meta property=\"og:url\" content=\"https:\/\/www.organisator.ch\/fr\/sustainability\/2025-04-29\/projekte-der-klimastiftung-schweiz-zeigen-wirkung\/\" \/>\n<meta property=\"og:site_name\" content=\"Organisator\" \/>\n<meta property=\"article:publisher\" content=\"https:\/\/www.facebook.com\/OrganisatorFachmagazin\" \/>\n<meta property=\"article:published_time\" content=\"2025-04-29T06:32:04+00:00\" \/>\n<meta property=\"article:modified_time\" content=\"2025-04-29T06:32:43+00:00\" \/>\n<meta property=\"og:image\" content=\"https:\/\/www.organisator.ch\/wp-content\/uploads\/2025\/04\/Projekte-der-Klimastiftung-Schweiz-zeigen-Wirkung-1_Organisator.jpg\" \/>\n\t<meta property=\"og:image:width\" content=\"680\" \/>\n\t<meta property=\"og:image:height\" content=\"444\" \/>\n\t<meta property=\"og:image:type\" content=\"image\/jpeg\" \/>\n<meta name=\"author\" content=\"thomas.berner\" \/>\n<meta name=\"twitter:card\" content=\"summary_large_image\" \/>\n<meta name=\"twitter:title\" content=\"Projekte der #Klimastiftung Schweiz zeigen Wirkung\" \/>\n<meta name=\"twitter:description\" content=\"Was die #Klimastiftung Schweiz tut, funktioniert. 2024 hat die Stiftung eine #Wirkungsmessung \u00fcber die Zeit seit 2008 durchgef\u00fchrt.\" \/>\n<meta name=\"twitter:image\" content=\"https:\/\/www.organisator.ch\/wp-content\/uploads\/2025\/04\/Projekte-der-Klimastiftung-Schweiz-zeigen-Wirkung-1_Organisator.jpg\" \/>\n<script type=\"application\/ld+json\" class=\"yoast-schema-graph\">{\"@context\":\"https:\\\/\\\/schema.org\",\"@graph\":[{\"@type\":\"Article\",\"@id\":\"https:\\\/\\\/www.organisator.ch\\\/sustainability\\\/2025-04-29\\\/projekte-der-klimastiftung-schweiz-zeigen-wirkung\\\/#article\",\"isPartOf\":{\"@id\":\"https:\\\/\\\/www.organisator.ch\\\/sustainability\\\/2025-04-29\\\/projekte-der-klimastiftung-schweiz-zeigen-wirkung\\\/\"},\"author\":{\"name\":\"thomas.berner\",\"@id\":\"https:\\\/\\\/www.organisator.ch\\\/#\\\/schema\\\/person\\\/6f650f90b2842cd4c0cc334b4e36f67e\"},\"headline\":\"Projekte der Klimastiftung Schweiz zeigen Wirkung\",\"datePublished\":\"2025-04-29T06:32:04+00:00\",\"dateModified\":\"2025-04-29T06:32:43+00:00\",\"mainEntityOfPage\":{\"@id\":\"https:\\\/\\\/www.organisator.ch\\\/sustainability\\\/2025-04-29\\\/projekte-der-klimastiftung-schweiz-zeigen-wirkung\\\/\"},\"wordCount\":280,\"publisher\":{\"@id\":\"https:\\\/\\\/www.organisator.ch\\\/#organization\"},\"image\":{\"@id\":\"https:\\\/\\\/www.organisator.ch\\\/sustainability\\\/2025-04-29\\\/projekte-der-klimastiftung-schweiz-zeigen-wirkung\\\/#primaryimage\"},\"thumbnailUrl\":\"https:\\\/\\\/www.organisator.ch\\\/wp-content\\\/uploads\\\/2025\\\/04\\\/Projekte-der-Klimastiftung-Schweiz-zeigen-Wirkung-1_Organisator.jpg\",\"keywords\":[\"Klimastiftung Schweiz\",\"Nachhaltige Wirtschaft\",\"Projektf\u00f6rderung\"],\"articleSection\":[\"SUSTAINABILITY\"],\"inLanguage\":\"fr-FR\"},{\"@type\":\"WebPage\",\"@id\":\"https:\\\/\\\/www.organisator.ch\\\/sustainability\\\/2025-04-29\\\/projekte-der-klimastiftung-schweiz-zeigen-wirkung\\\/\",\"url\":\"https:\\\/\\\/www.organisator.ch\\\/sustainability\\\/2025-04-29\\\/projekte-der-klimastiftung-schweiz-zeigen-wirkung\\\/\",\"name\":\"Projekte der Klimastiftung Schweiz zeigen Wirkung - Organisator\",\"isPartOf\":{\"@id\":\"https:\\\/\\\/www.organisator.ch\\\/#website\"},\"primaryImageOfPage\":{\"@id\":\"https:\\\/\\\/www.organisator.ch\\\/sustainability\\\/2025-04-29\\\/projekte-der-klimastiftung-schweiz-zeigen-wirkung\\\/#primaryimage\"},\"image\":{\"@id\":\"https:\\\/\\\/www.organisator.ch\\\/sustainability\\\/2025-04-29\\\/projekte-der-klimastiftung-schweiz-zeigen-wirkung\\\/#primaryimage\"},\"thumbnailUrl\":\"https:\\\/\\\/www.organisator.ch\\\/wp-content\\\/uploads\\\/2025\\\/04\\\/Projekte-der-Klimastiftung-Schweiz-zeigen-Wirkung-1_Organisator.jpg\",\"datePublished\":\"2025-04-29T06:32:04+00:00\",\"dateModified\":\"2025-04-29T06:32:43+00:00\",\"description\":\"Was die Klimastiftung Schweiz tut, funktioniert. 2024 hat die Stiftung eine Wirkungsmessung \u00fcber die Zeit seit 2008 durchgef\u00fchrt.\",\"breadcrumb\":{\"@id\":\"https:\\\/\\\/www.organisator.ch\\\/sustainability\\\/2025-04-29\\\/projekte-der-klimastiftung-schweiz-zeigen-wirkung\\\/#breadcrumb\"},\"inLanguage\":\"fr-FR\",\"potentialAction\":[{\"@type\":\"ReadAction\",\"target\":[\"https:\\\/\\\/www.organisator.ch\\\/sustainability\\\/2025-04-29\\\/projekte-der-klimastiftung-schweiz-zeigen-wirkung\\\/\"]}]},{\"@type\":\"ImageObject\",\"inLanguage\":\"fr-FR\",\"@id\":\"https:\\\/\\\/www.organisator.ch\\\/sustainability\\\/2025-04-29\\\/projekte-der-klimastiftung-schweiz-zeigen-wirkung\\\/#primaryimage\",\"url\":\"https:\\\/\\\/www.organisator.ch\\\/wp-content\\\/uploads\\\/2025\\\/04\\\/Projekte-der-Klimastiftung-Schweiz-zeigen-Wirkung-1_Organisator.jpg\",\"contentUrl\":\"https:\\\/\\\/www.organisator.ch\\\/wp-content\\\/uploads\\\/2025\\\/04\\\/Projekte-der-Klimastiftung-Schweiz-zeigen-Wirkung-1_Organisator.jpg\",\"width\":680,\"height\":444,\"caption\":\"L\u00e4ngst nicht nur Solaranlagen: Die von der Klimastiftung Schweiz gef\u00f6rderten Projekte sind vielf\u00e4ltig. (Symbolbild; Unsplash.com)\"},{\"@type\":\"BreadcrumbList\",\"@id\":\"https:\\\/\\\/www.organisator.ch\\\/sustainability\\\/2025-04-29\\\/projekte-der-klimastiftung-schweiz-zeigen-wirkung\\\/#breadcrumb\",\"itemListElement\":[{\"@type\":\"ListItem\",\"position\":1,\"name\":\"Home\",\"item\":\"https:\\\/\\\/www.organisator.ch\\\/\"},{\"@type\":\"ListItem\",\"position\":2,\"name\":\"Projekte der Klimastiftung Schweiz zeigen Wirkung\"}]},{\"@type\":\"WebSite\",\"@id\":\"https:\\\/\\\/www.organisator.ch\\\/#website\",\"url\":\"https:\\\/\\\/www.organisator.ch\\\/\",\"name\":\"Organisator\",\"description\":\"Kompetent. Praxisnah. Der ORGANISATOR bereitet in 10 Ausgaben pro Jahr die wesentlichen Themen f\u00fcr F\u00fchrungskr\u00e4fte von KMU auf.\",\"publisher\":{\"@id\":\"https:\\\/\\\/www.organisator.ch\\\/#organization\"},\"potentialAction\":[{\"@type\":\"SearchAction\",\"target\":{\"@type\":\"EntryPoint\",\"urlTemplate\":\"https:\\\/\\\/www.organisator.ch\\\/?s={search_term_string}\"},\"query-input\":{\"@type\":\"PropertyValueSpecification\",\"valueRequired\":true,\"valueName\":\"search_term_string\"}}],\"inLanguage\":\"fr-FR\"},{\"@type\":\"Organization\",\"@id\":\"https:\\\/\\\/www.organisator.ch\\\/#organization\",\"name\":\"Organisator\",\"url\":\"https:\\\/\\\/www.organisator.ch\\\/\",\"logo\":{\"@type\":\"ImageObject\",\"inLanguage\":\"fr-FR\",\"@id\":\"https:\\\/\\\/www.organisator.ch\\\/#\\\/schema\\\/logo\\\/image\\\/\",\"url\":\"https:\\\/\\\/www.organisator.ch\\\/wp-content\\\/uploads\\\/2022\\\/01\\\/Logo_Organisator_Website.png\",\"contentUrl\":\"https:\\\/\\\/www.organisator.ch\\\/wp-content\\\/uploads\\\/2022\\\/01\\\/Logo_Organisator_Website.png\",\"width\":800,\"height\":77,\"caption\":\"Organisator\"},\"image\":{\"@id\":\"https:\\\/\\\/www.organisator.ch\\\/#\\\/schema\\\/logo\\\/image\\\/\"},\"sameAs\":[\"https:\\\/\\\/www.facebook.com\\\/OrganisatorFachmagazin\",\"https:\\\/\\\/www.linkedin.com\\\/showcase\\\/organisator-das-magazin-fr-kmu\",\"https:\\\/\\\/www.xing.com\\\/news\\\/pages\\\/organisator-ch-695\",\"https:\\\/\\\/www.youtube.com\\\/channel\\\/UCGP2Sq0iWaZwT3BdIAQFYpw\"]},{\"@type\":\"Person\",\"@id\":\"https:\\\/\\\/www.organisator.ch\\\/#\\\/schema\\\/person\\\/6f650f90b2842cd4c0cc334b4e36f67e\",\"name\":\"thomas.berner\",\"image\":{\"@type\":\"ImageObject\",\"inLanguage\":\"fr-FR\",\"@id\":\"https:\\\/\\\/secure.gravatar.com\\\/avatar\\\/ac5001d2a36cb6c6cd3e50789007ffca834b477b74a2144564522e944eabff61?s=96&d=mm&r=g\",\"url\":\"https:\\\/\\\/secure.gravatar.com\\\/avatar\\\/ac5001d2a36cb6c6cd3e50789007ffca834b477b74a2144564522e944eabff61?s=96&d=mm&r=g\",\"contentUrl\":\"https:\\\/\\\/secure.gravatar.com\\\/avatar\\\/ac5001d2a36cb6c6cd3e50789007ffca834b477b74a2144564522e944eabff61?s=96&d=mm&r=g\",\"caption\":\"thomas.berner\"},\"url\":\"https:\\\/\\\/www.organisator.ch\\\/fr\\\/author\\\/thomas-berner\\\/\"}]}<\/script>\n<!-- \/ Yoast SEO plugin. -->","yoast_head_json":{"title":"Les projets de la Fondation Suisse pour le Climat portent leurs fruits - Organisateur","description":"Ce que fait la Fondation Suisse pour le Climat fonctionne. En 2024, la fondation a r\u00e9alis\u00e9 une mesure d'impact sur la p\u00e9riode depuis 2008.","robots":{"index":"index","follow":"follow","max-snippet":"max-snippet:-1","max-image-preview":"max-image-preview:large","max-video-preview":"max-video-preview:-1"},"canonical":"https:\/\/www.organisator.ch\/fr\/sustainability\/2025-04-29\/projekte-der-klimastiftung-schweiz-zeigen-wirkung\/","og_locale":"fr_FR","og_type":"article","og_title":"Projekte der Klimastiftung Schweiz zeigen Wirkung","og_description":"Was die Klimastiftung Schweiz tut, funktioniert. 2024 hat die Stiftung eine Wirkungsmessung \u00fcber die Zeit seit 2008 durchgef\u00fchrt.","og_url":"https:\/\/www.organisator.ch\/fr\/sustainability\/2025-04-29\/projekte-der-klimastiftung-schweiz-zeigen-wirkung\/","og_site_name":"Organisator","article_publisher":"https:\/\/www.facebook.com\/OrganisatorFachmagazin","article_published_time":"2025-04-29T06:32:04+00:00","article_modified_time":"2025-04-29T06:32:43+00:00","og_image":[{"width":680,"height":444,"url":"https:\/\/www.organisator.ch\/wp-content\/uploads\/2025\/04\/Projekte-der-Klimastiftung-Schweiz-zeigen-Wirkung-1_Organisator.jpg","type":"image\/jpeg"}],"author":"thomas.berner","twitter_card":"summary_large_image","twitter_title":"Projekte der #Klimastiftung Schweiz zeigen Wirkung","twitter_description":"Was die #Klimastiftung Schweiz tut, funktioniert. 2024 hat die Stiftung eine #Wirkungsmessung \u00fcber die Zeit seit 2008 durchgef\u00fchrt.","twitter_image":"https:\/\/www.organisator.ch\/wp-content\/uploads\/2025\/04\/Projekte-der-Klimastiftung-Schweiz-zeigen-Wirkung-1_Organisator.jpg","schema":{"@context":"https:\/\/schema.org","@graph":[{"@type":"Article","@id":"https:\/\/www.organisator.ch\/sustainability\/2025-04-29\/projekte-der-klimastiftung-schweiz-zeigen-wirkung\/#article","isPartOf":{"@id":"https:\/\/www.organisator.ch\/sustainability\/2025-04-29\/projekte-der-klimastiftung-schweiz-zeigen-wirkung\/"},"author":{"name":"thomas.berner","@id":"https:\/\/www.organisator.ch\/#\/schema\/person\/6f650f90b2842cd4c0cc334b4e36f67e"},"headline":"Projekte der Klimastiftung Schweiz zeigen Wirkung","datePublished":"2025-04-29T06:32:04+00:00","dateModified":"2025-04-29T06:32:43+00:00","mainEntityOfPage":{"@id":"https:\/\/www.organisator.ch\/sustainability\/2025-04-29\/projekte-der-klimastiftung-schweiz-zeigen-wirkung\/"},"wordCount":280,"publisher":{"@id":"https:\/\/www.organisator.ch\/#organization"},"image":{"@id":"https:\/\/www.organisator.ch\/sustainability\/2025-04-29\/projekte-der-klimastiftung-schweiz-zeigen-wirkung\/#primaryimage"},"thumbnailUrl":"https:\/\/www.organisator.ch\/wp-content\/uploads\/2025\/04\/Projekte-der-Klimastiftung-Schweiz-zeigen-Wirkung-1_Organisator.jpg","keywords":["Klimastiftung Schweiz","Nachhaltige Wirtschaft","Projektf\u00f6rderung"],"articleSection":["SUSTAINABILITY"],"inLanguage":"fr-FR"},{"@type":"WebPage","@id":"https:\/\/www.organisator.ch\/sustainability\/2025-04-29\/projekte-der-klimastiftung-schweiz-zeigen-wirkung\/","url":"https:\/\/www.organisator.ch\/sustainability\/2025-04-29\/projekte-der-klimastiftung-schweiz-zeigen-wirkung\/","name":"Les projets de la Fondation Suisse pour le Climat portent leurs fruits - Organisateur","isPartOf":{"@id":"https:\/\/www.organisator.ch\/#website"},"primaryImageOfPage":{"@id":"https:\/\/www.organisator.ch\/sustainability\/2025-04-29\/projekte-der-klimastiftung-schweiz-zeigen-wirkung\/#primaryimage"},"image":{"@id":"https:\/\/www.organisator.ch\/sustainability\/2025-04-29\/projekte-der-klimastiftung-schweiz-zeigen-wirkung\/#primaryimage"},"thumbnailUrl":"https:\/\/www.organisator.ch\/wp-content\/uploads\/2025\/04\/Projekte-der-Klimastiftung-Schweiz-zeigen-Wirkung-1_Organisator.jpg","datePublished":"2025-04-29T06:32:04+00:00","dateModified":"2025-04-29T06:32:43+00:00","description":"Ce que fait la Fondation Suisse pour le Climat fonctionne. En 2024, la fondation a r\u00e9alis\u00e9 une mesure d'impact sur la p\u00e9riode depuis 2008.","breadcrumb":{"@id":"https:\/\/www.organisator.ch\/sustainability\/2025-04-29\/projekte-der-klimastiftung-schweiz-zeigen-wirkung\/#breadcrumb"},"inLanguage":"fr-FR","potentialAction":[{"@type":"ReadAction","target":["https:\/\/www.organisator.ch\/sustainability\/2025-04-29\/projekte-der-klimastiftung-schweiz-zeigen-wirkung\/"]}]},{"@type":"ImageObject","inLanguage":"fr-FR","@id":"https:\/\/www.organisator.ch\/sustainability\/2025-04-29\/projekte-der-klimastiftung-schweiz-zeigen-wirkung\/#primaryimage","url":"https:\/\/www.organisator.ch\/wp-content\/uploads\/2025\/04\/Projekte-der-Klimastiftung-Schweiz-zeigen-Wirkung-1_Organisator.jpg","contentUrl":"https:\/\/www.organisator.ch\/wp-content\/uploads\/2025\/04\/Projekte-der-Klimastiftung-Schweiz-zeigen-Wirkung-1_Organisator.jpg","width":680,"height":444,"caption":"L\u00e4ngst nicht nur Solaranlagen: Die von der Klimastiftung Schweiz gef\u00f6rderten Projekte sind vielf\u00e4ltig. (Symbolbild; Unsplash.com)"},{"@type":"BreadcrumbList","@id":"https:\/\/www.organisator.ch\/sustainability\/2025-04-29\/projekte-der-klimastiftung-schweiz-zeigen-wirkung\/#breadcrumb","itemListElement":[{"@type":"ListItem","position":1,"name":"Home","item":"https:\/\/www.organisator.ch\/"},{"@type":"ListItem","position":2,"name":"Projekte der Klimastiftung Schweiz zeigen Wirkung"}]},{"@type":"WebSite","@id":"https:\/\/www.organisator.ch\/#website","url":"https:\/\/www.organisator.ch\/","name":"Organisateur","description":"Comp\u00e9tence et comp\u00e9tence. Proches de la pratique. L'ORGANISATEUR pr\u00e9pare 10 num\u00e9ros par an sur les th\u00e8mes essentiels pour les dirigeants de PME.","publisher":{"@id":"https:\/\/www.organisator.ch\/#organization"},"potentialAction":[{"@type":"SearchAction","target":{"@type":"EntryPoint","urlTemplate":"https:\/\/www.organisator.ch\/?s={search_term_string}"},"query-input":{"@type":"PropertyValueSpecification","valueRequired":true,"valueName":"search_term_string"}}],"inLanguage":"fr-FR"},{"@type":"Organization","@id":"https:\/\/www.organisator.ch\/#organization","name":"Organisateur","url":"https:\/\/www.organisator.ch\/","logo":{"@type":"ImageObject","inLanguage":"fr-FR","@id":"https:\/\/www.organisator.ch\/#\/schema\/logo\/image\/","url":"https:\/\/www.organisator.ch\/wp-content\/uploads\/2022\/01\/Logo_Organisator_Website.png","contentUrl":"https:\/\/www.organisator.ch\/wp-content\/uploads\/2022\/01\/Logo_Organisator_Website.png","width":800,"height":77,"caption":"Organisator"},"image":{"@id":"https:\/\/www.organisator.ch\/#\/schema\/logo\/image\/"},"sameAs":["https:\/\/www.facebook.com\/OrganisatorFachmagazin","https:\/\/www.linkedin.com\/showcase\/organisator-das-magazin-fr-kmu","https:\/\/www.xing.com\/news\/pages\/organisator-ch-695","https:\/\/www.youtube.com\/channel\/UCGP2Sq0iWaZwT3BdIAQFYpw"]},{"@type":"Person","@id":"https:\/\/www.organisator.ch\/#\/schema\/person\/6f650f90b2842cd4c0cc334b4e36f67e","name":"thomas.berner","image":{"@type":"ImageObject","inLanguage":"fr-FR","@id":"https:\/\/secure.gravatar.com\/avatar\/ac5001d2a36cb6c6cd3e50789007ffca834b477b74a2144564522e944eabff61?s=96&d=mm&r=g","url":"https:\/\/secure.gravatar.com\/avatar\/ac5001d2a36cb6c6cd3e50789007ffca834b477b74a2144564522e944eabff61?s=96&d=mm&r=g","contentUrl":"https:\/\/secure.gravatar.com\/avatar\/ac5001d2a36cb6c6cd3e50789007ffca834b477b74a2144564522e944eabff61?s=96&d=mm&r=g","caption":"thomas.berner"},"url":"https:\/\/www.organisator.ch\/fr\/author\/thomas-berner\/"}]}},"_links":{"self":[{"href":"https:\/\/www.organisator.ch\/fr\/wp-json\/wp\/v2\/posts\/38044","targetHints":{"allow":["GET"]}}],"collection":[{"href":"https:\/\/www.organisator.ch\/fr\/wp-json\/wp\/v2\/posts"}],"about":[{"href":"https:\/\/www.organisator.ch\/fr\/wp-json\/wp\/v2\/types\/post"}],"author":[{"embeddable":true,"href":"https:\/\/www.organisator.ch\/fr\/wp-json\/wp\/v2\/users\/4"}],"replies":[{"embeddable":true,"href":"https:\/\/www.organisator.ch\/fr\/wp-json\/wp\/v2\/comments?post=38044"}],"version-history":[{"count":4,"href":"https:\/\/www.organisator.ch\/fr\/wp-json\/wp\/v2\/posts\/38044\/revisions"}],"predecessor-version":[{"id":38048,"href":"https:\/\/www.organisator.ch\/fr\/wp-json\/wp\/v2\/posts\/38044\/revisions\/38048"}],"wp:featuredmedia":[{"embeddable":true,"href":"https:\/\/www.organisator.ch\/fr\/wp-json\/wp\/v2\/media\/38045"}],"wp:attachment":[{"href":"https:\/\/www.organisator.ch\/fr\/wp-json\/wp\/v2\/media?parent=38044"}],"wp:term":[{"taxonomy":"category","embeddable":true,"href":"https:\/\/www.organisator.ch\/fr\/wp-json\/wp\/v2\/categories?post=38044"},{"taxonomy":"post_tag","embeddable":true,"href":"https:\/\/www.organisator.ch\/fr\/wp-json\/wp\/v2\/tags?post=38044"}],"curies":[{"name":"wp","href":"https:\/\/api.w.org\/{rel}","templated":true}]}}