{"id":38049,"date":"2025-04-29T09:26:11","date_gmt":"2025-04-29T07:26:11","guid":{"rendered":"https:\/\/www.organisator.ch\/?p=38049"},"modified":"2025-04-29T09:26:11","modified_gmt":"2025-04-29T07:26:11","slug":"wachsender-handlungsbedarf-der-unternehmen-im-bereich-stress-und-psychische-gesundheit","status":"publish","type":"post","link":"https:\/\/www.organisator.ch\/fr\/human-resources\/2025-04-29\/wachsender-handlungsbedarf-der-unternehmen-im-bereich-stress-und-psychische-gesundheit\/","title":{"rendered":"Besoin croissant d'action des entreprises dans le domaine du stress et de la sant\u00e9 mentale"},"content":{"rendered":"<figure id=\"attachment_38050\" aria-describedby=\"caption-attachment-38050\" style=\"width: 680px\" class=\"wp-caption alignnone\"><img loading=\"lazy\" decoding=\"async\" class=\"size-full wp-image-38050\" src=\"https:\/\/www.organisator.ch\/wp-content\/uploads\/2025\/04\/Wachsender-Handlungsbedarf-der-Unternehmen-im-Bereich-Stress-und-psychische-Gesundheit_Organisator.jpg\" alt=\"\" width=\"680\" height=\"383\" srcset=\"https:\/\/www.organisator.ch\/wp-content\/uploads\/2025\/04\/Wachsender-Handlungsbedarf-der-Unternehmen-im-Bereich-Stress-und-psychische-Gesundheit_Organisator.jpg 680w, https:\/\/www.organisator.ch\/wp-content\/uploads\/2025\/04\/Wachsender-Handlungsbedarf-der-Unternehmen-im-Bereich-Stress-und-psychische-Gesundheit_Organisator-18x10.jpg 18w, https:\/\/www.organisator.ch\/wp-content\/uploads\/2025\/04\/Wachsender-Handlungsbedarf-der-Unternehmen-im-Bereich-Stress-und-psychische-Gesundheit_Organisator-375x211.jpg 375w, https:\/\/www.organisator.ch\/wp-content\/uploads\/2025\/04\/Wachsender-Handlungsbedarf-der-Unternehmen-im-Bereich-Stress-und-psychische-Gesundheit_Organisator-621x350.jpg 621w\" sizes=\"auto, (max-width: 680px) 100vw, 680px\" \/><figcaption id=\"caption-attachment-38050\" class=\"wp-caption-text\">le stress et la sant\u00e9 mentale. Dans ce domaine, davantage de mesures sont mises en \u0153uvre qu'il y a quatre ans. (Image : zVg \/ Promotion Sant\u00e9 Suisse)<\/figcaption><\/figure>\n<p>Le monde du travail est soumis \u00e0 des changements constants, ce qui augmente les d\u00e9fis pour les travailleurs. Une pression temporelle \u00e9lev\u00e9e et un manque d'estime peuvent avoir un impact consid\u00e9rable sur le bien-\u00eatre des collaborateurs. La GSE peut contrecarrer cette tendance de mani\u00e8re cibl\u00e9e en cr\u00e9ant des structures et des processus qui renforcent la sant\u00e9 des collaborateurs. Les entreprises profitent \u00e0 long terme d'une diminution de l'absent\u00e9isme, d'une augmentation de la productivit\u00e9 et d'une plus grande attractivit\u00e9 en tant qu'employeurs. Les r\u00e9sultats du monitoring actuel Diffusion de la GSE confirment cette tendance : la mise en \u0153uvre de la GSE dans les entreprises en Suisse s'est maintenue \u00e0 un niveau stable depuis 2020 et tend \u00e0 progresser par rapport \u00e0 2016. Au total, plus de 70 % des entreprises en Suisse s'engagent activement dans le domaine de la GSE, 60 % des entreprises interrog\u00e9es souhaitant s'engager encore davantage dans la GSE \u00e0 l'avenir.<\/p>\n<h3><strong>D\u00e9fis et potentiel d'optimisation<\/strong><\/h3>\n<p>Bien que de nombreuses entreprises mettent d\u00e9j\u00e0 en \u0153uvre la GSE, des potentiels d'optimisation subsistent. Seules 22 % des entreprises mettent en \u0153uvre la GSE de mani\u00e8re syst\u00e9matique, tandis que 49 % r\u00e9alisent la GSE en majorit\u00e9 et 26 % de mani\u00e8re embryonnaire. Il y a encore des progr\u00e8s \u00e0 faire, en particulier dans les domaines de l'ancrage strat\u00e9gique, des bases conceptuelles et de la dotation en ressources. L'accent est de plus en plus mis sur la sensibilisation au stress et \u00e0 la sant\u00e9 psychique. 51 % des entreprises interrog\u00e9es estiment avoir besoin d'investir dans ce domaine. Ce chiffre est en constante augmentation depuis 2016 et montre que la sant\u00e9 psychique prend de plus en plus d'importance dans le monde du travail.<\/p>\n<h3><strong>Les petites entreprises \u00e0 l'honneur pour la premi\u00e8re fois<\/strong><\/h3>\n<p>Pour la premi\u00e8re fois, l'enqu\u00eate 2024 a \u00e9galement pris en compte les entreprises comptant entre 10 et 49 collaborateurs. Les r\u00e9sultats le montrent : Les petites entreprises ne se distinguent pas fondamentalement des autres entreprises en mati\u00e8re de GSE. En ce qui concerne le degr\u00e9 de mise en \u0153uvre de la GSE ainsi que les conditions et les raisons qui la motivent, elles sont tr\u00e8s similaires aux entreprises de 50 \u00e0 99 collaborateurs. Ces entreprises ont tendance \u00e0 mettre en \u0153uvre la GSE de mani\u00e8re moins syst\u00e9matique, mais elles misent de mani\u00e8re cibl\u00e9e sur une culture d'entreprise et de direction favorable \u00e0 la sant\u00e9. Parall\u00e8lement, les offres externes de GSE sont moins connues dans les petites entreprises que dans les plus grandes, ce qui r\u00e9v\u00e8le un potentiel de sensibilisation suppl\u00e9mentaire.<\/p>\n<h3><strong>La pr\u00e9vention est payante<\/strong><\/h3>\n<p>Une GSE durable est payante \u00e0 plusieurs \u00e9gards pour les entreprises : L'investissement dans des conditions de travail favorables \u00e0 la sant\u00e9 peut r\u00e9duire \u00e0 long terme le nombre de cas de maladie, augmenter la satisfaction des collaborateurs et accro\u00eetre la productivit\u00e9. Les entreprises qui investissent dans la GSE se positionnent comme des employeurs attractifs et s'assurent des avantages \u00e9conomiques \u00e0 long terme. Comme de nombreuses entreprises s'engagent d\u00e9j\u00e0 dans le domaine de la GSE et souhaitent continuer \u00e0 le faire, il est d'autant plus important de suivre cette tendance, de maintenir et de d\u00e9velopper l'engagement en faveur de la GSE. La GSE est notamment un moyen de se positionner en tant qu'employeur attrayant et de lutter efficacement contre la p\u00e9nurie de main-d'\u0153uvre qualifi\u00e9e.<\/p>\n<h3><strong>Offres de Promotion Sant\u00e9 Suisse<\/strong><\/h3>\n<p>Promotion Sant\u00e9 Suisse soutient les entreprises avec une <a href=\"https:\/\/friendlyworkspace.ch\/de\">S\u00e9rie d'offres<\/a>Il s'agit de mettre en place ou d'optimiser une GSE. Le site <a href=\"https:\/\/friendlyworkspace.ch\/de\/bgm-services\/hr-toolbox\">Bo\u00eete \u00e0 outils RH<\/a> offre des r\u00e9ponses fond\u00e9es et des outils pour les questions et les th\u00e8mes les plus br\u00fblants des responsables RH dans les PME. Avec le <a href=\"https:\/\/friendlyworkspace.ch\/de\/bgm-services\/leadership-kit\">Kit de leadership<\/a> les personnes ayant des responsabilit\u00e9s d'encadrement peuvent avoir un impact positif sur le bien-\u00eatre et la collaboration au sein de leur \u00e9quipe. Avec la <a href=\"https:\/\/friendlyworkspace.ch\/de\/bgm-services\/job-stress-analysis?\">Analyse du stress au travail<\/a> Promotion Sant\u00e9 Suisse propose un instrument d'enqu\u00eate en ligne valid\u00e9 scientifiquement et \u00e9prouv\u00e9 dans la pratique, qui donne un aper\u00e7u d\u00e9taill\u00e9 du stress dans l'organisation. Les entreprises qui ont int\u00e9gr\u00e9 syst\u00e9matiquement la GSE dans leur strat\u00e9gie d'entreprise peuvent, apr\u00e8s examen par des assesseurs, se servir du <a href=\"https:\/\/friendlyworkspace.ch\/de\/das-label?\">Label de qualit\u00e9 \"Friendly Work Space\" (espace de travail agr\u00e9able)<\/a> de se faire r\u00e9compenser.<\/p>","protected":false},"excerpt":{"rendered":"<p>La diffusion de la gestion de la sant\u00e9 en entreprise (GSE) en Suisse reste stable. Environ 71 % des entreprises de dix collaborateurs ou plus mettent en \u0153uvre la GSE, et ce chiffre atteint m\u00eame 75 % pour les entreprises de 50 collaborateurs ou plus. C'est ce que montre le dernier monitoring Diffusion GSE 2024. <\/p>","protected":false},"author":4,"featured_media":38050,"comment_status":"closed","ping_status":"closed","sticky":false,"template":"","format":"standard","meta":{"_acf_changed":false,"_yoast_wpseo_focuskw":"psychische Gesundheit","_yoast_wpseo_metadesc":"Die Verbreitung von BGM in der Schweiz bleibt stabil, Massnahmen im Bereich Stress und psychische Gesundheit nehmen zu.","articlekey":"","footnotes":""},"categories":[579],"tags":[77,3797,254,400,5074],"class_list":["post-38049","post","type-post","status-publish","format-standard","has-post-thumbnail","hentry","category-human-resources","tag-betriebliches-gesundheitsmanagement","tag-gesundheitsfoerderung","tag-hrm","tag-psychische-gesundheit","tag-stress"],"acf":[],"yoast_head":"<!-- This site is optimized with the Yoast SEO plugin v27.4 - https:\/\/yoast.com\/product\/yoast-seo-wordpress\/ -->\n<title>Wachsender Handlungsbedarf der Unternehmen im Bereich Stress und psychische Gesundheit - Organisator<\/title>\n<meta name=\"description\" content=\"Die Verbreitung von BGM in der Schweiz bleibt stabil, Massnahmen im Bereich Stress und psychische Gesundheit nehmen zu.\" \/>\n<meta name=\"robots\" content=\"index, follow, max-snippet:-1, max-image-preview:large, max-video-preview:-1\" \/>\n<link rel=\"canonical\" href=\"https:\/\/www.organisator.ch\/fr\/ressources-humaines\/2025-04-29\/wachsender-handlungsbedarf-der-unternehmen-im-bereich-stress-und-psychische-gesundheit\/\" \/>\n<meta property=\"og:locale\" content=\"fr_FR\" \/>\n<meta property=\"og:type\" content=\"article\" \/>\n<meta property=\"og:title\" content=\"Wachsender Handlungsbedarf der Unternehmen im Bereich Stress und psychische Gesundheit\" \/>\n<meta property=\"og:description\" content=\"Die Verbreitung von BGM in der Schweiz bleibt stabil, Massnahmen im Bereich Stress und psychische Gesundheit nehmen zu.\" \/>\n<meta property=\"og:url\" content=\"https:\/\/www.organisator.ch\/fr\/ressources-humaines\/2025-04-29\/wachsender-handlungsbedarf-der-unternehmen-im-bereich-stress-und-psychische-gesundheit\/\" \/>\n<meta property=\"og:site_name\" content=\"Organisator\" \/>\n<meta property=\"article:publisher\" content=\"https:\/\/www.facebook.com\/OrganisatorFachmagazin\" \/>\n<meta property=\"article:published_time\" content=\"2025-04-29T07:26:11+00:00\" \/>\n<meta property=\"og:image\" content=\"https:\/\/www.organisator.ch\/wp-content\/uploads\/2025\/04\/Wachsender-Handlungsbedarf-der-Unternehmen-im-Bereich-Stress-und-psychische-Gesundheit_Organisator.jpg\" \/>\n\t<meta property=\"og:image:width\" content=\"680\" \/>\n\t<meta property=\"og:image:height\" content=\"383\" \/>\n\t<meta property=\"og:image:type\" content=\"image\/jpeg\" \/>\n<meta name=\"author\" content=\"thomas.berner\" \/>\n<meta name=\"twitter:card\" content=\"summary_large_image\" \/>\n<meta name=\"twitter:title\" content=\"Wachsender #Handlungsbedarf der Unternehmen im Bereich #Stress und psychische Gesundheit\" \/>\n<meta name=\"twitter:description\" content=\"Die Verbreitung von #BGM in der Schweiz bleibt stabil, Massnahmen im Bereich #Stress und psychische Gesundheit nehmen zu.\" \/>\n<meta name=\"twitter:image\" content=\"https:\/\/www.organisator.ch\/wp-content\/uploads\/2025\/04\/Wachsender-Handlungsbedarf-der-Unternehmen-im-Bereich-Stress-und-psychische-Gesundheit_Organisator.jpg\" \/>\n<script type=\"application\/ld+json\" class=\"yoast-schema-graph\">{\"@context\":\"https:\\\/\\\/schema.org\",\"@graph\":[{\"@type\":\"Article\",\"@id\":\"https:\\\/\\\/www.organisator.ch\\\/human-resources\\\/2025-04-29\\\/wachsender-handlungsbedarf-der-unternehmen-im-bereich-stress-und-psychische-gesundheit\\\/#article\",\"isPartOf\":{\"@id\":\"https:\\\/\\\/www.organisator.ch\\\/human-resources\\\/2025-04-29\\\/wachsender-handlungsbedarf-der-unternehmen-im-bereich-stress-und-psychische-gesundheit\\\/\"},\"author\":{\"name\":\"thomas.berner\",\"@id\":\"https:\\\/\\\/www.organisator.ch\\\/#\\\/schema\\\/person\\\/6f650f90b2842cd4c0cc334b4e36f67e\"},\"headline\":\"Wachsender Handlungsbedarf der Unternehmen im Bereich Stress und psychische Gesundheit\",\"datePublished\":\"2025-04-29T07:26:11+00:00\",\"mainEntityOfPage\":{\"@id\":\"https:\\\/\\\/www.organisator.ch\\\/human-resources\\\/2025-04-29\\\/wachsender-handlungsbedarf-der-unternehmen-im-bereich-stress-und-psychische-gesundheit\\\/\"},\"wordCount\":551,\"publisher\":{\"@id\":\"https:\\\/\\\/www.organisator.ch\\\/#organization\"},\"image\":{\"@id\":\"https:\\\/\\\/www.organisator.ch\\\/human-resources\\\/2025-04-29\\\/wachsender-handlungsbedarf-der-unternehmen-im-bereich-stress-und-psychische-gesundheit\\\/#primaryimage\"},\"thumbnailUrl\":\"https:\\\/\\\/www.organisator.ch\\\/wp-content\\\/uploads\\\/2025\\\/04\\\/Wachsender-Handlungsbedarf-der-Unternehmen-im-Bereich-Stress-und-psychische-Gesundheit_Organisator.jpg\",\"keywords\":[\"Betriebliches Gesundheitsmanagement\",\"Gesundheitsf\u00f6rderung\",\"HRM\",\"Psychische Gesundheit\",\"Stress\"],\"articleSection\":[\"HUMAN RESOURCES\"],\"inLanguage\":\"fr-FR\"},{\"@type\":\"WebPage\",\"@id\":\"https:\\\/\\\/www.organisator.ch\\\/human-resources\\\/2025-04-29\\\/wachsender-handlungsbedarf-der-unternehmen-im-bereich-stress-und-psychische-gesundheit\\\/\",\"url\":\"https:\\\/\\\/www.organisator.ch\\\/human-resources\\\/2025-04-29\\\/wachsender-handlungsbedarf-der-unternehmen-im-bereich-stress-und-psychische-gesundheit\\\/\",\"name\":\"Wachsender Handlungsbedarf der Unternehmen im Bereich Stress und psychische Gesundheit - Organisator\",\"isPartOf\":{\"@id\":\"https:\\\/\\\/www.organisator.ch\\\/#website\"},\"primaryImageOfPage\":{\"@id\":\"https:\\\/\\\/www.organisator.ch\\\/human-resources\\\/2025-04-29\\\/wachsender-handlungsbedarf-der-unternehmen-im-bereich-stress-und-psychische-gesundheit\\\/#primaryimage\"},\"image\":{\"@id\":\"https:\\\/\\\/www.organisator.ch\\\/human-resources\\\/2025-04-29\\\/wachsender-handlungsbedarf-der-unternehmen-im-bereich-stress-und-psychische-gesundheit\\\/#primaryimage\"},\"thumbnailUrl\":\"https:\\\/\\\/www.organisator.ch\\\/wp-content\\\/uploads\\\/2025\\\/04\\\/Wachsender-Handlungsbedarf-der-Unternehmen-im-Bereich-Stress-und-psychische-Gesundheit_Organisator.jpg\",\"datePublished\":\"2025-04-29T07:26:11+00:00\",\"description\":\"Die Verbreitung von BGM in der Schweiz bleibt stabil, Massnahmen im Bereich Stress und psychische Gesundheit nehmen zu.\",\"breadcrumb\":{\"@id\":\"https:\\\/\\\/www.organisator.ch\\\/human-resources\\\/2025-04-29\\\/wachsender-handlungsbedarf-der-unternehmen-im-bereich-stress-und-psychische-gesundheit\\\/#breadcrumb\"},\"inLanguage\":\"fr-FR\",\"potentialAction\":[{\"@type\":\"ReadAction\",\"target\":[\"https:\\\/\\\/www.organisator.ch\\\/human-resources\\\/2025-04-29\\\/wachsender-handlungsbedarf-der-unternehmen-im-bereich-stress-und-psychische-gesundheit\\\/\"]}]},{\"@type\":\"ImageObject\",\"inLanguage\":\"fr-FR\",\"@id\":\"https:\\\/\\\/www.organisator.ch\\\/human-resources\\\/2025-04-29\\\/wachsender-handlungsbedarf-der-unternehmen-im-bereich-stress-und-psychische-gesundheit\\\/#primaryimage\",\"url\":\"https:\\\/\\\/www.organisator.ch\\\/wp-content\\\/uploads\\\/2025\\\/04\\\/Wachsender-Handlungsbedarf-der-Unternehmen-im-Bereich-Stress-und-psychische-Gesundheit_Organisator.jpg\",\"contentUrl\":\"https:\\\/\\\/www.organisator.ch\\\/wp-content\\\/uploads\\\/2025\\\/04\\\/Wachsender-Handlungsbedarf-der-Unternehmen-im-Bereich-Stress-und-psychische-Gesundheit_Organisator.jpg\",\"width\":680,\"height\":383,\"caption\":\"Stress und psychische Gesundheit. In diesem Bereich werden mehr Massnahmen umgesetzt als noch vor vier Jahren. (Bild: zVg \\\/ Gesundheitsf\u00f6rderung Schweiz)\"},{\"@type\":\"BreadcrumbList\",\"@id\":\"https:\\\/\\\/www.organisator.ch\\\/human-resources\\\/2025-04-29\\\/wachsender-handlungsbedarf-der-unternehmen-im-bereich-stress-und-psychische-gesundheit\\\/#breadcrumb\",\"itemListElement\":[{\"@type\":\"ListItem\",\"position\":1,\"name\":\"Home\",\"item\":\"https:\\\/\\\/www.organisator.ch\\\/\"},{\"@type\":\"ListItem\",\"position\":2,\"name\":\"Wachsender Handlungsbedarf der Unternehmen im Bereich Stress und psychische Gesundheit\"}]},{\"@type\":\"WebSite\",\"@id\":\"https:\\\/\\\/www.organisator.ch\\\/#website\",\"url\":\"https:\\\/\\\/www.organisator.ch\\\/\",\"name\":\"Organisator\",\"description\":\"Kompetent. Praxisnah. Der ORGANISATOR bereitet in 10 Ausgaben pro Jahr die wesentlichen Themen f\u00fcr F\u00fchrungskr\u00e4fte von KMU auf.\",\"publisher\":{\"@id\":\"https:\\\/\\\/www.organisator.ch\\\/#organization\"},\"potentialAction\":[{\"@type\":\"SearchAction\",\"target\":{\"@type\":\"EntryPoint\",\"urlTemplate\":\"https:\\\/\\\/www.organisator.ch\\\/?s={search_term_string}\"},\"query-input\":{\"@type\":\"PropertyValueSpecification\",\"valueRequired\":true,\"valueName\":\"search_term_string\"}}],\"inLanguage\":\"fr-FR\"},{\"@type\":\"Organization\",\"@id\":\"https:\\\/\\\/www.organisator.ch\\\/#organization\",\"name\":\"Organisator\",\"url\":\"https:\\\/\\\/www.organisator.ch\\\/\",\"logo\":{\"@type\":\"ImageObject\",\"inLanguage\":\"fr-FR\",\"@id\":\"https:\\\/\\\/www.organisator.ch\\\/#\\\/schema\\\/logo\\\/image\\\/\",\"url\":\"https:\\\/\\\/www.organisator.ch\\\/wp-content\\\/uploads\\\/2022\\\/01\\\/Logo_Organisator_Website.png\",\"contentUrl\":\"https:\\\/\\\/www.organisator.ch\\\/wp-content\\\/uploads\\\/2022\\\/01\\\/Logo_Organisator_Website.png\",\"width\":800,\"height\":77,\"caption\":\"Organisator\"},\"image\":{\"@id\":\"https:\\\/\\\/www.organisator.ch\\\/#\\\/schema\\\/logo\\\/image\\\/\"},\"sameAs\":[\"https:\\\/\\\/www.facebook.com\\\/OrganisatorFachmagazin\",\"https:\\\/\\\/www.linkedin.com\\\/showcase\\\/organisator-das-magazin-fr-kmu\",\"https:\\\/\\\/www.xing.com\\\/news\\\/pages\\\/organisator-ch-695\",\"https:\\\/\\\/www.youtube.com\\\/channel\\\/UCGP2Sq0iWaZwT3BdIAQFYpw\"]},{\"@type\":\"Person\",\"@id\":\"https:\\\/\\\/www.organisator.ch\\\/#\\\/schema\\\/person\\\/6f650f90b2842cd4c0cc334b4e36f67e\",\"name\":\"thomas.berner\",\"image\":{\"@type\":\"ImageObject\",\"inLanguage\":\"fr-FR\",\"@id\":\"https:\\\/\\\/secure.gravatar.com\\\/avatar\\\/ac5001d2a36cb6c6cd3e50789007ffca834b477b74a2144564522e944eabff61?s=96&d=mm&r=g\",\"url\":\"https:\\\/\\\/secure.gravatar.com\\\/avatar\\\/ac5001d2a36cb6c6cd3e50789007ffca834b477b74a2144564522e944eabff61?s=96&d=mm&r=g\",\"contentUrl\":\"https:\\\/\\\/secure.gravatar.com\\\/avatar\\\/ac5001d2a36cb6c6cd3e50789007ffca834b477b74a2144564522e944eabff61?s=96&d=mm&r=g\",\"caption\":\"thomas.berner\"},\"url\":\"https:\\\/\\\/www.organisator.ch\\\/fr\\\/author\\\/thomas-berner\\\/\"}]}<\/script>\n<!-- \/ Yoast SEO plugin. -->","yoast_head_json":{"title":"Besoin croissant d'action des entreprises dans le domaine du stress et de la sant\u00e9 mentale - Organisateur","description":"La diffusion de la GSE en Suisse reste stable, les mesures dans le domaine du stress et de la sant\u00e9 mentale sont en augmentation.","robots":{"index":"index","follow":"follow","max-snippet":"max-snippet:-1","max-image-preview":"max-image-preview:large","max-video-preview":"max-video-preview:-1"},"canonical":"https:\/\/www.organisator.ch\/fr\/ressources-humaines\/2025-04-29\/wachsender-handlungsbedarf-der-unternehmen-im-bereich-stress-und-psychische-gesundheit\/","og_locale":"fr_FR","og_type":"article","og_title":"Wachsender Handlungsbedarf der Unternehmen im Bereich Stress und psychische Gesundheit","og_description":"Die Verbreitung von BGM in der Schweiz bleibt stabil, Massnahmen im Bereich Stress und psychische Gesundheit nehmen zu.","og_url":"https:\/\/www.organisator.ch\/fr\/ressources-humaines\/2025-04-29\/wachsender-handlungsbedarf-der-unternehmen-im-bereich-stress-und-psychische-gesundheit\/","og_site_name":"Organisator","article_publisher":"https:\/\/www.facebook.com\/OrganisatorFachmagazin","article_published_time":"2025-04-29T07:26:11+00:00","og_image":[{"width":680,"height":383,"url":"https:\/\/www.organisator.ch\/wp-content\/uploads\/2025\/04\/Wachsender-Handlungsbedarf-der-Unternehmen-im-Bereich-Stress-und-psychische-Gesundheit_Organisator.jpg","type":"image\/jpeg"}],"author":"thomas.berner","twitter_card":"summary_large_image","twitter_title":"Wachsender #Handlungsbedarf der Unternehmen im Bereich #Stress und psychische Gesundheit","twitter_description":"Die Verbreitung von #BGM in der Schweiz bleibt stabil, Massnahmen im Bereich #Stress und psychische Gesundheit nehmen zu.","twitter_image":"https:\/\/www.organisator.ch\/wp-content\/uploads\/2025\/04\/Wachsender-Handlungsbedarf-der-Unternehmen-im-Bereich-Stress-und-psychische-Gesundheit_Organisator.jpg","schema":{"@context":"https:\/\/schema.org","@graph":[{"@type":"Article","@id":"https:\/\/www.organisator.ch\/human-resources\/2025-04-29\/wachsender-handlungsbedarf-der-unternehmen-im-bereich-stress-und-psychische-gesundheit\/#article","isPartOf":{"@id":"https:\/\/www.organisator.ch\/human-resources\/2025-04-29\/wachsender-handlungsbedarf-der-unternehmen-im-bereich-stress-und-psychische-gesundheit\/"},"author":{"name":"thomas.berner","@id":"https:\/\/www.organisator.ch\/#\/schema\/person\/6f650f90b2842cd4c0cc334b4e36f67e"},"headline":"Wachsender Handlungsbedarf der Unternehmen im Bereich Stress und psychische Gesundheit","datePublished":"2025-04-29T07:26:11+00:00","mainEntityOfPage":{"@id":"https:\/\/www.organisator.ch\/human-resources\/2025-04-29\/wachsender-handlungsbedarf-der-unternehmen-im-bereich-stress-und-psychische-gesundheit\/"},"wordCount":551,"publisher":{"@id":"https:\/\/www.organisator.ch\/#organization"},"image":{"@id":"https:\/\/www.organisator.ch\/human-resources\/2025-04-29\/wachsender-handlungsbedarf-der-unternehmen-im-bereich-stress-und-psychische-gesundheit\/#primaryimage"},"thumbnailUrl":"https:\/\/www.organisator.ch\/wp-content\/uploads\/2025\/04\/Wachsender-Handlungsbedarf-der-Unternehmen-im-Bereich-Stress-und-psychische-Gesundheit_Organisator.jpg","keywords":["Betriebliches Gesundheitsmanagement","Gesundheitsf\u00f6rderung","HRM","Psychische Gesundheit","Stress"],"articleSection":["HUMAN RESOURCES"],"inLanguage":"fr-FR"},{"@type":"WebPage","@id":"https:\/\/www.organisator.ch\/human-resources\/2025-04-29\/wachsender-handlungsbedarf-der-unternehmen-im-bereich-stress-und-psychische-gesundheit\/","url":"https:\/\/www.organisator.ch\/human-resources\/2025-04-29\/wachsender-handlungsbedarf-der-unternehmen-im-bereich-stress-und-psychische-gesundheit\/","name":"Besoin croissant d'action des entreprises dans le domaine du stress et de la sant\u00e9 mentale - Organisateur","isPartOf":{"@id":"https:\/\/www.organisator.ch\/#website"},"primaryImageOfPage":{"@id":"https:\/\/www.organisator.ch\/human-resources\/2025-04-29\/wachsender-handlungsbedarf-der-unternehmen-im-bereich-stress-und-psychische-gesundheit\/#primaryimage"},"image":{"@id":"https:\/\/www.organisator.ch\/human-resources\/2025-04-29\/wachsender-handlungsbedarf-der-unternehmen-im-bereich-stress-und-psychische-gesundheit\/#primaryimage"},"thumbnailUrl":"https:\/\/www.organisator.ch\/wp-content\/uploads\/2025\/04\/Wachsender-Handlungsbedarf-der-Unternehmen-im-Bereich-Stress-und-psychische-Gesundheit_Organisator.jpg","datePublished":"2025-04-29T07:26:11+00:00","description":"La diffusion de la GSE en Suisse reste stable, les mesures dans le domaine du stress et de la sant\u00e9 mentale sont en augmentation.","breadcrumb":{"@id":"https:\/\/www.organisator.ch\/human-resources\/2025-04-29\/wachsender-handlungsbedarf-der-unternehmen-im-bereich-stress-und-psychische-gesundheit\/#breadcrumb"},"inLanguage":"fr-FR","potentialAction":[{"@type":"ReadAction","target":["https:\/\/www.organisator.ch\/human-resources\/2025-04-29\/wachsender-handlungsbedarf-der-unternehmen-im-bereich-stress-und-psychische-gesundheit\/"]}]},{"@type":"ImageObject","inLanguage":"fr-FR","@id":"https:\/\/www.organisator.ch\/human-resources\/2025-04-29\/wachsender-handlungsbedarf-der-unternehmen-im-bereich-stress-und-psychische-gesundheit\/#primaryimage","url":"https:\/\/www.organisator.ch\/wp-content\/uploads\/2025\/04\/Wachsender-Handlungsbedarf-der-Unternehmen-im-Bereich-Stress-und-psychische-Gesundheit_Organisator.jpg","contentUrl":"https:\/\/www.organisator.ch\/wp-content\/uploads\/2025\/04\/Wachsender-Handlungsbedarf-der-Unternehmen-im-Bereich-Stress-und-psychische-Gesundheit_Organisator.jpg","width":680,"height":383,"caption":"Stress und psychische Gesundheit. In diesem Bereich werden mehr Massnahmen umgesetzt als noch vor vier Jahren. (Bild: zVg \/ Gesundheitsf\u00f6rderung Schweiz)"},{"@type":"BreadcrumbList","@id":"https:\/\/www.organisator.ch\/human-resources\/2025-04-29\/wachsender-handlungsbedarf-der-unternehmen-im-bereich-stress-und-psychische-gesundheit\/#breadcrumb","itemListElement":[{"@type":"ListItem","position":1,"name":"Home","item":"https:\/\/www.organisator.ch\/"},{"@type":"ListItem","position":2,"name":"Wachsender Handlungsbedarf der Unternehmen im Bereich Stress und psychische Gesundheit"}]},{"@type":"WebSite","@id":"https:\/\/www.organisator.ch\/#website","url":"https:\/\/www.organisator.ch\/","name":"Organisateur","description":"Comp\u00e9tence et comp\u00e9tence. Proches de la pratique. L'ORGANISATEUR pr\u00e9pare 10 num\u00e9ros par an sur les th\u00e8mes essentiels pour les dirigeants de PME.","publisher":{"@id":"https:\/\/www.organisator.ch\/#organization"},"potentialAction":[{"@type":"SearchAction","target":{"@type":"EntryPoint","urlTemplate":"https:\/\/www.organisator.ch\/?s={search_term_string}"},"query-input":{"@type":"PropertyValueSpecification","valueRequired":true,"valueName":"search_term_string"}}],"inLanguage":"fr-FR"},{"@type":"Organization","@id":"https:\/\/www.organisator.ch\/#organization","name":"Organisateur","url":"https:\/\/www.organisator.ch\/","logo":{"@type":"ImageObject","inLanguage":"fr-FR","@id":"https:\/\/www.organisator.ch\/#\/schema\/logo\/image\/","url":"https:\/\/www.organisator.ch\/wp-content\/uploads\/2022\/01\/Logo_Organisator_Website.png","contentUrl":"https:\/\/www.organisator.ch\/wp-content\/uploads\/2022\/01\/Logo_Organisator_Website.png","width":800,"height":77,"caption":"Organisator"},"image":{"@id":"https:\/\/www.organisator.ch\/#\/schema\/logo\/image\/"},"sameAs":["https:\/\/www.facebook.com\/OrganisatorFachmagazin","https:\/\/www.linkedin.com\/showcase\/organisator-das-magazin-fr-kmu","https:\/\/www.xing.com\/news\/pages\/organisator-ch-695","https:\/\/www.youtube.com\/channel\/UCGP2Sq0iWaZwT3BdIAQFYpw"]},{"@type":"Person","@id":"https:\/\/www.organisator.ch\/#\/schema\/person\/6f650f90b2842cd4c0cc334b4e36f67e","name":"thomas.berner","image":{"@type":"ImageObject","inLanguage":"fr-FR","@id":"https:\/\/secure.gravatar.com\/avatar\/ac5001d2a36cb6c6cd3e50789007ffca834b477b74a2144564522e944eabff61?s=96&d=mm&r=g","url":"https:\/\/secure.gravatar.com\/avatar\/ac5001d2a36cb6c6cd3e50789007ffca834b477b74a2144564522e944eabff61?s=96&d=mm&r=g","contentUrl":"https:\/\/secure.gravatar.com\/avatar\/ac5001d2a36cb6c6cd3e50789007ffca834b477b74a2144564522e944eabff61?s=96&d=mm&r=g","caption":"thomas.berner"},"url":"https:\/\/www.organisator.ch\/fr\/author\/thomas-berner\/"}]}},"_links":{"self":[{"href":"https:\/\/www.organisator.ch\/fr\/wp-json\/wp\/v2\/posts\/38049","targetHints":{"allow":["GET"]}}],"collection":[{"href":"https:\/\/www.organisator.ch\/fr\/wp-json\/wp\/v2\/posts"}],"about":[{"href":"https:\/\/www.organisator.ch\/fr\/wp-json\/wp\/v2\/types\/post"}],"author":[{"embeddable":true,"href":"https:\/\/www.organisator.ch\/fr\/wp-json\/wp\/v2\/users\/4"}],"replies":[{"embeddable":true,"href":"https:\/\/www.organisator.ch\/fr\/wp-json\/wp\/v2\/comments?post=38049"}],"version-history":[{"count":3,"href":"https:\/\/www.organisator.ch\/fr\/wp-json\/wp\/v2\/posts\/38049\/revisions"}],"predecessor-version":[{"id":38089,"href":"https:\/\/www.organisator.ch\/fr\/wp-json\/wp\/v2\/posts\/38049\/revisions\/38089"}],"wp:featuredmedia":[{"embeddable":true,"href":"https:\/\/www.organisator.ch\/fr\/wp-json\/wp\/v2\/media\/38050"}],"wp:attachment":[{"href":"https:\/\/www.organisator.ch\/fr\/wp-json\/wp\/v2\/media?parent=38049"}],"wp:term":[{"taxonomy":"category","embeddable":true,"href":"https:\/\/www.organisator.ch\/fr\/wp-json\/wp\/v2\/categories?post=38049"},{"taxonomy":"post_tag","embeddable":true,"href":"https:\/\/www.organisator.ch\/fr\/wp-json\/wp\/v2\/tags?post=38049"}],"curies":[{"name":"wp","href":"https:\/\/api.w.org\/{rel}","templated":true}]}}