{"id":38077,"date":"2025-04-29T17:38:33","date_gmt":"2025-04-29T15:38:33","guid":{"rendered":"https:\/\/www.markt-kom.com\/?p=233996"},"modified":"2025-04-30T07:36:55","modified_gmt":"2025-04-30T05:36:55","slug":"studie-zeigt-persoenlichkeitsmerkmale-beeinflussen-soziales-engagement","status":"publish","type":"post","link":"https:\/\/www.organisator.ch\/fr\/marketing\/2025-04-29\/studie-zeigt-persoenlichkeitsmerkmale-beeinflussen-soziales-engagement\/","title":{"rendered":"Une \u00e9tude montre que les traits de personnalit\u00e9 influencent l'engagement social"},"content":{"rendered":"<figure id=\"attachment_233997\" class=\"wp-caption aligncenter\" style=\"width: 1200px;\" aria-describedby=\"caption-attachment-233997\"><a href=\"https:\/\/www.markt-kom.com\/wp-content\/uploads\/2025\/04\/iStock-1265547076_south_Agency_Hauptbild.jpg\"><img class=\"size-full wp-image-233997\" src=\"https:\/\/www.markt-kom.com\/wp-content\/uploads\/2025\/04\/iStock-1265547076_south_Agency_Hauptbild.jpg\" sizes=\"(max-width: 1200px) 100vw, 1200px\" srcset=\"https:\/\/www.markt-kom.com\/wp-content\/uploads\/2025\/04\/iStock-1265547076_south_Agency_Hauptbild.jpg 1200w, https:\/\/www.markt-kom.com\/wp-content\/uploads\/2025\/04\/iStock-1265547076_south_Agency_Hauptbild-600x450.jpg 600w, https:\/\/www.markt-kom.com\/wp-content\/uploads\/2025\/04\/iStock-1265547076_south_Agency_Hauptbild-1024x768.jpg 1024w, https:\/\/www.markt-kom.com\/wp-content\/uploads\/2025\/04\/iStock-1265547076_south_Agency_Hauptbild-768x576.jpg 768w, https:\/\/www.markt-kom.com\/wp-content\/uploads\/2025\/04\/iStock-1265547076_south_Agency_Hauptbild-16x12.jpg 16w, https:\/\/www.markt-kom.com\/wp-content\/uploads\/2025\/04\/iStock-1265547076_south_Agency_Hauptbild-233x175.jpg 233w, https:\/\/www.markt-kom.com\/wp-content\/uploads\/2025\/04\/iStock-1265547076_south_Agency_Hauptbild-467x350.jpg 467w, https:\/\/www.markt-kom.com\/wp-content\/uploads\/2025\/04\/iStock-1265547076_south_Agency_Hauptbild-1000x750.jpg 1000w\" alt=\"\" width=\"1200\" height=\"900\" \/><\/a>\r\n<figcaption id=\"caption-attachment-233997\" class=\"wp-caption-text\">Les diff\u00e9rences individuelles de personnalit\u00e9 peuvent expliquer pourquoi certaines personnes s'engagent plus que d'autres pour le bien commun - par exemple en ramassant des d\u00e9chets dans la nature. (Image : Istock.com\/South_agency)<\/figcaption>\r\n<\/figure>\r\n<p>Des chercheurs de l'Institut de psychologie de l'Universit\u00e9 de Zurich ont examin\u00e9, dans le cadre d'une analyse approfondie de 29 \u00e9tudes internationales portant sur plus de 90 000 participants, comment les cinq traits de personnalit\u00e9 fondamentaux - ouverture, conscience, extraversion, tol\u00e9rance et contr\u00f4le des \u00e9motions - sont corr\u00e9l\u00e9s \u00e0 l'engagement social.<\/p>\r\n<p>Les r\u00e9sultats montrent que l'extraversion et la compatibilit\u00e9, en particulier, sont associ\u00e9es \u00e0 un engagement plus important dans le b\u00e9n\u00e9volat et \u00e0 une plus grande propension \u00e0 donner de l'argent \u00e0 des fins caritatives. Les personnes extraverties sont plus susceptibles de faire du b\u00e9n\u00e9volat, tandis que les personnes serviables et empathiques sont plus susceptibles de faire des dons.<\/p>\r\n<p>En revanche, d'autres traits de personnalit\u00e9, tels que la conscience ou l'ouverture, ont moins d'influence sur l'engagement social. L'\u00e9tude offre donc des informations pr\u00e9cieuses aux organisations et aux d\u00e9cideurs qui souhaitent d\u00e9velopper des strat\u00e9gies cibl\u00e9es pour promouvoir le b\u00e9n\u00e9volat. \"Nos r\u00e9sultats confirment que les diff\u00e9rences individuelles dans la personnalit\u00e9 jouent un r\u00f4le dans le fait de savoir si et dans quelle mesure les gens s'engagent socialement\", explique Wiebke Bleidorn, professeur de psychologie \u00e0 l'universit\u00e9 de Zurich. Une meilleure compr\u00e9hension de ces liens pourrait aider \u00e0 encourager les gens \u00e0 s'engager pour le bien commun sur la base de leurs forces et motivations individuelles, selon la premi\u00e8re auteure.<\/p>\r\n<hr \/>\r\n<p><em><a href=\"https:\/\/osf.io\/preprints\/psyarxiv\/4sjhg_v1\">L'\u00e9tude de Bleidorn et al. a \u00e9t\u00e9 publi\u00e9e dans le Journal of Personality and Social Psychology.<\/a><\/em><\/p>","protected":false},"excerpt":{"rendered":"<p>Une \u00e9tude de l'universit\u00e9 de Zurich met en lumi\u00e8re la mani\u00e8re dont les traits de personnalit\u00e9 tels que l'extraversion et la compatibilit\u00e9 sont li\u00e9s \u00e0 l'engagement b\u00e9n\u00e9vole et \u00e0 la volont\u00e9 de faire des dons. Les r\u00e9sultats offrent de nouvelles perspectives pour la promotion du b\u00e9n\u00e9volat et de la culture du don.<\/p>","protected":false},"author":8,"featured_media":0,"comment_status":"closed","ping_status":"closed","sticky":false,"template":"","format":"standard","meta":{"_acf_changed":false,"_yoast_wpseo_focuskw":"Pers\u00f6nlichkeitsmerkmale","_yoast_wpseo_metadesc":"Eine Studie beleuchtet, wie Pers\u00f6nlichkeitsmerkmale mit ehrenamtlichem Engagement und Spendenbereitschaft zusammenh\u00e4ngen.","articlekey":"","footnotes":""},"categories":[29],"tags":[4343,5320,459],"class_list":["post-38077","post","type-post","status-publish","format-standard","hentry","category-marketing","tag-markom","tag-sozialforschung","tag-studie"],"acf":[],"yoast_head":"<!-- This site is optimized with the Yoast SEO plugin v27.5 - https:\/\/yoast.com\/product\/yoast-seo-wordpress\/ -->\n<title>Studie zeigt: Pers\u00f6nlichkeitsmerkmale beeinflussen soziales Engagement - Organisator<\/title>\n<meta name=\"description\" content=\"Eine Studie beleuchtet, wie Pers\u00f6nlichkeitsmerkmale mit ehrenamtlichem Engagement und Spendenbereitschaft zusammenh\u00e4ngen.\" \/>\n<meta name=\"robots\" content=\"index, follow, max-snippet:-1, max-image-preview:large, max-video-preview:-1\" \/>\n<link rel=\"canonical\" href=\"https:\/\/www.organisator.ch\/fr\/marketing\/2025-04-29\/studie-zeigt-persoenlichkeitsmerkmale-beeinflussen-soziales-engagement\/\" \/>\n<meta property=\"og:locale\" content=\"fr_FR\" \/>\n<meta property=\"og:type\" content=\"article\" \/>\n<meta property=\"og:title\" content=\"Studie zeigt: Pers\u00f6nlichkeitsmerkmale beeinflussen soziales Engagement - Organisator\" \/>\n<meta property=\"og:description\" content=\"Eine Studie beleuchtet, wie Pers\u00f6nlichkeitsmerkmale mit ehrenamtlichem Engagement und Spendenbereitschaft zusammenh\u00e4ngen.\" \/>\n<meta property=\"og:url\" content=\"https:\/\/www.organisator.ch\/fr\/marketing\/2025-04-29\/studie-zeigt-persoenlichkeitsmerkmale-beeinflussen-soziales-engagement\/\" \/>\n<meta property=\"og:site_name\" content=\"Organisator\" \/>\n<meta property=\"article:publisher\" content=\"https:\/\/www.facebook.com\/OrganisatorFachmagazin\" \/>\n<meta property=\"article:published_time\" content=\"2025-04-29T15:38:33+00:00\" \/>\n<meta property=\"article:modified_time\" content=\"2025-04-30T05:36:55+00:00\" \/>\n<meta name=\"author\" content=\"galledia\" \/>\n<meta name=\"twitter:card\" content=\"summary_large_image\" \/>\n<meta name=\"twitter:creator\" content=\"@admin\" \/>\n<script type=\"application\/ld+json\" class=\"yoast-schema-graph\">{\"@context\":\"https:\\\/\\\/schema.org\",\"@graph\":[{\"@type\":\"Article\",\"@id\":\"https:\\\/\\\/www.organisator.ch\\\/marketing\\\/2025-04-29\\\/studie-zeigt-persoenlichkeitsmerkmale-beeinflussen-soziales-engagement\\\/#article\",\"isPartOf\":{\"@id\":\"https:\\\/\\\/www.organisator.ch\\\/marketing\\\/2025-04-29\\\/studie-zeigt-persoenlichkeitsmerkmale-beeinflussen-soziales-engagement\\\/\"},\"author\":{\"name\":\"galledia\",\"@id\":\"https:\\\/\\\/www.organisator.ch\\\/#\\\/schema\\\/person\\\/4e51799071cd2dd1232ac003643ef5f0\"},\"headline\":\"Studie zeigt: Pers\u00f6nlichkeitsmerkmale beeinflussen soziales Engagement\",\"datePublished\":\"2025-04-29T15:38:33+00:00\",\"dateModified\":\"2025-04-30T05:36:55+00:00\",\"mainEntityOfPage\":{\"@id\":\"https:\\\/\\\/www.organisator.ch\\\/marketing\\\/2025-04-29\\\/studie-zeigt-persoenlichkeitsmerkmale-beeinflussen-soziales-engagement\\\/\"},\"wordCount\":256,\"publisher\":{\"@id\":\"https:\\\/\\\/www.organisator.ch\\\/#organization\"},\"image\":{\"@id\":\"https:\\\/\\\/www.organisator.ch\\\/marketing\\\/2025-04-29\\\/studie-zeigt-persoenlichkeitsmerkmale-beeinflussen-soziales-engagement\\\/#primaryimage\"},\"thumbnailUrl\":\"https:\\\/\\\/www.markt-kom.com\\\/wp-content\\\/uploads\\\/2025\\\/04\\\/iStock-1265547076_south_Agency_Hauptbild.jpg\",\"keywords\":[\"MarKom\",\"Sozialforschung\",\"Studie\"],\"articleSection\":[\"MARKETING\"],\"inLanguage\":\"fr-FR\"},{\"@type\":\"WebPage\",\"@id\":\"https:\\\/\\\/www.organisator.ch\\\/marketing\\\/2025-04-29\\\/studie-zeigt-persoenlichkeitsmerkmale-beeinflussen-soziales-engagement\\\/\",\"url\":\"https:\\\/\\\/www.organisator.ch\\\/marketing\\\/2025-04-29\\\/studie-zeigt-persoenlichkeitsmerkmale-beeinflussen-soziales-engagement\\\/\",\"name\":\"Studie zeigt: Pers\u00f6nlichkeitsmerkmale beeinflussen soziales Engagement - Organisator\",\"isPartOf\":{\"@id\":\"https:\\\/\\\/www.organisator.ch\\\/#website\"},\"primaryImageOfPage\":{\"@id\":\"https:\\\/\\\/www.organisator.ch\\\/marketing\\\/2025-04-29\\\/studie-zeigt-persoenlichkeitsmerkmale-beeinflussen-soziales-engagement\\\/#primaryimage\"},\"image\":{\"@id\":\"https:\\\/\\\/www.organisator.ch\\\/marketing\\\/2025-04-29\\\/studie-zeigt-persoenlichkeitsmerkmale-beeinflussen-soziales-engagement\\\/#primaryimage\"},\"thumbnailUrl\":\"https:\\\/\\\/www.markt-kom.com\\\/wp-content\\\/uploads\\\/2025\\\/04\\\/iStock-1265547076_south_Agency_Hauptbild.jpg\",\"datePublished\":\"2025-04-29T15:38:33+00:00\",\"dateModified\":\"2025-04-30T05:36:55+00:00\",\"description\":\"Eine Studie beleuchtet, wie Pers\u00f6nlichkeitsmerkmale mit ehrenamtlichem Engagement und Spendenbereitschaft zusammenh\u00e4ngen.\",\"breadcrumb\":{\"@id\":\"https:\\\/\\\/www.organisator.ch\\\/marketing\\\/2025-04-29\\\/studie-zeigt-persoenlichkeitsmerkmale-beeinflussen-soziales-engagement\\\/#breadcrumb\"},\"inLanguage\":\"fr-FR\",\"potentialAction\":[{\"@type\":\"ReadAction\",\"target\":[\"https:\\\/\\\/www.organisator.ch\\\/marketing\\\/2025-04-29\\\/studie-zeigt-persoenlichkeitsmerkmale-beeinflussen-soziales-engagement\\\/\"]}]},{\"@type\":\"ImageObject\",\"inLanguage\":\"fr-FR\",\"@id\":\"https:\\\/\\\/www.organisator.ch\\\/marketing\\\/2025-04-29\\\/studie-zeigt-persoenlichkeitsmerkmale-beeinflussen-soziales-engagement\\\/#primaryimage\",\"url\":\"https:\\\/\\\/www.markt-kom.com\\\/wp-content\\\/uploads\\\/2025\\\/04\\\/iStock-1265547076_south_Agency_Hauptbild.jpg\",\"contentUrl\":\"https:\\\/\\\/www.markt-kom.com\\\/wp-content\\\/uploads\\\/2025\\\/04\\\/iStock-1265547076_south_Agency_Hauptbild.jpg\"},{\"@type\":\"BreadcrumbList\",\"@id\":\"https:\\\/\\\/www.organisator.ch\\\/marketing\\\/2025-04-29\\\/studie-zeigt-persoenlichkeitsmerkmale-beeinflussen-soziales-engagement\\\/#breadcrumb\",\"itemListElement\":[{\"@type\":\"ListItem\",\"position\":1,\"name\":\"Home\",\"item\":\"https:\\\/\\\/www.organisator.ch\\\/\"},{\"@type\":\"ListItem\",\"position\":2,\"name\":\"Studie zeigt: Pers\u00f6nlichkeitsmerkmale beeinflussen soziales Engagement\"}]},{\"@type\":\"WebSite\",\"@id\":\"https:\\\/\\\/www.organisator.ch\\\/#website\",\"url\":\"https:\\\/\\\/www.organisator.ch\\\/\",\"name\":\"Organisator\",\"description\":\"Kompetent. Praxisnah. Der ORGANISATOR bereitet in 10 Ausgaben pro Jahr die wesentlichen Themen f\u00fcr F\u00fchrungskr\u00e4fte von KMU auf.\",\"publisher\":{\"@id\":\"https:\\\/\\\/www.organisator.ch\\\/#organization\"},\"potentialAction\":[{\"@type\":\"SearchAction\",\"target\":{\"@type\":\"EntryPoint\",\"urlTemplate\":\"https:\\\/\\\/www.organisator.ch\\\/?s={search_term_string}\"},\"query-input\":{\"@type\":\"PropertyValueSpecification\",\"valueRequired\":true,\"valueName\":\"search_term_string\"}}],\"inLanguage\":\"fr-FR\"},{\"@type\":\"Organization\",\"@id\":\"https:\\\/\\\/www.organisator.ch\\\/#organization\",\"name\":\"Organisator\",\"url\":\"https:\\\/\\\/www.organisator.ch\\\/\",\"logo\":{\"@type\":\"ImageObject\",\"inLanguage\":\"fr-FR\",\"@id\":\"https:\\\/\\\/www.organisator.ch\\\/#\\\/schema\\\/logo\\\/image\\\/\",\"url\":\"https:\\\/\\\/www.organisator.ch\\\/wp-content\\\/uploads\\\/2022\\\/01\\\/Logo_Organisator_Website.png\",\"contentUrl\":\"https:\\\/\\\/www.organisator.ch\\\/wp-content\\\/uploads\\\/2022\\\/01\\\/Logo_Organisator_Website.png\",\"width\":800,\"height\":77,\"caption\":\"Organisator\"},\"image\":{\"@id\":\"https:\\\/\\\/www.organisator.ch\\\/#\\\/schema\\\/logo\\\/image\\\/\"},\"sameAs\":[\"https:\\\/\\\/www.facebook.com\\\/OrganisatorFachmagazin\",\"https:\\\/\\\/www.linkedin.com\\\/showcase\\\/organisator-das-magazin-fr-kmu\",\"https:\\\/\\\/www.xing.com\\\/news\\\/pages\\\/organisator-ch-695\",\"https:\\\/\\\/www.youtube.com\\\/channel\\\/UCGP2Sq0iWaZwT3BdIAQFYpw\"]},{\"@type\":\"Person\",\"@id\":\"https:\\\/\\\/www.organisator.ch\\\/#\\\/schema\\\/person\\\/4e51799071cd2dd1232ac003643ef5f0\",\"name\":\"galledia\",\"image\":{\"@type\":\"ImageObject\",\"inLanguage\":\"fr-FR\",\"@id\":\"https:\\\/\\\/secure.gravatar.com\\\/avatar\\\/78a7f90c01fc2bfc875782a0d4922b37cde2cf184ce347b91316d23cd7f69a36?s=96&d=mm&r=g\",\"url\":\"https:\\\/\\\/secure.gravatar.com\\\/avatar\\\/78a7f90c01fc2bfc875782a0d4922b37cde2cf184ce347b91316d23cd7f69a36?s=96&d=mm&r=g\",\"contentUrl\":\"https:\\\/\\\/secure.gravatar.com\\\/avatar\\\/78a7f90c01fc2bfc875782a0d4922b37cde2cf184ce347b91316d23cd7f69a36?s=96&d=mm&r=g\",\"caption\":\"galledia\"},\"sameAs\":[\"https:\\\/\\\/x.com\\\/admin\"],\"url\":\"https:\\\/\\\/www.organisator.ch\\\/fr\\\/author\\\/galledia\\\/\"}]}<\/script>\n<!-- \/ Yoast SEO plugin. -->","yoast_head_json":{"title":"Une \u00e9tude montre que les traits de personnalit\u00e9 influencent l'engagement social - Organisateur","description":"Une \u00e9tude met en lumi\u00e8re la mani\u00e8re dont les traits de personnalit\u00e9 sont li\u00e9s \u00e0 l'engagement b\u00e9n\u00e9vole et \u00e0 la volont\u00e9 de faire des dons.","robots":{"index":"index","follow":"follow","max-snippet":"max-snippet:-1","max-image-preview":"max-image-preview:large","max-video-preview":"max-video-preview:-1"},"canonical":"https:\/\/www.organisator.ch\/fr\/marketing\/2025-04-29\/studie-zeigt-persoenlichkeitsmerkmale-beeinflussen-soziales-engagement\/","og_locale":"fr_FR","og_type":"article","og_title":"Studie zeigt: Pers\u00f6nlichkeitsmerkmale beeinflussen soziales Engagement - Organisator","og_description":"Eine Studie beleuchtet, wie Pers\u00f6nlichkeitsmerkmale mit ehrenamtlichem Engagement und Spendenbereitschaft zusammenh\u00e4ngen.","og_url":"https:\/\/www.organisator.ch\/fr\/marketing\/2025-04-29\/studie-zeigt-persoenlichkeitsmerkmale-beeinflussen-soziales-engagement\/","og_site_name":"Organisator","article_publisher":"https:\/\/www.facebook.com\/OrganisatorFachmagazin","article_published_time":"2025-04-29T15:38:33+00:00","article_modified_time":"2025-04-30T05:36:55+00:00","author":"galledia","twitter_card":"summary_large_image","twitter_creator":"@admin","schema":{"@context":"https:\/\/schema.org","@graph":[{"@type":"Article","@id":"https:\/\/www.organisator.ch\/marketing\/2025-04-29\/studie-zeigt-persoenlichkeitsmerkmale-beeinflussen-soziales-engagement\/#article","isPartOf":{"@id":"https:\/\/www.organisator.ch\/marketing\/2025-04-29\/studie-zeigt-persoenlichkeitsmerkmale-beeinflussen-soziales-engagement\/"},"author":{"name":"galledia","@id":"https:\/\/www.organisator.ch\/#\/schema\/person\/4e51799071cd2dd1232ac003643ef5f0"},"headline":"Studie zeigt: Pers\u00f6nlichkeitsmerkmale beeinflussen soziales Engagement","datePublished":"2025-04-29T15:38:33+00:00","dateModified":"2025-04-30T05:36:55+00:00","mainEntityOfPage":{"@id":"https:\/\/www.organisator.ch\/marketing\/2025-04-29\/studie-zeigt-persoenlichkeitsmerkmale-beeinflussen-soziales-engagement\/"},"wordCount":256,"publisher":{"@id":"https:\/\/www.organisator.ch\/#organization"},"image":{"@id":"https:\/\/www.organisator.ch\/marketing\/2025-04-29\/studie-zeigt-persoenlichkeitsmerkmale-beeinflussen-soziales-engagement\/#primaryimage"},"thumbnailUrl":"https:\/\/www.markt-kom.com\/wp-content\/uploads\/2025\/04\/iStock-1265547076_south_Agency_Hauptbild.jpg","keywords":["MarKom","Sozialforschung","Studie"],"articleSection":["MARKETING"],"inLanguage":"fr-FR"},{"@type":"WebPage","@id":"https:\/\/www.organisator.ch\/marketing\/2025-04-29\/studie-zeigt-persoenlichkeitsmerkmale-beeinflussen-soziales-engagement\/","url":"https:\/\/www.organisator.ch\/marketing\/2025-04-29\/studie-zeigt-persoenlichkeitsmerkmale-beeinflussen-soziales-engagement\/","name":"Une \u00e9tude montre que les traits de personnalit\u00e9 influencent l'engagement social - Organisateur","isPartOf":{"@id":"https:\/\/www.organisator.ch\/#website"},"primaryImageOfPage":{"@id":"https:\/\/www.organisator.ch\/marketing\/2025-04-29\/studie-zeigt-persoenlichkeitsmerkmale-beeinflussen-soziales-engagement\/#primaryimage"},"image":{"@id":"https:\/\/www.organisator.ch\/marketing\/2025-04-29\/studie-zeigt-persoenlichkeitsmerkmale-beeinflussen-soziales-engagement\/#primaryimage"},"thumbnailUrl":"https:\/\/www.markt-kom.com\/wp-content\/uploads\/2025\/04\/iStock-1265547076_south_Agency_Hauptbild.jpg","datePublished":"2025-04-29T15:38:33+00:00","dateModified":"2025-04-30T05:36:55+00:00","description":"Une \u00e9tude met en lumi\u00e8re la mani\u00e8re dont les traits de personnalit\u00e9 sont li\u00e9s \u00e0 l'engagement b\u00e9n\u00e9vole et \u00e0 la volont\u00e9 de faire des dons.","breadcrumb":{"@id":"https:\/\/www.organisator.ch\/marketing\/2025-04-29\/studie-zeigt-persoenlichkeitsmerkmale-beeinflussen-soziales-engagement\/#breadcrumb"},"inLanguage":"fr-FR","potentialAction":[{"@type":"ReadAction","target":["https:\/\/www.organisator.ch\/marketing\/2025-04-29\/studie-zeigt-persoenlichkeitsmerkmale-beeinflussen-soziales-engagement\/"]}]},{"@type":"ImageObject","inLanguage":"fr-FR","@id":"https:\/\/www.organisator.ch\/marketing\/2025-04-29\/studie-zeigt-persoenlichkeitsmerkmale-beeinflussen-soziales-engagement\/#primaryimage","url":"https:\/\/www.markt-kom.com\/wp-content\/uploads\/2025\/04\/iStock-1265547076_south_Agency_Hauptbild.jpg","contentUrl":"https:\/\/www.markt-kom.com\/wp-content\/uploads\/2025\/04\/iStock-1265547076_south_Agency_Hauptbild.jpg"},{"@type":"BreadcrumbList","@id":"https:\/\/www.organisator.ch\/marketing\/2025-04-29\/studie-zeigt-persoenlichkeitsmerkmale-beeinflussen-soziales-engagement\/#breadcrumb","itemListElement":[{"@type":"ListItem","position":1,"name":"Home","item":"https:\/\/www.organisator.ch\/"},{"@type":"ListItem","position":2,"name":"Studie zeigt: Pers\u00f6nlichkeitsmerkmale beeinflussen soziales Engagement"}]},{"@type":"WebSite","@id":"https:\/\/www.organisator.ch\/#website","url":"https:\/\/www.organisator.ch\/","name":"Organisateur","description":"Comp\u00e9tence et comp\u00e9tence. Proches de la pratique. L'ORGANISATEUR pr\u00e9pare 10 num\u00e9ros par an sur les th\u00e8mes essentiels pour les dirigeants de PME.","publisher":{"@id":"https:\/\/www.organisator.ch\/#organization"},"potentialAction":[{"@type":"SearchAction","target":{"@type":"EntryPoint","urlTemplate":"https:\/\/www.organisator.ch\/?s={search_term_string}"},"query-input":{"@type":"PropertyValueSpecification","valueRequired":true,"valueName":"search_term_string"}}],"inLanguage":"fr-FR"},{"@type":"Organization","@id":"https:\/\/www.organisator.ch\/#organization","name":"Organisateur","url":"https:\/\/www.organisator.ch\/","logo":{"@type":"ImageObject","inLanguage":"fr-FR","@id":"https:\/\/www.organisator.ch\/#\/schema\/logo\/image\/","url":"https:\/\/www.organisator.ch\/wp-content\/uploads\/2022\/01\/Logo_Organisator_Website.png","contentUrl":"https:\/\/www.organisator.ch\/wp-content\/uploads\/2022\/01\/Logo_Organisator_Website.png","width":800,"height":77,"caption":"Organisator"},"image":{"@id":"https:\/\/www.organisator.ch\/#\/schema\/logo\/image\/"},"sameAs":["https:\/\/www.facebook.com\/OrganisatorFachmagazin","https:\/\/www.linkedin.com\/showcase\/organisator-das-magazin-fr-kmu","https:\/\/www.xing.com\/news\/pages\/organisator-ch-695","https:\/\/www.youtube.com\/channel\/UCGP2Sq0iWaZwT3BdIAQFYpw"]},{"@type":"Person","@id":"https:\/\/www.organisator.ch\/#\/schema\/person\/4e51799071cd2dd1232ac003643ef5f0","name":"galledia","image":{"@type":"ImageObject","inLanguage":"fr-FR","@id":"https:\/\/secure.gravatar.com\/avatar\/78a7f90c01fc2bfc875782a0d4922b37cde2cf184ce347b91316d23cd7f69a36?s=96&d=mm&r=g","url":"https:\/\/secure.gravatar.com\/avatar\/78a7f90c01fc2bfc875782a0d4922b37cde2cf184ce347b91316d23cd7f69a36?s=96&d=mm&r=g","contentUrl":"https:\/\/secure.gravatar.com\/avatar\/78a7f90c01fc2bfc875782a0d4922b37cde2cf184ce347b91316d23cd7f69a36?s=96&d=mm&r=g","caption":"galledia"},"sameAs":["https:\/\/x.com\/admin"],"url":"https:\/\/www.organisator.ch\/fr\/author\/galledia\/"}]}},"_links":{"self":[{"href":"https:\/\/www.organisator.ch\/fr\/wp-json\/wp\/v2\/posts\/38077","targetHints":{"allow":["GET"]}}],"collection":[{"href":"https:\/\/www.organisator.ch\/fr\/wp-json\/wp\/v2\/posts"}],"about":[{"href":"https:\/\/www.organisator.ch\/fr\/wp-json\/wp\/v2\/types\/post"}],"author":[{"embeddable":true,"href":"https:\/\/www.organisator.ch\/fr\/wp-json\/wp\/v2\/users\/8"}],"replies":[{"embeddable":true,"href":"https:\/\/www.organisator.ch\/fr\/wp-json\/wp\/v2\/comments?post=38077"}],"version-history":[{"count":4,"href":"https:\/\/www.organisator.ch\/fr\/wp-json\/wp\/v2\/posts\/38077\/revisions"}],"predecessor-version":[{"id":38081,"href":"https:\/\/www.organisator.ch\/fr\/wp-json\/wp\/v2\/posts\/38077\/revisions\/38081"}],"wp:attachment":[{"href":"https:\/\/www.organisator.ch\/fr\/wp-json\/wp\/v2\/media?parent=38077"}],"wp:term":[{"taxonomy":"category","embeddable":true,"href":"https:\/\/www.organisator.ch\/fr\/wp-json\/wp\/v2\/categories?post=38077"},{"taxonomy":"post_tag","embeddable":true,"href":"https:\/\/www.organisator.ch\/fr\/wp-json\/wp\/v2\/tags?post=38077"}],"curies":[{"name":"wp","href":"https:\/\/api.w.org\/{rel}","templated":true}]}}