{"id":3812,"date":"2018-06-18T07:46:30","date_gmt":"2018-06-18T05:46:30","guid":{"rendered":"https:\/\/www.organisator.ch\/?p=3812"},"modified":"2018-06-18T07:46:30","modified_gmt":"2018-06-18T05:46:30","slug":"umfrage-trends-in-der-absicherung-von-datenbanken-in-schweizer-kmu","status":"publish","type":"post","link":"https:\/\/www.organisator.ch\/fr\/allgemein\/2018-06-18\/umfrage-trends-in-der-absicherung-von-datenbanken-in-schweizer-kmu\/","title":{"rendered":"Enqu\u00eate : Tendances en mati\u00e8re de s\u00e9curisation des bases de donn\u00e9es dans les PME suisses"},"content":{"rendered":"<figure id=\"attachment_3814\" aria-describedby=\"caption-attachment-3814\" style=\"width: 550px\" class=\"wp-caption alignnone\"><img loading=\"lazy\" decoding=\"async\" class=\"size-full wp-image-3814\" src=\"https:\/\/www.organisator.ch\/wp-content\/uploads\/2018\/06\/Umfrage-Trends-in-der-Absicherung-von-Datenbanken-in-Schweizer-KMU_Organisator.jpg\" alt=\"\" width=\"550\" height=\"480\" srcset=\"https:\/\/www.organisator.ch\/wp-content\/uploads\/2018\/06\/Umfrage-Trends-in-der-Absicherung-von-Datenbanken-in-Schweizer-KMU_Organisator.jpg 550w, https:\/\/www.organisator.ch\/wp-content\/uploads\/2018\/06\/Umfrage-Trends-in-der-Absicherung-von-Datenbanken-in-Schweizer-KMU_Organisator-14x12.jpg 14w, https:\/\/www.organisator.ch\/wp-content\/uploads\/2018\/06\/Umfrage-Trends-in-der-Absicherung-von-Datenbanken-in-Schweizer-KMU_Organisator-201x175.jpg 201w, https:\/\/www.organisator.ch\/wp-content\/uploads\/2018\/06\/Umfrage-Trends-in-der-Absicherung-von-Datenbanken-in-Schweizer-KMU_Organisator-401x350.jpg 401w, https:\/\/www.organisator.ch\/wp-content\/uploads\/2018\/06\/Umfrage-Trends-in-der-Absicherung-von-Datenbanken-in-Schweizer-KMU_Organisator-300x262.jpg 300w\" sizes=\"auto, (max-width: 550px) 100vw, 550px\" \/><figcaption id=\"caption-attachment-3814\" class=\"wp-caption-text\">Une enqu\u00eate doit rassembler du mat\u00e9riel statistique sur le th\u00e8me \"Tendances dans la s\u00e9curisation des bases de donn\u00e9es\". (Image. Fotolia.com)<\/figcaption><\/figure>\n<p>Outre les opportunit\u00e9s, la progression de la num\u00e9risation comporte \u00e9galement des risques et place les PME suisses devant de grands d\u00e9fis. Les donn\u00e9es, un capital important pour de nombreuses entreprises, sont particuli\u00e8rement concern\u00e9es. Les incidents de fuite de donn\u00e9es enregistr\u00e9s ces derniers mois le prouvent \u00e9galement. Mais par o\u00f9 faut-il commencer pour prot\u00e9ger les donn\u00e9es ? Dans le cadre d'une th\u00e8se de master, nous examinons dans quelle mesure les PME suisses se pr\u00e9occupent de la protection sp\u00e9cifique des bases de donn\u00e9es. Il s'agit notamment de savoir si les PME suisses sont conscientes des dangers qui menacent les bases de donn\u00e9es et si elles disposent des connaissances n\u00e9cessaires pour les prot\u00e9ger.<\/p>\n<p>L'enqu\u00eate s'adresse aux responsables informatiques et des bases de donn\u00e9es dans les PME suisses et a pour but de d\u00e9terminer les tendances en mati\u00e8re de s\u00e9curisation des bases de donn\u00e9es. La r\u00e9alisation est enti\u00e8rement anonyme et sera adapt\u00e9e au nouveau RGPD. En outre, apr\u00e8s l'\u00e9valuation de l'enqu\u00eate et la finalisation du m\u00e9moire de master, les r\u00e9sultats seront mis \u00e0 disposition sous forme de r\u00e9sum\u00e9 sur un site web cr\u00e9\u00e9 \u00e0 cet effet.<\/p>\n<p><em>Participez donc et soutenez ainsi la recherche orient\u00e9e vers les applications. Voici le lien vers l'enqu\u00eate : <a href=\"https:\/\/survey.infoscience.ch\/index.php?r=survey\/index&amp;sid=984664&amp;lang=de\">https:\/\/survey.infoscience.ch\/index.php?r=survey\/index&amp;sid=984664&amp;lang=de<\/a><\/em><\/p>","protected":false},"excerpt":{"rendered":"<p>Die fortschreitende Digitalisierung bringt neben Chancen auch Risiken mit sich und stellt Schweizer KMU vor grosse Herausforderungen. Daten, ein wichtiges Kapital vieler Unternehmen, sind besonders betroffen. Dies belegen auch die in den vergangenen Monaten verzeichneten Vorf\u00e4lle von Datenabfl\u00fcssen. Doch wo muss angesetzt werden, um Daten zu sch\u00fctzen? Im Rahmen einer Masterthesis wird untersucht, wie stark [&hellip;]<\/p>\n","protected":false},"author":4,"featured_media":3814,"comment_status":"open","ping_status":"open","sticky":false,"template":"","format":"standard","meta":{"_acf_changed":false,"_yoast_wpseo_focuskw":"Umfrage","_yoast_wpseo_metadesc":"Derzeit arbeitet Monika Stucki, Studierende an der HTW Chur, an ihrer Masterthesis zum Thema \"Trends in der Absicherung von Datenbanken in Schweizer KMU\". Grundlage dazu soll eine Befragung von Schweizer KMU bilden.","articlekey":"","footnotes":""},"categories":[1],"tags":[218,286,459,487],"class_list":["post-3812","post","type-post","status-publish","format-standard","has-post-thumbnail","hentry","category-allgemein","tag-forschung","tag-it","tag-studie","tag-umfrage"],"acf":[],"yoast_head":"<!-- This site is optimized with the Yoast SEO plugin v27.5 - https:\/\/yoast.com\/product\/yoast-seo-wordpress\/ -->\n<title>Umfrage: Trends in der Absicherung von Datenbanken in Schweizer KMU - Organisator<\/title>\n<meta name=\"description\" content=\"Derzeit arbeitet Monika Stucki, Studierende an der HTW Chur, an ihrer Masterthesis zum Thema &quot;Trends in der Absicherung von Datenbanken in Schweizer KMU&quot;. Grundlage dazu soll eine Befragung von Schweizer KMU bilden.\" \/>\n<meta name=\"robots\" content=\"index, follow, max-snippet:-1, max-image-preview:large, max-video-preview:-1\" \/>\n<link rel=\"canonical\" href=\"https:\/\/www.organisator.ch\/fr\/general\/2018-06-18\/umfrage-trends-in-der-absicherung-von-datenbanken-in-schweizer-kmu\/\" \/>\n<meta property=\"og:locale\" content=\"fr_FR\" \/>\n<meta property=\"og:type\" content=\"article\" \/>\n<meta property=\"og:title\" content=\"Umfrage: Trends in der Absicherung von Datenbanken in Schweizer KMU\" \/>\n<meta property=\"og:description\" content=\"Derzeit arbeitet Monika Stucki, Studierende an der HTW Chur, an ihrer Masterthesis zum Thema &quot;Trends in der Absicherung von Datenbanken in Schweizer KMU&quot;. Grundlage dazu soll eine Befragung von Schweizer KMU bilden.\" \/>\n<meta property=\"og:url\" content=\"https:\/\/www.organisator.ch\/fr\/general\/2018-06-18\/umfrage-trends-in-der-absicherung-von-datenbanken-in-schweizer-kmu\/\" \/>\n<meta property=\"og:site_name\" content=\"Organisator\" \/>\n<meta property=\"article:publisher\" content=\"https:\/\/www.facebook.com\/OrganisatorFachmagazin\" \/>\n<meta property=\"article:published_time\" content=\"2018-06-18T05:46:30+00:00\" \/>\n<meta property=\"og:image\" content=\"https:\/\/www.organisator.ch\/wp-content\/uploads\/2018\/06\/Umfrage-Trends-in-der-Absicherung-von-Datenbanken-in-Schweizer-KMU_Organisator.jpg\" \/>\n\t<meta property=\"og:image:width\" content=\"550\" \/>\n\t<meta property=\"og:image:height\" content=\"480\" \/>\n\t<meta property=\"og:image:type\" content=\"image\/jpeg\" \/>\n<meta name=\"author\" content=\"thomas.berner\" \/>\n<meta name=\"twitter:card\" content=\"summary_large_image\" \/>\n<script type=\"application\/ld+json\" class=\"yoast-schema-graph\">{\"@context\":\"https:\\\/\\\/schema.org\",\"@graph\":[{\"@type\":\"Article\",\"@id\":\"https:\\\/\\\/www.organisator.ch\\\/en\\\/general\\\/2018-06-18\\\/umfrage-trends-in-der-absicherung-von-datenbanken-in-schweizer-kmu\\\/#article\",\"isPartOf\":{\"@id\":\"https:\\\/\\\/www.organisator.ch\\\/en\\\/general\\\/2018-06-18\\\/umfrage-trends-in-der-absicherung-von-datenbanken-in-schweizer-kmu\\\/\"},\"author\":{\"name\":\"thomas.berner\",\"@id\":\"https:\\\/\\\/www.organisator.ch\\\/#\\\/schema\\\/person\\\/6f650f90b2842cd4c0cc334b4e36f67e\"},\"headline\":\"Umfrage: Trends in der Absicherung von Datenbanken in Schweizer KMU\",\"datePublished\":\"2018-06-18T05:46:30+00:00\",\"mainEntityOfPage\":{\"@id\":\"https:\\\/\\\/www.organisator.ch\\\/en\\\/general\\\/2018-06-18\\\/umfrage-trends-in-der-absicherung-von-datenbanken-in-schweizer-kmu\\\/\"},\"wordCount\":222,\"commentCount\":0,\"publisher\":{\"@id\":\"https:\\\/\\\/www.organisator.ch\\\/#organization\"},\"image\":{\"@id\":\"https:\\\/\\\/www.organisator.ch\\\/en\\\/general\\\/2018-06-18\\\/umfrage-trends-in-der-absicherung-von-datenbanken-in-schweizer-kmu\\\/#primaryimage\"},\"thumbnailUrl\":\"https:\\\/\\\/www.organisator.ch\\\/wp-content\\\/uploads\\\/2018\\\/06\\\/Umfrage-Trends-in-der-Absicherung-von-Datenbanken-in-Schweizer-KMU_Organisator.jpg\",\"keywords\":[\"Forschung\",\"IT\",\"Studie\",\"Umfrage\"],\"articleSection\":[\"Allgemein\"],\"inLanguage\":\"fr-FR\"},{\"@type\":\"WebPage\",\"@id\":\"https:\\\/\\\/www.organisator.ch\\\/en\\\/general\\\/2018-06-18\\\/umfrage-trends-in-der-absicherung-von-datenbanken-in-schweizer-kmu\\\/\",\"url\":\"https:\\\/\\\/www.organisator.ch\\\/en\\\/general\\\/2018-06-18\\\/umfrage-trends-in-der-absicherung-von-datenbanken-in-schweizer-kmu\\\/\",\"name\":\"Umfrage: Trends in der Absicherung von Datenbanken in Schweizer KMU - Organisator\",\"isPartOf\":{\"@id\":\"https:\\\/\\\/www.organisator.ch\\\/#website\"},\"primaryImageOfPage\":{\"@id\":\"https:\\\/\\\/www.organisator.ch\\\/en\\\/general\\\/2018-06-18\\\/umfrage-trends-in-der-absicherung-von-datenbanken-in-schweizer-kmu\\\/#primaryimage\"},\"image\":{\"@id\":\"https:\\\/\\\/www.organisator.ch\\\/en\\\/general\\\/2018-06-18\\\/umfrage-trends-in-der-absicherung-von-datenbanken-in-schweizer-kmu\\\/#primaryimage\"},\"thumbnailUrl\":\"https:\\\/\\\/www.organisator.ch\\\/wp-content\\\/uploads\\\/2018\\\/06\\\/Umfrage-Trends-in-der-Absicherung-von-Datenbanken-in-Schweizer-KMU_Organisator.jpg\",\"datePublished\":\"2018-06-18T05:46:30+00:00\",\"description\":\"Derzeit arbeitet Monika Stucki, Studierende an der HTW Chur, an ihrer Masterthesis zum Thema \\\"Trends in der Absicherung von Datenbanken in Schweizer KMU\\\". Grundlage dazu soll eine Befragung von Schweizer KMU bilden.\",\"breadcrumb\":{\"@id\":\"https:\\\/\\\/www.organisator.ch\\\/en\\\/general\\\/2018-06-18\\\/umfrage-trends-in-der-absicherung-von-datenbanken-in-schweizer-kmu\\\/#breadcrumb\"},\"inLanguage\":\"fr-FR\",\"potentialAction\":[{\"@type\":\"ReadAction\",\"target\":[\"https:\\\/\\\/www.organisator.ch\\\/en\\\/general\\\/2018-06-18\\\/umfrage-trends-in-der-absicherung-von-datenbanken-in-schweizer-kmu\\\/\"]}]},{\"@type\":\"ImageObject\",\"inLanguage\":\"fr-FR\",\"@id\":\"https:\\\/\\\/www.organisator.ch\\\/en\\\/general\\\/2018-06-18\\\/umfrage-trends-in-der-absicherung-von-datenbanken-in-schweizer-kmu\\\/#primaryimage\",\"url\":\"https:\\\/\\\/www.organisator.ch\\\/wp-content\\\/uploads\\\/2018\\\/06\\\/Umfrage-Trends-in-der-Absicherung-von-Datenbanken-in-Schweizer-KMU_Organisator.jpg\",\"contentUrl\":\"https:\\\/\\\/www.organisator.ch\\\/wp-content\\\/uploads\\\/2018\\\/06\\\/Umfrage-Trends-in-der-Absicherung-von-Datenbanken-in-Schweizer-KMU_Organisator.jpg\",\"width\":550,\"height\":480,\"caption\":\"Eine Umfrage soll statistisches Material zum Thema \\\"Trends in der Absicherung von Datenbanken\\\" zusammentragen. (Bild. Fotolia.com)\"},{\"@type\":\"BreadcrumbList\",\"@id\":\"https:\\\/\\\/www.organisator.ch\\\/en\\\/general\\\/2018-06-18\\\/umfrage-trends-in-der-absicherung-von-datenbanken-in-schweizer-kmu\\\/#breadcrumb\",\"itemListElement\":[{\"@type\":\"ListItem\",\"position\":1,\"name\":\"Home\",\"item\":\"https:\\\/\\\/www.organisator.ch\\\/\"},{\"@type\":\"ListItem\",\"position\":2,\"name\":\"Umfrage: Trends in der Absicherung von Datenbanken in Schweizer KMU\"}]},{\"@type\":\"WebSite\",\"@id\":\"https:\\\/\\\/www.organisator.ch\\\/#website\",\"url\":\"https:\\\/\\\/www.organisator.ch\\\/\",\"name\":\"Organisator\",\"description\":\"Kompetent. Praxisnah. Der ORGANISATOR bereitet in 10 Ausgaben pro Jahr die wesentlichen Themen f\u00fcr F\u00fchrungskr\u00e4fte von KMU auf.\",\"publisher\":{\"@id\":\"https:\\\/\\\/www.organisator.ch\\\/#organization\"},\"potentialAction\":[{\"@type\":\"SearchAction\",\"target\":{\"@type\":\"EntryPoint\",\"urlTemplate\":\"https:\\\/\\\/www.organisator.ch\\\/?s={search_term_string}\"},\"query-input\":{\"@type\":\"PropertyValueSpecification\",\"valueRequired\":true,\"valueName\":\"search_term_string\"}}],\"inLanguage\":\"fr-FR\"},{\"@type\":\"Organization\",\"@id\":\"https:\\\/\\\/www.organisator.ch\\\/#organization\",\"name\":\"Organisator\",\"url\":\"https:\\\/\\\/www.organisator.ch\\\/\",\"logo\":{\"@type\":\"ImageObject\",\"inLanguage\":\"fr-FR\",\"@id\":\"https:\\\/\\\/www.organisator.ch\\\/#\\\/schema\\\/logo\\\/image\\\/\",\"url\":\"https:\\\/\\\/www.organisator.ch\\\/wp-content\\\/uploads\\\/2022\\\/01\\\/Logo_Organisator_Website.png\",\"contentUrl\":\"https:\\\/\\\/www.organisator.ch\\\/wp-content\\\/uploads\\\/2022\\\/01\\\/Logo_Organisator_Website.png\",\"width\":800,\"height\":77,\"caption\":\"Organisator\"},\"image\":{\"@id\":\"https:\\\/\\\/www.organisator.ch\\\/#\\\/schema\\\/logo\\\/image\\\/\"},\"sameAs\":[\"https:\\\/\\\/www.facebook.com\\\/OrganisatorFachmagazin\",\"https:\\\/\\\/www.linkedin.com\\\/showcase\\\/organisator-das-magazin-fr-kmu\",\"https:\\\/\\\/www.xing.com\\\/news\\\/pages\\\/organisator-ch-695\",\"https:\\\/\\\/www.youtube.com\\\/channel\\\/UCGP2Sq0iWaZwT3BdIAQFYpw\"]},{\"@type\":\"Person\",\"@id\":\"https:\\\/\\\/www.organisator.ch\\\/#\\\/schema\\\/person\\\/6f650f90b2842cd4c0cc334b4e36f67e\",\"name\":\"thomas.berner\",\"image\":{\"@type\":\"ImageObject\",\"inLanguage\":\"fr-FR\",\"@id\":\"https:\\\/\\\/secure.gravatar.com\\\/avatar\\\/ac5001d2a36cb6c6cd3e50789007ffca834b477b74a2144564522e944eabff61?s=96&d=mm&r=g\",\"url\":\"https:\\\/\\\/secure.gravatar.com\\\/avatar\\\/ac5001d2a36cb6c6cd3e50789007ffca834b477b74a2144564522e944eabff61?s=96&d=mm&r=g\",\"contentUrl\":\"https:\\\/\\\/secure.gravatar.com\\\/avatar\\\/ac5001d2a36cb6c6cd3e50789007ffca834b477b74a2144564522e944eabff61?s=96&d=mm&r=g\",\"caption\":\"thomas.berner\"},\"url\":\"https:\\\/\\\/www.organisator.ch\\\/fr\\\/author\\\/thomas-berner\\\/\"}]}<\/script>\n<!-- \/ Yoast SEO plugin. -->","yoast_head_json":{"title":"Enqu\u00eate : Tendances dans la s\u00e9curisation des bases de donn\u00e9es dans les PME suisses - Organisateur","description":"Actuellement, Monika Stucki, \u00e9tudiante \u00e0 la HTW de Coire, travaille sur sa th\u00e8se de master intitul\u00e9e \"Tendances dans la s\u00e9curisation des bases de donn\u00e9es dans les PME suisses\". Elle se base sur une enqu\u00eate men\u00e9e aupr\u00e8s de PME suisses.","robots":{"index":"index","follow":"follow","max-snippet":"max-snippet:-1","max-image-preview":"max-image-preview:large","max-video-preview":"max-video-preview:-1"},"canonical":"https:\/\/www.organisator.ch\/fr\/general\/2018-06-18\/umfrage-trends-in-der-absicherung-von-datenbanken-in-schweizer-kmu\/","og_locale":"fr_FR","og_type":"article","og_title":"Umfrage: Trends in der Absicherung von Datenbanken in Schweizer KMU","og_description":"Derzeit arbeitet Monika Stucki, Studierende an der HTW Chur, an ihrer Masterthesis zum Thema \"Trends in der Absicherung von Datenbanken in Schweizer KMU\". Grundlage dazu soll eine Befragung von Schweizer KMU bilden.","og_url":"https:\/\/www.organisator.ch\/fr\/general\/2018-06-18\/umfrage-trends-in-der-absicherung-von-datenbanken-in-schweizer-kmu\/","og_site_name":"Organisator","article_publisher":"https:\/\/www.facebook.com\/OrganisatorFachmagazin","article_published_time":"2018-06-18T05:46:30+00:00","og_image":[{"width":550,"height":480,"url":"https:\/\/www.organisator.ch\/wp-content\/uploads\/2018\/06\/Umfrage-Trends-in-der-Absicherung-von-Datenbanken-in-Schweizer-KMU_Organisator.jpg","type":"image\/jpeg"}],"author":"thomas.berner","twitter_card":"summary_large_image","schema":{"@context":"https:\/\/schema.org","@graph":[{"@type":"Article","@id":"https:\/\/www.organisator.ch\/en\/general\/2018-06-18\/umfrage-trends-in-der-absicherung-von-datenbanken-in-schweizer-kmu\/#article","isPartOf":{"@id":"https:\/\/www.organisator.ch\/en\/general\/2018-06-18\/umfrage-trends-in-der-absicherung-von-datenbanken-in-schweizer-kmu\/"},"author":{"name":"thomas.berner","@id":"https:\/\/www.organisator.ch\/#\/schema\/person\/6f650f90b2842cd4c0cc334b4e36f67e"},"headline":"Umfrage: Trends in der Absicherung von Datenbanken in Schweizer KMU","datePublished":"2018-06-18T05:46:30+00:00","mainEntityOfPage":{"@id":"https:\/\/www.organisator.ch\/en\/general\/2018-06-18\/umfrage-trends-in-der-absicherung-von-datenbanken-in-schweizer-kmu\/"},"wordCount":222,"commentCount":0,"publisher":{"@id":"https:\/\/www.organisator.ch\/#organization"},"image":{"@id":"https:\/\/www.organisator.ch\/en\/general\/2018-06-18\/umfrage-trends-in-der-absicherung-von-datenbanken-in-schweizer-kmu\/#primaryimage"},"thumbnailUrl":"https:\/\/www.organisator.ch\/wp-content\/uploads\/2018\/06\/Umfrage-Trends-in-der-Absicherung-von-Datenbanken-in-Schweizer-KMU_Organisator.jpg","keywords":["Forschung","IT","Studie","Umfrage"],"articleSection":["Allgemein"],"inLanguage":"fr-FR"},{"@type":"WebPage","@id":"https:\/\/www.organisator.ch\/en\/general\/2018-06-18\/umfrage-trends-in-der-absicherung-von-datenbanken-in-schweizer-kmu\/","url":"https:\/\/www.organisator.ch\/en\/general\/2018-06-18\/umfrage-trends-in-der-absicherung-von-datenbanken-in-schweizer-kmu\/","name":"Enqu\u00eate : Tendances dans la s\u00e9curisation des bases de donn\u00e9es dans les PME suisses - Organisateur","isPartOf":{"@id":"https:\/\/www.organisator.ch\/#website"},"primaryImageOfPage":{"@id":"https:\/\/www.organisator.ch\/en\/general\/2018-06-18\/umfrage-trends-in-der-absicherung-von-datenbanken-in-schweizer-kmu\/#primaryimage"},"image":{"@id":"https:\/\/www.organisator.ch\/en\/general\/2018-06-18\/umfrage-trends-in-der-absicherung-von-datenbanken-in-schweizer-kmu\/#primaryimage"},"thumbnailUrl":"https:\/\/www.organisator.ch\/wp-content\/uploads\/2018\/06\/Umfrage-Trends-in-der-Absicherung-von-Datenbanken-in-Schweizer-KMU_Organisator.jpg","datePublished":"2018-06-18T05:46:30+00:00","description":"Actuellement, Monika Stucki, \u00e9tudiante \u00e0 la HTW de Coire, travaille sur sa th\u00e8se de master intitul\u00e9e \"Tendances dans la s\u00e9curisation des bases de donn\u00e9es dans les PME suisses\". Elle se base sur une enqu\u00eate men\u00e9e aupr\u00e8s de PME suisses.","breadcrumb":{"@id":"https:\/\/www.organisator.ch\/en\/general\/2018-06-18\/umfrage-trends-in-der-absicherung-von-datenbanken-in-schweizer-kmu\/#breadcrumb"},"inLanguage":"fr-FR","potentialAction":[{"@type":"ReadAction","target":["https:\/\/www.organisator.ch\/en\/general\/2018-06-18\/umfrage-trends-in-der-absicherung-von-datenbanken-in-schweizer-kmu\/"]}]},{"@type":"ImageObject","inLanguage":"fr-FR","@id":"https:\/\/www.organisator.ch\/en\/general\/2018-06-18\/umfrage-trends-in-der-absicherung-von-datenbanken-in-schweizer-kmu\/#primaryimage","url":"https:\/\/www.organisator.ch\/wp-content\/uploads\/2018\/06\/Umfrage-Trends-in-der-Absicherung-von-Datenbanken-in-Schweizer-KMU_Organisator.jpg","contentUrl":"https:\/\/www.organisator.ch\/wp-content\/uploads\/2018\/06\/Umfrage-Trends-in-der-Absicherung-von-Datenbanken-in-Schweizer-KMU_Organisator.jpg","width":550,"height":480,"caption":"Eine Umfrage soll statistisches Material zum Thema \"Trends in der Absicherung von Datenbanken\" zusammentragen. (Bild. Fotolia.com)"},{"@type":"BreadcrumbList","@id":"https:\/\/www.organisator.ch\/en\/general\/2018-06-18\/umfrage-trends-in-der-absicherung-von-datenbanken-in-schweizer-kmu\/#breadcrumb","itemListElement":[{"@type":"ListItem","position":1,"name":"Home","item":"https:\/\/www.organisator.ch\/"},{"@type":"ListItem","position":2,"name":"Umfrage: Trends in der Absicherung von Datenbanken in Schweizer KMU"}]},{"@type":"WebSite","@id":"https:\/\/www.organisator.ch\/#website","url":"https:\/\/www.organisator.ch\/","name":"Organisateur","description":"Comp\u00e9tence et comp\u00e9tence. Proches de la pratique. L'ORGANISATEUR pr\u00e9pare 10 num\u00e9ros par an sur les th\u00e8mes essentiels pour les dirigeants de PME.","publisher":{"@id":"https:\/\/www.organisator.ch\/#organization"},"potentialAction":[{"@type":"SearchAction","target":{"@type":"EntryPoint","urlTemplate":"https:\/\/www.organisator.ch\/?s={search_term_string}"},"query-input":{"@type":"PropertyValueSpecification","valueRequired":true,"valueName":"search_term_string"}}],"inLanguage":"fr-FR"},{"@type":"Organization","@id":"https:\/\/www.organisator.ch\/#organization","name":"Organisateur","url":"https:\/\/www.organisator.ch\/","logo":{"@type":"ImageObject","inLanguage":"fr-FR","@id":"https:\/\/www.organisator.ch\/#\/schema\/logo\/image\/","url":"https:\/\/www.organisator.ch\/wp-content\/uploads\/2022\/01\/Logo_Organisator_Website.png","contentUrl":"https:\/\/www.organisator.ch\/wp-content\/uploads\/2022\/01\/Logo_Organisator_Website.png","width":800,"height":77,"caption":"Organisator"},"image":{"@id":"https:\/\/www.organisator.ch\/#\/schema\/logo\/image\/"},"sameAs":["https:\/\/www.facebook.com\/OrganisatorFachmagazin","https:\/\/www.linkedin.com\/showcase\/organisator-das-magazin-fr-kmu","https:\/\/www.xing.com\/news\/pages\/organisator-ch-695","https:\/\/www.youtube.com\/channel\/UCGP2Sq0iWaZwT3BdIAQFYpw"]},{"@type":"Person","@id":"https:\/\/www.organisator.ch\/#\/schema\/person\/6f650f90b2842cd4c0cc334b4e36f67e","name":"thomas.berner","image":{"@type":"ImageObject","inLanguage":"fr-FR","@id":"https:\/\/secure.gravatar.com\/avatar\/ac5001d2a36cb6c6cd3e50789007ffca834b477b74a2144564522e944eabff61?s=96&d=mm&r=g","url":"https:\/\/secure.gravatar.com\/avatar\/ac5001d2a36cb6c6cd3e50789007ffca834b477b74a2144564522e944eabff61?s=96&d=mm&r=g","contentUrl":"https:\/\/secure.gravatar.com\/avatar\/ac5001d2a36cb6c6cd3e50789007ffca834b477b74a2144564522e944eabff61?s=96&d=mm&r=g","caption":"thomas.berner"},"url":"https:\/\/www.organisator.ch\/fr\/author\/thomas-berner\/"}]}},"_links":{"self":[{"href":"https:\/\/www.organisator.ch\/fr\/wp-json\/wp\/v2\/posts\/3812","targetHints":{"allow":["GET"]}}],"collection":[{"href":"https:\/\/www.organisator.ch\/fr\/wp-json\/wp\/v2\/posts"}],"about":[{"href":"https:\/\/www.organisator.ch\/fr\/wp-json\/wp\/v2\/types\/post"}],"author":[{"embeddable":true,"href":"https:\/\/www.organisator.ch\/fr\/wp-json\/wp\/v2\/users\/4"}],"replies":[{"embeddable":true,"href":"https:\/\/www.organisator.ch\/fr\/wp-json\/wp\/v2\/comments?post=3812"}],"version-history":[{"count":0,"href":"https:\/\/www.organisator.ch\/fr\/wp-json\/wp\/v2\/posts\/3812\/revisions"}],"wp:featuredmedia":[{"embeddable":true,"href":"https:\/\/www.organisator.ch\/fr\/wp-json\/wp\/v2\/media\/3814"}],"wp:attachment":[{"href":"https:\/\/www.organisator.ch\/fr\/wp-json\/wp\/v2\/media?parent=3812"}],"wp:term":[{"taxonomy":"category","embeddable":true,"href":"https:\/\/www.organisator.ch\/fr\/wp-json\/wp\/v2\/categories?post=3812"},{"taxonomy":"post_tag","embeddable":true,"href":"https:\/\/www.organisator.ch\/fr\/wp-json\/wp\/v2\/tags?post=3812"}],"curies":[{"name":"wp","href":"https:\/\/api.w.org\/{rel}","templated":true}]}}