{"id":38126,"date":"2025-05-01T11:42:12","date_gmt":"2025-05-01T09:42:12","guid":{"rendered":"https:\/\/www.m-q.ch\/?p=21426"},"modified":"2025-05-02T07:16:16","modified_gmt":"2025-05-02T05:16:16","slug":"nach-dem-mega-blackout-auch-netzwerke-sind-kritische-infrastrukturen","status":"publish","type":"post","link":"https:\/\/www.organisator.ch\/fr\/operational-excellence\/2025-05-01\/nach-dem-mega-blackout-auch-netzwerke-sind-kritische-infrastrukturen\/","title":{"rendered":"Apr\u00e8s le m\u00e9ga-blackout : les r\u00e9seaux sont aussi des infrastructures critiques"},"content":{"rendered":"<figure id=\"attachment_21427\" class=\"wp-caption alignnone\" style=\"width: 680px;\" aria-describedby=\"caption-attachment-21427\"><img class=\"size-full wp-image-21427\" src=\"https:\/\/www.m-q.ch\/wp-content\/uploads\/2025\/05\/Nach-dem-Mega-Blackout-Auch-Netzwerke-sind-kritische-Infrastrukturen_MQ.jpg\" sizes=\"(max-width: 680px) 100vw, 680px\" srcset=\"https:\/\/www.m-q.ch\/wp-content\/uploads\/2025\/05\/Nach-dem-Mega-Blackout-Auch-Netzwerke-sind-kritische-Infrastrukturen_MQ.jpg 680w, https:\/\/www.m-q.ch\/wp-content\/uploads\/2025\/05\/Nach-dem-Mega-Blackout-Auch-Netzwerke-sind-kritische-Infrastrukturen_MQ-18x12.jpg 18w, https:\/\/www.m-q.ch\/wp-content\/uploads\/2025\/05\/Nach-dem-Mega-Blackout-Auch-Netzwerke-sind-kritische-Infrastrukturen_MQ-375x242.jpg 375w, https:\/\/www.m-q.ch\/wp-content\/uploads\/2025\/05\/Nach-dem-Mega-Blackout-Auch-Netzwerke-sind-kritische-Infrastrukturen_MQ-543x350.jpg 543w\" alt=\"\" width=\"680\" height=\"438\" \/>\r\n<figcaption id=\"caption-attachment-21427\" class=\"wp-caption-text\">Vue de l'int\u00e9rieur d'un datacentre. (Image : Equinix)<\/figcaption>\r\n<\/figure>\r\n<p>La grande panne d'\u00e9lectricit\u00e9 dans la p\u00e9ninsule ib\u00e9rique l'a montr\u00e9, notre monde num\u00e9rique est fragile. Malgr\u00e9 la panne de courant : les datacentres d'Equinix en Espagne et au Portugal ont \u00e9t\u00e9 pleinement op\u00e9rationnels \u00e0 tout moment. En cas d'interruption de l'alimentation \u00e9lectrique par la compagnie d'\u00e9lectricit\u00e9, les syst\u00e8mes d'alimentation de secours se mettent en marche et continuent \u00e0 supporter les charges jusqu'\u00e0 ce que l'alimentation soit r\u00e9tablie.<\/p>\r\n<h3>Les centres de donn\u00e9es sont des infrastructures critiques<\/h3>\r\n<p>Les centres de donn\u00e9es sont devenus aussi importants pour la soci\u00e9t\u00e9 que, par exemple, les stations de traitement de l'eau ou les centrales \u00e9lectriques. Il est r\u00e9jouissant de voir que les gouvernements du monde entier ne se contentent pas de reconna\u00eetre ce fait, mais agissent en cons\u00e9quence, comme par exemple en Suisse, o\u00f9 les centres de donn\u00e9es sont consid\u00e9r\u00e9s comme des infrastructures critiques.<\/p>\r\n<p>Il est toutefois important de reconna\u00eetre que les centres de donn\u00e9es ne sont qu'une partie de l'\u00e9quation de l'infrastructure num\u00e9rique et ne fonctionnent pas comme des \u00eelots de donn\u00e9es. Notre monde num\u00e9rique est interconnect\u00e9 par nature, et bon nombre des applications dont nous d\u00e9pendons ne sont pas g\u00e9r\u00e9es \u00e0 partir d'un seul centre de donn\u00e9es. Elles n\u00e9cessitent de nombreux centres de donn\u00e9es r\u00e9partis \u00e0 la p\u00e9riph\u00e9rie num\u00e9rique, \u00e0 proximit\u00e9 des sources de donn\u00e9es et des utilisateurs finaux, et ces centres de donn\u00e9es doivent \u00eatre interconnect\u00e9s.<\/p>\r\n<p>Les investissements dans des centres de donn\u00e9es individuels sont importants, mais ils ne suffisent pas. Nous avons \u00e9galement besoin d'une infrastructure de r\u00e9seau robuste pour rendre possible notre soci\u00e9t\u00e9 en r\u00e9seau. Cette infrastructure de r\u00e9seau est aussi importante que les centres de donn\u00e9es eux-m\u00eames, car sans elle, nous ne pourrions pas exploiter pleinement le potentiel de ces centres de donn\u00e9es.\u00a0\u00a0<\/p>\r\n<h3><strong>Les centres de donn\u00e9es peuvent rendre l'\u00e8re de l'intelligence possible, mais pas sans connectivit\u00e9 <\/strong><\/h3>\r\n<p>Nous vivons \u00e0 l'aube d'une nouvelle \u00e8re : l'\u00e8re de l'intelligence (the <a href=\"https:\/\/blog.equinix.com\/blog\/2025\/01\/23\/the-intelligent-age-bridging-the-visible-and-invisible-in-a-tech-driven-world\/\">\u00c2ge intelligent<\/a>), marqu\u00e9e par la technologie num\u00e9rique et son influence massive sur la soci\u00e9t\u00e9. Pour mieux situer ce changement, nous pouvons revenir sur une p\u00e9riode similaire de l'histoire : la r\u00e9volution industrielle.<\/p>\r\n<p>La r\u00e9volution industrielle a \u00e9t\u00e9 marqu\u00e9e par l'apparition de nouvelles usines, qui ont entra\u00een\u00e9 une \u00e9norme augmentation de la productivit\u00e9, mais les usines seules ne suffisaient pas. Les fabricants avaient besoin d'un r\u00e9seau maritime mondial pour acheminer les mati\u00e8res premi\u00e8res vers les usines et les produits finis vers les march\u00e9s. Dans le cas contraire, les usines d'un continent s'arr\u00eateraient et les entrep\u00f4ts d'un autre seraient satur\u00e9s.<\/p>\r\n<p>Les centres de donn\u00e9es actuels jouent un r\u00f4le similaire. Tout comme ces usines, les centres de donn\u00e9es ne seraient pas en mesure de fonctionner sans un flux constant de mati\u00e8res premi\u00e8res, en l'occurrence des donn\u00e9es. Au lieu de navires et de ports, ils d\u00e9pendent d'une infrastructure r\u00e9seau mondiale pour transf\u00e9rer les donn\u00e9es d'une multitude de sources, y compris les utilisateurs finaux, les dispositifs IoT et d'autres centres de donn\u00e9es.<\/p>\r\n<h3><strong>Les centres de calcul haute performance sont des centres de calcul en r\u00e9seau<\/strong><\/h3>\r\n<p>La connectivit\u00e9 r\u00e9seau mondiale fait partie de ce que les vrais <a href=\"https:\/\/blog.equinix.com\/blog\/2024\/10\/17\/4-ways-a-high-performance-data-center-could-help-your-business\/\">centre de donn\u00e9es haute performance<\/a> de l'entreprise. En revanche, les centres de donn\u00e9es sur site sont souvent isol\u00e9s. Ces centres de calcul conventionnels ont \u00e9t\u00e9 construits pour une autre \u00e9poque, bien avant l'\u00e9mergence d'applications \u00e0 forte intensit\u00e9 de donn\u00e9es comme l'IA. Les entreprises qui continuent \u00e0 s'appuyer sur ces centres de donn\u00e9es peuvent avoir des difficult\u00e9s \u00e0 atteindre les partenaires de l'\u00e9cosyst\u00e8me, tels que les fournisseurs de services cloud et r\u00e9seau. Elles doivent se d\u00e9brouiller seules dans un monde num\u00e9rique complexe et en constante \u00e9volution.<\/p>\r\n<p>Les centres de donn\u00e9es de colocation performants donnent acc\u00e8s \u00e0 des services \u00e9cosyst\u00e9miques qui facilitent la vie, qu'il s'agisse de la flexibilit\u00e9 et de l'\u00e9volutivit\u00e9 d'une infrastructure multi-cloud ou de la port\u00e9e mondiale et de la fiabilit\u00e9 d'un vaste portefeuille de fournisseurs de services r\u00e9seau. Ces centres de donn\u00e9es offrent \u00e9galement des services \u00e9volutifs, priv\u00e9s <a href=\"https:\/\/www.equinix.com\/products\/interconnection-services\">Services d'interconnexion<\/a>Les donn\u00e9es sont stock\u00e9es dans des syst\u00e8mes de gestion de l'information qui permettent aux entreprises de se connecter facilement \u00e0 leurs partenaires d'\u00e9cosyst\u00e8me et de d\u00e9placer leurs donn\u00e9es l\u00e0 o\u00f9 elles sont n\u00e9cessaires.<\/p>\r\n<p>De nombreuses entreprises sont \u00e9galement confront\u00e9es au d\u00e9fi des nouvelles exigences en mati\u00e8re de souverainet\u00e9 des donn\u00e9es. Elles ont des ensembles de donn\u00e9es qui doivent rester dans leur pays d'origine et ont donc besoin de centres de donn\u00e9es dans ces pays. Le mod\u00e8le traditionnel \"hub and spoke\" de l'infrastructure num\u00e9rique, dans lequel toutes les donn\u00e9es sont rassembl\u00e9es dans des centres de donn\u00e9es situ\u00e9s \u00e0 quelques endroits centraux, ne fonctionne plus dans cette nouvelle r\u00e9alit\u00e9. Au lieu de cela, les entreprises ont besoin de nombreux centres de donn\u00e9es situ\u00e9s \u00e0 de nombreux endroits, tous reli\u00e9s entre eux. Cela offre la flexibilit\u00e9 de stocker certains ensembles de donn\u00e9es dans certaines limites, tandis que d'autres ensembles de donn\u00e9es peuvent \u00eatre d\u00e9plac\u00e9s librement dans le monde.<\/p>\r\n<h3><strong>L'introduction de l'IA souligne l'importance d'une infrastructure num\u00e9rique distribu\u00e9e<\/strong><\/h3>\r\n<p>Le besoin de centres de donn\u00e9es distribu\u00e9s n'est pas nouveau, mais l'\u00e9mergence de cas d'utilisation avanc\u00e9s de l'IA au cours des derni\u00e8res ann\u00e9es a soulign\u00e9 ce besoin.<\/p>\r\n<p>Les applications d'IA sont par nature tr\u00e8s distribu\u00e9es. Les charges d'entra\u00eenement de l'IA et les charges de travail d'inf\u00e9rence de l'IA ont des besoins d'infrastructure diff\u00e9rents et sont donc mieux g\u00e9r\u00e9es par des <a href=\"https:\/\/blog.equinix.com\/blog\/2024\/10\/23\/which-data-centers-are-right-for-your-ai-workloads\/\">diff\u00e9rents centres de donn\u00e9es sur diff\u00e9rents sites<\/a> est pris en charge. Ces diff\u00e9rents centres de donn\u00e9es d\u00e9pendent d'une infrastructure r\u00e9seau robuste afin de garantir la libre circulation des donn\u00e9es entre les sites de traitement.<\/p>\r\n<p>La plupart des responsables informatiques n'ont pas besoin de se pr\u00e9occuper r\u00e9guli\u00e8rement de l'infrastructure de formation \u00e0 l'IA, d'autant plus que de nombreuses entreprises ach\u00e8tent des mod\u00e8les \u00e0 un prestataire de services plut\u00f4t que de former les leurs. La mise \u00e0 disposition d'une <a href=\"https:\/\/blog.equinix.com\/blog\/2025\/02\/06\/run-your-ai-inference-at-the-edge-to-unlock-insights-faster\/\">Infrastructure Edge pour l'inf\u00e9rence de l'IA<\/a> est toutefois une condition pr\u00e9alable pour toute entreprise qui souhaite r\u00e9ussir avec l'IA.<\/p>\r\n<p>Cette inf\u00e9rence n'est pas non plus un processus unique : comme de nouvelles donn\u00e9es apparaissent constamment, elle doit \u00eatre effectu\u00e9e de mani\u00e8re coh\u00e9rente au fil du temps. Cette inf\u00e9rence permanente de l'IA n\u00e9cessite une infrastructure r\u00e9seau qui fonctionne simplement, quand et comme elle le doit. Par cons\u00e9quent, pour soutenir leurs initiatives d'IA, les entreprises doivent avoir acc\u00e8s \u00e0 une infrastructure r\u00e9seau fiable et r\u00e9siliente \u00e0 l'\u00e9chelle mondiale.<\/p>\r\n<h3><strong>Acc\u00e8s \u00e0 une plate-forme d'interconnexion mondiale <\/strong><\/h3>\r\n<p>L'id\u00e9e que les r\u00e9seaux constituent une infrastructure critique n'est pas nouvelle pour nous chez Equinix. Nous avons continuellement investi pour nous assurer que nous pouvons fournir \u00e0 nos clients la connectivit\u00e9 fiable dont ils ont besoin pour r\u00e9ussir dans un monde num\u00e9rique en constante \u00e9volution. Nos solutions d'interconnexion d\u00e9di\u00e9es permettent \u00e0 nos clients de contourner l'Internet public et ses probl\u00e8mes de performance et de confidentialit\u00e9. Au lieu de cela, ils peuvent opter pour un mod\u00e8le de r\u00e9seau hybride qui comprend \u00e0 la fois des r\u00e9seaux physiques et des r\u00e9seaux virtuels. <a href=\"https:\/\/www.equinix.com\/products\/interconnection-services\/cross-connects\">Equinix Cross Connects<\/a> que des r\u00e9seaux virtuels avec <a href=\"https:\/\/www.equinix.com\/products\/digital-infrastructure-services\/equinix-fabric\">Tissu Equinix<\/a> de l'entreprise. Cela les aide \u00e0 concilier leurs exigences en mati\u00e8re de performance, de s\u00e9curit\u00e9, de rentabilit\u00e9 et de flexibilit\u00e9.<\/p>\r\n<p><em>Auteur : Roger Semprini est Managing Director Suisse de l'op\u00e9rateur de datacentres Equinix.<\/em><\/p>\n<p class=\"syndicated-attribution\">Cet article est paru initialement sur m-q.ch - <a href=\"https:\/\/www.m-q.ch\/de\/nach-dem-mega-blackout-auch-netzwerke-sind-kritische-infrastrukturen\/\" target=\"_blank\">https:\/\/www.m-q.ch\/de\/nach-dem-mega-blackout-auch-netzwerke-sind-kritische-infrastrukturen\/<\/a><\/p>","protected":false},"excerpt":{"rendered":"<p>Le m\u00e9ga black-out dans la p\u00e9ninsule ib\u00e9rique nous a fait prendre conscience de notre d\u00e9pendance vis-\u00e0-vis de l'\u00e9lectricit\u00e9. Les r\u00e9seaux et les centres de donn\u00e9es peuvent \u00e9galement \u00eatre touch\u00e9s par une panne de courant. Il est important d'investir dans les centres de donn\u00e9es, mais il est tout aussi important de les relier entre eux. Un commentaire d'invit\u00e9.<\/p>","protected":false},"author":8,"featured_media":0,"comment_status":"closed","ping_status":"closed","sticky":false,"template":"","format":"standard","meta":{"_acf_changed":false,"_yoast_wpseo_focuskw":"Mega-Blackout","_yoast_wpseo_metadesc":"Der Mega-Blackout auf der Iberischen Halbinsel hat uns die Abh\u00e4ngigkeit von der Stromversorgung vor Augen gef\u00fchrt - auch bei Netzwerken.","articlekey":"","footnotes":""},"categories":[582],"tags":[5325,2660,418,5326],"class_list":["post-38126","post","type-post","status-publish","format-standard","hentry","category-operational-excellence","tag-kritische-infrastrukturen","tag-rechenzentren","tag-risikomanagement","tag-stromversorgung"],"acf":[],"yoast_head":"<!-- This site is optimized with the Yoast SEO plugin v27.5 - https:\/\/yoast.com\/product\/yoast-seo-wordpress\/ -->\n<title>Nach dem Mega-Blackout: Auch Netzwerke sind kritische Infrastrukturen - Organisator<\/title>\n<meta name=\"description\" content=\"Der Mega-Blackout auf der Iberischen Halbinsel hat uns die Abh\u00e4ngigkeit von der Stromversorgung vor Augen gef\u00fchrt - auch bei Netzwerken.\" \/>\n<meta name=\"robots\" content=\"index, follow, max-snippet:-1, max-image-preview:large, max-video-preview:-1\" \/>\n<link rel=\"canonical\" href=\"https:\/\/www.organisator.ch\/fr\/excellence-operationnelle\/2025-05-01\/nach-dem-mega-blackout-auch-netzwerke-sind-kritische-infrastrukturen\/\" \/>\n<meta property=\"og:locale\" content=\"fr_FR\" \/>\n<meta property=\"og:type\" content=\"article\" \/>\n<meta property=\"og:title\" content=\"Nach dem Mega-Blackout: Auch Netzwerke sind kritische Infrastrukturen - Organisator\" \/>\n<meta property=\"og:description\" content=\"Der Mega-Blackout auf der Iberischen Halbinsel hat uns die Abh\u00e4ngigkeit von der Stromversorgung vor Augen gef\u00fchrt - auch bei Netzwerken.\" \/>\n<meta property=\"og:url\" content=\"https:\/\/www.organisator.ch\/fr\/excellence-operationnelle\/2025-05-01\/nach-dem-mega-blackout-auch-netzwerke-sind-kritische-infrastrukturen\/\" \/>\n<meta property=\"og:site_name\" content=\"Organisator\" \/>\n<meta property=\"article:publisher\" content=\"https:\/\/www.facebook.com\/OrganisatorFachmagazin\" \/>\n<meta property=\"article:published_time\" content=\"2025-05-01T09:42:12+00:00\" \/>\n<meta property=\"article:modified_time\" content=\"2025-05-02T05:16:16+00:00\" \/>\n<meta name=\"author\" content=\"galledia\" \/>\n<meta name=\"twitter:card\" content=\"summary_large_image\" \/>\n<meta name=\"twitter:creator\" content=\"@admin\" \/>\n<script type=\"application\/ld+json\" class=\"yoast-schema-graph\">{\"@context\":\"https:\\\/\\\/schema.org\",\"@graph\":[{\"@type\":\"Article\",\"@id\":\"https:\\\/\\\/www.organisator.ch\\\/operational-excellence\\\/2025-05-01\\\/nach-dem-mega-blackout-auch-netzwerke-sind-kritische-infrastrukturen\\\/#article\",\"isPartOf\":{\"@id\":\"https:\\\/\\\/www.organisator.ch\\\/operational-excellence\\\/2025-05-01\\\/nach-dem-mega-blackout-auch-netzwerke-sind-kritische-infrastrukturen\\\/\"},\"author\":{\"name\":\"galledia\",\"@id\":\"https:\\\/\\\/www.organisator.ch\\\/#\\\/schema\\\/person\\\/4e51799071cd2dd1232ac003643ef5f0\"},\"headline\":\"Nach dem Mega-Blackout: Auch Netzwerke sind kritische Infrastrukturen\",\"datePublished\":\"2025-05-01T09:42:12+00:00\",\"dateModified\":\"2025-05-02T05:16:16+00:00\",\"mainEntityOfPage\":{\"@id\":\"https:\\\/\\\/www.organisator.ch\\\/operational-excellence\\\/2025-05-01\\\/nach-dem-mega-blackout-auch-netzwerke-sind-kritische-infrastrukturen\\\/\"},\"wordCount\":983,\"publisher\":{\"@id\":\"https:\\\/\\\/www.organisator.ch\\\/#organization\"},\"image\":{\"@id\":\"https:\\\/\\\/www.organisator.ch\\\/operational-excellence\\\/2025-05-01\\\/nach-dem-mega-blackout-auch-netzwerke-sind-kritische-infrastrukturen\\\/#primaryimage\"},\"thumbnailUrl\":\"https:\\\/\\\/www.m-q.ch\\\/wp-content\\\/uploads\\\/2025\\\/05\\\/Nach-dem-Mega-Blackout-Auch-Netzwerke-sind-kritische-Infrastrukturen_MQ.jpg\",\"keywords\":[\"kritische Infrastrukturen\",\"Rechenzentren\",\"Risikomanagement\",\"Stromversorgung\"],\"articleSection\":[\"OPERATIONAL EXCELLENCE\"],\"inLanguage\":\"fr-FR\"},{\"@type\":\"WebPage\",\"@id\":\"https:\\\/\\\/www.organisator.ch\\\/operational-excellence\\\/2025-05-01\\\/nach-dem-mega-blackout-auch-netzwerke-sind-kritische-infrastrukturen\\\/\",\"url\":\"https:\\\/\\\/www.organisator.ch\\\/operational-excellence\\\/2025-05-01\\\/nach-dem-mega-blackout-auch-netzwerke-sind-kritische-infrastrukturen\\\/\",\"name\":\"Nach dem Mega-Blackout: Auch Netzwerke sind kritische Infrastrukturen - Organisator\",\"isPartOf\":{\"@id\":\"https:\\\/\\\/www.organisator.ch\\\/#website\"},\"primaryImageOfPage\":{\"@id\":\"https:\\\/\\\/www.organisator.ch\\\/operational-excellence\\\/2025-05-01\\\/nach-dem-mega-blackout-auch-netzwerke-sind-kritische-infrastrukturen\\\/#primaryimage\"},\"image\":{\"@id\":\"https:\\\/\\\/www.organisator.ch\\\/operational-excellence\\\/2025-05-01\\\/nach-dem-mega-blackout-auch-netzwerke-sind-kritische-infrastrukturen\\\/#primaryimage\"},\"thumbnailUrl\":\"https:\\\/\\\/www.m-q.ch\\\/wp-content\\\/uploads\\\/2025\\\/05\\\/Nach-dem-Mega-Blackout-Auch-Netzwerke-sind-kritische-Infrastrukturen_MQ.jpg\",\"datePublished\":\"2025-05-01T09:42:12+00:00\",\"dateModified\":\"2025-05-02T05:16:16+00:00\",\"description\":\"Der Mega-Blackout auf der Iberischen Halbinsel hat uns die Abh\u00e4ngigkeit von der Stromversorgung vor Augen gef\u00fchrt - auch bei Netzwerken.\",\"breadcrumb\":{\"@id\":\"https:\\\/\\\/www.organisator.ch\\\/operational-excellence\\\/2025-05-01\\\/nach-dem-mega-blackout-auch-netzwerke-sind-kritische-infrastrukturen\\\/#breadcrumb\"},\"inLanguage\":\"fr-FR\",\"potentialAction\":[{\"@type\":\"ReadAction\",\"target\":[\"https:\\\/\\\/www.organisator.ch\\\/operational-excellence\\\/2025-05-01\\\/nach-dem-mega-blackout-auch-netzwerke-sind-kritische-infrastrukturen\\\/\"]}]},{\"@type\":\"ImageObject\",\"inLanguage\":\"fr-FR\",\"@id\":\"https:\\\/\\\/www.organisator.ch\\\/operational-excellence\\\/2025-05-01\\\/nach-dem-mega-blackout-auch-netzwerke-sind-kritische-infrastrukturen\\\/#primaryimage\",\"url\":\"https:\\\/\\\/www.m-q.ch\\\/wp-content\\\/uploads\\\/2025\\\/05\\\/Nach-dem-Mega-Blackout-Auch-Netzwerke-sind-kritische-Infrastrukturen_MQ.jpg\",\"contentUrl\":\"https:\\\/\\\/www.m-q.ch\\\/wp-content\\\/uploads\\\/2025\\\/05\\\/Nach-dem-Mega-Blackout-Auch-Netzwerke-sind-kritische-Infrastrukturen_MQ.jpg\"},{\"@type\":\"BreadcrumbList\",\"@id\":\"https:\\\/\\\/www.organisator.ch\\\/operational-excellence\\\/2025-05-01\\\/nach-dem-mega-blackout-auch-netzwerke-sind-kritische-infrastrukturen\\\/#breadcrumb\",\"itemListElement\":[{\"@type\":\"ListItem\",\"position\":1,\"name\":\"Home\",\"item\":\"https:\\\/\\\/www.organisator.ch\\\/\"},{\"@type\":\"ListItem\",\"position\":2,\"name\":\"Nach dem Mega-Blackout: Auch Netzwerke sind kritische Infrastrukturen\"}]},{\"@type\":\"WebSite\",\"@id\":\"https:\\\/\\\/www.organisator.ch\\\/#website\",\"url\":\"https:\\\/\\\/www.organisator.ch\\\/\",\"name\":\"Organisator\",\"description\":\"Kompetent. Praxisnah. Der ORGANISATOR bereitet in 10 Ausgaben pro Jahr die wesentlichen Themen f\u00fcr F\u00fchrungskr\u00e4fte von KMU auf.\",\"publisher\":{\"@id\":\"https:\\\/\\\/www.organisator.ch\\\/#organization\"},\"potentialAction\":[{\"@type\":\"SearchAction\",\"target\":{\"@type\":\"EntryPoint\",\"urlTemplate\":\"https:\\\/\\\/www.organisator.ch\\\/?s={search_term_string}\"},\"query-input\":{\"@type\":\"PropertyValueSpecification\",\"valueRequired\":true,\"valueName\":\"search_term_string\"}}],\"inLanguage\":\"fr-FR\"},{\"@type\":\"Organization\",\"@id\":\"https:\\\/\\\/www.organisator.ch\\\/#organization\",\"name\":\"Organisator\",\"url\":\"https:\\\/\\\/www.organisator.ch\\\/\",\"logo\":{\"@type\":\"ImageObject\",\"inLanguage\":\"fr-FR\",\"@id\":\"https:\\\/\\\/www.organisator.ch\\\/#\\\/schema\\\/logo\\\/image\\\/\",\"url\":\"https:\\\/\\\/www.organisator.ch\\\/wp-content\\\/uploads\\\/2022\\\/01\\\/Logo_Organisator_Website.png\",\"contentUrl\":\"https:\\\/\\\/www.organisator.ch\\\/wp-content\\\/uploads\\\/2022\\\/01\\\/Logo_Organisator_Website.png\",\"width\":800,\"height\":77,\"caption\":\"Organisator\"},\"image\":{\"@id\":\"https:\\\/\\\/www.organisator.ch\\\/#\\\/schema\\\/logo\\\/image\\\/\"},\"sameAs\":[\"https:\\\/\\\/www.facebook.com\\\/OrganisatorFachmagazin\",\"https:\\\/\\\/www.linkedin.com\\\/showcase\\\/organisator-das-magazin-fr-kmu\",\"https:\\\/\\\/www.xing.com\\\/news\\\/pages\\\/organisator-ch-695\",\"https:\\\/\\\/www.youtube.com\\\/channel\\\/UCGP2Sq0iWaZwT3BdIAQFYpw\"]},{\"@type\":\"Person\",\"@id\":\"https:\\\/\\\/www.organisator.ch\\\/#\\\/schema\\\/person\\\/4e51799071cd2dd1232ac003643ef5f0\",\"name\":\"galledia\",\"image\":{\"@type\":\"ImageObject\",\"inLanguage\":\"fr-FR\",\"@id\":\"https:\\\/\\\/secure.gravatar.com\\\/avatar\\\/78a7f90c01fc2bfc875782a0d4922b37cde2cf184ce347b91316d23cd7f69a36?s=96&d=mm&r=g\",\"url\":\"https:\\\/\\\/secure.gravatar.com\\\/avatar\\\/78a7f90c01fc2bfc875782a0d4922b37cde2cf184ce347b91316d23cd7f69a36?s=96&d=mm&r=g\",\"contentUrl\":\"https:\\\/\\\/secure.gravatar.com\\\/avatar\\\/78a7f90c01fc2bfc875782a0d4922b37cde2cf184ce347b91316d23cd7f69a36?s=96&d=mm&r=g\",\"caption\":\"galledia\"},\"sameAs\":[\"https:\\\/\\\/x.com\\\/admin\"],\"url\":\"https:\\\/\\\/www.organisator.ch\\\/fr\\\/author\\\/galledia\\\/\"}]}<\/script>\n<!-- \/ Yoast SEO plugin. -->","yoast_head_json":{"title":"Apr\u00e8s le m\u00e9ga-blackout : les r\u00e9seaux sont aussi des infrastructures critiques - Organisateur","description":"Le m\u00e9ga black-out dans la p\u00e9ninsule ib\u00e9rique nous a fait prendre conscience de notre d\u00e9pendance \u00e0 l'\u00e9gard de l'\u00e9lectricit\u00e9, y compris pour les r\u00e9seaux.","robots":{"index":"index","follow":"follow","max-snippet":"max-snippet:-1","max-image-preview":"max-image-preview:large","max-video-preview":"max-video-preview:-1"},"canonical":"https:\/\/www.organisator.ch\/fr\/excellence-operationnelle\/2025-05-01\/nach-dem-mega-blackout-auch-netzwerke-sind-kritische-infrastrukturen\/","og_locale":"fr_FR","og_type":"article","og_title":"Nach dem Mega-Blackout: Auch Netzwerke sind kritische Infrastrukturen - Organisator","og_description":"Der Mega-Blackout auf der Iberischen Halbinsel hat uns die Abh\u00e4ngigkeit von der Stromversorgung vor Augen gef\u00fchrt - auch bei Netzwerken.","og_url":"https:\/\/www.organisator.ch\/fr\/excellence-operationnelle\/2025-05-01\/nach-dem-mega-blackout-auch-netzwerke-sind-kritische-infrastrukturen\/","og_site_name":"Organisator","article_publisher":"https:\/\/www.facebook.com\/OrganisatorFachmagazin","article_published_time":"2025-05-01T09:42:12+00:00","article_modified_time":"2025-05-02T05:16:16+00:00","author":"galledia","twitter_card":"summary_large_image","twitter_creator":"@admin","schema":{"@context":"https:\/\/schema.org","@graph":[{"@type":"Article","@id":"https:\/\/www.organisator.ch\/operational-excellence\/2025-05-01\/nach-dem-mega-blackout-auch-netzwerke-sind-kritische-infrastrukturen\/#article","isPartOf":{"@id":"https:\/\/www.organisator.ch\/operational-excellence\/2025-05-01\/nach-dem-mega-blackout-auch-netzwerke-sind-kritische-infrastrukturen\/"},"author":{"name":"galledia","@id":"https:\/\/www.organisator.ch\/#\/schema\/person\/4e51799071cd2dd1232ac003643ef5f0"},"headline":"Nach dem Mega-Blackout: Auch Netzwerke sind kritische Infrastrukturen","datePublished":"2025-05-01T09:42:12+00:00","dateModified":"2025-05-02T05:16:16+00:00","mainEntityOfPage":{"@id":"https:\/\/www.organisator.ch\/operational-excellence\/2025-05-01\/nach-dem-mega-blackout-auch-netzwerke-sind-kritische-infrastrukturen\/"},"wordCount":983,"publisher":{"@id":"https:\/\/www.organisator.ch\/#organization"},"image":{"@id":"https:\/\/www.organisator.ch\/operational-excellence\/2025-05-01\/nach-dem-mega-blackout-auch-netzwerke-sind-kritische-infrastrukturen\/#primaryimage"},"thumbnailUrl":"https:\/\/www.m-q.ch\/wp-content\/uploads\/2025\/05\/Nach-dem-Mega-Blackout-Auch-Netzwerke-sind-kritische-Infrastrukturen_MQ.jpg","keywords":["kritische Infrastrukturen","Rechenzentren","Risikomanagement","Stromversorgung"],"articleSection":["OPERATIONAL EXCELLENCE"],"inLanguage":"fr-FR"},{"@type":"WebPage","@id":"https:\/\/www.organisator.ch\/operational-excellence\/2025-05-01\/nach-dem-mega-blackout-auch-netzwerke-sind-kritische-infrastrukturen\/","url":"https:\/\/www.organisator.ch\/operational-excellence\/2025-05-01\/nach-dem-mega-blackout-auch-netzwerke-sind-kritische-infrastrukturen\/","name":"Apr\u00e8s le m\u00e9ga-blackout : les r\u00e9seaux sont aussi des infrastructures critiques - Organisateur","isPartOf":{"@id":"https:\/\/www.organisator.ch\/#website"},"primaryImageOfPage":{"@id":"https:\/\/www.organisator.ch\/operational-excellence\/2025-05-01\/nach-dem-mega-blackout-auch-netzwerke-sind-kritische-infrastrukturen\/#primaryimage"},"image":{"@id":"https:\/\/www.organisator.ch\/operational-excellence\/2025-05-01\/nach-dem-mega-blackout-auch-netzwerke-sind-kritische-infrastrukturen\/#primaryimage"},"thumbnailUrl":"https:\/\/www.m-q.ch\/wp-content\/uploads\/2025\/05\/Nach-dem-Mega-Blackout-Auch-Netzwerke-sind-kritische-Infrastrukturen_MQ.jpg","datePublished":"2025-05-01T09:42:12+00:00","dateModified":"2025-05-02T05:16:16+00:00","description":"Le m\u00e9ga black-out dans la p\u00e9ninsule ib\u00e9rique nous a fait prendre conscience de notre d\u00e9pendance \u00e0 l'\u00e9gard de l'\u00e9lectricit\u00e9, y compris pour les r\u00e9seaux.","breadcrumb":{"@id":"https:\/\/www.organisator.ch\/operational-excellence\/2025-05-01\/nach-dem-mega-blackout-auch-netzwerke-sind-kritische-infrastrukturen\/#breadcrumb"},"inLanguage":"fr-FR","potentialAction":[{"@type":"ReadAction","target":["https:\/\/www.organisator.ch\/operational-excellence\/2025-05-01\/nach-dem-mega-blackout-auch-netzwerke-sind-kritische-infrastrukturen\/"]}]},{"@type":"ImageObject","inLanguage":"fr-FR","@id":"https:\/\/www.organisator.ch\/operational-excellence\/2025-05-01\/nach-dem-mega-blackout-auch-netzwerke-sind-kritische-infrastrukturen\/#primaryimage","url":"https:\/\/www.m-q.ch\/wp-content\/uploads\/2025\/05\/Nach-dem-Mega-Blackout-Auch-Netzwerke-sind-kritische-Infrastrukturen_MQ.jpg","contentUrl":"https:\/\/www.m-q.ch\/wp-content\/uploads\/2025\/05\/Nach-dem-Mega-Blackout-Auch-Netzwerke-sind-kritische-Infrastrukturen_MQ.jpg"},{"@type":"BreadcrumbList","@id":"https:\/\/www.organisator.ch\/operational-excellence\/2025-05-01\/nach-dem-mega-blackout-auch-netzwerke-sind-kritische-infrastrukturen\/#breadcrumb","itemListElement":[{"@type":"ListItem","position":1,"name":"Home","item":"https:\/\/www.organisator.ch\/"},{"@type":"ListItem","position":2,"name":"Nach dem Mega-Blackout: Auch Netzwerke sind kritische Infrastrukturen"}]},{"@type":"WebSite","@id":"https:\/\/www.organisator.ch\/#website","url":"https:\/\/www.organisator.ch\/","name":"Organisateur","description":"Comp\u00e9tence et comp\u00e9tence. Proches de la pratique. L'ORGANISATEUR pr\u00e9pare 10 num\u00e9ros par an sur les th\u00e8mes essentiels pour les dirigeants de PME.","publisher":{"@id":"https:\/\/www.organisator.ch\/#organization"},"potentialAction":[{"@type":"SearchAction","target":{"@type":"EntryPoint","urlTemplate":"https:\/\/www.organisator.ch\/?s={search_term_string}"},"query-input":{"@type":"PropertyValueSpecification","valueRequired":true,"valueName":"search_term_string"}}],"inLanguage":"fr-FR"},{"@type":"Organization","@id":"https:\/\/www.organisator.ch\/#organization","name":"Organisateur","url":"https:\/\/www.organisator.ch\/","logo":{"@type":"ImageObject","inLanguage":"fr-FR","@id":"https:\/\/www.organisator.ch\/#\/schema\/logo\/image\/","url":"https:\/\/www.organisator.ch\/wp-content\/uploads\/2022\/01\/Logo_Organisator_Website.png","contentUrl":"https:\/\/www.organisator.ch\/wp-content\/uploads\/2022\/01\/Logo_Organisator_Website.png","width":800,"height":77,"caption":"Organisator"},"image":{"@id":"https:\/\/www.organisator.ch\/#\/schema\/logo\/image\/"},"sameAs":["https:\/\/www.facebook.com\/OrganisatorFachmagazin","https:\/\/www.linkedin.com\/showcase\/organisator-das-magazin-fr-kmu","https:\/\/www.xing.com\/news\/pages\/organisator-ch-695","https:\/\/www.youtube.com\/channel\/UCGP2Sq0iWaZwT3BdIAQFYpw"]},{"@type":"Person","@id":"https:\/\/www.organisator.ch\/#\/schema\/person\/4e51799071cd2dd1232ac003643ef5f0","name":"galledia","image":{"@type":"ImageObject","inLanguage":"fr-FR","@id":"https:\/\/secure.gravatar.com\/avatar\/78a7f90c01fc2bfc875782a0d4922b37cde2cf184ce347b91316d23cd7f69a36?s=96&d=mm&r=g","url":"https:\/\/secure.gravatar.com\/avatar\/78a7f90c01fc2bfc875782a0d4922b37cde2cf184ce347b91316d23cd7f69a36?s=96&d=mm&r=g","contentUrl":"https:\/\/secure.gravatar.com\/avatar\/78a7f90c01fc2bfc875782a0d4922b37cde2cf184ce347b91316d23cd7f69a36?s=96&d=mm&r=g","caption":"galledia"},"sameAs":["https:\/\/x.com\/admin"],"url":"https:\/\/www.organisator.ch\/fr\/author\/galledia\/"}]}},"_links":{"self":[{"href":"https:\/\/www.organisator.ch\/fr\/wp-json\/wp\/v2\/posts\/38126","targetHints":{"allow":["GET"]}}],"collection":[{"href":"https:\/\/www.organisator.ch\/fr\/wp-json\/wp\/v2\/posts"}],"about":[{"href":"https:\/\/www.organisator.ch\/fr\/wp-json\/wp\/v2\/types\/post"}],"author":[{"embeddable":true,"href":"https:\/\/www.organisator.ch\/fr\/wp-json\/wp\/v2\/users\/8"}],"replies":[{"embeddable":true,"href":"https:\/\/www.organisator.ch\/fr\/wp-json\/wp\/v2\/comments?post=38126"}],"version-history":[{"count":5,"href":"https:\/\/www.organisator.ch\/fr\/wp-json\/wp\/v2\/posts\/38126\/revisions"}],"predecessor-version":[{"id":38130,"href":"https:\/\/www.organisator.ch\/fr\/wp-json\/wp\/v2\/posts\/38126\/revisions\/38130"}],"wp:attachment":[{"href":"https:\/\/www.organisator.ch\/fr\/wp-json\/wp\/v2\/media?parent=38126"}],"wp:term":[{"taxonomy":"category","embeddable":true,"href":"https:\/\/www.organisator.ch\/fr\/wp-json\/wp\/v2\/categories?post=38126"},{"taxonomy":"post_tag","embeddable":true,"href":"https:\/\/www.organisator.ch\/fr\/wp-json\/wp\/v2\/tags?post=38126"}],"curies":[{"name":"wp","href":"https:\/\/api.w.org\/{rel}","templated":true}]}}