{"id":38137,"date":"2025-05-05T08:29:38","date_gmt":"2025-05-05T06:29:38","guid":{"rendered":"https:\/\/www.markt-kom.com\/?p=234062"},"modified":"2025-05-05T08:14:55","modified_gmt":"2025-05-05T06:14:55","slug":"clio-awards-2025-bronze-fuer-farner","status":"publish","type":"post","link":"https:\/\/www.organisator.ch\/fr\/marketing\/2025-05-05\/clio-awards-2025-bronze-fuer-farner\/","title":{"rendered":"Clio Awards 2025 : le bronze pour Farner"},"content":{"rendered":"<p><a href=\"https:\/\/www.markt-kom.com\/wp-content\/uploads\/2025\/05\/bronze-clio-Islam-Alijaj.jpg\"><img class=\"aligncenter size-full wp-image-234065\" src=\"https:\/\/www.markt-kom.com\/wp-content\/uploads\/2025\/05\/bronze-clio-Islam-Alijaj.jpg\" sizes=\"(max-width: 900px) 100vw, 900px\" srcset=\"https:\/\/www.markt-kom.com\/wp-content\/uploads\/2025\/05\/bronze-clio-Islam-Alijaj.jpg 900w, https:\/\/www.markt-kom.com\/wp-content\/uploads\/2025\/05\/bronze-clio-Islam-Alijaj-600x450.jpg 600w, https:\/\/www.markt-kom.com\/wp-content\/uploads\/2025\/05\/bronze-clio-Islam-Alijaj-768x576.jpg 768w, https:\/\/www.markt-kom.com\/wp-content\/uploads\/2025\/05\/bronze-clio-Islam-Alijaj-16x12.jpg 16w, https:\/\/www.markt-kom.com\/wp-content\/uploads\/2025\/05\/bronze-clio-Islam-Alijaj-233x175.jpg 233w, https:\/\/www.markt-kom.com\/wp-content\/uploads\/2025\/05\/bronze-clio-Islam-Alijaj-467x350.jpg 467w\" alt=\"\" width=\"900\" height=\"675\" \/><\/a><\/p>\r\n<p>&nbsp;<\/p>\r\n<p>Les Clio Awards de New York comptent parmi les concours cr\u00e9atifs internationaux les plus renomm\u00e9s. Seule agence nomin\u00e9e, Farner | Team Farner a pu transformer sa place sur la shortlist pour sa campagne \"Giving a Voice to the Unheard\", d\u00e9j\u00e0 r\u00e9compens\u00e9e \u00e0 plusieurs reprises, en une statuette de bronze dans la cat\u00e9gorie Local\/Regional.<\/p>\r\n<p>La campagne pour Islam Alijaj du PS est apparue d\u00e9but 2023 et a soutenu son \u00e9lection au Conseil national en octobre suivant. Un avatar d'IA faisait partie de la campagne. Gr\u00e2ce au Text-to-Speech, le candidat au Conseil national a pu largement \u00e9galiser son handicap d'\u00e9locution pour la pr\u00e9sentation de son programme \u00e9lectoral. Soutenue par plus de 100 personnes, sa campagne est devenue un mouvement pour les droits des personnes handicap\u00e9es.<\/p>\r\n<p><iframe title=\"Islam Alijaj au Conseil national - Casefilm (Farner)\" src=\"https:\/\/www.youtube.com\/embed\/4MYfAPnqT90?feature=oembed\" width=\"768\" height=\"432\" frameborder=\"0\" allowfullscreen=\"allowfullscreen\"><\/iframe><\/p>","protected":false},"excerpt":{"rendered":"<p>Farner | L'\u00e9quipe Farner obtient le bronze aux Clio Awards de New York avec sa campagne \"Giving a Voice to the Unheard\" pour Islam Alijaj.<\/p>","protected":false},"author":8,"featured_media":0,"comment_status":"closed","ping_status":"closed","sticky":false,"template":"","format":"standard","meta":{"_acf_changed":false,"_yoast_wpseo_focuskw":"Clio Awards 2025","_yoast_wpseo_metadesc":"Farner | Team Farner erh\u00e4lt mit der Kampagne \u00abGiving a Voice to the Unheard\u00bb f\u00fcr Islam Alijaj Bronze an den New Yorker Clio Awards 2025.","articlekey":"","footnotes":""},"categories":[29],"tags":[2850,66,5327,4561],"class_list":["post-38137","post","type-post","status-publish","format-standard","hentry","category-marketing","tag-agenturen","tag-awards","tag-clio-awards","tag-team-farner"],"acf":[],"yoast_head":"<!-- This site is optimized with the Yoast SEO plugin v27.5 - https:\/\/yoast.com\/product\/yoast-seo-wordpress\/ -->\n<title>Clio Awards 2025: Bronze f\u00fcr Farner - Organisator<\/title>\n<meta name=\"description\" content=\"Farner | Team Farner erh\u00e4lt mit der Kampagne \u00abGiving a Voice to the Unheard\u00bb f\u00fcr Islam Alijaj Bronze an den New Yorker Clio Awards 2025.\" \/>\n<meta name=\"robots\" content=\"index, follow, max-snippet:-1, max-image-preview:large, max-video-preview:-1\" \/>\n<link rel=\"canonical\" href=\"https:\/\/www.organisator.ch\/fr\/marketing\/2025-05-05\/clio-awards-2025-bronze-fuer-farner\/\" \/>\n<meta property=\"og:locale\" content=\"fr_FR\" \/>\n<meta property=\"og:type\" content=\"article\" \/>\n<meta property=\"og:title\" content=\"Clio Awards 2025: Bronze f\u00fcr Farner - Organisator\" \/>\n<meta property=\"og:description\" content=\"Farner | Team Farner erh\u00e4lt mit der Kampagne \u00abGiving a Voice to the Unheard\u00bb f\u00fcr Islam Alijaj Bronze an den New Yorker Clio Awards 2025.\" \/>\n<meta property=\"og:url\" content=\"https:\/\/www.organisator.ch\/fr\/marketing\/2025-05-05\/clio-awards-2025-bronze-fuer-farner\/\" \/>\n<meta property=\"og:site_name\" content=\"Organisator\" \/>\n<meta property=\"article:publisher\" content=\"https:\/\/www.facebook.com\/OrganisatorFachmagazin\" \/>\n<meta property=\"article:published_time\" content=\"2025-05-05T06:29:38+00:00\" \/>\n<meta name=\"author\" content=\"galledia\" \/>\n<meta name=\"twitter:card\" content=\"summary_large_image\" \/>\n<meta name=\"twitter:creator\" content=\"@admin\" \/>\n<script type=\"application\/ld+json\" class=\"yoast-schema-graph\">{\"@context\":\"https:\\\/\\\/schema.org\",\"@graph\":[{\"@type\":\"Article\",\"@id\":\"https:\\\/\\\/www.organisator.ch\\\/marketing\\\/2025-05-05\\\/clio-awards-2025-bronze-fuer-farner\\\/#article\",\"isPartOf\":{\"@id\":\"https:\\\/\\\/www.organisator.ch\\\/marketing\\\/2025-05-05\\\/clio-awards-2025-bronze-fuer-farner\\\/\"},\"author\":{\"name\":\"galledia\",\"@id\":\"https:\\\/\\\/www.organisator.ch\\\/#\\\/schema\\\/person\\\/4e51799071cd2dd1232ac003643ef5f0\"},\"headline\":\"Clio Awards 2025: Bronze f\u00fcr Farner\",\"datePublished\":\"2025-05-05T06:29:38+00:00\",\"mainEntityOfPage\":{\"@id\":\"https:\\\/\\\/www.organisator.ch\\\/marketing\\\/2025-05-05\\\/clio-awards-2025-bronze-fuer-farner\\\/\"},\"wordCount\":119,\"publisher\":{\"@id\":\"https:\\\/\\\/www.organisator.ch\\\/#organization\"},\"image\":{\"@id\":\"https:\\\/\\\/www.organisator.ch\\\/marketing\\\/2025-05-05\\\/clio-awards-2025-bronze-fuer-farner\\\/#primaryimage\"},\"thumbnailUrl\":\"https:\\\/\\\/www.markt-kom.com\\\/wp-content\\\/uploads\\\/2025\\\/05\\\/bronze-clio-Islam-Alijaj.jpg\",\"keywords\":[\"Agenturen\",\"Awards\",\"Clio Awards\",\"Team Farner\"],\"articleSection\":[\"MARKETING\"],\"inLanguage\":\"fr-FR\"},{\"@type\":\"WebPage\",\"@id\":\"https:\\\/\\\/www.organisator.ch\\\/marketing\\\/2025-05-05\\\/clio-awards-2025-bronze-fuer-farner\\\/\",\"url\":\"https:\\\/\\\/www.organisator.ch\\\/marketing\\\/2025-05-05\\\/clio-awards-2025-bronze-fuer-farner\\\/\",\"name\":\"Clio Awards 2025: Bronze f\u00fcr Farner - Organisator\",\"isPartOf\":{\"@id\":\"https:\\\/\\\/www.organisator.ch\\\/#website\"},\"primaryImageOfPage\":{\"@id\":\"https:\\\/\\\/www.organisator.ch\\\/marketing\\\/2025-05-05\\\/clio-awards-2025-bronze-fuer-farner\\\/#primaryimage\"},\"image\":{\"@id\":\"https:\\\/\\\/www.organisator.ch\\\/marketing\\\/2025-05-05\\\/clio-awards-2025-bronze-fuer-farner\\\/#primaryimage\"},\"thumbnailUrl\":\"https:\\\/\\\/www.markt-kom.com\\\/wp-content\\\/uploads\\\/2025\\\/05\\\/bronze-clio-Islam-Alijaj.jpg\",\"datePublished\":\"2025-05-05T06:29:38+00:00\",\"description\":\"Farner | Team Farner erh\u00e4lt mit der Kampagne \u00abGiving a Voice to the Unheard\u00bb f\u00fcr Islam Alijaj Bronze an den New Yorker Clio Awards 2025.\",\"breadcrumb\":{\"@id\":\"https:\\\/\\\/www.organisator.ch\\\/marketing\\\/2025-05-05\\\/clio-awards-2025-bronze-fuer-farner\\\/#breadcrumb\"},\"inLanguage\":\"fr-FR\",\"potentialAction\":[{\"@type\":\"ReadAction\",\"target\":[\"https:\\\/\\\/www.organisator.ch\\\/marketing\\\/2025-05-05\\\/clio-awards-2025-bronze-fuer-farner\\\/\"]}]},{\"@type\":\"ImageObject\",\"inLanguage\":\"fr-FR\",\"@id\":\"https:\\\/\\\/www.organisator.ch\\\/marketing\\\/2025-05-05\\\/clio-awards-2025-bronze-fuer-farner\\\/#primaryimage\",\"url\":\"https:\\\/\\\/www.markt-kom.com\\\/wp-content\\\/uploads\\\/2025\\\/05\\\/bronze-clio-Islam-Alijaj.jpg\",\"contentUrl\":\"https:\\\/\\\/www.markt-kom.com\\\/wp-content\\\/uploads\\\/2025\\\/05\\\/bronze-clio-Islam-Alijaj.jpg\"},{\"@type\":\"BreadcrumbList\",\"@id\":\"https:\\\/\\\/www.organisator.ch\\\/marketing\\\/2025-05-05\\\/clio-awards-2025-bronze-fuer-farner\\\/#breadcrumb\",\"itemListElement\":[{\"@type\":\"ListItem\",\"position\":1,\"name\":\"Home\",\"item\":\"https:\\\/\\\/www.organisator.ch\\\/\"},{\"@type\":\"ListItem\",\"position\":2,\"name\":\"Clio Awards 2025: Bronze f\u00fcr Farner\"}]},{\"@type\":\"WebSite\",\"@id\":\"https:\\\/\\\/www.organisator.ch\\\/#website\",\"url\":\"https:\\\/\\\/www.organisator.ch\\\/\",\"name\":\"Organisator\",\"description\":\"Kompetent. Praxisnah. Der ORGANISATOR bereitet in 10 Ausgaben pro Jahr die wesentlichen Themen f\u00fcr F\u00fchrungskr\u00e4fte von KMU auf.\",\"publisher\":{\"@id\":\"https:\\\/\\\/www.organisator.ch\\\/#organization\"},\"potentialAction\":[{\"@type\":\"SearchAction\",\"target\":{\"@type\":\"EntryPoint\",\"urlTemplate\":\"https:\\\/\\\/www.organisator.ch\\\/?s={search_term_string}\"},\"query-input\":{\"@type\":\"PropertyValueSpecification\",\"valueRequired\":true,\"valueName\":\"search_term_string\"}}],\"inLanguage\":\"fr-FR\"},{\"@type\":\"Organization\",\"@id\":\"https:\\\/\\\/www.organisator.ch\\\/#organization\",\"name\":\"Organisator\",\"url\":\"https:\\\/\\\/www.organisator.ch\\\/\",\"logo\":{\"@type\":\"ImageObject\",\"inLanguage\":\"fr-FR\",\"@id\":\"https:\\\/\\\/www.organisator.ch\\\/#\\\/schema\\\/logo\\\/image\\\/\",\"url\":\"https:\\\/\\\/www.organisator.ch\\\/wp-content\\\/uploads\\\/2022\\\/01\\\/Logo_Organisator_Website.png\",\"contentUrl\":\"https:\\\/\\\/www.organisator.ch\\\/wp-content\\\/uploads\\\/2022\\\/01\\\/Logo_Organisator_Website.png\",\"width\":800,\"height\":77,\"caption\":\"Organisator\"},\"image\":{\"@id\":\"https:\\\/\\\/www.organisator.ch\\\/#\\\/schema\\\/logo\\\/image\\\/\"},\"sameAs\":[\"https:\\\/\\\/www.facebook.com\\\/OrganisatorFachmagazin\",\"https:\\\/\\\/www.linkedin.com\\\/showcase\\\/organisator-das-magazin-fr-kmu\",\"https:\\\/\\\/www.xing.com\\\/news\\\/pages\\\/organisator-ch-695\",\"https:\\\/\\\/www.youtube.com\\\/channel\\\/UCGP2Sq0iWaZwT3BdIAQFYpw\"]},{\"@type\":\"Person\",\"@id\":\"https:\\\/\\\/www.organisator.ch\\\/#\\\/schema\\\/person\\\/4e51799071cd2dd1232ac003643ef5f0\",\"name\":\"galledia\",\"image\":{\"@type\":\"ImageObject\",\"inLanguage\":\"fr-FR\",\"@id\":\"https:\\\/\\\/secure.gravatar.com\\\/avatar\\\/78a7f90c01fc2bfc875782a0d4922b37cde2cf184ce347b91316d23cd7f69a36?s=96&d=mm&r=g\",\"url\":\"https:\\\/\\\/secure.gravatar.com\\\/avatar\\\/78a7f90c01fc2bfc875782a0d4922b37cde2cf184ce347b91316d23cd7f69a36?s=96&d=mm&r=g\",\"contentUrl\":\"https:\\\/\\\/secure.gravatar.com\\\/avatar\\\/78a7f90c01fc2bfc875782a0d4922b37cde2cf184ce347b91316d23cd7f69a36?s=96&d=mm&r=g\",\"caption\":\"galledia\"},\"sameAs\":[\"https:\\\/\\\/x.com\\\/admin\"],\"url\":\"https:\\\/\\\/www.organisator.ch\\\/fr\\\/author\\\/galledia\\\/\"}]}<\/script>\n<!-- \/ Yoast SEO plugin. -->","yoast_head_json":{"title":"Clio Awards 2025 : le bronze pour Farner - organisateur","description":"Farner | L'\u00e9quipe Farner obtient le bronze aux Clio Awards 2025 de New York avec sa campagne \"Giving a Voice to the Unheard\" pour Islam Alijaj.","robots":{"index":"index","follow":"follow","max-snippet":"max-snippet:-1","max-image-preview":"max-image-preview:large","max-video-preview":"max-video-preview:-1"},"canonical":"https:\/\/www.organisator.ch\/fr\/marketing\/2025-05-05\/clio-awards-2025-bronze-fuer-farner\/","og_locale":"fr_FR","og_type":"article","og_title":"Clio Awards 2025: Bronze f\u00fcr Farner - Organisator","og_description":"Farner | Team Farner erh\u00e4lt mit der Kampagne \u00abGiving a Voice to the Unheard\u00bb f\u00fcr Islam Alijaj Bronze an den New Yorker Clio Awards 2025.","og_url":"https:\/\/www.organisator.ch\/fr\/marketing\/2025-05-05\/clio-awards-2025-bronze-fuer-farner\/","og_site_name":"Organisator","article_publisher":"https:\/\/www.facebook.com\/OrganisatorFachmagazin","article_published_time":"2025-05-05T06:29:38+00:00","author":"galledia","twitter_card":"summary_large_image","twitter_creator":"@admin","schema":{"@context":"https:\/\/schema.org","@graph":[{"@type":"Article","@id":"https:\/\/www.organisator.ch\/marketing\/2025-05-05\/clio-awards-2025-bronze-fuer-farner\/#article","isPartOf":{"@id":"https:\/\/www.organisator.ch\/marketing\/2025-05-05\/clio-awards-2025-bronze-fuer-farner\/"},"author":{"name":"galledia","@id":"https:\/\/www.organisator.ch\/#\/schema\/person\/4e51799071cd2dd1232ac003643ef5f0"},"headline":"Clio Awards 2025: Bronze f\u00fcr Farner","datePublished":"2025-05-05T06:29:38+00:00","mainEntityOfPage":{"@id":"https:\/\/www.organisator.ch\/marketing\/2025-05-05\/clio-awards-2025-bronze-fuer-farner\/"},"wordCount":119,"publisher":{"@id":"https:\/\/www.organisator.ch\/#organization"},"image":{"@id":"https:\/\/www.organisator.ch\/marketing\/2025-05-05\/clio-awards-2025-bronze-fuer-farner\/#primaryimage"},"thumbnailUrl":"https:\/\/www.markt-kom.com\/wp-content\/uploads\/2025\/05\/bronze-clio-Islam-Alijaj.jpg","keywords":["Agenturen","Awards","Clio Awards","Team Farner"],"articleSection":["MARKETING"],"inLanguage":"fr-FR"},{"@type":"WebPage","@id":"https:\/\/www.organisator.ch\/marketing\/2025-05-05\/clio-awards-2025-bronze-fuer-farner\/","url":"https:\/\/www.organisator.ch\/marketing\/2025-05-05\/clio-awards-2025-bronze-fuer-farner\/","name":"Clio Awards 2025 : le bronze pour Farner - organisateur","isPartOf":{"@id":"https:\/\/www.organisator.ch\/#website"},"primaryImageOfPage":{"@id":"https:\/\/www.organisator.ch\/marketing\/2025-05-05\/clio-awards-2025-bronze-fuer-farner\/#primaryimage"},"image":{"@id":"https:\/\/www.organisator.ch\/marketing\/2025-05-05\/clio-awards-2025-bronze-fuer-farner\/#primaryimage"},"thumbnailUrl":"https:\/\/www.markt-kom.com\/wp-content\/uploads\/2025\/05\/bronze-clio-Islam-Alijaj.jpg","datePublished":"2025-05-05T06:29:38+00:00","description":"Farner | L'\u00e9quipe Farner obtient le bronze aux Clio Awards 2025 de New York avec sa campagne \"Giving a Voice to the Unheard\" pour Islam Alijaj.","breadcrumb":{"@id":"https:\/\/www.organisator.ch\/marketing\/2025-05-05\/clio-awards-2025-bronze-fuer-farner\/#breadcrumb"},"inLanguage":"fr-FR","potentialAction":[{"@type":"ReadAction","target":["https:\/\/www.organisator.ch\/marketing\/2025-05-05\/clio-awards-2025-bronze-fuer-farner\/"]}]},{"@type":"ImageObject","inLanguage":"fr-FR","@id":"https:\/\/www.organisator.ch\/marketing\/2025-05-05\/clio-awards-2025-bronze-fuer-farner\/#primaryimage","url":"https:\/\/www.markt-kom.com\/wp-content\/uploads\/2025\/05\/bronze-clio-Islam-Alijaj.jpg","contentUrl":"https:\/\/www.markt-kom.com\/wp-content\/uploads\/2025\/05\/bronze-clio-Islam-Alijaj.jpg"},{"@type":"BreadcrumbList","@id":"https:\/\/www.organisator.ch\/marketing\/2025-05-05\/clio-awards-2025-bronze-fuer-farner\/#breadcrumb","itemListElement":[{"@type":"ListItem","position":1,"name":"Home","item":"https:\/\/www.organisator.ch\/"},{"@type":"ListItem","position":2,"name":"Clio Awards 2025: Bronze f\u00fcr Farner"}]},{"@type":"WebSite","@id":"https:\/\/www.organisator.ch\/#website","url":"https:\/\/www.organisator.ch\/","name":"Organisateur","description":"Comp\u00e9tence et comp\u00e9tence. Proches de la pratique. L'ORGANISATEUR pr\u00e9pare 10 num\u00e9ros par an sur les th\u00e8mes essentiels pour les dirigeants de PME.","publisher":{"@id":"https:\/\/www.organisator.ch\/#organization"},"potentialAction":[{"@type":"SearchAction","target":{"@type":"EntryPoint","urlTemplate":"https:\/\/www.organisator.ch\/?s={search_term_string}"},"query-input":{"@type":"PropertyValueSpecification","valueRequired":true,"valueName":"search_term_string"}}],"inLanguage":"fr-FR"},{"@type":"Organization","@id":"https:\/\/www.organisator.ch\/#organization","name":"Organisateur","url":"https:\/\/www.organisator.ch\/","logo":{"@type":"ImageObject","inLanguage":"fr-FR","@id":"https:\/\/www.organisator.ch\/#\/schema\/logo\/image\/","url":"https:\/\/www.organisator.ch\/wp-content\/uploads\/2022\/01\/Logo_Organisator_Website.png","contentUrl":"https:\/\/www.organisator.ch\/wp-content\/uploads\/2022\/01\/Logo_Organisator_Website.png","width":800,"height":77,"caption":"Organisator"},"image":{"@id":"https:\/\/www.organisator.ch\/#\/schema\/logo\/image\/"},"sameAs":["https:\/\/www.facebook.com\/OrganisatorFachmagazin","https:\/\/www.linkedin.com\/showcase\/organisator-das-magazin-fr-kmu","https:\/\/www.xing.com\/news\/pages\/organisator-ch-695","https:\/\/www.youtube.com\/channel\/UCGP2Sq0iWaZwT3BdIAQFYpw"]},{"@type":"Person","@id":"https:\/\/www.organisator.ch\/#\/schema\/person\/4e51799071cd2dd1232ac003643ef5f0","name":"galledia","image":{"@type":"ImageObject","inLanguage":"fr-FR","@id":"https:\/\/secure.gravatar.com\/avatar\/78a7f90c01fc2bfc875782a0d4922b37cde2cf184ce347b91316d23cd7f69a36?s=96&d=mm&r=g","url":"https:\/\/secure.gravatar.com\/avatar\/78a7f90c01fc2bfc875782a0d4922b37cde2cf184ce347b91316d23cd7f69a36?s=96&d=mm&r=g","contentUrl":"https:\/\/secure.gravatar.com\/avatar\/78a7f90c01fc2bfc875782a0d4922b37cde2cf184ce347b91316d23cd7f69a36?s=96&d=mm&r=g","caption":"galledia"},"sameAs":["https:\/\/x.com\/admin"],"url":"https:\/\/www.organisator.ch\/fr\/author\/galledia\/"}]}},"_links":{"self":[{"href":"https:\/\/www.organisator.ch\/fr\/wp-json\/wp\/v2\/posts\/38137","targetHints":{"allow":["GET"]}}],"collection":[{"href":"https:\/\/www.organisator.ch\/fr\/wp-json\/wp\/v2\/posts"}],"about":[{"href":"https:\/\/www.organisator.ch\/fr\/wp-json\/wp\/v2\/types\/post"}],"author":[{"embeddable":true,"href":"https:\/\/www.organisator.ch\/fr\/wp-json\/wp\/v2\/users\/8"}],"replies":[{"embeddable":true,"href":"https:\/\/www.organisator.ch\/fr\/wp-json\/wp\/v2\/comments?post=38137"}],"version-history":[{"count":6,"href":"https:\/\/www.organisator.ch\/fr\/wp-json\/wp\/v2\/posts\/38137\/revisions"}],"predecessor-version":[{"id":38168,"href":"https:\/\/www.organisator.ch\/fr\/wp-json\/wp\/v2\/posts\/38137\/revisions\/38168"}],"wp:attachment":[{"href":"https:\/\/www.organisator.ch\/fr\/wp-json\/wp\/v2\/media?parent=38137"}],"wp:term":[{"taxonomy":"category","embeddable":true,"href":"https:\/\/www.organisator.ch\/fr\/wp-json\/wp\/v2\/categories?post=38137"},{"taxonomy":"post_tag","embeddable":true,"href":"https:\/\/www.organisator.ch\/fr\/wp-json\/wp\/v2\/tags?post=38137"}],"curies":[{"name":"wp","href":"https:\/\/api.w.org\/{rel}","templated":true}]}}