{"id":38174,"date":"2025-05-06T03:10:20","date_gmt":"2025-05-06T01:10:20","guid":{"rendered":"https:\/\/www.organisator.ch\/?p=38174"},"modified":"2025-05-05T13:28:32","modified_gmt":"2025-05-05T11:28:32","slug":"sustainable-shapers-neue-auszeichnung-fuer-gestalterinnen-und-gestalter-der-nachhaltigkeit","status":"publish","type":"post","link":"https:\/\/www.organisator.ch\/fr\/sustainability\/2025-05-06\/sustainable-shapers-neue-auszeichnung-fuer-gestalterinnen-und-gestalter-der-nachhaltigkeit\/","title":{"rendered":"Sustainable Shapers : nouvelle distinction pour les cr\u00e9ateurs de la durabilit\u00e9"},"content":{"rendered":"<figure id=\"attachment_38175\" aria-describedby=\"caption-attachment-38175\" style=\"width: 680px\" class=\"wp-caption alignnone\"><img loading=\"lazy\" decoding=\"async\" class=\"size-full wp-image-38175\" src=\"https:\/\/www.organisator.ch\/wp-content\/uploads\/2025\/05\/Sustainable-Shapers-Neue-Auszeichnung-fuer-Gestalterinnen-und-Gestalter-der-Nachhaltigkeit_Organisator.jpg\" alt=\"\" width=\"680\" height=\"565\" srcset=\"https:\/\/www.organisator.ch\/wp-content\/uploads\/2025\/05\/Sustainable-Shapers-Neue-Auszeichnung-fuer-Gestalterinnen-und-Gestalter-der-Nachhaltigkeit_Organisator.jpg 680w, https:\/\/www.organisator.ch\/wp-content\/uploads\/2025\/05\/Sustainable-Shapers-Neue-Auszeichnung-fuer-Gestalterinnen-und-Gestalter-der-Nachhaltigkeit_Organisator-14x12.jpg 14w, https:\/\/www.organisator.ch\/wp-content\/uploads\/2025\/05\/Sustainable-Shapers-Neue-Auszeichnung-fuer-Gestalterinnen-und-Gestalter-der-Nachhaltigkeit_Organisator-361x300.jpg 361w, https:\/\/www.organisator.ch\/wp-content\/uploads\/2025\/05\/Sustainable-Shapers-Neue-Auszeichnung-fuer-Gestalterinnen-und-Gestalter-der-Nachhaltigkeit_Organisator-421x350.jpg 421w\" sizes=\"auto, (max-width: 680px) 100vw, 680px\" \/><figcaption id=\"caption-attachment-38175\" class=\"wp-caption-text\">Sustainable a lanc\u00e9 un prix pour les \"Sustainable Shapers\". (Image : Pixabay.com)<\/figcaption><\/figure>\n<p>Sustainable Switzerland est une plate-forme pour le d\u00e9veloppement durable en Suisse, cr\u00e9\u00e9e \u00e0 l'initiative de l'entreprise NZZ avec des partenaires solides du monde \u00e9conomique et scientifique. Le r\u00e9seau cr\u00e9e maintenant un nouveau prix, \"Sustainable Shapers\". Il s'agit de r\u00e9compenser des pionni\u00e8res et des pionniers, des hommes et des femmes d'action et des penseurs qui, par leur engagement entrepreneurial ou social ainsi que par des concepts innovants et pr\u00e9curseurs, donnent un signal fort pour un avenir durable. La durabilit\u00e9 est consid\u00e9r\u00e9e comme un concept global : \u00c9cologique, entrepreneuriale et sociale. \"Avec ce prix, nous voulons continuer \u00e0 renforcer l'attention et la pertinence du th\u00e8me de la durabilit\u00e9 aupr\u00e8s du grand public - par le biais de mod\u00e8les et de visions porteuses d'avenir\", explique Felix Graf, CEO de la NZZ. \"Ce sont d\u00e9lib\u00e9r\u00e9ment des personnes et non des organisations, des entreprises ou des projets qui sont au centre\".<\/p>\n<h3>Plate-forme m\u00e9diatique<\/h3>\n<p>Les \"Sustainable Shapers\" b\u00e9n\u00e9ficient d'une pr\u00e9sence m\u00e9diatique efficace dans l'environnement de Sustainable Switzerland. Leur portrait est pr\u00e9sent\u00e9 pendant plusieurs semaines dans une s\u00e9rie de diff\u00e9rents formats m\u00e9diatiques, par exemple dans le suppl\u00e9ment d'\u00e9dition \"Nachhaltigkeit\" de la \"Neue Z\u00fcrcher Zeitung\". Leur distinction leur conf\u00e8re ainsi une visibilit\u00e9 et un impact en tant que voix inspirantes d'un avenir durable. De plus, ils ont acc\u00e8s \u00e0 la communaut\u00e9 Sustainable Switzerland, qui leur offre des possibilit\u00e9s uniques de r\u00e9seautage et des potentiels de synergie dans le domaine de la durabilit\u00e9. Un jury ind\u00e9pendant compos\u00e9 d'experts et de partenaires de Sustainable Switzerland d\u00e9signera les \"Sustainable Shapers\" dans les trois cat\u00e9gories \"Leadership &amp; Transformation\", \"Knowledge &amp; Opinion\" et \"Vision &amp; Innovation\". Ils seront r\u00e9compens\u00e9s dans le cadre du Sustainable Switzerland Forum, qui se tiendra le 2 septembre 2025 \u00e0 Berne.<\/p>\n<h3>Nominations possibles jusqu'\u00e0 fin juin<\/h3>\n<p>La phase de nomination est ouverte d\u00e8s \u00e0 pr\u00e9sent et jusqu'au 30 juin 2025. Les nominations et les candidatures spontan\u00e9es peuvent \u00eatre d\u00e9pos\u00e9es sur le site web <a href=\"http:\/\/www.sustainableswitzerland.ch\/shapers\">sustainableswitzerland.ch\/shapers<\/a> pour le concours. Vous y trouverez \u00e9galement de plus amples informations sur le prix \"Sustainable Shapers\".<\/p>\n<p><em>Source et informations compl\u00e9mentaires : <a href=\"https:\/\/sustainableswitzerland.ch\/\">sustainableswitzerland.ch<\/a><\/em><\/p>","protected":false},"excerpt":{"rendered":"<p>Sustainable Switzerland, la plateforme de durabilit\u00e9 de l'entreprise NZZ, r\u00e9compensera pour la premi\u00e8re fois en 2025 les \"Sustainable Shapers\" de Suisse : Des personnalit\u00e9s exceptionnelles qui fa\u00e7onnent, marquent et font avancer le d\u00e9veloppement durable - en Suisse et \u00e0 partir de la Suisse. Les nominations sont possibles d\u00e8s maintenant en ligne.<\/p>","protected":false},"author":4,"featured_media":0,"comment_status":"closed","ping_status":"closed","sticky":false,"template":"","format":"standard","meta":{"_acf_changed":false,"_yoast_wpseo_focuskw":"Sustainable Shapers","_yoast_wpseo_metadesc":"Sustainable Switzerland, die Nachhaltigkeitsplattform des Unternehmens NZZ, zeichnet 2025 erstmals die \u00abSustainable Shapers\u00bb der Schweiz aus.","articlekey":"","footnotes":""},"categories":[580],"tags":[66,339,358,1787],"class_list":["post-38174","post","type-post","status-publish","format-standard","hentry","category-sustainability","tag-awards","tag-marketing","tag-nachhaltige-wirtschaft","tag-nachhaltigkeit"],"acf":[],"yoast_head":"<!-- This site is optimized with the Yoast SEO plugin v27.5 - https:\/\/yoast.com\/product\/yoast-seo-wordpress\/ -->\n<title>Sustainable Shapers: Neue Auszeichnung f\u00fcr Gestalterinnen und Gestalter der Nachhaltigkeit - Organisator<\/title>\n<meta name=\"description\" content=\"Sustainable Switzerland, die Nachhaltigkeitsplattform des Unternehmens NZZ, zeichnet 2025 erstmals die \u00abSustainable Shapers\u00bb der Schweiz aus.\" \/>\n<meta name=\"robots\" content=\"index, follow, max-snippet:-1, max-image-preview:large, max-video-preview:-1\" \/>\n<link rel=\"canonical\" href=\"https:\/\/www.organisator.ch\/fr\/sustainability\/2025-05-06\/sustainable-shapers-neue-auszeichnung-fuer-gestalterinnen-und-gestalter-der-nachhaltigkeit\/\" \/>\n<meta property=\"og:locale\" content=\"fr_FR\" \/>\n<meta property=\"og:type\" content=\"article\" \/>\n<meta property=\"og:title\" content=\"Sustainable Shapers: Neue Auszeichnung f\u00fcr Gestalterinnen und Gestalter der Nachhaltigkeit\" \/>\n<meta property=\"og:description\" content=\"Sustainable Switzerland, die Nachhaltigkeitsplattform des Unternehmens NZZ, zeichnet 2025 erstmals die \u00abSustainable Shapers\u00bb der Schweiz aus.\" \/>\n<meta property=\"og:url\" content=\"https:\/\/www.organisator.ch\/fr\/sustainability\/2025-05-06\/sustainable-shapers-neue-auszeichnung-fuer-gestalterinnen-und-gestalter-der-nachhaltigkeit\/\" \/>\n<meta property=\"og:site_name\" content=\"Organisator\" \/>\n<meta property=\"article:publisher\" content=\"https:\/\/www.facebook.com\/OrganisatorFachmagazin\" \/>\n<meta property=\"article:published_time\" content=\"2025-05-06T01:10:20+00:00\" \/>\n<meta property=\"og:image\" content=\"https:\/\/www.organisator.ch\/wp-content\/uploads\/2025\/05\/Sustainable-Shapers-Neue-Auszeichnung-fuer-Gestalterinnen-und-Gestalter-der-Nachhaltigkeit_Organisator.jpg\" \/>\n\t<meta property=\"og:image:width\" content=\"680\" \/>\n\t<meta property=\"og:image:height\" content=\"565\" \/>\n\t<meta property=\"og:image:type\" content=\"image\/jpeg\" \/>\n<meta name=\"author\" content=\"thomas.berner\" \/>\n<meta name=\"twitter:card\" content=\"summary_large_image\" \/>\n<meta name=\"twitter:title\" content=\"#SustainableShapers: Neue #Auszeichnung f\u00fcr Gestalterinnen und Gestalter der Nachhaltigkeit\" \/>\n<meta name=\"twitter:description\" content=\"#SustainableSwitzerland, die #Nachhaltigkeitsplattform des Unternehmens NZZ, zeichnet 2025 erstmals die \u00abSustainable Shapers\u00bb der Schweiz aus.\" \/>\n<meta name=\"twitter:image\" content=\"https:\/\/www.organisator.ch\/wp-content\/uploads\/2025\/05\/Sustainable-Shapers-Neue-Auszeichnung-fuer-Gestalterinnen-und-Gestalter-der-Nachhaltigkeit_Organisator.jpg\" \/>\n<script type=\"application\/ld+json\" class=\"yoast-schema-graph\">{\"@context\":\"https:\\\/\\\/schema.org\",\"@graph\":[{\"@type\":\"Article\",\"@id\":\"https:\\\/\\\/www.organisator.ch\\\/sustainability\\\/2025-05-06\\\/sustainable-shapers-neue-auszeichnung-fuer-gestalterinnen-und-gestalter-der-nachhaltigkeit\\\/#article\",\"isPartOf\":{\"@id\":\"https:\\\/\\\/www.organisator.ch\\\/sustainability\\\/2025-05-06\\\/sustainable-shapers-neue-auszeichnung-fuer-gestalterinnen-und-gestalter-der-nachhaltigkeit\\\/\"},\"author\":{\"name\":\"thomas.berner\",\"@id\":\"https:\\\/\\\/www.organisator.ch\\\/#\\\/schema\\\/person\\\/6f650f90b2842cd4c0cc334b4e36f67e\"},\"headline\":\"Sustainable Shapers: Neue Auszeichnung f\u00fcr Gestalterinnen und Gestalter der Nachhaltigkeit\",\"datePublished\":\"2025-05-06T01:10:20+00:00\",\"mainEntityOfPage\":{\"@id\":\"https:\\\/\\\/www.organisator.ch\\\/sustainability\\\/2025-05-06\\\/sustainable-shapers-neue-auszeichnung-fuer-gestalterinnen-und-gestalter-der-nachhaltigkeit\\\/\"},\"wordCount\":316,\"publisher\":{\"@id\":\"https:\\\/\\\/www.organisator.ch\\\/#organization\"},\"image\":{\"@id\":\"https:\\\/\\\/www.organisator.ch\\\/sustainability\\\/2025-05-06\\\/sustainable-shapers-neue-auszeichnung-fuer-gestalterinnen-und-gestalter-der-nachhaltigkeit\\\/#primaryimage\"},\"thumbnailUrl\":\"https:\\\/\\\/www.organisator.ch\\\/wp-content\\\/uploads\\\/2025\\\/05\\\/Sustainable-Shapers-Neue-Auszeichnung-fuer-Gestalterinnen-und-Gestalter-der-Nachhaltigkeit_Organisator.jpg\",\"keywords\":[\"Awards\",\"Marketing\",\"Nachhaltige Wirtschaft\",\"Nachhaltigkeit\"],\"articleSection\":[\"SUSTAINABILITY\"],\"inLanguage\":\"fr-FR\"},{\"@type\":\"WebPage\",\"@id\":\"https:\\\/\\\/www.organisator.ch\\\/sustainability\\\/2025-05-06\\\/sustainable-shapers-neue-auszeichnung-fuer-gestalterinnen-und-gestalter-der-nachhaltigkeit\\\/\",\"url\":\"https:\\\/\\\/www.organisator.ch\\\/sustainability\\\/2025-05-06\\\/sustainable-shapers-neue-auszeichnung-fuer-gestalterinnen-und-gestalter-der-nachhaltigkeit\\\/\",\"name\":\"Sustainable Shapers: Neue Auszeichnung f\u00fcr Gestalterinnen und Gestalter der Nachhaltigkeit - Organisator\",\"isPartOf\":{\"@id\":\"https:\\\/\\\/www.organisator.ch\\\/#website\"},\"primaryImageOfPage\":{\"@id\":\"https:\\\/\\\/www.organisator.ch\\\/sustainability\\\/2025-05-06\\\/sustainable-shapers-neue-auszeichnung-fuer-gestalterinnen-und-gestalter-der-nachhaltigkeit\\\/#primaryimage\"},\"image\":{\"@id\":\"https:\\\/\\\/www.organisator.ch\\\/sustainability\\\/2025-05-06\\\/sustainable-shapers-neue-auszeichnung-fuer-gestalterinnen-und-gestalter-der-nachhaltigkeit\\\/#primaryimage\"},\"thumbnailUrl\":\"https:\\\/\\\/www.organisator.ch\\\/wp-content\\\/uploads\\\/2025\\\/05\\\/Sustainable-Shapers-Neue-Auszeichnung-fuer-Gestalterinnen-und-Gestalter-der-Nachhaltigkeit_Organisator.jpg\",\"datePublished\":\"2025-05-06T01:10:20+00:00\",\"description\":\"Sustainable Switzerland, die Nachhaltigkeitsplattform des Unternehmens NZZ, zeichnet 2025 erstmals die \u00abSustainable Shapers\u00bb der Schweiz aus.\",\"breadcrumb\":{\"@id\":\"https:\\\/\\\/www.organisator.ch\\\/sustainability\\\/2025-05-06\\\/sustainable-shapers-neue-auszeichnung-fuer-gestalterinnen-und-gestalter-der-nachhaltigkeit\\\/#breadcrumb\"},\"inLanguage\":\"fr-FR\",\"potentialAction\":[{\"@type\":\"ReadAction\",\"target\":[\"https:\\\/\\\/www.organisator.ch\\\/sustainability\\\/2025-05-06\\\/sustainable-shapers-neue-auszeichnung-fuer-gestalterinnen-und-gestalter-der-nachhaltigkeit\\\/\"]}]},{\"@type\":\"ImageObject\",\"inLanguage\":\"fr-FR\",\"@id\":\"https:\\\/\\\/www.organisator.ch\\\/sustainability\\\/2025-05-06\\\/sustainable-shapers-neue-auszeichnung-fuer-gestalterinnen-und-gestalter-der-nachhaltigkeit\\\/#primaryimage\",\"url\":\"https:\\\/\\\/www.organisator.ch\\\/wp-content\\\/uploads\\\/2025\\\/05\\\/Sustainable-Shapers-Neue-Auszeichnung-fuer-Gestalterinnen-und-Gestalter-der-Nachhaltigkeit_Organisator.jpg\",\"contentUrl\":\"https:\\\/\\\/www.organisator.ch\\\/wp-content\\\/uploads\\\/2025\\\/05\\\/Sustainable-Shapers-Neue-Auszeichnung-fuer-Gestalterinnen-und-Gestalter-der-Nachhaltigkeit_Organisator.jpg\"},{\"@type\":\"BreadcrumbList\",\"@id\":\"https:\\\/\\\/www.organisator.ch\\\/sustainability\\\/2025-05-06\\\/sustainable-shapers-neue-auszeichnung-fuer-gestalterinnen-und-gestalter-der-nachhaltigkeit\\\/#breadcrumb\",\"itemListElement\":[{\"@type\":\"ListItem\",\"position\":1,\"name\":\"Home\",\"item\":\"https:\\\/\\\/www.organisator.ch\\\/\"},{\"@type\":\"ListItem\",\"position\":2,\"name\":\"Sustainable Shapers: Neue Auszeichnung f\u00fcr Gestalterinnen und Gestalter der Nachhaltigkeit\"}]},{\"@type\":\"WebSite\",\"@id\":\"https:\\\/\\\/www.organisator.ch\\\/#website\",\"url\":\"https:\\\/\\\/www.organisator.ch\\\/\",\"name\":\"Organisator\",\"description\":\"Kompetent. Praxisnah. Der ORGANISATOR bereitet in 10 Ausgaben pro Jahr die wesentlichen Themen f\u00fcr F\u00fchrungskr\u00e4fte von KMU auf.\",\"publisher\":{\"@id\":\"https:\\\/\\\/www.organisator.ch\\\/#organization\"},\"potentialAction\":[{\"@type\":\"SearchAction\",\"target\":{\"@type\":\"EntryPoint\",\"urlTemplate\":\"https:\\\/\\\/www.organisator.ch\\\/?s={search_term_string}\"},\"query-input\":{\"@type\":\"PropertyValueSpecification\",\"valueRequired\":true,\"valueName\":\"search_term_string\"}}],\"inLanguage\":\"fr-FR\"},{\"@type\":\"Organization\",\"@id\":\"https:\\\/\\\/www.organisator.ch\\\/#organization\",\"name\":\"Organisator\",\"url\":\"https:\\\/\\\/www.organisator.ch\\\/\",\"logo\":{\"@type\":\"ImageObject\",\"inLanguage\":\"fr-FR\",\"@id\":\"https:\\\/\\\/www.organisator.ch\\\/#\\\/schema\\\/logo\\\/image\\\/\",\"url\":\"https:\\\/\\\/www.organisator.ch\\\/wp-content\\\/uploads\\\/2022\\\/01\\\/Logo_Organisator_Website.png\",\"contentUrl\":\"https:\\\/\\\/www.organisator.ch\\\/wp-content\\\/uploads\\\/2022\\\/01\\\/Logo_Organisator_Website.png\",\"width\":800,\"height\":77,\"caption\":\"Organisator\"},\"image\":{\"@id\":\"https:\\\/\\\/www.organisator.ch\\\/#\\\/schema\\\/logo\\\/image\\\/\"},\"sameAs\":[\"https:\\\/\\\/www.facebook.com\\\/OrganisatorFachmagazin\",\"https:\\\/\\\/www.linkedin.com\\\/showcase\\\/organisator-das-magazin-fr-kmu\",\"https:\\\/\\\/www.xing.com\\\/news\\\/pages\\\/organisator-ch-695\",\"https:\\\/\\\/www.youtube.com\\\/channel\\\/UCGP2Sq0iWaZwT3BdIAQFYpw\"]},{\"@type\":\"Person\",\"@id\":\"https:\\\/\\\/www.organisator.ch\\\/#\\\/schema\\\/person\\\/6f650f90b2842cd4c0cc334b4e36f67e\",\"name\":\"thomas.berner\",\"image\":{\"@type\":\"ImageObject\",\"inLanguage\":\"fr-FR\",\"@id\":\"https:\\\/\\\/secure.gravatar.com\\\/avatar\\\/ac5001d2a36cb6c6cd3e50789007ffca834b477b74a2144564522e944eabff61?s=96&d=mm&r=g\",\"url\":\"https:\\\/\\\/secure.gravatar.com\\\/avatar\\\/ac5001d2a36cb6c6cd3e50789007ffca834b477b74a2144564522e944eabff61?s=96&d=mm&r=g\",\"contentUrl\":\"https:\\\/\\\/secure.gravatar.com\\\/avatar\\\/ac5001d2a36cb6c6cd3e50789007ffca834b477b74a2144564522e944eabff61?s=96&d=mm&r=g\",\"caption\":\"thomas.berner\"},\"url\":\"https:\\\/\\\/www.organisator.ch\\\/fr\\\/author\\\/thomas-berner\\\/\"}]}<\/script>\n<!-- \/ Yoast SEO plugin. -->","yoast_head_json":{"title":"Sustainable Shapers : nouveau prix pour les cr\u00e9ateurs de la durabilit\u00e9 - Organisateur","description":"Sustainable Switzerland, la plateforme de durabilit\u00e9 de l'entreprise NZZ, r\u00e9compensera pour la premi\u00e8re fois en 2025 les \"Sustainable Shapers\" de Suisse.","robots":{"index":"index","follow":"follow","max-snippet":"max-snippet:-1","max-image-preview":"max-image-preview:large","max-video-preview":"max-video-preview:-1"},"canonical":"https:\/\/www.organisator.ch\/fr\/sustainability\/2025-05-06\/sustainable-shapers-neue-auszeichnung-fuer-gestalterinnen-und-gestalter-der-nachhaltigkeit\/","og_locale":"fr_FR","og_type":"article","og_title":"Sustainable Shapers: Neue Auszeichnung f\u00fcr Gestalterinnen und Gestalter der Nachhaltigkeit","og_description":"Sustainable Switzerland, die Nachhaltigkeitsplattform des Unternehmens NZZ, zeichnet 2025 erstmals die \u00abSustainable Shapers\u00bb der Schweiz aus.","og_url":"https:\/\/www.organisator.ch\/fr\/sustainability\/2025-05-06\/sustainable-shapers-neue-auszeichnung-fuer-gestalterinnen-und-gestalter-der-nachhaltigkeit\/","og_site_name":"Organisator","article_publisher":"https:\/\/www.facebook.com\/OrganisatorFachmagazin","article_published_time":"2025-05-06T01:10:20+00:00","og_image":[{"width":680,"height":565,"url":"https:\/\/www.organisator.ch\/wp-content\/uploads\/2025\/05\/Sustainable-Shapers-Neue-Auszeichnung-fuer-Gestalterinnen-und-Gestalter-der-Nachhaltigkeit_Organisator.jpg","type":"image\/jpeg"}],"author":"thomas.berner","twitter_card":"summary_large_image","twitter_title":"#SustainableShapers: Neue #Auszeichnung f\u00fcr Gestalterinnen und Gestalter der Nachhaltigkeit","twitter_description":"#SustainableSwitzerland, die #Nachhaltigkeitsplattform des Unternehmens NZZ, zeichnet 2025 erstmals die \u00abSustainable Shapers\u00bb der Schweiz aus.","twitter_image":"https:\/\/www.organisator.ch\/wp-content\/uploads\/2025\/05\/Sustainable-Shapers-Neue-Auszeichnung-fuer-Gestalterinnen-und-Gestalter-der-Nachhaltigkeit_Organisator.jpg","schema":{"@context":"https:\/\/schema.org","@graph":[{"@type":"Article","@id":"https:\/\/www.organisator.ch\/sustainability\/2025-05-06\/sustainable-shapers-neue-auszeichnung-fuer-gestalterinnen-und-gestalter-der-nachhaltigkeit\/#article","isPartOf":{"@id":"https:\/\/www.organisator.ch\/sustainability\/2025-05-06\/sustainable-shapers-neue-auszeichnung-fuer-gestalterinnen-und-gestalter-der-nachhaltigkeit\/"},"author":{"name":"thomas.berner","@id":"https:\/\/www.organisator.ch\/#\/schema\/person\/6f650f90b2842cd4c0cc334b4e36f67e"},"headline":"Sustainable Shapers: Neue Auszeichnung f\u00fcr Gestalterinnen und Gestalter der Nachhaltigkeit","datePublished":"2025-05-06T01:10:20+00:00","mainEntityOfPage":{"@id":"https:\/\/www.organisator.ch\/sustainability\/2025-05-06\/sustainable-shapers-neue-auszeichnung-fuer-gestalterinnen-und-gestalter-der-nachhaltigkeit\/"},"wordCount":316,"publisher":{"@id":"https:\/\/www.organisator.ch\/#organization"},"image":{"@id":"https:\/\/www.organisator.ch\/sustainability\/2025-05-06\/sustainable-shapers-neue-auszeichnung-fuer-gestalterinnen-und-gestalter-der-nachhaltigkeit\/#primaryimage"},"thumbnailUrl":"https:\/\/www.organisator.ch\/wp-content\/uploads\/2025\/05\/Sustainable-Shapers-Neue-Auszeichnung-fuer-Gestalterinnen-und-Gestalter-der-Nachhaltigkeit_Organisator.jpg","keywords":["Awards","Marketing","Nachhaltige Wirtschaft","Nachhaltigkeit"],"articleSection":["SUSTAINABILITY"],"inLanguage":"fr-FR"},{"@type":"WebPage","@id":"https:\/\/www.organisator.ch\/sustainability\/2025-05-06\/sustainable-shapers-neue-auszeichnung-fuer-gestalterinnen-und-gestalter-der-nachhaltigkeit\/","url":"https:\/\/www.organisator.ch\/sustainability\/2025-05-06\/sustainable-shapers-neue-auszeichnung-fuer-gestalterinnen-und-gestalter-der-nachhaltigkeit\/","name":"Sustainable Shapers : nouveau prix pour les cr\u00e9ateurs de la durabilit\u00e9 - Organisateur","isPartOf":{"@id":"https:\/\/www.organisator.ch\/#website"},"primaryImageOfPage":{"@id":"https:\/\/www.organisator.ch\/sustainability\/2025-05-06\/sustainable-shapers-neue-auszeichnung-fuer-gestalterinnen-und-gestalter-der-nachhaltigkeit\/#primaryimage"},"image":{"@id":"https:\/\/www.organisator.ch\/sustainability\/2025-05-06\/sustainable-shapers-neue-auszeichnung-fuer-gestalterinnen-und-gestalter-der-nachhaltigkeit\/#primaryimage"},"thumbnailUrl":"https:\/\/www.organisator.ch\/wp-content\/uploads\/2025\/05\/Sustainable-Shapers-Neue-Auszeichnung-fuer-Gestalterinnen-und-Gestalter-der-Nachhaltigkeit_Organisator.jpg","datePublished":"2025-05-06T01:10:20+00:00","description":"Sustainable Switzerland, la plateforme de durabilit\u00e9 de l'entreprise NZZ, r\u00e9compensera pour la premi\u00e8re fois en 2025 les \"Sustainable Shapers\" de Suisse.","breadcrumb":{"@id":"https:\/\/www.organisator.ch\/sustainability\/2025-05-06\/sustainable-shapers-neue-auszeichnung-fuer-gestalterinnen-und-gestalter-der-nachhaltigkeit\/#breadcrumb"},"inLanguage":"fr-FR","potentialAction":[{"@type":"ReadAction","target":["https:\/\/www.organisator.ch\/sustainability\/2025-05-06\/sustainable-shapers-neue-auszeichnung-fuer-gestalterinnen-und-gestalter-der-nachhaltigkeit\/"]}]},{"@type":"ImageObject","inLanguage":"fr-FR","@id":"https:\/\/www.organisator.ch\/sustainability\/2025-05-06\/sustainable-shapers-neue-auszeichnung-fuer-gestalterinnen-und-gestalter-der-nachhaltigkeit\/#primaryimage","url":"https:\/\/www.organisator.ch\/wp-content\/uploads\/2025\/05\/Sustainable-Shapers-Neue-Auszeichnung-fuer-Gestalterinnen-und-Gestalter-der-Nachhaltigkeit_Organisator.jpg","contentUrl":"https:\/\/www.organisator.ch\/wp-content\/uploads\/2025\/05\/Sustainable-Shapers-Neue-Auszeichnung-fuer-Gestalterinnen-und-Gestalter-der-Nachhaltigkeit_Organisator.jpg"},{"@type":"BreadcrumbList","@id":"https:\/\/www.organisator.ch\/sustainability\/2025-05-06\/sustainable-shapers-neue-auszeichnung-fuer-gestalterinnen-und-gestalter-der-nachhaltigkeit\/#breadcrumb","itemListElement":[{"@type":"ListItem","position":1,"name":"Home","item":"https:\/\/www.organisator.ch\/"},{"@type":"ListItem","position":2,"name":"Sustainable Shapers: Neue Auszeichnung f\u00fcr Gestalterinnen und Gestalter der Nachhaltigkeit"}]},{"@type":"WebSite","@id":"https:\/\/www.organisator.ch\/#website","url":"https:\/\/www.organisator.ch\/","name":"Organisateur","description":"Comp\u00e9tence et comp\u00e9tence. Proches de la pratique. L'ORGANISATEUR pr\u00e9pare 10 num\u00e9ros par an sur les th\u00e8mes essentiels pour les dirigeants de PME.","publisher":{"@id":"https:\/\/www.organisator.ch\/#organization"},"potentialAction":[{"@type":"SearchAction","target":{"@type":"EntryPoint","urlTemplate":"https:\/\/www.organisator.ch\/?s={search_term_string}"},"query-input":{"@type":"PropertyValueSpecification","valueRequired":true,"valueName":"search_term_string"}}],"inLanguage":"fr-FR"},{"@type":"Organization","@id":"https:\/\/www.organisator.ch\/#organization","name":"Organisateur","url":"https:\/\/www.organisator.ch\/","logo":{"@type":"ImageObject","inLanguage":"fr-FR","@id":"https:\/\/www.organisator.ch\/#\/schema\/logo\/image\/","url":"https:\/\/www.organisator.ch\/wp-content\/uploads\/2022\/01\/Logo_Organisator_Website.png","contentUrl":"https:\/\/www.organisator.ch\/wp-content\/uploads\/2022\/01\/Logo_Organisator_Website.png","width":800,"height":77,"caption":"Organisator"},"image":{"@id":"https:\/\/www.organisator.ch\/#\/schema\/logo\/image\/"},"sameAs":["https:\/\/www.facebook.com\/OrganisatorFachmagazin","https:\/\/www.linkedin.com\/showcase\/organisator-das-magazin-fr-kmu","https:\/\/www.xing.com\/news\/pages\/organisator-ch-695","https:\/\/www.youtube.com\/channel\/UCGP2Sq0iWaZwT3BdIAQFYpw"]},{"@type":"Person","@id":"https:\/\/www.organisator.ch\/#\/schema\/person\/6f650f90b2842cd4c0cc334b4e36f67e","name":"thomas.berner","image":{"@type":"ImageObject","inLanguage":"fr-FR","@id":"https:\/\/secure.gravatar.com\/avatar\/ac5001d2a36cb6c6cd3e50789007ffca834b477b74a2144564522e944eabff61?s=96&d=mm&r=g","url":"https:\/\/secure.gravatar.com\/avatar\/ac5001d2a36cb6c6cd3e50789007ffca834b477b74a2144564522e944eabff61?s=96&d=mm&r=g","contentUrl":"https:\/\/secure.gravatar.com\/avatar\/ac5001d2a36cb6c6cd3e50789007ffca834b477b74a2144564522e944eabff61?s=96&d=mm&r=g","caption":"thomas.berner"},"url":"https:\/\/www.organisator.ch\/fr\/author\/thomas-berner\/"}]}},"_links":{"self":[{"href":"https:\/\/www.organisator.ch\/fr\/wp-json\/wp\/v2\/posts\/38174","targetHints":{"allow":["GET"]}}],"collection":[{"href":"https:\/\/www.organisator.ch\/fr\/wp-json\/wp\/v2\/posts"}],"about":[{"href":"https:\/\/www.organisator.ch\/fr\/wp-json\/wp\/v2\/types\/post"}],"author":[{"embeddable":true,"href":"https:\/\/www.organisator.ch\/fr\/wp-json\/wp\/v2\/users\/4"}],"replies":[{"embeddable":true,"href":"https:\/\/www.organisator.ch\/fr\/wp-json\/wp\/v2\/comments?post=38174"}],"version-history":[{"count":3,"href":"https:\/\/www.organisator.ch\/fr\/wp-json\/wp\/v2\/posts\/38174\/revisions"}],"predecessor-version":[{"id":38214,"href":"https:\/\/www.organisator.ch\/fr\/wp-json\/wp\/v2\/posts\/38174\/revisions\/38214"}],"wp:attachment":[{"href":"https:\/\/www.organisator.ch\/fr\/wp-json\/wp\/v2\/media?parent=38174"}],"wp:term":[{"taxonomy":"category","embeddable":true,"href":"https:\/\/www.organisator.ch\/fr\/wp-json\/wp\/v2\/categories?post=38174"},{"taxonomy":"post_tag","embeddable":true,"href":"https:\/\/www.organisator.ch\/fr\/wp-json\/wp\/v2\/tags?post=38174"}],"curies":[{"name":"wp","href":"https:\/\/api.w.org\/{rel}","templated":true}]}}