{"id":38187,"date":"2025-05-06T08:26:14","date_gmt":"2025-05-06T06:26:14","guid":{"rendered":"https:\/\/www.markt-kom.com\/?p=234158"},"modified":"2025-05-06T08:24:43","modified_gmt":"2025-05-06T06:24:43","slug":"pilot-suisse-wird-mediaagentur-von-garmin-in-der-schweiz","status":"publish","type":"post","link":"https:\/\/www.organisator.ch\/fr\/marketing\/2025-05-06\/pilot-suisse-wird-mediaagentur-von-garmin-in-der-schweiz\/","title":{"rendered":"Pilot Suisse devient l'agence m\u00e9dia de Garmin en Suisse"},"content":{"rendered":"<figure id=\"attachment_234159\" class=\"wp-caption aligncenter\" style=\"width: 1200px;\" aria-describedby=\"caption-attachment-234159\"><a href=\"https:\/\/www.markt-kom.com\/wp-content\/uploads\/2025\/05\/Garmin_PR_Felix-Hegaauptbild-Casual.jpg\"><img class=\"size-full wp-image-234159\" src=\"https:\/\/www.markt-kom.com\/wp-content\/uploads\/2025\/05\/Garmin_PR_Felix-Hegaauptbild-Casual.jpg\" sizes=\"(max-width: 1200px) 100vw, 1200px\" srcset=\"https:\/\/www.markt-kom.com\/wp-content\/uploads\/2025\/05\/Garmin_PR_Felix-Hegaauptbild-Casual.jpg 1200w, https:\/\/www.markt-kom.com\/wp-content\/uploads\/2025\/05\/Garmin_PR_Felix-Hegaauptbild-Casual-600x450.jpg 600w, https:\/\/www.markt-kom.com\/wp-content\/uploads\/2025\/05\/Garmin_PR_Felix-Hegaauptbild-Casual-1024x768.jpg 1024w, https:\/\/www.markt-kom.com\/wp-content\/uploads\/2025\/05\/Garmin_PR_Felix-Hegaauptbild-Casual-768x576.jpg 768w, https:\/\/www.markt-kom.com\/wp-content\/uploads\/2025\/05\/Garmin_PR_Felix-Hegaauptbild-Casual-16x12.jpg 16w, https:\/\/www.markt-kom.com\/wp-content\/uploads\/2025\/05\/Garmin_PR_Felix-Hegaauptbild-Casual-233x175.jpg 233w, https:\/\/www.markt-kom.com\/wp-content\/uploads\/2025\/05\/Garmin_PR_Felix-Hegaauptbild-Casual-467x350.jpg 467w, https:\/\/www.markt-kom.com\/wp-content\/uploads\/2025\/05\/Garmin_PR_Felix-Hegaauptbild-Casual-1000x750.jpg 1000w\" alt=\"\" width=\"1200\" height=\"900\" \/><\/a>\r\n<figcaption id=\"caption-attachment-234159\" class=\"wp-caption-text\">Felix Hegar, Head of Brand Management chez Garmin, se r\u00e9jouit de la collaboration avec Pilot Suisse. (Image : zVg.)<\/figcaption>\r\n<\/figure>\r\n<p>La collaboration d\u00e9bute par une vaste campagne d'image visant \u00e0 d\u00e9velopper et \u00e0 renforcer la notori\u00e9t\u00e9 de la marque et l'image de Garmin sur le march\u00e9 suisse. La campagne se concentre sur les images anim\u00e9es dans la t\u00e9l\u00e9vision lin\u00e9aire, la t\u00e9l\u00e9vision connect\u00e9e, YouTube et la vid\u00e9o en ligne. Elle s'adresse aux personnes ayant un style de vie actif.<\/p>\r\n<p>\"Avec son slogan 'Beat Yesterday', Garmin est l'incarnation d'une marque challenger. Chez Pilot Suisse, nous vivons chaque jour cette exigence de d\u00e9fi, de remise en question et d'am\u00e9lioration. C'est pourquoi Garmin et Pilot Suisse s'accordent parfaitement et nous sommes incroyablement fiers de d\u00e9fier ensemble les consommateurs, mais aussi le paysage m\u00e9diatique suisse, pour Garmin\", d\u00e9clare Ben Moser, associ\u00e9 g\u00e9rant de Pilot Suisse. <a href=\"https:\/\/www.pilot-suisse.ch\/\">Pilote Suisse<\/a>.<\/p>\r\n<p>Felix Hegar, Head of Brand Management chez Garmin, qualifie Pilot d'innovateur et de fiable et se r\u00e9jouit maintenant de la collaboration avec la d\u00e9pendance suisse : \"Avec son approche de planification convaincante, son expertise prononc\u00e9e et son flair subtil pour les particularit\u00e9s du paysage suisse de la communication, Pilot Suisse nous a convaincus d'embl\u00e9e et cr\u00e9e ainsi des valeurs ajout\u00e9es \u00e9videntes pour notre image de marque et nos campagnes en Suisse\", explique Hegar.<\/p>","protected":false},"excerpt":{"rendered":"<p>Dans le cadre de la collaboration de longue date entre Garmin et Pilot Munich dans la r\u00e9gion DACH, Pilot Suisse se charge du conseil et de la planification des campagnes pour la soci\u00e9t\u00e9 Active-Tech dans toute la Suisse.<\/p>","protected":false},"author":8,"featured_media":0,"comment_status":"closed","ping_status":"closed","sticky":false,"template":"","format":"standard","meta":{"_acf_changed":false,"_yoast_wpseo_focuskw":"Pilot Suisse","_yoast_wpseo_metadesc":"Pilot Suisse \u00fcbernimmt die Beratung und Kampagnen-Planung f\u00fcr die Active-Tech-Company Garmin in der gesamten Schweiz.","articlekey":"","footnotes":""},"categories":[29],"tags":[2850,4351,2855,5332,5241],"class_list":["post-38187","post","type-post","status-publish","format-standard","hentry","category-marketing","tag-agenturen","tag-dexat","tag-etats","tag-garmin","tag-pilot-suisse"],"acf":[],"yoast_head":"<!-- This site is optimized with the Yoast SEO plugin v27.5 - https:\/\/yoast.com\/product\/yoast-seo-wordpress\/ -->\n<title>Pilot Suisse wird Mediaagentur von Garmin in der Schweiz - Organisator<\/title>\n<meta name=\"description\" content=\"Pilot Suisse \u00fcbernimmt die Beratung und Kampagnen-Planung f\u00fcr die Active-Tech-Company Garmin in der gesamten Schweiz.\" \/>\n<meta name=\"robots\" content=\"index, follow, max-snippet:-1, max-image-preview:large, max-video-preview:-1\" \/>\n<link rel=\"canonical\" href=\"https:\/\/www.organisator.ch\/fr\/marketing\/2025-05-06\/pilot-suisse-wird-mediaagentur-von-garmin-in-der-schweiz\/\" \/>\n<meta property=\"og:locale\" content=\"fr_FR\" \/>\n<meta property=\"og:type\" content=\"article\" \/>\n<meta property=\"og:title\" content=\"Pilot Suisse wird Mediaagentur von Garmin in der Schweiz - Organisator\" \/>\n<meta property=\"og:description\" content=\"Pilot Suisse \u00fcbernimmt die Beratung und Kampagnen-Planung f\u00fcr die Active-Tech-Company Garmin in der gesamten Schweiz.\" \/>\n<meta property=\"og:url\" content=\"https:\/\/www.organisator.ch\/fr\/marketing\/2025-05-06\/pilot-suisse-wird-mediaagentur-von-garmin-in-der-schweiz\/\" \/>\n<meta property=\"og:site_name\" content=\"Organisator\" \/>\n<meta property=\"article:publisher\" content=\"https:\/\/www.facebook.com\/OrganisatorFachmagazin\" \/>\n<meta property=\"article:published_time\" content=\"2025-05-06T06:26:14+00:00\" \/>\n<meta name=\"author\" content=\"galledia\" \/>\n<meta name=\"twitter:card\" content=\"summary_large_image\" \/>\n<meta name=\"twitter:creator\" content=\"@admin\" \/>\n<script type=\"application\/ld+json\" class=\"yoast-schema-graph\">{\"@context\":\"https:\\\/\\\/schema.org\",\"@graph\":[{\"@type\":\"Article\",\"@id\":\"https:\\\/\\\/www.organisator.ch\\\/marketing\\\/2025-05-06\\\/pilot-suisse-wird-mediaagentur-von-garmin-in-der-schweiz\\\/#article\",\"isPartOf\":{\"@id\":\"https:\\\/\\\/www.organisator.ch\\\/marketing\\\/2025-05-06\\\/pilot-suisse-wird-mediaagentur-von-garmin-in-der-schweiz\\\/\"},\"author\":{\"name\":\"galledia\",\"@id\":\"https:\\\/\\\/www.organisator.ch\\\/#\\\/schema\\\/person\\\/4e51799071cd2dd1232ac003643ef5f0\"},\"headline\":\"Pilot Suisse wird Mediaagentur von Garmin in der Schweiz\",\"datePublished\":\"2025-05-06T06:26:14+00:00\",\"mainEntityOfPage\":{\"@id\":\"https:\\\/\\\/www.organisator.ch\\\/marketing\\\/2025-05-06\\\/pilot-suisse-wird-mediaagentur-von-garmin-in-der-schweiz\\\/\"},\"wordCount\":214,\"publisher\":{\"@id\":\"https:\\\/\\\/www.organisator.ch\\\/#organization\"},\"image\":{\"@id\":\"https:\\\/\\\/www.organisator.ch\\\/marketing\\\/2025-05-06\\\/pilot-suisse-wird-mediaagentur-von-garmin-in-der-schweiz\\\/#primaryimage\"},\"thumbnailUrl\":\"https:\\\/\\\/www.markt-kom.com\\\/wp-content\\\/uploads\\\/2025\\\/05\\\/Garmin_PR_Felix-Hegaauptbild-Casual.jpg\",\"keywords\":[\"Agenturen\",\"DExAT\",\"Etats\",\"Garmin\",\"Pilot Suisse\"],\"articleSection\":[\"MARKETING\"],\"inLanguage\":\"fr-FR\"},{\"@type\":\"WebPage\",\"@id\":\"https:\\\/\\\/www.organisator.ch\\\/marketing\\\/2025-05-06\\\/pilot-suisse-wird-mediaagentur-von-garmin-in-der-schweiz\\\/\",\"url\":\"https:\\\/\\\/www.organisator.ch\\\/marketing\\\/2025-05-06\\\/pilot-suisse-wird-mediaagentur-von-garmin-in-der-schweiz\\\/\",\"name\":\"Pilot Suisse wird Mediaagentur von Garmin in der Schweiz - Organisator\",\"isPartOf\":{\"@id\":\"https:\\\/\\\/www.organisator.ch\\\/#website\"},\"primaryImageOfPage\":{\"@id\":\"https:\\\/\\\/www.organisator.ch\\\/marketing\\\/2025-05-06\\\/pilot-suisse-wird-mediaagentur-von-garmin-in-der-schweiz\\\/#primaryimage\"},\"image\":{\"@id\":\"https:\\\/\\\/www.organisator.ch\\\/marketing\\\/2025-05-06\\\/pilot-suisse-wird-mediaagentur-von-garmin-in-der-schweiz\\\/#primaryimage\"},\"thumbnailUrl\":\"https:\\\/\\\/www.markt-kom.com\\\/wp-content\\\/uploads\\\/2025\\\/05\\\/Garmin_PR_Felix-Hegaauptbild-Casual.jpg\",\"datePublished\":\"2025-05-06T06:26:14+00:00\",\"description\":\"Pilot Suisse \u00fcbernimmt die Beratung und Kampagnen-Planung f\u00fcr die Active-Tech-Company Garmin in der gesamten Schweiz.\",\"breadcrumb\":{\"@id\":\"https:\\\/\\\/www.organisator.ch\\\/marketing\\\/2025-05-06\\\/pilot-suisse-wird-mediaagentur-von-garmin-in-der-schweiz\\\/#breadcrumb\"},\"inLanguage\":\"fr-FR\",\"potentialAction\":[{\"@type\":\"ReadAction\",\"target\":[\"https:\\\/\\\/www.organisator.ch\\\/marketing\\\/2025-05-06\\\/pilot-suisse-wird-mediaagentur-von-garmin-in-der-schweiz\\\/\"]}]},{\"@type\":\"ImageObject\",\"inLanguage\":\"fr-FR\",\"@id\":\"https:\\\/\\\/www.organisator.ch\\\/marketing\\\/2025-05-06\\\/pilot-suisse-wird-mediaagentur-von-garmin-in-der-schweiz\\\/#primaryimage\",\"url\":\"https:\\\/\\\/www.markt-kom.com\\\/wp-content\\\/uploads\\\/2025\\\/05\\\/Garmin_PR_Felix-Hegaauptbild-Casual.jpg\",\"contentUrl\":\"https:\\\/\\\/www.markt-kom.com\\\/wp-content\\\/uploads\\\/2025\\\/05\\\/Garmin_PR_Felix-Hegaauptbild-Casual.jpg\"},{\"@type\":\"BreadcrumbList\",\"@id\":\"https:\\\/\\\/www.organisator.ch\\\/marketing\\\/2025-05-06\\\/pilot-suisse-wird-mediaagentur-von-garmin-in-der-schweiz\\\/#breadcrumb\",\"itemListElement\":[{\"@type\":\"ListItem\",\"position\":1,\"name\":\"Home\",\"item\":\"https:\\\/\\\/www.organisator.ch\\\/\"},{\"@type\":\"ListItem\",\"position\":2,\"name\":\"Pilot Suisse wird Mediaagentur von Garmin in der Schweiz\"}]},{\"@type\":\"WebSite\",\"@id\":\"https:\\\/\\\/www.organisator.ch\\\/#website\",\"url\":\"https:\\\/\\\/www.organisator.ch\\\/\",\"name\":\"Organisator\",\"description\":\"Kompetent. Praxisnah. Der ORGANISATOR bereitet in 10 Ausgaben pro Jahr die wesentlichen Themen f\u00fcr F\u00fchrungskr\u00e4fte von KMU auf.\",\"publisher\":{\"@id\":\"https:\\\/\\\/www.organisator.ch\\\/#organization\"},\"potentialAction\":[{\"@type\":\"SearchAction\",\"target\":{\"@type\":\"EntryPoint\",\"urlTemplate\":\"https:\\\/\\\/www.organisator.ch\\\/?s={search_term_string}\"},\"query-input\":{\"@type\":\"PropertyValueSpecification\",\"valueRequired\":true,\"valueName\":\"search_term_string\"}}],\"inLanguage\":\"fr-FR\"},{\"@type\":\"Organization\",\"@id\":\"https:\\\/\\\/www.organisator.ch\\\/#organization\",\"name\":\"Organisator\",\"url\":\"https:\\\/\\\/www.organisator.ch\\\/\",\"logo\":{\"@type\":\"ImageObject\",\"inLanguage\":\"fr-FR\",\"@id\":\"https:\\\/\\\/www.organisator.ch\\\/#\\\/schema\\\/logo\\\/image\\\/\",\"url\":\"https:\\\/\\\/www.organisator.ch\\\/wp-content\\\/uploads\\\/2022\\\/01\\\/Logo_Organisator_Website.png\",\"contentUrl\":\"https:\\\/\\\/www.organisator.ch\\\/wp-content\\\/uploads\\\/2022\\\/01\\\/Logo_Organisator_Website.png\",\"width\":800,\"height\":77,\"caption\":\"Organisator\"},\"image\":{\"@id\":\"https:\\\/\\\/www.organisator.ch\\\/#\\\/schema\\\/logo\\\/image\\\/\"},\"sameAs\":[\"https:\\\/\\\/www.facebook.com\\\/OrganisatorFachmagazin\",\"https:\\\/\\\/www.linkedin.com\\\/showcase\\\/organisator-das-magazin-fr-kmu\",\"https:\\\/\\\/www.xing.com\\\/news\\\/pages\\\/organisator-ch-695\",\"https:\\\/\\\/www.youtube.com\\\/channel\\\/UCGP2Sq0iWaZwT3BdIAQFYpw\"]},{\"@type\":\"Person\",\"@id\":\"https:\\\/\\\/www.organisator.ch\\\/#\\\/schema\\\/person\\\/4e51799071cd2dd1232ac003643ef5f0\",\"name\":\"galledia\",\"image\":{\"@type\":\"ImageObject\",\"inLanguage\":\"fr-FR\",\"@id\":\"https:\\\/\\\/secure.gravatar.com\\\/avatar\\\/78a7f90c01fc2bfc875782a0d4922b37cde2cf184ce347b91316d23cd7f69a36?s=96&d=mm&r=g\",\"url\":\"https:\\\/\\\/secure.gravatar.com\\\/avatar\\\/78a7f90c01fc2bfc875782a0d4922b37cde2cf184ce347b91316d23cd7f69a36?s=96&d=mm&r=g\",\"contentUrl\":\"https:\\\/\\\/secure.gravatar.com\\\/avatar\\\/78a7f90c01fc2bfc875782a0d4922b37cde2cf184ce347b91316d23cd7f69a36?s=96&d=mm&r=g\",\"caption\":\"galledia\"},\"sameAs\":[\"https:\\\/\\\/x.com\\\/admin\"],\"url\":\"https:\\\/\\\/www.organisator.ch\\\/fr\\\/author\\\/galledia\\\/\"}]}<\/script>\n<!-- \/ Yoast SEO plugin. -->","yoast_head_json":{"title":"Pilot Suisse devient l'agence m\u00e9dia de Garmin en Suisse - Organisateur","description":"Pilot Suisse se charge du conseil et de la planification de campagnes pour l'active-tech-company Garmin dans toute la Suisse.","robots":{"index":"index","follow":"follow","max-snippet":"max-snippet:-1","max-image-preview":"max-image-preview:large","max-video-preview":"max-video-preview:-1"},"canonical":"https:\/\/www.organisator.ch\/fr\/marketing\/2025-05-06\/pilot-suisse-wird-mediaagentur-von-garmin-in-der-schweiz\/","og_locale":"fr_FR","og_type":"article","og_title":"Pilot Suisse wird Mediaagentur von Garmin in der Schweiz - Organisator","og_description":"Pilot Suisse \u00fcbernimmt die Beratung und Kampagnen-Planung f\u00fcr die Active-Tech-Company Garmin in der gesamten Schweiz.","og_url":"https:\/\/www.organisator.ch\/fr\/marketing\/2025-05-06\/pilot-suisse-wird-mediaagentur-von-garmin-in-der-schweiz\/","og_site_name":"Organisator","article_publisher":"https:\/\/www.facebook.com\/OrganisatorFachmagazin","article_published_time":"2025-05-06T06:26:14+00:00","author":"galledia","twitter_card":"summary_large_image","twitter_creator":"@admin","schema":{"@context":"https:\/\/schema.org","@graph":[{"@type":"Article","@id":"https:\/\/www.organisator.ch\/marketing\/2025-05-06\/pilot-suisse-wird-mediaagentur-von-garmin-in-der-schweiz\/#article","isPartOf":{"@id":"https:\/\/www.organisator.ch\/marketing\/2025-05-06\/pilot-suisse-wird-mediaagentur-von-garmin-in-der-schweiz\/"},"author":{"name":"galledia","@id":"https:\/\/www.organisator.ch\/#\/schema\/person\/4e51799071cd2dd1232ac003643ef5f0"},"headline":"Pilot Suisse wird Mediaagentur von Garmin in der Schweiz","datePublished":"2025-05-06T06:26:14+00:00","mainEntityOfPage":{"@id":"https:\/\/www.organisator.ch\/marketing\/2025-05-06\/pilot-suisse-wird-mediaagentur-von-garmin-in-der-schweiz\/"},"wordCount":214,"publisher":{"@id":"https:\/\/www.organisator.ch\/#organization"},"image":{"@id":"https:\/\/www.organisator.ch\/marketing\/2025-05-06\/pilot-suisse-wird-mediaagentur-von-garmin-in-der-schweiz\/#primaryimage"},"thumbnailUrl":"https:\/\/www.markt-kom.com\/wp-content\/uploads\/2025\/05\/Garmin_PR_Felix-Hegaauptbild-Casual.jpg","keywords":["Agenturen","DExAT","Etats","Garmin","Pilot Suisse"],"articleSection":["MARKETING"],"inLanguage":"fr-FR"},{"@type":"WebPage","@id":"https:\/\/www.organisator.ch\/marketing\/2025-05-06\/pilot-suisse-wird-mediaagentur-von-garmin-in-der-schweiz\/","url":"https:\/\/www.organisator.ch\/marketing\/2025-05-06\/pilot-suisse-wird-mediaagentur-von-garmin-in-der-schweiz\/","name":"Pilot Suisse devient l'agence m\u00e9dia de Garmin en Suisse - Organisateur","isPartOf":{"@id":"https:\/\/www.organisator.ch\/#website"},"primaryImageOfPage":{"@id":"https:\/\/www.organisator.ch\/marketing\/2025-05-06\/pilot-suisse-wird-mediaagentur-von-garmin-in-der-schweiz\/#primaryimage"},"image":{"@id":"https:\/\/www.organisator.ch\/marketing\/2025-05-06\/pilot-suisse-wird-mediaagentur-von-garmin-in-der-schweiz\/#primaryimage"},"thumbnailUrl":"https:\/\/www.markt-kom.com\/wp-content\/uploads\/2025\/05\/Garmin_PR_Felix-Hegaauptbild-Casual.jpg","datePublished":"2025-05-06T06:26:14+00:00","description":"Pilot Suisse se charge du conseil et de la planification de campagnes pour l'active-tech-company Garmin dans toute la Suisse.","breadcrumb":{"@id":"https:\/\/www.organisator.ch\/marketing\/2025-05-06\/pilot-suisse-wird-mediaagentur-von-garmin-in-der-schweiz\/#breadcrumb"},"inLanguage":"fr-FR","potentialAction":[{"@type":"ReadAction","target":["https:\/\/www.organisator.ch\/marketing\/2025-05-06\/pilot-suisse-wird-mediaagentur-von-garmin-in-der-schweiz\/"]}]},{"@type":"ImageObject","inLanguage":"fr-FR","@id":"https:\/\/www.organisator.ch\/marketing\/2025-05-06\/pilot-suisse-wird-mediaagentur-von-garmin-in-der-schweiz\/#primaryimage","url":"https:\/\/www.markt-kom.com\/wp-content\/uploads\/2025\/05\/Garmin_PR_Felix-Hegaauptbild-Casual.jpg","contentUrl":"https:\/\/www.markt-kom.com\/wp-content\/uploads\/2025\/05\/Garmin_PR_Felix-Hegaauptbild-Casual.jpg"},{"@type":"BreadcrumbList","@id":"https:\/\/www.organisator.ch\/marketing\/2025-05-06\/pilot-suisse-wird-mediaagentur-von-garmin-in-der-schweiz\/#breadcrumb","itemListElement":[{"@type":"ListItem","position":1,"name":"Home","item":"https:\/\/www.organisator.ch\/"},{"@type":"ListItem","position":2,"name":"Pilot Suisse wird Mediaagentur von Garmin in der Schweiz"}]},{"@type":"WebSite","@id":"https:\/\/www.organisator.ch\/#website","url":"https:\/\/www.organisator.ch\/","name":"Organisateur","description":"Comp\u00e9tence et comp\u00e9tence. Proches de la pratique. L'ORGANISATEUR pr\u00e9pare 10 num\u00e9ros par an sur les th\u00e8mes essentiels pour les dirigeants de PME.","publisher":{"@id":"https:\/\/www.organisator.ch\/#organization"},"potentialAction":[{"@type":"SearchAction","target":{"@type":"EntryPoint","urlTemplate":"https:\/\/www.organisator.ch\/?s={search_term_string}"},"query-input":{"@type":"PropertyValueSpecification","valueRequired":true,"valueName":"search_term_string"}}],"inLanguage":"fr-FR"},{"@type":"Organization","@id":"https:\/\/www.organisator.ch\/#organization","name":"Organisateur","url":"https:\/\/www.organisator.ch\/","logo":{"@type":"ImageObject","inLanguage":"fr-FR","@id":"https:\/\/www.organisator.ch\/#\/schema\/logo\/image\/","url":"https:\/\/www.organisator.ch\/wp-content\/uploads\/2022\/01\/Logo_Organisator_Website.png","contentUrl":"https:\/\/www.organisator.ch\/wp-content\/uploads\/2022\/01\/Logo_Organisator_Website.png","width":800,"height":77,"caption":"Organisator"},"image":{"@id":"https:\/\/www.organisator.ch\/#\/schema\/logo\/image\/"},"sameAs":["https:\/\/www.facebook.com\/OrganisatorFachmagazin","https:\/\/www.linkedin.com\/showcase\/organisator-das-magazin-fr-kmu","https:\/\/www.xing.com\/news\/pages\/organisator-ch-695","https:\/\/www.youtube.com\/channel\/UCGP2Sq0iWaZwT3BdIAQFYpw"]},{"@type":"Person","@id":"https:\/\/www.organisator.ch\/#\/schema\/person\/4e51799071cd2dd1232ac003643ef5f0","name":"galledia","image":{"@type":"ImageObject","inLanguage":"fr-FR","@id":"https:\/\/secure.gravatar.com\/avatar\/78a7f90c01fc2bfc875782a0d4922b37cde2cf184ce347b91316d23cd7f69a36?s=96&d=mm&r=g","url":"https:\/\/secure.gravatar.com\/avatar\/78a7f90c01fc2bfc875782a0d4922b37cde2cf184ce347b91316d23cd7f69a36?s=96&d=mm&r=g","contentUrl":"https:\/\/secure.gravatar.com\/avatar\/78a7f90c01fc2bfc875782a0d4922b37cde2cf184ce347b91316d23cd7f69a36?s=96&d=mm&r=g","caption":"galledia"},"sameAs":["https:\/\/x.com\/admin"],"url":"https:\/\/www.organisator.ch\/fr\/author\/galledia\/"}]}},"_links":{"self":[{"href":"https:\/\/www.organisator.ch\/fr\/wp-json\/wp\/v2\/posts\/38187","targetHints":{"allow":["GET"]}}],"collection":[{"href":"https:\/\/www.organisator.ch\/fr\/wp-json\/wp\/v2\/posts"}],"about":[{"href":"https:\/\/www.organisator.ch\/fr\/wp-json\/wp\/v2\/types\/post"}],"author":[{"embeddable":true,"href":"https:\/\/www.organisator.ch\/fr\/wp-json\/wp\/v2\/users\/8"}],"replies":[{"embeddable":true,"href":"https:\/\/www.organisator.ch\/fr\/wp-json\/wp\/v2\/comments?post=38187"}],"version-history":[{"count":4,"href":"https:\/\/www.organisator.ch\/fr\/wp-json\/wp\/v2\/posts\/38187\/revisions"}],"predecessor-version":[{"id":38200,"href":"https:\/\/www.organisator.ch\/fr\/wp-json\/wp\/v2\/posts\/38187\/revisions\/38200"}],"wp:attachment":[{"href":"https:\/\/www.organisator.ch\/fr\/wp-json\/wp\/v2\/media?parent=38187"}],"wp:term":[{"taxonomy":"category","embeddable":true,"href":"https:\/\/www.organisator.ch\/fr\/wp-json\/wp\/v2\/categories?post=38187"},{"taxonomy":"post_tag","embeddable":true,"href":"https:\/\/www.organisator.ch\/fr\/wp-json\/wp\/v2\/tags?post=38187"}],"curies":[{"name":"wp","href":"https:\/\/api.w.org\/{rel}","templated":true}]}}