{"id":38215,"date":"2025-05-07T08:26:23","date_gmt":"2025-05-07T06:26:23","guid":{"rendered":"https:\/\/www.organisator.ch\/?p=38215"},"modified":"2025-05-07T08:26:23","modified_gmt":"2025-05-07T06:26:23","slug":"nachfolgespezialist-continuum-ag-verstaerkt-sich-personell","status":"publish","type":"post","link":"https:\/\/www.organisator.ch\/fr\/management\/2025-05-07\/nachfolgespezialist-continuum-ag-verstaerkt-sich-personell\/","title":{"rendered":"Le sp\u00e9cialiste de la succession Continuum AG renforce son personnel"},"content":{"rendered":"<figure id=\"attachment_38216\" aria-describedby=\"caption-attachment-38216\" style=\"width: 680px\" class=\"wp-caption alignnone\"><img loading=\"lazy\" decoding=\"async\" class=\"size-full wp-image-38216\" src=\"https:\/\/www.organisator.ch\/wp-content\/uploads\/2025\/05\/Nachfolgespezialist-Continuum-AG-verstaerkt-sich-personell_Organisator.jpg\" alt=\"\" width=\"680\" height=\"232\" srcset=\"https:\/\/www.organisator.ch\/wp-content\/uploads\/2025\/05\/Nachfolgespezialist-Continuum-AG-verstaerkt-sich-personell_Organisator.jpg 680w, https:\/\/www.organisator.ch\/wp-content\/uploads\/2025\/05\/Nachfolgespezialist-Continuum-AG-verstaerkt-sich-personell_Organisator-18x6.jpg 18w, https:\/\/www.organisator.ch\/wp-content\/uploads\/2025\/05\/Nachfolgespezialist-Continuum-AG-verstaerkt-sich-personell_Organisator-375x128.jpg 375w\" sizes=\"auto, (max-width: 680px) 100vw, 680px\" \/><figcaption id=\"caption-attachment-38216\" class=\"wp-caption-text\">Sur la photo (de gauche \u00e0 droite) : Dr Stefan Schneider, Susanne Kutterer-Schacht, Matt Moser, Rolf Brunner, Heini O. Seger, Yannick Brunner. (Image : zVg)<\/figcaption><\/figure>\n<p>Depuis le 1er mai 2025, Heini O. Seger compl\u00e8te l'\u00e9quipe de direction de Continuum AG en tant qu'Associate Partner. Ce conseiller et coach exp\u00e9riment\u00e9 apporte une longue expertise dans l'accompagnement des entreprises familiales et renforce le site de Saint-Gall. Stefan Schneider, Rolf Brunner, Susanne Kutterer-Schacht et Matt Moser font partie de l'\u00e9quipe d'associ\u00e9s aux c\u00f4t\u00e9s de Seger. Rolf Brunner se retirera du conseil d'administration \u00e0 partir de mai 2025 et agira d\u00e9sormais en tant que partenaire senior. Yannick Brunner prendra la direction du conseil d'administration, tandis que Stefan Schneider continuera \u00e0 si\u00e9ger en tant que membre. En outre, l'entreprise mettra en place en juin 2025 un conseil consultatif compos\u00e9 des personnalit\u00e9s exp\u00e9riment\u00e9es suivantes : Hanspeter Th\u00fcr (<a href=\"https:\/\/www.organisator.ch\/de\/management\/2023-01-11\/nachfolgeregelung-neuer-verwaltungsratspraesident-bei-continuum-ag\/\">ancien pr\u00e9sident du CA<\/a>), Rolf Brunner (co-directeur de Continuum GmbH Karlsruhe, ancien pr\u00e9sident du CA et partenaire de Continuum AG), Susanne Kutterer-Schacht (directrice de Continuum GmbH Karlsruhe) ainsi que Peter Villiger (copropri\u00e9taire de Villiger Steuerberatung AG, Saint-Gall). Le comit\u00e9 consultatif contribuera activement au d\u00e9veloppement strat\u00e9gique de Continuum AG.<\/p>\n<p>Gr\u00e2ce \u00e0 l'\u00e9largissement de son personnel, le sp\u00e9cialiste de la succession Continuum AG renforce sa position d'accompagnateur global dans le domaine de la succession d'entreprise. \"La succession n'est pas un \u00e9v\u00e9nement, mais un processus\", souligne le Dr Stefan Schneider. Depuis plus de deux d\u00e9cennies, le conseil mise sur une approche int\u00e9grative qui met l'accent \u00e0 la fois sur l'entreprise et sur la famille de l'entrepreneur. L'accent est mis sur le contr\u00f4le \"3sixty\" pour faire le point dans quatre dimensions (personne, famille, entreprise, patrimoine) et sur des constitutions familiales d\u00e9velopp\u00e9es individuellement. Celles-ci permettent de clarifier les r\u00f4les, les valeurs et les attentes et pr\u00e9viennent ainsi les conflits \u00e0 long terme. La g\u00e9n\u00e9ration suivante (\"NextGen\") est \u00e9galement accompagn\u00e9e de mani\u00e8re cibl\u00e9e - avec un coaching, des ateliers strat\u00e9giques et des m\u00e9thodes de clarification des r\u00f4les. L'objectif est de trouver une solution viable pour toutes les personnes concern\u00e9es - sur le plan op\u00e9rationnel, \u00e9motionnel et strat\u00e9gique. \"Nous nous consid\u00e9rons comme les orchestrateurs d'un changement complexe\", r\u00e9sume Yannick Brunner. \"Avec notre \u00e9quipe \u00e9largie et notre nouveau comit\u00e9 consultatif, nous sommes parfaitement positionn\u00e9s pour accompagner les familles d'entrepreneurs et leurs entreprises familiales dans cette phase d\u00e9cisive, en toute confiance, avec exp\u00e9rience et avec le discernement n\u00e9cessaire\".<\/p>\n<p><em>Source et informations compl\u00e9mentaires : <a href=\"http:\/\/www.continuum.ch\">Continuum AG<\/a><\/em><\/p>","protected":false},"excerpt":{"rendered":"<p>Continuum AG, dont le si\u00e8ge se trouve \u00e0 Saint-Gall, Zurich et Staufen b. Lenzburg, renforce son \u00e9quipe de partenaires et \u00e9largit sa structure de direction. Les processus de succession continuent de faire l'objet d'une attention globale de la part de l'entreprise.<\/p>","protected":false},"author":4,"featured_media":38216,"comment_status":"closed","ping_status":"closed","sticky":false,"template":"","format":"standard","meta":{"_acf_changed":false,"_yoast_wpseo_focuskw":"Nachfolgespezialist Continuum","_yoast_wpseo_metadesc":"Der Nachfolgespezialist Continuum AG mit Sitz in St.Gallen, Z\u00fcrich und Staufen b. Lenzburg baut seine F\u00fchrungsstruktur weiter aus.","articlekey":"","footnotes":""},"categories":[28],"tags":[207,335,492],"class_list":["post-38215","post","type-post","status-publish","format-standard","has-post-thumbnail","hentry","category-management","tag-firmennachfolge","tag-management-und-unternehmensfuehrung","tag-unternehmen"],"acf":[],"yoast_head":"<!-- This site is optimized with the Yoast SEO plugin v27.5 - https:\/\/yoast.com\/product\/yoast-seo-wordpress\/ -->\n<title>Nachfolgespezialist Continuum AG verst\u00e4rkt sich personell - Organisator<\/title>\n<meta name=\"description\" content=\"Der Nachfolgespezialist Continuum AG mit Sitz in St.Gallen, Z\u00fcrich und Staufen b. Lenzburg baut seine F\u00fchrungsstruktur weiter aus.\" \/>\n<meta name=\"robots\" content=\"index, follow, max-snippet:-1, max-image-preview:large, max-video-preview:-1\" \/>\n<link rel=\"canonical\" href=\"https:\/\/www.organisator.ch\/fr\/gestion-2\/2025-05-07\/nachfolgespezialist-continuum-ag-verstaerkt-sich-personell\/\" \/>\n<meta property=\"og:locale\" content=\"fr_FR\" \/>\n<meta property=\"og:type\" content=\"article\" \/>\n<meta property=\"og:title\" content=\"Nachfolgespezialist Continuum AG verst\u00e4rkt sich personell\" \/>\n<meta property=\"og:description\" content=\"Der Nachfolgespezialist Continuum AG mit Sitz in St.Gallen, Z\u00fcrich und Staufen b. Lenzburg baut seine F\u00fchrungsstruktur weiter aus.\" \/>\n<meta property=\"og:url\" content=\"https:\/\/www.organisator.ch\/fr\/gestion-2\/2025-05-07\/nachfolgespezialist-continuum-ag-verstaerkt-sich-personell\/\" \/>\n<meta property=\"og:site_name\" content=\"Organisator\" \/>\n<meta property=\"article:publisher\" content=\"https:\/\/www.facebook.com\/OrganisatorFachmagazin\" \/>\n<meta property=\"article:published_time\" content=\"2025-05-07T06:26:23+00:00\" \/>\n<meta property=\"og:image\" content=\"https:\/\/www.organisator.ch\/wp-content\/uploads\/2025\/05\/Nachfolgespezialist-Continuum-AG-verstaerkt-sich-personell_Organisator.jpg\" \/>\n\t<meta property=\"og:image:width\" content=\"680\" \/>\n\t<meta property=\"og:image:height\" content=\"232\" \/>\n\t<meta property=\"og:image:type\" content=\"image\/jpeg\" \/>\n<meta name=\"author\" content=\"thomas.berner\" \/>\n<meta name=\"twitter:card\" content=\"summary_large_image\" \/>\n<meta name=\"twitter:title\" content=\"#Nachfolgespezialist #Continuum AG verst\u00e4rkt sich personell\" \/>\n<meta name=\"twitter:description\" content=\"Der #Nachfolgespezialist #Continuum AG mit Sitz in St.Gallen, Z\u00fcrich und Staufen b. Lenzburg baut seine #F\u00fchrungsstruktur weiter aus.\" \/>\n<meta name=\"twitter:image\" content=\"https:\/\/www.organisator.ch\/wp-content\/uploads\/2025\/05\/Nachfolgespezialist-Continuum-AG-verstaerkt-sich-personell_Organisator.jpg\" \/>\n<script type=\"application\/ld+json\" class=\"yoast-schema-graph\">{\"@context\":\"https:\\\/\\\/schema.org\",\"@graph\":[{\"@type\":\"Article\",\"@id\":\"https:\\\/\\\/www.organisator.ch\\\/management\\\/2025-05-07\\\/nachfolgespezialist-continuum-ag-verstaerkt-sich-personell\\\/#article\",\"isPartOf\":{\"@id\":\"https:\\\/\\\/www.organisator.ch\\\/management\\\/2025-05-07\\\/nachfolgespezialist-continuum-ag-verstaerkt-sich-personell\\\/\"},\"author\":{\"name\":\"thomas.berner\",\"@id\":\"https:\\\/\\\/www.organisator.ch\\\/#\\\/schema\\\/person\\\/6f650f90b2842cd4c0cc334b4e36f67e\"},\"headline\":\"Nachfolgespezialist Continuum AG verst\u00e4rkt sich personell\",\"datePublished\":\"2025-05-07T06:26:23+00:00\",\"mainEntityOfPage\":{\"@id\":\"https:\\\/\\\/www.organisator.ch\\\/management\\\/2025-05-07\\\/nachfolgespezialist-continuum-ag-verstaerkt-sich-personell\\\/\"},\"wordCount\":356,\"publisher\":{\"@id\":\"https:\\\/\\\/www.organisator.ch\\\/#organization\"},\"image\":{\"@id\":\"https:\\\/\\\/www.organisator.ch\\\/management\\\/2025-05-07\\\/nachfolgespezialist-continuum-ag-verstaerkt-sich-personell\\\/#primaryimage\"},\"thumbnailUrl\":\"https:\\\/\\\/www.organisator.ch\\\/wp-content\\\/uploads\\\/2025\\\/05\\\/Nachfolgespezialist-Continuum-AG-verstaerkt-sich-personell_Organisator.jpg\",\"keywords\":[\"Firmennachfolge\",\"Management und Unternehmensf\u00fchrung\",\"Unternehmen\"],\"articleSection\":[\"MANAGEMENT\"],\"inLanguage\":\"fr-FR\"},{\"@type\":\"WebPage\",\"@id\":\"https:\\\/\\\/www.organisator.ch\\\/management\\\/2025-05-07\\\/nachfolgespezialist-continuum-ag-verstaerkt-sich-personell\\\/\",\"url\":\"https:\\\/\\\/www.organisator.ch\\\/management\\\/2025-05-07\\\/nachfolgespezialist-continuum-ag-verstaerkt-sich-personell\\\/\",\"name\":\"Nachfolgespezialist Continuum AG verst\u00e4rkt sich personell - Organisator\",\"isPartOf\":{\"@id\":\"https:\\\/\\\/www.organisator.ch\\\/#website\"},\"primaryImageOfPage\":{\"@id\":\"https:\\\/\\\/www.organisator.ch\\\/management\\\/2025-05-07\\\/nachfolgespezialist-continuum-ag-verstaerkt-sich-personell\\\/#primaryimage\"},\"image\":{\"@id\":\"https:\\\/\\\/www.organisator.ch\\\/management\\\/2025-05-07\\\/nachfolgespezialist-continuum-ag-verstaerkt-sich-personell\\\/#primaryimage\"},\"thumbnailUrl\":\"https:\\\/\\\/www.organisator.ch\\\/wp-content\\\/uploads\\\/2025\\\/05\\\/Nachfolgespezialist-Continuum-AG-verstaerkt-sich-personell_Organisator.jpg\",\"datePublished\":\"2025-05-07T06:26:23+00:00\",\"description\":\"Der Nachfolgespezialist Continuum AG mit Sitz in St.Gallen, Z\u00fcrich und Staufen b. Lenzburg baut seine F\u00fchrungsstruktur weiter aus.\",\"breadcrumb\":{\"@id\":\"https:\\\/\\\/www.organisator.ch\\\/management\\\/2025-05-07\\\/nachfolgespezialist-continuum-ag-verstaerkt-sich-personell\\\/#breadcrumb\"},\"inLanguage\":\"fr-FR\",\"potentialAction\":[{\"@type\":\"ReadAction\",\"target\":[\"https:\\\/\\\/www.organisator.ch\\\/management\\\/2025-05-07\\\/nachfolgespezialist-continuum-ag-verstaerkt-sich-personell\\\/\"]}]},{\"@type\":\"ImageObject\",\"inLanguage\":\"fr-FR\",\"@id\":\"https:\\\/\\\/www.organisator.ch\\\/management\\\/2025-05-07\\\/nachfolgespezialist-continuum-ag-verstaerkt-sich-personell\\\/#primaryimage\",\"url\":\"https:\\\/\\\/www.organisator.ch\\\/wp-content\\\/uploads\\\/2025\\\/05\\\/Nachfolgespezialist-Continuum-AG-verstaerkt-sich-personell_Organisator.jpg\",\"contentUrl\":\"https:\\\/\\\/www.organisator.ch\\\/wp-content\\\/uploads\\\/2025\\\/05\\\/Nachfolgespezialist-Continuum-AG-verstaerkt-sich-personell_Organisator.jpg\",\"width\":680,\"height\":232,\"caption\":\"Im Bild (v.l.n.r): Dr. Stefan Schneider, Susanne Kutterer-Schacht, Matt Moser, Rolf Brunner, Heini O. Seger, Yannick Brunner. (Bild: zVg)\"},{\"@type\":\"BreadcrumbList\",\"@id\":\"https:\\\/\\\/www.organisator.ch\\\/management\\\/2025-05-07\\\/nachfolgespezialist-continuum-ag-verstaerkt-sich-personell\\\/#breadcrumb\",\"itemListElement\":[{\"@type\":\"ListItem\",\"position\":1,\"name\":\"Home\",\"item\":\"https:\\\/\\\/www.organisator.ch\\\/\"},{\"@type\":\"ListItem\",\"position\":2,\"name\":\"Nachfolgespezialist Continuum AG verst\u00e4rkt sich personell\"}]},{\"@type\":\"WebSite\",\"@id\":\"https:\\\/\\\/www.organisator.ch\\\/#website\",\"url\":\"https:\\\/\\\/www.organisator.ch\\\/\",\"name\":\"Organisator\",\"description\":\"Kompetent. Praxisnah. Der ORGANISATOR bereitet in 10 Ausgaben pro Jahr die wesentlichen Themen f\u00fcr F\u00fchrungskr\u00e4fte von KMU auf.\",\"publisher\":{\"@id\":\"https:\\\/\\\/www.organisator.ch\\\/#organization\"},\"potentialAction\":[{\"@type\":\"SearchAction\",\"target\":{\"@type\":\"EntryPoint\",\"urlTemplate\":\"https:\\\/\\\/www.organisator.ch\\\/?s={search_term_string}\"},\"query-input\":{\"@type\":\"PropertyValueSpecification\",\"valueRequired\":true,\"valueName\":\"search_term_string\"}}],\"inLanguage\":\"fr-FR\"},{\"@type\":\"Organization\",\"@id\":\"https:\\\/\\\/www.organisator.ch\\\/#organization\",\"name\":\"Organisator\",\"url\":\"https:\\\/\\\/www.organisator.ch\\\/\",\"logo\":{\"@type\":\"ImageObject\",\"inLanguage\":\"fr-FR\",\"@id\":\"https:\\\/\\\/www.organisator.ch\\\/#\\\/schema\\\/logo\\\/image\\\/\",\"url\":\"https:\\\/\\\/www.organisator.ch\\\/wp-content\\\/uploads\\\/2022\\\/01\\\/Logo_Organisator_Website.png\",\"contentUrl\":\"https:\\\/\\\/www.organisator.ch\\\/wp-content\\\/uploads\\\/2022\\\/01\\\/Logo_Organisator_Website.png\",\"width\":800,\"height\":77,\"caption\":\"Organisator\"},\"image\":{\"@id\":\"https:\\\/\\\/www.organisator.ch\\\/#\\\/schema\\\/logo\\\/image\\\/\"},\"sameAs\":[\"https:\\\/\\\/www.facebook.com\\\/OrganisatorFachmagazin\",\"https:\\\/\\\/www.linkedin.com\\\/showcase\\\/organisator-das-magazin-fr-kmu\",\"https:\\\/\\\/www.xing.com\\\/news\\\/pages\\\/organisator-ch-695\",\"https:\\\/\\\/www.youtube.com\\\/channel\\\/UCGP2Sq0iWaZwT3BdIAQFYpw\"]},{\"@type\":\"Person\",\"@id\":\"https:\\\/\\\/www.organisator.ch\\\/#\\\/schema\\\/person\\\/6f650f90b2842cd4c0cc334b4e36f67e\",\"name\":\"thomas.berner\",\"image\":{\"@type\":\"ImageObject\",\"inLanguage\":\"fr-FR\",\"@id\":\"https:\\\/\\\/secure.gravatar.com\\\/avatar\\\/ac5001d2a36cb6c6cd3e50789007ffca834b477b74a2144564522e944eabff61?s=96&d=mm&r=g\",\"url\":\"https:\\\/\\\/secure.gravatar.com\\\/avatar\\\/ac5001d2a36cb6c6cd3e50789007ffca834b477b74a2144564522e944eabff61?s=96&d=mm&r=g\",\"contentUrl\":\"https:\\\/\\\/secure.gravatar.com\\\/avatar\\\/ac5001d2a36cb6c6cd3e50789007ffca834b477b74a2144564522e944eabff61?s=96&d=mm&r=g\",\"caption\":\"thomas.berner\"},\"url\":\"https:\\\/\\\/www.organisator.ch\\\/fr\\\/author\\\/thomas-berner\\\/\"}]}<\/script>\n<!-- \/ Yoast SEO plugin. -->","yoast_head_json":{"title":"Le sp\u00e9cialiste de la succession Continuum AG renforce son personnel - Organisateur","description":"Le sp\u00e9cialiste de la succession Continuum AG, bas\u00e9 \u00e0 Saint-Gall, Zurich et Staufen b. Lenzburg, continue d'\u00e9largir sa structure de direction.","robots":{"index":"index","follow":"follow","max-snippet":"max-snippet:-1","max-image-preview":"max-image-preview:large","max-video-preview":"max-video-preview:-1"},"canonical":"https:\/\/www.organisator.ch\/fr\/gestion-2\/2025-05-07\/nachfolgespezialist-continuum-ag-verstaerkt-sich-personell\/","og_locale":"fr_FR","og_type":"article","og_title":"Nachfolgespezialist Continuum AG verst\u00e4rkt sich personell","og_description":"Der Nachfolgespezialist Continuum AG mit Sitz in St.Gallen, Z\u00fcrich und Staufen b. Lenzburg baut seine F\u00fchrungsstruktur weiter aus.","og_url":"https:\/\/www.organisator.ch\/fr\/gestion-2\/2025-05-07\/nachfolgespezialist-continuum-ag-verstaerkt-sich-personell\/","og_site_name":"Organisator","article_publisher":"https:\/\/www.facebook.com\/OrganisatorFachmagazin","article_published_time":"2025-05-07T06:26:23+00:00","og_image":[{"width":680,"height":232,"url":"https:\/\/www.organisator.ch\/wp-content\/uploads\/2025\/05\/Nachfolgespezialist-Continuum-AG-verstaerkt-sich-personell_Organisator.jpg","type":"image\/jpeg"}],"author":"thomas.berner","twitter_card":"summary_large_image","twitter_title":"#Nachfolgespezialist #Continuum AG verst\u00e4rkt sich personell","twitter_description":"Der #Nachfolgespezialist #Continuum AG mit Sitz in St.Gallen, Z\u00fcrich und Staufen b. Lenzburg baut seine #F\u00fchrungsstruktur weiter aus.","twitter_image":"https:\/\/www.organisator.ch\/wp-content\/uploads\/2025\/05\/Nachfolgespezialist-Continuum-AG-verstaerkt-sich-personell_Organisator.jpg","schema":{"@context":"https:\/\/schema.org","@graph":[{"@type":"Article","@id":"https:\/\/www.organisator.ch\/management\/2025-05-07\/nachfolgespezialist-continuum-ag-verstaerkt-sich-personell\/#article","isPartOf":{"@id":"https:\/\/www.organisator.ch\/management\/2025-05-07\/nachfolgespezialist-continuum-ag-verstaerkt-sich-personell\/"},"author":{"name":"thomas.berner","@id":"https:\/\/www.organisator.ch\/#\/schema\/person\/6f650f90b2842cd4c0cc334b4e36f67e"},"headline":"Nachfolgespezialist Continuum AG verst\u00e4rkt sich personell","datePublished":"2025-05-07T06:26:23+00:00","mainEntityOfPage":{"@id":"https:\/\/www.organisator.ch\/management\/2025-05-07\/nachfolgespezialist-continuum-ag-verstaerkt-sich-personell\/"},"wordCount":356,"publisher":{"@id":"https:\/\/www.organisator.ch\/#organization"},"image":{"@id":"https:\/\/www.organisator.ch\/management\/2025-05-07\/nachfolgespezialist-continuum-ag-verstaerkt-sich-personell\/#primaryimage"},"thumbnailUrl":"https:\/\/www.organisator.ch\/wp-content\/uploads\/2025\/05\/Nachfolgespezialist-Continuum-AG-verstaerkt-sich-personell_Organisator.jpg","keywords":["Firmennachfolge","Management und Unternehmensf\u00fchrung","Unternehmen"],"articleSection":["MANAGEMENT"],"inLanguage":"fr-FR"},{"@type":"WebPage","@id":"https:\/\/www.organisator.ch\/management\/2025-05-07\/nachfolgespezialist-continuum-ag-verstaerkt-sich-personell\/","url":"https:\/\/www.organisator.ch\/management\/2025-05-07\/nachfolgespezialist-continuum-ag-verstaerkt-sich-personell\/","name":"Le sp\u00e9cialiste de la succession Continuum AG renforce son personnel - Organisateur","isPartOf":{"@id":"https:\/\/www.organisator.ch\/#website"},"primaryImageOfPage":{"@id":"https:\/\/www.organisator.ch\/management\/2025-05-07\/nachfolgespezialist-continuum-ag-verstaerkt-sich-personell\/#primaryimage"},"image":{"@id":"https:\/\/www.organisator.ch\/management\/2025-05-07\/nachfolgespezialist-continuum-ag-verstaerkt-sich-personell\/#primaryimage"},"thumbnailUrl":"https:\/\/www.organisator.ch\/wp-content\/uploads\/2025\/05\/Nachfolgespezialist-Continuum-AG-verstaerkt-sich-personell_Organisator.jpg","datePublished":"2025-05-07T06:26:23+00:00","description":"Le sp\u00e9cialiste de la succession Continuum AG, bas\u00e9 \u00e0 Saint-Gall, Zurich et Staufen b. Lenzburg, continue d'\u00e9largir sa structure de direction.","breadcrumb":{"@id":"https:\/\/www.organisator.ch\/management\/2025-05-07\/nachfolgespezialist-continuum-ag-verstaerkt-sich-personell\/#breadcrumb"},"inLanguage":"fr-FR","potentialAction":[{"@type":"ReadAction","target":["https:\/\/www.organisator.ch\/management\/2025-05-07\/nachfolgespezialist-continuum-ag-verstaerkt-sich-personell\/"]}]},{"@type":"ImageObject","inLanguage":"fr-FR","@id":"https:\/\/www.organisator.ch\/management\/2025-05-07\/nachfolgespezialist-continuum-ag-verstaerkt-sich-personell\/#primaryimage","url":"https:\/\/www.organisator.ch\/wp-content\/uploads\/2025\/05\/Nachfolgespezialist-Continuum-AG-verstaerkt-sich-personell_Organisator.jpg","contentUrl":"https:\/\/www.organisator.ch\/wp-content\/uploads\/2025\/05\/Nachfolgespezialist-Continuum-AG-verstaerkt-sich-personell_Organisator.jpg","width":680,"height":232,"caption":"Im Bild (v.l.n.r): Dr. Stefan Schneider, Susanne Kutterer-Schacht, Matt Moser, Rolf Brunner, Heini O. Seger, Yannick Brunner. (Bild: zVg)"},{"@type":"BreadcrumbList","@id":"https:\/\/www.organisator.ch\/management\/2025-05-07\/nachfolgespezialist-continuum-ag-verstaerkt-sich-personell\/#breadcrumb","itemListElement":[{"@type":"ListItem","position":1,"name":"Home","item":"https:\/\/www.organisator.ch\/"},{"@type":"ListItem","position":2,"name":"Nachfolgespezialist Continuum AG verst\u00e4rkt sich personell"}]},{"@type":"WebSite","@id":"https:\/\/www.organisator.ch\/#website","url":"https:\/\/www.organisator.ch\/","name":"Organisateur","description":"Comp\u00e9tence et comp\u00e9tence. Proches de la pratique. L'ORGANISATEUR pr\u00e9pare 10 num\u00e9ros par an sur les th\u00e8mes essentiels pour les dirigeants de PME.","publisher":{"@id":"https:\/\/www.organisator.ch\/#organization"},"potentialAction":[{"@type":"SearchAction","target":{"@type":"EntryPoint","urlTemplate":"https:\/\/www.organisator.ch\/?s={search_term_string}"},"query-input":{"@type":"PropertyValueSpecification","valueRequired":true,"valueName":"search_term_string"}}],"inLanguage":"fr-FR"},{"@type":"Organization","@id":"https:\/\/www.organisator.ch\/#organization","name":"Organisateur","url":"https:\/\/www.organisator.ch\/","logo":{"@type":"ImageObject","inLanguage":"fr-FR","@id":"https:\/\/www.organisator.ch\/#\/schema\/logo\/image\/","url":"https:\/\/www.organisator.ch\/wp-content\/uploads\/2022\/01\/Logo_Organisator_Website.png","contentUrl":"https:\/\/www.organisator.ch\/wp-content\/uploads\/2022\/01\/Logo_Organisator_Website.png","width":800,"height":77,"caption":"Organisator"},"image":{"@id":"https:\/\/www.organisator.ch\/#\/schema\/logo\/image\/"},"sameAs":["https:\/\/www.facebook.com\/OrganisatorFachmagazin","https:\/\/www.linkedin.com\/showcase\/organisator-das-magazin-fr-kmu","https:\/\/www.xing.com\/news\/pages\/organisator-ch-695","https:\/\/www.youtube.com\/channel\/UCGP2Sq0iWaZwT3BdIAQFYpw"]},{"@type":"Person","@id":"https:\/\/www.organisator.ch\/#\/schema\/person\/6f650f90b2842cd4c0cc334b4e36f67e","name":"thomas.berner","image":{"@type":"ImageObject","inLanguage":"fr-FR","@id":"https:\/\/secure.gravatar.com\/avatar\/ac5001d2a36cb6c6cd3e50789007ffca834b477b74a2144564522e944eabff61?s=96&d=mm&r=g","url":"https:\/\/secure.gravatar.com\/avatar\/ac5001d2a36cb6c6cd3e50789007ffca834b477b74a2144564522e944eabff61?s=96&d=mm&r=g","contentUrl":"https:\/\/secure.gravatar.com\/avatar\/ac5001d2a36cb6c6cd3e50789007ffca834b477b74a2144564522e944eabff61?s=96&d=mm&r=g","caption":"thomas.berner"},"url":"https:\/\/www.organisator.ch\/fr\/author\/thomas-berner\/"}]}},"_links":{"self":[{"href":"https:\/\/www.organisator.ch\/fr\/wp-json\/wp\/v2\/posts\/38215","targetHints":{"allow":["GET"]}}],"collection":[{"href":"https:\/\/www.organisator.ch\/fr\/wp-json\/wp\/v2\/posts"}],"about":[{"href":"https:\/\/www.organisator.ch\/fr\/wp-json\/wp\/v2\/types\/post"}],"author":[{"embeddable":true,"href":"https:\/\/www.organisator.ch\/fr\/wp-json\/wp\/v2\/users\/4"}],"replies":[{"embeddable":true,"href":"https:\/\/www.organisator.ch\/fr\/wp-json\/wp\/v2\/comments?post=38215"}],"version-history":[{"count":3,"href":"https:\/\/www.organisator.ch\/fr\/wp-json\/wp\/v2\/posts\/38215\/revisions"}],"predecessor-version":[{"id":38249,"href":"https:\/\/www.organisator.ch\/fr\/wp-json\/wp\/v2\/posts\/38215\/revisions\/38249"}],"wp:featuredmedia":[{"embeddable":true,"href":"https:\/\/www.organisator.ch\/fr\/wp-json\/wp\/v2\/media\/38216"}],"wp:attachment":[{"href":"https:\/\/www.organisator.ch\/fr\/wp-json\/wp\/v2\/media?parent=38215"}],"wp:term":[{"taxonomy":"category","embeddable":true,"href":"https:\/\/www.organisator.ch\/fr\/wp-json\/wp\/v2\/categories?post=38215"},{"taxonomy":"post_tag","embeddable":true,"href":"https:\/\/www.organisator.ch\/fr\/wp-json\/wp\/v2\/tags?post=38215"}],"curies":[{"name":"wp","href":"https:\/\/api.w.org\/{rel}","templated":true}]}}