{"id":38270,"date":"2025-05-09T03:37:58","date_gmt":"2025-05-09T01:37:58","guid":{"rendered":"https:\/\/www.markt-kom.com\/?p=234378"},"modified":"2025-05-08T16:37:16","modified_gmt":"2025-05-08T14:37:16","slug":"professionalisierung-im-content-marketing-in-der-schweiz-schreitet-voran","status":"publish","type":"post","link":"https:\/\/www.organisator.ch\/fr\/marketing\/2025-05-09\/professionalisierung-im-content-marketing-in-der-schweiz-schreitet-voran\/","title":{"rendered":"La professionnalisation du marketing de contenu progresse en Suisse"},"content":{"rendered":"<figure id=\"attachment_234382\" class=\"wp-caption aligncenter\" style=\"width: 1144px;\" aria-describedby=\"caption-attachment-234382\"><a href=\"https:\/\/www.markt-kom.com\/wp-content\/uploads\/2025\/05\/2025_Heierli-etal_Content-Marketing-Studie-2025-8.jpg\"><img class=\"size-full wp-image-234382\" src=\"https:\/\/www.markt-kom.com\/wp-content\/uploads\/2025\/05\/2025_Heierli-etal_Content-Marketing-Studie-2025-8.jpg\" sizes=\"(max-width: 1144px) 100vw, 1144px\" srcset=\"https:\/\/www.markt-kom.com\/wp-content\/uploads\/2025\/05\/2025_Heierli-etal_Content-Marketing-Studie-2025-8.jpg 1144w, https:\/\/www.markt-kom.com\/wp-content\/uploads\/2025\/05\/2025_Heierli-etal_Content-Marketing-Studie-2025-8-600x450.jpg 600w, https:\/\/www.markt-kom.com\/wp-content\/uploads\/2025\/05\/2025_Heierli-etal_Content-Marketing-Studie-2025-8-1024x768.jpg 1024w, https:\/\/www.markt-kom.com\/wp-content\/uploads\/2025\/05\/2025_Heierli-etal_Content-Marketing-Studie-2025-8-768x576.jpg 768w, https:\/\/www.markt-kom.com\/wp-content\/uploads\/2025\/05\/2025_Heierli-etal_Content-Marketing-Studie-2025-8-16x12.jpg 16w, https:\/\/www.markt-kom.com\/wp-content\/uploads\/2025\/05\/2025_Heierli-etal_Content-Marketing-Studie-2025-8-233x175.jpg 233w, https:\/\/www.markt-kom.com\/wp-content\/uploads\/2025\/05\/2025_Heierli-etal_Content-Marketing-Studie-2025-8-467x350.jpg 467w, https:\/\/www.markt-kom.com\/wp-content\/uploads\/2025\/05\/2025_Heierli-etal_Content-Marketing-Studie-2025-8-1000x750.jpg 1000w\" alt=\"\" width=\"1144\" height=\"858\" \/><\/a>\r\n<figcaption id=\"caption-attachment-234382\" class=\"wp-caption-text\">(Graphiques : \u00e9tude Content Marketing 2025, Heierli et al.)<\/figcaption>\r\n<\/figure>\r\n<p>Le content marketing est central pour les entreprises suisses. 66 pour cent des entreprises interrog\u00e9es utilisent activement le content marketing, comme le montre une enqu\u00eate r\u00e9cente de la ZHAW. M\u00eame les entreprises qui ne pratiquent pas encore le marketing de contenu pr\u00e9voient pour la plupart de l'introduire. Cela se refl\u00e8te \u00e9galement dans les budgets : les entreprises investissent pr\u00e8s de 40 pour cent de leur budget total dans des mesures de marketing de contenu. \"Nous constatons une professionnalisation croissante du marketing de contenu. Cela signifie par exemple : des strat\u00e9gies clairement d\u00e9finies, des analyses des groupes cibles et l'utilisation d'outils de gestion de contenu pour la planification, la cr\u00e9ation et la distribution du contenu\", explique la responsable de l'\u00e9tude Nadine Stahl de la ZHAW.<\/p>\r\n<p>&nbsp;<\/p>\r\n<h3><strong>L'IA am\u00e9liore l'efficacit\u00e9 <\/strong><\/h3>\r\n<p>Les grandes entreprises en particulier utilisent de plus en plus l'intelligence artificielle dans leurs processus de contenu, peut-on lire dans l'\u00e9tude. L'IA est surtout utilis\u00e9e dans la cr\u00e9ation automatis\u00e9e de textes, l'optimisation du contenu et les analyses pour mesurer le succ\u00e8s. Les outils bas\u00e9s sur l'IA pour la personnalisation des contenus et la distribution automatis\u00e9e des contenus gagnent en importance. Les entreprises qui ont d\u00e9j\u00e0 fait l'exp\u00e9rience de l'IA dans le marketing de contenu font \u00e9tat de gains d'efficacit\u00e9 et d'une am\u00e9lioration du ciblage.<a href=\"https:\/\/www.markt-kom.com\/wp-content\/uploads\/2025\/05\/2025_Heierli-etal_Content-Marketing-Studie-2025-12.jpg\"><img class=\"aligncenter size-full wp-image-234383\" src=\"https:\/\/www.markt-kom.com\/wp-content\/uploads\/2025\/05\/2025_Heierli-etal_Content-Marketing-Studie-2025-12.jpg\" sizes=\"(max-width: 956px) 100vw, 956px\" srcset=\"https:\/\/www.markt-kom.com\/wp-content\/uploads\/2025\/05\/2025_Heierli-etal_Content-Marketing-Studie-2025-12.jpg 956w, https:\/\/www.markt-kom.com\/wp-content\/uploads\/2025\/05\/2025_Heierli-etal_Content-Marketing-Studie-2025-12-600x318.jpg 600w, https:\/\/www.markt-kom.com\/wp-content\/uploads\/2025\/05\/2025_Heierli-etal_Content-Marketing-Studie-2025-12-768x407.jpg 768w, https:\/\/www.markt-kom.com\/wp-content\/uploads\/2025\/05\/2025_Heierli-etal_Content-Marketing-Studie-2025-12-18x10.jpg 18w, https:\/\/www.markt-kom.com\/wp-content\/uploads\/2025\/05\/2025_Heierli-etal_Content-Marketing-Studie-2025-12-330x175.jpg 330w, https:\/\/www.markt-kom.com\/wp-content\/uploads\/2025\/05\/2025_Heierli-etal_Content-Marketing-Studie-2025-12-660x350.jpg 660w\" alt=\"\" width=\"956\" height=\"507\" \/><\/a><\/p>\r\n<p>Parall\u00e8lement, selon l'\u00e9tude, le manque de connaissances sp\u00e9cialis\u00e9es, les structures internes insuffisantes et les incertitudes concernant la qualit\u00e9 et la cr\u00e9dibilit\u00e9 des contenus g\u00e9n\u00e9r\u00e9s par l'IA freinent leur adaptation \u00e0 grande \u00e9chelle. \"Notre \u00e9tude donne pour la premi\u00e8re fois un aper\u00e7u de l'utilisation de l'IA dans le marketing de contenu. Nous avons constat\u00e9 que l'influence de l'IA sur la cr\u00e9ativit\u00e9 et l'authenticit\u00e9 fait l'objet de controverses. Alors que certaines entreprises consid\u00e8rent l'IA comme un outil de soutien qui compl\u00e8te la cr\u00e9ativit\u00e9 humaine, d'autres voient les risques d'une trop grande automatisation\", poursuit Stahl. Mais malgr\u00e9 ces d\u00e9fis, de nombreuses entreprises s'attendent \u00e0 ce que l'IA joue un r\u00f4le cl\u00e9 dans le marketing de contenu au cours des prochaines ann\u00e9es.<\/p>\r\n<p><a href=\"https:\/\/www.markt-kom.com\/wp-content\/uploads\/2025\/05\/2025_Heierli-etal_Content-Marketing-Studie-2025-15.jpg\"><img class=\"aligncenter size-full wp-image-234379\" src=\"https:\/\/www.markt-kom.com\/wp-content\/uploads\/2025\/05\/2025_Heierli-etal_Content-Marketing-Studie-2025-15.jpg\" sizes=\"(max-width: 961px) 100vw, 961px\" srcset=\"https:\/\/www.markt-kom.com\/wp-content\/uploads\/2025\/05\/2025_Heierli-etal_Content-Marketing-Studie-2025-15.jpg 961w, https:\/\/www.markt-kom.com\/wp-content\/uploads\/2025\/05\/2025_Heierli-etal_Content-Marketing-Studie-2025-15-600x363.jpg 600w, https:\/\/www.markt-kom.com\/wp-content\/uploads\/2025\/05\/2025_Heierli-etal_Content-Marketing-Studie-2025-15-768x465.jpg 768w, https:\/\/www.markt-kom.com\/wp-content\/uploads\/2025\/05\/2025_Heierli-etal_Content-Marketing-Studie-2025-15-18x12.jpg 18w, https:\/\/www.markt-kom.com\/wp-content\/uploads\/2025\/05\/2025_Heierli-etal_Content-Marketing-Studie-2025-15-289x175.jpg 289w, https:\/\/www.markt-kom.com\/wp-content\/uploads\/2025\/05\/2025_Heierli-etal_Content-Marketing-Studie-2025-15-578x350.jpg 578w\" alt=\"\" width=\"961\" height=\"582\" \/><\/a><\/p>\r\n<h3><strong>Les donn\u00e9es sont de plus en plus pertinentes<\/strong><\/h3>\r\n<p>Les entreprises utilisent principalement les donn\u00e9es pour mieux comprendre le comportement et les int\u00e9r\u00eats de leurs groupes cibles et pour analyser l'efficacit\u00e9 des formats de contenu. Pourtant, beaucoup n'exploitent pas encore le potentiel de leurs donn\u00e9es. \"C'est justement dans le domaine de l'optimisation bas\u00e9e sur les donn\u00e9es et de la personnalisation des contenus qu'il existe un potentiel de d\u00e9veloppement\", explique Nadine Stahl.<\/p>\r\n<h3><strong>Diversit\u00e9 des formats de contenu<\/strong><\/h3>\r\n<p>Les posts sur les m\u00e9dias sociaux et les articles sur le site web de l'entreprise sont les plus fr\u00e9quemment cr\u00e9\u00e9s. Les podcasts, les livres blancs ou les \u00e9tudes sur les meilleures pratiques sont consid\u00e9r\u00e9s comme particuli\u00e8rement efficaces par les personnes interrog\u00e9es, mais leur cr\u00e9ation est co\u00fbteuse. Le choix des canaux de distribution se fait de plus en plus en fonction du groupe cible. Le propre site web de l'entreprise et les m\u00e9dias sociaux, notamment LinkedIn et Instagram, sont consid\u00e9r\u00e9s comme des canaux particuli\u00e8rement pertinents. \"Il est int\u00e9ressant de constater que les entreprises qui travaillent en fonction des donn\u00e9es investissent de mani\u00e8re nettement plus cibl\u00e9e dans la distribution de contenus et misent notamment sur les 'Owned Media' et les 'Shared Media'\", explique Nadine Stahl.<\/p>\r\n<p><a href=\"https:\/\/www.markt-kom.com\/wp-content\/uploads\/2025\/05\/2025_Heierli-etal_Content-Marketing-Studie-2025-16.jpg\"><img class=\"aligncenter size-full wp-image-234380\" src=\"https:\/\/www.markt-kom.com\/wp-content\/uploads\/2025\/05\/2025_Heierli-etal_Content-Marketing-Studie-2025-16.jpg\" sizes=\"(max-width: 965px) 100vw, 965px\" srcset=\"https:\/\/www.markt-kom.com\/wp-content\/uploads\/2025\/05\/2025_Heierli-etal_Content-Marketing-Studie-2025-16.jpg 965w, https:\/\/www.markt-kom.com\/wp-content\/uploads\/2025\/05\/2025_Heierli-etal_Content-Marketing-Studie-2025-16-600x309.jpg 600w, https:\/\/www.markt-kom.com\/wp-content\/uploads\/2025\/05\/2025_Heierli-etal_Content-Marketing-Studie-2025-16-768x396.jpg 768w, https:\/\/www.markt-kom.com\/wp-content\/uploads\/2025\/05\/2025_Heierli-etal_Content-Marketing-Studie-2025-16-18x9.jpg 18w, https:\/\/www.markt-kom.com\/wp-content\/uploads\/2025\/05\/2025_Heierli-etal_Content-Marketing-Studie-2025-16-340x175.jpg 340w, https:\/\/www.markt-kom.com\/wp-content\/uploads\/2025\/05\/2025_Heierli-etal_Content-Marketing-Studie-2025-16-680x350.jpg 680w\" alt=\"\" width=\"965\" height=\"497\" \/><\/a><\/p>\r\n<hr \/>\r\n<p><em>Pour les <strong>\u00c9tude de marketing de contenu 2025 <\/strong>l'Institut de gestion du marketing de la ZHAW School of Management and Law a \u00e9tudi\u00e9 pour la quatri\u00e8me fois l'utilisation et la diffusion du marketing de contenu en Suisse. 924 entreprises suisses de tailles et de secteurs diff\u00e9rents ont particip\u00e9 \u00e0 cet effet \u00e0 une enqu\u00eate en ligne en janvier 2025. Cliquez ici pour acc\u00e9der \u00e0 l'enqu\u00eate <a href=\"https:\/\/digitalcollection.zhaw.ch\/items\/3805428f-7233-43ac-a2e9-eb265da43a92\">l'ensemble de l'\u00e9tude<\/a>.<\/em><\/p>","protected":false},"excerpt":{"rendered":"<p>Deux tiers de toutes les entreprises suisses utilisent activement le marketing de contenu et enregistrent une professionnalisation du domaine. Les grandes entreprises int\u00e8grent de plus en plus l'intelligence artificielle (IA) dans leurs processus de contenu. Mais beaucoup n'en sont encore qu'au d\u00e9but et discutent de l'utilisation de l'IA de mani\u00e8re controvers\u00e9e. C'est ce que montre la derni\u00e8re \u00e9tude sur le marketing de contenu de la ZHAW.<\/p>","protected":false},"author":8,"featured_media":0,"comment_status":"closed","ping_status":"closed","sticky":false,"template":"","format":"standard","meta":{"_acf_changed":false,"_yoast_wpseo_focuskw":"Content Marketing","_yoast_wpseo_metadesc":"Zwei Drittel aller Schweizer Unternehmen nutzen Content Marketing aktiv und verzeichnen eine Professionalisierung des Bereichs.","articlekey":"","footnotes":""},"categories":[29],"tags":[62,129,156,319,4343,459],"class_list":["post-38270","post","type-post","status-publish","format-standard","hentry","category-marketing","tag-aus-weiterbildung","tag-content-marketing","tag-digitalisierung","tag-kuenstliche-intelligenz","tag-markom","tag-studie"],"acf":[],"yoast_head":"<!-- This site is optimized with the Yoast SEO plugin v27.5 - https:\/\/yoast.com\/product\/yoast-seo-wordpress\/ -->\n<title>Professionalisierung im Content Marketing in der Schweiz schreitet voran - Organisator<\/title>\n<meta name=\"description\" content=\"Zwei Drittel aller Schweizer Unternehmen nutzen Content Marketing aktiv und verzeichnen eine Professionalisierung des Bereichs.\" \/>\n<meta name=\"robots\" content=\"index, follow, max-snippet:-1, max-image-preview:large, max-video-preview:-1\" \/>\n<link rel=\"canonical\" href=\"https:\/\/www.organisator.ch\/fr\/marketing\/2025-05-09\/professionalisierung-im-content-marketing-in-der-schweiz-schreitet-voran\/\" \/>\n<meta property=\"og:locale\" content=\"fr_FR\" \/>\n<meta property=\"og:type\" content=\"article\" \/>\n<meta property=\"og:title\" content=\"Professionalisierung im Content Marketing in der Schweiz schreitet voran - Organisator\" \/>\n<meta property=\"og:description\" content=\"Zwei Drittel aller Schweizer Unternehmen nutzen Content Marketing aktiv und verzeichnen eine Professionalisierung des Bereichs.\" \/>\n<meta property=\"og:url\" content=\"https:\/\/www.organisator.ch\/fr\/marketing\/2025-05-09\/professionalisierung-im-content-marketing-in-der-schweiz-schreitet-voran\/\" \/>\n<meta property=\"og:site_name\" content=\"Organisator\" \/>\n<meta property=\"article:publisher\" content=\"https:\/\/www.facebook.com\/OrganisatorFachmagazin\" \/>\n<meta property=\"article:published_time\" content=\"2025-05-09T01:37:58+00:00\" \/>\n<meta name=\"author\" content=\"galledia\" \/>\n<meta name=\"twitter:card\" content=\"summary_large_image\" \/>\n<meta name=\"twitter:creator\" content=\"@admin\" \/>\n<script type=\"application\/ld+json\" class=\"yoast-schema-graph\">{\"@context\":\"https:\\\/\\\/schema.org\",\"@graph\":[{\"@type\":\"Article\",\"@id\":\"https:\\\/\\\/www.organisator.ch\\\/marketing\\\/2025-05-09\\\/professionalisierung-im-content-marketing-in-der-schweiz-schreitet-voran\\\/#article\",\"isPartOf\":{\"@id\":\"https:\\\/\\\/www.organisator.ch\\\/marketing\\\/2025-05-09\\\/professionalisierung-im-content-marketing-in-der-schweiz-schreitet-voran\\\/\"},\"author\":{\"name\":\"galledia\",\"@id\":\"https:\\\/\\\/www.organisator.ch\\\/#\\\/schema\\\/person\\\/4e51799071cd2dd1232ac003643ef5f0\"},\"headline\":\"Professionalisierung im Content Marketing in der Schweiz schreitet voran\",\"datePublished\":\"2025-05-09T01:37:58+00:00\",\"mainEntityOfPage\":{\"@id\":\"https:\\\/\\\/www.organisator.ch\\\/marketing\\\/2025-05-09\\\/professionalisierung-im-content-marketing-in-der-schweiz-schreitet-voran\\\/\"},\"wordCount\":478,\"publisher\":{\"@id\":\"https:\\\/\\\/www.organisator.ch\\\/#organization\"},\"image\":{\"@id\":\"https:\\\/\\\/www.organisator.ch\\\/marketing\\\/2025-05-09\\\/professionalisierung-im-content-marketing-in-der-schweiz-schreitet-voran\\\/#primaryimage\"},\"thumbnailUrl\":\"https:\\\/\\\/www.markt-kom.com\\\/wp-content\\\/uploads\\\/2025\\\/05\\\/2025_Heierli-etal_Content-Marketing-Studie-2025-8.jpg\",\"keywords\":[\"Aus-\\\/Weiterbildung\",\"Content Marketing\",\"Digitalisierung\",\"K\u00fcnstliche Intelligenz\",\"MarKom\",\"Studie\"],\"articleSection\":[\"MARKETING\"],\"inLanguage\":\"fr-FR\"},{\"@type\":\"WebPage\",\"@id\":\"https:\\\/\\\/www.organisator.ch\\\/marketing\\\/2025-05-09\\\/professionalisierung-im-content-marketing-in-der-schweiz-schreitet-voran\\\/\",\"url\":\"https:\\\/\\\/www.organisator.ch\\\/marketing\\\/2025-05-09\\\/professionalisierung-im-content-marketing-in-der-schweiz-schreitet-voran\\\/\",\"name\":\"Professionalisierung im Content Marketing in der Schweiz schreitet voran - Organisator\",\"isPartOf\":{\"@id\":\"https:\\\/\\\/www.organisator.ch\\\/#website\"},\"primaryImageOfPage\":{\"@id\":\"https:\\\/\\\/www.organisator.ch\\\/marketing\\\/2025-05-09\\\/professionalisierung-im-content-marketing-in-der-schweiz-schreitet-voran\\\/#primaryimage\"},\"image\":{\"@id\":\"https:\\\/\\\/www.organisator.ch\\\/marketing\\\/2025-05-09\\\/professionalisierung-im-content-marketing-in-der-schweiz-schreitet-voran\\\/#primaryimage\"},\"thumbnailUrl\":\"https:\\\/\\\/www.markt-kom.com\\\/wp-content\\\/uploads\\\/2025\\\/05\\\/2025_Heierli-etal_Content-Marketing-Studie-2025-8.jpg\",\"datePublished\":\"2025-05-09T01:37:58+00:00\",\"description\":\"Zwei Drittel aller Schweizer Unternehmen nutzen Content Marketing aktiv und verzeichnen eine Professionalisierung des Bereichs.\",\"breadcrumb\":{\"@id\":\"https:\\\/\\\/www.organisator.ch\\\/marketing\\\/2025-05-09\\\/professionalisierung-im-content-marketing-in-der-schweiz-schreitet-voran\\\/#breadcrumb\"},\"inLanguage\":\"fr-FR\",\"potentialAction\":[{\"@type\":\"ReadAction\",\"target\":[\"https:\\\/\\\/www.organisator.ch\\\/marketing\\\/2025-05-09\\\/professionalisierung-im-content-marketing-in-der-schweiz-schreitet-voran\\\/\"]}]},{\"@type\":\"ImageObject\",\"inLanguage\":\"fr-FR\",\"@id\":\"https:\\\/\\\/www.organisator.ch\\\/marketing\\\/2025-05-09\\\/professionalisierung-im-content-marketing-in-der-schweiz-schreitet-voran\\\/#primaryimage\",\"url\":\"https:\\\/\\\/www.markt-kom.com\\\/wp-content\\\/uploads\\\/2025\\\/05\\\/2025_Heierli-etal_Content-Marketing-Studie-2025-8.jpg\",\"contentUrl\":\"https:\\\/\\\/www.markt-kom.com\\\/wp-content\\\/uploads\\\/2025\\\/05\\\/2025_Heierli-etal_Content-Marketing-Studie-2025-8.jpg\"},{\"@type\":\"BreadcrumbList\",\"@id\":\"https:\\\/\\\/www.organisator.ch\\\/marketing\\\/2025-05-09\\\/professionalisierung-im-content-marketing-in-der-schweiz-schreitet-voran\\\/#breadcrumb\",\"itemListElement\":[{\"@type\":\"ListItem\",\"position\":1,\"name\":\"Home\",\"item\":\"https:\\\/\\\/www.organisator.ch\\\/\"},{\"@type\":\"ListItem\",\"position\":2,\"name\":\"Professionalisierung im Content Marketing in der Schweiz schreitet voran\"}]},{\"@type\":\"WebSite\",\"@id\":\"https:\\\/\\\/www.organisator.ch\\\/#website\",\"url\":\"https:\\\/\\\/www.organisator.ch\\\/\",\"name\":\"Organisator\",\"description\":\"Kompetent. Praxisnah. Der ORGANISATOR bereitet in 10 Ausgaben pro Jahr die wesentlichen Themen f\u00fcr F\u00fchrungskr\u00e4fte von KMU auf.\",\"publisher\":{\"@id\":\"https:\\\/\\\/www.organisator.ch\\\/#organization\"},\"potentialAction\":[{\"@type\":\"SearchAction\",\"target\":{\"@type\":\"EntryPoint\",\"urlTemplate\":\"https:\\\/\\\/www.organisator.ch\\\/?s={search_term_string}\"},\"query-input\":{\"@type\":\"PropertyValueSpecification\",\"valueRequired\":true,\"valueName\":\"search_term_string\"}}],\"inLanguage\":\"fr-FR\"},{\"@type\":\"Organization\",\"@id\":\"https:\\\/\\\/www.organisator.ch\\\/#organization\",\"name\":\"Organisator\",\"url\":\"https:\\\/\\\/www.organisator.ch\\\/\",\"logo\":{\"@type\":\"ImageObject\",\"inLanguage\":\"fr-FR\",\"@id\":\"https:\\\/\\\/www.organisator.ch\\\/#\\\/schema\\\/logo\\\/image\\\/\",\"url\":\"https:\\\/\\\/www.organisator.ch\\\/wp-content\\\/uploads\\\/2022\\\/01\\\/Logo_Organisator_Website.png\",\"contentUrl\":\"https:\\\/\\\/www.organisator.ch\\\/wp-content\\\/uploads\\\/2022\\\/01\\\/Logo_Organisator_Website.png\",\"width\":800,\"height\":77,\"caption\":\"Organisator\"},\"image\":{\"@id\":\"https:\\\/\\\/www.organisator.ch\\\/#\\\/schema\\\/logo\\\/image\\\/\"},\"sameAs\":[\"https:\\\/\\\/www.facebook.com\\\/OrganisatorFachmagazin\",\"https:\\\/\\\/www.linkedin.com\\\/showcase\\\/organisator-das-magazin-fr-kmu\",\"https:\\\/\\\/www.xing.com\\\/news\\\/pages\\\/organisator-ch-695\",\"https:\\\/\\\/www.youtube.com\\\/channel\\\/UCGP2Sq0iWaZwT3BdIAQFYpw\"]},{\"@type\":\"Person\",\"@id\":\"https:\\\/\\\/www.organisator.ch\\\/#\\\/schema\\\/person\\\/4e51799071cd2dd1232ac003643ef5f0\",\"name\":\"galledia\",\"image\":{\"@type\":\"ImageObject\",\"inLanguage\":\"fr-FR\",\"@id\":\"https:\\\/\\\/secure.gravatar.com\\\/avatar\\\/78a7f90c01fc2bfc875782a0d4922b37cde2cf184ce347b91316d23cd7f69a36?s=96&d=mm&r=g\",\"url\":\"https:\\\/\\\/secure.gravatar.com\\\/avatar\\\/78a7f90c01fc2bfc875782a0d4922b37cde2cf184ce347b91316d23cd7f69a36?s=96&d=mm&r=g\",\"contentUrl\":\"https:\\\/\\\/secure.gravatar.com\\\/avatar\\\/78a7f90c01fc2bfc875782a0d4922b37cde2cf184ce347b91316d23cd7f69a36?s=96&d=mm&r=g\",\"caption\":\"galledia\"},\"sameAs\":[\"https:\\\/\\\/x.com\\\/admin\"],\"url\":\"https:\\\/\\\/www.organisator.ch\\\/fr\\\/author\\\/galledia\\\/\"}]}<\/script>\n<!-- \/ Yoast SEO plugin. -->","yoast_head_json":{"title":"La professionnalisation du marketing de contenu progresse en Suisse - Organisateur","description":"Deux tiers des entreprises suisses utilisent activement le marketing de contenu et enregistrent une professionnalisation du domaine.","robots":{"index":"index","follow":"follow","max-snippet":"max-snippet:-1","max-image-preview":"max-image-preview:large","max-video-preview":"max-video-preview:-1"},"canonical":"https:\/\/www.organisator.ch\/fr\/marketing\/2025-05-09\/professionalisierung-im-content-marketing-in-der-schweiz-schreitet-voran\/","og_locale":"fr_FR","og_type":"article","og_title":"Professionalisierung im Content Marketing in der Schweiz schreitet voran - Organisator","og_description":"Zwei Drittel aller Schweizer Unternehmen nutzen Content Marketing aktiv und verzeichnen eine Professionalisierung des Bereichs.","og_url":"https:\/\/www.organisator.ch\/fr\/marketing\/2025-05-09\/professionalisierung-im-content-marketing-in-der-schweiz-schreitet-voran\/","og_site_name":"Organisator","article_publisher":"https:\/\/www.facebook.com\/OrganisatorFachmagazin","article_published_time":"2025-05-09T01:37:58+00:00","author":"galledia","twitter_card":"summary_large_image","twitter_creator":"@admin","schema":{"@context":"https:\/\/schema.org","@graph":[{"@type":"Article","@id":"https:\/\/www.organisator.ch\/marketing\/2025-05-09\/professionalisierung-im-content-marketing-in-der-schweiz-schreitet-voran\/#article","isPartOf":{"@id":"https:\/\/www.organisator.ch\/marketing\/2025-05-09\/professionalisierung-im-content-marketing-in-der-schweiz-schreitet-voran\/"},"author":{"name":"galledia","@id":"https:\/\/www.organisator.ch\/#\/schema\/person\/4e51799071cd2dd1232ac003643ef5f0"},"headline":"Professionalisierung im Content Marketing in der Schweiz schreitet voran","datePublished":"2025-05-09T01:37:58+00:00","mainEntityOfPage":{"@id":"https:\/\/www.organisator.ch\/marketing\/2025-05-09\/professionalisierung-im-content-marketing-in-der-schweiz-schreitet-voran\/"},"wordCount":478,"publisher":{"@id":"https:\/\/www.organisator.ch\/#organization"},"image":{"@id":"https:\/\/www.organisator.ch\/marketing\/2025-05-09\/professionalisierung-im-content-marketing-in-der-schweiz-schreitet-voran\/#primaryimage"},"thumbnailUrl":"https:\/\/www.markt-kom.com\/wp-content\/uploads\/2025\/05\/2025_Heierli-etal_Content-Marketing-Studie-2025-8.jpg","keywords":["Aus-\/Weiterbildung","Content Marketing","Digitalisierung","K\u00fcnstliche Intelligenz","MarKom","Studie"],"articleSection":["MARKETING"],"inLanguage":"fr-FR"},{"@type":"WebPage","@id":"https:\/\/www.organisator.ch\/marketing\/2025-05-09\/professionalisierung-im-content-marketing-in-der-schweiz-schreitet-voran\/","url":"https:\/\/www.organisator.ch\/marketing\/2025-05-09\/professionalisierung-im-content-marketing-in-der-schweiz-schreitet-voran\/","name":"La professionnalisation du marketing de contenu progresse en Suisse - Organisateur","isPartOf":{"@id":"https:\/\/www.organisator.ch\/#website"},"primaryImageOfPage":{"@id":"https:\/\/www.organisator.ch\/marketing\/2025-05-09\/professionalisierung-im-content-marketing-in-der-schweiz-schreitet-voran\/#primaryimage"},"image":{"@id":"https:\/\/www.organisator.ch\/marketing\/2025-05-09\/professionalisierung-im-content-marketing-in-der-schweiz-schreitet-voran\/#primaryimage"},"thumbnailUrl":"https:\/\/www.markt-kom.com\/wp-content\/uploads\/2025\/05\/2025_Heierli-etal_Content-Marketing-Studie-2025-8.jpg","datePublished":"2025-05-09T01:37:58+00:00","description":"Deux tiers des entreprises suisses utilisent activement le marketing de contenu et enregistrent une professionnalisation du domaine.","breadcrumb":{"@id":"https:\/\/www.organisator.ch\/marketing\/2025-05-09\/professionalisierung-im-content-marketing-in-der-schweiz-schreitet-voran\/#breadcrumb"},"inLanguage":"fr-FR","potentialAction":[{"@type":"ReadAction","target":["https:\/\/www.organisator.ch\/marketing\/2025-05-09\/professionalisierung-im-content-marketing-in-der-schweiz-schreitet-voran\/"]}]},{"@type":"ImageObject","inLanguage":"fr-FR","@id":"https:\/\/www.organisator.ch\/marketing\/2025-05-09\/professionalisierung-im-content-marketing-in-der-schweiz-schreitet-voran\/#primaryimage","url":"https:\/\/www.markt-kom.com\/wp-content\/uploads\/2025\/05\/2025_Heierli-etal_Content-Marketing-Studie-2025-8.jpg","contentUrl":"https:\/\/www.markt-kom.com\/wp-content\/uploads\/2025\/05\/2025_Heierli-etal_Content-Marketing-Studie-2025-8.jpg"},{"@type":"BreadcrumbList","@id":"https:\/\/www.organisator.ch\/marketing\/2025-05-09\/professionalisierung-im-content-marketing-in-der-schweiz-schreitet-voran\/#breadcrumb","itemListElement":[{"@type":"ListItem","position":1,"name":"Home","item":"https:\/\/www.organisator.ch\/"},{"@type":"ListItem","position":2,"name":"Professionalisierung im Content Marketing in der Schweiz schreitet voran"}]},{"@type":"WebSite","@id":"https:\/\/www.organisator.ch\/#website","url":"https:\/\/www.organisator.ch\/","name":"Organisateur","description":"Comp\u00e9tence et comp\u00e9tence. Proches de la pratique. L'ORGANISATEUR pr\u00e9pare 10 num\u00e9ros par an sur les th\u00e8mes essentiels pour les dirigeants de PME.","publisher":{"@id":"https:\/\/www.organisator.ch\/#organization"},"potentialAction":[{"@type":"SearchAction","target":{"@type":"EntryPoint","urlTemplate":"https:\/\/www.organisator.ch\/?s={search_term_string}"},"query-input":{"@type":"PropertyValueSpecification","valueRequired":true,"valueName":"search_term_string"}}],"inLanguage":"fr-FR"},{"@type":"Organization","@id":"https:\/\/www.organisator.ch\/#organization","name":"Organisateur","url":"https:\/\/www.organisator.ch\/","logo":{"@type":"ImageObject","inLanguage":"fr-FR","@id":"https:\/\/www.organisator.ch\/#\/schema\/logo\/image\/","url":"https:\/\/www.organisator.ch\/wp-content\/uploads\/2022\/01\/Logo_Organisator_Website.png","contentUrl":"https:\/\/www.organisator.ch\/wp-content\/uploads\/2022\/01\/Logo_Organisator_Website.png","width":800,"height":77,"caption":"Organisator"},"image":{"@id":"https:\/\/www.organisator.ch\/#\/schema\/logo\/image\/"},"sameAs":["https:\/\/www.facebook.com\/OrganisatorFachmagazin","https:\/\/www.linkedin.com\/showcase\/organisator-das-magazin-fr-kmu","https:\/\/www.xing.com\/news\/pages\/organisator-ch-695","https:\/\/www.youtube.com\/channel\/UCGP2Sq0iWaZwT3BdIAQFYpw"]},{"@type":"Person","@id":"https:\/\/www.organisator.ch\/#\/schema\/person\/4e51799071cd2dd1232ac003643ef5f0","name":"galledia","image":{"@type":"ImageObject","inLanguage":"fr-FR","@id":"https:\/\/secure.gravatar.com\/avatar\/78a7f90c01fc2bfc875782a0d4922b37cde2cf184ce347b91316d23cd7f69a36?s=96&d=mm&r=g","url":"https:\/\/secure.gravatar.com\/avatar\/78a7f90c01fc2bfc875782a0d4922b37cde2cf184ce347b91316d23cd7f69a36?s=96&d=mm&r=g","contentUrl":"https:\/\/secure.gravatar.com\/avatar\/78a7f90c01fc2bfc875782a0d4922b37cde2cf184ce347b91316d23cd7f69a36?s=96&d=mm&r=g","caption":"galledia"},"sameAs":["https:\/\/x.com\/admin"],"url":"https:\/\/www.organisator.ch\/fr\/author\/galledia\/"}]}},"_links":{"self":[{"href":"https:\/\/www.organisator.ch\/fr\/wp-json\/wp\/v2\/posts\/38270","targetHints":{"allow":["GET"]}}],"collection":[{"href":"https:\/\/www.organisator.ch\/fr\/wp-json\/wp\/v2\/posts"}],"about":[{"href":"https:\/\/www.organisator.ch\/fr\/wp-json\/wp\/v2\/types\/post"}],"author":[{"embeddable":true,"href":"https:\/\/www.organisator.ch\/fr\/wp-json\/wp\/v2\/users\/8"}],"replies":[{"embeddable":true,"href":"https:\/\/www.organisator.ch\/fr\/wp-json\/wp\/v2\/comments?post=38270"}],"version-history":[{"count":5,"href":"https:\/\/www.organisator.ch\/fr\/wp-json\/wp\/v2\/posts\/38270\/revisions"}],"predecessor-version":[{"id":38286,"href":"https:\/\/www.organisator.ch\/fr\/wp-json\/wp\/v2\/posts\/38270\/revisions\/38286"}],"wp:attachment":[{"href":"https:\/\/www.organisator.ch\/fr\/wp-json\/wp\/v2\/media?parent=38270"}],"wp:term":[{"taxonomy":"category","embeddable":true,"href":"https:\/\/www.organisator.ch\/fr\/wp-json\/wp\/v2\/categories?post=38270"},{"taxonomy":"post_tag","embeddable":true,"href":"https:\/\/www.organisator.ch\/fr\/wp-json\/wp\/v2\/tags?post=38270"}],"curies":[{"name":"wp","href":"https:\/\/api.w.org\/{rel}","templated":true}]}}