{"id":38293,"date":"2025-05-09T09:17:41","date_gmt":"2025-05-09T07:17:41","guid":{"rendered":"https:\/\/www.m-q.ch\/?p=21453"},"modified":"2025-05-09T13:02:33","modified_gmt":"2025-05-09T11:02:33","slug":"willis-risk-summit-2025-risikomanagement-in-zeiten-globaler-unsicherheiten","status":"publish","type":"post","link":"https:\/\/www.organisator.ch\/fr\/operational-excellence\/2025-05-09\/willis-risk-summit-2025-risikomanagement-in-zeiten-globaler-unsicherheiten\/","title":{"rendered":"Willis Risk Summit 2025 : la gestion des risques en p\u00e9riode d'incertitudes mondiales"},"content":{"rendered":"<figure id=\"attachment_21454\" class=\"wp-caption alignnone\" style=\"width: 680px;\" aria-describedby=\"caption-attachment-21454\"><img class=\"size-full wp-image-21454\" src=\"https:\/\/www.m-q.ch\/wp-content\/uploads\/2025\/05\/Risikomanagement-in-Zeiten-globaler-Unsicherheiten_MQ.jpg\" sizes=\"(max-width: 680px) 100vw, 680px\" srcset=\"https:\/\/www.m-q.ch\/wp-content\/uploads\/2025\/05\/Risikomanagement-in-Zeiten-globaler-Unsicherheiten_MQ.jpg 680w, https:\/\/www.m-q.ch\/wp-content\/uploads\/2025\/05\/Risikomanagement-in-Zeiten-globaler-Unsicherheiten_MQ-18x12.jpg 18w, https:\/\/www.m-q.ch\/wp-content\/uploads\/2025\/05\/Risikomanagement-in-Zeiten-globaler-Unsicherheiten_MQ-375x250.jpg 375w, https:\/\/www.m-q.ch\/wp-content\/uploads\/2025\/05\/Risikomanagement-in-Zeiten-globaler-Unsicherheiten_MQ-524x350.jpg 524w\" alt=\"\" width=\"680\" height=\"454\" \/>\r\n<figcaption id=\"caption-attachment-21454\" class=\"wp-caption-text\">\u00c9liminer les risques avant qu'une r\u00e9action en cha\u00eene incontr\u00f4lable ne s'ensuive : Cette t\u00e2che essentielle a \u00e9t\u00e9 rappel\u00e9e lors du Willis Risk Summit 2025. (Image : Depositphotos.com)<\/figcaption>\r\n<\/figure>\r\n<p>En avril, le conseiller en risques et courtier en assurances industrielles Willis, une division de WTW, a organis\u00e9 son Risk Summit en Suisse en collaboration avec l'Association suisse des gestionnaires en assurances et en risques (SIRM). Dans un contexte de tensions actuelles - et la m\u00eame semaine o\u00f9 les nouveaux droits de douane am\u00e9ricains impos\u00e9s par le pr\u00e9sident am\u00e9ricain Donald Trump mettent l'\u00e9conomie mondiale sous pression - l'\u00e9v\u00e9nement avait pour but d'offrir aux participants une orientation concr\u00e8te sur le march\u00e9 et l'occasion d'\u00e9changer. C'est ce qu'a clairement expliqu\u00e9 Kilian Manz, Head of Corporate Risk &amp; Broking Switzerland chez Willis, dans son discours d'ouverture. En ces temps d'incertitudes globales, cela n'a jamais \u00e9t\u00e9 aussi central, car \"on ne sait jamais \u00e0 quelle vitesse le monde tourne\", a d\u00e9clar\u00e9 Kilian Manz.<\/p>\r\n<h3><strong>Mettre strat\u00e9giquement les risques sur le march\u00e9 au lieu de simplement les assurer<\/strong><\/h3>\r\n<p>D\u00e8s le d\u00e9but, Hugo Wegbrans, Head of Corporate Risk &amp; Broking Western Europe chez Willis, a donn\u00e9 un ton clair : \"Sell your risk to insurers - adapt it to your needs instead of the other way around\". Dans un march\u00e9 actuellement marqu\u00e9, entre autres, par un app\u00e9tit accru pour le risque de la part des r\u00e9assureurs disciplin\u00e9s et par des capacit\u00e9s suffisantes, de nouvelles marges de man\u0153uvre s'offrent aux entreprises. Les risques devraient \u00eatre structur\u00e9s de mani\u00e8re cibl\u00e9e et des solutions individuelles devraient \u00eatre n\u00e9goci\u00e9es. Dans son aper\u00e7u du march\u00e9 mondial, Wegbrans a soulign\u00e9 que le paysage des risques devient de plus en plus complexe en raison de facteurs tels que les catastrophes naturelles, l'incertitude politique - notamment aux \u00c9tats-Unis, mais pas seulement - et l'inflation sociale. Dans cet environnement, il faut des solutions adapt\u00e9es et un dialogue strat\u00e9gique avec les assureurs.<\/p>\r\n<h3><strong>L'IA au service de la prise de d\u00e9cision en mati\u00e8re de gestion des risques : penser comme Sherlock Holmes<\/strong><\/h3>\r\n<p>Un autre aspect de la manifestation \u00e9tait l'utilisation de l'intelligence artificielle pour la prise de d\u00e9cision dans la gestion des risques. Le professeur Andreas J. Zimmermann de l'ETH Zurich, avec lequel Willis coop\u00e8re depuis quelques ann\u00e9es, a introduit dans son intervention une nouvelle fa\u00e7on de penser : Les entreprises doivent proc\u00e9der comme des d\u00e9tectives \u00e0 l'instar de Sherlock Holmes - ne pas esp\u00e9rer des pronostics pr\u00e9cis, mais analyser les probabilit\u00e9s et exclure syst\u00e9matiquement l'improbable. Zimmermann a montr\u00e9 comment l'IA aide \u00e0 prendre des d\u00e9cisions solides, m\u00eame en cas d'informations incompl\u00e8tes, gr\u00e2ce \u00e0 la mod\u00e9lisation de sc\u00e9narios et \u00e0 l'\u00e9valuation structur\u00e9e des risques.<\/p>\r\n<p>Outre les risques g\u00e9opolitiques et l'utilisation de l'IA, des th\u00e8mes techniques concrets \u00e9taient \u00e9galement \u00e0 l'ordre du jour : Benjamin Schumacher, du cabinet d'avocats \"Nater Dallafior\", a mis en lumi\u00e8re, dans le cadre d'une \u00e9tude de cas, les aspects du droit de la responsabilit\u00e9 et la pertinence de formulations contractuelles pr\u00e9cises en cas de sinistre. Arne J\u00e4gers-Weinberg, Head of interRisk Consulting &amp; Engineering chez Willis, s'est consacr\u00e9 \u00e0 la gestion proactive des risques en mettant l'accent sur l'analyse des interruptions d'exploitation et la planification d'urgence. Le programme a \u00e9t\u00e9 compl\u00e9t\u00e9 par une contribution de Martin Hotz et Yann Krattiger de Swiss Re Corporate Solutions, qui ont donn\u00e9 un aper\u00e7u pratique de l'utilisation de solutions d'assurance param\u00e9triques et structur\u00e9es.<\/p>\r\n<p><em>Source : <a href=\"https:\/\/www.wtwco.com\/de-CH\">wtwco.com<\/a><\/em><\/p>\n<p class=\"syndicated-attribution\">Cet article est paru initialement sur m-q.ch - <a href=\"https:\/\/www.m-q.ch\/de\/willis-risk-summit-2025-risikomanagement-in-zeiten-globaler-unsicherheiten\/\" target=\"_blank\">https:\/\/www.m-q.ch\/de\/willis-risk-summit-2025-risikomanagement-in-zeiten-globaler-unsicherheiten\/<\/a><\/p>","protected":false},"excerpt":{"rendered":"<p>Avec un m\u00e9lange d'analyses de march\u00e9, de strat\u00e9gies d'intelligence artificielle et d'\u00e9tudes de cas, la deuxi\u00e8me \u00e9dition du \"Willis Risk Summit\" \u00e0 Zurich a abord\u00e9 les d\u00e9fis actuels de la gestion des risques. Le mot d'ordre est le suivant : analyser, mod\u00e9liser et structurer les risques tout en excluant l'improbable.<\/p>","protected":false},"author":8,"featured_media":0,"comment_status":"closed","ping_status":"closed","sticky":false,"template":"","format":"standard","meta":{"_acf_changed":false,"_yoast_wpseo_focuskw":"Willis Risk Summit","_yoast_wpseo_metadesc":"Mit Marktanalysen, KI-Strategien und Case Studies adressierte der \u00abWillis Risk Summit\u00bb aktuelle Herausforderungen im Risk Management.","articlekey":"","footnotes":""},"categories":[582],"tags":[193,335,418],"class_list":["post-38293","post","type-post","status-publish","format-standard","hentry","category-operational-excellence","tag-fachkongressfachmesse","tag-management-und-unternehmensfuehrung","tag-risikomanagement"],"acf":[],"yoast_head":"<!-- This site is optimized with the Yoast SEO plugin v27.5 - https:\/\/yoast.com\/product\/yoast-seo-wordpress\/ -->\n<title>Willis Risk Summit 2025: Risikomanagement in Zeiten globaler Unsicherheiten - Organisator<\/title>\n<meta name=\"description\" content=\"Mit Marktanalysen, KI-Strategien und Case Studies adressierte der \u00abWillis Risk Summit\u00bb aktuelle Herausforderungen im Risk Management.\" \/>\n<meta name=\"robots\" content=\"index, follow, max-snippet:-1, max-image-preview:large, max-video-preview:-1\" \/>\n<link rel=\"canonical\" href=\"https:\/\/www.organisator.ch\/fr\/excellence-operationnelle\/2025-05-09\/willis-risk-summit-2025-risikomanagement-in-zeiten-globaler-unsicherheiten\/\" \/>\n<meta property=\"og:locale\" content=\"fr_FR\" \/>\n<meta property=\"og:type\" content=\"article\" \/>\n<meta property=\"og:title\" content=\"Willis Risk Summit 2025: Risikomanagement in Zeiten globaler Unsicherheiten - Organisator\" \/>\n<meta property=\"og:description\" content=\"Mit Marktanalysen, KI-Strategien und Case Studies adressierte der \u00abWillis Risk Summit\u00bb aktuelle Herausforderungen im Risk Management.\" \/>\n<meta property=\"og:url\" content=\"https:\/\/www.organisator.ch\/fr\/excellence-operationnelle\/2025-05-09\/willis-risk-summit-2025-risikomanagement-in-zeiten-globaler-unsicherheiten\/\" \/>\n<meta property=\"og:site_name\" content=\"Organisator\" \/>\n<meta property=\"article:publisher\" content=\"https:\/\/www.facebook.com\/OrganisatorFachmagazin\" \/>\n<meta property=\"article:published_time\" content=\"2025-05-09T07:17:41+00:00\" \/>\n<meta property=\"article:modified_time\" content=\"2025-05-09T11:02:33+00:00\" \/>\n<meta name=\"author\" content=\"galledia\" \/>\n<meta name=\"twitter:card\" content=\"summary_large_image\" \/>\n<meta name=\"twitter:creator\" content=\"@admin\" \/>\n<script type=\"application\/ld+json\" class=\"yoast-schema-graph\">{\"@context\":\"https:\\\/\\\/schema.org\",\"@graph\":[{\"@type\":\"Article\",\"@id\":\"https:\\\/\\\/www.organisator.ch\\\/operational-excellence\\\/2025-05-09\\\/willis-risk-summit-2025-risikomanagement-in-zeiten-globaler-unsicherheiten\\\/#article\",\"isPartOf\":{\"@id\":\"https:\\\/\\\/www.organisator.ch\\\/operational-excellence\\\/2025-05-09\\\/willis-risk-summit-2025-risikomanagement-in-zeiten-globaler-unsicherheiten\\\/\"},\"author\":{\"name\":\"galledia\",\"@id\":\"https:\\\/\\\/www.organisator.ch\\\/#\\\/schema\\\/person\\\/4e51799071cd2dd1232ac003643ef5f0\"},\"headline\":\"Willis Risk Summit 2025: Risikomanagement in Zeiten globaler Unsicherheiten\",\"datePublished\":\"2025-05-09T07:17:41+00:00\",\"dateModified\":\"2025-05-09T11:02:33+00:00\",\"mainEntityOfPage\":{\"@id\":\"https:\\\/\\\/www.organisator.ch\\\/operational-excellence\\\/2025-05-09\\\/willis-risk-summit-2025-risikomanagement-in-zeiten-globaler-unsicherheiten\\\/\"},\"wordCount\":452,\"publisher\":{\"@id\":\"https:\\\/\\\/www.organisator.ch\\\/#organization\"},\"image\":{\"@id\":\"https:\\\/\\\/www.organisator.ch\\\/operational-excellence\\\/2025-05-09\\\/willis-risk-summit-2025-risikomanagement-in-zeiten-globaler-unsicherheiten\\\/#primaryimage\"},\"thumbnailUrl\":\"https:\\\/\\\/www.m-q.ch\\\/wp-content\\\/uploads\\\/2025\\\/05\\\/Risikomanagement-in-Zeiten-globaler-Unsicherheiten_MQ.jpg\",\"keywords\":[\"Fachkongress\\\/Fachmesse\",\"Management und Unternehmensf\u00fchrung\",\"Risikomanagement\"],\"articleSection\":[\"OPERATIONAL EXCELLENCE\"],\"inLanguage\":\"fr-FR\"},{\"@type\":\"WebPage\",\"@id\":\"https:\\\/\\\/www.organisator.ch\\\/operational-excellence\\\/2025-05-09\\\/willis-risk-summit-2025-risikomanagement-in-zeiten-globaler-unsicherheiten\\\/\",\"url\":\"https:\\\/\\\/www.organisator.ch\\\/operational-excellence\\\/2025-05-09\\\/willis-risk-summit-2025-risikomanagement-in-zeiten-globaler-unsicherheiten\\\/\",\"name\":\"Willis Risk Summit 2025: Risikomanagement in Zeiten globaler Unsicherheiten - Organisator\",\"isPartOf\":{\"@id\":\"https:\\\/\\\/www.organisator.ch\\\/#website\"},\"primaryImageOfPage\":{\"@id\":\"https:\\\/\\\/www.organisator.ch\\\/operational-excellence\\\/2025-05-09\\\/willis-risk-summit-2025-risikomanagement-in-zeiten-globaler-unsicherheiten\\\/#primaryimage\"},\"image\":{\"@id\":\"https:\\\/\\\/www.organisator.ch\\\/operational-excellence\\\/2025-05-09\\\/willis-risk-summit-2025-risikomanagement-in-zeiten-globaler-unsicherheiten\\\/#primaryimage\"},\"thumbnailUrl\":\"https:\\\/\\\/www.m-q.ch\\\/wp-content\\\/uploads\\\/2025\\\/05\\\/Risikomanagement-in-Zeiten-globaler-Unsicherheiten_MQ.jpg\",\"datePublished\":\"2025-05-09T07:17:41+00:00\",\"dateModified\":\"2025-05-09T11:02:33+00:00\",\"description\":\"Mit Marktanalysen, KI-Strategien und Case Studies adressierte der \u00abWillis Risk Summit\u00bb aktuelle Herausforderungen im Risk Management.\",\"breadcrumb\":{\"@id\":\"https:\\\/\\\/www.organisator.ch\\\/operational-excellence\\\/2025-05-09\\\/willis-risk-summit-2025-risikomanagement-in-zeiten-globaler-unsicherheiten\\\/#breadcrumb\"},\"inLanguage\":\"fr-FR\",\"potentialAction\":[{\"@type\":\"ReadAction\",\"target\":[\"https:\\\/\\\/www.organisator.ch\\\/operational-excellence\\\/2025-05-09\\\/willis-risk-summit-2025-risikomanagement-in-zeiten-globaler-unsicherheiten\\\/\"]}]},{\"@type\":\"ImageObject\",\"inLanguage\":\"fr-FR\",\"@id\":\"https:\\\/\\\/www.organisator.ch\\\/operational-excellence\\\/2025-05-09\\\/willis-risk-summit-2025-risikomanagement-in-zeiten-globaler-unsicherheiten\\\/#primaryimage\",\"url\":\"https:\\\/\\\/www.m-q.ch\\\/wp-content\\\/uploads\\\/2025\\\/05\\\/Risikomanagement-in-Zeiten-globaler-Unsicherheiten_MQ.jpg\",\"contentUrl\":\"https:\\\/\\\/www.m-q.ch\\\/wp-content\\\/uploads\\\/2025\\\/05\\\/Risikomanagement-in-Zeiten-globaler-Unsicherheiten_MQ.jpg\"},{\"@type\":\"BreadcrumbList\",\"@id\":\"https:\\\/\\\/www.organisator.ch\\\/operational-excellence\\\/2025-05-09\\\/willis-risk-summit-2025-risikomanagement-in-zeiten-globaler-unsicherheiten\\\/#breadcrumb\",\"itemListElement\":[{\"@type\":\"ListItem\",\"position\":1,\"name\":\"Home\",\"item\":\"https:\\\/\\\/www.organisator.ch\\\/\"},{\"@type\":\"ListItem\",\"position\":2,\"name\":\"Willis Risk Summit 2025: Risikomanagement in Zeiten globaler Unsicherheiten\"}]},{\"@type\":\"WebSite\",\"@id\":\"https:\\\/\\\/www.organisator.ch\\\/#website\",\"url\":\"https:\\\/\\\/www.organisator.ch\\\/\",\"name\":\"Organisator\",\"description\":\"Kompetent. Praxisnah. Der ORGANISATOR bereitet in 10 Ausgaben pro Jahr die wesentlichen Themen f\u00fcr F\u00fchrungskr\u00e4fte von KMU auf.\",\"publisher\":{\"@id\":\"https:\\\/\\\/www.organisator.ch\\\/#organization\"},\"potentialAction\":[{\"@type\":\"SearchAction\",\"target\":{\"@type\":\"EntryPoint\",\"urlTemplate\":\"https:\\\/\\\/www.organisator.ch\\\/?s={search_term_string}\"},\"query-input\":{\"@type\":\"PropertyValueSpecification\",\"valueRequired\":true,\"valueName\":\"search_term_string\"}}],\"inLanguage\":\"fr-FR\"},{\"@type\":\"Organization\",\"@id\":\"https:\\\/\\\/www.organisator.ch\\\/#organization\",\"name\":\"Organisator\",\"url\":\"https:\\\/\\\/www.organisator.ch\\\/\",\"logo\":{\"@type\":\"ImageObject\",\"inLanguage\":\"fr-FR\",\"@id\":\"https:\\\/\\\/www.organisator.ch\\\/#\\\/schema\\\/logo\\\/image\\\/\",\"url\":\"https:\\\/\\\/www.organisator.ch\\\/wp-content\\\/uploads\\\/2022\\\/01\\\/Logo_Organisator_Website.png\",\"contentUrl\":\"https:\\\/\\\/www.organisator.ch\\\/wp-content\\\/uploads\\\/2022\\\/01\\\/Logo_Organisator_Website.png\",\"width\":800,\"height\":77,\"caption\":\"Organisator\"},\"image\":{\"@id\":\"https:\\\/\\\/www.organisator.ch\\\/#\\\/schema\\\/logo\\\/image\\\/\"},\"sameAs\":[\"https:\\\/\\\/www.facebook.com\\\/OrganisatorFachmagazin\",\"https:\\\/\\\/www.linkedin.com\\\/showcase\\\/organisator-das-magazin-fr-kmu\",\"https:\\\/\\\/www.xing.com\\\/news\\\/pages\\\/organisator-ch-695\",\"https:\\\/\\\/www.youtube.com\\\/channel\\\/UCGP2Sq0iWaZwT3BdIAQFYpw\"]},{\"@type\":\"Person\",\"@id\":\"https:\\\/\\\/www.organisator.ch\\\/#\\\/schema\\\/person\\\/4e51799071cd2dd1232ac003643ef5f0\",\"name\":\"galledia\",\"image\":{\"@type\":\"ImageObject\",\"inLanguage\":\"fr-FR\",\"@id\":\"https:\\\/\\\/secure.gravatar.com\\\/avatar\\\/78a7f90c01fc2bfc875782a0d4922b37cde2cf184ce347b91316d23cd7f69a36?s=96&d=mm&r=g\",\"url\":\"https:\\\/\\\/secure.gravatar.com\\\/avatar\\\/78a7f90c01fc2bfc875782a0d4922b37cde2cf184ce347b91316d23cd7f69a36?s=96&d=mm&r=g\",\"contentUrl\":\"https:\\\/\\\/secure.gravatar.com\\\/avatar\\\/78a7f90c01fc2bfc875782a0d4922b37cde2cf184ce347b91316d23cd7f69a36?s=96&d=mm&r=g\",\"caption\":\"galledia\"},\"sameAs\":[\"https:\\\/\\\/x.com\\\/admin\"],\"url\":\"https:\\\/\\\/www.organisator.ch\\\/fr\\\/author\\\/galledia\\\/\"}]}<\/script>\n<!-- \/ Yoast SEO plugin. -->","yoast_head_json":{"title":"Willis Risk Summit 2025 : La gestion des risques en p\u00e9riode d'incertitudes mondiales - Organisateur","description":"Le \"Willis Risk Summit\" a abord\u00e9 les d\u00e9fis actuels de la gestion des risques avec des analyses de march\u00e9, des strat\u00e9gies d'IA et des \u00e9tudes de cas.","robots":{"index":"index","follow":"follow","max-snippet":"max-snippet:-1","max-image-preview":"max-image-preview:large","max-video-preview":"max-video-preview:-1"},"canonical":"https:\/\/www.organisator.ch\/fr\/excellence-operationnelle\/2025-05-09\/willis-risk-summit-2025-risikomanagement-in-zeiten-globaler-unsicherheiten\/","og_locale":"fr_FR","og_type":"article","og_title":"Willis Risk Summit 2025: Risikomanagement in Zeiten globaler Unsicherheiten - Organisator","og_description":"Mit Marktanalysen, KI-Strategien und Case Studies adressierte der \u00abWillis Risk Summit\u00bb aktuelle Herausforderungen im Risk Management.","og_url":"https:\/\/www.organisator.ch\/fr\/excellence-operationnelle\/2025-05-09\/willis-risk-summit-2025-risikomanagement-in-zeiten-globaler-unsicherheiten\/","og_site_name":"Organisator","article_publisher":"https:\/\/www.facebook.com\/OrganisatorFachmagazin","article_published_time":"2025-05-09T07:17:41+00:00","article_modified_time":"2025-05-09T11:02:33+00:00","author":"galledia","twitter_card":"summary_large_image","twitter_creator":"@admin","schema":{"@context":"https:\/\/schema.org","@graph":[{"@type":"Article","@id":"https:\/\/www.organisator.ch\/operational-excellence\/2025-05-09\/willis-risk-summit-2025-risikomanagement-in-zeiten-globaler-unsicherheiten\/#article","isPartOf":{"@id":"https:\/\/www.organisator.ch\/operational-excellence\/2025-05-09\/willis-risk-summit-2025-risikomanagement-in-zeiten-globaler-unsicherheiten\/"},"author":{"name":"galledia","@id":"https:\/\/www.organisator.ch\/#\/schema\/person\/4e51799071cd2dd1232ac003643ef5f0"},"headline":"Willis Risk Summit 2025: Risikomanagement in Zeiten globaler Unsicherheiten","datePublished":"2025-05-09T07:17:41+00:00","dateModified":"2025-05-09T11:02:33+00:00","mainEntityOfPage":{"@id":"https:\/\/www.organisator.ch\/operational-excellence\/2025-05-09\/willis-risk-summit-2025-risikomanagement-in-zeiten-globaler-unsicherheiten\/"},"wordCount":452,"publisher":{"@id":"https:\/\/www.organisator.ch\/#organization"},"image":{"@id":"https:\/\/www.organisator.ch\/operational-excellence\/2025-05-09\/willis-risk-summit-2025-risikomanagement-in-zeiten-globaler-unsicherheiten\/#primaryimage"},"thumbnailUrl":"https:\/\/www.m-q.ch\/wp-content\/uploads\/2025\/05\/Risikomanagement-in-Zeiten-globaler-Unsicherheiten_MQ.jpg","keywords":["Fachkongress\/Fachmesse","Management und Unternehmensf\u00fchrung","Risikomanagement"],"articleSection":["OPERATIONAL EXCELLENCE"],"inLanguage":"fr-FR"},{"@type":"WebPage","@id":"https:\/\/www.organisator.ch\/operational-excellence\/2025-05-09\/willis-risk-summit-2025-risikomanagement-in-zeiten-globaler-unsicherheiten\/","url":"https:\/\/www.organisator.ch\/operational-excellence\/2025-05-09\/willis-risk-summit-2025-risikomanagement-in-zeiten-globaler-unsicherheiten\/","name":"Willis Risk Summit 2025 : La gestion des risques en p\u00e9riode d'incertitudes mondiales - Organisateur","isPartOf":{"@id":"https:\/\/www.organisator.ch\/#website"},"primaryImageOfPage":{"@id":"https:\/\/www.organisator.ch\/operational-excellence\/2025-05-09\/willis-risk-summit-2025-risikomanagement-in-zeiten-globaler-unsicherheiten\/#primaryimage"},"image":{"@id":"https:\/\/www.organisator.ch\/operational-excellence\/2025-05-09\/willis-risk-summit-2025-risikomanagement-in-zeiten-globaler-unsicherheiten\/#primaryimage"},"thumbnailUrl":"https:\/\/www.m-q.ch\/wp-content\/uploads\/2025\/05\/Risikomanagement-in-Zeiten-globaler-Unsicherheiten_MQ.jpg","datePublished":"2025-05-09T07:17:41+00:00","dateModified":"2025-05-09T11:02:33+00:00","description":"Le \"Willis Risk Summit\" a abord\u00e9 les d\u00e9fis actuels de la gestion des risques avec des analyses de march\u00e9, des strat\u00e9gies d'IA et des \u00e9tudes de cas.","breadcrumb":{"@id":"https:\/\/www.organisator.ch\/operational-excellence\/2025-05-09\/willis-risk-summit-2025-risikomanagement-in-zeiten-globaler-unsicherheiten\/#breadcrumb"},"inLanguage":"fr-FR","potentialAction":[{"@type":"ReadAction","target":["https:\/\/www.organisator.ch\/operational-excellence\/2025-05-09\/willis-risk-summit-2025-risikomanagement-in-zeiten-globaler-unsicherheiten\/"]}]},{"@type":"ImageObject","inLanguage":"fr-FR","@id":"https:\/\/www.organisator.ch\/operational-excellence\/2025-05-09\/willis-risk-summit-2025-risikomanagement-in-zeiten-globaler-unsicherheiten\/#primaryimage","url":"https:\/\/www.m-q.ch\/wp-content\/uploads\/2025\/05\/Risikomanagement-in-Zeiten-globaler-Unsicherheiten_MQ.jpg","contentUrl":"https:\/\/www.m-q.ch\/wp-content\/uploads\/2025\/05\/Risikomanagement-in-Zeiten-globaler-Unsicherheiten_MQ.jpg"},{"@type":"BreadcrumbList","@id":"https:\/\/www.organisator.ch\/operational-excellence\/2025-05-09\/willis-risk-summit-2025-risikomanagement-in-zeiten-globaler-unsicherheiten\/#breadcrumb","itemListElement":[{"@type":"ListItem","position":1,"name":"Home","item":"https:\/\/www.organisator.ch\/"},{"@type":"ListItem","position":2,"name":"Willis Risk Summit 2025: Risikomanagement in Zeiten globaler Unsicherheiten"}]},{"@type":"WebSite","@id":"https:\/\/www.organisator.ch\/#website","url":"https:\/\/www.organisator.ch\/","name":"Organisateur","description":"Comp\u00e9tence et comp\u00e9tence. Proches de la pratique. L'ORGANISATEUR pr\u00e9pare 10 num\u00e9ros par an sur les th\u00e8mes essentiels pour les dirigeants de PME.","publisher":{"@id":"https:\/\/www.organisator.ch\/#organization"},"potentialAction":[{"@type":"SearchAction","target":{"@type":"EntryPoint","urlTemplate":"https:\/\/www.organisator.ch\/?s={search_term_string}"},"query-input":{"@type":"PropertyValueSpecification","valueRequired":true,"valueName":"search_term_string"}}],"inLanguage":"fr-FR"},{"@type":"Organization","@id":"https:\/\/www.organisator.ch\/#organization","name":"Organisateur","url":"https:\/\/www.organisator.ch\/","logo":{"@type":"ImageObject","inLanguage":"fr-FR","@id":"https:\/\/www.organisator.ch\/#\/schema\/logo\/image\/","url":"https:\/\/www.organisator.ch\/wp-content\/uploads\/2022\/01\/Logo_Organisator_Website.png","contentUrl":"https:\/\/www.organisator.ch\/wp-content\/uploads\/2022\/01\/Logo_Organisator_Website.png","width":800,"height":77,"caption":"Organisator"},"image":{"@id":"https:\/\/www.organisator.ch\/#\/schema\/logo\/image\/"},"sameAs":["https:\/\/www.facebook.com\/OrganisatorFachmagazin","https:\/\/www.linkedin.com\/showcase\/organisator-das-magazin-fr-kmu","https:\/\/www.xing.com\/news\/pages\/organisator-ch-695","https:\/\/www.youtube.com\/channel\/UCGP2Sq0iWaZwT3BdIAQFYpw"]},{"@type":"Person","@id":"https:\/\/www.organisator.ch\/#\/schema\/person\/4e51799071cd2dd1232ac003643ef5f0","name":"galledia","image":{"@type":"ImageObject","inLanguage":"fr-FR","@id":"https:\/\/secure.gravatar.com\/avatar\/78a7f90c01fc2bfc875782a0d4922b37cde2cf184ce347b91316d23cd7f69a36?s=96&d=mm&r=g","url":"https:\/\/secure.gravatar.com\/avatar\/78a7f90c01fc2bfc875782a0d4922b37cde2cf184ce347b91316d23cd7f69a36?s=96&d=mm&r=g","contentUrl":"https:\/\/secure.gravatar.com\/avatar\/78a7f90c01fc2bfc875782a0d4922b37cde2cf184ce347b91316d23cd7f69a36?s=96&d=mm&r=g","caption":"galledia"},"sameAs":["https:\/\/x.com\/admin"],"url":"https:\/\/www.organisator.ch\/fr\/author\/galledia\/"}]}},"_links":{"self":[{"href":"https:\/\/www.organisator.ch\/fr\/wp-json\/wp\/v2\/posts\/38293","targetHints":{"allow":["GET"]}}],"collection":[{"href":"https:\/\/www.organisator.ch\/fr\/wp-json\/wp\/v2\/posts"}],"about":[{"href":"https:\/\/www.organisator.ch\/fr\/wp-json\/wp\/v2\/types\/post"}],"author":[{"embeddable":true,"href":"https:\/\/www.organisator.ch\/fr\/wp-json\/wp\/v2\/users\/8"}],"replies":[{"embeddable":true,"href":"https:\/\/www.organisator.ch\/fr\/wp-json\/wp\/v2\/comments?post=38293"}],"version-history":[{"count":5,"href":"https:\/\/www.organisator.ch\/fr\/wp-json\/wp\/v2\/posts\/38293\/revisions"}],"predecessor-version":[{"id":38298,"href":"https:\/\/www.organisator.ch\/fr\/wp-json\/wp\/v2\/posts\/38293\/revisions\/38298"}],"wp:attachment":[{"href":"https:\/\/www.organisator.ch\/fr\/wp-json\/wp\/v2\/media?parent=38293"}],"wp:term":[{"taxonomy":"category","embeddable":true,"href":"https:\/\/www.organisator.ch\/fr\/wp-json\/wp\/v2\/categories?post=38293"},{"taxonomy":"post_tag","embeddable":true,"href":"https:\/\/www.organisator.ch\/fr\/wp-json\/wp\/v2\/tags?post=38293"}],"curies":[{"name":"wp","href":"https:\/\/api.w.org\/{rel}","templated":true}]}}