{"id":38324,"date":"2025-05-12T11:35:02","date_gmt":"2025-05-12T09:35:02","guid":{"rendered":"https:\/\/www.organisator.ch\/?p=38324"},"modified":"2025-05-16T08:34:31","modified_gmt":"2025-05-16T06:34:31","slug":"wirtschaftskriminelle-maennlich-36-bis-55-jaehrig-langjaehrige-mitarbeiter","status":"publish","type":"post","link":"https:\/\/www.organisator.ch\/fr\/management\/finanzen_recht\/2025-05-12\/wirtschaftskriminelle-maennlich-36-bis-55-jaehrig-langjaehrige-mitarbeiter\/","title":{"rendered":"Criminels \u00e9conomiques : hommes, \u00e2g\u00e9s de 36 \u00e0 55 ans, collaborateurs de longue date"},"content":{"rendered":"<figure id=\"attachment_38325\" aria-describedby=\"caption-attachment-38325\" style=\"width: 680px\" class=\"wp-caption alignnone\"><img loading=\"lazy\" decoding=\"async\" class=\"size-full wp-image-38325\" src=\"https:\/\/www.organisator.ch\/wp-content\/uploads\/2025\/05\/Wirtschaftskriminelle-maennlich-36-bis-55-jaehrig-langjaehrige-Mitarbeiter_Organisator.jpg\" alt=\"\" width=\"680\" height=\"454\" srcset=\"https:\/\/www.organisator.ch\/wp-content\/uploads\/2025\/05\/Wirtschaftskriminelle-maennlich-36-bis-55-jaehrig-langjaehrige-Mitarbeiter_Organisator.jpg 680w, https:\/\/www.organisator.ch\/wp-content\/uploads\/2025\/05\/Wirtschaftskriminelle-maennlich-36-bis-55-jaehrig-langjaehrige-Mitarbeiter_Organisator-18x12.jpg 18w, https:\/\/www.organisator.ch\/wp-content\/uploads\/2025\/05\/Wirtschaftskriminelle-maennlich-36-bis-55-jaehrig-langjaehrige-Mitarbeiter_Organisator-375x250.jpg 375w, https:\/\/www.organisator.ch\/wp-content\/uploads\/2025\/05\/Wirtschaftskriminelle-maennlich-36-bis-55-jaehrig-langjaehrige-Mitarbeiter_Organisator-524x350.jpg 524w\" sizes=\"auto, (max-width: 680px) 100vw, 680px\" \/><figcaption id=\"caption-attachment-38325\" class=\"wp-caption-text\">Derri\u00e8re le masque : Les criminels \u00e9conomiques sont g\u00e9n\u00e9ralement des hommes \u00e2g\u00e9s de 36 \u00e0 55 ans. (Image symbolique ; Depositphotos.com)<\/figcaption><\/figure>\n<p>La derni\u00e8re \u00e9tude de KPMG \"The Enemy Within - Profiling the Corporate Fraudster\" le montre : malgr\u00e9 les diff\u00e9rents cas de criminalit\u00e9 \u00e9conomique, on peut constater quelques caract\u00e9ristiques communes parmi les auteurs.<\/p>\n<h3><strong>Criminels \u00e9conomiques : aimables, extravertis et respect\u00e9s<\/strong><\/h3>\n<p>S'il existait un profil type du criminel \u00e9conomique, il s'agirait d'un homme, \u00e2g\u00e9 de 36 \u00e0 55 ans et travaillant dans l'entreprise depuis plus de six ans. Les criminels n'ont pas de comportement suspect comme la rancune envers l'entreprise ou des signes de probl\u00e8mes personnels ou professionnels. Ils sont consid\u00e9r\u00e9s comme amicaux et extravertis et sont g\u00e9n\u00e9ralement per\u00e7us comme une personne respectueuse - mais derri\u00e8re cette fa\u00e7ade se cache souvent un fort sentiment de sup\u00e9riorit\u00e9.<\/p>\n<p>L'\u00e9tude montre \u00e9galement que pr\u00e8s des trois quarts des cas de fraude (71%) ont \u00e9t\u00e9 commis par des groupes de deux \u00e0 cinq personnes, tandis que 8 % ont \u00e9t\u00e9 perp\u00e9tr\u00e9s par des individus et 21 % par des groupes de plus de cinq personnes. Il s'agissait souvent d'employ\u00e9s d'entreprises multinationales. Dans 52% des cas de fraude commis par deux personnes ou plus, des femmes \u00e9taient \u00e9galement impliqu\u00e9es.<\/p>\n<h3><strong>La technologie n'est pas encore un facteur d\u00e9cisif\u00a0<\/strong><\/h3>\n<p>Malgr\u00e9 la progression de la num\u00e9risation, 46% des cas de fraude ont \u00e9t\u00e9 commis sans l'utilisation de la technologie, alors que celle-ci n'a jou\u00e9 qu'un r\u00f4le secondaire dans 35%. \"L'utilisation de la technologie laisse des traces num\u00e9riques qui peuvent \u00eatre d\u00e9tect\u00e9es plus facilement et plus rapidement. De plus, les entreprises utilisent de plus en plus de solutions technologiques pour optimiser leurs m\u00e9canismes de d\u00e9fense\", explique Bob Dillen, responsable Forensics chez KPMG Suisse.\u00a0<\/p>\n<p>Dillen s'attend \u00e0 ce que la num\u00e9risation et en particulier l'IA jouent un r\u00f4le de plus en plus important dans la criminalit\u00e9 \u00e9conomique \u00e0 l'avenir, notamment en raison de l'utilisation accrue de \"deepfakes\", par exemple pour simuler des autorisations d'ex\u00e9cution.\u00a0<\/p>\n<h3><strong>Le b\u00e9n\u00e9fice financier en ligne de mire<\/strong><\/h3>\n<p>Le principal motif des criminels \u00e9conomiques est le gain financier, suivi de l'opportunisme. Il ne s'agit que rarement d'actes commis en raison d'une situation de d\u00e9tresse financi\u00e8re ou pour dissimuler ses propres manquements, comme des pertes. Les d\u00e9lits les plus fr\u00e9quents sont le d\u00e9tournement de biens (52%), suivi par la falsification de documents (29%) et le vol (24%). Dans pr\u00e8s de la moiti\u00e9 des cas de fraude (45%), le montant du d\u00e9lit \u00e9tait inf\u00e9rieur \u00e0 500 000 dollars am\u00e9ricains. Un cas sur cinq pr\u00e9sentait un montant de d\u00e9lit sup\u00e9rieur \u00e0 5 millions de dollars am\u00e9ricains.<\/p>\n<h3><strong>La faiblesse des contr\u00f4les internes, principale cause de la criminalit\u00e9 \u00e9conomique<\/strong><\/h3>\n<p>Dans 76% des cas de fraude, les contr\u00f4les internes \u00e9taient insuffisants. 51% des entreprises concern\u00e9es n'avaient m\u00eame pas du tout mis en place de m\u00e9canismes de contr\u00f4le ad\u00e9quats au moment de la fraude, tandis que les autres entreprises ont cit\u00e9 les codes de conduite (81%), les audits internes (64%) et la d\u00e9nonciation (60%) comme instruments de contr\u00f4le les plus fr\u00e9quents.<\/p>\n<p>La principale m\u00e9thode de d\u00e9tection a \u00e9t\u00e9 les informations re\u00e7ues par des canaux internes officiels, comme les hotlines de whistleblowing, ou par des sources informelles. \"Pour endiguer la criminalit\u00e9 \u00e9conomique, il faut non seulement des syst\u00e8mes efficaces, mais aussi des collaborateurs qui sont sensibilis\u00e9s aux risques et qui prennent leurs responsabilit\u00e9s\", explique Dillen.<\/p>\n<p><em>Source : <a href=\"http:\/\/www.kpmg.ch\">KPMG<\/a><\/em><\/p>","protected":false},"excerpt":{"rendered":"<p>Le criminel \u00e9conomique typique est un homme, \u00e2g\u00e9 de 36 \u00e0 55 ans et travaillant depuis plus de six ans dans l'entreprise. Seuls 8 % sont des d\u00e9linquants individuels et commettent pour la plupart des d\u00e9lits \"classiques\" comme le vol ou la fraude. C'est ce que r\u00e9v\u00e8le une enqu\u00eate de KPMG. <\/p>","protected":false},"author":4,"featured_media":38325,"comment_status":"closed","ping_status":"closed","sticky":false,"template":"","format":"standard","meta":{"_acf_changed":false,"_yoast_wpseo_focuskw":"Wirtschaftskriminelle","_yoast_wpseo_metadesc":"Laut KPMG ist der typische Wirtschaftskriminelle m\u00e4nnlich, zwischen 36 und 55 Jahre alt und seit mehr als sechs Jahren im Unternehmen t\u00e4tig.","articlekey":"","footnotes":""},"categories":[24],"tags":[335,418,508,529],"class_list":["post-38324","post","type-post","status-publish","format-standard","has-post-thumbnail","hentry","category-finanzen_recht","tag-management-und-unternehmensfuehrung","tag-risikomanagement","tag-vermischtes","tag-wirtschaftskriminalitaet"],"acf":[],"yoast_head":"<!-- This site is optimized with the Yoast SEO plugin v27.4 - https:\/\/yoast.com\/product\/yoast-seo-wordpress\/ -->\n<title>Wirtschaftskriminelle: m\u00e4nnlich, 36- bis 55-j\u00e4hrig, langj\u00e4hrige Mitarbeiter - Organisator<\/title>\n<meta name=\"description\" content=\"Laut KPMG ist der typische Wirtschaftskriminelle m\u00e4nnlich, zwischen 36 und 55 Jahre alt und seit mehr als sechs Jahren im Unternehmen t\u00e4tig.\" \/>\n<meta name=\"robots\" content=\"index, follow, max-snippet:-1, max-image-preview:large, max-video-preview:-1\" \/>\n<link rel=\"canonical\" href=\"https:\/\/www.organisator.ch\/fr\/gestion-2\/finanzen_recht\/2025-05-12\/wirtschaftskriminelle-maennlich-36-bis-55-jaehrig-langjaehrige-mitarbeiter\/\" \/>\n<meta property=\"og:locale\" content=\"fr_FR\" \/>\n<meta property=\"og:type\" content=\"article\" \/>\n<meta property=\"og:title\" content=\"Wirtschaftskriminelle: m\u00e4nnlich, 36- bis 55-j\u00e4hrig, langj\u00e4hrige Mitarbeiter\" \/>\n<meta property=\"og:description\" content=\"Laut KPMG ist der typische Wirtschaftskriminelle m\u00e4nnlich, zwischen 36 und 55 Jahre alt und seit mehr als sechs Jahren im Unternehmen t\u00e4tig.\" \/>\n<meta property=\"og:url\" content=\"https:\/\/www.organisator.ch\/fr\/gestion-2\/finanzen_recht\/2025-05-12\/wirtschaftskriminelle-maennlich-36-bis-55-jaehrig-langjaehrige-mitarbeiter\/\" \/>\n<meta property=\"og:site_name\" content=\"Organisator\" \/>\n<meta property=\"article:publisher\" content=\"https:\/\/www.facebook.com\/OrganisatorFachmagazin\" \/>\n<meta property=\"article:published_time\" content=\"2025-05-12T09:35:02+00:00\" \/>\n<meta property=\"article:modified_time\" content=\"2025-05-16T06:34:31+00:00\" \/>\n<meta property=\"og:image\" content=\"https:\/\/www.organisator.ch\/wp-content\/uploads\/2025\/05\/Wirtschaftskriminelle-maennlich-36-bis-55-jaehrig-langjaehrige-Mitarbeiter_Organisator.jpg\" \/>\n\t<meta property=\"og:image:width\" content=\"680\" \/>\n\t<meta property=\"og:image:height\" content=\"454\" \/>\n\t<meta property=\"og:image:type\" content=\"image\/jpeg\" \/>\n<meta name=\"author\" content=\"thomas.berner\" \/>\n<meta name=\"twitter:card\" content=\"summary_large_image\" \/>\n<meta name=\"twitter:title\" content=\"#Wirtschaftskriminelle: m\u00e4nnlich, 36- bis 55-j\u00e4hrig, langj\u00e4hrige Mitarbeiter\" \/>\n<meta name=\"twitter:description\" content=\"Laut #KPMG ist der typische #Wirtschaftskriminelle m\u00e4nnlich, zwischen 36 und 55 Jahre alt und seit mehr als sechs Jahren im Unternehmen t\u00e4tig.\" \/>\n<meta name=\"twitter:image\" content=\"https:\/\/www.organisator.ch\/wp-content\/uploads\/2025\/05\/Wirtschaftskriminelle-maennlich-36-bis-55-jaehrig-langjaehrige-Mitarbeiter_Organisator.jpg\" \/>\n<script type=\"application\/ld+json\" class=\"yoast-schema-graph\">{\"@context\":\"https:\\\/\\\/schema.org\",\"@graph\":[{\"@type\":\"Article\",\"@id\":\"https:\\\/\\\/www.organisator.ch\\\/management\\\/finanzen_recht\\\/2025-05-12\\\/wirtschaftskriminelle-maennlich-36-bis-55-jaehrig-langjaehrige-mitarbeiter\\\/#article\",\"isPartOf\":{\"@id\":\"https:\\\/\\\/www.organisator.ch\\\/management\\\/finanzen_recht\\\/2025-05-12\\\/wirtschaftskriminelle-maennlich-36-bis-55-jaehrig-langjaehrige-mitarbeiter\\\/\"},\"author\":{\"name\":\"thomas.berner\",\"@id\":\"https:\\\/\\\/www.organisator.ch\\\/#\\\/schema\\\/person\\\/6f650f90b2842cd4c0cc334b4e36f67e\"},\"headline\":\"Wirtschaftskriminelle: m\u00e4nnlich, 36- bis 55-j\u00e4hrig, langj\u00e4hrige Mitarbeiter\",\"datePublished\":\"2025-05-12T09:35:02+00:00\",\"dateModified\":\"2025-05-16T06:34:31+00:00\",\"mainEntityOfPage\":{\"@id\":\"https:\\\/\\\/www.organisator.ch\\\/management\\\/finanzen_recht\\\/2025-05-12\\\/wirtschaftskriminelle-maennlich-36-bis-55-jaehrig-langjaehrige-mitarbeiter\\\/\"},\"wordCount\":473,\"publisher\":{\"@id\":\"https:\\\/\\\/www.organisator.ch\\\/#organization\"},\"image\":{\"@id\":\"https:\\\/\\\/www.organisator.ch\\\/management\\\/finanzen_recht\\\/2025-05-12\\\/wirtschaftskriminelle-maennlich-36-bis-55-jaehrig-langjaehrige-mitarbeiter\\\/#primaryimage\"},\"thumbnailUrl\":\"https:\\\/\\\/www.organisator.ch\\\/wp-content\\\/uploads\\\/2025\\\/05\\\/Wirtschaftskriminelle-maennlich-36-bis-55-jaehrig-langjaehrige-Mitarbeiter_Organisator.jpg\",\"keywords\":[\"Management und Unternehmensf\u00fchrung\",\"Risikomanagement\",\"Vermischtes\",\"Wirtschaftskriminalit\u00e4t\"],\"articleSection\":[\"FINANZEN\\\/RECHT\"],\"inLanguage\":\"fr-FR\"},{\"@type\":\"WebPage\",\"@id\":\"https:\\\/\\\/www.organisator.ch\\\/management\\\/finanzen_recht\\\/2025-05-12\\\/wirtschaftskriminelle-maennlich-36-bis-55-jaehrig-langjaehrige-mitarbeiter\\\/\",\"url\":\"https:\\\/\\\/www.organisator.ch\\\/management\\\/finanzen_recht\\\/2025-05-12\\\/wirtschaftskriminelle-maennlich-36-bis-55-jaehrig-langjaehrige-mitarbeiter\\\/\",\"name\":\"Wirtschaftskriminelle: m\u00e4nnlich, 36- bis 55-j\u00e4hrig, langj\u00e4hrige Mitarbeiter - Organisator\",\"isPartOf\":{\"@id\":\"https:\\\/\\\/www.organisator.ch\\\/#website\"},\"primaryImageOfPage\":{\"@id\":\"https:\\\/\\\/www.organisator.ch\\\/management\\\/finanzen_recht\\\/2025-05-12\\\/wirtschaftskriminelle-maennlich-36-bis-55-jaehrig-langjaehrige-mitarbeiter\\\/#primaryimage\"},\"image\":{\"@id\":\"https:\\\/\\\/www.organisator.ch\\\/management\\\/finanzen_recht\\\/2025-05-12\\\/wirtschaftskriminelle-maennlich-36-bis-55-jaehrig-langjaehrige-mitarbeiter\\\/#primaryimage\"},\"thumbnailUrl\":\"https:\\\/\\\/www.organisator.ch\\\/wp-content\\\/uploads\\\/2025\\\/05\\\/Wirtschaftskriminelle-maennlich-36-bis-55-jaehrig-langjaehrige-Mitarbeiter_Organisator.jpg\",\"datePublished\":\"2025-05-12T09:35:02+00:00\",\"dateModified\":\"2025-05-16T06:34:31+00:00\",\"description\":\"Laut KPMG ist der typische Wirtschaftskriminelle m\u00e4nnlich, zwischen 36 und 55 Jahre alt und seit mehr als sechs Jahren im Unternehmen t\u00e4tig.\",\"breadcrumb\":{\"@id\":\"https:\\\/\\\/www.organisator.ch\\\/management\\\/finanzen_recht\\\/2025-05-12\\\/wirtschaftskriminelle-maennlich-36-bis-55-jaehrig-langjaehrige-mitarbeiter\\\/#breadcrumb\"},\"inLanguage\":\"fr-FR\",\"potentialAction\":[{\"@type\":\"ReadAction\",\"target\":[\"https:\\\/\\\/www.organisator.ch\\\/management\\\/finanzen_recht\\\/2025-05-12\\\/wirtschaftskriminelle-maennlich-36-bis-55-jaehrig-langjaehrige-mitarbeiter\\\/\"]}]},{\"@type\":\"ImageObject\",\"inLanguage\":\"fr-FR\",\"@id\":\"https:\\\/\\\/www.organisator.ch\\\/management\\\/finanzen_recht\\\/2025-05-12\\\/wirtschaftskriminelle-maennlich-36-bis-55-jaehrig-langjaehrige-mitarbeiter\\\/#primaryimage\",\"url\":\"https:\\\/\\\/www.organisator.ch\\\/wp-content\\\/uploads\\\/2025\\\/05\\\/Wirtschaftskriminelle-maennlich-36-bis-55-jaehrig-langjaehrige-Mitarbeiter_Organisator.jpg\",\"contentUrl\":\"https:\\\/\\\/www.organisator.ch\\\/wp-content\\\/uploads\\\/2025\\\/05\\\/Wirtschaftskriminelle-maennlich-36-bis-55-jaehrig-langjaehrige-Mitarbeiter_Organisator.jpg\",\"width\":680,\"height\":454,\"caption\":\"Hinter der Maske: Wirtschaftskriminelle sind meist m\u00e4nnlich und zwischen 36 und 55 Jahre alt. (Symbolbild; Depositphotos.com)\"},{\"@type\":\"BreadcrumbList\",\"@id\":\"https:\\\/\\\/www.organisator.ch\\\/management\\\/finanzen_recht\\\/2025-05-12\\\/wirtschaftskriminelle-maennlich-36-bis-55-jaehrig-langjaehrige-mitarbeiter\\\/#breadcrumb\",\"itemListElement\":[{\"@type\":\"ListItem\",\"position\":1,\"name\":\"Home\",\"item\":\"https:\\\/\\\/www.organisator.ch\\\/\"},{\"@type\":\"ListItem\",\"position\":2,\"name\":\"Wirtschaftskriminelle: m\u00e4nnlich, 36- bis 55-j\u00e4hrig, langj\u00e4hrige Mitarbeiter\"}]},{\"@type\":\"WebSite\",\"@id\":\"https:\\\/\\\/www.organisator.ch\\\/#website\",\"url\":\"https:\\\/\\\/www.organisator.ch\\\/\",\"name\":\"Organisator\",\"description\":\"Kompetent. Praxisnah. Der ORGANISATOR bereitet in 10 Ausgaben pro Jahr die wesentlichen Themen f\u00fcr F\u00fchrungskr\u00e4fte von KMU auf.\",\"publisher\":{\"@id\":\"https:\\\/\\\/www.organisator.ch\\\/#organization\"},\"potentialAction\":[{\"@type\":\"SearchAction\",\"target\":{\"@type\":\"EntryPoint\",\"urlTemplate\":\"https:\\\/\\\/www.organisator.ch\\\/?s={search_term_string}\"},\"query-input\":{\"@type\":\"PropertyValueSpecification\",\"valueRequired\":true,\"valueName\":\"search_term_string\"}}],\"inLanguage\":\"fr-FR\"},{\"@type\":\"Organization\",\"@id\":\"https:\\\/\\\/www.organisator.ch\\\/#organization\",\"name\":\"Organisator\",\"url\":\"https:\\\/\\\/www.organisator.ch\\\/\",\"logo\":{\"@type\":\"ImageObject\",\"inLanguage\":\"fr-FR\",\"@id\":\"https:\\\/\\\/www.organisator.ch\\\/#\\\/schema\\\/logo\\\/image\\\/\",\"url\":\"https:\\\/\\\/www.organisator.ch\\\/wp-content\\\/uploads\\\/2022\\\/01\\\/Logo_Organisator_Website.png\",\"contentUrl\":\"https:\\\/\\\/www.organisator.ch\\\/wp-content\\\/uploads\\\/2022\\\/01\\\/Logo_Organisator_Website.png\",\"width\":800,\"height\":77,\"caption\":\"Organisator\"},\"image\":{\"@id\":\"https:\\\/\\\/www.organisator.ch\\\/#\\\/schema\\\/logo\\\/image\\\/\"},\"sameAs\":[\"https:\\\/\\\/www.facebook.com\\\/OrganisatorFachmagazin\",\"https:\\\/\\\/www.linkedin.com\\\/showcase\\\/organisator-das-magazin-fr-kmu\",\"https:\\\/\\\/www.xing.com\\\/news\\\/pages\\\/organisator-ch-695\",\"https:\\\/\\\/www.youtube.com\\\/channel\\\/UCGP2Sq0iWaZwT3BdIAQFYpw\"]},{\"@type\":\"Person\",\"@id\":\"https:\\\/\\\/www.organisator.ch\\\/#\\\/schema\\\/person\\\/6f650f90b2842cd4c0cc334b4e36f67e\",\"name\":\"thomas.berner\",\"image\":{\"@type\":\"ImageObject\",\"inLanguage\":\"fr-FR\",\"@id\":\"https:\\\/\\\/secure.gravatar.com\\\/avatar\\\/ac5001d2a36cb6c6cd3e50789007ffca834b477b74a2144564522e944eabff61?s=96&d=mm&r=g\",\"url\":\"https:\\\/\\\/secure.gravatar.com\\\/avatar\\\/ac5001d2a36cb6c6cd3e50789007ffca834b477b74a2144564522e944eabff61?s=96&d=mm&r=g\",\"contentUrl\":\"https:\\\/\\\/secure.gravatar.com\\\/avatar\\\/ac5001d2a36cb6c6cd3e50789007ffca834b477b74a2144564522e944eabff61?s=96&d=mm&r=g\",\"caption\":\"thomas.berner\"},\"url\":\"https:\\\/\\\/www.organisator.ch\\\/fr\\\/author\\\/thomas-berner\\\/\"}]}<\/script>\n<!-- \/ Yoast SEO plugin. -->","yoast_head_json":{"title":"Criminels \u00e9conomiques : hommes, 36 \u00e0 55 ans, collaborateurs de longue date - Organisateur","description":"Selon KPMG, le criminel \u00e9conomique type est un homme, \u00e2g\u00e9 de 36 \u00e0 55 ans et travaillant dans l'entreprise depuis plus de six ans.","robots":{"index":"index","follow":"follow","max-snippet":"max-snippet:-1","max-image-preview":"max-image-preview:large","max-video-preview":"max-video-preview:-1"},"canonical":"https:\/\/www.organisator.ch\/fr\/gestion-2\/finanzen_recht\/2025-05-12\/wirtschaftskriminelle-maennlich-36-bis-55-jaehrig-langjaehrige-mitarbeiter\/","og_locale":"fr_FR","og_type":"article","og_title":"Wirtschaftskriminelle: m\u00e4nnlich, 36- bis 55-j\u00e4hrig, langj\u00e4hrige Mitarbeiter","og_description":"Laut KPMG ist der typische Wirtschaftskriminelle m\u00e4nnlich, zwischen 36 und 55 Jahre alt und seit mehr als sechs Jahren im Unternehmen t\u00e4tig.","og_url":"https:\/\/www.organisator.ch\/fr\/gestion-2\/finanzen_recht\/2025-05-12\/wirtschaftskriminelle-maennlich-36-bis-55-jaehrig-langjaehrige-mitarbeiter\/","og_site_name":"Organisator","article_publisher":"https:\/\/www.facebook.com\/OrganisatorFachmagazin","article_published_time":"2025-05-12T09:35:02+00:00","article_modified_time":"2025-05-16T06:34:31+00:00","og_image":[{"width":680,"height":454,"url":"https:\/\/www.organisator.ch\/wp-content\/uploads\/2025\/05\/Wirtschaftskriminelle-maennlich-36-bis-55-jaehrig-langjaehrige-Mitarbeiter_Organisator.jpg","type":"image\/jpeg"}],"author":"thomas.berner","twitter_card":"summary_large_image","twitter_title":"#Wirtschaftskriminelle: m\u00e4nnlich, 36- bis 55-j\u00e4hrig, langj\u00e4hrige Mitarbeiter","twitter_description":"Laut #KPMG ist der typische #Wirtschaftskriminelle m\u00e4nnlich, zwischen 36 und 55 Jahre alt und seit mehr als sechs Jahren im Unternehmen t\u00e4tig.","twitter_image":"https:\/\/www.organisator.ch\/wp-content\/uploads\/2025\/05\/Wirtschaftskriminelle-maennlich-36-bis-55-jaehrig-langjaehrige-Mitarbeiter_Organisator.jpg","schema":{"@context":"https:\/\/schema.org","@graph":[{"@type":"Article","@id":"https:\/\/www.organisator.ch\/management\/finanzen_recht\/2025-05-12\/wirtschaftskriminelle-maennlich-36-bis-55-jaehrig-langjaehrige-mitarbeiter\/#article","isPartOf":{"@id":"https:\/\/www.organisator.ch\/management\/finanzen_recht\/2025-05-12\/wirtschaftskriminelle-maennlich-36-bis-55-jaehrig-langjaehrige-mitarbeiter\/"},"author":{"name":"thomas.berner","@id":"https:\/\/www.organisator.ch\/#\/schema\/person\/6f650f90b2842cd4c0cc334b4e36f67e"},"headline":"Wirtschaftskriminelle: m\u00e4nnlich, 36- bis 55-j\u00e4hrig, langj\u00e4hrige Mitarbeiter","datePublished":"2025-05-12T09:35:02+00:00","dateModified":"2025-05-16T06:34:31+00:00","mainEntityOfPage":{"@id":"https:\/\/www.organisator.ch\/management\/finanzen_recht\/2025-05-12\/wirtschaftskriminelle-maennlich-36-bis-55-jaehrig-langjaehrige-mitarbeiter\/"},"wordCount":473,"publisher":{"@id":"https:\/\/www.organisator.ch\/#organization"},"image":{"@id":"https:\/\/www.organisator.ch\/management\/finanzen_recht\/2025-05-12\/wirtschaftskriminelle-maennlich-36-bis-55-jaehrig-langjaehrige-mitarbeiter\/#primaryimage"},"thumbnailUrl":"https:\/\/www.organisator.ch\/wp-content\/uploads\/2025\/05\/Wirtschaftskriminelle-maennlich-36-bis-55-jaehrig-langjaehrige-Mitarbeiter_Organisator.jpg","keywords":["Management und Unternehmensf\u00fchrung","Risikomanagement","Vermischtes","Wirtschaftskriminalit\u00e4t"],"articleSection":["FINANZEN\/RECHT"],"inLanguage":"fr-FR"},{"@type":"WebPage","@id":"https:\/\/www.organisator.ch\/management\/finanzen_recht\/2025-05-12\/wirtschaftskriminelle-maennlich-36-bis-55-jaehrig-langjaehrige-mitarbeiter\/","url":"https:\/\/www.organisator.ch\/management\/finanzen_recht\/2025-05-12\/wirtschaftskriminelle-maennlich-36-bis-55-jaehrig-langjaehrige-mitarbeiter\/","name":"Criminels \u00e9conomiques : hommes, 36 \u00e0 55 ans, collaborateurs de longue date - Organisateur","isPartOf":{"@id":"https:\/\/www.organisator.ch\/#website"},"primaryImageOfPage":{"@id":"https:\/\/www.organisator.ch\/management\/finanzen_recht\/2025-05-12\/wirtschaftskriminelle-maennlich-36-bis-55-jaehrig-langjaehrige-mitarbeiter\/#primaryimage"},"image":{"@id":"https:\/\/www.organisator.ch\/management\/finanzen_recht\/2025-05-12\/wirtschaftskriminelle-maennlich-36-bis-55-jaehrig-langjaehrige-mitarbeiter\/#primaryimage"},"thumbnailUrl":"https:\/\/www.organisator.ch\/wp-content\/uploads\/2025\/05\/Wirtschaftskriminelle-maennlich-36-bis-55-jaehrig-langjaehrige-Mitarbeiter_Organisator.jpg","datePublished":"2025-05-12T09:35:02+00:00","dateModified":"2025-05-16T06:34:31+00:00","description":"Selon KPMG, le criminel \u00e9conomique type est un homme, \u00e2g\u00e9 de 36 \u00e0 55 ans et travaillant dans l'entreprise depuis plus de six ans.","breadcrumb":{"@id":"https:\/\/www.organisator.ch\/management\/finanzen_recht\/2025-05-12\/wirtschaftskriminelle-maennlich-36-bis-55-jaehrig-langjaehrige-mitarbeiter\/#breadcrumb"},"inLanguage":"fr-FR","potentialAction":[{"@type":"ReadAction","target":["https:\/\/www.organisator.ch\/management\/finanzen_recht\/2025-05-12\/wirtschaftskriminelle-maennlich-36-bis-55-jaehrig-langjaehrige-mitarbeiter\/"]}]},{"@type":"ImageObject","inLanguage":"fr-FR","@id":"https:\/\/www.organisator.ch\/management\/finanzen_recht\/2025-05-12\/wirtschaftskriminelle-maennlich-36-bis-55-jaehrig-langjaehrige-mitarbeiter\/#primaryimage","url":"https:\/\/www.organisator.ch\/wp-content\/uploads\/2025\/05\/Wirtschaftskriminelle-maennlich-36-bis-55-jaehrig-langjaehrige-Mitarbeiter_Organisator.jpg","contentUrl":"https:\/\/www.organisator.ch\/wp-content\/uploads\/2025\/05\/Wirtschaftskriminelle-maennlich-36-bis-55-jaehrig-langjaehrige-Mitarbeiter_Organisator.jpg","width":680,"height":454,"caption":"Hinter der Maske: Wirtschaftskriminelle sind meist m\u00e4nnlich und zwischen 36 und 55 Jahre alt. (Symbolbild; Depositphotos.com)"},{"@type":"BreadcrumbList","@id":"https:\/\/www.organisator.ch\/management\/finanzen_recht\/2025-05-12\/wirtschaftskriminelle-maennlich-36-bis-55-jaehrig-langjaehrige-mitarbeiter\/#breadcrumb","itemListElement":[{"@type":"ListItem","position":1,"name":"Home","item":"https:\/\/www.organisator.ch\/"},{"@type":"ListItem","position":2,"name":"Wirtschaftskriminelle: m\u00e4nnlich, 36- bis 55-j\u00e4hrig, langj\u00e4hrige Mitarbeiter"}]},{"@type":"WebSite","@id":"https:\/\/www.organisator.ch\/#website","url":"https:\/\/www.organisator.ch\/","name":"Organisateur","description":"Comp\u00e9tence et comp\u00e9tence. Proches de la pratique. L'ORGANISATEUR pr\u00e9pare 10 num\u00e9ros par an sur les th\u00e8mes essentiels pour les dirigeants de PME.","publisher":{"@id":"https:\/\/www.organisator.ch\/#organization"},"potentialAction":[{"@type":"SearchAction","target":{"@type":"EntryPoint","urlTemplate":"https:\/\/www.organisator.ch\/?s={search_term_string}"},"query-input":{"@type":"PropertyValueSpecification","valueRequired":true,"valueName":"search_term_string"}}],"inLanguage":"fr-FR"},{"@type":"Organization","@id":"https:\/\/www.organisator.ch\/#organization","name":"Organisateur","url":"https:\/\/www.organisator.ch\/","logo":{"@type":"ImageObject","inLanguage":"fr-FR","@id":"https:\/\/www.organisator.ch\/#\/schema\/logo\/image\/","url":"https:\/\/www.organisator.ch\/wp-content\/uploads\/2022\/01\/Logo_Organisator_Website.png","contentUrl":"https:\/\/www.organisator.ch\/wp-content\/uploads\/2022\/01\/Logo_Organisator_Website.png","width":800,"height":77,"caption":"Organisator"},"image":{"@id":"https:\/\/www.organisator.ch\/#\/schema\/logo\/image\/"},"sameAs":["https:\/\/www.facebook.com\/OrganisatorFachmagazin","https:\/\/www.linkedin.com\/showcase\/organisator-das-magazin-fr-kmu","https:\/\/www.xing.com\/news\/pages\/organisator-ch-695","https:\/\/www.youtube.com\/channel\/UCGP2Sq0iWaZwT3BdIAQFYpw"]},{"@type":"Person","@id":"https:\/\/www.organisator.ch\/#\/schema\/person\/6f650f90b2842cd4c0cc334b4e36f67e","name":"thomas.berner","image":{"@type":"ImageObject","inLanguage":"fr-FR","@id":"https:\/\/secure.gravatar.com\/avatar\/ac5001d2a36cb6c6cd3e50789007ffca834b477b74a2144564522e944eabff61?s=96&d=mm&r=g","url":"https:\/\/secure.gravatar.com\/avatar\/ac5001d2a36cb6c6cd3e50789007ffca834b477b74a2144564522e944eabff61?s=96&d=mm&r=g","contentUrl":"https:\/\/secure.gravatar.com\/avatar\/ac5001d2a36cb6c6cd3e50789007ffca834b477b74a2144564522e944eabff61?s=96&d=mm&r=g","caption":"thomas.berner"},"url":"https:\/\/www.organisator.ch\/fr\/author\/thomas-berner\/"}]}},"_links":{"self":[{"href":"https:\/\/www.organisator.ch\/fr\/wp-json\/wp\/v2\/posts\/38324","targetHints":{"allow":["GET"]}}],"collection":[{"href":"https:\/\/www.organisator.ch\/fr\/wp-json\/wp\/v2\/posts"}],"about":[{"href":"https:\/\/www.organisator.ch\/fr\/wp-json\/wp\/v2\/types\/post"}],"author":[{"embeddable":true,"href":"https:\/\/www.organisator.ch\/fr\/wp-json\/wp\/v2\/users\/4"}],"replies":[{"embeddable":true,"href":"https:\/\/www.organisator.ch\/fr\/wp-json\/wp\/v2\/comments?post=38324"}],"version-history":[{"count":4,"href":"https:\/\/www.organisator.ch\/fr\/wp-json\/wp\/v2\/posts\/38324\/revisions"}],"predecessor-version":[{"id":38414,"href":"https:\/\/www.organisator.ch\/fr\/wp-json\/wp\/v2\/posts\/38324\/revisions\/38414"}],"wp:featuredmedia":[{"embeddable":true,"href":"https:\/\/www.organisator.ch\/fr\/wp-json\/wp\/v2\/media\/38325"}],"wp:attachment":[{"href":"https:\/\/www.organisator.ch\/fr\/wp-json\/wp\/v2\/media?parent=38324"}],"wp:term":[{"taxonomy":"category","embeddable":true,"href":"https:\/\/www.organisator.ch\/fr\/wp-json\/wp\/v2\/categories?post=38324"},{"taxonomy":"post_tag","embeddable":true,"href":"https:\/\/www.organisator.ch\/fr\/wp-json\/wp\/v2\/tags?post=38324"}],"curies":[{"name":"wp","href":"https:\/\/api.w.org\/{rel}","templated":true}]}}