{"id":38388,"date":"2025-05-15T06:24:52","date_gmt":"2025-05-15T04:24:52","guid":{"rendered":"https:\/\/www.organisator.ch\/?p=38388"},"modified":"2025-05-19T07:43:04","modified_gmt":"2025-05-19T05:43:04","slug":"swissolar-aufschwung-bei-batteriespeichern","status":"publish","type":"post","link":"https:\/\/www.organisator.ch\/fr\/sustainability\/2025-05-15\/swissolar-aufschwung-bei-batteriespeichern\/","title":{"rendered":"Swissolar : Essor du stockage par batterie"},"content":{"rendered":"<figure id=\"attachment_38438\" aria-describedby=\"caption-attachment-38438\" style=\"width: 680px\" class=\"wp-caption alignnone\"><img loading=\"lazy\" decoding=\"async\" class=\"size-full wp-image-38438\" src=\"https:\/\/www.organisator.ch\/wp-content\/uploads\/2025\/05\/Swissolar-Aufschwung-bei-Batteriespeichern-NEU_Organisator.jpg\" alt=\"\" width=\"680\" height=\"340\" srcset=\"https:\/\/www.organisator.ch\/wp-content\/uploads\/2025\/05\/Swissolar-Aufschwung-bei-Batteriespeichern-NEU_Organisator.jpg 680w, https:\/\/www.organisator.ch\/wp-content\/uploads\/2025\/05\/Swissolar-Aufschwung-bei-Batteriespeichern-NEU_Organisator-18x9.jpg 18w, https:\/\/www.organisator.ch\/wp-content\/uploads\/2025\/05\/Swissolar-Aufschwung-bei-Batteriespeichern-NEU_Organisator-375x188.jpg 375w\" sizes=\"auto, (max-width: 680px) 100vw, 680px\" \/><figcaption id=\"caption-attachment-38438\" class=\"wp-caption-text\">Swissolar enregistre un essor des accumulateurs \u00e0 batterie et se r\u00e9f\u00e8re pour cela aux donn\u00e9es de l'OFEN et \u00e0 ses propres sondages. (Graphique : Swissolar)<\/figcaption><\/figure>\n<p>L'augmentation de la demande mondiale et la production de masse qui en d\u00e9coule, ainsi que les innovations technologiques, ont entra\u00een\u00e9 une baisse consid\u00e9rable des prix des accumulateurs \u00e0 batterie au cours des derni\u00e8res ann\u00e9es. Avec le rapport sur les batteries, Swissolar pose la premi\u00e8re pierre d'une r\u00e9flexion \u00e0 long terme sur ce th\u00e8me. Matthias Egli, directeur de Swissolar, d\u00e9clare \u00e0 ce sujet : \"Les accumulateurs \u00e0 batterie sont un \u00e9l\u00e9ment central pour la s\u00e9curit\u00e9 d'approvisionnement de la Suisse en \u00e9lectricit\u00e9 issue d'\u00e9nergies renouvelables indig\u00e8nes. Ils permettent d'utiliser l'\u00e9lectricit\u00e9 solaire de mani\u00e8re plus flexible et de d\u00e9charger le r\u00e9seau \u00e9lectrique\". La part du PV dans la consommation d'\u00e9lectricit\u00e9, qui sera de 14% en 2025, pourrait passer \u00e0 17% d\u00e8s l'ann\u00e9e prochaine.<\/p>\n<h3><strong>Les batteries aident \u00e0 l'int\u00e9gration de l'\u00e9lectricit\u00e9 solaire dans le r\u00e9seau\u00a0<\/strong><\/h3>\n<p>Au vu de la poursuite du d\u00e9veloppement rapide de l'\u00e9nergie solaire, il est urgent d'inciter les exploitants d'installations \u00e0 adopter un comportement respectueux du syst\u00e8me. Le pr\u00e9sident de Swissolar, J\u00fcrg Grossen, appelle la branche solaire, les gestionnaires de r\u00e9seau de distribution et les politiques \u00e0 optimiser l'int\u00e9gration de l'\u00e9lectricit\u00e9 solaire au r\u00e9seau : \"Les bases l\u00e9gales n\u00e9cessaires sont l\u00e0 avec la loi sur l'\u00e9lectricit\u00e9. Chacun doit maintenant apporter sa contribution. Le secteur solaire doit optimiser l'autoconsommation avec des batteries et des syst\u00e8mes de gestion de l'\u00e9nergie. Les gestionnaires de r\u00e9seau de distribution doivent adapter leurs tarifs et leurs instruments fiscaux \u00e0 la nouvelle r\u00e9alit\u00e9 de la production. Et la politique doit continuer \u00e0 optimiser les conditions-cadres. Il est important que la solution que nous avons contribu\u00e9 \u00e0 d\u00e9velopper, \u00e0 savoir une r\u00e9tribution au prix du march\u00e9 horaire, arrive rapidement\". Celle-ci doit \u00eatre trait\u00e9e d\u00e9finitivement lors de la session d'\u00e9t\u00e9 des Chambres f\u00e9d\u00e9rales dans le cadre du d\u00e9cret d'acc\u00e9l\u00e9ration.<\/p>\n<h3><strong>Il faut une strat\u00e9gie nationale de stockage <\/strong><\/h3>\n<p>A l'avenir, Swissolar s'engagera encore plus fortement en faveur de conditions-cadres qui encouragent le d\u00e9veloppement de solutions de stockage en combinaison avec le photovolta\u00efque. Une strat\u00e9gie nationale de stockage en fait partie. La vice-pr\u00e9sidente de Swissolar Gabriela Suter d\u00e9clare \u00e0 ce sujet : \"Les accumulateurs \u00e0 batterie, qui permettent de stocker temporairement de l'\u00e9lectricit\u00e9 \u00e0 court terme et de l'injecter dans le r\u00e9seau en quelques millisecondes si n\u00e9cessaire, doivent \u00eatre pris en compte dans les futurs sc\u00e9narios \u00e9nerg\u00e9tiques. Ils sont malheureusement encore absents des perspectives \u00e9nerg\u00e9tiques actuelles de la Conf\u00e9d\u00e9ration. Il faut une strat\u00e9gie nationale de stockage qui englobe tous les stockages - saisonniers et \u00e0 court terme - et qui montre l'interaction entre les diff\u00e9rentes technologies de stockage. Cela \u00e9vitera de d\u00e9velopper les r\u00e9seaux de mani\u00e8re disproportionn\u00e9e\".<\/p>\n<p>Le rapport Swissolar sur les batteries formule six recommandations d'action centrales pour la politique, les exploitants de r\u00e9seau et la branche :<\/p>\n<ol>\n<li>Donner aux batteries de stockage d\u00e9centralis\u00e9es un r\u00f4le appropri\u00e9 dans le syst\u00e8me \u00e9nerg\u00e9tique<\/li>\n<li>Concevoir des signaux de prix et des incitations financi\u00e8res<\/li>\n<li>Incitations cibl\u00e9es pour l'int\u00e9gration du stockage par batterie dans un syst\u00e8me \u00e9nerg\u00e9tique intelligent<\/li>\n<li>R\u00e9duire l'extension du r\u00e9seau gr\u00e2ce au stockage de quartier et r\u00e9gional<\/li>\n<li>Faciliter l'acc\u00e8s aux march\u00e9s d'\u00e9quilibrage pour le stockage par batterie<\/li>\n<li>Supprimer les obstacles \u00e0 l'\u00e9change de donn\u00e9es<\/li>\n<\/ol>\n<p>Le rapport \"Batteries de stockage avec photovolta\u00efque 2025\" peut \u00eatre consult\u00e9 sur le site de Swissolar :\u00a0<a href=\"https:\/\/swissolar.us17.list-manage.com\/track\/click?u=edecd98bac689d51acd3647d0&amp;id=c2ba09d647&amp;e=a7500464fb\">www.swissolar.ch\/batteriebericht<\/a>.<\/p>","protected":false},"excerpt":{"rendered":"<p>Aujourd'hui, pr\u00e8s d'une installation photovolta\u00efque sur deux en Suisse est \u00e9quip\u00e9e d'un accumulateur \u00e0 batterie. Ils permettent une utilisation plus flexible de l'\u00e9lectricit\u00e9 solaire locale, stabilisent le r\u00e9seau \u00e9lectrique et augmentent la s\u00e9curit\u00e9 d'approvisionnement. L'association Swissolar \u00e9crit \u00e0 ce sujet que le secteur solaire, les exploitants de r\u00e9seaux de distribution et les politiques sont d\u00e9sormais appel\u00e9s \u00e0 agir.<\/p>","protected":false},"author":4,"featured_media":38389,"comment_status":"closed","ping_status":"closed","sticky":false,"template":"","format":"standard","meta":{"_acf_changed":false,"_yoast_wpseo_focuskw":"Swissolar","_yoast_wpseo_metadesc":"Mittlerweile wird rund jede zweite PV-Anlage in der Schweiz mit einem Batteriespeicher installiert. Swissolar fordert eine Speicherstrategie.","articlekey":"","footnotes":""},"categories":[580],"tags":[1079,358,1908,2271],"class_list":["post-38388","post","type-post","status-publish","format-standard","has-post-thumbnail","hentry","category-sustainability","tag-energiepolitik","tag-nachhaltige-wirtschaft","tag-photovoltaik","tag-swissolar"],"acf":[],"yoast_head":"<!-- This site is optimized with the Yoast SEO plugin v27.5 - https:\/\/yoast.com\/product\/yoast-seo-wordpress\/ -->\n<title>Swissolar: Aufschwung bei Batteriespeichern - Organisator<\/title>\n<meta name=\"description\" content=\"Mittlerweile wird rund jede zweite PV-Anlage in der Schweiz mit einem Batteriespeicher installiert. Swissolar fordert eine Speicherstrategie.\" \/>\n<meta name=\"robots\" content=\"index, follow, max-snippet:-1, max-image-preview:large, max-video-preview:-1\" \/>\n<link rel=\"canonical\" href=\"https:\/\/www.organisator.ch\/fr\/sustainability\/2025-05-15\/swissolar-aufschwung-bei-batteriespeichern\/\" \/>\n<meta property=\"og:locale\" content=\"fr_FR\" \/>\n<meta property=\"og:type\" content=\"article\" \/>\n<meta property=\"og:title\" content=\"Swissolar: Aufschwung bei Batteriespeichern\" \/>\n<meta property=\"og:description\" content=\"Mittlerweile wird rund jede zweite PV-Anlage in der Schweiz mit einem Batteriespeicher installiert. Swissolar fordert eine Speicherstrategie.\" \/>\n<meta property=\"og:url\" content=\"https:\/\/www.organisator.ch\/fr\/sustainability\/2025-05-15\/swissolar-aufschwung-bei-batteriespeichern\/\" \/>\n<meta property=\"og:site_name\" content=\"Organisator\" \/>\n<meta property=\"article:publisher\" content=\"https:\/\/www.facebook.com\/OrganisatorFachmagazin\" \/>\n<meta property=\"article:published_time\" content=\"2025-05-15T04:24:52+00:00\" \/>\n<meta property=\"article:modified_time\" content=\"2025-05-19T05:43:04+00:00\" \/>\n<meta property=\"og:image\" content=\"https:\/\/www.organisator.ch\/wp-content\/uploads\/2025\/05\/Swissolar-Aufschwung-bei-Batteriespeichern_Organisator.jpg\" \/>\n\t<meta property=\"og:image:width\" content=\"680\" \/>\n\t<meta property=\"og:image:height\" content=\"363\" \/>\n\t<meta property=\"og:image:type\" content=\"image\/jpeg\" \/>\n<meta name=\"author\" content=\"thomas.berner\" \/>\n<meta name=\"twitter:card\" content=\"summary_large_image\" \/>\n<meta name=\"twitter:title\" content=\"Swissolar: Aufschwung bei #Batteriespeichern\" \/>\n<meta name=\"twitter:description\" content=\"Mittlerweile wird rund jede zweite PV-Anlage in der Schweiz mit einem #Batteriespeicher installiert. #Swissolar fordert eine #Speicherstrategie.\" \/>\n<meta name=\"twitter:image\" content=\"https:\/\/www.organisator.ch\/wp-content\/uploads\/2025\/05\/Swissolar-Aufschwung-bei-Batteriespeichern_Organisator.jpg\" \/>\n<script type=\"application\/ld+json\" class=\"yoast-schema-graph\">{\"@context\":\"https:\\\/\\\/schema.org\",\"@graph\":[{\"@type\":\"Article\",\"@id\":\"https:\\\/\\\/www.organisator.ch\\\/sustainability\\\/2025-05-15\\\/swissolar-aufschwung-bei-batteriespeichern\\\/#article\",\"isPartOf\":{\"@id\":\"https:\\\/\\\/www.organisator.ch\\\/sustainability\\\/2025-05-15\\\/swissolar-aufschwung-bei-batteriespeichern\\\/\"},\"author\":{\"name\":\"thomas.berner\",\"@id\":\"https:\\\/\\\/www.organisator.ch\\\/#\\\/schema\\\/person\\\/6f650f90b2842cd4c0cc334b4e36f67e\"},\"headline\":\"Swissolar: Aufschwung bei Batteriespeichern\",\"datePublished\":\"2025-05-15T04:24:52+00:00\",\"dateModified\":\"2025-05-19T05:43:04+00:00\",\"mainEntityOfPage\":{\"@id\":\"https:\\\/\\\/www.organisator.ch\\\/sustainability\\\/2025-05-15\\\/swissolar-aufschwung-bei-batteriespeichern\\\/\"},\"wordCount\":430,\"publisher\":{\"@id\":\"https:\\\/\\\/www.organisator.ch\\\/#organization\"},\"image\":{\"@id\":\"https:\\\/\\\/www.organisator.ch\\\/sustainability\\\/2025-05-15\\\/swissolar-aufschwung-bei-batteriespeichern\\\/#primaryimage\"},\"thumbnailUrl\":\"https:\\\/\\\/www.organisator.ch\\\/wp-content\\\/uploads\\\/2025\\\/05\\\/Swissolar-Aufschwung-bei-Batteriespeichern_Organisator.jpg\",\"keywords\":[\"Energiepolitik\",\"Nachhaltige Wirtschaft\",\"Photovoltaik\",\"Swissolar\"],\"articleSection\":[\"SUSTAINABILITY\"],\"inLanguage\":\"fr-FR\"},{\"@type\":\"WebPage\",\"@id\":\"https:\\\/\\\/www.organisator.ch\\\/sustainability\\\/2025-05-15\\\/swissolar-aufschwung-bei-batteriespeichern\\\/\",\"url\":\"https:\\\/\\\/www.organisator.ch\\\/sustainability\\\/2025-05-15\\\/swissolar-aufschwung-bei-batteriespeichern\\\/\",\"name\":\"Swissolar: Aufschwung bei Batteriespeichern - Organisator\",\"isPartOf\":{\"@id\":\"https:\\\/\\\/www.organisator.ch\\\/#website\"},\"primaryImageOfPage\":{\"@id\":\"https:\\\/\\\/www.organisator.ch\\\/sustainability\\\/2025-05-15\\\/swissolar-aufschwung-bei-batteriespeichern\\\/#primaryimage\"},\"image\":{\"@id\":\"https:\\\/\\\/www.organisator.ch\\\/sustainability\\\/2025-05-15\\\/swissolar-aufschwung-bei-batteriespeichern\\\/#primaryimage\"},\"thumbnailUrl\":\"https:\\\/\\\/www.organisator.ch\\\/wp-content\\\/uploads\\\/2025\\\/05\\\/Swissolar-Aufschwung-bei-Batteriespeichern_Organisator.jpg\",\"datePublished\":\"2025-05-15T04:24:52+00:00\",\"dateModified\":\"2025-05-19T05:43:04+00:00\",\"description\":\"Mittlerweile wird rund jede zweite PV-Anlage in der Schweiz mit einem Batteriespeicher installiert. Swissolar fordert eine Speicherstrategie.\",\"breadcrumb\":{\"@id\":\"https:\\\/\\\/www.organisator.ch\\\/sustainability\\\/2025-05-15\\\/swissolar-aufschwung-bei-batteriespeichern\\\/#breadcrumb\"},\"inLanguage\":\"fr-FR\",\"potentialAction\":[{\"@type\":\"ReadAction\",\"target\":[\"https:\\\/\\\/www.organisator.ch\\\/sustainability\\\/2025-05-15\\\/swissolar-aufschwung-bei-batteriespeichern\\\/\"]}]},{\"@type\":\"ImageObject\",\"inLanguage\":\"fr-FR\",\"@id\":\"https:\\\/\\\/www.organisator.ch\\\/sustainability\\\/2025-05-15\\\/swissolar-aufschwung-bei-batteriespeichern\\\/#primaryimage\",\"url\":\"https:\\\/\\\/www.organisator.ch\\\/wp-content\\\/uploads\\\/2025\\\/05\\\/Swissolar-Aufschwung-bei-Batteriespeichern_Organisator.jpg\",\"contentUrl\":\"https:\\\/\\\/www.organisator.ch\\\/wp-content\\\/uploads\\\/2025\\\/05\\\/Swissolar-Aufschwung-bei-Batteriespeichern_Organisator.jpg\",\"width\":680,\"height\":363,\"caption\":\"Swissolar verzeichnet einen Aufschwung bei Batteriespeichern und beruft sich dabei auf Daten des BFE und auf eigene Umfragen. (Grafik: Swissolar)\"},{\"@type\":\"BreadcrumbList\",\"@id\":\"https:\\\/\\\/www.organisator.ch\\\/sustainability\\\/2025-05-15\\\/swissolar-aufschwung-bei-batteriespeichern\\\/#breadcrumb\",\"itemListElement\":[{\"@type\":\"ListItem\",\"position\":1,\"name\":\"Home\",\"item\":\"https:\\\/\\\/www.organisator.ch\\\/\"},{\"@type\":\"ListItem\",\"position\":2,\"name\":\"Swissolar: Aufschwung bei Batteriespeichern\"}]},{\"@type\":\"WebSite\",\"@id\":\"https:\\\/\\\/www.organisator.ch\\\/#website\",\"url\":\"https:\\\/\\\/www.organisator.ch\\\/\",\"name\":\"Organisator\",\"description\":\"Kompetent. Praxisnah. Der ORGANISATOR bereitet in 10 Ausgaben pro Jahr die wesentlichen Themen f\u00fcr F\u00fchrungskr\u00e4fte von KMU auf.\",\"publisher\":{\"@id\":\"https:\\\/\\\/www.organisator.ch\\\/#organization\"},\"potentialAction\":[{\"@type\":\"SearchAction\",\"target\":{\"@type\":\"EntryPoint\",\"urlTemplate\":\"https:\\\/\\\/www.organisator.ch\\\/?s={search_term_string}\"},\"query-input\":{\"@type\":\"PropertyValueSpecification\",\"valueRequired\":true,\"valueName\":\"search_term_string\"}}],\"inLanguage\":\"fr-FR\"},{\"@type\":\"Organization\",\"@id\":\"https:\\\/\\\/www.organisator.ch\\\/#organization\",\"name\":\"Organisator\",\"url\":\"https:\\\/\\\/www.organisator.ch\\\/\",\"logo\":{\"@type\":\"ImageObject\",\"inLanguage\":\"fr-FR\",\"@id\":\"https:\\\/\\\/www.organisator.ch\\\/#\\\/schema\\\/logo\\\/image\\\/\",\"url\":\"https:\\\/\\\/www.organisator.ch\\\/wp-content\\\/uploads\\\/2022\\\/01\\\/Logo_Organisator_Website.png\",\"contentUrl\":\"https:\\\/\\\/www.organisator.ch\\\/wp-content\\\/uploads\\\/2022\\\/01\\\/Logo_Organisator_Website.png\",\"width\":800,\"height\":77,\"caption\":\"Organisator\"},\"image\":{\"@id\":\"https:\\\/\\\/www.organisator.ch\\\/#\\\/schema\\\/logo\\\/image\\\/\"},\"sameAs\":[\"https:\\\/\\\/www.facebook.com\\\/OrganisatorFachmagazin\",\"https:\\\/\\\/www.linkedin.com\\\/showcase\\\/organisator-das-magazin-fr-kmu\",\"https:\\\/\\\/www.xing.com\\\/news\\\/pages\\\/organisator-ch-695\",\"https:\\\/\\\/www.youtube.com\\\/channel\\\/UCGP2Sq0iWaZwT3BdIAQFYpw\"]},{\"@type\":\"Person\",\"@id\":\"https:\\\/\\\/www.organisator.ch\\\/#\\\/schema\\\/person\\\/6f650f90b2842cd4c0cc334b4e36f67e\",\"name\":\"thomas.berner\",\"image\":{\"@type\":\"ImageObject\",\"inLanguage\":\"fr-FR\",\"@id\":\"https:\\\/\\\/secure.gravatar.com\\\/avatar\\\/ac5001d2a36cb6c6cd3e50789007ffca834b477b74a2144564522e944eabff61?s=96&d=mm&r=g\",\"url\":\"https:\\\/\\\/secure.gravatar.com\\\/avatar\\\/ac5001d2a36cb6c6cd3e50789007ffca834b477b74a2144564522e944eabff61?s=96&d=mm&r=g\",\"contentUrl\":\"https:\\\/\\\/secure.gravatar.com\\\/avatar\\\/ac5001d2a36cb6c6cd3e50789007ffca834b477b74a2144564522e944eabff61?s=96&d=mm&r=g\",\"caption\":\"thomas.berner\"},\"url\":\"https:\\\/\\\/www.organisator.ch\\\/fr\\\/author\\\/thomas-berner\\\/\"}]}<\/script>\n<!-- \/ Yoast SEO plugin. -->","yoast_head_json":{"title":"Swissolar : essor du stockage par batterie - Organisateur","description":"Entre-temps, environ une installation PV sur deux en Suisse est mont\u00e9e avec un accumulateur \u00e0 batterie. Swissolar demande une strat\u00e9gie de stockage.","robots":{"index":"index","follow":"follow","max-snippet":"max-snippet:-1","max-image-preview":"max-image-preview:large","max-video-preview":"max-video-preview:-1"},"canonical":"https:\/\/www.organisator.ch\/fr\/sustainability\/2025-05-15\/swissolar-aufschwung-bei-batteriespeichern\/","og_locale":"fr_FR","og_type":"article","og_title":"Swissolar: Aufschwung bei Batteriespeichern","og_description":"Mittlerweile wird rund jede zweite PV-Anlage in der Schweiz mit einem Batteriespeicher installiert. Swissolar fordert eine Speicherstrategie.","og_url":"https:\/\/www.organisator.ch\/fr\/sustainability\/2025-05-15\/swissolar-aufschwung-bei-batteriespeichern\/","og_site_name":"Organisator","article_publisher":"https:\/\/www.facebook.com\/OrganisatorFachmagazin","article_published_time":"2025-05-15T04:24:52+00:00","article_modified_time":"2025-05-19T05:43:04+00:00","og_image":[{"width":680,"height":363,"url":"https:\/\/www.organisator.ch\/wp-content\/uploads\/2025\/05\/Swissolar-Aufschwung-bei-Batteriespeichern_Organisator.jpg","type":"image\/jpeg"}],"author":"thomas.berner","twitter_card":"summary_large_image","twitter_title":"Swissolar: Aufschwung bei #Batteriespeichern","twitter_description":"Mittlerweile wird rund jede zweite PV-Anlage in der Schweiz mit einem #Batteriespeicher installiert. #Swissolar fordert eine #Speicherstrategie.","twitter_image":"https:\/\/www.organisator.ch\/wp-content\/uploads\/2025\/05\/Swissolar-Aufschwung-bei-Batteriespeichern_Organisator.jpg","schema":{"@context":"https:\/\/schema.org","@graph":[{"@type":"Article","@id":"https:\/\/www.organisator.ch\/sustainability\/2025-05-15\/swissolar-aufschwung-bei-batteriespeichern\/#article","isPartOf":{"@id":"https:\/\/www.organisator.ch\/sustainability\/2025-05-15\/swissolar-aufschwung-bei-batteriespeichern\/"},"author":{"name":"thomas.berner","@id":"https:\/\/www.organisator.ch\/#\/schema\/person\/6f650f90b2842cd4c0cc334b4e36f67e"},"headline":"Swissolar: Aufschwung bei Batteriespeichern","datePublished":"2025-05-15T04:24:52+00:00","dateModified":"2025-05-19T05:43:04+00:00","mainEntityOfPage":{"@id":"https:\/\/www.organisator.ch\/sustainability\/2025-05-15\/swissolar-aufschwung-bei-batteriespeichern\/"},"wordCount":430,"publisher":{"@id":"https:\/\/www.organisator.ch\/#organization"},"image":{"@id":"https:\/\/www.organisator.ch\/sustainability\/2025-05-15\/swissolar-aufschwung-bei-batteriespeichern\/#primaryimage"},"thumbnailUrl":"https:\/\/www.organisator.ch\/wp-content\/uploads\/2025\/05\/Swissolar-Aufschwung-bei-Batteriespeichern_Organisator.jpg","keywords":["Energiepolitik","Nachhaltige Wirtschaft","Photovoltaik","Swissolar"],"articleSection":["SUSTAINABILITY"],"inLanguage":"fr-FR"},{"@type":"WebPage","@id":"https:\/\/www.organisator.ch\/sustainability\/2025-05-15\/swissolar-aufschwung-bei-batteriespeichern\/","url":"https:\/\/www.organisator.ch\/sustainability\/2025-05-15\/swissolar-aufschwung-bei-batteriespeichern\/","name":"Swissolar : essor du stockage par batterie - Organisateur","isPartOf":{"@id":"https:\/\/www.organisator.ch\/#website"},"primaryImageOfPage":{"@id":"https:\/\/www.organisator.ch\/sustainability\/2025-05-15\/swissolar-aufschwung-bei-batteriespeichern\/#primaryimage"},"image":{"@id":"https:\/\/www.organisator.ch\/sustainability\/2025-05-15\/swissolar-aufschwung-bei-batteriespeichern\/#primaryimage"},"thumbnailUrl":"https:\/\/www.organisator.ch\/wp-content\/uploads\/2025\/05\/Swissolar-Aufschwung-bei-Batteriespeichern_Organisator.jpg","datePublished":"2025-05-15T04:24:52+00:00","dateModified":"2025-05-19T05:43:04+00:00","description":"Entre-temps, environ une installation PV sur deux en Suisse est mont\u00e9e avec un accumulateur \u00e0 batterie. Swissolar demande une strat\u00e9gie de stockage.","breadcrumb":{"@id":"https:\/\/www.organisator.ch\/sustainability\/2025-05-15\/swissolar-aufschwung-bei-batteriespeichern\/#breadcrumb"},"inLanguage":"fr-FR","potentialAction":[{"@type":"ReadAction","target":["https:\/\/www.organisator.ch\/sustainability\/2025-05-15\/swissolar-aufschwung-bei-batteriespeichern\/"]}]},{"@type":"ImageObject","inLanguage":"fr-FR","@id":"https:\/\/www.organisator.ch\/sustainability\/2025-05-15\/swissolar-aufschwung-bei-batteriespeichern\/#primaryimage","url":"https:\/\/www.organisator.ch\/wp-content\/uploads\/2025\/05\/Swissolar-Aufschwung-bei-Batteriespeichern_Organisator.jpg","contentUrl":"https:\/\/www.organisator.ch\/wp-content\/uploads\/2025\/05\/Swissolar-Aufschwung-bei-Batteriespeichern_Organisator.jpg","width":680,"height":363,"caption":"Swissolar verzeichnet einen Aufschwung bei Batteriespeichern und beruft sich dabei auf Daten des BFE und auf eigene Umfragen. (Grafik: Swissolar)"},{"@type":"BreadcrumbList","@id":"https:\/\/www.organisator.ch\/sustainability\/2025-05-15\/swissolar-aufschwung-bei-batteriespeichern\/#breadcrumb","itemListElement":[{"@type":"ListItem","position":1,"name":"Home","item":"https:\/\/www.organisator.ch\/"},{"@type":"ListItem","position":2,"name":"Swissolar: Aufschwung bei Batteriespeichern"}]},{"@type":"WebSite","@id":"https:\/\/www.organisator.ch\/#website","url":"https:\/\/www.organisator.ch\/","name":"Organisateur","description":"Comp\u00e9tence et comp\u00e9tence. Proches de la pratique. L'ORGANISATEUR pr\u00e9pare 10 num\u00e9ros par an sur les th\u00e8mes essentiels pour les dirigeants de PME.","publisher":{"@id":"https:\/\/www.organisator.ch\/#organization"},"potentialAction":[{"@type":"SearchAction","target":{"@type":"EntryPoint","urlTemplate":"https:\/\/www.organisator.ch\/?s={search_term_string}"},"query-input":{"@type":"PropertyValueSpecification","valueRequired":true,"valueName":"search_term_string"}}],"inLanguage":"fr-FR"},{"@type":"Organization","@id":"https:\/\/www.organisator.ch\/#organization","name":"Organisateur","url":"https:\/\/www.organisator.ch\/","logo":{"@type":"ImageObject","inLanguage":"fr-FR","@id":"https:\/\/www.organisator.ch\/#\/schema\/logo\/image\/","url":"https:\/\/www.organisator.ch\/wp-content\/uploads\/2022\/01\/Logo_Organisator_Website.png","contentUrl":"https:\/\/www.organisator.ch\/wp-content\/uploads\/2022\/01\/Logo_Organisator_Website.png","width":800,"height":77,"caption":"Organisator"},"image":{"@id":"https:\/\/www.organisator.ch\/#\/schema\/logo\/image\/"},"sameAs":["https:\/\/www.facebook.com\/OrganisatorFachmagazin","https:\/\/www.linkedin.com\/showcase\/organisator-das-magazin-fr-kmu","https:\/\/www.xing.com\/news\/pages\/organisator-ch-695","https:\/\/www.youtube.com\/channel\/UCGP2Sq0iWaZwT3BdIAQFYpw"]},{"@type":"Person","@id":"https:\/\/www.organisator.ch\/#\/schema\/person\/6f650f90b2842cd4c0cc334b4e36f67e","name":"thomas.berner","image":{"@type":"ImageObject","inLanguage":"fr-FR","@id":"https:\/\/secure.gravatar.com\/avatar\/ac5001d2a36cb6c6cd3e50789007ffca834b477b74a2144564522e944eabff61?s=96&d=mm&r=g","url":"https:\/\/secure.gravatar.com\/avatar\/ac5001d2a36cb6c6cd3e50789007ffca834b477b74a2144564522e944eabff61?s=96&d=mm&r=g","contentUrl":"https:\/\/secure.gravatar.com\/avatar\/ac5001d2a36cb6c6cd3e50789007ffca834b477b74a2144564522e944eabff61?s=96&d=mm&r=g","caption":"thomas.berner"},"url":"https:\/\/www.organisator.ch\/fr\/author\/thomas-berner\/"}]}},"_links":{"self":[{"href":"https:\/\/www.organisator.ch\/fr\/wp-json\/wp\/v2\/posts\/38388","targetHints":{"allow":["GET"]}}],"collection":[{"href":"https:\/\/www.organisator.ch\/fr\/wp-json\/wp\/v2\/posts"}],"about":[{"href":"https:\/\/www.organisator.ch\/fr\/wp-json\/wp\/v2\/types\/post"}],"author":[{"embeddable":true,"href":"https:\/\/www.organisator.ch\/fr\/wp-json\/wp\/v2\/users\/4"}],"replies":[{"embeddable":true,"href":"https:\/\/www.organisator.ch\/fr\/wp-json\/wp\/v2\/comments?post=38388"}],"version-history":[{"count":5,"href":"https:\/\/www.organisator.ch\/fr\/wp-json\/wp\/v2\/posts\/38388\/revisions"}],"predecessor-version":[{"id":38439,"href":"https:\/\/www.organisator.ch\/fr\/wp-json\/wp\/v2\/posts\/38388\/revisions\/38439"}],"wp:featuredmedia":[{"embeddable":true,"href":"https:\/\/www.organisator.ch\/fr\/wp-json\/wp\/v2\/media\/38389"}],"wp:attachment":[{"href":"https:\/\/www.organisator.ch\/fr\/wp-json\/wp\/v2\/media?parent=38388"}],"wp:term":[{"taxonomy":"category","embeddable":true,"href":"https:\/\/www.organisator.ch\/fr\/wp-json\/wp\/v2\/categories?post=38388"},{"taxonomy":"post_tag","embeddable":true,"href":"https:\/\/www.organisator.ch\/fr\/wp-json\/wp\/v2\/tags?post=38388"}],"curies":[{"name":"wp","href":"https:\/\/api.w.org\/{rel}","templated":true}]}}