{"id":38397,"date":"2025-05-15T07:40:17","date_gmt":"2025-05-15T05:40:17","guid":{"rendered":"https:\/\/www.organisator.ch\/?p=38397"},"modified":"2025-05-15T07:40:17","modified_gmt":"2025-05-15T05:40:17","slug":"nur-4-der-schweizer-unternehmen-sind-fuer-den-wandel-durch-ki-gut-geruestet","status":"publish","type":"post","link":"https:\/\/www.organisator.ch\/fr\/human-resources\/2025-05-15\/nur-4-der-schweizer-unternehmen-sind-fuer-den-wandel-durch-ki-gut-geruestet\/","title":{"rendered":"Seules 4% des entreprises suisses sont bien \u00e9quip\u00e9es pour faire face aux changements induits par l'IA"},"content":{"rendered":"<figure id=\"attachment_38398\" aria-describedby=\"caption-attachment-38398\" style=\"width: 680px\" class=\"wp-caption alignnone\"><img loading=\"lazy\" decoding=\"async\" class=\"wp-image-38398 size-full\" src=\"https:\/\/www.organisator.ch\/wp-content\/uploads\/2025\/05\/Nur-4-der-Schweizer-Unternehmen-sind-fuer-den-Wandel-durch-KI-gut-geruestet_Organisator.jpg\" alt=\"\" width=\"680\" height=\"383\" srcset=\"https:\/\/www.organisator.ch\/wp-content\/uploads\/2025\/05\/Nur-4-der-Schweizer-Unternehmen-sind-fuer-den-Wandel-durch-KI-gut-geruestet_Organisator.jpg 680w, https:\/\/www.organisator.ch\/wp-content\/uploads\/2025\/05\/Nur-4-der-Schweizer-Unternehmen-sind-fuer-den-Wandel-durch-KI-gut-geruestet_Organisator-18x10.jpg 18w, https:\/\/www.organisator.ch\/wp-content\/uploads\/2025\/05\/Nur-4-der-Schweizer-Unternehmen-sind-fuer-den-Wandel-durch-KI-gut-geruestet_Organisator-375x211.jpg 375w, https:\/\/www.organisator.ch\/wp-content\/uploads\/2025\/05\/Nur-4-der-Schweizer-Unternehmen-sind-fuer-den-Wandel-durch-KI-gut-geruestet_Organisator-621x350.jpg 621w\" sizes=\"auto, (max-width: 680px) 100vw, 680px\" \/><figcaption id=\"caption-attachment-38398\" class=\"wp-caption-text\">De plus en plus de personnes travaillent avec, mais selon une \u00e9tude, les entreprises ne sont pas encore vraiment pr\u00e9par\u00e9es aux changements induits par l'IA. (Image : Igor Omilaev \/ Unsplash.com)<\/figcaption><\/figure>\n<p>Le dernier rapport des Business Leaders \"Leading in the Age of AI : Expectations versus Reality\", publi\u00e9 par le groupe Adecco, se base sur une enqu\u00eate men\u00e9e aupr\u00e8s de 2'000 cadres sup\u00e9rieurs de niveau C dans 13 pays et 17 secteurs, dont 100 en Suisse. Les personnes interrog\u00e9es ont cit\u00e9 la transformation num\u00e9rique, l'IA g\u00e9n\u00e9rative et l'IA en g\u00e9n\u00e9ral comme \u00e9tant les principales m\u00e9gatendances technologiques d'ici 2030. Bien que les cadres reconnaissent l'ampleur du changement \u00e0 venir, des strat\u00e9gies claires pour soutenir le personnel font d\u00e9faut en de nombreux endroits. De nombreux collaborateurs sont livr\u00e9s \u00e0 eux-m\u00eames en ce qui concerne l'utilisation de l'IA.<\/p>\n<h3><strong>Enseignements de l'\u00e9tude : peu de directives, pas de plan et des \u00e9quipes de direction divis\u00e9es<\/strong><\/h3>\n<p>L'\u00e9tude montre que de nombreuses attentes envers les collaborateurs ne sont pas li\u00e9es \u00e0 des directives claires. Ainsi, 61% des cadres suisses attendent des collaborateurs qu'ils se forment de mani\u00e8re autonome \u00e0 l'utilisation de l'IA. Or, 36% des entreprises n'ont aucune directive sur l'utilisation de l'IA au travail. Le r\u00f4le de mod\u00e8le fait \u00e9galement d\u00e9faut : seul un tiers des cadres interrog\u00e9s dans le monde a d\u00e9velopp\u00e9 lui-m\u00eame des comp\u00e9tences en mati\u00e8re d'IA au cours des 12 derniers mois.<\/p>\n<p>Les \u00e9quipes dirigeantes elles-m\u00eames sont \u00e9galement en d\u00e9saccord, selon une autre conclusion de l'\u00e9tude. 38% des cadres suisses interrog\u00e9s indiquent que leurs \u00e9quipes de direction ont des difficult\u00e9s \u00e0 se mettre d'accord sur des strat\u00e9gies en temps r\u00e9el. Au niveau mondial, la confiance dans sa propre strat\u00e9gie en mati\u00e8re d'IA a chut\u00e9 de 11 points de pourcentage depuis 2024 pour atteindre 58%.<\/p>\n<p>Enfin, les bases de donn\u00e9es pour les strat\u00e9gies de ressources humaines feraient d\u00e9faut. En effet, seules 37% des entreprises suisses investiraient dans des analyses de donn\u00e9es afin d'identifier et de combler les lacunes en mati\u00e8re de comp\u00e9tences, alors que selon l'\u00e9tude, le manque de comp\u00e9tences technologiques et num\u00e9riques constituera en 2025 le principal obstacle \u00e0 la transformation num\u00e9rique.<\/p>\n<p>\"Alors que des investissements sont constamment r\u00e9alis\u00e9s dans de nouvelles applications d'IA, il manque souvent une strat\u00e9gie claire pour entra\u00eener les collaborateurs sur cette voie. Le changement technologique ne doit pas passer \u00e0 c\u00f4t\u00e9 des personnes. Une planification du personnel pr\u00e9voyante et bas\u00e9e sur les comp\u00e9tences ainsi qu'une formation continue cibl\u00e9e sont n\u00e9cessaires pour exploiter pleinement le potentiel de l'IA. La responsabilit\u00e9 ne doit toutefois pas reposer uniquement sur les collaborateurs. Les cadres doivent \u00e9galement montrer l'exemple et acqu\u00e9rir activement de nouvelles comp\u00e9tences en mati\u00e8re d'IA\", r\u00e9sume Marcel Keller, Country President d'Adecco Group Switzerland. Il ajoute : \"Mais nous voyons aussi qu'il existe d\u00e9j\u00e0 des organisations tourn\u00e9es vers l'avenir qui g\u00e8rent le changement avec succ\u00e8s, en mettant clairement l'accent sur les personnes, la technologie et le d\u00e9veloppement continu. Ces entreprises \u00e9tablissent aujourd'hui des normes pour le monde du travail de demain\".<\/p>\n<h3><strong>Les entreprises pr\u00eates pour l'avenir se concentrent sur l'adaptabilit\u00e9 et le d\u00e9veloppement <\/strong><\/h3>\n<p>L'\u00e9tude identifie un petit groupe d'entreprises pr\u00eates pour l'avenir qui r\u00e9agissent plus efficacement \u00e0 la nouvelle r\u00e9alit\u00e9 de l'IA. Ces organisations sont centr\u00e9es sur les personnes, orient\u00e9es vers la technologie et pr\u00e9par\u00e9es au changement en se focalisant sur quatre crit\u00e8res cl\u00e9s : une approche structur\u00e9e et mesurable de l'IA, la promotion de l'adaptabilit\u00e9 et de la mobilit\u00e9 de carri\u00e8re, le d\u00e9veloppement des comp\u00e9tences des collaborateurs et la pr\u00e9paration des cadres \u00e0 un avenir en rapide \u00e9volution. Ces entreprises capables de s'adapter sont r\u00e9parties sur toutes les tailles d'entreprises et se situent principalement dans les secteurs de l'a\u00e9rospatiale et de la d\u00e9fense ainsi que de la technologie. Alors qu'en moyenne mondiale, 10% des entreprises se qualifient comme \u00e9tant pr\u00eates pour l'avenir, elles ne sont que 4% en Suisse.<\/p>\n<p><em>Source : <a href=\"https:\/\/www.adeccogroup.com\">Groupe Adecco<\/a><\/em><\/p>","protected":false},"excerpt":{"rendered":"<p>Une nouvelle \u00e9tude mondiale du groupe Adecco le montre : La majorit\u00e9 des entreprises ne disposent pas encore d'une strat\u00e9gie de ressources humaines d\u00e9di\u00e9e pour faire face avec succ\u00e8s aux changements rapides li\u00e9s \u00e0 l'intelligence artificielle. Il y aurait de plus en plus d'\u00e9cart entre les ambitions des dirigeants en mati\u00e8re d'IA et la pr\u00e9paration de la strat\u00e9gie des ressources humaines.<\/p>","protected":false},"author":4,"featured_media":38398,"comment_status":"closed","ping_status":"closed","sticky":false,"template":"","format":"standard","meta":{"_acf_changed":false,"_yoast_wpseo_focuskw":"Wandel durch KI","_yoast_wpseo_metadesc":"Viele Unternehmen verf\u00fcgen bislang \u00fcber keine dezidierte Personalstrategie, um den rasanten Wandel durch KI erfolgreich zu bew\u00e4ltigen.","articlekey":"","footnotes":""},"categories":[579],"tags":[254,319,4909,459],"class_list":["post-38397","post","type-post","status-publish","format-standard","has-post-thumbnail","hentry","category-human-resources","tag-hrm","tag-kuenstliche-intelligenz","tag-personalstrategie","tag-studie"],"acf":[],"yoast_head":"<!-- This site is optimized with the Yoast SEO plugin v27.5 - https:\/\/yoast.com\/product\/yoast-seo-wordpress\/ -->\n<title>Nur 4% der Schweizer Unternehmen sind f\u00fcr den Wandel durch KI gut ger\u00fcstet - Organisator<\/title>\n<meta name=\"description\" content=\"Viele Unternehmen verf\u00fcgen bislang \u00fcber keine dezidierte Personalstrategie, um den rasanten Wandel durch KI erfolgreich zu bew\u00e4ltigen.\" \/>\n<meta name=\"robots\" content=\"index, follow, max-snippet:-1, max-image-preview:large, max-video-preview:-1\" \/>\n<link rel=\"canonical\" href=\"https:\/\/www.organisator.ch\/fr\/ressources-humaines\/2025-05-15\/nur-4-der-schweizer-unternehmen-sind-fuer-den-wandel-durch-ki-gut-geruestet\/\" \/>\n<meta property=\"og:locale\" content=\"fr_FR\" \/>\n<meta property=\"og:type\" content=\"article\" \/>\n<meta property=\"og:title\" content=\"Nur 4% der Schweizer Unternehmen sind f\u00fcr den Wandel durch KI gut ger\u00fcstet\" \/>\n<meta property=\"og:description\" content=\"Viele Unternehmen verf\u00fcgen bislang \u00fcber keine dezidierte Personalstrategie, um den rasanten Wandel durch KI erfolgreich zu bew\u00e4ltigen.\" \/>\n<meta property=\"og:url\" content=\"https:\/\/www.organisator.ch\/fr\/ressources-humaines\/2025-05-15\/nur-4-der-schweizer-unternehmen-sind-fuer-den-wandel-durch-ki-gut-geruestet\/\" \/>\n<meta property=\"og:site_name\" content=\"Organisator\" \/>\n<meta property=\"article:publisher\" content=\"https:\/\/www.facebook.com\/OrganisatorFachmagazin\" \/>\n<meta property=\"article:published_time\" content=\"2025-05-15T05:40:17+00:00\" \/>\n<meta property=\"og:image\" content=\"https:\/\/www.organisator.ch\/wp-content\/uploads\/2025\/05\/Nur-4-der-Schweizer-Unternehmen-sind-fuer-den-Wandel-durch-KI-gut-geruestet_Organisator.jpg\" \/>\n\t<meta property=\"og:image:width\" content=\"680\" \/>\n\t<meta property=\"og:image:height\" content=\"383\" \/>\n\t<meta property=\"og:image:type\" content=\"image\/jpeg\" \/>\n<meta name=\"author\" content=\"thomas.berner\" \/>\n<meta name=\"twitter:card\" content=\"summary_large_image\" \/>\n<meta name=\"twitter:title\" content=\"Nur 4% der Schweizer Unternehmen sind f\u00fcr den Wandel durch #KI gut ger\u00fcstet\" \/>\n<meta name=\"twitter:description\" content=\"Viele Unternehmen verf\u00fcgen bislang \u00fcber keine dezidierte #Personalstrategie, um den rasanten Wandel durch KI erfolgreich zu bew\u00e4ltigen.\" \/>\n<meta name=\"twitter:image\" content=\"https:\/\/www.organisator.ch\/wp-content\/uploads\/2025\/05\/Nur-4-der-Schweizer-Unternehmen-sind-fuer-den-Wandel-durch-KI-gut-geruestet_Organisator.jpg\" \/>\n<script type=\"application\/ld+json\" class=\"yoast-schema-graph\">{\"@context\":\"https:\\\/\\\/schema.org\",\"@graph\":[{\"@type\":\"Article\",\"@id\":\"https:\\\/\\\/www.organisator.ch\\\/human-resources\\\/2025-05-15\\\/nur-4-der-schweizer-unternehmen-sind-fuer-den-wandel-durch-ki-gut-geruestet\\\/#article\",\"isPartOf\":{\"@id\":\"https:\\\/\\\/www.organisator.ch\\\/human-resources\\\/2025-05-15\\\/nur-4-der-schweizer-unternehmen-sind-fuer-den-wandel-durch-ki-gut-geruestet\\\/\"},\"author\":{\"name\":\"thomas.berner\",\"@id\":\"https:\\\/\\\/www.organisator.ch\\\/#\\\/schema\\\/person\\\/6f650f90b2842cd4c0cc334b4e36f67e\"},\"headline\":\"Nur 4% der Schweizer Unternehmen sind f\u00fcr den Wandel durch KI gut ger\u00fcstet\",\"datePublished\":\"2025-05-15T05:40:17+00:00\",\"mainEntityOfPage\":{\"@id\":\"https:\\\/\\\/www.organisator.ch\\\/human-resources\\\/2025-05-15\\\/nur-4-der-schweizer-unternehmen-sind-fuer-den-wandel-durch-ki-gut-geruestet\\\/\"},\"wordCount\":550,\"publisher\":{\"@id\":\"https:\\\/\\\/www.organisator.ch\\\/#organization\"},\"image\":{\"@id\":\"https:\\\/\\\/www.organisator.ch\\\/human-resources\\\/2025-05-15\\\/nur-4-der-schweizer-unternehmen-sind-fuer-den-wandel-durch-ki-gut-geruestet\\\/#primaryimage\"},\"thumbnailUrl\":\"https:\\\/\\\/www.organisator.ch\\\/wp-content\\\/uploads\\\/2025\\\/05\\\/Nur-4-der-Schweizer-Unternehmen-sind-fuer-den-Wandel-durch-KI-gut-geruestet_Organisator.jpg\",\"keywords\":[\"HRM\",\"K\u00fcnstliche Intelligenz\",\"Personalstrategie\",\"Studie\"],\"articleSection\":[\"HUMAN RESOURCES\"],\"inLanguage\":\"fr-FR\"},{\"@type\":\"WebPage\",\"@id\":\"https:\\\/\\\/www.organisator.ch\\\/human-resources\\\/2025-05-15\\\/nur-4-der-schweizer-unternehmen-sind-fuer-den-wandel-durch-ki-gut-geruestet\\\/\",\"url\":\"https:\\\/\\\/www.organisator.ch\\\/human-resources\\\/2025-05-15\\\/nur-4-der-schweizer-unternehmen-sind-fuer-den-wandel-durch-ki-gut-geruestet\\\/\",\"name\":\"Nur 4% der Schweizer Unternehmen sind f\u00fcr den Wandel durch KI gut ger\u00fcstet - Organisator\",\"isPartOf\":{\"@id\":\"https:\\\/\\\/www.organisator.ch\\\/#website\"},\"primaryImageOfPage\":{\"@id\":\"https:\\\/\\\/www.organisator.ch\\\/human-resources\\\/2025-05-15\\\/nur-4-der-schweizer-unternehmen-sind-fuer-den-wandel-durch-ki-gut-geruestet\\\/#primaryimage\"},\"image\":{\"@id\":\"https:\\\/\\\/www.organisator.ch\\\/human-resources\\\/2025-05-15\\\/nur-4-der-schweizer-unternehmen-sind-fuer-den-wandel-durch-ki-gut-geruestet\\\/#primaryimage\"},\"thumbnailUrl\":\"https:\\\/\\\/www.organisator.ch\\\/wp-content\\\/uploads\\\/2025\\\/05\\\/Nur-4-der-Schweizer-Unternehmen-sind-fuer-den-Wandel-durch-KI-gut-geruestet_Organisator.jpg\",\"datePublished\":\"2025-05-15T05:40:17+00:00\",\"description\":\"Viele Unternehmen verf\u00fcgen bislang \u00fcber keine dezidierte Personalstrategie, um den rasanten Wandel durch KI erfolgreich zu bew\u00e4ltigen.\",\"breadcrumb\":{\"@id\":\"https:\\\/\\\/www.organisator.ch\\\/human-resources\\\/2025-05-15\\\/nur-4-der-schweizer-unternehmen-sind-fuer-den-wandel-durch-ki-gut-geruestet\\\/#breadcrumb\"},\"inLanguage\":\"fr-FR\",\"potentialAction\":[{\"@type\":\"ReadAction\",\"target\":[\"https:\\\/\\\/www.organisator.ch\\\/human-resources\\\/2025-05-15\\\/nur-4-der-schweizer-unternehmen-sind-fuer-den-wandel-durch-ki-gut-geruestet\\\/\"]}]},{\"@type\":\"ImageObject\",\"inLanguage\":\"fr-FR\",\"@id\":\"https:\\\/\\\/www.organisator.ch\\\/human-resources\\\/2025-05-15\\\/nur-4-der-schweizer-unternehmen-sind-fuer-den-wandel-durch-ki-gut-geruestet\\\/#primaryimage\",\"url\":\"https:\\\/\\\/www.organisator.ch\\\/wp-content\\\/uploads\\\/2025\\\/05\\\/Nur-4-der-Schweizer-Unternehmen-sind-fuer-den-Wandel-durch-KI-gut-geruestet_Organisator.jpg\",\"contentUrl\":\"https:\\\/\\\/www.organisator.ch\\\/wp-content\\\/uploads\\\/2025\\\/05\\\/Nur-4-der-Schweizer-Unternehmen-sind-fuer-den-Wandel-durch-KI-gut-geruestet_Organisator.jpg\",\"width\":680,\"height\":383,\"caption\":\"Immer mehr Menschen arbeiten mit KI, doch richtig darauf vorbereitet sind Unternehmen gem\u00e4ss einer Studie noch nicht. (Bild: Igor Omilaev \\\/ Unsplash.com)\"},{\"@type\":\"BreadcrumbList\",\"@id\":\"https:\\\/\\\/www.organisator.ch\\\/human-resources\\\/2025-05-15\\\/nur-4-der-schweizer-unternehmen-sind-fuer-den-wandel-durch-ki-gut-geruestet\\\/#breadcrumb\",\"itemListElement\":[{\"@type\":\"ListItem\",\"position\":1,\"name\":\"Home\",\"item\":\"https:\\\/\\\/www.organisator.ch\\\/\"},{\"@type\":\"ListItem\",\"position\":2,\"name\":\"Nur 4% der Schweizer Unternehmen sind f\u00fcr den Wandel durch KI gut ger\u00fcstet\"}]},{\"@type\":\"WebSite\",\"@id\":\"https:\\\/\\\/www.organisator.ch\\\/#website\",\"url\":\"https:\\\/\\\/www.organisator.ch\\\/\",\"name\":\"Organisator\",\"description\":\"Kompetent. Praxisnah. Der ORGANISATOR bereitet in 10 Ausgaben pro Jahr die wesentlichen Themen f\u00fcr F\u00fchrungskr\u00e4fte von KMU auf.\",\"publisher\":{\"@id\":\"https:\\\/\\\/www.organisator.ch\\\/#organization\"},\"potentialAction\":[{\"@type\":\"SearchAction\",\"target\":{\"@type\":\"EntryPoint\",\"urlTemplate\":\"https:\\\/\\\/www.organisator.ch\\\/?s={search_term_string}\"},\"query-input\":{\"@type\":\"PropertyValueSpecification\",\"valueRequired\":true,\"valueName\":\"search_term_string\"}}],\"inLanguage\":\"fr-FR\"},{\"@type\":\"Organization\",\"@id\":\"https:\\\/\\\/www.organisator.ch\\\/#organization\",\"name\":\"Organisator\",\"url\":\"https:\\\/\\\/www.organisator.ch\\\/\",\"logo\":{\"@type\":\"ImageObject\",\"inLanguage\":\"fr-FR\",\"@id\":\"https:\\\/\\\/www.organisator.ch\\\/#\\\/schema\\\/logo\\\/image\\\/\",\"url\":\"https:\\\/\\\/www.organisator.ch\\\/wp-content\\\/uploads\\\/2022\\\/01\\\/Logo_Organisator_Website.png\",\"contentUrl\":\"https:\\\/\\\/www.organisator.ch\\\/wp-content\\\/uploads\\\/2022\\\/01\\\/Logo_Organisator_Website.png\",\"width\":800,\"height\":77,\"caption\":\"Organisator\"},\"image\":{\"@id\":\"https:\\\/\\\/www.organisator.ch\\\/#\\\/schema\\\/logo\\\/image\\\/\"},\"sameAs\":[\"https:\\\/\\\/www.facebook.com\\\/OrganisatorFachmagazin\",\"https:\\\/\\\/www.linkedin.com\\\/showcase\\\/organisator-das-magazin-fr-kmu\",\"https:\\\/\\\/www.xing.com\\\/news\\\/pages\\\/organisator-ch-695\",\"https:\\\/\\\/www.youtube.com\\\/channel\\\/UCGP2Sq0iWaZwT3BdIAQFYpw\"]},{\"@type\":\"Person\",\"@id\":\"https:\\\/\\\/www.organisator.ch\\\/#\\\/schema\\\/person\\\/6f650f90b2842cd4c0cc334b4e36f67e\",\"name\":\"thomas.berner\",\"image\":{\"@type\":\"ImageObject\",\"inLanguage\":\"fr-FR\",\"@id\":\"https:\\\/\\\/secure.gravatar.com\\\/avatar\\\/ac5001d2a36cb6c6cd3e50789007ffca834b477b74a2144564522e944eabff61?s=96&d=mm&r=g\",\"url\":\"https:\\\/\\\/secure.gravatar.com\\\/avatar\\\/ac5001d2a36cb6c6cd3e50789007ffca834b477b74a2144564522e944eabff61?s=96&d=mm&r=g\",\"contentUrl\":\"https:\\\/\\\/secure.gravatar.com\\\/avatar\\\/ac5001d2a36cb6c6cd3e50789007ffca834b477b74a2144564522e944eabff61?s=96&d=mm&r=g\",\"caption\":\"thomas.berner\"},\"url\":\"https:\\\/\\\/www.organisator.ch\\\/fr\\\/author\\\/thomas-berner\\\/\"}]}<\/script>\n<!-- \/ Yoast SEO plugin. -->","yoast_head_json":{"title":"Seules 4% des entreprises suisses sont bien \u00e9quip\u00e9es pour faire face aux changements induits par l'IA - Organisateur","description":"De nombreuses entreprises ne disposent pas encore d'une strat\u00e9gie de ressources humaines d\u00e9di\u00e9e pour faire face avec succ\u00e8s \u00e0 l'\u00e9volution rapide de l'IA.","robots":{"index":"index","follow":"follow","max-snippet":"max-snippet:-1","max-image-preview":"max-image-preview:large","max-video-preview":"max-video-preview:-1"},"canonical":"https:\/\/www.organisator.ch\/fr\/ressources-humaines\/2025-05-15\/nur-4-der-schweizer-unternehmen-sind-fuer-den-wandel-durch-ki-gut-geruestet\/","og_locale":"fr_FR","og_type":"article","og_title":"Nur 4% der Schweizer Unternehmen sind f\u00fcr den Wandel durch KI gut ger\u00fcstet","og_description":"Viele Unternehmen verf\u00fcgen bislang \u00fcber keine dezidierte Personalstrategie, um den rasanten Wandel durch KI erfolgreich zu bew\u00e4ltigen.","og_url":"https:\/\/www.organisator.ch\/fr\/ressources-humaines\/2025-05-15\/nur-4-der-schweizer-unternehmen-sind-fuer-den-wandel-durch-ki-gut-geruestet\/","og_site_name":"Organisator","article_publisher":"https:\/\/www.facebook.com\/OrganisatorFachmagazin","article_published_time":"2025-05-15T05:40:17+00:00","og_image":[{"width":680,"height":383,"url":"https:\/\/www.organisator.ch\/wp-content\/uploads\/2025\/05\/Nur-4-der-Schweizer-Unternehmen-sind-fuer-den-Wandel-durch-KI-gut-geruestet_Organisator.jpg","type":"image\/jpeg"}],"author":"thomas.berner","twitter_card":"summary_large_image","twitter_title":"Nur 4% der Schweizer Unternehmen sind f\u00fcr den Wandel durch #KI gut ger\u00fcstet","twitter_description":"Viele Unternehmen verf\u00fcgen bislang \u00fcber keine dezidierte #Personalstrategie, um den rasanten Wandel durch KI erfolgreich zu bew\u00e4ltigen.","twitter_image":"https:\/\/www.organisator.ch\/wp-content\/uploads\/2025\/05\/Nur-4-der-Schweizer-Unternehmen-sind-fuer-den-Wandel-durch-KI-gut-geruestet_Organisator.jpg","schema":{"@context":"https:\/\/schema.org","@graph":[{"@type":"Article","@id":"https:\/\/www.organisator.ch\/human-resources\/2025-05-15\/nur-4-der-schweizer-unternehmen-sind-fuer-den-wandel-durch-ki-gut-geruestet\/#article","isPartOf":{"@id":"https:\/\/www.organisator.ch\/human-resources\/2025-05-15\/nur-4-der-schweizer-unternehmen-sind-fuer-den-wandel-durch-ki-gut-geruestet\/"},"author":{"name":"thomas.berner","@id":"https:\/\/www.organisator.ch\/#\/schema\/person\/6f650f90b2842cd4c0cc334b4e36f67e"},"headline":"Nur 4% der Schweizer Unternehmen sind f\u00fcr den Wandel durch KI gut ger\u00fcstet","datePublished":"2025-05-15T05:40:17+00:00","mainEntityOfPage":{"@id":"https:\/\/www.organisator.ch\/human-resources\/2025-05-15\/nur-4-der-schweizer-unternehmen-sind-fuer-den-wandel-durch-ki-gut-geruestet\/"},"wordCount":550,"publisher":{"@id":"https:\/\/www.organisator.ch\/#organization"},"image":{"@id":"https:\/\/www.organisator.ch\/human-resources\/2025-05-15\/nur-4-der-schweizer-unternehmen-sind-fuer-den-wandel-durch-ki-gut-geruestet\/#primaryimage"},"thumbnailUrl":"https:\/\/www.organisator.ch\/wp-content\/uploads\/2025\/05\/Nur-4-der-Schweizer-Unternehmen-sind-fuer-den-Wandel-durch-KI-gut-geruestet_Organisator.jpg","keywords":["HRM","K\u00fcnstliche Intelligenz","Personalstrategie","Studie"],"articleSection":["HUMAN RESOURCES"],"inLanguage":"fr-FR"},{"@type":"WebPage","@id":"https:\/\/www.organisator.ch\/human-resources\/2025-05-15\/nur-4-der-schweizer-unternehmen-sind-fuer-den-wandel-durch-ki-gut-geruestet\/","url":"https:\/\/www.organisator.ch\/human-resources\/2025-05-15\/nur-4-der-schweizer-unternehmen-sind-fuer-den-wandel-durch-ki-gut-geruestet\/","name":"Seules 4% des entreprises suisses sont bien \u00e9quip\u00e9es pour faire face aux changements induits par l'IA - Organisateur","isPartOf":{"@id":"https:\/\/www.organisator.ch\/#website"},"primaryImageOfPage":{"@id":"https:\/\/www.organisator.ch\/human-resources\/2025-05-15\/nur-4-der-schweizer-unternehmen-sind-fuer-den-wandel-durch-ki-gut-geruestet\/#primaryimage"},"image":{"@id":"https:\/\/www.organisator.ch\/human-resources\/2025-05-15\/nur-4-der-schweizer-unternehmen-sind-fuer-den-wandel-durch-ki-gut-geruestet\/#primaryimage"},"thumbnailUrl":"https:\/\/www.organisator.ch\/wp-content\/uploads\/2025\/05\/Nur-4-der-Schweizer-Unternehmen-sind-fuer-den-Wandel-durch-KI-gut-geruestet_Organisator.jpg","datePublished":"2025-05-15T05:40:17+00:00","description":"De nombreuses entreprises ne disposent pas encore d'une strat\u00e9gie de ressources humaines d\u00e9di\u00e9e pour faire face avec succ\u00e8s \u00e0 l'\u00e9volution rapide de l'IA.","breadcrumb":{"@id":"https:\/\/www.organisator.ch\/human-resources\/2025-05-15\/nur-4-der-schweizer-unternehmen-sind-fuer-den-wandel-durch-ki-gut-geruestet\/#breadcrumb"},"inLanguage":"fr-FR","potentialAction":[{"@type":"ReadAction","target":["https:\/\/www.organisator.ch\/human-resources\/2025-05-15\/nur-4-der-schweizer-unternehmen-sind-fuer-den-wandel-durch-ki-gut-geruestet\/"]}]},{"@type":"ImageObject","inLanguage":"fr-FR","@id":"https:\/\/www.organisator.ch\/human-resources\/2025-05-15\/nur-4-der-schweizer-unternehmen-sind-fuer-den-wandel-durch-ki-gut-geruestet\/#primaryimage","url":"https:\/\/www.organisator.ch\/wp-content\/uploads\/2025\/05\/Nur-4-der-Schweizer-Unternehmen-sind-fuer-den-Wandel-durch-KI-gut-geruestet_Organisator.jpg","contentUrl":"https:\/\/www.organisator.ch\/wp-content\/uploads\/2025\/05\/Nur-4-der-Schweizer-Unternehmen-sind-fuer-den-Wandel-durch-KI-gut-geruestet_Organisator.jpg","width":680,"height":383,"caption":"Immer mehr Menschen arbeiten mit KI, doch richtig darauf vorbereitet sind Unternehmen gem\u00e4ss einer Studie noch nicht. (Bild: Igor Omilaev \/ Unsplash.com)"},{"@type":"BreadcrumbList","@id":"https:\/\/www.organisator.ch\/human-resources\/2025-05-15\/nur-4-der-schweizer-unternehmen-sind-fuer-den-wandel-durch-ki-gut-geruestet\/#breadcrumb","itemListElement":[{"@type":"ListItem","position":1,"name":"Home","item":"https:\/\/www.organisator.ch\/"},{"@type":"ListItem","position":2,"name":"Nur 4% der Schweizer Unternehmen sind f\u00fcr den Wandel durch KI gut ger\u00fcstet"}]},{"@type":"WebSite","@id":"https:\/\/www.organisator.ch\/#website","url":"https:\/\/www.organisator.ch\/","name":"Organisateur","description":"Comp\u00e9tence et comp\u00e9tence. Proches de la pratique. L'ORGANISATEUR pr\u00e9pare 10 num\u00e9ros par an sur les th\u00e8mes essentiels pour les dirigeants de PME.","publisher":{"@id":"https:\/\/www.organisator.ch\/#organization"},"potentialAction":[{"@type":"SearchAction","target":{"@type":"EntryPoint","urlTemplate":"https:\/\/www.organisator.ch\/?s={search_term_string}"},"query-input":{"@type":"PropertyValueSpecification","valueRequired":true,"valueName":"search_term_string"}}],"inLanguage":"fr-FR"},{"@type":"Organization","@id":"https:\/\/www.organisator.ch\/#organization","name":"Organisateur","url":"https:\/\/www.organisator.ch\/","logo":{"@type":"ImageObject","inLanguage":"fr-FR","@id":"https:\/\/www.organisator.ch\/#\/schema\/logo\/image\/","url":"https:\/\/www.organisator.ch\/wp-content\/uploads\/2022\/01\/Logo_Organisator_Website.png","contentUrl":"https:\/\/www.organisator.ch\/wp-content\/uploads\/2022\/01\/Logo_Organisator_Website.png","width":800,"height":77,"caption":"Organisator"},"image":{"@id":"https:\/\/www.organisator.ch\/#\/schema\/logo\/image\/"},"sameAs":["https:\/\/www.facebook.com\/OrganisatorFachmagazin","https:\/\/www.linkedin.com\/showcase\/organisator-das-magazin-fr-kmu","https:\/\/www.xing.com\/news\/pages\/organisator-ch-695","https:\/\/www.youtube.com\/channel\/UCGP2Sq0iWaZwT3BdIAQFYpw"]},{"@type":"Person","@id":"https:\/\/www.organisator.ch\/#\/schema\/person\/6f650f90b2842cd4c0cc334b4e36f67e","name":"thomas.berner","image":{"@type":"ImageObject","inLanguage":"fr-FR","@id":"https:\/\/secure.gravatar.com\/avatar\/ac5001d2a36cb6c6cd3e50789007ffca834b477b74a2144564522e944eabff61?s=96&d=mm&r=g","url":"https:\/\/secure.gravatar.com\/avatar\/ac5001d2a36cb6c6cd3e50789007ffca834b477b74a2144564522e944eabff61?s=96&d=mm&r=g","contentUrl":"https:\/\/secure.gravatar.com\/avatar\/ac5001d2a36cb6c6cd3e50789007ffca834b477b74a2144564522e944eabff61?s=96&d=mm&r=g","caption":"thomas.berner"},"url":"https:\/\/www.organisator.ch\/fr\/author\/thomas-berner\/"}]}},"_links":{"self":[{"href":"https:\/\/www.organisator.ch\/fr\/wp-json\/wp\/v2\/posts\/38397","targetHints":{"allow":["GET"]}}],"collection":[{"href":"https:\/\/www.organisator.ch\/fr\/wp-json\/wp\/v2\/posts"}],"about":[{"href":"https:\/\/www.organisator.ch\/fr\/wp-json\/wp\/v2\/types\/post"}],"author":[{"embeddable":true,"href":"https:\/\/www.organisator.ch\/fr\/wp-json\/wp\/v2\/users\/4"}],"replies":[{"embeddable":true,"href":"https:\/\/www.organisator.ch\/fr\/wp-json\/wp\/v2\/comments?post=38397"}],"version-history":[{"count":3,"href":"https:\/\/www.organisator.ch\/fr\/wp-json\/wp\/v2\/posts\/38397\/revisions"}],"predecessor-version":[{"id":38421,"href":"https:\/\/www.organisator.ch\/fr\/wp-json\/wp\/v2\/posts\/38397\/revisions\/38421"}],"wp:featuredmedia":[{"embeddable":true,"href":"https:\/\/www.organisator.ch\/fr\/wp-json\/wp\/v2\/media\/38398"}],"wp:attachment":[{"href":"https:\/\/www.organisator.ch\/fr\/wp-json\/wp\/v2\/media?parent=38397"}],"wp:term":[{"taxonomy":"category","embeddable":true,"href":"https:\/\/www.organisator.ch\/fr\/wp-json\/wp\/v2\/categories?post=38397"},{"taxonomy":"post_tag","embeddable":true,"href":"https:\/\/www.organisator.ch\/fr\/wp-json\/wp\/v2\/tags?post=38397"}],"curies":[{"name":"wp","href":"https:\/\/api.w.org\/{rel}","templated":true}]}}