{"id":38403,"date":"2025-05-16T03:21:38","date_gmt":"2025-05-16T01:21:38","guid":{"rendered":"https:\/\/www.m-q.ch\/?p=21479"},"modified":"2025-05-15T16:24:19","modified_gmt":"2025-05-15T14:24:19","slug":"siemens-gesellschaften-wachsen-in-der-schweiz-deutlich","status":"publish","type":"post","link":"https:\/\/www.organisator.ch\/fr\/operational-excellence\/2025-05-16\/siemens-gesellschaften-wachsen-in-der-schweiz-deutlich\/","title":{"rendered":"Les soci\u00e9t\u00e9s Siemens affichent une nette croissance en Suisse"},"content":{"rendered":"<figure id=\"attachment_21480\" class=\"wp-caption alignnone\" style=\"width: 680px;\" aria-describedby=\"caption-attachment-21480\"><img class=\"size-full wp-image-21480\" src=\"https:\/\/www.m-q.ch\/wp-content\/uploads\/2025\/05\/Siemens-waechst-in-der-Schweiz-deutlich_MQ.jpg\" sizes=\"(max-width: 680px) 100vw, 680px\" srcset=\"https:\/\/www.m-q.ch\/wp-content\/uploads\/2025\/05\/Siemens-waechst-in-der-Schweiz-deutlich_MQ.jpg 680w, https:\/\/www.m-q.ch\/wp-content\/uploads\/2025\/05\/Siemens-waechst-in-der-Schweiz-deutlich_MQ-18x12.jpg 18w, https:\/\/www.m-q.ch\/wp-content\/uploads\/2025\/05\/Siemens-waechst-in-der-Schweiz-deutlich_MQ-375x250.jpg 375w, https:\/\/www.m-q.ch\/wp-content\/uploads\/2025\/05\/Siemens-waechst-in-der-Schweiz-deutlich_MQ-525x350.jpg 525w\" alt=\"\" width=\"680\" height=\"453\" \/>\r\n<figcaption id=\"caption-attachment-21480\" class=\"wp-caption-text\">Peut annoncer de tr\u00e8s bons chiffres trimestriels : Gerd Scheller, directeur suisse de Siemens. (Image : zVg \/ Siemens)<\/figcaption>\r\n<\/figure>\r\n<p>Les soci\u00e9t\u00e9s suisses de Siemens enregistrent une nette croissance. C'est ce que montrent les derniers chiffres trimestriels. Cette croissance est principalement due \u00e0 la num\u00e9risation, comme le pr\u00e9cise le communiqu\u00e9. \"Nous constatons une forte augmentation de l'activit\u00e9 logicielle dans tous les secteurs. Avec nos solutions num\u00e9riques, nous acc\u00e9l\u00e9rons la transformation num\u00e9rique de la Suisse dans les domaines du b\u00e2timent, de l'industrie, de la mobilit\u00e9 et de la sant\u00e9\", explique Gerd Scheller, Country CEO de Siemens Suisse. \"L'activit\u00e9 Mobility, en particulier, enregistre une \u00e9volution positive de son chiffre d'affaires. Les locomotives Vectron, en particulier, continuent de jouir d'une grande popularit\u00e9 en Suisse\".<\/p>\r\n<h3>Divers grands projets mis en \u0153uvre<\/h3>\r\n<p>Au cours de l'exercice en cours, Siemens a pu mettre en \u0153uvre en Suisse un grand nombre de projets clients porteurs d'avenir, comme le communique l'entreprise. Ainsi, l'h\u00f4pital cantonal de Baden (KSB) a ouvert ses portes fin f\u00e9vrier. Le KSB mise sur une coop\u00e9ration avec Siemens. Gr\u00e2ce \u00e0 des solutions telles qu'une plateforme IoT ouverte issue du portefeuille Xcelerator de Siemens, un syst\u00e8me de navigation bas\u00e9 sur des applications et une technique de b\u00e2timent Siemens ultramoderne, le KSB est devenu l'un des h\u00f4pitaux les plus modernes de Suisse et de toute l'Europe, explique-t-on. En outre, Siemens a mis en service en janvier 2025 \u00e0 Davos la toute nouvelle installation moyenne tension blue GIS. L'installation de commutation est enti\u00e8rement exempte d'hexafluorure de soufre (SF6) nuisible au climat et garantit un approvisionnement en \u00e9lectricit\u00e9 s\u00fbr, propre et fiable pour quelque 40 000 personnes.<\/p>\r\n<h3>Une croissance sup\u00e9rieure \u00e0 la moyenne pour les infrastructures intelligentes<\/h3>\r\n<p>L'unit\u00e9 commerciale globale Siemens Smart Infrastructure, bas\u00e9e \u00e0 Zoug et employant environ 78 500 personnes dans le monde, affiche \u00e9galement des chiffres cl\u00e9s positifs. Au premier semestre de l'exercice en cours, le chiffre d'affaires a augment\u00e9 de 11 % pour atteindre 11,030 milliards d'euros et la marge b\u00e9n\u00e9ficiaire a grimp\u00e9 de 17,4 % \u00e0 20,6 %. \"Nous avons maintenant pu augmenter notre rentabilit\u00e9 au niveau mondial pendant 18 trimestres cons\u00e9cutifs. En Suisse aussi, nous avons connu une croissance sup\u00e9rieure \u00e0 la moyenne et remport\u00e9 plusieurs gros contrats de centres de donn\u00e9es ainsi que des clients des secteurs de l'\u00e9nergie et de l'industrie\", explique Matthias Rebellius, CEO mondial de Siemens Smart Infrastructure et membre du directoire de Siemens AG. \"Nous avons re\u00e7u de nombreux retours positifs sur Siemens Xcelerator lors de notre \u00e9v\u00e9nement clients Transform 2025 en mars \u00e0 Zurich. Cette plateforme num\u00e9rique ouverte aide les entreprises suisses \u00e0 optimiser leur efficacit\u00e9 op\u00e9rationnelle et leur qualit\u00e9 globale et \u00e0 relever avec succ\u00e8s des d\u00e9fis tels que la durabilit\u00e9, la cybers\u00e9curit\u00e9 et l'augmentation de la comp\u00e9titivit\u00e9\".<\/p>\r\n<h3>Leader dans de nombreux domaines<\/h3>\r\n<p>En Suisse, les soci\u00e9t\u00e9s Siemens occupent une position forte sur le march\u00e9 de la technique du b\u00e2timent et de la distribution d'\u00e9nergie (Smart Infrastructure) ainsi que sur le march\u00e9 de la technique industrielle et des entra\u00eenements (Digital Industries et Siemens Industry Software). L'entreprise d\u00e9tient \u00e9galement une position de leader dans la technique ferroviaire (Siemens Mobility). Siemens est en outre le propri\u00e9taire majoritaire de Siemens Healthineers, un fournisseur leader dans le domaine de la technique m\u00e9dicale avec une forte pr\u00e9sence en Suisse. Siemens Energy est une entreprise g\u00e9r\u00e9e s\u00e9par\u00e9ment dans le domaine du transport et de la production d'\u00e9nergie, qui est \u00e9galement active en Suisse. Siemens d\u00e9tient une participation minoritaire dans Siemens Energy.<\/p>\r\n<p><em>Source : Siemens<\/em><\/p>\n<p class=\"syndicated-attribution\">Cet article est paru initialement sur m-q.ch - <a href=\"https:\/\/www.m-q.ch\/de\/siemens-gesellschaften-wachsen-in-der-schweiz-deutlich\/\" target=\"_blank\">https:\/\/www.m-q.ch\/de\/siemens-gesellschaften-wachsen-in-der-schweiz-deutlich\/<\/a><\/p>","protected":false},"excerpt":{"rendered":"<p>Au cours des six premiers mois de l'exercice en cours 2025 (du 01.10.2024 au 31.03.2025), le chiffre d'affaires des soci\u00e9t\u00e9s Siemens en Suisse a augment\u00e9 de mani\u00e8re significative de 8 % pour atteindre 1,499 milliard de francs. L'unit\u00e9 commerciale globale Siemens Smart Infrastructure, dont le si\u00e8ge est \u00e0 Zoug, poursuit \u00e9galement sur la voie du succ\u00e8s et a enregistr\u00e9 un chiffre d'affaires de 11,030 milliards d'euros au premier semestre.<\/p>","protected":false},"author":8,"featured_media":0,"comment_status":"closed","ping_status":"closed","sticky":false,"template":"","format":"standard","meta":{"_acf_changed":false,"_yoast_wpseo_focuskw":"Siemens-Gesellschaften","_yoast_wpseo_metadesc":"In den ersten Monaten des Gesch\u00e4ftsjahrs 2025 hat sich der Umsatz der Siemens-Gesellschaften in der Schweiz markant erh\u00f6ht.","articlekey":"","footnotes":""},"categories":[582],"tags":[586,5345,2938,492],"class_list":["post-38403","post","type-post","status-publish","format-standard","hentry","category-operational-excellence","tag-allgemein","tag-quartalszahlen","tag-siemens","tag-unternehmen"],"acf":[],"yoast_head":"<!-- This site is optimized with the Yoast SEO plugin v27.5 - https:\/\/yoast.com\/product\/yoast-seo-wordpress\/ -->\n<title>Siemens-Gesellschaften wachsen in der Schweiz deutlich - Organisator<\/title>\n<meta name=\"description\" content=\"In den ersten Monaten des Gesch\u00e4ftsjahrs 2025 hat sich der Umsatz der Siemens-Gesellschaften in der Schweiz markant erh\u00f6ht.\" \/>\n<meta name=\"robots\" content=\"index, follow, max-snippet:-1, max-image-preview:large, max-video-preview:-1\" \/>\n<link rel=\"canonical\" href=\"https:\/\/www.organisator.ch\/fr\/excellence-operationnelle\/2025-05-16\/siemens-gesellschaften-wachsen-in-der-schweiz-deutlich\/\" \/>\n<meta property=\"og:locale\" content=\"fr_FR\" \/>\n<meta property=\"og:type\" content=\"article\" \/>\n<meta property=\"og:title\" content=\"Siemens-Gesellschaften wachsen in der Schweiz deutlich - Organisator\" \/>\n<meta property=\"og:description\" content=\"In den ersten Monaten des Gesch\u00e4ftsjahrs 2025 hat sich der Umsatz der Siemens-Gesellschaften in der Schweiz markant erh\u00f6ht.\" \/>\n<meta property=\"og:url\" content=\"https:\/\/www.organisator.ch\/fr\/excellence-operationnelle\/2025-05-16\/siemens-gesellschaften-wachsen-in-der-schweiz-deutlich\/\" \/>\n<meta property=\"og:site_name\" content=\"Organisator\" \/>\n<meta property=\"article:publisher\" content=\"https:\/\/www.facebook.com\/OrganisatorFachmagazin\" \/>\n<meta property=\"article:published_time\" content=\"2025-05-16T01:21:38+00:00\" \/>\n<meta name=\"author\" content=\"galledia\" \/>\n<meta name=\"twitter:card\" content=\"summary_large_image\" \/>\n<meta name=\"twitter:creator\" content=\"@admin\" \/>\n<script type=\"application\/ld+json\" class=\"yoast-schema-graph\">{\"@context\":\"https:\\\/\\\/schema.org\",\"@graph\":[{\"@type\":\"Article\",\"@id\":\"https:\\\/\\\/www.organisator.ch\\\/operational-excellence\\\/2025-05-16\\\/siemens-gesellschaften-wachsen-in-der-schweiz-deutlich\\\/#article\",\"isPartOf\":{\"@id\":\"https:\\\/\\\/www.organisator.ch\\\/operational-excellence\\\/2025-05-16\\\/siemens-gesellschaften-wachsen-in-der-schweiz-deutlich\\\/\"},\"author\":{\"name\":\"galledia\",\"@id\":\"https:\\\/\\\/www.organisator.ch\\\/#\\\/schema\\\/person\\\/4e51799071cd2dd1232ac003643ef5f0\"},\"headline\":\"Siemens-Gesellschaften wachsen in der Schweiz deutlich\",\"datePublished\":\"2025-05-16T01:21:38+00:00\",\"mainEntityOfPage\":{\"@id\":\"https:\\\/\\\/www.organisator.ch\\\/operational-excellence\\\/2025-05-16\\\/siemens-gesellschaften-wachsen-in-der-schweiz-deutlich\\\/\"},\"wordCount\":468,\"publisher\":{\"@id\":\"https:\\\/\\\/www.organisator.ch\\\/#organization\"},\"image\":{\"@id\":\"https:\\\/\\\/www.organisator.ch\\\/operational-excellence\\\/2025-05-16\\\/siemens-gesellschaften-wachsen-in-der-schweiz-deutlich\\\/#primaryimage\"},\"thumbnailUrl\":\"https:\\\/\\\/www.m-q.ch\\\/wp-content\\\/uploads\\\/2025\\\/05\\\/Siemens-waechst-in-der-Schweiz-deutlich_MQ.jpg\",\"keywords\":[\"Allgemein\",\"Quartalszahlen\",\"Siemens\",\"Unternehmen\"],\"articleSection\":[\"OPERATIONAL EXCELLENCE\"],\"inLanguage\":\"fr-FR\"},{\"@type\":\"WebPage\",\"@id\":\"https:\\\/\\\/www.organisator.ch\\\/operational-excellence\\\/2025-05-16\\\/siemens-gesellschaften-wachsen-in-der-schweiz-deutlich\\\/\",\"url\":\"https:\\\/\\\/www.organisator.ch\\\/operational-excellence\\\/2025-05-16\\\/siemens-gesellschaften-wachsen-in-der-schweiz-deutlich\\\/\",\"name\":\"Siemens-Gesellschaften wachsen in der Schweiz deutlich - Organisator\",\"isPartOf\":{\"@id\":\"https:\\\/\\\/www.organisator.ch\\\/#website\"},\"primaryImageOfPage\":{\"@id\":\"https:\\\/\\\/www.organisator.ch\\\/operational-excellence\\\/2025-05-16\\\/siemens-gesellschaften-wachsen-in-der-schweiz-deutlich\\\/#primaryimage\"},\"image\":{\"@id\":\"https:\\\/\\\/www.organisator.ch\\\/operational-excellence\\\/2025-05-16\\\/siemens-gesellschaften-wachsen-in-der-schweiz-deutlich\\\/#primaryimage\"},\"thumbnailUrl\":\"https:\\\/\\\/www.m-q.ch\\\/wp-content\\\/uploads\\\/2025\\\/05\\\/Siemens-waechst-in-der-Schweiz-deutlich_MQ.jpg\",\"datePublished\":\"2025-05-16T01:21:38+00:00\",\"description\":\"In den ersten Monaten des Gesch\u00e4ftsjahrs 2025 hat sich der Umsatz der Siemens-Gesellschaften in der Schweiz markant erh\u00f6ht.\",\"breadcrumb\":{\"@id\":\"https:\\\/\\\/www.organisator.ch\\\/operational-excellence\\\/2025-05-16\\\/siemens-gesellschaften-wachsen-in-der-schweiz-deutlich\\\/#breadcrumb\"},\"inLanguage\":\"fr-FR\",\"potentialAction\":[{\"@type\":\"ReadAction\",\"target\":[\"https:\\\/\\\/www.organisator.ch\\\/operational-excellence\\\/2025-05-16\\\/siemens-gesellschaften-wachsen-in-der-schweiz-deutlich\\\/\"]}]},{\"@type\":\"ImageObject\",\"inLanguage\":\"fr-FR\",\"@id\":\"https:\\\/\\\/www.organisator.ch\\\/operational-excellence\\\/2025-05-16\\\/siemens-gesellschaften-wachsen-in-der-schweiz-deutlich\\\/#primaryimage\",\"url\":\"https:\\\/\\\/www.m-q.ch\\\/wp-content\\\/uploads\\\/2025\\\/05\\\/Siemens-waechst-in-der-Schweiz-deutlich_MQ.jpg\",\"contentUrl\":\"https:\\\/\\\/www.m-q.ch\\\/wp-content\\\/uploads\\\/2025\\\/05\\\/Siemens-waechst-in-der-Schweiz-deutlich_MQ.jpg\"},{\"@type\":\"BreadcrumbList\",\"@id\":\"https:\\\/\\\/www.organisator.ch\\\/operational-excellence\\\/2025-05-16\\\/siemens-gesellschaften-wachsen-in-der-schweiz-deutlich\\\/#breadcrumb\",\"itemListElement\":[{\"@type\":\"ListItem\",\"position\":1,\"name\":\"Home\",\"item\":\"https:\\\/\\\/www.organisator.ch\\\/\"},{\"@type\":\"ListItem\",\"position\":2,\"name\":\"Siemens-Gesellschaften wachsen in der Schweiz deutlich\"}]},{\"@type\":\"WebSite\",\"@id\":\"https:\\\/\\\/www.organisator.ch\\\/#website\",\"url\":\"https:\\\/\\\/www.organisator.ch\\\/\",\"name\":\"Organisator\",\"description\":\"Kompetent. Praxisnah. Der ORGANISATOR bereitet in 10 Ausgaben pro Jahr die wesentlichen Themen f\u00fcr F\u00fchrungskr\u00e4fte von KMU auf.\",\"publisher\":{\"@id\":\"https:\\\/\\\/www.organisator.ch\\\/#organization\"},\"potentialAction\":[{\"@type\":\"SearchAction\",\"target\":{\"@type\":\"EntryPoint\",\"urlTemplate\":\"https:\\\/\\\/www.organisator.ch\\\/?s={search_term_string}\"},\"query-input\":{\"@type\":\"PropertyValueSpecification\",\"valueRequired\":true,\"valueName\":\"search_term_string\"}}],\"inLanguage\":\"fr-FR\"},{\"@type\":\"Organization\",\"@id\":\"https:\\\/\\\/www.organisator.ch\\\/#organization\",\"name\":\"Organisator\",\"url\":\"https:\\\/\\\/www.organisator.ch\\\/\",\"logo\":{\"@type\":\"ImageObject\",\"inLanguage\":\"fr-FR\",\"@id\":\"https:\\\/\\\/www.organisator.ch\\\/#\\\/schema\\\/logo\\\/image\\\/\",\"url\":\"https:\\\/\\\/www.organisator.ch\\\/wp-content\\\/uploads\\\/2022\\\/01\\\/Logo_Organisator_Website.png\",\"contentUrl\":\"https:\\\/\\\/www.organisator.ch\\\/wp-content\\\/uploads\\\/2022\\\/01\\\/Logo_Organisator_Website.png\",\"width\":800,\"height\":77,\"caption\":\"Organisator\"},\"image\":{\"@id\":\"https:\\\/\\\/www.organisator.ch\\\/#\\\/schema\\\/logo\\\/image\\\/\"},\"sameAs\":[\"https:\\\/\\\/www.facebook.com\\\/OrganisatorFachmagazin\",\"https:\\\/\\\/www.linkedin.com\\\/showcase\\\/organisator-das-magazin-fr-kmu\",\"https:\\\/\\\/www.xing.com\\\/news\\\/pages\\\/organisator-ch-695\",\"https:\\\/\\\/www.youtube.com\\\/channel\\\/UCGP2Sq0iWaZwT3BdIAQFYpw\"]},{\"@type\":\"Person\",\"@id\":\"https:\\\/\\\/www.organisator.ch\\\/#\\\/schema\\\/person\\\/4e51799071cd2dd1232ac003643ef5f0\",\"name\":\"galledia\",\"image\":{\"@type\":\"ImageObject\",\"inLanguage\":\"fr-FR\",\"@id\":\"https:\\\/\\\/secure.gravatar.com\\\/avatar\\\/78a7f90c01fc2bfc875782a0d4922b37cde2cf184ce347b91316d23cd7f69a36?s=96&d=mm&r=g\",\"url\":\"https:\\\/\\\/secure.gravatar.com\\\/avatar\\\/78a7f90c01fc2bfc875782a0d4922b37cde2cf184ce347b91316d23cd7f69a36?s=96&d=mm&r=g\",\"contentUrl\":\"https:\\\/\\\/secure.gravatar.com\\\/avatar\\\/78a7f90c01fc2bfc875782a0d4922b37cde2cf184ce347b91316d23cd7f69a36?s=96&d=mm&r=g\",\"caption\":\"galledia\"},\"sameAs\":[\"https:\\\/\\\/x.com\\\/admin\"],\"url\":\"https:\\\/\\\/www.organisator.ch\\\/fr\\\/author\\\/galledia\\\/\"}]}<\/script>\n<!-- \/ Yoast SEO plugin. -->","yoast_head_json":{"title":"Les soci\u00e9t\u00e9s Siemens connaissent une croissance significative en Suisse - Organisateur","description":"Au cours des premiers mois de l'exercice 2025, le chiffre d'affaires des soci\u00e9t\u00e9s Siemens en Suisse a augment\u00e9 de mani\u00e8re significative.","robots":{"index":"index","follow":"follow","max-snippet":"max-snippet:-1","max-image-preview":"max-image-preview:large","max-video-preview":"max-video-preview:-1"},"canonical":"https:\/\/www.organisator.ch\/fr\/excellence-operationnelle\/2025-05-16\/siemens-gesellschaften-wachsen-in-der-schweiz-deutlich\/","og_locale":"fr_FR","og_type":"article","og_title":"Siemens-Gesellschaften wachsen in der Schweiz deutlich - Organisator","og_description":"In den ersten Monaten des Gesch\u00e4ftsjahrs 2025 hat sich der Umsatz der Siemens-Gesellschaften in der Schweiz markant erh\u00f6ht.","og_url":"https:\/\/www.organisator.ch\/fr\/excellence-operationnelle\/2025-05-16\/siemens-gesellschaften-wachsen-in-der-schweiz-deutlich\/","og_site_name":"Organisator","article_publisher":"https:\/\/www.facebook.com\/OrganisatorFachmagazin","article_published_time":"2025-05-16T01:21:38+00:00","author":"galledia","twitter_card":"summary_large_image","twitter_creator":"@admin","schema":{"@context":"https:\/\/schema.org","@graph":[{"@type":"Article","@id":"https:\/\/www.organisator.ch\/operational-excellence\/2025-05-16\/siemens-gesellschaften-wachsen-in-der-schweiz-deutlich\/#article","isPartOf":{"@id":"https:\/\/www.organisator.ch\/operational-excellence\/2025-05-16\/siemens-gesellschaften-wachsen-in-der-schweiz-deutlich\/"},"author":{"name":"galledia","@id":"https:\/\/www.organisator.ch\/#\/schema\/person\/4e51799071cd2dd1232ac003643ef5f0"},"headline":"Siemens-Gesellschaften wachsen in der Schweiz deutlich","datePublished":"2025-05-16T01:21:38+00:00","mainEntityOfPage":{"@id":"https:\/\/www.organisator.ch\/operational-excellence\/2025-05-16\/siemens-gesellschaften-wachsen-in-der-schweiz-deutlich\/"},"wordCount":468,"publisher":{"@id":"https:\/\/www.organisator.ch\/#organization"},"image":{"@id":"https:\/\/www.organisator.ch\/operational-excellence\/2025-05-16\/siemens-gesellschaften-wachsen-in-der-schweiz-deutlich\/#primaryimage"},"thumbnailUrl":"https:\/\/www.m-q.ch\/wp-content\/uploads\/2025\/05\/Siemens-waechst-in-der-Schweiz-deutlich_MQ.jpg","keywords":["Allgemein","Quartalszahlen","Siemens","Unternehmen"],"articleSection":["OPERATIONAL EXCELLENCE"],"inLanguage":"fr-FR"},{"@type":"WebPage","@id":"https:\/\/www.organisator.ch\/operational-excellence\/2025-05-16\/siemens-gesellschaften-wachsen-in-der-schweiz-deutlich\/","url":"https:\/\/www.organisator.ch\/operational-excellence\/2025-05-16\/siemens-gesellschaften-wachsen-in-der-schweiz-deutlich\/","name":"Les soci\u00e9t\u00e9s Siemens connaissent une croissance significative en Suisse - Organisateur","isPartOf":{"@id":"https:\/\/www.organisator.ch\/#website"},"primaryImageOfPage":{"@id":"https:\/\/www.organisator.ch\/operational-excellence\/2025-05-16\/siemens-gesellschaften-wachsen-in-der-schweiz-deutlich\/#primaryimage"},"image":{"@id":"https:\/\/www.organisator.ch\/operational-excellence\/2025-05-16\/siemens-gesellschaften-wachsen-in-der-schweiz-deutlich\/#primaryimage"},"thumbnailUrl":"https:\/\/www.m-q.ch\/wp-content\/uploads\/2025\/05\/Siemens-waechst-in-der-Schweiz-deutlich_MQ.jpg","datePublished":"2025-05-16T01:21:38+00:00","description":"Au cours des premiers mois de l'exercice 2025, le chiffre d'affaires des soci\u00e9t\u00e9s Siemens en Suisse a augment\u00e9 de mani\u00e8re significative.","breadcrumb":{"@id":"https:\/\/www.organisator.ch\/operational-excellence\/2025-05-16\/siemens-gesellschaften-wachsen-in-der-schweiz-deutlich\/#breadcrumb"},"inLanguage":"fr-FR","potentialAction":[{"@type":"ReadAction","target":["https:\/\/www.organisator.ch\/operational-excellence\/2025-05-16\/siemens-gesellschaften-wachsen-in-der-schweiz-deutlich\/"]}]},{"@type":"ImageObject","inLanguage":"fr-FR","@id":"https:\/\/www.organisator.ch\/operational-excellence\/2025-05-16\/siemens-gesellschaften-wachsen-in-der-schweiz-deutlich\/#primaryimage","url":"https:\/\/www.m-q.ch\/wp-content\/uploads\/2025\/05\/Siemens-waechst-in-der-Schweiz-deutlich_MQ.jpg","contentUrl":"https:\/\/www.m-q.ch\/wp-content\/uploads\/2025\/05\/Siemens-waechst-in-der-Schweiz-deutlich_MQ.jpg"},{"@type":"BreadcrumbList","@id":"https:\/\/www.organisator.ch\/operational-excellence\/2025-05-16\/siemens-gesellschaften-wachsen-in-der-schweiz-deutlich\/#breadcrumb","itemListElement":[{"@type":"ListItem","position":1,"name":"Home","item":"https:\/\/www.organisator.ch\/"},{"@type":"ListItem","position":2,"name":"Siemens-Gesellschaften wachsen in der Schweiz deutlich"}]},{"@type":"WebSite","@id":"https:\/\/www.organisator.ch\/#website","url":"https:\/\/www.organisator.ch\/","name":"Organisateur","description":"Comp\u00e9tence et comp\u00e9tence. Proches de la pratique. L'ORGANISATEUR pr\u00e9pare 10 num\u00e9ros par an sur les th\u00e8mes essentiels pour les dirigeants de PME.","publisher":{"@id":"https:\/\/www.organisator.ch\/#organization"},"potentialAction":[{"@type":"SearchAction","target":{"@type":"EntryPoint","urlTemplate":"https:\/\/www.organisator.ch\/?s={search_term_string}"},"query-input":{"@type":"PropertyValueSpecification","valueRequired":true,"valueName":"search_term_string"}}],"inLanguage":"fr-FR"},{"@type":"Organization","@id":"https:\/\/www.organisator.ch\/#organization","name":"Organisateur","url":"https:\/\/www.organisator.ch\/","logo":{"@type":"ImageObject","inLanguage":"fr-FR","@id":"https:\/\/www.organisator.ch\/#\/schema\/logo\/image\/","url":"https:\/\/www.organisator.ch\/wp-content\/uploads\/2022\/01\/Logo_Organisator_Website.png","contentUrl":"https:\/\/www.organisator.ch\/wp-content\/uploads\/2022\/01\/Logo_Organisator_Website.png","width":800,"height":77,"caption":"Organisator"},"image":{"@id":"https:\/\/www.organisator.ch\/#\/schema\/logo\/image\/"},"sameAs":["https:\/\/www.facebook.com\/OrganisatorFachmagazin","https:\/\/www.linkedin.com\/showcase\/organisator-das-magazin-fr-kmu","https:\/\/www.xing.com\/news\/pages\/organisator-ch-695","https:\/\/www.youtube.com\/channel\/UCGP2Sq0iWaZwT3BdIAQFYpw"]},{"@type":"Person","@id":"https:\/\/www.organisator.ch\/#\/schema\/person\/4e51799071cd2dd1232ac003643ef5f0","name":"galledia","image":{"@type":"ImageObject","inLanguage":"fr-FR","@id":"https:\/\/secure.gravatar.com\/avatar\/78a7f90c01fc2bfc875782a0d4922b37cde2cf184ce347b91316d23cd7f69a36?s=96&d=mm&r=g","url":"https:\/\/secure.gravatar.com\/avatar\/78a7f90c01fc2bfc875782a0d4922b37cde2cf184ce347b91316d23cd7f69a36?s=96&d=mm&r=g","contentUrl":"https:\/\/secure.gravatar.com\/avatar\/78a7f90c01fc2bfc875782a0d4922b37cde2cf184ce347b91316d23cd7f69a36?s=96&d=mm&r=g","caption":"galledia"},"sameAs":["https:\/\/x.com\/admin"],"url":"https:\/\/www.organisator.ch\/fr\/author\/galledia\/"}]}},"_links":{"self":[{"href":"https:\/\/www.organisator.ch\/fr\/wp-json\/wp\/v2\/posts\/38403","targetHints":{"allow":["GET"]}}],"collection":[{"href":"https:\/\/www.organisator.ch\/fr\/wp-json\/wp\/v2\/posts"}],"about":[{"href":"https:\/\/www.organisator.ch\/fr\/wp-json\/wp\/v2\/types\/post"}],"author":[{"embeddable":true,"href":"https:\/\/www.organisator.ch\/fr\/wp-json\/wp\/v2\/users\/8"}],"replies":[{"embeddable":true,"href":"https:\/\/www.organisator.ch\/fr\/wp-json\/wp\/v2\/comments?post=38403"}],"version-history":[{"count":5,"href":"https:\/\/www.organisator.ch\/fr\/wp-json\/wp\/v2\/posts\/38403\/revisions"}],"predecessor-version":[{"id":38420,"href":"https:\/\/www.organisator.ch\/fr\/wp-json\/wp\/v2\/posts\/38403\/revisions\/38420"}],"wp:attachment":[{"href":"https:\/\/www.organisator.ch\/fr\/wp-json\/wp\/v2\/media?parent=38403"}],"wp:term":[{"taxonomy":"category","embeddable":true,"href":"https:\/\/www.organisator.ch\/fr\/wp-json\/wp\/v2\/categories?post=38403"},{"taxonomy":"post_tag","embeddable":true,"href":"https:\/\/www.organisator.ch\/fr\/wp-json\/wp\/v2\/tags?post=38403"}],"curies":[{"name":"wp","href":"https:\/\/api.w.org\/{rel}","templated":true}]}}