{"id":38480,"date":"2025-05-21T08:26:14","date_gmt":"2025-05-21T06:26:14","guid":{"rendered":"https:\/\/www.organisator.ch\/?p=38480"},"modified":"2025-05-21T08:26:14","modified_gmt":"2025-05-21T06:26:14","slug":"centre-patronal-erwirbt-trianon-von-der-mobiliar","status":"publish","type":"post","link":"https:\/\/www.organisator.ch\/fr\/management\/2025-05-21\/centre-patronal-erwirbt-trianon-von-der-mobiliar\/","title":{"rendered":"Le Centre Patronal rach\u00e8te Trianon \u00e0 la Mobili\u00e8re"},"content":{"rendered":"<figure id=\"attachment_38481\" aria-describedby=\"caption-attachment-38481\" style=\"width: 680px\" class=\"wp-caption alignnone\"><img loading=\"lazy\" decoding=\"async\" class=\"size-full wp-image-38481\" src=\"https:\/\/www.organisator.ch\/wp-content\/uploads\/2025\/05\/Centre-Patronal-erwirbt-Trianon-von-der-Mobiliar_Organisator.jpg\" alt=\"\" width=\"680\" height=\"269\" srcset=\"https:\/\/www.organisator.ch\/wp-content\/uploads\/2025\/05\/Centre-Patronal-erwirbt-Trianon-von-der-Mobiliar_Organisator.jpg 680w, https:\/\/www.organisator.ch\/wp-content\/uploads\/2025\/05\/Centre-Patronal-erwirbt-Trianon-von-der-Mobiliar_Organisator-18x7.jpg 18w, https:\/\/www.organisator.ch\/wp-content\/uploads\/2025\/05\/Centre-Patronal-erwirbt-Trianon-von-der-Mobiliar_Organisator-375x148.jpg 375w\" sizes=\"auto, (max-width: 680px) 100vw, 680px\" \/><figcaption id=\"caption-attachment-38481\" class=\"wp-caption-text\">La Mobili\u00e8re se concentre sur son activit\u00e9 principale et a vendu Trianon SA au Centre Patronal.<\/figcaption><\/figure>\n<p>L'association \u00e9conomique Centre Patronal reprend Trianon SA, une entreprise du groupe La Mobili\u00e8re depuis 2016, afin de d\u00e9velopper sa propre offre et les domaines d'activit\u00e9 de Trianon. L'entreprise fait aujourd'hui partie des leaders suisses dans le domaine du Business Process Outsourcing. Ses activit\u00e9s comprennent la gestion des caisses de pension, les services RH ainsi que la gestion proactive des absences. Depuis 85 ans, le Centre Patronal d\u00e9fend les int\u00e9r\u00eats du secteur priv\u00e9 et fournit des services aux entreprises. Avec la reprise de Trianon par le Centre Patronal, les clients b\u00e9n\u00e9ficieront \u00e0 l'avenir d'une palette de services suppl\u00e9mentaires.\u00a0<\/p>\n<p>L'association Centre Patronal a \u00e9t\u00e9 fond\u00e9e en 1940 dans le canton de Vaud et a son si\u00e8ge \u00e0 Paudex. Il emploie actuellement environ 400 collaborateurs. Depuis 1973, le Centre Patronal est pr\u00e9sent en Suisse al\u00e9manique avec une succursale \u00e0 Berne et, depuis 2022, \u00e0 Zurich. Christophe Reymond, directeur du Centre Patronal : \"Le Centre Patronal met notamment en place des services dans le domaine de la pr\u00e9voyance professionnelle et des ressources humaines. L'union des forces avec Trianon est donc \u00e9vidente et prometteuse. Elle offre aux deux acteurs des perspectives de d\u00e9veloppement de leurs services et d'\u00e9largissement de leur client\u00e8le\". Thomas Bossart, responsable de la pr\u00e9voyance \u00e0 la Mobili\u00e8re : \"Le Centre Patronal est le propri\u00e9taire id\u00e9al pour Trianon. Il permettra \u00e0 l'entreprise d'aborder l'avenir avec succ\u00e8s et de poursuivre sa croissance\".<\/p>\n<p>Dans le cadre de son orientation strat\u00e9gique Avantage 2030, la Mobili\u00e8re se concentre sur les activit\u00e9s qui soutiennent directement son activit\u00e9 principale, \u00e0 savoir l'assurance et la pr\u00e9voyance en Suisse. L'acquisition de Trianon par le Centre Patronal devrait avoir lieu au troisi\u00e8me trimestre 2025, sous r\u00e9serve de l'approbation des autorit\u00e9s comp\u00e9tentes. Les quelque 220 collaborateurs de Trianon \u00e0 Nyon, Zurich et Berne seront repris aux m\u00eames conditions. Les parties ont convenu de ne pas divulguer le prix d'achat.<\/p>\n<p><em>Source et informations compl\u00e9mentaires : <a href=\"http:\/\/www.centrepatronal.ch\">www.centrepatronal.ch<\/a> \/ <a href=\"http:\/\/www.mobiliar.ch\">www.mobiliar.ch<\/a><\/em><\/p>","protected":false},"excerpt":{"rendered":"<p>Le Centre Patronal rach\u00e8te Trianon, leader dans le domaine de l'externalisation des services RH et de la gestion des caisses de pension. Il entend ainsi \u00e9largir son offre aux entreprises et renforcer sa position sur le march\u00e9 en Suisse al\u00e9manique et en Suisse romande.<\/p>","protected":false},"author":4,"featured_media":38481,"comment_status":"closed","ping_status":"closed","sticky":false,"template":"","format":"standard","meta":{"_acf_changed":false,"_yoast_wpseo_focuskw":"Trianon","_yoast_wpseo_metadesc":"Centre Patronal \u00fcbernimmt Trianon, f\u00fchrend im Bereich Outsourcing von HR-Services und Pensionskassenverwaltung.","articlekey":"","footnotes":""},"categories":[28],"tags":[5352,334,377,492],"class_list":["post-38480","post","type-post","status-publish","format-standard","has-post-thumbnail","hentry","category-management","tag-hr-services","tag-management","tag-pensionskassen","tag-unternehmen"],"acf":[],"yoast_head":"<!-- This site is optimized with the Yoast SEO plugin v27.5 - https:\/\/yoast.com\/product\/yoast-seo-wordpress\/ -->\n<title>Centre Patronal erwirbt Trianon von der Mobiliar - Organisator<\/title>\n<meta name=\"description\" content=\"Centre Patronal \u00fcbernimmt Trianon, f\u00fchrend im Bereich Outsourcing von HR-Services und Pensionskassenverwaltung.\" \/>\n<meta name=\"robots\" content=\"index, follow, max-snippet:-1, max-image-preview:large, max-video-preview:-1\" \/>\n<link rel=\"canonical\" href=\"https:\/\/www.organisator.ch\/fr\/gestion-2\/2025-05-21\/centre-patronal-erwirbt-trianon-von-der-mobiliar\/\" \/>\n<meta property=\"og:locale\" content=\"fr_FR\" \/>\n<meta property=\"og:type\" content=\"article\" \/>\n<meta property=\"og:title\" content=\"Centre Patronal erwirbt Trianon von der Mobiliar\" \/>\n<meta property=\"og:description\" content=\"Centre Patronal \u00fcbernimmt Trianon, f\u00fchrend im Bereich Outsourcing von HR-Services und Pensionskassenverwaltung.\" \/>\n<meta property=\"og:url\" content=\"https:\/\/www.organisator.ch\/fr\/gestion-2\/2025-05-21\/centre-patronal-erwirbt-trianon-von-der-mobiliar\/\" \/>\n<meta property=\"og:site_name\" content=\"Organisator\" \/>\n<meta property=\"article:publisher\" content=\"https:\/\/www.facebook.com\/OrganisatorFachmagazin\" \/>\n<meta property=\"article:published_time\" content=\"2025-05-21T06:26:14+00:00\" \/>\n<meta property=\"og:image\" content=\"https:\/\/www.organisator.ch\/wp-content\/uploads\/2025\/05\/Centre-Patronal-erwirbt-Trianon-von-der-Mobiliar_Organisator.jpg\" \/>\n\t<meta property=\"og:image:width\" content=\"680\" \/>\n\t<meta property=\"og:image:height\" content=\"269\" \/>\n\t<meta property=\"og:image:type\" content=\"image\/jpeg\" \/>\n<meta name=\"author\" content=\"thomas.berner\" \/>\n<meta name=\"twitter:card\" content=\"summary_large_image\" \/>\n<meta name=\"twitter:title\" content=\"Centre Patronal erwirbt #Trianon von der #Mobiliar\" \/>\n<meta name=\"twitter:description\" content=\"Centre Patronal \u00fcbernimmt #Trianon, f\u00fchrend im Bereich Outsourcing von #HR-Services und #Pensionskassenverwaltung.\" \/>\n<meta name=\"twitter:image\" content=\"https:\/\/www.organisator.ch\/wp-content\/uploads\/2025\/05\/Centre-Patronal-erwirbt-Trianon-von-der-Mobiliar_Organisator.jpg\" \/>\n<script type=\"application\/ld+json\" class=\"yoast-schema-graph\">{\"@context\":\"https:\\\/\\\/schema.org\",\"@graph\":[{\"@type\":\"Article\",\"@id\":\"https:\\\/\\\/www.organisator.ch\\\/management\\\/2025-05-21\\\/centre-patronal-erwirbt-trianon-von-der-mobiliar\\\/#article\",\"isPartOf\":{\"@id\":\"https:\\\/\\\/www.organisator.ch\\\/management\\\/2025-05-21\\\/centre-patronal-erwirbt-trianon-von-der-mobiliar\\\/\"},\"author\":{\"name\":\"thomas.berner\",\"@id\":\"https:\\\/\\\/www.organisator.ch\\\/#\\\/schema\\\/person\\\/6f650f90b2842cd4c0cc334b4e36f67e\"},\"headline\":\"Centre Patronal erwirbt Trianon von der Mobiliar\",\"datePublished\":\"2025-05-21T06:26:14+00:00\",\"mainEntityOfPage\":{\"@id\":\"https:\\\/\\\/www.organisator.ch\\\/management\\\/2025-05-21\\\/centre-patronal-erwirbt-trianon-von-der-mobiliar\\\/\"},\"wordCount\":321,\"publisher\":{\"@id\":\"https:\\\/\\\/www.organisator.ch\\\/#organization\"},\"image\":{\"@id\":\"https:\\\/\\\/www.organisator.ch\\\/management\\\/2025-05-21\\\/centre-patronal-erwirbt-trianon-von-der-mobiliar\\\/#primaryimage\"},\"thumbnailUrl\":\"https:\\\/\\\/www.organisator.ch\\\/wp-content\\\/uploads\\\/2025\\\/05\\\/Centre-Patronal-erwirbt-Trianon-von-der-Mobiliar_Organisator.jpg\",\"keywords\":[\"HR-Services\",\"Management\",\"Pensionskassen\",\"Unternehmen\"],\"articleSection\":[\"MANAGEMENT\"],\"inLanguage\":\"fr-FR\"},{\"@type\":\"WebPage\",\"@id\":\"https:\\\/\\\/www.organisator.ch\\\/management\\\/2025-05-21\\\/centre-patronal-erwirbt-trianon-von-der-mobiliar\\\/\",\"url\":\"https:\\\/\\\/www.organisator.ch\\\/management\\\/2025-05-21\\\/centre-patronal-erwirbt-trianon-von-der-mobiliar\\\/\",\"name\":\"Centre Patronal erwirbt Trianon von der Mobiliar - Organisator\",\"isPartOf\":{\"@id\":\"https:\\\/\\\/www.organisator.ch\\\/#website\"},\"primaryImageOfPage\":{\"@id\":\"https:\\\/\\\/www.organisator.ch\\\/management\\\/2025-05-21\\\/centre-patronal-erwirbt-trianon-von-der-mobiliar\\\/#primaryimage\"},\"image\":{\"@id\":\"https:\\\/\\\/www.organisator.ch\\\/management\\\/2025-05-21\\\/centre-patronal-erwirbt-trianon-von-der-mobiliar\\\/#primaryimage\"},\"thumbnailUrl\":\"https:\\\/\\\/www.organisator.ch\\\/wp-content\\\/uploads\\\/2025\\\/05\\\/Centre-Patronal-erwirbt-Trianon-von-der-Mobiliar_Organisator.jpg\",\"datePublished\":\"2025-05-21T06:26:14+00:00\",\"description\":\"Centre Patronal \u00fcbernimmt Trianon, f\u00fchrend im Bereich Outsourcing von HR-Services und Pensionskassenverwaltung.\",\"breadcrumb\":{\"@id\":\"https:\\\/\\\/www.organisator.ch\\\/management\\\/2025-05-21\\\/centre-patronal-erwirbt-trianon-von-der-mobiliar\\\/#breadcrumb\"},\"inLanguage\":\"fr-FR\",\"potentialAction\":[{\"@type\":\"ReadAction\",\"target\":[\"https:\\\/\\\/www.organisator.ch\\\/management\\\/2025-05-21\\\/centre-patronal-erwirbt-trianon-von-der-mobiliar\\\/\"]}]},{\"@type\":\"ImageObject\",\"inLanguage\":\"fr-FR\",\"@id\":\"https:\\\/\\\/www.organisator.ch\\\/management\\\/2025-05-21\\\/centre-patronal-erwirbt-trianon-von-der-mobiliar\\\/#primaryimage\",\"url\":\"https:\\\/\\\/www.organisator.ch\\\/wp-content\\\/uploads\\\/2025\\\/05\\\/Centre-Patronal-erwirbt-Trianon-von-der-Mobiliar_Organisator.jpg\",\"contentUrl\":\"https:\\\/\\\/www.organisator.ch\\\/wp-content\\\/uploads\\\/2025\\\/05\\\/Centre-Patronal-erwirbt-Trianon-von-der-Mobiliar_Organisator.jpg\",\"width\":680,\"height\":269,\"caption\":\"Die Mobiliar fokussiert auf ihr Kerngesch\u00e4ft und hat Trianon AG an das Centre Patronal verkauft.\"},{\"@type\":\"BreadcrumbList\",\"@id\":\"https:\\\/\\\/www.organisator.ch\\\/management\\\/2025-05-21\\\/centre-patronal-erwirbt-trianon-von-der-mobiliar\\\/#breadcrumb\",\"itemListElement\":[{\"@type\":\"ListItem\",\"position\":1,\"name\":\"Home\",\"item\":\"https:\\\/\\\/www.organisator.ch\\\/\"},{\"@type\":\"ListItem\",\"position\":2,\"name\":\"Centre Patronal erwirbt Trianon von der Mobiliar\"}]},{\"@type\":\"WebSite\",\"@id\":\"https:\\\/\\\/www.organisator.ch\\\/#website\",\"url\":\"https:\\\/\\\/www.organisator.ch\\\/\",\"name\":\"Organisator\",\"description\":\"Kompetent. Praxisnah. Der ORGANISATOR bereitet in 10 Ausgaben pro Jahr die wesentlichen Themen f\u00fcr F\u00fchrungskr\u00e4fte von KMU auf.\",\"publisher\":{\"@id\":\"https:\\\/\\\/www.organisator.ch\\\/#organization\"},\"potentialAction\":[{\"@type\":\"SearchAction\",\"target\":{\"@type\":\"EntryPoint\",\"urlTemplate\":\"https:\\\/\\\/www.organisator.ch\\\/?s={search_term_string}\"},\"query-input\":{\"@type\":\"PropertyValueSpecification\",\"valueRequired\":true,\"valueName\":\"search_term_string\"}}],\"inLanguage\":\"fr-FR\"},{\"@type\":\"Organization\",\"@id\":\"https:\\\/\\\/www.organisator.ch\\\/#organization\",\"name\":\"Organisator\",\"url\":\"https:\\\/\\\/www.organisator.ch\\\/\",\"logo\":{\"@type\":\"ImageObject\",\"inLanguage\":\"fr-FR\",\"@id\":\"https:\\\/\\\/www.organisator.ch\\\/#\\\/schema\\\/logo\\\/image\\\/\",\"url\":\"https:\\\/\\\/www.organisator.ch\\\/wp-content\\\/uploads\\\/2022\\\/01\\\/Logo_Organisator_Website.png\",\"contentUrl\":\"https:\\\/\\\/www.organisator.ch\\\/wp-content\\\/uploads\\\/2022\\\/01\\\/Logo_Organisator_Website.png\",\"width\":800,\"height\":77,\"caption\":\"Organisator\"},\"image\":{\"@id\":\"https:\\\/\\\/www.organisator.ch\\\/#\\\/schema\\\/logo\\\/image\\\/\"},\"sameAs\":[\"https:\\\/\\\/www.facebook.com\\\/OrganisatorFachmagazin\",\"https:\\\/\\\/www.linkedin.com\\\/showcase\\\/organisator-das-magazin-fr-kmu\",\"https:\\\/\\\/www.xing.com\\\/news\\\/pages\\\/organisator-ch-695\",\"https:\\\/\\\/www.youtube.com\\\/channel\\\/UCGP2Sq0iWaZwT3BdIAQFYpw\"]},{\"@type\":\"Person\",\"@id\":\"https:\\\/\\\/www.organisator.ch\\\/#\\\/schema\\\/person\\\/6f650f90b2842cd4c0cc334b4e36f67e\",\"name\":\"thomas.berner\",\"image\":{\"@type\":\"ImageObject\",\"inLanguage\":\"fr-FR\",\"@id\":\"https:\\\/\\\/secure.gravatar.com\\\/avatar\\\/ac5001d2a36cb6c6cd3e50789007ffca834b477b74a2144564522e944eabff61?s=96&d=mm&r=g\",\"url\":\"https:\\\/\\\/secure.gravatar.com\\\/avatar\\\/ac5001d2a36cb6c6cd3e50789007ffca834b477b74a2144564522e944eabff61?s=96&d=mm&r=g\",\"contentUrl\":\"https:\\\/\\\/secure.gravatar.com\\\/avatar\\\/ac5001d2a36cb6c6cd3e50789007ffca834b477b74a2144564522e944eabff61?s=96&d=mm&r=g\",\"caption\":\"thomas.berner\"},\"url\":\"https:\\\/\\\/www.organisator.ch\\\/fr\\\/author\\\/thomas-berner\\\/\"}]}<\/script>\n<!-- \/ Yoast SEO plugin. -->","yoast_head_json":{"title":"Le Centre Patronal rach\u00e8te Trianon \u00e0 la Mobili\u00e8re - Organisateur","description":"Le Centre Patronal rach\u00e8te Trianon, leader dans le domaine de l'externalisation des services RH et de la gestion des caisses de pension.","robots":{"index":"index","follow":"follow","max-snippet":"max-snippet:-1","max-image-preview":"max-image-preview:large","max-video-preview":"max-video-preview:-1"},"canonical":"https:\/\/www.organisator.ch\/fr\/gestion-2\/2025-05-21\/centre-patronal-erwirbt-trianon-von-der-mobiliar\/","og_locale":"fr_FR","og_type":"article","og_title":"Centre Patronal erwirbt Trianon von der Mobiliar","og_description":"Centre Patronal \u00fcbernimmt Trianon, f\u00fchrend im Bereich Outsourcing von HR-Services und Pensionskassenverwaltung.","og_url":"https:\/\/www.organisator.ch\/fr\/gestion-2\/2025-05-21\/centre-patronal-erwirbt-trianon-von-der-mobiliar\/","og_site_name":"Organisator","article_publisher":"https:\/\/www.facebook.com\/OrganisatorFachmagazin","article_published_time":"2025-05-21T06:26:14+00:00","og_image":[{"width":680,"height":269,"url":"https:\/\/www.organisator.ch\/wp-content\/uploads\/2025\/05\/Centre-Patronal-erwirbt-Trianon-von-der-Mobiliar_Organisator.jpg","type":"image\/jpeg"}],"author":"thomas.berner","twitter_card":"summary_large_image","twitter_title":"Centre Patronal erwirbt #Trianon von der #Mobiliar","twitter_description":"Centre Patronal \u00fcbernimmt #Trianon, f\u00fchrend im Bereich Outsourcing von #HR-Services und #Pensionskassenverwaltung.","twitter_image":"https:\/\/www.organisator.ch\/wp-content\/uploads\/2025\/05\/Centre-Patronal-erwirbt-Trianon-von-der-Mobiliar_Organisator.jpg","schema":{"@context":"https:\/\/schema.org","@graph":[{"@type":"Article","@id":"https:\/\/www.organisator.ch\/management\/2025-05-21\/centre-patronal-erwirbt-trianon-von-der-mobiliar\/#article","isPartOf":{"@id":"https:\/\/www.organisator.ch\/management\/2025-05-21\/centre-patronal-erwirbt-trianon-von-der-mobiliar\/"},"author":{"name":"thomas.berner","@id":"https:\/\/www.organisator.ch\/#\/schema\/person\/6f650f90b2842cd4c0cc334b4e36f67e"},"headline":"Centre Patronal erwirbt Trianon von der Mobiliar","datePublished":"2025-05-21T06:26:14+00:00","mainEntityOfPage":{"@id":"https:\/\/www.organisator.ch\/management\/2025-05-21\/centre-patronal-erwirbt-trianon-von-der-mobiliar\/"},"wordCount":321,"publisher":{"@id":"https:\/\/www.organisator.ch\/#organization"},"image":{"@id":"https:\/\/www.organisator.ch\/management\/2025-05-21\/centre-patronal-erwirbt-trianon-von-der-mobiliar\/#primaryimage"},"thumbnailUrl":"https:\/\/www.organisator.ch\/wp-content\/uploads\/2025\/05\/Centre-Patronal-erwirbt-Trianon-von-der-Mobiliar_Organisator.jpg","keywords":["HR-Services","Management","Pensionskassen","Unternehmen"],"articleSection":["MANAGEMENT"],"inLanguage":"fr-FR"},{"@type":"WebPage","@id":"https:\/\/www.organisator.ch\/management\/2025-05-21\/centre-patronal-erwirbt-trianon-von-der-mobiliar\/","url":"https:\/\/www.organisator.ch\/management\/2025-05-21\/centre-patronal-erwirbt-trianon-von-der-mobiliar\/","name":"Le Centre Patronal rach\u00e8te Trianon \u00e0 la Mobili\u00e8re - Organisateur","isPartOf":{"@id":"https:\/\/www.organisator.ch\/#website"},"primaryImageOfPage":{"@id":"https:\/\/www.organisator.ch\/management\/2025-05-21\/centre-patronal-erwirbt-trianon-von-der-mobiliar\/#primaryimage"},"image":{"@id":"https:\/\/www.organisator.ch\/management\/2025-05-21\/centre-patronal-erwirbt-trianon-von-der-mobiliar\/#primaryimage"},"thumbnailUrl":"https:\/\/www.organisator.ch\/wp-content\/uploads\/2025\/05\/Centre-Patronal-erwirbt-Trianon-von-der-Mobiliar_Organisator.jpg","datePublished":"2025-05-21T06:26:14+00:00","description":"Le Centre Patronal rach\u00e8te Trianon, leader dans le domaine de l'externalisation des services RH et de la gestion des caisses de pension.","breadcrumb":{"@id":"https:\/\/www.organisator.ch\/management\/2025-05-21\/centre-patronal-erwirbt-trianon-von-der-mobiliar\/#breadcrumb"},"inLanguage":"fr-FR","potentialAction":[{"@type":"ReadAction","target":["https:\/\/www.organisator.ch\/management\/2025-05-21\/centre-patronal-erwirbt-trianon-von-der-mobiliar\/"]}]},{"@type":"ImageObject","inLanguage":"fr-FR","@id":"https:\/\/www.organisator.ch\/management\/2025-05-21\/centre-patronal-erwirbt-trianon-von-der-mobiliar\/#primaryimage","url":"https:\/\/www.organisator.ch\/wp-content\/uploads\/2025\/05\/Centre-Patronal-erwirbt-Trianon-von-der-Mobiliar_Organisator.jpg","contentUrl":"https:\/\/www.organisator.ch\/wp-content\/uploads\/2025\/05\/Centre-Patronal-erwirbt-Trianon-von-der-Mobiliar_Organisator.jpg","width":680,"height":269,"caption":"Die Mobiliar fokussiert auf ihr Kerngesch\u00e4ft und hat Trianon AG an das Centre Patronal verkauft."},{"@type":"BreadcrumbList","@id":"https:\/\/www.organisator.ch\/management\/2025-05-21\/centre-patronal-erwirbt-trianon-von-der-mobiliar\/#breadcrumb","itemListElement":[{"@type":"ListItem","position":1,"name":"Home","item":"https:\/\/www.organisator.ch\/"},{"@type":"ListItem","position":2,"name":"Centre Patronal erwirbt Trianon von der Mobiliar"}]},{"@type":"WebSite","@id":"https:\/\/www.organisator.ch\/#website","url":"https:\/\/www.organisator.ch\/","name":"Organisateur","description":"Comp\u00e9tence et comp\u00e9tence. Proches de la pratique. L'ORGANISATEUR pr\u00e9pare 10 num\u00e9ros par an sur les th\u00e8mes essentiels pour les dirigeants de PME.","publisher":{"@id":"https:\/\/www.organisator.ch\/#organization"},"potentialAction":[{"@type":"SearchAction","target":{"@type":"EntryPoint","urlTemplate":"https:\/\/www.organisator.ch\/?s={search_term_string}"},"query-input":{"@type":"PropertyValueSpecification","valueRequired":true,"valueName":"search_term_string"}}],"inLanguage":"fr-FR"},{"@type":"Organization","@id":"https:\/\/www.organisator.ch\/#organization","name":"Organisateur","url":"https:\/\/www.organisator.ch\/","logo":{"@type":"ImageObject","inLanguage":"fr-FR","@id":"https:\/\/www.organisator.ch\/#\/schema\/logo\/image\/","url":"https:\/\/www.organisator.ch\/wp-content\/uploads\/2022\/01\/Logo_Organisator_Website.png","contentUrl":"https:\/\/www.organisator.ch\/wp-content\/uploads\/2022\/01\/Logo_Organisator_Website.png","width":800,"height":77,"caption":"Organisator"},"image":{"@id":"https:\/\/www.organisator.ch\/#\/schema\/logo\/image\/"},"sameAs":["https:\/\/www.facebook.com\/OrganisatorFachmagazin","https:\/\/www.linkedin.com\/showcase\/organisator-das-magazin-fr-kmu","https:\/\/www.xing.com\/news\/pages\/organisator-ch-695","https:\/\/www.youtube.com\/channel\/UCGP2Sq0iWaZwT3BdIAQFYpw"]},{"@type":"Person","@id":"https:\/\/www.organisator.ch\/#\/schema\/person\/6f650f90b2842cd4c0cc334b4e36f67e","name":"thomas.berner","image":{"@type":"ImageObject","inLanguage":"fr-FR","@id":"https:\/\/secure.gravatar.com\/avatar\/ac5001d2a36cb6c6cd3e50789007ffca834b477b74a2144564522e944eabff61?s=96&d=mm&r=g","url":"https:\/\/secure.gravatar.com\/avatar\/ac5001d2a36cb6c6cd3e50789007ffca834b477b74a2144564522e944eabff61?s=96&d=mm&r=g","contentUrl":"https:\/\/secure.gravatar.com\/avatar\/ac5001d2a36cb6c6cd3e50789007ffca834b477b74a2144564522e944eabff61?s=96&d=mm&r=g","caption":"thomas.berner"},"url":"https:\/\/www.organisator.ch\/fr\/author\/thomas-berner\/"}]}},"_links":{"self":[{"href":"https:\/\/www.organisator.ch\/fr\/wp-json\/wp\/v2\/posts\/38480","targetHints":{"allow":["GET"]}}],"collection":[{"href":"https:\/\/www.organisator.ch\/fr\/wp-json\/wp\/v2\/posts"}],"about":[{"href":"https:\/\/www.organisator.ch\/fr\/wp-json\/wp\/v2\/types\/post"}],"author":[{"embeddable":true,"href":"https:\/\/www.organisator.ch\/fr\/wp-json\/wp\/v2\/users\/4"}],"replies":[{"embeddable":true,"href":"https:\/\/www.organisator.ch\/fr\/wp-json\/wp\/v2\/comments?post=38480"}],"version-history":[{"count":3,"href":"https:\/\/www.organisator.ch\/fr\/wp-json\/wp\/v2\/posts\/38480\/revisions"}],"predecessor-version":[{"id":38514,"href":"https:\/\/www.organisator.ch\/fr\/wp-json\/wp\/v2\/posts\/38480\/revisions\/38514"}],"wp:featuredmedia":[{"embeddable":true,"href":"https:\/\/www.organisator.ch\/fr\/wp-json\/wp\/v2\/media\/38481"}],"wp:attachment":[{"href":"https:\/\/www.organisator.ch\/fr\/wp-json\/wp\/v2\/media?parent=38480"}],"wp:term":[{"taxonomy":"category","embeddable":true,"href":"https:\/\/www.organisator.ch\/fr\/wp-json\/wp\/v2\/categories?post=38480"},{"taxonomy":"post_tag","embeddable":true,"href":"https:\/\/www.organisator.ch\/fr\/wp-json\/wp\/v2\/tags?post=38480"}],"curies":[{"name":"wp","href":"https:\/\/api.w.org\/{rel}","templated":true}]}}