{"id":38502,"date":"2025-05-21T12:41:02","date_gmt":"2025-05-21T10:41:02","guid":{"rendered":"https:\/\/www.markt-kom.com\/?p=235087"},"modified":"2025-05-21T14:07:20","modified_gmt":"2025-05-21T12:07:20","slug":"100-jahr-feierlichkeiten-migros-startet-merci-tage-mit-aktionen-in-allen-filialen","status":"publish","type":"post","link":"https:\/\/www.organisator.ch\/fr\/marketing\/2025-05-21\/100-jahr-feierlichkeiten-migros-startet-merci-tage-mit-aktionen-in-allen-filialen\/","title":{"rendered":"C\u00e9l\u00e9bration du 100e anniversaire : Migros lance les \"Journ\u00e9es Merci\" avec des actions dans tous ses magasins"},"content":{"rendered":"<p><a href=\"https:\/\/www.markt-kom.com\/wp-content\/uploads\/2025\/05\/merci-100-jahre-migros.jpg\"><img class=\"aligncenter size-full wp-image-235088\" src=\"https:\/\/www.markt-kom.com\/wp-content\/uploads\/2025\/05\/merci-100-jahre-migros.jpg\" sizes=\"(max-width: 1200px) 100vw, 1200px\" srcset=\"https:\/\/www.markt-kom.com\/wp-content\/uploads\/2025\/05\/merci-100-jahre-migros.jpg 1200w, https:\/\/www.markt-kom.com\/wp-content\/uploads\/2025\/05\/merci-100-jahre-migros-600x320.jpg 600w, https:\/\/www.markt-kom.com\/wp-content\/uploads\/2025\/05\/merci-100-jahre-migros-1024x546.jpg 1024w, https:\/\/www.markt-kom.com\/wp-content\/uploads\/2025\/05\/merci-100-jahre-migros-768x410.jpg 768w, https:\/\/www.markt-kom.com\/wp-content\/uploads\/2025\/05\/merci-100-jahre-migros-18x10.jpg 18w, https:\/\/www.markt-kom.com\/wp-content\/uploads\/2025\/05\/merci-100-jahre-migros-328x175.jpg 328w, https:\/\/www.markt-kom.com\/wp-content\/uploads\/2025\/05\/merci-100-jahre-migros-656x350.jpg 656w, https:\/\/www.markt-kom.com\/wp-content\/uploads\/2025\/05\/merci-100-jahre-migros-1000x533.jpg 1000w\" alt=\"\" width=\"1200\" height=\"640\" \/><\/a><\/p>\r\n<p>Dans le cadre de ses multiples mesures, Migros pr\u00e9voit le week-end prochain une action dans toute la Suisse avec un contact direct avec la client\u00e8le. Des collaborateurs accueilleront les clients avec des boissons telles que le nouveau \"vin non mousseux\" sans alcool, le Migros Ice Tea ou le caf\u00e9 du syst\u00e8me Coffee-B. Une tartelette aux abricots nouvellement cr\u00e9\u00e9e sera distribu\u00e9e \u00e0 la caisse et les enfants recevront du mat\u00e9riel de bricolage - dans la limite des stocks disponibles. En outre, des murs \u00e0 selfies dans 80 grands sites et des interventions musicales devraient cr\u00e9er une ambiance.<\/p>\r\n<p>L'action se veut un geste d'estime en cette ann\u00e9e de jubil\u00e9. Selon Migros, elle vise \u00e0 souligner la proximit\u00e9 avec la client\u00e8le et \u00e0 montrer que m\u00eame les petits gestes peuvent avoir un grand impact.<\/p>\r\n<hr \/>\r\n<p><em>La campagne d'anniversaire de Wirz pour Migros a \u00e9t\u00e9 lanc\u00e9e au d\u00e9but de l'ann\u00e9e. Plus d'informations sur <a href=\"https:\/\/www.markt-kom.com\/de\/kreativity\/kampagnen\/zum-hundertjaehrigen-wirz-und-migros-feiern-eine-jahrtausend-idee\/\" rel=\"noopener\">\u00e0 ce sujet ici<\/a>.<\/em><\/p>","protected":false},"excerpt":{"rendered":"<p>A l'occasion de son centenaire, Migros remerciera sa client\u00e8le vendredi et samedi avec des \"actions sp\u00e9ciales\". Au centre de ces \"Journ\u00e9es Merci\", des rencontres personnelles et de petites attentions dans les 642 magasins.<\/p>","protected":false},"author":8,"featured_media":0,"comment_status":"closed","ping_status":"closed","sticky":false,"template":"","format":"standard","meta":{"_acf_changed":false,"_yoast_wpseo_focuskw":"Merci-Tage","_yoast_wpseo_metadesc":"Zum 100-Jahr-Jubil\u00e4um bedankt sich die Migros am Freitag und Samstag mit \u00abbesonderen Aktionen\u00bb bei ihrer Kundschaft: \u00abMerci-Tage\u00bb.","articlekey":"","footnotes":""},"categories":[29],"tags":[3357,4343,1708],"class_list":["post-38502","post","type-post","status-publish","format-standard","hentry","category-marketing","tag-live-kommunikation","tag-markom","tag-migros"],"acf":[],"yoast_head":"<!-- This site is optimized with the Yoast SEO plugin v27.4 - https:\/\/yoast.com\/product\/yoast-seo-wordpress\/ -->\n<title>100-Jahr-Feierlichkeiten: Migros startet \u00abMerci-Tage\u00bb mit Aktionen in allen Filialen - Organisator<\/title>\n<meta name=\"description\" content=\"Zum 100-Jahr-Jubil\u00e4um bedankt sich die Migros am Freitag und Samstag mit \u00abbesonderen Aktionen\u00bb bei ihrer Kundschaft: \u00abMerci-Tage\u00bb.\" \/>\n<meta name=\"robots\" content=\"index, follow, max-snippet:-1, max-image-preview:large, max-video-preview:-1\" \/>\n<link rel=\"canonical\" href=\"https:\/\/www.organisator.ch\/fr\/marketing\/2025-05-21\/100-jahr-feierlichkeiten-migros-startet-merci-tage-mit-aktionen-in-allen-filialen\/\" \/>\n<meta property=\"og:locale\" content=\"fr_FR\" \/>\n<meta property=\"og:type\" content=\"article\" \/>\n<meta property=\"og:title\" content=\"100-Jahr-Feierlichkeiten: Migros startet \u00abMerci-Tage\u00bb mit Aktionen in allen Filialen - Organisator\" \/>\n<meta property=\"og:description\" content=\"Zum 100-Jahr-Jubil\u00e4um bedankt sich die Migros am Freitag und Samstag mit \u00abbesonderen Aktionen\u00bb bei ihrer Kundschaft: \u00abMerci-Tage\u00bb.\" \/>\n<meta property=\"og:url\" content=\"https:\/\/www.organisator.ch\/fr\/marketing\/2025-05-21\/100-jahr-feierlichkeiten-migros-startet-merci-tage-mit-aktionen-in-allen-filialen\/\" \/>\n<meta property=\"og:site_name\" content=\"Organisator\" \/>\n<meta property=\"article:publisher\" content=\"https:\/\/www.facebook.com\/OrganisatorFachmagazin\" \/>\n<meta property=\"article:published_time\" content=\"2025-05-21T10:41:02+00:00\" \/>\n<meta property=\"article:modified_time\" content=\"2025-05-21T12:07:20+00:00\" \/>\n<meta name=\"author\" content=\"galledia\" \/>\n<meta name=\"twitter:card\" content=\"summary_large_image\" \/>\n<meta name=\"twitter:creator\" content=\"@admin\" \/>\n<script type=\"application\/ld+json\" class=\"yoast-schema-graph\">{\"@context\":\"https:\\\/\\\/schema.org\",\"@graph\":[{\"@type\":\"Article\",\"@id\":\"https:\\\/\\\/www.organisator.ch\\\/marketing\\\/2025-05-21\\\/100-jahr-feierlichkeiten-migros-startet-merci-tage-mit-aktionen-in-allen-filialen\\\/#article\",\"isPartOf\":{\"@id\":\"https:\\\/\\\/www.organisator.ch\\\/marketing\\\/2025-05-21\\\/100-jahr-feierlichkeiten-migros-startet-merci-tage-mit-aktionen-in-allen-filialen\\\/\"},\"author\":{\"name\":\"galledia\",\"@id\":\"https:\\\/\\\/www.organisator.ch\\\/#\\\/schema\\\/person\\\/4e51799071cd2dd1232ac003643ef5f0\"},\"headline\":\"100-Jahr-Feierlichkeiten: Migros startet \u00abMerci-Tage\u00bb mit Aktionen in allen Filialen\",\"datePublished\":\"2025-05-21T10:41:02+00:00\",\"dateModified\":\"2025-05-21T12:07:20+00:00\",\"mainEntityOfPage\":{\"@id\":\"https:\\\/\\\/www.organisator.ch\\\/marketing\\\/2025-05-21\\\/100-jahr-feierlichkeiten-migros-startet-merci-tage-mit-aktionen-in-allen-filialen\\\/\"},\"wordCount\":130,\"publisher\":{\"@id\":\"https:\\\/\\\/www.organisator.ch\\\/#organization\"},\"image\":{\"@id\":\"https:\\\/\\\/www.organisator.ch\\\/marketing\\\/2025-05-21\\\/100-jahr-feierlichkeiten-migros-startet-merci-tage-mit-aktionen-in-allen-filialen\\\/#primaryimage\"},\"thumbnailUrl\":\"https:\\\/\\\/www.markt-kom.com\\\/wp-content\\\/uploads\\\/2025\\\/05\\\/merci-100-jahre-migros.jpg\",\"keywords\":[\"Live-Kommunikation\",\"MarKom\",\"Migros\"],\"articleSection\":[\"MARKETING\"],\"inLanguage\":\"fr-FR\"},{\"@type\":\"WebPage\",\"@id\":\"https:\\\/\\\/www.organisator.ch\\\/marketing\\\/2025-05-21\\\/100-jahr-feierlichkeiten-migros-startet-merci-tage-mit-aktionen-in-allen-filialen\\\/\",\"url\":\"https:\\\/\\\/www.organisator.ch\\\/marketing\\\/2025-05-21\\\/100-jahr-feierlichkeiten-migros-startet-merci-tage-mit-aktionen-in-allen-filialen\\\/\",\"name\":\"100-Jahr-Feierlichkeiten: Migros startet \u00abMerci-Tage\u00bb mit Aktionen in allen Filialen - Organisator\",\"isPartOf\":{\"@id\":\"https:\\\/\\\/www.organisator.ch\\\/#website\"},\"primaryImageOfPage\":{\"@id\":\"https:\\\/\\\/www.organisator.ch\\\/marketing\\\/2025-05-21\\\/100-jahr-feierlichkeiten-migros-startet-merci-tage-mit-aktionen-in-allen-filialen\\\/#primaryimage\"},\"image\":{\"@id\":\"https:\\\/\\\/www.organisator.ch\\\/marketing\\\/2025-05-21\\\/100-jahr-feierlichkeiten-migros-startet-merci-tage-mit-aktionen-in-allen-filialen\\\/#primaryimage\"},\"thumbnailUrl\":\"https:\\\/\\\/www.markt-kom.com\\\/wp-content\\\/uploads\\\/2025\\\/05\\\/merci-100-jahre-migros.jpg\",\"datePublished\":\"2025-05-21T10:41:02+00:00\",\"dateModified\":\"2025-05-21T12:07:20+00:00\",\"description\":\"Zum 100-Jahr-Jubil\u00e4um bedankt sich die Migros am Freitag und Samstag mit \u00abbesonderen Aktionen\u00bb bei ihrer Kundschaft: \u00abMerci-Tage\u00bb.\",\"breadcrumb\":{\"@id\":\"https:\\\/\\\/www.organisator.ch\\\/marketing\\\/2025-05-21\\\/100-jahr-feierlichkeiten-migros-startet-merci-tage-mit-aktionen-in-allen-filialen\\\/#breadcrumb\"},\"inLanguage\":\"fr-FR\",\"potentialAction\":[{\"@type\":\"ReadAction\",\"target\":[\"https:\\\/\\\/www.organisator.ch\\\/marketing\\\/2025-05-21\\\/100-jahr-feierlichkeiten-migros-startet-merci-tage-mit-aktionen-in-allen-filialen\\\/\"]}]},{\"@type\":\"ImageObject\",\"inLanguage\":\"fr-FR\",\"@id\":\"https:\\\/\\\/www.organisator.ch\\\/marketing\\\/2025-05-21\\\/100-jahr-feierlichkeiten-migros-startet-merci-tage-mit-aktionen-in-allen-filialen\\\/#primaryimage\",\"url\":\"https:\\\/\\\/www.markt-kom.com\\\/wp-content\\\/uploads\\\/2025\\\/05\\\/merci-100-jahre-migros.jpg\",\"contentUrl\":\"https:\\\/\\\/www.markt-kom.com\\\/wp-content\\\/uploads\\\/2025\\\/05\\\/merci-100-jahre-migros.jpg\"},{\"@type\":\"BreadcrumbList\",\"@id\":\"https:\\\/\\\/www.organisator.ch\\\/marketing\\\/2025-05-21\\\/100-jahr-feierlichkeiten-migros-startet-merci-tage-mit-aktionen-in-allen-filialen\\\/#breadcrumb\",\"itemListElement\":[{\"@type\":\"ListItem\",\"position\":1,\"name\":\"Home\",\"item\":\"https:\\\/\\\/www.organisator.ch\\\/\"},{\"@type\":\"ListItem\",\"position\":2,\"name\":\"100-Jahr-Feierlichkeiten: Migros startet \u00abMerci-Tage\u00bb mit Aktionen in allen Filialen\"}]},{\"@type\":\"WebSite\",\"@id\":\"https:\\\/\\\/www.organisator.ch\\\/#website\",\"url\":\"https:\\\/\\\/www.organisator.ch\\\/\",\"name\":\"Organisator\",\"description\":\"Kompetent. Praxisnah. Der ORGANISATOR bereitet in 10 Ausgaben pro Jahr die wesentlichen Themen f\u00fcr F\u00fchrungskr\u00e4fte von KMU auf.\",\"publisher\":{\"@id\":\"https:\\\/\\\/www.organisator.ch\\\/#organization\"},\"potentialAction\":[{\"@type\":\"SearchAction\",\"target\":{\"@type\":\"EntryPoint\",\"urlTemplate\":\"https:\\\/\\\/www.organisator.ch\\\/?s={search_term_string}\"},\"query-input\":{\"@type\":\"PropertyValueSpecification\",\"valueRequired\":true,\"valueName\":\"search_term_string\"}}],\"inLanguage\":\"fr-FR\"},{\"@type\":\"Organization\",\"@id\":\"https:\\\/\\\/www.organisator.ch\\\/#organization\",\"name\":\"Organisator\",\"url\":\"https:\\\/\\\/www.organisator.ch\\\/\",\"logo\":{\"@type\":\"ImageObject\",\"inLanguage\":\"fr-FR\",\"@id\":\"https:\\\/\\\/www.organisator.ch\\\/#\\\/schema\\\/logo\\\/image\\\/\",\"url\":\"https:\\\/\\\/www.organisator.ch\\\/wp-content\\\/uploads\\\/2022\\\/01\\\/Logo_Organisator_Website.png\",\"contentUrl\":\"https:\\\/\\\/www.organisator.ch\\\/wp-content\\\/uploads\\\/2022\\\/01\\\/Logo_Organisator_Website.png\",\"width\":800,\"height\":77,\"caption\":\"Organisator\"},\"image\":{\"@id\":\"https:\\\/\\\/www.organisator.ch\\\/#\\\/schema\\\/logo\\\/image\\\/\"},\"sameAs\":[\"https:\\\/\\\/www.facebook.com\\\/OrganisatorFachmagazin\",\"https:\\\/\\\/www.linkedin.com\\\/showcase\\\/organisator-das-magazin-fr-kmu\",\"https:\\\/\\\/www.xing.com\\\/news\\\/pages\\\/organisator-ch-695\",\"https:\\\/\\\/www.youtube.com\\\/channel\\\/UCGP2Sq0iWaZwT3BdIAQFYpw\"]},{\"@type\":\"Person\",\"@id\":\"https:\\\/\\\/www.organisator.ch\\\/#\\\/schema\\\/person\\\/4e51799071cd2dd1232ac003643ef5f0\",\"name\":\"galledia\",\"image\":{\"@type\":\"ImageObject\",\"inLanguage\":\"fr-FR\",\"@id\":\"https:\\\/\\\/secure.gravatar.com\\\/avatar\\\/78a7f90c01fc2bfc875782a0d4922b37cde2cf184ce347b91316d23cd7f69a36?s=96&d=mm&r=g\",\"url\":\"https:\\\/\\\/secure.gravatar.com\\\/avatar\\\/78a7f90c01fc2bfc875782a0d4922b37cde2cf184ce347b91316d23cd7f69a36?s=96&d=mm&r=g\",\"contentUrl\":\"https:\\\/\\\/secure.gravatar.com\\\/avatar\\\/78a7f90c01fc2bfc875782a0d4922b37cde2cf184ce347b91316d23cd7f69a36?s=96&d=mm&r=g\",\"caption\":\"galledia\"},\"sameAs\":[\"https:\\\/\\\/x.com\\\/admin\"],\"url\":\"https:\\\/\\\/www.organisator.ch\\\/fr\\\/author\\\/galledia\\\/\"}]}<\/script>\n<!-- \/ Yoast SEO plugin. -->","yoast_head_json":{"title":"C\u00e9l\u00e9bration du 100e anniversaire : Migros lance les \"Journ\u00e9es Merci\" avec des actions dans tous ses magasins - Organisateur","description":"A l'occasion de son centenaire, Migros remercie sa client\u00e8le vendredi et samedi avec des \"actions sp\u00e9ciales\" : les \"journ\u00e9es Merci\".","robots":{"index":"index","follow":"follow","max-snippet":"max-snippet:-1","max-image-preview":"max-image-preview:large","max-video-preview":"max-video-preview:-1"},"canonical":"https:\/\/www.organisator.ch\/fr\/marketing\/2025-05-21\/100-jahr-feierlichkeiten-migros-startet-merci-tage-mit-aktionen-in-allen-filialen\/","og_locale":"fr_FR","og_type":"article","og_title":"100-Jahr-Feierlichkeiten: Migros startet \u00abMerci-Tage\u00bb mit Aktionen in allen Filialen - Organisator","og_description":"Zum 100-Jahr-Jubil\u00e4um bedankt sich die Migros am Freitag und Samstag mit \u00abbesonderen Aktionen\u00bb bei ihrer Kundschaft: \u00abMerci-Tage\u00bb.","og_url":"https:\/\/www.organisator.ch\/fr\/marketing\/2025-05-21\/100-jahr-feierlichkeiten-migros-startet-merci-tage-mit-aktionen-in-allen-filialen\/","og_site_name":"Organisator","article_publisher":"https:\/\/www.facebook.com\/OrganisatorFachmagazin","article_published_time":"2025-05-21T10:41:02+00:00","article_modified_time":"2025-05-21T12:07:20+00:00","author":"galledia","twitter_card":"summary_large_image","twitter_creator":"@admin","schema":{"@context":"https:\/\/schema.org","@graph":[{"@type":"Article","@id":"https:\/\/www.organisator.ch\/marketing\/2025-05-21\/100-jahr-feierlichkeiten-migros-startet-merci-tage-mit-aktionen-in-allen-filialen\/#article","isPartOf":{"@id":"https:\/\/www.organisator.ch\/marketing\/2025-05-21\/100-jahr-feierlichkeiten-migros-startet-merci-tage-mit-aktionen-in-allen-filialen\/"},"author":{"name":"galledia","@id":"https:\/\/www.organisator.ch\/#\/schema\/person\/4e51799071cd2dd1232ac003643ef5f0"},"headline":"100-Jahr-Feierlichkeiten: Migros startet \u00abMerci-Tage\u00bb mit Aktionen in allen Filialen","datePublished":"2025-05-21T10:41:02+00:00","dateModified":"2025-05-21T12:07:20+00:00","mainEntityOfPage":{"@id":"https:\/\/www.organisator.ch\/marketing\/2025-05-21\/100-jahr-feierlichkeiten-migros-startet-merci-tage-mit-aktionen-in-allen-filialen\/"},"wordCount":130,"publisher":{"@id":"https:\/\/www.organisator.ch\/#organization"},"image":{"@id":"https:\/\/www.organisator.ch\/marketing\/2025-05-21\/100-jahr-feierlichkeiten-migros-startet-merci-tage-mit-aktionen-in-allen-filialen\/#primaryimage"},"thumbnailUrl":"https:\/\/www.markt-kom.com\/wp-content\/uploads\/2025\/05\/merci-100-jahre-migros.jpg","keywords":["Live-Kommunikation","MarKom","Migros"],"articleSection":["MARKETING"],"inLanguage":"fr-FR"},{"@type":"WebPage","@id":"https:\/\/www.organisator.ch\/marketing\/2025-05-21\/100-jahr-feierlichkeiten-migros-startet-merci-tage-mit-aktionen-in-allen-filialen\/","url":"https:\/\/www.organisator.ch\/marketing\/2025-05-21\/100-jahr-feierlichkeiten-migros-startet-merci-tage-mit-aktionen-in-allen-filialen\/","name":"C\u00e9l\u00e9bration du 100e anniversaire : Migros lance les \"Journ\u00e9es Merci\" avec des actions dans tous ses magasins - Organisateur","isPartOf":{"@id":"https:\/\/www.organisator.ch\/#website"},"primaryImageOfPage":{"@id":"https:\/\/www.organisator.ch\/marketing\/2025-05-21\/100-jahr-feierlichkeiten-migros-startet-merci-tage-mit-aktionen-in-allen-filialen\/#primaryimage"},"image":{"@id":"https:\/\/www.organisator.ch\/marketing\/2025-05-21\/100-jahr-feierlichkeiten-migros-startet-merci-tage-mit-aktionen-in-allen-filialen\/#primaryimage"},"thumbnailUrl":"https:\/\/www.markt-kom.com\/wp-content\/uploads\/2025\/05\/merci-100-jahre-migros.jpg","datePublished":"2025-05-21T10:41:02+00:00","dateModified":"2025-05-21T12:07:20+00:00","description":"A l'occasion de son centenaire, Migros remercie sa client\u00e8le vendredi et samedi avec des \"actions sp\u00e9ciales\" : les \"journ\u00e9es Merci\".","breadcrumb":{"@id":"https:\/\/www.organisator.ch\/marketing\/2025-05-21\/100-jahr-feierlichkeiten-migros-startet-merci-tage-mit-aktionen-in-allen-filialen\/#breadcrumb"},"inLanguage":"fr-FR","potentialAction":[{"@type":"ReadAction","target":["https:\/\/www.organisator.ch\/marketing\/2025-05-21\/100-jahr-feierlichkeiten-migros-startet-merci-tage-mit-aktionen-in-allen-filialen\/"]}]},{"@type":"ImageObject","inLanguage":"fr-FR","@id":"https:\/\/www.organisator.ch\/marketing\/2025-05-21\/100-jahr-feierlichkeiten-migros-startet-merci-tage-mit-aktionen-in-allen-filialen\/#primaryimage","url":"https:\/\/www.markt-kom.com\/wp-content\/uploads\/2025\/05\/merci-100-jahre-migros.jpg","contentUrl":"https:\/\/www.markt-kom.com\/wp-content\/uploads\/2025\/05\/merci-100-jahre-migros.jpg"},{"@type":"BreadcrumbList","@id":"https:\/\/www.organisator.ch\/marketing\/2025-05-21\/100-jahr-feierlichkeiten-migros-startet-merci-tage-mit-aktionen-in-allen-filialen\/#breadcrumb","itemListElement":[{"@type":"ListItem","position":1,"name":"Home","item":"https:\/\/www.organisator.ch\/"},{"@type":"ListItem","position":2,"name":"100-Jahr-Feierlichkeiten: Migros startet \u00abMerci-Tage\u00bb mit Aktionen in allen Filialen"}]},{"@type":"WebSite","@id":"https:\/\/www.organisator.ch\/#website","url":"https:\/\/www.organisator.ch\/","name":"Organisateur","description":"Comp\u00e9tence et comp\u00e9tence. Proches de la pratique. L'ORGANISATEUR pr\u00e9pare 10 num\u00e9ros par an sur les th\u00e8mes essentiels pour les dirigeants de PME.","publisher":{"@id":"https:\/\/www.organisator.ch\/#organization"},"potentialAction":[{"@type":"SearchAction","target":{"@type":"EntryPoint","urlTemplate":"https:\/\/www.organisator.ch\/?s={search_term_string}"},"query-input":{"@type":"PropertyValueSpecification","valueRequired":true,"valueName":"search_term_string"}}],"inLanguage":"fr-FR"},{"@type":"Organization","@id":"https:\/\/www.organisator.ch\/#organization","name":"Organisateur","url":"https:\/\/www.organisator.ch\/","logo":{"@type":"ImageObject","inLanguage":"fr-FR","@id":"https:\/\/www.organisator.ch\/#\/schema\/logo\/image\/","url":"https:\/\/www.organisator.ch\/wp-content\/uploads\/2022\/01\/Logo_Organisator_Website.png","contentUrl":"https:\/\/www.organisator.ch\/wp-content\/uploads\/2022\/01\/Logo_Organisator_Website.png","width":800,"height":77,"caption":"Organisator"},"image":{"@id":"https:\/\/www.organisator.ch\/#\/schema\/logo\/image\/"},"sameAs":["https:\/\/www.facebook.com\/OrganisatorFachmagazin","https:\/\/www.linkedin.com\/showcase\/organisator-das-magazin-fr-kmu","https:\/\/www.xing.com\/news\/pages\/organisator-ch-695","https:\/\/www.youtube.com\/channel\/UCGP2Sq0iWaZwT3BdIAQFYpw"]},{"@type":"Person","@id":"https:\/\/www.organisator.ch\/#\/schema\/person\/4e51799071cd2dd1232ac003643ef5f0","name":"galledia","image":{"@type":"ImageObject","inLanguage":"fr-FR","@id":"https:\/\/secure.gravatar.com\/avatar\/78a7f90c01fc2bfc875782a0d4922b37cde2cf184ce347b91316d23cd7f69a36?s=96&d=mm&r=g","url":"https:\/\/secure.gravatar.com\/avatar\/78a7f90c01fc2bfc875782a0d4922b37cde2cf184ce347b91316d23cd7f69a36?s=96&d=mm&r=g","contentUrl":"https:\/\/secure.gravatar.com\/avatar\/78a7f90c01fc2bfc875782a0d4922b37cde2cf184ce347b91316d23cd7f69a36?s=96&d=mm&r=g","caption":"galledia"},"sameAs":["https:\/\/x.com\/admin"],"url":"https:\/\/www.organisator.ch\/fr\/author\/galledia\/"}]}},"_links":{"self":[{"href":"https:\/\/www.organisator.ch\/fr\/wp-json\/wp\/v2\/posts\/38502","targetHints":{"allow":["GET"]}}],"collection":[{"href":"https:\/\/www.organisator.ch\/fr\/wp-json\/wp\/v2\/posts"}],"about":[{"href":"https:\/\/www.organisator.ch\/fr\/wp-json\/wp\/v2\/types\/post"}],"author":[{"embeddable":true,"href":"https:\/\/www.organisator.ch\/fr\/wp-json\/wp\/v2\/users\/8"}],"replies":[{"embeddable":true,"href":"https:\/\/www.organisator.ch\/fr\/wp-json\/wp\/v2\/comments?post=38502"}],"version-history":[{"count":3,"href":"https:\/\/www.organisator.ch\/fr\/wp-json\/wp\/v2\/posts\/38502\/revisions"}],"predecessor-version":[{"id":38507,"href":"https:\/\/www.organisator.ch\/fr\/wp-json\/wp\/v2\/posts\/38502\/revisions\/38507"}],"wp:attachment":[{"href":"https:\/\/www.organisator.ch\/fr\/wp-json\/wp\/v2\/media?parent=38502"}],"wp:term":[{"taxonomy":"category","embeddable":true,"href":"https:\/\/www.organisator.ch\/fr\/wp-json\/wp\/v2\/categories?post=38502"},{"taxonomy":"post_tag","embeddable":true,"href":"https:\/\/www.organisator.ch\/fr\/wp-json\/wp\/v2\/tags?post=38502"}],"curies":[{"name":"wp","href":"https:\/\/api.w.org\/{rel}","templated":true}]}}