{"id":38508,"date":"2025-05-22T04:03:18","date_gmt":"2025-05-22T02:03:18","guid":{"rendered":"https:\/\/www.m-q.ch\/?p=21495"},"modified":"2025-05-21T15:04:29","modified_gmt":"2025-05-21T13:04:29","slug":"lebensmittelverschwendung-reduzieren-unternehmen-tun-zu-wenig","status":"publish","type":"post","link":"https:\/\/www.organisator.ch\/fr\/sustainability\/2025-05-22\/lebensmittelverschwendung-reduzieren-unternehmen-tun-zu-wenig\/","title":{"rendered":"R\u00e9duire le gaspillage alimentaire : Les entreprises n'en font pas assez"},"content":{"rendered":"<figure id=\"attachment_21496\" class=\"wp-caption alignnone\" style=\"width: 680px;\" aria-describedby=\"caption-attachment-21496\"><img class=\"size-full wp-image-21496\" src=\"https:\/\/www.m-q.ch\/wp-content\/uploads\/2025\/05\/Lebensmittelverschwendung-reduzieren-Unternehmen-tun-zu-wenig_MQ.jpg\" sizes=\"(max-width: 680px) 100vw, 680px\" srcset=\"https:\/\/www.m-q.ch\/wp-content\/uploads\/2025\/05\/Lebensmittelverschwendung-reduzieren-Unternehmen-tun-zu-wenig_MQ.jpg 680w, https:\/\/www.m-q.ch\/wp-content\/uploads\/2025\/05\/Lebensmittelverschwendung-reduzieren-Unternehmen-tun-zu-wenig_MQ-18x12.jpg 18w, https:\/\/www.m-q.ch\/wp-content\/uploads\/2025\/05\/Lebensmittelverschwendung-reduzieren-Unternehmen-tun-zu-wenig_MQ-375x223.jpg 375w, https:\/\/www.m-q.ch\/wp-content\/uploads\/2025\/05\/Lebensmittelverschwendung-reduzieren-Unternehmen-tun-zu-wenig_MQ-588x350.jpg 588w\" alt=\"\" width=\"680\" height=\"405\" \/>\r\n<figcaption id=\"caption-attachment-21496\" class=\"wp-caption-text\">Les rayons bien remplis ne doivent pas faire oublier que le gaspillage alimentaire reste un probl\u00e8me majeur. (Image : GettyImages \/ DNV)<\/figcaption>\r\n<\/figure>\r\n<p>Une nouvelle enqu\u00eate mondiale men\u00e9e par la soci\u00e9t\u00e9 de certification DNV montre que si six entreprises alimentaires et de boissons sur dix reconnaissent que le gaspillage et les pertes alimentaires constituent un probl\u00e8me important, moins d'un quart d'entre elles ont plac\u00e9 ce th\u00e8me en t\u00eate de leur agenda strat\u00e9gique. Cela indique un \u00e9cart important entre la prise de conscience et l'action. Dans l'enqu\u00eate ViewPoint, \u00e0 laquelle 375 entreprises d'Europe, d'Am\u00e9rique et d'Asie ont particip\u00e9, 85 pour cent des entreprises d\u00e9clarent certes prendre des mesures pour r\u00e9duire les pertes et le gaspillage alimentaires, mais seules 44 pour cent disposent de syst\u00e8mes \u00e9tablis. En outre, moins d'une entreprise sur trois est inform\u00e9e de l'introduction prochaine de la norme de syst\u00e8me de gestion ISO 20001, qui doit aider les entreprises \u00e0 minimiser les pertes et le gaspillage alimentaires tout au long de la cha\u00eene d'approvisionnement.<\/p>\r\n<h3>Probl\u00e8me identifi\u00e9 - solutions manquantes<\/h3>\r\n<p>\"Les pertes et le gaspillage alimentaires repr\u00e9sentent \u00e0 la fois un d\u00e9fi pour la durabilit\u00e9 et une opportunit\u00e9 commerciale manqu\u00e9e. Nos r\u00e9sultats indiquent que, bien que les entreprises reconnaissent l'ampleur du probl\u00e8me, beaucoup n'en sont qu'au d\u00e9but de leur parcours vers des solutions plus efficaces et structur\u00e9es \u00e0 l'\u00e9chelle du syst\u00e8me\", a d\u00e9clar\u00e9 Barbara Frencia, PDG de Business Assurance chez DNV. Le rapport met en \u00e9vidence la complexit\u00e9 et l'ampleur du probl\u00e8me. Les entreprises citent une multitude de causes, de l'inefficacit\u00e9 des processus et des erreurs humaines aux dates limites de conservation et \u00e0 la surproduction. Pourtant, 43 % des personnes interrog\u00e9es pensent que plus de 10 % des pertes et gaspillages alimentaires in\u00e9vitables pourraient \u00eatre r\u00e9utilis\u00e9s \u00e0 d'autres fins - mais actuellement, seuls 19 % le font.<\/p>\r\n<h3>Le gaspillage alimentaire pose des probl\u00e8mes de durabilit\u00e9<\/h3>\r\n<p>Les pertes et le gaspillage alimentaires deviennent de plus en plus un probl\u00e8me de durabilit\u00e9 et un fardeau financier pour l'industrie mondiale de l'alimentation et des boissons. Selon le Programme des Nations unies pour l'environnement, plus d'un milliard de tonnes de nourriture seront gaspill\u00e9es dans le monde en 2022. L'enqu\u00eate souligne l'opportunit\u00e9 - et la responsabilit\u00e9 - collective du secteur d'\u00eatre le moteur d'un changement important. \"Il existe des raisons \u00e9conomiques \u00e9videntes de s'attaquer r\u00e9solument aux pertes et au gaspillage alimentaires afin de r\u00e9duire les co\u00fbts tout en contribuant \u00e0 nourrir la population mondiale. Une approche structur\u00e9e, des donn\u00e9es fiables et des normes de bonnes pratiques sont essentielles pour que les entreprises puissent traduire leurs intentions en r\u00e9sultats mesurables\", conclut Frencia.<\/p>\r\n<h3>Autres r\u00e9sultats de l'enqu\u00eate<\/h3>\r\n<p>L'enqu\u00eate a r\u00e9v\u00e9l\u00e9 d'autres r\u00e9sultats importants. Ainsi, seulement 24 pour cent des entreprises ont d\u00e9clar\u00e9 que les pertes et le gaspillage alimentaires figuraient en t\u00eate de leur agenda. Et 30 pour cent pensent que seule une petite partie de leur gaspillage alimentaire peut \u00eatre \u00e9vit\u00e9e, tandis que 28 pour cent suppl\u00e9mentaires estiment que la majeure partie pourrait \u00eatre \u00e9vit\u00e9e. De nouveau, 75 pour cent ont int\u00e9gr\u00e9 les pertes et le gaspillage alimentaires dans leurs strat\u00e9gies de durabilit\u00e9, mais seuls 40 pour cent en font publiquement \u00e9tat. Le reporting reste principalement manuel, plus de la moiti\u00e9 des entreprises ayant recours \u00e0 des tableurs.<\/p>\r\n<p><em>Source : <a href=\"https:\/\/www.dnv.de\/assurance\/\">DNV<\/a><\/em><\/p>\n<p class=\"syndicated-attribution\">Cet article est paru initialement sur m-q.ch - <a href=\"https:\/\/www.m-q.ch\/de\/lebensmittelverschwendung-reduzieren-unternehmen-tun-zu-wenig\/\" target=\"_blank\">https:\/\/www.m-q.ch\/de\/lebensmittelverschwendung-reduzieren-unternehmen-tun-zu-wenig\/<\/a><\/p>","protected":false},"excerpt":{"rendered":"<p>Peu d'entreprises adoptent une approche structur\u00e9e pour r\u00e9duire le gaspillage alimentaire. C'est ce que r\u00e9v\u00e8le une nouvelle enqu\u00eate men\u00e9e dans le monde entier.<\/p>","protected":false},"author":8,"featured_media":0,"comment_status":"closed","ping_status":"closed","sticky":false,"template":"","format":"standard","meta":{"_acf_changed":false,"_yoast_wpseo_focuskw":"Lebensmittelverschwendung","_yoast_wpseo_metadesc":"Nur wenige Unternehmen verfolgen einen strukturierten Ansatz zur Reduzierung von Lebensmittelverschwendung. Dies zeigt eine neue Umfrage.","articlekey":"","footnotes":""},"categories":[580],"tags":[103,4494,1610,358,459],"class_list":["post-38508","post","type-post","status-publish","format-standard","hentry","category-sustainability","tag-business-excellence","tag-lebensmittelindustrie","tag-lebensmittelverschwendung","tag-nachhaltige-wirtschaft","tag-studie"],"acf":[],"yoast_head":"<!-- This site is optimized with the Yoast SEO plugin v27.4 - https:\/\/yoast.com\/product\/yoast-seo-wordpress\/ -->\n<title>Lebensmittelverschwendung reduzieren: Unternehmen tun zu wenig - Organisator<\/title>\n<meta name=\"description\" content=\"Nur wenige Unternehmen verfolgen einen strukturierten Ansatz zur Reduzierung von Lebensmittelverschwendung. Dies zeigt eine neue Umfrage.\" \/>\n<meta name=\"robots\" content=\"index, follow, max-snippet:-1, max-image-preview:large, max-video-preview:-1\" \/>\n<link rel=\"canonical\" href=\"https:\/\/www.organisator.ch\/fr\/sustainability\/2025-05-22\/lebensmittelverschwendung-reduzieren-unternehmen-tun-zu-wenig\/\" \/>\n<meta property=\"og:locale\" content=\"fr_FR\" \/>\n<meta property=\"og:type\" content=\"article\" \/>\n<meta property=\"og:title\" content=\"Lebensmittelverschwendung reduzieren: Unternehmen tun zu wenig - Organisator\" \/>\n<meta property=\"og:description\" content=\"Nur wenige Unternehmen verfolgen einen strukturierten Ansatz zur Reduzierung von Lebensmittelverschwendung. Dies zeigt eine neue Umfrage.\" \/>\n<meta property=\"og:url\" content=\"https:\/\/www.organisator.ch\/fr\/sustainability\/2025-05-22\/lebensmittelverschwendung-reduzieren-unternehmen-tun-zu-wenig\/\" \/>\n<meta property=\"og:site_name\" content=\"Organisator\" \/>\n<meta property=\"article:publisher\" content=\"https:\/\/www.facebook.com\/OrganisatorFachmagazin\" \/>\n<meta property=\"article:published_time\" content=\"2025-05-22T02:03:18+00:00\" \/>\n<meta name=\"author\" content=\"galledia\" \/>\n<meta name=\"twitter:card\" content=\"summary_large_image\" \/>\n<meta name=\"twitter:creator\" content=\"@admin\" \/>\n<script type=\"application\/ld+json\" class=\"yoast-schema-graph\">{\"@context\":\"https:\\\/\\\/schema.org\",\"@graph\":[{\"@type\":\"Article\",\"@id\":\"https:\\\/\\\/www.organisator.ch\\\/sustainability\\\/2025-05-22\\\/lebensmittelverschwendung-reduzieren-unternehmen-tun-zu-wenig\\\/#article\",\"isPartOf\":{\"@id\":\"https:\\\/\\\/www.organisator.ch\\\/sustainability\\\/2025-05-22\\\/lebensmittelverschwendung-reduzieren-unternehmen-tun-zu-wenig\\\/\"},\"author\":{\"name\":\"galledia\",\"@id\":\"https:\\\/\\\/www.organisator.ch\\\/#\\\/schema\\\/person\\\/4e51799071cd2dd1232ac003643ef5f0\"},\"headline\":\"Lebensmittelverschwendung reduzieren: Unternehmen tun zu wenig\",\"datePublished\":\"2025-05-22T02:03:18+00:00\",\"mainEntityOfPage\":{\"@id\":\"https:\\\/\\\/www.organisator.ch\\\/sustainability\\\/2025-05-22\\\/lebensmittelverschwendung-reduzieren-unternehmen-tun-zu-wenig\\\/\"},\"wordCount\":460,\"publisher\":{\"@id\":\"https:\\\/\\\/www.organisator.ch\\\/#organization\"},\"image\":{\"@id\":\"https:\\\/\\\/www.organisator.ch\\\/sustainability\\\/2025-05-22\\\/lebensmittelverschwendung-reduzieren-unternehmen-tun-zu-wenig\\\/#primaryimage\"},\"thumbnailUrl\":\"https:\\\/\\\/www.m-q.ch\\\/wp-content\\\/uploads\\\/2025\\\/05\\\/Lebensmittelverschwendung-reduzieren-Unternehmen-tun-zu-wenig_MQ.jpg\",\"keywords\":[\"Business Excellence\",\"Lebensmittelindustrie\",\"Lebensmittelverschwendung\",\"Nachhaltige Wirtschaft\",\"Studie\"],\"articleSection\":[\"SUSTAINABILITY\"],\"inLanguage\":\"fr-FR\"},{\"@type\":\"WebPage\",\"@id\":\"https:\\\/\\\/www.organisator.ch\\\/sustainability\\\/2025-05-22\\\/lebensmittelverschwendung-reduzieren-unternehmen-tun-zu-wenig\\\/\",\"url\":\"https:\\\/\\\/www.organisator.ch\\\/sustainability\\\/2025-05-22\\\/lebensmittelverschwendung-reduzieren-unternehmen-tun-zu-wenig\\\/\",\"name\":\"Lebensmittelverschwendung reduzieren: Unternehmen tun zu wenig - Organisator\",\"isPartOf\":{\"@id\":\"https:\\\/\\\/www.organisator.ch\\\/#website\"},\"primaryImageOfPage\":{\"@id\":\"https:\\\/\\\/www.organisator.ch\\\/sustainability\\\/2025-05-22\\\/lebensmittelverschwendung-reduzieren-unternehmen-tun-zu-wenig\\\/#primaryimage\"},\"image\":{\"@id\":\"https:\\\/\\\/www.organisator.ch\\\/sustainability\\\/2025-05-22\\\/lebensmittelverschwendung-reduzieren-unternehmen-tun-zu-wenig\\\/#primaryimage\"},\"thumbnailUrl\":\"https:\\\/\\\/www.m-q.ch\\\/wp-content\\\/uploads\\\/2025\\\/05\\\/Lebensmittelverschwendung-reduzieren-Unternehmen-tun-zu-wenig_MQ.jpg\",\"datePublished\":\"2025-05-22T02:03:18+00:00\",\"description\":\"Nur wenige Unternehmen verfolgen einen strukturierten Ansatz zur Reduzierung von Lebensmittelverschwendung. Dies zeigt eine neue Umfrage.\",\"breadcrumb\":{\"@id\":\"https:\\\/\\\/www.organisator.ch\\\/sustainability\\\/2025-05-22\\\/lebensmittelverschwendung-reduzieren-unternehmen-tun-zu-wenig\\\/#breadcrumb\"},\"inLanguage\":\"fr-FR\",\"potentialAction\":[{\"@type\":\"ReadAction\",\"target\":[\"https:\\\/\\\/www.organisator.ch\\\/sustainability\\\/2025-05-22\\\/lebensmittelverschwendung-reduzieren-unternehmen-tun-zu-wenig\\\/\"]}]},{\"@type\":\"ImageObject\",\"inLanguage\":\"fr-FR\",\"@id\":\"https:\\\/\\\/www.organisator.ch\\\/sustainability\\\/2025-05-22\\\/lebensmittelverschwendung-reduzieren-unternehmen-tun-zu-wenig\\\/#primaryimage\",\"url\":\"https:\\\/\\\/www.m-q.ch\\\/wp-content\\\/uploads\\\/2025\\\/05\\\/Lebensmittelverschwendung-reduzieren-Unternehmen-tun-zu-wenig_MQ.jpg\",\"contentUrl\":\"https:\\\/\\\/www.m-q.ch\\\/wp-content\\\/uploads\\\/2025\\\/05\\\/Lebensmittelverschwendung-reduzieren-Unternehmen-tun-zu-wenig_MQ.jpg\"},{\"@type\":\"BreadcrumbList\",\"@id\":\"https:\\\/\\\/www.organisator.ch\\\/sustainability\\\/2025-05-22\\\/lebensmittelverschwendung-reduzieren-unternehmen-tun-zu-wenig\\\/#breadcrumb\",\"itemListElement\":[{\"@type\":\"ListItem\",\"position\":1,\"name\":\"Home\",\"item\":\"https:\\\/\\\/www.organisator.ch\\\/\"},{\"@type\":\"ListItem\",\"position\":2,\"name\":\"Lebensmittelverschwendung reduzieren: Unternehmen tun zu wenig\"}]},{\"@type\":\"WebSite\",\"@id\":\"https:\\\/\\\/www.organisator.ch\\\/#website\",\"url\":\"https:\\\/\\\/www.organisator.ch\\\/\",\"name\":\"Organisator\",\"description\":\"Kompetent. Praxisnah. Der ORGANISATOR bereitet in 10 Ausgaben pro Jahr die wesentlichen Themen f\u00fcr F\u00fchrungskr\u00e4fte von KMU auf.\",\"publisher\":{\"@id\":\"https:\\\/\\\/www.organisator.ch\\\/#organization\"},\"potentialAction\":[{\"@type\":\"SearchAction\",\"target\":{\"@type\":\"EntryPoint\",\"urlTemplate\":\"https:\\\/\\\/www.organisator.ch\\\/?s={search_term_string}\"},\"query-input\":{\"@type\":\"PropertyValueSpecification\",\"valueRequired\":true,\"valueName\":\"search_term_string\"}}],\"inLanguage\":\"fr-FR\"},{\"@type\":\"Organization\",\"@id\":\"https:\\\/\\\/www.organisator.ch\\\/#organization\",\"name\":\"Organisator\",\"url\":\"https:\\\/\\\/www.organisator.ch\\\/\",\"logo\":{\"@type\":\"ImageObject\",\"inLanguage\":\"fr-FR\",\"@id\":\"https:\\\/\\\/www.organisator.ch\\\/#\\\/schema\\\/logo\\\/image\\\/\",\"url\":\"https:\\\/\\\/www.organisator.ch\\\/wp-content\\\/uploads\\\/2022\\\/01\\\/Logo_Organisator_Website.png\",\"contentUrl\":\"https:\\\/\\\/www.organisator.ch\\\/wp-content\\\/uploads\\\/2022\\\/01\\\/Logo_Organisator_Website.png\",\"width\":800,\"height\":77,\"caption\":\"Organisator\"},\"image\":{\"@id\":\"https:\\\/\\\/www.organisator.ch\\\/#\\\/schema\\\/logo\\\/image\\\/\"},\"sameAs\":[\"https:\\\/\\\/www.facebook.com\\\/OrganisatorFachmagazin\",\"https:\\\/\\\/www.linkedin.com\\\/showcase\\\/organisator-das-magazin-fr-kmu\",\"https:\\\/\\\/www.xing.com\\\/news\\\/pages\\\/organisator-ch-695\",\"https:\\\/\\\/www.youtube.com\\\/channel\\\/UCGP2Sq0iWaZwT3BdIAQFYpw\"]},{\"@type\":\"Person\",\"@id\":\"https:\\\/\\\/www.organisator.ch\\\/#\\\/schema\\\/person\\\/4e51799071cd2dd1232ac003643ef5f0\",\"name\":\"galledia\",\"image\":{\"@type\":\"ImageObject\",\"inLanguage\":\"fr-FR\",\"@id\":\"https:\\\/\\\/secure.gravatar.com\\\/avatar\\\/78a7f90c01fc2bfc875782a0d4922b37cde2cf184ce347b91316d23cd7f69a36?s=96&d=mm&r=g\",\"url\":\"https:\\\/\\\/secure.gravatar.com\\\/avatar\\\/78a7f90c01fc2bfc875782a0d4922b37cde2cf184ce347b91316d23cd7f69a36?s=96&d=mm&r=g\",\"contentUrl\":\"https:\\\/\\\/secure.gravatar.com\\\/avatar\\\/78a7f90c01fc2bfc875782a0d4922b37cde2cf184ce347b91316d23cd7f69a36?s=96&d=mm&r=g\",\"caption\":\"galledia\"},\"sameAs\":[\"https:\\\/\\\/x.com\\\/admin\"],\"url\":\"https:\\\/\\\/www.organisator.ch\\\/fr\\\/author\\\/galledia\\\/\"}]}<\/script>\n<!-- \/ Yoast SEO plugin. -->","yoast_head_json":{"title":"R\u00e9duire le gaspillage alimentaire : Les entreprises n'en font pas assez - Organisateur","description":"Peu d'entreprises adoptent une approche structur\u00e9e pour r\u00e9duire le gaspillage alimentaire. C'est ce que r\u00e9v\u00e8le une nouvelle enqu\u00eate.","robots":{"index":"index","follow":"follow","max-snippet":"max-snippet:-1","max-image-preview":"max-image-preview:large","max-video-preview":"max-video-preview:-1"},"canonical":"https:\/\/www.organisator.ch\/fr\/sustainability\/2025-05-22\/lebensmittelverschwendung-reduzieren-unternehmen-tun-zu-wenig\/","og_locale":"fr_FR","og_type":"article","og_title":"Lebensmittelverschwendung reduzieren: Unternehmen tun zu wenig - Organisator","og_description":"Nur wenige Unternehmen verfolgen einen strukturierten Ansatz zur Reduzierung von Lebensmittelverschwendung. Dies zeigt eine neue Umfrage.","og_url":"https:\/\/www.organisator.ch\/fr\/sustainability\/2025-05-22\/lebensmittelverschwendung-reduzieren-unternehmen-tun-zu-wenig\/","og_site_name":"Organisator","article_publisher":"https:\/\/www.facebook.com\/OrganisatorFachmagazin","article_published_time":"2025-05-22T02:03:18+00:00","author":"galledia","twitter_card":"summary_large_image","twitter_creator":"@admin","schema":{"@context":"https:\/\/schema.org","@graph":[{"@type":"Article","@id":"https:\/\/www.organisator.ch\/sustainability\/2025-05-22\/lebensmittelverschwendung-reduzieren-unternehmen-tun-zu-wenig\/#article","isPartOf":{"@id":"https:\/\/www.organisator.ch\/sustainability\/2025-05-22\/lebensmittelverschwendung-reduzieren-unternehmen-tun-zu-wenig\/"},"author":{"name":"galledia","@id":"https:\/\/www.organisator.ch\/#\/schema\/person\/4e51799071cd2dd1232ac003643ef5f0"},"headline":"Lebensmittelverschwendung reduzieren: Unternehmen tun zu wenig","datePublished":"2025-05-22T02:03:18+00:00","mainEntityOfPage":{"@id":"https:\/\/www.organisator.ch\/sustainability\/2025-05-22\/lebensmittelverschwendung-reduzieren-unternehmen-tun-zu-wenig\/"},"wordCount":460,"publisher":{"@id":"https:\/\/www.organisator.ch\/#organization"},"image":{"@id":"https:\/\/www.organisator.ch\/sustainability\/2025-05-22\/lebensmittelverschwendung-reduzieren-unternehmen-tun-zu-wenig\/#primaryimage"},"thumbnailUrl":"https:\/\/www.m-q.ch\/wp-content\/uploads\/2025\/05\/Lebensmittelverschwendung-reduzieren-Unternehmen-tun-zu-wenig_MQ.jpg","keywords":["Business Excellence","Lebensmittelindustrie","Lebensmittelverschwendung","Nachhaltige Wirtschaft","Studie"],"articleSection":["SUSTAINABILITY"],"inLanguage":"fr-FR"},{"@type":"WebPage","@id":"https:\/\/www.organisator.ch\/sustainability\/2025-05-22\/lebensmittelverschwendung-reduzieren-unternehmen-tun-zu-wenig\/","url":"https:\/\/www.organisator.ch\/sustainability\/2025-05-22\/lebensmittelverschwendung-reduzieren-unternehmen-tun-zu-wenig\/","name":"R\u00e9duire le gaspillage alimentaire : Les entreprises n'en font pas assez - Organisateur","isPartOf":{"@id":"https:\/\/www.organisator.ch\/#website"},"primaryImageOfPage":{"@id":"https:\/\/www.organisator.ch\/sustainability\/2025-05-22\/lebensmittelverschwendung-reduzieren-unternehmen-tun-zu-wenig\/#primaryimage"},"image":{"@id":"https:\/\/www.organisator.ch\/sustainability\/2025-05-22\/lebensmittelverschwendung-reduzieren-unternehmen-tun-zu-wenig\/#primaryimage"},"thumbnailUrl":"https:\/\/www.m-q.ch\/wp-content\/uploads\/2025\/05\/Lebensmittelverschwendung-reduzieren-Unternehmen-tun-zu-wenig_MQ.jpg","datePublished":"2025-05-22T02:03:18+00:00","description":"Peu d'entreprises adoptent une approche structur\u00e9e pour r\u00e9duire le gaspillage alimentaire. C'est ce que r\u00e9v\u00e8le une nouvelle enqu\u00eate.","breadcrumb":{"@id":"https:\/\/www.organisator.ch\/sustainability\/2025-05-22\/lebensmittelverschwendung-reduzieren-unternehmen-tun-zu-wenig\/#breadcrumb"},"inLanguage":"fr-FR","potentialAction":[{"@type":"ReadAction","target":["https:\/\/www.organisator.ch\/sustainability\/2025-05-22\/lebensmittelverschwendung-reduzieren-unternehmen-tun-zu-wenig\/"]}]},{"@type":"ImageObject","inLanguage":"fr-FR","@id":"https:\/\/www.organisator.ch\/sustainability\/2025-05-22\/lebensmittelverschwendung-reduzieren-unternehmen-tun-zu-wenig\/#primaryimage","url":"https:\/\/www.m-q.ch\/wp-content\/uploads\/2025\/05\/Lebensmittelverschwendung-reduzieren-Unternehmen-tun-zu-wenig_MQ.jpg","contentUrl":"https:\/\/www.m-q.ch\/wp-content\/uploads\/2025\/05\/Lebensmittelverschwendung-reduzieren-Unternehmen-tun-zu-wenig_MQ.jpg"},{"@type":"BreadcrumbList","@id":"https:\/\/www.organisator.ch\/sustainability\/2025-05-22\/lebensmittelverschwendung-reduzieren-unternehmen-tun-zu-wenig\/#breadcrumb","itemListElement":[{"@type":"ListItem","position":1,"name":"Home","item":"https:\/\/www.organisator.ch\/"},{"@type":"ListItem","position":2,"name":"Lebensmittelverschwendung reduzieren: Unternehmen tun zu wenig"}]},{"@type":"WebSite","@id":"https:\/\/www.organisator.ch\/#website","url":"https:\/\/www.organisator.ch\/","name":"Organisateur","description":"Comp\u00e9tence et comp\u00e9tence. Proches de la pratique. L'ORGANISATEUR pr\u00e9pare 10 num\u00e9ros par an sur les th\u00e8mes essentiels pour les dirigeants de PME.","publisher":{"@id":"https:\/\/www.organisator.ch\/#organization"},"potentialAction":[{"@type":"SearchAction","target":{"@type":"EntryPoint","urlTemplate":"https:\/\/www.organisator.ch\/?s={search_term_string}"},"query-input":{"@type":"PropertyValueSpecification","valueRequired":true,"valueName":"search_term_string"}}],"inLanguage":"fr-FR"},{"@type":"Organization","@id":"https:\/\/www.organisator.ch\/#organization","name":"Organisateur","url":"https:\/\/www.organisator.ch\/","logo":{"@type":"ImageObject","inLanguage":"fr-FR","@id":"https:\/\/www.organisator.ch\/#\/schema\/logo\/image\/","url":"https:\/\/www.organisator.ch\/wp-content\/uploads\/2022\/01\/Logo_Organisator_Website.png","contentUrl":"https:\/\/www.organisator.ch\/wp-content\/uploads\/2022\/01\/Logo_Organisator_Website.png","width":800,"height":77,"caption":"Organisator"},"image":{"@id":"https:\/\/www.organisator.ch\/#\/schema\/logo\/image\/"},"sameAs":["https:\/\/www.facebook.com\/OrganisatorFachmagazin","https:\/\/www.linkedin.com\/showcase\/organisator-das-magazin-fr-kmu","https:\/\/www.xing.com\/news\/pages\/organisator-ch-695","https:\/\/www.youtube.com\/channel\/UCGP2Sq0iWaZwT3BdIAQFYpw"]},{"@type":"Person","@id":"https:\/\/www.organisator.ch\/#\/schema\/person\/4e51799071cd2dd1232ac003643ef5f0","name":"galledia","image":{"@type":"ImageObject","inLanguage":"fr-FR","@id":"https:\/\/secure.gravatar.com\/avatar\/78a7f90c01fc2bfc875782a0d4922b37cde2cf184ce347b91316d23cd7f69a36?s=96&d=mm&r=g","url":"https:\/\/secure.gravatar.com\/avatar\/78a7f90c01fc2bfc875782a0d4922b37cde2cf184ce347b91316d23cd7f69a36?s=96&d=mm&r=g","contentUrl":"https:\/\/secure.gravatar.com\/avatar\/78a7f90c01fc2bfc875782a0d4922b37cde2cf184ce347b91316d23cd7f69a36?s=96&d=mm&r=g","caption":"galledia"},"sameAs":["https:\/\/x.com\/admin"],"url":"https:\/\/www.organisator.ch\/fr\/author\/galledia\/"}]}},"_links":{"self":[{"href":"https:\/\/www.organisator.ch\/fr\/wp-json\/wp\/v2\/posts\/38508","targetHints":{"allow":["GET"]}}],"collection":[{"href":"https:\/\/www.organisator.ch\/fr\/wp-json\/wp\/v2\/posts"}],"about":[{"href":"https:\/\/www.organisator.ch\/fr\/wp-json\/wp\/v2\/types\/post"}],"author":[{"embeddable":true,"href":"https:\/\/www.organisator.ch\/fr\/wp-json\/wp\/v2\/users\/8"}],"replies":[{"embeddable":true,"href":"https:\/\/www.organisator.ch\/fr\/wp-json\/wp\/v2\/comments?post=38508"}],"version-history":[{"count":5,"href":"https:\/\/www.organisator.ch\/fr\/wp-json\/wp\/v2\/posts\/38508\/revisions"}],"predecessor-version":[{"id":38523,"href":"https:\/\/www.organisator.ch\/fr\/wp-json\/wp\/v2\/posts\/38508\/revisions\/38523"}],"wp:attachment":[{"href":"https:\/\/www.organisator.ch\/fr\/wp-json\/wp\/v2\/media?parent=38508"}],"wp:term":[{"taxonomy":"category","embeddable":true,"href":"https:\/\/www.organisator.ch\/fr\/wp-json\/wp\/v2\/categories?post=38508"},{"taxonomy":"post_tag","embeddable":true,"href":"https:\/\/www.organisator.ch\/fr\/wp-json\/wp\/v2\/tags?post=38508"}],"curies":[{"name":"wp","href":"https:\/\/api.w.org\/{rel}","templated":true}]}}