{"id":38515,"date":"2025-05-22T07:15:42","date_gmt":"2025-05-22T05:15:42","guid":{"rendered":"https:\/\/www.markt-kom.com\/?p=235095"},"modified":"2025-05-22T07:00:22","modified_gmt":"2025-05-22T05:00:22","slug":"digital-ad-trust-mobile-sichtbarkeit-erreicht-neuen-hoechstwert","status":"publish","type":"post","link":"https:\/\/www.organisator.ch\/fr\/marketing\/2025-05-22\/digital-ad-trust-mobile-sichtbarkeit-erreicht-neuen-hoechstwert\/","title":{"rendered":"Digital Ad Trust : la visibilit\u00e9 sur mobile atteint un nouveau record"},"content":{"rendered":"<figure id=\"attachment_235102\" class=\"wp-caption aligncenter\" style=\"width: 1250px;\" aria-describedby=\"caption-attachment-235102\"><a href=\"https:\/\/www.markt-kom.com\/wp-content\/uploads\/2025\/05\/DAT_Infografik_Visibility_Q1_2025_de.jpg\"><img class=\"wp-image-235102 size-full\" src=\"https:\/\/www.markt-kom.com\/wp-content\/uploads\/2025\/05\/DAT_Infografik_Visibility_Q1_2025_de.jpg\" sizes=\"(max-width: 1250px) 100vw, 1250px\" srcset=\"https:\/\/www.markt-kom.com\/wp-content\/uploads\/2025\/05\/DAT_Infografik_Visibility_Q1_2025_de.jpg 1250w, https:\/\/www.markt-kom.com\/wp-content\/uploads\/2025\/05\/DAT_Infografik_Visibility_Q1_2025_de-600x480.jpg 600w, https:\/\/www.markt-kom.com\/wp-content\/uploads\/2025\/05\/DAT_Infografik_Visibility_Q1_2025_de-1024x819.jpg 1024w, https:\/\/www.markt-kom.com\/wp-content\/uploads\/2025\/05\/DAT_Infografik_Visibility_Q1_2025_de-768x614.jpg 768w, https:\/\/www.markt-kom.com\/wp-content\/uploads\/2025\/05\/DAT_Infografik_Visibility_Q1_2025_de-15x12.jpg 15w, https:\/\/www.markt-kom.com\/wp-content\/uploads\/2025\/05\/DAT_Infografik_Visibility_Q1_2025_de-219x175.jpg 219w, https:\/\/www.markt-kom.com\/wp-content\/uploads\/2025\/05\/DAT_Infografik_Visibility_Q1_2025_de-438x350.jpg 438w, https:\/\/www.markt-kom.com\/wp-content\/uploads\/2025\/05\/DAT_Infografik_Visibility_Q1_2025_de-1000x800.jpg 1000w\" alt=\"\" width=\"1250\" height=\"1000\" \/><\/a>\r\n<figcaption id=\"caption-attachment-235102\" class=\"wp-caption-text\">(Graphiques : Digital Ad Trust)<\/figcaption>\r\n<\/figure>\r\n<p>Selon le dernier \"Digital Ad Trust Report\" pour le premier trimestre 2025, la visibilit\u00e9 de la publicit\u00e9 display est pass\u00e9e \u00e0 74,6% en moyenne - une augmentation de 3 points de pourcentage par rapport au trimestre pr\u00e9c\u00e9dent. Les formats mobiles ont particuli\u00e8rement contribu\u00e9 \u00e0 cette \u00e9volution positive : Leur taux de visibilit\u00e9 a augment\u00e9 de 3,7 points de pourcentage pour atteindre 71,7 %. Le format 320\u00d7416\/480 a atteint un nouveau record avec 79,6 %. Le format 300\u00d7600, avec une visibilit\u00e9 de 88,8 % (+ 5 points de pourcentage), a \u00e9galement progress\u00e9 sur desktop.<\/p>\r\n<p><a href=\"https:\/\/www.markt-kom.com\/wp-content\/uploads\/2025\/05\/DAT_Infografik_Visibility_Formate_Q1_2025_de.jpg\"><img class=\"aligncenter size-full wp-image-235100\" src=\"https:\/\/www.markt-kom.com\/wp-content\/uploads\/2025\/05\/DAT_Infografik_Visibility_Formate_Q1_2025_de.jpg\" sizes=\"(max-width: 1250px) 100vw, 1250px\" srcset=\"https:\/\/www.markt-kom.com\/wp-content\/uploads\/2025\/05\/DAT_Infografik_Visibility_Formate_Q1_2025_de.jpg 1250w, https:\/\/www.markt-kom.com\/wp-content\/uploads\/2025\/05\/DAT_Infografik_Visibility_Formate_Q1_2025_de-600x480.jpg 600w, https:\/\/www.markt-kom.com\/wp-content\/uploads\/2025\/05\/DAT_Infografik_Visibility_Formate_Q1_2025_de-1024x819.jpg 1024w, https:\/\/www.markt-kom.com\/wp-content\/uploads\/2025\/05\/DAT_Infografik_Visibility_Formate_Q1_2025_de-768x614.jpg 768w, https:\/\/www.markt-kom.com\/wp-content\/uploads\/2025\/05\/DAT_Infografik_Visibility_Formate_Q1_2025_de-15x12.jpg 15w, https:\/\/www.markt-kom.com\/wp-content\/uploads\/2025\/05\/DAT_Infografik_Visibility_Formate_Q1_2025_de-219x175.jpg 219w, https:\/\/www.markt-kom.com\/wp-content\/uploads\/2025\/05\/DAT_Infografik_Visibility_Formate_Q1_2025_de-438x350.jpg 438w, https:\/\/www.markt-kom.com\/wp-content\/uploads\/2025\/05\/DAT_Infografik_Visibility_Formate_Q1_2025_de-1000x800.jpg 1000w\" alt=\"\" width=\"1250\" height=\"1000\" \/><\/a><\/p>\r\n<p>Le taux d'insertion publicitaire frauduleuse (Sophisticated Invalid Traffic, SIVT) est rest\u00e9 \u00e0 un niveau stable et bas de 0,54 %, est-il pr\u00e9cis\u00e9. Sur les appareils mobiles, le taux de fraude publicitaire a baiss\u00e9 \u00e0 0,29 %, tandis que les annonces sur desktop se situaient \u00e0 0,92 %. De tr\u00e8s bons r\u00e9sultats ont \u00e9galement \u00e9t\u00e9 obtenus en mati\u00e8re de brand safety : le taux de blocage est tomb\u00e9 \u00e0 0,01 pour cent.<\/p>\r\n<p><a href=\"https:\/\/www.markt-kom.com\/wp-content\/uploads\/2025\/05\/DAT_Infografik_AdFraud_Q1_2025_de.jpg\"><img class=\"aligncenter size-full wp-image-235097\" src=\"https:\/\/www.markt-kom.com\/wp-content\/uploads\/2025\/05\/DAT_Infografik_AdFraud_Q1_2025_de.jpg\" sizes=\"(max-width: 1250px) 100vw, 1250px\" srcset=\"https:\/\/www.markt-kom.com\/wp-content\/uploads\/2025\/05\/DAT_Infografik_AdFraud_Q1_2025_de.jpg 1250w, https:\/\/www.markt-kom.com\/wp-content\/uploads\/2025\/05\/DAT_Infografik_AdFraud_Q1_2025_de-600x480.jpg 600w, https:\/\/www.markt-kom.com\/wp-content\/uploads\/2025\/05\/DAT_Infografik_AdFraud_Q1_2025_de-1024x819.jpg 1024w, https:\/\/www.markt-kom.com\/wp-content\/uploads\/2025\/05\/DAT_Infografik_AdFraud_Q1_2025_de-768x614.jpg 768w, https:\/\/www.markt-kom.com\/wp-content\/uploads\/2025\/05\/DAT_Infografik_AdFraud_Q1_2025_de-15x12.jpg 15w, https:\/\/www.markt-kom.com\/wp-content\/uploads\/2025\/05\/DAT_Infografik_AdFraud_Q1_2025_de-219x175.jpg 219w, https:\/\/www.markt-kom.com\/wp-content\/uploads\/2025\/05\/DAT_Infografik_AdFraud_Q1_2025_de-438x350.jpg 438w, https:\/\/www.markt-kom.com\/wp-content\/uploads\/2025\/05\/DAT_Infografik_AdFraud_Q1_2025_de-1000x800.jpg 1000w\" alt=\"\" width=\"1250\" height=\"1000\" \/><\/a><a href=\"https:\/\/www.markt-kom.com\/wp-content\/uploads\/2025\/05\/DAT_Infografik_AdFraud_Formate_Q1_2025_de.jpg\"><img class=\"aligncenter size-full wp-image-235096\" src=\"https:\/\/www.markt-kom.com\/wp-content\/uploads\/2025\/05\/DAT_Infografik_AdFraud_Formate_Q1_2025_de.jpg\" sizes=\"(max-width: 1250px) 100vw, 1250px\" srcset=\"https:\/\/www.markt-kom.com\/wp-content\/uploads\/2025\/05\/DAT_Infografik_AdFraud_Formate_Q1_2025_de.jpg 1250w, https:\/\/www.markt-kom.com\/wp-content\/uploads\/2025\/05\/DAT_Infografik_AdFraud_Formate_Q1_2025_de-600x480.jpg 600w, https:\/\/www.markt-kom.com\/wp-content\/uploads\/2025\/05\/DAT_Infografik_AdFraud_Formate_Q1_2025_de-1024x819.jpg 1024w, https:\/\/www.markt-kom.com\/wp-content\/uploads\/2025\/05\/DAT_Infografik_AdFraud_Formate_Q1_2025_de-768x614.jpg 768w, https:\/\/www.markt-kom.com\/wp-content\/uploads\/2025\/05\/DAT_Infografik_AdFraud_Formate_Q1_2025_de-15x12.jpg 15w, https:\/\/www.markt-kom.com\/wp-content\/uploads\/2025\/05\/DAT_Infografik_AdFraud_Formate_Q1_2025_de-219x175.jpg 219w, https:\/\/www.markt-kom.com\/wp-content\/uploads\/2025\/05\/DAT_Infografik_AdFraud_Formate_Q1_2025_de-438x350.jpg 438w, https:\/\/www.markt-kom.com\/wp-content\/uploads\/2025\/05\/DAT_Infografik_AdFraud_Formate_Q1_2025_de-1000x800.jpg 1000w\" alt=\"\" width=\"1250\" height=\"1000\" \/><\/a><\/p>\r\n<p><a href=\"https:\/\/www.markt-kom.com\/wp-content\/uploads\/2025\/05\/DAT_Infografik_Brand-Safety_Q1_2025_de.jpg\"><img class=\"aligncenter size-full wp-image-235098\" src=\"https:\/\/www.markt-kom.com\/wp-content\/uploads\/2025\/05\/DAT_Infografik_Brand-Safety_Q1_2025_de.jpg\" sizes=\"(max-width: 1300px) 100vw, 1300px\" srcset=\"https:\/\/www.markt-kom.com\/wp-content\/uploads\/2025\/05\/DAT_Infografik_Brand-Safety_Q1_2025_de.jpg 1300w, https:\/\/www.markt-kom.com\/wp-content\/uploads\/2025\/05\/DAT_Infografik_Brand-Safety_Q1_2025_de-600x172.jpg 600w, https:\/\/www.markt-kom.com\/wp-content\/uploads\/2025\/05\/DAT_Infografik_Brand-Safety_Q1_2025_de-1024x294.jpg 1024w, https:\/\/www.markt-kom.com\/wp-content\/uploads\/2025\/05\/DAT_Infografik_Brand-Safety_Q1_2025_de-768x221.jpg 768w, https:\/\/www.markt-kom.com\/wp-content\/uploads\/2025\/05\/DAT_Infografik_Brand-Safety_Q1_2025_de-18x5.jpg 18w, https:\/\/www.markt-kom.com\/wp-content\/uploads\/2025\/05\/DAT_Infografik_Brand-Safety_Q1_2025_de-375x108.jpg 375w, https:\/\/www.markt-kom.com\/wp-content\/uploads\/2025\/05\/DAT_Infografik_Brand-Safety_Q1_2025_de-760x218.jpg 760w, https:\/\/www.markt-kom.com\/wp-content\/uploads\/2025\/05\/DAT_Infografik_Brand-Safety_Q1_2025_de-1000x287.jpg 1000w\" alt=\"\" width=\"1300\" height=\"374\" \/><\/a><\/p>\r\n<p>La visibilit\u00e9 des publicit\u00e9s vid\u00e9o a atteint 81,5 % au cours du trimestre. Les formats outstream pour mobile se sont particuli\u00e8rement d\u00e9velopp\u00e9s, avec une hausse de 11,1 points de pourcentage. En revanche, les publicit\u00e9s Instream sur ordinateur ont enregistr\u00e9 un l\u00e9ger recul \u00e0 81,4 pour cent.<\/p>\r\n<p><a href=\"https:\/\/www.markt-kom.com\/wp-content\/uploads\/2025\/05\/DAT_Infografik_Visibility_Formate_Video_Q1_2025_de.jpg\"><img class=\"aligncenter size-full wp-image-235101\" src=\"https:\/\/www.markt-kom.com\/wp-content\/uploads\/2025\/05\/DAT_Infografik_Visibility_Formate_Video_Q1_2025_de.jpg\" sizes=\"(max-width: 1250px) 100vw, 1250px\" srcset=\"https:\/\/www.markt-kom.com\/wp-content\/uploads\/2025\/05\/DAT_Infografik_Visibility_Formate_Video_Q1_2025_de.jpg 1250w, https:\/\/www.markt-kom.com\/wp-content\/uploads\/2025\/05\/DAT_Infografik_Visibility_Formate_Video_Q1_2025_de-600x480.jpg 600w, https:\/\/www.markt-kom.com\/wp-content\/uploads\/2025\/05\/DAT_Infografik_Visibility_Formate_Video_Q1_2025_de-1024x819.jpg 1024w, https:\/\/www.markt-kom.com\/wp-content\/uploads\/2025\/05\/DAT_Infografik_Visibility_Formate_Video_Q1_2025_de-768x614.jpg 768w, https:\/\/www.markt-kom.com\/wp-content\/uploads\/2025\/05\/DAT_Infografik_Visibility_Formate_Video_Q1_2025_de-15x12.jpg 15w, https:\/\/www.markt-kom.com\/wp-content\/uploads\/2025\/05\/DAT_Infografik_Visibility_Formate_Video_Q1_2025_de-219x175.jpg 219w, https:\/\/www.markt-kom.com\/wp-content\/uploads\/2025\/05\/DAT_Infografik_Visibility_Formate_Video_Q1_2025_de-438x350.jpg 438w, https:\/\/www.markt-kom.com\/wp-content\/uploads\/2025\/05\/DAT_Infografik_Visibility_Formate_Video_Q1_2025_de-1000x800.jpg 1000w\" alt=\"\" width=\"1250\" height=\"1000\" \/><\/a><\/p>\r\n<p>\"Les \u00e9volutions constamment positives au premier trimestre 2025 - en particulier pour la visibilit\u00e9 mobile et la publicit\u00e9 vid\u00e9o - sont un signal fort de la qualit\u00e9 et de la transparence du march\u00e9 num\u00e9rique suisse\", r\u00e9sume Roland Ehrler, pr\u00e9sident de Digital Ad Trust Switzerland.<\/p>\r\n<p><a href=\"https:\/\/www.markt-kom.com\/wp-content\/uploads\/2025\/05\/DAT_Infografik_Overall_Q1_2025_de-scaled.jpg\"><img class=\"aligncenter size-full wp-image-235099\" src=\"https:\/\/www.markt-kom.com\/wp-content\/uploads\/2025\/05\/DAT_Infografik_Overall_Q1_2025_de-scaled.jpg\" sizes=\"(max-width: 743px) 100vw, 743px\" srcset=\"https:\/\/www.markt-kom.com\/wp-content\/uploads\/2025\/05\/DAT_Infografik_Overall_Q1_2025_de-scaled.jpg 743w, https:\/\/www.markt-kom.com\/wp-content\/uploads\/2025\/05\/DAT_Infografik_Overall_Q1_2025_de-446x600.jpg 446w, https:\/\/www.markt-kom.com\/wp-content\/uploads\/2025\/05\/DAT_Infografik_Overall_Q1_2025_de-1141x1536.jpg 1141w, https:\/\/www.markt-kom.com\/wp-content\/uploads\/2025\/05\/DAT_Infografik_Overall_Q1_2025_de-9x12.jpg 9w, https:\/\/www.markt-kom.com\/wp-content\/uploads\/2025\/05\/DAT_Infografik_Overall_Q1_2025_de-130x175.jpg 130w, https:\/\/www.markt-kom.com\/wp-content\/uploads\/2025\/05\/DAT_Infografik_Overall_Q1_2025_de-260x350.jpg 260w, https:\/\/www.markt-kom.com\/wp-content\/uploads\/2025\/05\/DAT_Infografik_Overall_Q1_2025_de-594x800.jpg 594w\" alt=\"\" width=\"743\" height=\"1000\" \/><\/a><\/p>","protected":false},"excerpt":{"rendered":"<p>Le premier trimestre 2025 enregistre des \u00e9volutions positives en mati\u00e8re de visibilit\u00e9 de la publicit\u00e9 display et vid\u00e9o en Suisse. L'initiative Digital Ad Trust Switzerland annonce des valeurs maximales pour les formats mobiles, des taux d'ad-fraud stables et un taux de blocage toujours tr\u00e8s bas dans le domaine de la brand safety.<\/p>","protected":false},"author":8,"featured_media":0,"comment_status":"closed","ping_status":"closed","sticky":false,"template":"","format":"standard","meta":{"_acf_changed":false,"_yoast_wpseo_focuskw":"Digital Ad Trust","_yoast_wpseo_metadesc":"Display- und Videowerbung in der Schweiz: Die Initiative Digital Ad Trust Switzerland meldet H\u00f6chstwerte bei Mobile-Formaten.","articlekey":"","footnotes":""},"categories":[29],"tags":[5125,4343],"class_list":["post-38515","post","type-post","status-publish","format-standard","hentry","category-marketing","tag-digital-ad-trust-switzerland","tag-markom"],"acf":[],"yoast_head":"<!-- This site is optimized with the Yoast SEO plugin v27.5 - https:\/\/yoast.com\/product\/yoast-seo-wordpress\/ -->\n<title>Digital Ad Trust: Mobile-Sichtbarkeit erreicht neuen H\u00f6chstwert - Organisator<\/title>\n<meta name=\"description\" content=\"Display- und Videowerbung in der Schweiz: Die Initiative Digital Ad Trust Switzerland meldet H\u00f6chstwerte bei Mobile-Formaten.\" \/>\n<meta name=\"robots\" content=\"index, follow, max-snippet:-1, max-image-preview:large, max-video-preview:-1\" \/>\n<link rel=\"canonical\" href=\"https:\/\/www.organisator.ch\/fr\/marketing\/2025-05-22\/digital-ad-trust-mobile-sichtbarkeit-erreicht-neuen-hoechstwert\/\" \/>\n<meta property=\"og:locale\" content=\"fr_FR\" \/>\n<meta property=\"og:type\" content=\"article\" \/>\n<meta property=\"og:title\" content=\"Digital Ad Trust: Mobile-Sichtbarkeit erreicht neuen H\u00f6chstwert - Organisator\" \/>\n<meta property=\"og:description\" content=\"Display- und Videowerbung in der Schweiz: Die Initiative Digital Ad Trust Switzerland meldet H\u00f6chstwerte bei Mobile-Formaten.\" \/>\n<meta property=\"og:url\" content=\"https:\/\/www.organisator.ch\/fr\/marketing\/2025-05-22\/digital-ad-trust-mobile-sichtbarkeit-erreicht-neuen-hoechstwert\/\" \/>\n<meta property=\"og:site_name\" content=\"Organisator\" \/>\n<meta property=\"article:publisher\" content=\"https:\/\/www.facebook.com\/OrganisatorFachmagazin\" \/>\n<meta property=\"article:published_time\" content=\"2025-05-22T05:15:42+00:00\" \/>\n<meta name=\"author\" content=\"galledia\" \/>\n<meta name=\"twitter:card\" content=\"summary_large_image\" \/>\n<meta name=\"twitter:creator\" content=\"@admin\" \/>\n<script type=\"application\/ld+json\" class=\"yoast-schema-graph\">{\"@context\":\"https:\\\/\\\/schema.org\",\"@graph\":[{\"@type\":\"Article\",\"@id\":\"https:\\\/\\\/www.organisator.ch\\\/marketing\\\/2025-05-22\\\/digital-ad-trust-mobile-sichtbarkeit-erreicht-neuen-hoechstwert\\\/#article\",\"isPartOf\":{\"@id\":\"https:\\\/\\\/www.organisator.ch\\\/marketing\\\/2025-05-22\\\/digital-ad-trust-mobile-sichtbarkeit-erreicht-neuen-hoechstwert\\\/\"},\"author\":{\"name\":\"galledia\",\"@id\":\"https:\\\/\\\/www.organisator.ch\\\/#\\\/schema\\\/person\\\/4e51799071cd2dd1232ac003643ef5f0\"},\"headline\":\"Digital Ad Trust: Mobile-Sichtbarkeit erreicht neuen H\u00f6chstwert\",\"datePublished\":\"2025-05-22T05:15:42+00:00\",\"mainEntityOfPage\":{\"@id\":\"https:\\\/\\\/www.organisator.ch\\\/marketing\\\/2025-05-22\\\/digital-ad-trust-mobile-sichtbarkeit-erreicht-neuen-hoechstwert\\\/\"},\"wordCount\":198,\"publisher\":{\"@id\":\"https:\\\/\\\/www.organisator.ch\\\/#organization\"},\"image\":{\"@id\":\"https:\\\/\\\/www.organisator.ch\\\/marketing\\\/2025-05-22\\\/digital-ad-trust-mobile-sichtbarkeit-erreicht-neuen-hoechstwert\\\/#primaryimage\"},\"thumbnailUrl\":\"https:\\\/\\\/www.markt-kom.com\\\/wp-content\\\/uploads\\\/2025\\\/05\\\/DAT_Infografik_Visibility_Q1_2025_de.jpg\",\"keywords\":[\"Digital Ad Trust Switzerland\",\"MarKom\"],\"articleSection\":[\"MARKETING\"],\"inLanguage\":\"fr-FR\"},{\"@type\":\"WebPage\",\"@id\":\"https:\\\/\\\/www.organisator.ch\\\/marketing\\\/2025-05-22\\\/digital-ad-trust-mobile-sichtbarkeit-erreicht-neuen-hoechstwert\\\/\",\"url\":\"https:\\\/\\\/www.organisator.ch\\\/marketing\\\/2025-05-22\\\/digital-ad-trust-mobile-sichtbarkeit-erreicht-neuen-hoechstwert\\\/\",\"name\":\"Digital Ad Trust: Mobile-Sichtbarkeit erreicht neuen H\u00f6chstwert - Organisator\",\"isPartOf\":{\"@id\":\"https:\\\/\\\/www.organisator.ch\\\/#website\"},\"primaryImageOfPage\":{\"@id\":\"https:\\\/\\\/www.organisator.ch\\\/marketing\\\/2025-05-22\\\/digital-ad-trust-mobile-sichtbarkeit-erreicht-neuen-hoechstwert\\\/#primaryimage\"},\"image\":{\"@id\":\"https:\\\/\\\/www.organisator.ch\\\/marketing\\\/2025-05-22\\\/digital-ad-trust-mobile-sichtbarkeit-erreicht-neuen-hoechstwert\\\/#primaryimage\"},\"thumbnailUrl\":\"https:\\\/\\\/www.markt-kom.com\\\/wp-content\\\/uploads\\\/2025\\\/05\\\/DAT_Infografik_Visibility_Q1_2025_de.jpg\",\"datePublished\":\"2025-05-22T05:15:42+00:00\",\"description\":\"Display- und Videowerbung in der Schweiz: Die Initiative Digital Ad Trust Switzerland meldet H\u00f6chstwerte bei Mobile-Formaten.\",\"breadcrumb\":{\"@id\":\"https:\\\/\\\/www.organisator.ch\\\/marketing\\\/2025-05-22\\\/digital-ad-trust-mobile-sichtbarkeit-erreicht-neuen-hoechstwert\\\/#breadcrumb\"},\"inLanguage\":\"fr-FR\",\"potentialAction\":[{\"@type\":\"ReadAction\",\"target\":[\"https:\\\/\\\/www.organisator.ch\\\/marketing\\\/2025-05-22\\\/digital-ad-trust-mobile-sichtbarkeit-erreicht-neuen-hoechstwert\\\/\"]}]},{\"@type\":\"ImageObject\",\"inLanguage\":\"fr-FR\",\"@id\":\"https:\\\/\\\/www.organisator.ch\\\/marketing\\\/2025-05-22\\\/digital-ad-trust-mobile-sichtbarkeit-erreicht-neuen-hoechstwert\\\/#primaryimage\",\"url\":\"https:\\\/\\\/www.markt-kom.com\\\/wp-content\\\/uploads\\\/2025\\\/05\\\/DAT_Infografik_Visibility_Q1_2025_de.jpg\",\"contentUrl\":\"https:\\\/\\\/www.markt-kom.com\\\/wp-content\\\/uploads\\\/2025\\\/05\\\/DAT_Infografik_Visibility_Q1_2025_de.jpg\"},{\"@type\":\"BreadcrumbList\",\"@id\":\"https:\\\/\\\/www.organisator.ch\\\/marketing\\\/2025-05-22\\\/digital-ad-trust-mobile-sichtbarkeit-erreicht-neuen-hoechstwert\\\/#breadcrumb\",\"itemListElement\":[{\"@type\":\"ListItem\",\"position\":1,\"name\":\"Home\",\"item\":\"https:\\\/\\\/www.organisator.ch\\\/\"},{\"@type\":\"ListItem\",\"position\":2,\"name\":\"Digital Ad Trust: Mobile-Sichtbarkeit erreicht neuen H\u00f6chstwert\"}]},{\"@type\":\"WebSite\",\"@id\":\"https:\\\/\\\/www.organisator.ch\\\/#website\",\"url\":\"https:\\\/\\\/www.organisator.ch\\\/\",\"name\":\"Organisator\",\"description\":\"Kompetent. Praxisnah. Der ORGANISATOR bereitet in 10 Ausgaben pro Jahr die wesentlichen Themen f\u00fcr F\u00fchrungskr\u00e4fte von KMU auf.\",\"publisher\":{\"@id\":\"https:\\\/\\\/www.organisator.ch\\\/#organization\"},\"potentialAction\":[{\"@type\":\"SearchAction\",\"target\":{\"@type\":\"EntryPoint\",\"urlTemplate\":\"https:\\\/\\\/www.organisator.ch\\\/?s={search_term_string}\"},\"query-input\":{\"@type\":\"PropertyValueSpecification\",\"valueRequired\":true,\"valueName\":\"search_term_string\"}}],\"inLanguage\":\"fr-FR\"},{\"@type\":\"Organization\",\"@id\":\"https:\\\/\\\/www.organisator.ch\\\/#organization\",\"name\":\"Organisator\",\"url\":\"https:\\\/\\\/www.organisator.ch\\\/\",\"logo\":{\"@type\":\"ImageObject\",\"inLanguage\":\"fr-FR\",\"@id\":\"https:\\\/\\\/www.organisator.ch\\\/#\\\/schema\\\/logo\\\/image\\\/\",\"url\":\"https:\\\/\\\/www.organisator.ch\\\/wp-content\\\/uploads\\\/2022\\\/01\\\/Logo_Organisator_Website.png\",\"contentUrl\":\"https:\\\/\\\/www.organisator.ch\\\/wp-content\\\/uploads\\\/2022\\\/01\\\/Logo_Organisator_Website.png\",\"width\":800,\"height\":77,\"caption\":\"Organisator\"},\"image\":{\"@id\":\"https:\\\/\\\/www.organisator.ch\\\/#\\\/schema\\\/logo\\\/image\\\/\"},\"sameAs\":[\"https:\\\/\\\/www.facebook.com\\\/OrganisatorFachmagazin\",\"https:\\\/\\\/www.linkedin.com\\\/showcase\\\/organisator-das-magazin-fr-kmu\",\"https:\\\/\\\/www.xing.com\\\/news\\\/pages\\\/organisator-ch-695\",\"https:\\\/\\\/www.youtube.com\\\/channel\\\/UCGP2Sq0iWaZwT3BdIAQFYpw\"]},{\"@type\":\"Person\",\"@id\":\"https:\\\/\\\/www.organisator.ch\\\/#\\\/schema\\\/person\\\/4e51799071cd2dd1232ac003643ef5f0\",\"name\":\"galledia\",\"image\":{\"@type\":\"ImageObject\",\"inLanguage\":\"fr-FR\",\"@id\":\"https:\\\/\\\/secure.gravatar.com\\\/avatar\\\/78a7f90c01fc2bfc875782a0d4922b37cde2cf184ce347b91316d23cd7f69a36?s=96&d=mm&r=g\",\"url\":\"https:\\\/\\\/secure.gravatar.com\\\/avatar\\\/78a7f90c01fc2bfc875782a0d4922b37cde2cf184ce347b91316d23cd7f69a36?s=96&d=mm&r=g\",\"contentUrl\":\"https:\\\/\\\/secure.gravatar.com\\\/avatar\\\/78a7f90c01fc2bfc875782a0d4922b37cde2cf184ce347b91316d23cd7f69a36?s=96&d=mm&r=g\",\"caption\":\"galledia\"},\"sameAs\":[\"https:\\\/\\\/x.com\\\/admin\"],\"url\":\"https:\\\/\\\/www.organisator.ch\\\/fr\\\/author\\\/galledia\\\/\"}]}<\/script>\n<!-- \/ Yoast SEO plugin. -->","yoast_head_json":{"title":"Digital Ad Trust : la visibilit\u00e9 sur mobile atteint un nouveau record - Organisateur","description":"Publicit\u00e9 display et vid\u00e9o en Suisse : l'initiative Digital Ad Trust Switzerland annonce des valeurs maximales pour les formats mobiles.","robots":{"index":"index","follow":"follow","max-snippet":"max-snippet:-1","max-image-preview":"max-image-preview:large","max-video-preview":"max-video-preview:-1"},"canonical":"https:\/\/www.organisator.ch\/fr\/marketing\/2025-05-22\/digital-ad-trust-mobile-sichtbarkeit-erreicht-neuen-hoechstwert\/","og_locale":"fr_FR","og_type":"article","og_title":"Digital Ad Trust: Mobile-Sichtbarkeit erreicht neuen H\u00f6chstwert - Organisator","og_description":"Display- und Videowerbung in der Schweiz: Die Initiative Digital Ad Trust Switzerland meldet H\u00f6chstwerte bei Mobile-Formaten.","og_url":"https:\/\/www.organisator.ch\/fr\/marketing\/2025-05-22\/digital-ad-trust-mobile-sichtbarkeit-erreicht-neuen-hoechstwert\/","og_site_name":"Organisator","article_publisher":"https:\/\/www.facebook.com\/OrganisatorFachmagazin","article_published_time":"2025-05-22T05:15:42+00:00","author":"galledia","twitter_card":"summary_large_image","twitter_creator":"@admin","schema":{"@context":"https:\/\/schema.org","@graph":[{"@type":"Article","@id":"https:\/\/www.organisator.ch\/marketing\/2025-05-22\/digital-ad-trust-mobile-sichtbarkeit-erreicht-neuen-hoechstwert\/#article","isPartOf":{"@id":"https:\/\/www.organisator.ch\/marketing\/2025-05-22\/digital-ad-trust-mobile-sichtbarkeit-erreicht-neuen-hoechstwert\/"},"author":{"name":"galledia","@id":"https:\/\/www.organisator.ch\/#\/schema\/person\/4e51799071cd2dd1232ac003643ef5f0"},"headline":"Digital Ad Trust: Mobile-Sichtbarkeit erreicht neuen H\u00f6chstwert","datePublished":"2025-05-22T05:15:42+00:00","mainEntityOfPage":{"@id":"https:\/\/www.organisator.ch\/marketing\/2025-05-22\/digital-ad-trust-mobile-sichtbarkeit-erreicht-neuen-hoechstwert\/"},"wordCount":198,"publisher":{"@id":"https:\/\/www.organisator.ch\/#organization"},"image":{"@id":"https:\/\/www.organisator.ch\/marketing\/2025-05-22\/digital-ad-trust-mobile-sichtbarkeit-erreicht-neuen-hoechstwert\/#primaryimage"},"thumbnailUrl":"https:\/\/www.markt-kom.com\/wp-content\/uploads\/2025\/05\/DAT_Infografik_Visibility_Q1_2025_de.jpg","keywords":["Digital Ad Trust Switzerland","MarKom"],"articleSection":["MARKETING"],"inLanguage":"fr-FR"},{"@type":"WebPage","@id":"https:\/\/www.organisator.ch\/marketing\/2025-05-22\/digital-ad-trust-mobile-sichtbarkeit-erreicht-neuen-hoechstwert\/","url":"https:\/\/www.organisator.ch\/marketing\/2025-05-22\/digital-ad-trust-mobile-sichtbarkeit-erreicht-neuen-hoechstwert\/","name":"Digital Ad Trust : la visibilit\u00e9 sur mobile atteint un nouveau record - Organisateur","isPartOf":{"@id":"https:\/\/www.organisator.ch\/#website"},"primaryImageOfPage":{"@id":"https:\/\/www.organisator.ch\/marketing\/2025-05-22\/digital-ad-trust-mobile-sichtbarkeit-erreicht-neuen-hoechstwert\/#primaryimage"},"image":{"@id":"https:\/\/www.organisator.ch\/marketing\/2025-05-22\/digital-ad-trust-mobile-sichtbarkeit-erreicht-neuen-hoechstwert\/#primaryimage"},"thumbnailUrl":"https:\/\/www.markt-kom.com\/wp-content\/uploads\/2025\/05\/DAT_Infografik_Visibility_Q1_2025_de.jpg","datePublished":"2025-05-22T05:15:42+00:00","description":"Publicit\u00e9 display et vid\u00e9o en Suisse : l'initiative Digital Ad Trust Switzerland annonce des valeurs maximales pour les formats mobiles.","breadcrumb":{"@id":"https:\/\/www.organisator.ch\/marketing\/2025-05-22\/digital-ad-trust-mobile-sichtbarkeit-erreicht-neuen-hoechstwert\/#breadcrumb"},"inLanguage":"fr-FR","potentialAction":[{"@type":"ReadAction","target":["https:\/\/www.organisator.ch\/marketing\/2025-05-22\/digital-ad-trust-mobile-sichtbarkeit-erreicht-neuen-hoechstwert\/"]}]},{"@type":"ImageObject","inLanguage":"fr-FR","@id":"https:\/\/www.organisator.ch\/marketing\/2025-05-22\/digital-ad-trust-mobile-sichtbarkeit-erreicht-neuen-hoechstwert\/#primaryimage","url":"https:\/\/www.markt-kom.com\/wp-content\/uploads\/2025\/05\/DAT_Infografik_Visibility_Q1_2025_de.jpg","contentUrl":"https:\/\/www.markt-kom.com\/wp-content\/uploads\/2025\/05\/DAT_Infografik_Visibility_Q1_2025_de.jpg"},{"@type":"BreadcrumbList","@id":"https:\/\/www.organisator.ch\/marketing\/2025-05-22\/digital-ad-trust-mobile-sichtbarkeit-erreicht-neuen-hoechstwert\/#breadcrumb","itemListElement":[{"@type":"ListItem","position":1,"name":"Home","item":"https:\/\/www.organisator.ch\/"},{"@type":"ListItem","position":2,"name":"Digital Ad Trust: Mobile-Sichtbarkeit erreicht neuen H\u00f6chstwert"}]},{"@type":"WebSite","@id":"https:\/\/www.organisator.ch\/#website","url":"https:\/\/www.organisator.ch\/","name":"Organisateur","description":"Comp\u00e9tence et comp\u00e9tence. Proches de la pratique. L'ORGANISATEUR pr\u00e9pare 10 num\u00e9ros par an sur les th\u00e8mes essentiels pour les dirigeants de PME.","publisher":{"@id":"https:\/\/www.organisator.ch\/#organization"},"potentialAction":[{"@type":"SearchAction","target":{"@type":"EntryPoint","urlTemplate":"https:\/\/www.organisator.ch\/?s={search_term_string}"},"query-input":{"@type":"PropertyValueSpecification","valueRequired":true,"valueName":"search_term_string"}}],"inLanguage":"fr-FR"},{"@type":"Organization","@id":"https:\/\/www.organisator.ch\/#organization","name":"Organisateur","url":"https:\/\/www.organisator.ch\/","logo":{"@type":"ImageObject","inLanguage":"fr-FR","@id":"https:\/\/www.organisator.ch\/#\/schema\/logo\/image\/","url":"https:\/\/www.organisator.ch\/wp-content\/uploads\/2022\/01\/Logo_Organisator_Website.png","contentUrl":"https:\/\/www.organisator.ch\/wp-content\/uploads\/2022\/01\/Logo_Organisator_Website.png","width":800,"height":77,"caption":"Organisator"},"image":{"@id":"https:\/\/www.organisator.ch\/#\/schema\/logo\/image\/"},"sameAs":["https:\/\/www.facebook.com\/OrganisatorFachmagazin","https:\/\/www.linkedin.com\/showcase\/organisator-das-magazin-fr-kmu","https:\/\/www.xing.com\/news\/pages\/organisator-ch-695","https:\/\/www.youtube.com\/channel\/UCGP2Sq0iWaZwT3BdIAQFYpw"]},{"@type":"Person","@id":"https:\/\/www.organisator.ch\/#\/schema\/person\/4e51799071cd2dd1232ac003643ef5f0","name":"galledia","image":{"@type":"ImageObject","inLanguage":"fr-FR","@id":"https:\/\/secure.gravatar.com\/avatar\/78a7f90c01fc2bfc875782a0d4922b37cde2cf184ce347b91316d23cd7f69a36?s=96&d=mm&r=g","url":"https:\/\/secure.gravatar.com\/avatar\/78a7f90c01fc2bfc875782a0d4922b37cde2cf184ce347b91316d23cd7f69a36?s=96&d=mm&r=g","contentUrl":"https:\/\/secure.gravatar.com\/avatar\/78a7f90c01fc2bfc875782a0d4922b37cde2cf184ce347b91316d23cd7f69a36?s=96&d=mm&r=g","caption":"galledia"},"sameAs":["https:\/\/x.com\/admin"],"url":"https:\/\/www.organisator.ch\/fr\/author\/galledia\/"}]}},"_links":{"self":[{"href":"https:\/\/www.organisator.ch\/fr\/wp-json\/wp\/v2\/posts\/38515","targetHints":{"allow":["GET"]}}],"collection":[{"href":"https:\/\/www.organisator.ch\/fr\/wp-json\/wp\/v2\/posts"}],"about":[{"href":"https:\/\/www.organisator.ch\/fr\/wp-json\/wp\/v2\/types\/post"}],"author":[{"embeddable":true,"href":"https:\/\/www.organisator.ch\/fr\/wp-json\/wp\/v2\/users\/8"}],"replies":[{"embeddable":true,"href":"https:\/\/www.organisator.ch\/fr\/wp-json\/wp\/v2\/comments?post=38515"}],"version-history":[{"count":4,"href":"https:\/\/www.organisator.ch\/fr\/wp-json\/wp\/v2\/posts\/38515\/revisions"}],"predecessor-version":[{"id":38522,"href":"https:\/\/www.organisator.ch\/fr\/wp-json\/wp\/v2\/posts\/38515\/revisions\/38522"}],"wp:attachment":[{"href":"https:\/\/www.organisator.ch\/fr\/wp-json\/wp\/v2\/media?parent=38515"}],"wp:term":[{"taxonomy":"category","embeddable":true,"href":"https:\/\/www.organisator.ch\/fr\/wp-json\/wp\/v2\/categories?post=38515"},{"taxonomy":"post_tag","embeddable":true,"href":"https:\/\/www.organisator.ch\/fr\/wp-json\/wp\/v2\/tags?post=38515"}],"curies":[{"name":"wp","href":"https:\/\/api.w.org\/{rel}","templated":true}]}}