{"id":38536,"date":"2025-05-23T08:19:00","date_gmt":"2025-05-23T06:19:00","guid":{"rendered":"https:\/\/www.markt-kom.com\/?p=235151"},"modified":"2025-05-23T08:12:34","modified_gmt":"2025-05-23T06:12:34","slug":"erstes-mal-in-bern-xaver-award-2025-mit-rekordbeteiligung","status":"publish","type":"post","link":"https:\/\/www.organisator.ch\/fr\/marketing\/2025-05-23\/erstes-mal-in-bern-xaver-award-2025-mit-rekordbeteiligung\/","title":{"rendered":"Premi\u00e8re fois \u00e0 Berne : Xaver-Award 2025 avec une participation record"},"content":{"rendered":"<p><a href=\"https:\/\/www.markt-kom.com\/wp-content\/uploads\/2025\/05\/XAVER_2025_Motto.jpg\"><img class=\"aligncenter size-full wp-image-235152\" src=\"https:\/\/www.markt-kom.com\/wp-content\/uploads\/2025\/05\/XAVER_2025_Motto.jpg\" sizes=\"(max-width: 1200px) 100vw, 1200px\" srcset=\"https:\/\/www.markt-kom.com\/wp-content\/uploads\/2025\/05\/XAVER_2025_Motto.jpg 1200w, https:\/\/www.markt-kom.com\/wp-content\/uploads\/2025\/05\/XAVER_2025_Motto-600x338.jpg 600w, https:\/\/www.markt-kom.com\/wp-content\/uploads\/2025\/05\/XAVER_2025_Motto-1024x576.jpg 1024w, https:\/\/www.markt-kom.com\/wp-content\/uploads\/2025\/05\/XAVER_2025_Motto-768x432.jpg 768w, https:\/\/www.markt-kom.com\/wp-content\/uploads\/2025\/05\/XAVER_2025_Motto-18x10.jpg 18w, https:\/\/www.markt-kom.com\/wp-content\/uploads\/2025\/05\/XAVER_2025_Motto-311x175.jpg 311w, https:\/\/www.markt-kom.com\/wp-content\/uploads\/2025\/05\/XAVER_2025_Motto-622x350.jpg 622w, https:\/\/www.markt-kom.com\/wp-content\/uploads\/2025\/05\/XAVER_2025_Motto-1000x563.jpg 1000w\" alt=\"\" width=\"1200\" height=\"675\" \/><\/a><\/p>\r\n<p>Le 9 septembre 2025, le Xaver-Award aura lieu pour la premi\u00e8re fois \u00e0 Berne. Cette manifestation est consid\u00e9r\u00e9e comme la plus importante distinction du secteur suisse de la LiveCom et est organis\u00e9e par l'association professionnelle Swiss LiveCom Association Expo Event. L'\u00e9v\u00e9nement se d\u00e9roulera dans la salle des f\u00eates r\u00e9cemment inaugur\u00e9e sur le site de Bernexpo. Avec 47 projets pr\u00e9sent\u00e9s, le prix enregistre, selon les indications, un nombre record de candidatures pour une \u00e9dition r\u00e9guli\u00e8re - il n'y en a eu plus qu'en 2022, lorsque deux ann\u00e9es ont \u00e9t\u00e9 r\u00e9unies en raison d'une pand\u00e9mie.<\/p>\r\n<p>Le transfert de Zurich \u00e0 Berne doit faciliter l'acc\u00e8s \u00e0 la Suisse romande et renforcer le rayonnement national du format. \"Le Xaver-Award et la nouvelle Festhalle - cela va de pair, car tous deux sont des phares importants de la branche \u00e9v\u00e9nementielle\", d\u00e9clare Christian K\u00fcnzli, pr\u00e9sident de l'Expo-Event. L'\u00e9dition de cette ann\u00e9e est plac\u00e9e sous la devise \"Wanted\", en r\u00e9f\u00e9rence au \"Far West\" symbolique et \u00e0 la recherche de projets exceptionnels de communication live.<\/p>\r\n<p>La remise des prix dans la Festhalle fait partie d'un vaste programme : l'assembl\u00e9e g\u00e9n\u00e9rale de l'association aura lieu l'apr\u00e8s-midi d\u00e9j\u00e0. Environ 500 invit\u00e9s du secteur ainsi que de la politique, de l'\u00e9conomie et de la soci\u00e9t\u00e9 sont attendus pour le show des Awards le soir. La partie officielle sera suivie d'un catering de r\u00e9seautage et, \u00e0 partir de 22 heures, de l'afterparty. Les invit\u00e9s sont invit\u00e9s \u00e0 s'habiller en style Far West.<\/p>\r\n<p>Les projets seront r\u00e9compens\u00e9s dans les cat\u00e9gories Best Corporate Event, Best Consumer \/ POS Event, Best Efficiency Project, Best Expo Project, Best Brandworlds &amp; Temporary Installations and Exhibitions et Best Public Event. Pour la premi\u00e8re fois, la cat\u00e9gorie \"Best Exhibition Stand\" sera \u00e9galement d\u00e9cern\u00e9e. En outre, le \"Public Xaver\" via un vote en ligne et un prix pour l'\u0153uvre d'une vie seront d\u00e9cern\u00e9s.<\/p>\r\n<p>Le jury pour 2025 comprend six membres issus de diff\u00e9rents domaines de la branche. C\u00e9dric Schlosser de MYI et Iwan Funk de Bellprat Partner en font d\u00e9sormais partie. L'\u00e9valuation des projets soumis aura lieu les 3 et 4 juin au Hallenstadion de Zurich. La liste compl\u00e8te des projets sera communiqu\u00e9e d\u00e9but juin.<\/p>","protected":false},"excerpt":{"rendered":"<p>Avec 47 soumissions, le Xaver-Award 2025 enregistre un nombre de projets jamais atteint auparavant lors d'une \u00e9dition r\u00e9guli\u00e8re. L'\u00e9dition de cette ann\u00e9e se d\u00e9roulera pour la premi\u00e8re fois \u00e0 Berne et se rapprochera ainsi strat\u00e9giquement de la Suisse romande.<\/p>","protected":false},"author":8,"featured_media":0,"comment_status":"closed","ping_status":"closed","sticky":false,"template":"","format":"standard","meta":{"_acf_changed":false,"_yoast_wpseo_focuskw":"Xaver-Award","_yoast_wpseo_metadesc":"Mit 47 Einreichungen verzeichnet der Xaver-Award 2025 so viele Projekte wie nie zuvor bei einer regul\u00e4ren Durchf\u00fchrung.","articlekey":"","footnotes":""},"categories":[29],"tags":[66,3357,4402],"class_list":["post-38536","post","type-post","status-publish","format-standard","hentry","category-marketing","tag-awards","tag-live-kommunikation","tag-xaver"],"acf":[],"yoast_head":"<!-- This site is optimized with the Yoast SEO plugin v27.5 - https:\/\/yoast.com\/product\/yoast-seo-wordpress\/ -->\n<title>Erstes Mal in Bern: Xaver-Award 2025 mit Rekordbeteiligung - Organisator<\/title>\n<meta name=\"description\" content=\"Mit 47 Einreichungen verzeichnet der Xaver-Award 2025 so viele Projekte wie nie zuvor bei einer regul\u00e4ren Durchf\u00fchrung.\" \/>\n<meta name=\"robots\" content=\"index, follow, max-snippet:-1, max-image-preview:large, max-video-preview:-1\" \/>\n<link rel=\"canonical\" href=\"https:\/\/www.organisator.ch\/fr\/marketing\/2025-05-23\/erstes-mal-in-bern-xaver-award-2025-mit-rekordbeteiligung\/\" \/>\n<meta property=\"og:locale\" content=\"fr_FR\" \/>\n<meta property=\"og:type\" content=\"article\" \/>\n<meta property=\"og:title\" content=\"Erstes Mal in Bern: Xaver-Award 2025 mit Rekordbeteiligung - Organisator\" \/>\n<meta property=\"og:description\" content=\"Mit 47 Einreichungen verzeichnet der Xaver-Award 2025 so viele Projekte wie nie zuvor bei einer regul\u00e4ren Durchf\u00fchrung.\" \/>\n<meta property=\"og:url\" content=\"https:\/\/www.organisator.ch\/fr\/marketing\/2025-05-23\/erstes-mal-in-bern-xaver-award-2025-mit-rekordbeteiligung\/\" \/>\n<meta property=\"og:site_name\" content=\"Organisator\" \/>\n<meta property=\"article:publisher\" content=\"https:\/\/www.facebook.com\/OrganisatorFachmagazin\" \/>\n<meta property=\"article:published_time\" content=\"2025-05-23T06:19:00+00:00\" \/>\n<meta name=\"author\" content=\"galledia\" \/>\n<meta name=\"twitter:card\" content=\"summary_large_image\" \/>\n<meta name=\"twitter:creator\" content=\"@admin\" \/>\n<script type=\"application\/ld+json\" class=\"yoast-schema-graph\">{\"@context\":\"https:\\\/\\\/schema.org\",\"@graph\":[{\"@type\":\"Article\",\"@id\":\"https:\\\/\\\/www.organisator.ch\\\/marketing\\\/2025-05-23\\\/erstes-mal-in-bern-xaver-award-2025-mit-rekordbeteiligung\\\/#article\",\"isPartOf\":{\"@id\":\"https:\\\/\\\/www.organisator.ch\\\/marketing\\\/2025-05-23\\\/erstes-mal-in-bern-xaver-award-2025-mit-rekordbeteiligung\\\/\"},\"author\":{\"name\":\"galledia\",\"@id\":\"https:\\\/\\\/www.organisator.ch\\\/#\\\/schema\\\/person\\\/4e51799071cd2dd1232ac003643ef5f0\"},\"headline\":\"Erstes Mal in Bern: Xaver-Award 2025 mit Rekordbeteiligung\",\"datePublished\":\"2025-05-23T06:19:00+00:00\",\"mainEntityOfPage\":{\"@id\":\"https:\\\/\\\/www.organisator.ch\\\/marketing\\\/2025-05-23\\\/erstes-mal-in-bern-xaver-award-2025-mit-rekordbeteiligung\\\/\"},\"wordCount\":311,\"publisher\":{\"@id\":\"https:\\\/\\\/www.organisator.ch\\\/#organization\"},\"image\":{\"@id\":\"https:\\\/\\\/www.organisator.ch\\\/marketing\\\/2025-05-23\\\/erstes-mal-in-bern-xaver-award-2025-mit-rekordbeteiligung\\\/#primaryimage\"},\"thumbnailUrl\":\"https:\\\/\\\/www.markt-kom.com\\\/wp-content\\\/uploads\\\/2025\\\/05\\\/XAVER_2025_Motto.jpg\",\"keywords\":[\"Awards\",\"Live-Kommunikation\",\"Xaver\"],\"articleSection\":[\"MARKETING\"],\"inLanguage\":\"fr-FR\"},{\"@type\":\"WebPage\",\"@id\":\"https:\\\/\\\/www.organisator.ch\\\/marketing\\\/2025-05-23\\\/erstes-mal-in-bern-xaver-award-2025-mit-rekordbeteiligung\\\/\",\"url\":\"https:\\\/\\\/www.organisator.ch\\\/marketing\\\/2025-05-23\\\/erstes-mal-in-bern-xaver-award-2025-mit-rekordbeteiligung\\\/\",\"name\":\"Erstes Mal in Bern: Xaver-Award 2025 mit Rekordbeteiligung - Organisator\",\"isPartOf\":{\"@id\":\"https:\\\/\\\/www.organisator.ch\\\/#website\"},\"primaryImageOfPage\":{\"@id\":\"https:\\\/\\\/www.organisator.ch\\\/marketing\\\/2025-05-23\\\/erstes-mal-in-bern-xaver-award-2025-mit-rekordbeteiligung\\\/#primaryimage\"},\"image\":{\"@id\":\"https:\\\/\\\/www.organisator.ch\\\/marketing\\\/2025-05-23\\\/erstes-mal-in-bern-xaver-award-2025-mit-rekordbeteiligung\\\/#primaryimage\"},\"thumbnailUrl\":\"https:\\\/\\\/www.markt-kom.com\\\/wp-content\\\/uploads\\\/2025\\\/05\\\/XAVER_2025_Motto.jpg\",\"datePublished\":\"2025-05-23T06:19:00+00:00\",\"description\":\"Mit 47 Einreichungen verzeichnet der Xaver-Award 2025 so viele Projekte wie nie zuvor bei einer regul\u00e4ren Durchf\u00fchrung.\",\"breadcrumb\":{\"@id\":\"https:\\\/\\\/www.organisator.ch\\\/marketing\\\/2025-05-23\\\/erstes-mal-in-bern-xaver-award-2025-mit-rekordbeteiligung\\\/#breadcrumb\"},\"inLanguage\":\"fr-FR\",\"potentialAction\":[{\"@type\":\"ReadAction\",\"target\":[\"https:\\\/\\\/www.organisator.ch\\\/marketing\\\/2025-05-23\\\/erstes-mal-in-bern-xaver-award-2025-mit-rekordbeteiligung\\\/\"]}]},{\"@type\":\"ImageObject\",\"inLanguage\":\"fr-FR\",\"@id\":\"https:\\\/\\\/www.organisator.ch\\\/marketing\\\/2025-05-23\\\/erstes-mal-in-bern-xaver-award-2025-mit-rekordbeteiligung\\\/#primaryimage\",\"url\":\"https:\\\/\\\/www.markt-kom.com\\\/wp-content\\\/uploads\\\/2025\\\/05\\\/XAVER_2025_Motto.jpg\",\"contentUrl\":\"https:\\\/\\\/www.markt-kom.com\\\/wp-content\\\/uploads\\\/2025\\\/05\\\/XAVER_2025_Motto.jpg\"},{\"@type\":\"BreadcrumbList\",\"@id\":\"https:\\\/\\\/www.organisator.ch\\\/marketing\\\/2025-05-23\\\/erstes-mal-in-bern-xaver-award-2025-mit-rekordbeteiligung\\\/#breadcrumb\",\"itemListElement\":[{\"@type\":\"ListItem\",\"position\":1,\"name\":\"Home\",\"item\":\"https:\\\/\\\/www.organisator.ch\\\/\"},{\"@type\":\"ListItem\",\"position\":2,\"name\":\"Erstes Mal in Bern: Xaver-Award 2025 mit Rekordbeteiligung\"}]},{\"@type\":\"WebSite\",\"@id\":\"https:\\\/\\\/www.organisator.ch\\\/#website\",\"url\":\"https:\\\/\\\/www.organisator.ch\\\/\",\"name\":\"Organisator\",\"description\":\"Kompetent. Praxisnah. Der ORGANISATOR bereitet in 10 Ausgaben pro Jahr die wesentlichen Themen f\u00fcr F\u00fchrungskr\u00e4fte von KMU auf.\",\"publisher\":{\"@id\":\"https:\\\/\\\/www.organisator.ch\\\/#organization\"},\"potentialAction\":[{\"@type\":\"SearchAction\",\"target\":{\"@type\":\"EntryPoint\",\"urlTemplate\":\"https:\\\/\\\/www.organisator.ch\\\/?s={search_term_string}\"},\"query-input\":{\"@type\":\"PropertyValueSpecification\",\"valueRequired\":true,\"valueName\":\"search_term_string\"}}],\"inLanguage\":\"fr-FR\"},{\"@type\":\"Organization\",\"@id\":\"https:\\\/\\\/www.organisator.ch\\\/#organization\",\"name\":\"Organisator\",\"url\":\"https:\\\/\\\/www.organisator.ch\\\/\",\"logo\":{\"@type\":\"ImageObject\",\"inLanguage\":\"fr-FR\",\"@id\":\"https:\\\/\\\/www.organisator.ch\\\/#\\\/schema\\\/logo\\\/image\\\/\",\"url\":\"https:\\\/\\\/www.organisator.ch\\\/wp-content\\\/uploads\\\/2022\\\/01\\\/Logo_Organisator_Website.png\",\"contentUrl\":\"https:\\\/\\\/www.organisator.ch\\\/wp-content\\\/uploads\\\/2022\\\/01\\\/Logo_Organisator_Website.png\",\"width\":800,\"height\":77,\"caption\":\"Organisator\"},\"image\":{\"@id\":\"https:\\\/\\\/www.organisator.ch\\\/#\\\/schema\\\/logo\\\/image\\\/\"},\"sameAs\":[\"https:\\\/\\\/www.facebook.com\\\/OrganisatorFachmagazin\",\"https:\\\/\\\/www.linkedin.com\\\/showcase\\\/organisator-das-magazin-fr-kmu\",\"https:\\\/\\\/www.xing.com\\\/news\\\/pages\\\/organisator-ch-695\",\"https:\\\/\\\/www.youtube.com\\\/channel\\\/UCGP2Sq0iWaZwT3BdIAQFYpw\"]},{\"@type\":\"Person\",\"@id\":\"https:\\\/\\\/www.organisator.ch\\\/#\\\/schema\\\/person\\\/4e51799071cd2dd1232ac003643ef5f0\",\"name\":\"galledia\",\"image\":{\"@type\":\"ImageObject\",\"inLanguage\":\"fr-FR\",\"@id\":\"https:\\\/\\\/secure.gravatar.com\\\/avatar\\\/78a7f90c01fc2bfc875782a0d4922b37cde2cf184ce347b91316d23cd7f69a36?s=96&d=mm&r=g\",\"url\":\"https:\\\/\\\/secure.gravatar.com\\\/avatar\\\/78a7f90c01fc2bfc875782a0d4922b37cde2cf184ce347b91316d23cd7f69a36?s=96&d=mm&r=g\",\"contentUrl\":\"https:\\\/\\\/secure.gravatar.com\\\/avatar\\\/78a7f90c01fc2bfc875782a0d4922b37cde2cf184ce347b91316d23cd7f69a36?s=96&d=mm&r=g\",\"caption\":\"galledia\"},\"sameAs\":[\"https:\\\/\\\/x.com\\\/admin\"],\"url\":\"https:\\\/\\\/www.organisator.ch\\\/fr\\\/author\\\/galledia\\\/\"}]}<\/script>\n<!-- \/ Yoast SEO plugin. -->","yoast_head_json":{"title":"Premi\u00e8re fois \u00e0 Berne : Xaver-Award 2025 avec une participation record - Organisateur","description":"Avec 47 soumissions, le Xaver Award 2025 enregistre un nombre de projets jamais atteint auparavant lors d'une \u00e9dition r\u00e9guli\u00e8re.","robots":{"index":"index","follow":"follow","max-snippet":"max-snippet:-1","max-image-preview":"max-image-preview:large","max-video-preview":"max-video-preview:-1"},"canonical":"https:\/\/www.organisator.ch\/fr\/marketing\/2025-05-23\/erstes-mal-in-bern-xaver-award-2025-mit-rekordbeteiligung\/","og_locale":"fr_FR","og_type":"article","og_title":"Erstes Mal in Bern: Xaver-Award 2025 mit Rekordbeteiligung - Organisator","og_description":"Mit 47 Einreichungen verzeichnet der Xaver-Award 2025 so viele Projekte wie nie zuvor bei einer regul\u00e4ren Durchf\u00fchrung.","og_url":"https:\/\/www.organisator.ch\/fr\/marketing\/2025-05-23\/erstes-mal-in-bern-xaver-award-2025-mit-rekordbeteiligung\/","og_site_name":"Organisator","article_publisher":"https:\/\/www.facebook.com\/OrganisatorFachmagazin","article_published_time":"2025-05-23T06:19:00+00:00","author":"galledia","twitter_card":"summary_large_image","twitter_creator":"@admin","schema":{"@context":"https:\/\/schema.org","@graph":[{"@type":"Article","@id":"https:\/\/www.organisator.ch\/marketing\/2025-05-23\/erstes-mal-in-bern-xaver-award-2025-mit-rekordbeteiligung\/#article","isPartOf":{"@id":"https:\/\/www.organisator.ch\/marketing\/2025-05-23\/erstes-mal-in-bern-xaver-award-2025-mit-rekordbeteiligung\/"},"author":{"name":"galledia","@id":"https:\/\/www.organisator.ch\/#\/schema\/person\/4e51799071cd2dd1232ac003643ef5f0"},"headline":"Erstes Mal in Bern: Xaver-Award 2025 mit Rekordbeteiligung","datePublished":"2025-05-23T06:19:00+00:00","mainEntityOfPage":{"@id":"https:\/\/www.organisator.ch\/marketing\/2025-05-23\/erstes-mal-in-bern-xaver-award-2025-mit-rekordbeteiligung\/"},"wordCount":311,"publisher":{"@id":"https:\/\/www.organisator.ch\/#organization"},"image":{"@id":"https:\/\/www.organisator.ch\/marketing\/2025-05-23\/erstes-mal-in-bern-xaver-award-2025-mit-rekordbeteiligung\/#primaryimage"},"thumbnailUrl":"https:\/\/www.markt-kom.com\/wp-content\/uploads\/2025\/05\/XAVER_2025_Motto.jpg","keywords":["Awards","Live-Kommunikation","Xaver"],"articleSection":["MARKETING"],"inLanguage":"fr-FR"},{"@type":"WebPage","@id":"https:\/\/www.organisator.ch\/marketing\/2025-05-23\/erstes-mal-in-bern-xaver-award-2025-mit-rekordbeteiligung\/","url":"https:\/\/www.organisator.ch\/marketing\/2025-05-23\/erstes-mal-in-bern-xaver-award-2025-mit-rekordbeteiligung\/","name":"Premi\u00e8re fois \u00e0 Berne : Xaver-Award 2025 avec une participation record - Organisateur","isPartOf":{"@id":"https:\/\/www.organisator.ch\/#website"},"primaryImageOfPage":{"@id":"https:\/\/www.organisator.ch\/marketing\/2025-05-23\/erstes-mal-in-bern-xaver-award-2025-mit-rekordbeteiligung\/#primaryimage"},"image":{"@id":"https:\/\/www.organisator.ch\/marketing\/2025-05-23\/erstes-mal-in-bern-xaver-award-2025-mit-rekordbeteiligung\/#primaryimage"},"thumbnailUrl":"https:\/\/www.markt-kom.com\/wp-content\/uploads\/2025\/05\/XAVER_2025_Motto.jpg","datePublished":"2025-05-23T06:19:00+00:00","description":"Avec 47 soumissions, le Xaver Award 2025 enregistre un nombre de projets jamais atteint auparavant lors d'une \u00e9dition r\u00e9guli\u00e8re.","breadcrumb":{"@id":"https:\/\/www.organisator.ch\/marketing\/2025-05-23\/erstes-mal-in-bern-xaver-award-2025-mit-rekordbeteiligung\/#breadcrumb"},"inLanguage":"fr-FR","potentialAction":[{"@type":"ReadAction","target":["https:\/\/www.organisator.ch\/marketing\/2025-05-23\/erstes-mal-in-bern-xaver-award-2025-mit-rekordbeteiligung\/"]}]},{"@type":"ImageObject","inLanguage":"fr-FR","@id":"https:\/\/www.organisator.ch\/marketing\/2025-05-23\/erstes-mal-in-bern-xaver-award-2025-mit-rekordbeteiligung\/#primaryimage","url":"https:\/\/www.markt-kom.com\/wp-content\/uploads\/2025\/05\/XAVER_2025_Motto.jpg","contentUrl":"https:\/\/www.markt-kom.com\/wp-content\/uploads\/2025\/05\/XAVER_2025_Motto.jpg"},{"@type":"BreadcrumbList","@id":"https:\/\/www.organisator.ch\/marketing\/2025-05-23\/erstes-mal-in-bern-xaver-award-2025-mit-rekordbeteiligung\/#breadcrumb","itemListElement":[{"@type":"ListItem","position":1,"name":"Home","item":"https:\/\/www.organisator.ch\/"},{"@type":"ListItem","position":2,"name":"Erstes Mal in Bern: Xaver-Award 2025 mit Rekordbeteiligung"}]},{"@type":"WebSite","@id":"https:\/\/www.organisator.ch\/#website","url":"https:\/\/www.organisator.ch\/","name":"Organisateur","description":"Comp\u00e9tence et comp\u00e9tence. Proches de la pratique. L'ORGANISATEUR pr\u00e9pare 10 num\u00e9ros par an sur les th\u00e8mes essentiels pour les dirigeants de PME.","publisher":{"@id":"https:\/\/www.organisator.ch\/#organization"},"potentialAction":[{"@type":"SearchAction","target":{"@type":"EntryPoint","urlTemplate":"https:\/\/www.organisator.ch\/?s={search_term_string}"},"query-input":{"@type":"PropertyValueSpecification","valueRequired":true,"valueName":"search_term_string"}}],"inLanguage":"fr-FR"},{"@type":"Organization","@id":"https:\/\/www.organisator.ch\/#organization","name":"Organisateur","url":"https:\/\/www.organisator.ch\/","logo":{"@type":"ImageObject","inLanguage":"fr-FR","@id":"https:\/\/www.organisator.ch\/#\/schema\/logo\/image\/","url":"https:\/\/www.organisator.ch\/wp-content\/uploads\/2022\/01\/Logo_Organisator_Website.png","contentUrl":"https:\/\/www.organisator.ch\/wp-content\/uploads\/2022\/01\/Logo_Organisator_Website.png","width":800,"height":77,"caption":"Organisator"},"image":{"@id":"https:\/\/www.organisator.ch\/#\/schema\/logo\/image\/"},"sameAs":["https:\/\/www.facebook.com\/OrganisatorFachmagazin","https:\/\/www.linkedin.com\/showcase\/organisator-das-magazin-fr-kmu","https:\/\/www.xing.com\/news\/pages\/organisator-ch-695","https:\/\/www.youtube.com\/channel\/UCGP2Sq0iWaZwT3BdIAQFYpw"]},{"@type":"Person","@id":"https:\/\/www.organisator.ch\/#\/schema\/person\/4e51799071cd2dd1232ac003643ef5f0","name":"galledia","image":{"@type":"ImageObject","inLanguage":"fr-FR","@id":"https:\/\/secure.gravatar.com\/avatar\/78a7f90c01fc2bfc875782a0d4922b37cde2cf184ce347b91316d23cd7f69a36?s=96&d=mm&r=g","url":"https:\/\/secure.gravatar.com\/avatar\/78a7f90c01fc2bfc875782a0d4922b37cde2cf184ce347b91316d23cd7f69a36?s=96&d=mm&r=g","contentUrl":"https:\/\/secure.gravatar.com\/avatar\/78a7f90c01fc2bfc875782a0d4922b37cde2cf184ce347b91316d23cd7f69a36?s=96&d=mm&r=g","caption":"galledia"},"sameAs":["https:\/\/x.com\/admin"],"url":"https:\/\/www.organisator.ch\/fr\/author\/galledia\/"}]}},"_links":{"self":[{"href":"https:\/\/www.organisator.ch\/fr\/wp-json\/wp\/v2\/posts\/38536","targetHints":{"allow":["GET"]}}],"collection":[{"href":"https:\/\/www.organisator.ch\/fr\/wp-json\/wp\/v2\/posts"}],"about":[{"href":"https:\/\/www.organisator.ch\/fr\/wp-json\/wp\/v2\/types\/post"}],"author":[{"embeddable":true,"href":"https:\/\/www.organisator.ch\/fr\/wp-json\/wp\/v2\/users\/8"}],"replies":[{"embeddable":true,"href":"https:\/\/www.organisator.ch\/fr\/wp-json\/wp\/v2\/comments?post=38536"}],"version-history":[{"count":4,"href":"https:\/\/www.organisator.ch\/fr\/wp-json\/wp\/v2\/posts\/38536\/revisions"}],"predecessor-version":[{"id":38556,"href":"https:\/\/www.organisator.ch\/fr\/wp-json\/wp\/v2\/posts\/38536\/revisions\/38556"}],"wp:attachment":[{"href":"https:\/\/www.organisator.ch\/fr\/wp-json\/wp\/v2\/media?parent=38536"}],"wp:term":[{"taxonomy":"category","embeddable":true,"href":"https:\/\/www.organisator.ch\/fr\/wp-json\/wp\/v2\/categories?post=38536"},{"taxonomy":"post_tag","embeddable":true,"href":"https:\/\/www.organisator.ch\/fr\/wp-json\/wp\/v2\/tags?post=38536"}],"curies":[{"name":"wp","href":"https:\/\/api.w.org\/{rel}","templated":true}]}}