{"id":38542,"date":"2025-05-23T08:05:56","date_gmt":"2025-05-23T06:05:56","guid":{"rendered":"https:\/\/www.organisator.ch\/?p=38542"},"modified":"2025-06-19T09:57:13","modified_gmt":"2025-06-19T07:57:13","slug":"obrist-interior-ag-gewinnt-den-prix-svc-zentralschweiz-2025","status":"publish","type":"post","link":"https:\/\/www.organisator.ch\/fr\/management\/2025-05-23\/obrist-interior-ag-gewinnt-den-prix-svc-zentralschweiz-2025\/","title":{"rendered":"Obrist interior AG remporte le Prix SVC Zentralschweiz 2025"},"content":{"rendered":"<figure id=\"attachment_38543\" aria-describedby=\"caption-attachment-38543\" style=\"width: 680px\" class=\"wp-caption alignnone\"><img loading=\"lazy\" decoding=\"async\" class=\"size-full wp-image-38543\" src=\"https:\/\/www.organisator.ch\/wp-content\/uploads\/2025\/05\/Obrist-interior-AG-gewinnt-den-Prix-SVC-Zentralschweiz-2025-1_Organisator.jpg\" alt=\"\" width=\"680\" height=\"453\" srcset=\"https:\/\/www.organisator.ch\/wp-content\/uploads\/2025\/05\/Obrist-interior-AG-gewinnt-den-Prix-SVC-Zentralschweiz-2025-1_Organisator.jpg 680w, https:\/\/www.organisator.ch\/wp-content\/uploads\/2025\/05\/Obrist-interior-AG-gewinnt-den-Prix-SVC-Zentralschweiz-2025-1_Organisator-18x12.jpg 18w, https:\/\/www.organisator.ch\/wp-content\/uploads\/2025\/05\/Obrist-interior-AG-gewinnt-den-Prix-SVC-Zentralschweiz-2025-1_Organisator-375x250.jpg 375w, https:\/\/www.organisator.ch\/wp-content\/uploads\/2025\/05\/Obrist-interior-AG-gewinnt-den-Prix-SVC-Zentralschweiz-2025-1_Organisator-525x350.jpg 525w\" sizes=\"auto, (max-width: 680px) 100vw, 680px\" \/><figcaption id=\"caption-attachment-38543\" class=\"wp-caption-text\">Les gagnants du Prix SVC Zentralschweiz 2025, Stefan Slamanig, CEO et propri\u00e9taire, Obrist interior AG et Sylvia Grisch, directrice artistique de Studio Tonic, se r\u00e9jouissent de leur prix. (SVC\/Keystone\/Manuel Lopez)<\/figcaption><\/figure>\n<p>Obrist interior AG est une entreprise leader dans le domaine de l'architecture d'int\u00e9rieur sur mesure. Avec ses quelque 120 sp\u00e9cialistes exp\u00e9riment\u00e9s, elle r\u00e9alise des int\u00e9rieurs exceptionnels pour des marques de luxe, des locaux commerciaux et des habitations priv\u00e9es dans le monde entier. L'entreprise gagnante propose un service global couvrant toutes les phases d'un projet - de l'id\u00e9e initiale et de la planification \u00e0 la fabrication et au montage. Obrist est connu pour la cr\u00e9ation de solutions uniques, fonctionnelles et esth\u00e9tiques. En \u00e9troite collaboration avec le studio de design Studio Tonic, il cr\u00e9e des concepts cr\u00e9atifs pour l'am\u00e9nagement de magasins et l'agencement int\u00e9rieur, qui s'harmonisent parfaitement lors de la mise en \u0153uvre - de la premi\u00e8re esquisse \u00e0 l'int\u00e9rieur final. Urban Camenzind, pr\u00e9sident du jury et directeur de l'\u00e9conomie publique du canton d'Uri, a honor\u00e9 la gagnante dans son \u00e9loge et a soulign\u00e9 ses performances exceptionnelles. \"Le jury d'experts a \u00e9t\u00e9 impressionn\u00e9 par l'alliance r\u00e9ussie de l'artisanat traditionnel et de la technique la plus moderne. En \u00e9troite collaboration, les conseillers \u00e0 la client\u00e8le, les chefs de projet, les planificateurs et les sp\u00e9cialistes de la production transforment les mat\u00e9riaux les plus divers tels que le bois, le m\u00e9tal et le verre en am\u00e9nagements de magasins et d'int\u00e9rieurs de grande qualit\u00e9 ; de v\u00e9ritables \u0153uvres d'art cr\u00e9\u00e9es en Suisse centrale pour le march\u00e9 mondial\".<\/p>\n<h3>Le groupe Axon Active et Schiltrac Fahrzeugbau GmbH s'imposent avec la deuxi\u00e8me et la troisi\u00e8me place<\/h3>\n<p>La deuxi\u00e8me place revient au groupe Axon Active de Lucerne, qui s'est sp\u00e9cialis\u00e9 dans la transformation num\u00e9rique et le d\u00e9veloppement agile de logiciels. Fond\u00e9e en 2008 et bas\u00e9e dans le ch\u00e2teau historique de Sch\u00f6negg, l'entreprise a pour objectif d'aider les entreprises \u00e0 relever les d\u00e9fis de la transformation num\u00e9rique. Axon Active propose une large gamme de services bas\u00e9s sur les principes agiles. Avec une \u00e9quipe internationale bas\u00e9e en Suisse et au Vietnam, le groupe d\u00e9veloppe des solutions logicielles sur mesure qui allient efficacit\u00e9 et durabilit\u00e9 tout au long du cycle de vie du produit. Il s'agit par exemple de syst\u00e8mes assist\u00e9s par l'IA pour mieux g\u00e9rer les flux de pendulaires dans les transports publics.<\/p>\n<p>La troisi\u00e8me place est occup\u00e9e par Schiltrac Fahrzeugbau GmbH, fond\u00e9e en 1993, qui s'est forg\u00e9 une excellente r\u00e9putation dans le d\u00e9veloppement de v\u00e9hicules de transport sp\u00e9ciaux pour les secteurs les plus divers. Forte d'une longue exp\u00e9rience, l'entreprise fabrique des solutions de v\u00e9hicules individuelles pour l'agriculture, le secteur communal, les pompiers, l'industrie foresti\u00e8re et le b\u00e2timent. Gr\u00e2ce \u00e0 une technique innovante, les v\u00e9hicules sont particuli\u00e8rement adapt\u00e9s aux terrains difficiles et aux r\u00e9gions alpines, l\u00e0 o\u00f9 les v\u00e9hicules traditionnels atteignent leurs limites. Leur charge utile \u00e9lev\u00e9e et leur construction robuste en font des machines de travail particuli\u00e8rement fiables et performantes.<\/p>\n<h3>Stadler Form AG et Impact Acoustic AG obtiennent des dipl\u00f4mes<\/h3>\n<p>Stadler Form AG, fond\u00e9e en 1998 et bas\u00e9e \u00e0 Zoug, a \u00e9t\u00e9 r\u00e9compens\u00e9e par un dipl\u00f4me. Il s'agit d'une entreprise leader dans le domaine des appareils m\u00e9nagers destin\u00e9s \u00e0 optimiser le climat int\u00e9rieur. Connue pour ses humidificateurs, diffuseurs d'ar\u00f4mes et d\u00e9shumidificateurs, la PME allie un design esth\u00e9tique \u00e0 une technologie efficace sur le plan \u00e9nerg\u00e9tique. En mettant clairement l'accent sur la durabilit\u00e9 et la convivialit\u00e9, Stadler Form propose des solutions qui am\u00e9liorent le climat int\u00e9rieur et augmentent le confort de sa client\u00e8le. La qualit\u00e9 et l'innovation sont toujours au centre de ses pr\u00e9occupations.<\/p>\n<p>Impact Acoustic AG s'est \u00e9galement class\u00e9e parmi les dipl\u00f4m\u00e9s. Depuis sa cr\u00e9ation en 2019, l'entreprise lucernoise s'est sp\u00e9cialis\u00e9e dans les solutions acoustiques durables. Elle propose des produits sur mesure pour les bureaux, les restaurants, les h\u00f4tels et les b\u00e2timents publics, qui am\u00e9liorent non seulement l'acoustique des pi\u00e8ces, mais pr\u00e9servent \u00e9galement l'environnement. Gr\u00e2ce \u00e0 des mat\u00e9riaux innovants et r\u00e9utilisables et \u00e0 un design cr\u00e9atif, Impact Acoustic assure une excellente absorption acoustique et une excellente qualit\u00e9 sonore - augmentant ainsi le bien-\u00eatre des utilisateurs tout comme leur productivit\u00e9.<\/p>\n<h3>Rendez-vous de l'\u00e9conomie de Suisse centrale<\/h3>\n<p>Avec le Prix SVC Zentralschweiz, le SVC (Swiss Venture Club) a r\u00e9compens\u00e9 pour la dixi\u00e8me fois des petites et moyennes entreprises (PME) exemplaires de la r\u00e9gion. L'\u00e9dition anniversaire, qui s'est tenue au KKL Luzern, a offert aux 900 invit\u00e9s issus des milieux \u00e9conomiques, politiques, sociaux et m\u00e9diatiques des aper\u00e7us inspirants de la diversit\u00e9 de l'entrepreneuriat dans la r\u00e9gion. Daniel Cottini, pr\u00e9sident du comit\u00e9 d'organisation du Prix SVC Zentralschweiz, a soulign\u00e9 : \"Les cinq laur\u00e9ats sont d'excellents exemples de la force de l'entrepreneuriat en Suisse centrale. Ce qui les unit et les distingue tous, ce sont leurs performances en mati\u00e8re de croissance durable, leur capacit\u00e9 d'innovation unique et leur courage entrepreneurial. Nous voulons offrir une plate-forme \u00e0 ces histoires de r\u00e9ussite de PME lors du Prix SVC et leur accorder la reconnaissance qu'elles m\u00e9ritent\".<\/p>\n<p>La remise des prix a \u00e9t\u00e9 encadr\u00e9e musicalement par Fabienne Louves, qui a interpr\u00e9t\u00e9 deux chansons avec sa voix puissante. Et Sabine Keller-Busse, directrice pour la Suisse du sponsor principal UBS, a \u00e9galement tenu un discours d'ouverture dans lequel elle a soulign\u00e9 le m\u00e9lange suisse de PME et de grandes entreprises qui favorise la croissance et qui s'est toujours av\u00e9r\u00e9 r\u00e9sistant aux crises.<\/p>\n<p><em>Source et informations compl\u00e9mentaires : www.svc.swiss<\/em><\/p>","protected":false},"excerpt":{"rendered":"<p>Grand honneur pour Obrist interior AG : la PME traditionnelle d'Inwil, sp\u00e9cialis\u00e9e dans l'am\u00e9nagement de magasins et l'agencement int\u00e9rieur haut de gamme, a \u00e9t\u00e9 r\u00e9compens\u00e9e le 22 mai 2025 par le Prix SVC Zentralschweiz. L'entreprise \u00e9tait en finale avec le groupe Axon Active, Impact Acoustic AG, Schiltrac Fahrzeugbau GmbH et Stadler Form AG.<\/p>","protected":false},"author":4,"featured_media":38543,"comment_status":"closed","ping_status":"closed","sticky":false,"template":"","format":"standard","meta":{"_acf_changed":false,"_yoast_wpseo_focuskw":"Obrist interior AG","_yoast_wpseo_metadesc":"Grosse Ehre f\u00fcr die Obrist interior AG: Das auf hochwertigen Ladenbau und Innenausbau spezialisierte KMU gewinnt den Prix SVC Zentralschweiz.","articlekey":"","footnotes":""},"categories":[28],"tags":[66,390,492,503],"class_list":["post-38542","post","type-post","status-publish","format-standard","has-post-thumbnail","hentry","category-management","tag-awards","tag-prix-svc","tag-unternehmen","tag-verbaende"],"acf":[],"yoast_head":"<!-- This site is optimized with the Yoast SEO plugin v27.4 - https:\/\/yoast.com\/product\/yoast-seo-wordpress\/ -->\n<title>Obrist interior AG gewinnt den Prix SVC Zentralschweiz 2025 - Organisator<\/title>\n<meta name=\"description\" content=\"Grosse Ehre f\u00fcr die Obrist interior AG: Das auf hochwertigen Ladenbau und Innenausbau spezialisierte KMU gewinnt den Prix SVC Zentralschweiz.\" \/>\n<meta name=\"robots\" content=\"index, follow, max-snippet:-1, max-image-preview:large, max-video-preview:-1\" \/>\n<link rel=\"canonical\" href=\"https:\/\/www.organisator.ch\/fr\/gestion-2\/2025-05-23\/obrist-interior-ag-gewinnt-den-prix-svc-zentralschweiz-2025\/\" \/>\n<meta property=\"og:locale\" content=\"fr_FR\" \/>\n<meta property=\"og:type\" content=\"article\" \/>\n<meta property=\"og:title\" content=\"Obrist interior AG gewinnt den Prix SVC Zentralschweiz 2025\" \/>\n<meta property=\"og:description\" content=\"Grosse Ehre f\u00fcr die Obrist interior AG: Das auf hochwertigen Ladenbau und Innenausbau spezialisierte KMU gewinnt den Prix SVC Zentralschweiz.\" \/>\n<meta property=\"og:url\" content=\"https:\/\/www.organisator.ch\/fr\/gestion-2\/2025-05-23\/obrist-interior-ag-gewinnt-den-prix-svc-zentralschweiz-2025\/\" \/>\n<meta property=\"og:site_name\" content=\"Organisator\" \/>\n<meta property=\"article:publisher\" content=\"https:\/\/www.facebook.com\/OrganisatorFachmagazin\" \/>\n<meta property=\"article:published_time\" content=\"2025-05-23T06:05:56+00:00\" \/>\n<meta property=\"article:modified_time\" content=\"2025-06-19T07:57:13+00:00\" \/>\n<meta property=\"og:image\" content=\"https:\/\/www.organisator.ch\/wp-content\/uploads\/2025\/05\/Obrist-interior-AG-gewinnt-den-Prix-SVC-Zentralschweiz-2025-1_Organisator.jpg\" \/>\n\t<meta property=\"og:image:width\" content=\"680\" \/>\n\t<meta property=\"og:image:height\" content=\"453\" \/>\n\t<meta property=\"og:image:type\" content=\"image\/jpeg\" \/>\n<meta name=\"author\" content=\"thomas.berner\" \/>\n<meta name=\"twitter:card\" content=\"summary_large_image\" \/>\n<meta name=\"twitter:title\" content=\"#Obrist interior AG gewinnt den Prix SVC #Zentralschweiz 2025\" \/>\n<meta name=\"twitter:description\" content=\"Grosse Ehre f\u00fcr die #Obrist interior AG: Das auf hochwertigen #Ladenbau und Innenausbau spezialisierte KMU gewinnt den Prix SVC #Zentralschweiz.\" \/>\n<meta name=\"twitter:image\" content=\"https:\/\/www.organisator.ch\/wp-content\/uploads\/2025\/05\/Obrist-interior-AG-gewinnt-den-Prix-SVC-Zentralschweiz-2025-1_Organisator.jpg\" \/>\n<script type=\"application\/ld+json\" class=\"yoast-schema-graph\">{\"@context\":\"https:\\\/\\\/schema.org\",\"@graph\":[{\"@type\":\"Article\",\"@id\":\"https:\\\/\\\/www.organisator.ch\\\/management\\\/2025-05-23\\\/obrist-interior-ag-gewinnt-den-prix-svc-zentralschweiz-2025\\\/#article\",\"isPartOf\":{\"@id\":\"https:\\\/\\\/www.organisator.ch\\\/management\\\/2025-05-23\\\/obrist-interior-ag-gewinnt-den-prix-svc-zentralschweiz-2025\\\/\"},\"author\":{\"name\":\"thomas.berner\",\"@id\":\"https:\\\/\\\/www.organisator.ch\\\/#\\\/schema\\\/person\\\/6f650f90b2842cd4c0cc334b4e36f67e\"},\"headline\":\"Obrist interior AG gewinnt den Prix SVC Zentralschweiz 2025\",\"datePublished\":\"2025-05-23T06:05:56+00:00\",\"dateModified\":\"2025-06-19T07:57:13+00:00\",\"mainEntityOfPage\":{\"@id\":\"https:\\\/\\\/www.organisator.ch\\\/management\\\/2025-05-23\\\/obrist-interior-ag-gewinnt-den-prix-svc-zentralschweiz-2025\\\/\"},\"wordCount\":763,\"publisher\":{\"@id\":\"https:\\\/\\\/www.organisator.ch\\\/#organization\"},\"image\":{\"@id\":\"https:\\\/\\\/www.organisator.ch\\\/management\\\/2025-05-23\\\/obrist-interior-ag-gewinnt-den-prix-svc-zentralschweiz-2025\\\/#primaryimage\"},\"thumbnailUrl\":\"https:\\\/\\\/www.organisator.ch\\\/wp-content\\\/uploads\\\/2025\\\/05\\\/Obrist-interior-AG-gewinnt-den-Prix-SVC-Zentralschweiz-2025-1_Organisator.jpg\",\"keywords\":[\"Awards\",\"Prix SVC\",\"Unternehmen\",\"Verb\u00e4nde\"],\"articleSection\":[\"MANAGEMENT\"],\"inLanguage\":\"fr-FR\"},{\"@type\":\"WebPage\",\"@id\":\"https:\\\/\\\/www.organisator.ch\\\/management\\\/2025-05-23\\\/obrist-interior-ag-gewinnt-den-prix-svc-zentralschweiz-2025\\\/\",\"url\":\"https:\\\/\\\/www.organisator.ch\\\/management\\\/2025-05-23\\\/obrist-interior-ag-gewinnt-den-prix-svc-zentralschweiz-2025\\\/\",\"name\":\"Obrist interior AG gewinnt den Prix SVC Zentralschweiz 2025 - Organisator\",\"isPartOf\":{\"@id\":\"https:\\\/\\\/www.organisator.ch\\\/#website\"},\"primaryImageOfPage\":{\"@id\":\"https:\\\/\\\/www.organisator.ch\\\/management\\\/2025-05-23\\\/obrist-interior-ag-gewinnt-den-prix-svc-zentralschweiz-2025\\\/#primaryimage\"},\"image\":{\"@id\":\"https:\\\/\\\/www.organisator.ch\\\/management\\\/2025-05-23\\\/obrist-interior-ag-gewinnt-den-prix-svc-zentralschweiz-2025\\\/#primaryimage\"},\"thumbnailUrl\":\"https:\\\/\\\/www.organisator.ch\\\/wp-content\\\/uploads\\\/2025\\\/05\\\/Obrist-interior-AG-gewinnt-den-Prix-SVC-Zentralschweiz-2025-1_Organisator.jpg\",\"datePublished\":\"2025-05-23T06:05:56+00:00\",\"dateModified\":\"2025-06-19T07:57:13+00:00\",\"description\":\"Grosse Ehre f\u00fcr die Obrist interior AG: Das auf hochwertigen Ladenbau und Innenausbau spezialisierte KMU gewinnt den Prix SVC Zentralschweiz.\",\"breadcrumb\":{\"@id\":\"https:\\\/\\\/www.organisator.ch\\\/management\\\/2025-05-23\\\/obrist-interior-ag-gewinnt-den-prix-svc-zentralschweiz-2025\\\/#breadcrumb\"},\"inLanguage\":\"fr-FR\",\"potentialAction\":[{\"@type\":\"ReadAction\",\"target\":[\"https:\\\/\\\/www.organisator.ch\\\/management\\\/2025-05-23\\\/obrist-interior-ag-gewinnt-den-prix-svc-zentralschweiz-2025\\\/\"]}]},{\"@type\":\"ImageObject\",\"inLanguage\":\"fr-FR\",\"@id\":\"https:\\\/\\\/www.organisator.ch\\\/management\\\/2025-05-23\\\/obrist-interior-ag-gewinnt-den-prix-svc-zentralschweiz-2025\\\/#primaryimage\",\"url\":\"https:\\\/\\\/www.organisator.ch\\\/wp-content\\\/uploads\\\/2025\\\/05\\\/Obrist-interior-AG-gewinnt-den-Prix-SVC-Zentralschweiz-2025-1_Organisator.jpg\",\"contentUrl\":\"https:\\\/\\\/www.organisator.ch\\\/wp-content\\\/uploads\\\/2025\\\/05\\\/Obrist-interior-AG-gewinnt-den-Prix-SVC-Zentralschweiz-2025-1_Organisator.jpg\",\"width\":680,\"height\":453,\"caption\":\"Die Gewinner des Prix SVC Zentralschweiz 2025, Stefan Slamanig, CEO und Inhaber, OBRIST interior AG und Sylvia Grisch, Art Director (Studio Tonic), OBRIST interior AG freuen sich ueber den Preis waehrend der Preisverleihung am Donnerstag, 22. Mai 2025, im KKL Luzern. Der Swiss Venture Club zeichnet mit dem Prix SVC innovative Unternehmen aus, die durch herausragende Leistungen einen wesentlichen und nachhaltigen wirtschaftlichen Erfolg verzeichnen. (SVC\\\/Keystone\\\/Manuel Lopez)\"},{\"@type\":\"BreadcrumbList\",\"@id\":\"https:\\\/\\\/www.organisator.ch\\\/management\\\/2025-05-23\\\/obrist-interior-ag-gewinnt-den-prix-svc-zentralschweiz-2025\\\/#breadcrumb\",\"itemListElement\":[{\"@type\":\"ListItem\",\"position\":1,\"name\":\"Home\",\"item\":\"https:\\\/\\\/www.organisator.ch\\\/\"},{\"@type\":\"ListItem\",\"position\":2,\"name\":\"Obrist interior AG gewinnt den Prix SVC Zentralschweiz 2025\"}]},{\"@type\":\"WebSite\",\"@id\":\"https:\\\/\\\/www.organisator.ch\\\/#website\",\"url\":\"https:\\\/\\\/www.organisator.ch\\\/\",\"name\":\"Organisator\",\"description\":\"Kompetent. Praxisnah. Der ORGANISATOR bereitet in 10 Ausgaben pro Jahr die wesentlichen Themen f\u00fcr F\u00fchrungskr\u00e4fte von KMU auf.\",\"publisher\":{\"@id\":\"https:\\\/\\\/www.organisator.ch\\\/#organization\"},\"potentialAction\":[{\"@type\":\"SearchAction\",\"target\":{\"@type\":\"EntryPoint\",\"urlTemplate\":\"https:\\\/\\\/www.organisator.ch\\\/?s={search_term_string}\"},\"query-input\":{\"@type\":\"PropertyValueSpecification\",\"valueRequired\":true,\"valueName\":\"search_term_string\"}}],\"inLanguage\":\"fr-FR\"},{\"@type\":\"Organization\",\"@id\":\"https:\\\/\\\/www.organisator.ch\\\/#organization\",\"name\":\"Organisator\",\"url\":\"https:\\\/\\\/www.organisator.ch\\\/\",\"logo\":{\"@type\":\"ImageObject\",\"inLanguage\":\"fr-FR\",\"@id\":\"https:\\\/\\\/www.organisator.ch\\\/#\\\/schema\\\/logo\\\/image\\\/\",\"url\":\"https:\\\/\\\/www.organisator.ch\\\/wp-content\\\/uploads\\\/2022\\\/01\\\/Logo_Organisator_Website.png\",\"contentUrl\":\"https:\\\/\\\/www.organisator.ch\\\/wp-content\\\/uploads\\\/2022\\\/01\\\/Logo_Organisator_Website.png\",\"width\":800,\"height\":77,\"caption\":\"Organisator\"},\"image\":{\"@id\":\"https:\\\/\\\/www.organisator.ch\\\/#\\\/schema\\\/logo\\\/image\\\/\"},\"sameAs\":[\"https:\\\/\\\/www.facebook.com\\\/OrganisatorFachmagazin\",\"https:\\\/\\\/www.linkedin.com\\\/showcase\\\/organisator-das-magazin-fr-kmu\",\"https:\\\/\\\/www.xing.com\\\/news\\\/pages\\\/organisator-ch-695\",\"https:\\\/\\\/www.youtube.com\\\/channel\\\/UCGP2Sq0iWaZwT3BdIAQFYpw\"]},{\"@type\":\"Person\",\"@id\":\"https:\\\/\\\/www.organisator.ch\\\/#\\\/schema\\\/person\\\/6f650f90b2842cd4c0cc334b4e36f67e\",\"name\":\"thomas.berner\",\"image\":{\"@type\":\"ImageObject\",\"inLanguage\":\"fr-FR\",\"@id\":\"https:\\\/\\\/secure.gravatar.com\\\/avatar\\\/ac5001d2a36cb6c6cd3e50789007ffca834b477b74a2144564522e944eabff61?s=96&d=mm&r=g\",\"url\":\"https:\\\/\\\/secure.gravatar.com\\\/avatar\\\/ac5001d2a36cb6c6cd3e50789007ffca834b477b74a2144564522e944eabff61?s=96&d=mm&r=g\",\"contentUrl\":\"https:\\\/\\\/secure.gravatar.com\\\/avatar\\\/ac5001d2a36cb6c6cd3e50789007ffca834b477b74a2144564522e944eabff61?s=96&d=mm&r=g\",\"caption\":\"thomas.berner\"},\"url\":\"https:\\\/\\\/www.organisator.ch\\\/fr\\\/author\\\/thomas-berner\\\/\"}]}<\/script>\n<!-- \/ Yoast SEO plugin. -->","yoast_head_json":{"title":"Obrist interior AG remporte le Prix SVC Zentralschweiz 2025 - Organisateur","description":"Grand honneur pour Obrist interior AG : la PME sp\u00e9cialis\u00e9e dans l'am\u00e9nagement de magasins et l'agencement int\u00e9rieur haut de gamme remporte le Prix SVC Zentralschweiz.","robots":{"index":"index","follow":"follow","max-snippet":"max-snippet:-1","max-image-preview":"max-image-preview:large","max-video-preview":"max-video-preview:-1"},"canonical":"https:\/\/www.organisator.ch\/fr\/gestion-2\/2025-05-23\/obrist-interior-ag-gewinnt-den-prix-svc-zentralschweiz-2025\/","og_locale":"fr_FR","og_type":"article","og_title":"Obrist interior AG gewinnt den Prix SVC Zentralschweiz 2025","og_description":"Grosse Ehre f\u00fcr die Obrist interior AG: Das auf hochwertigen Ladenbau und Innenausbau spezialisierte KMU gewinnt den Prix SVC Zentralschweiz.","og_url":"https:\/\/www.organisator.ch\/fr\/gestion-2\/2025-05-23\/obrist-interior-ag-gewinnt-den-prix-svc-zentralschweiz-2025\/","og_site_name":"Organisator","article_publisher":"https:\/\/www.facebook.com\/OrganisatorFachmagazin","article_published_time":"2025-05-23T06:05:56+00:00","article_modified_time":"2025-06-19T07:57:13+00:00","og_image":[{"width":680,"height":453,"url":"https:\/\/www.organisator.ch\/wp-content\/uploads\/2025\/05\/Obrist-interior-AG-gewinnt-den-Prix-SVC-Zentralschweiz-2025-1_Organisator.jpg","type":"image\/jpeg"}],"author":"thomas.berner","twitter_card":"summary_large_image","twitter_title":"#Obrist interior AG gewinnt den Prix SVC #Zentralschweiz 2025","twitter_description":"Grosse Ehre f\u00fcr die #Obrist interior AG: Das auf hochwertigen #Ladenbau und Innenausbau spezialisierte KMU gewinnt den Prix SVC #Zentralschweiz.","twitter_image":"https:\/\/www.organisator.ch\/wp-content\/uploads\/2025\/05\/Obrist-interior-AG-gewinnt-den-Prix-SVC-Zentralschweiz-2025-1_Organisator.jpg","schema":{"@context":"https:\/\/schema.org","@graph":[{"@type":"Article","@id":"https:\/\/www.organisator.ch\/management\/2025-05-23\/obrist-interior-ag-gewinnt-den-prix-svc-zentralschweiz-2025\/#article","isPartOf":{"@id":"https:\/\/www.organisator.ch\/management\/2025-05-23\/obrist-interior-ag-gewinnt-den-prix-svc-zentralschweiz-2025\/"},"author":{"name":"thomas.berner","@id":"https:\/\/www.organisator.ch\/#\/schema\/person\/6f650f90b2842cd4c0cc334b4e36f67e"},"headline":"Obrist interior AG gewinnt den Prix SVC Zentralschweiz 2025","datePublished":"2025-05-23T06:05:56+00:00","dateModified":"2025-06-19T07:57:13+00:00","mainEntityOfPage":{"@id":"https:\/\/www.organisator.ch\/management\/2025-05-23\/obrist-interior-ag-gewinnt-den-prix-svc-zentralschweiz-2025\/"},"wordCount":763,"publisher":{"@id":"https:\/\/www.organisator.ch\/#organization"},"image":{"@id":"https:\/\/www.organisator.ch\/management\/2025-05-23\/obrist-interior-ag-gewinnt-den-prix-svc-zentralschweiz-2025\/#primaryimage"},"thumbnailUrl":"https:\/\/www.organisator.ch\/wp-content\/uploads\/2025\/05\/Obrist-interior-AG-gewinnt-den-Prix-SVC-Zentralschweiz-2025-1_Organisator.jpg","keywords":["Awards","Prix SVC","Unternehmen","Verb\u00e4nde"],"articleSection":["MANAGEMENT"],"inLanguage":"fr-FR"},{"@type":"WebPage","@id":"https:\/\/www.organisator.ch\/management\/2025-05-23\/obrist-interior-ag-gewinnt-den-prix-svc-zentralschweiz-2025\/","url":"https:\/\/www.organisator.ch\/management\/2025-05-23\/obrist-interior-ag-gewinnt-den-prix-svc-zentralschweiz-2025\/","name":"Obrist interior AG remporte le Prix SVC Zentralschweiz 2025 - Organisateur","isPartOf":{"@id":"https:\/\/www.organisator.ch\/#website"},"primaryImageOfPage":{"@id":"https:\/\/www.organisator.ch\/management\/2025-05-23\/obrist-interior-ag-gewinnt-den-prix-svc-zentralschweiz-2025\/#primaryimage"},"image":{"@id":"https:\/\/www.organisator.ch\/management\/2025-05-23\/obrist-interior-ag-gewinnt-den-prix-svc-zentralschweiz-2025\/#primaryimage"},"thumbnailUrl":"https:\/\/www.organisator.ch\/wp-content\/uploads\/2025\/05\/Obrist-interior-AG-gewinnt-den-Prix-SVC-Zentralschweiz-2025-1_Organisator.jpg","datePublished":"2025-05-23T06:05:56+00:00","dateModified":"2025-06-19T07:57:13+00:00","description":"Grand honneur pour Obrist interior AG : la PME sp\u00e9cialis\u00e9e dans l'am\u00e9nagement de magasins et l'agencement int\u00e9rieur haut de gamme remporte le Prix SVC Zentralschweiz.","breadcrumb":{"@id":"https:\/\/www.organisator.ch\/management\/2025-05-23\/obrist-interior-ag-gewinnt-den-prix-svc-zentralschweiz-2025\/#breadcrumb"},"inLanguage":"fr-FR","potentialAction":[{"@type":"ReadAction","target":["https:\/\/www.organisator.ch\/management\/2025-05-23\/obrist-interior-ag-gewinnt-den-prix-svc-zentralschweiz-2025\/"]}]},{"@type":"ImageObject","inLanguage":"fr-FR","@id":"https:\/\/www.organisator.ch\/management\/2025-05-23\/obrist-interior-ag-gewinnt-den-prix-svc-zentralschweiz-2025\/#primaryimage","url":"https:\/\/www.organisator.ch\/wp-content\/uploads\/2025\/05\/Obrist-interior-AG-gewinnt-den-Prix-SVC-Zentralschweiz-2025-1_Organisator.jpg","contentUrl":"https:\/\/www.organisator.ch\/wp-content\/uploads\/2025\/05\/Obrist-interior-AG-gewinnt-den-Prix-SVC-Zentralschweiz-2025-1_Organisator.jpg","width":680,"height":453,"caption":"Die Gewinner des Prix SVC Zentralschweiz 2025, Stefan Slamanig, CEO und Inhaber, OBRIST interior AG und Sylvia Grisch, Art Director (Studio Tonic), OBRIST interior AG freuen sich ueber den Preis waehrend der Preisverleihung am Donnerstag, 22. Mai 2025, im KKL Luzern. Der Swiss Venture Club zeichnet mit dem Prix SVC innovative Unternehmen aus, die durch herausragende Leistungen einen wesentlichen und nachhaltigen wirtschaftlichen Erfolg verzeichnen. (SVC\/Keystone\/Manuel Lopez)"},{"@type":"BreadcrumbList","@id":"https:\/\/www.organisator.ch\/management\/2025-05-23\/obrist-interior-ag-gewinnt-den-prix-svc-zentralschweiz-2025\/#breadcrumb","itemListElement":[{"@type":"ListItem","position":1,"name":"Home","item":"https:\/\/www.organisator.ch\/"},{"@type":"ListItem","position":2,"name":"Obrist interior AG gewinnt den Prix SVC Zentralschweiz 2025"}]},{"@type":"WebSite","@id":"https:\/\/www.organisator.ch\/#website","url":"https:\/\/www.organisator.ch\/","name":"Organisateur","description":"Comp\u00e9tence et comp\u00e9tence. Proches de la pratique. L'ORGANISATEUR pr\u00e9pare 10 num\u00e9ros par an sur les th\u00e8mes essentiels pour les dirigeants de PME.","publisher":{"@id":"https:\/\/www.organisator.ch\/#organization"},"potentialAction":[{"@type":"SearchAction","target":{"@type":"EntryPoint","urlTemplate":"https:\/\/www.organisator.ch\/?s={search_term_string}"},"query-input":{"@type":"PropertyValueSpecification","valueRequired":true,"valueName":"search_term_string"}}],"inLanguage":"fr-FR"},{"@type":"Organization","@id":"https:\/\/www.organisator.ch\/#organization","name":"Organisateur","url":"https:\/\/www.organisator.ch\/","logo":{"@type":"ImageObject","inLanguage":"fr-FR","@id":"https:\/\/www.organisator.ch\/#\/schema\/logo\/image\/","url":"https:\/\/www.organisator.ch\/wp-content\/uploads\/2022\/01\/Logo_Organisator_Website.png","contentUrl":"https:\/\/www.organisator.ch\/wp-content\/uploads\/2022\/01\/Logo_Organisator_Website.png","width":800,"height":77,"caption":"Organisator"},"image":{"@id":"https:\/\/www.organisator.ch\/#\/schema\/logo\/image\/"},"sameAs":["https:\/\/www.facebook.com\/OrganisatorFachmagazin","https:\/\/www.linkedin.com\/showcase\/organisator-das-magazin-fr-kmu","https:\/\/www.xing.com\/news\/pages\/organisator-ch-695","https:\/\/www.youtube.com\/channel\/UCGP2Sq0iWaZwT3BdIAQFYpw"]},{"@type":"Person","@id":"https:\/\/www.organisator.ch\/#\/schema\/person\/6f650f90b2842cd4c0cc334b4e36f67e","name":"thomas.berner","image":{"@type":"ImageObject","inLanguage":"fr-FR","@id":"https:\/\/secure.gravatar.com\/avatar\/ac5001d2a36cb6c6cd3e50789007ffca834b477b74a2144564522e944eabff61?s=96&d=mm&r=g","url":"https:\/\/secure.gravatar.com\/avatar\/ac5001d2a36cb6c6cd3e50789007ffca834b477b74a2144564522e944eabff61?s=96&d=mm&r=g","contentUrl":"https:\/\/secure.gravatar.com\/avatar\/ac5001d2a36cb6c6cd3e50789007ffca834b477b74a2144564522e944eabff61?s=96&d=mm&r=g","caption":"thomas.berner"},"url":"https:\/\/www.organisator.ch\/fr\/author\/thomas-berner\/"}]}},"_links":{"self":[{"href":"https:\/\/www.organisator.ch\/fr\/wp-json\/wp\/v2\/posts\/38542","targetHints":{"allow":["GET"]}}],"collection":[{"href":"https:\/\/www.organisator.ch\/fr\/wp-json\/wp\/v2\/posts"}],"about":[{"href":"https:\/\/www.organisator.ch\/fr\/wp-json\/wp\/v2\/types\/post"}],"author":[{"embeddable":true,"href":"https:\/\/www.organisator.ch\/fr\/wp-json\/wp\/v2\/users\/4"}],"replies":[{"embeddable":true,"href":"https:\/\/www.organisator.ch\/fr\/wp-json\/wp\/v2\/comments?post=38542"}],"version-history":[{"count":6,"href":"https:\/\/www.organisator.ch\/fr\/wp-json\/wp\/v2\/posts\/38542\/revisions"}],"predecessor-version":[{"id":39142,"href":"https:\/\/www.organisator.ch\/fr\/wp-json\/wp\/v2\/posts\/38542\/revisions\/39142"}],"wp:featuredmedia":[{"embeddable":true,"href":"https:\/\/www.organisator.ch\/fr\/wp-json\/wp\/v2\/media\/38543"}],"wp:attachment":[{"href":"https:\/\/www.organisator.ch\/fr\/wp-json\/wp\/v2\/media?parent=38542"}],"wp:term":[{"taxonomy":"category","embeddable":true,"href":"https:\/\/www.organisator.ch\/fr\/wp-json\/wp\/v2\/categories?post=38542"},{"taxonomy":"post_tag","embeddable":true,"href":"https:\/\/www.organisator.ch\/fr\/wp-json\/wp\/v2\/tags?post=38542"}],"curies":[{"name":"wp","href":"https:\/\/api.w.org\/{rel}","templated":true}]}}