{"id":38577,"date":"2025-05-27T08:12:25","date_gmt":"2025-05-27T06:12:25","guid":{"rendered":"https:\/\/www.markt-kom.com\/?p=235306"},"modified":"2025-05-26T17:03:21","modified_gmt":"2025-05-26T15:03:21","slug":"erster-schweizer-pricing-kongress-startet-in-zuerich","status":"publish","type":"post","link":"https:\/\/www.organisator.ch\/fr\/marketing\/2025-05-27\/erster-schweizer-pricing-kongress-startet-in-zuerich\/","title":{"rendered":"Le premier congr\u00e8s suisse sur la tarification d\u00e9marre \u00e0 Zurich"},"content":{"rendered":"<p><a href=\"https:\/\/www.markt-kom.com\/wp-content\/uploads\/2025\/05\/SPK25.jpg\"><img class=\"aligncenter size-full wp-image-235307\" src=\"https:\/\/www.markt-kom.com\/wp-content\/uploads\/2025\/05\/SPK25.jpg\" sizes=\"(max-width: 780px) 100vw, 780px\" srcset=\"https:\/\/www.markt-kom.com\/wp-content\/uploads\/2025\/05\/SPK25.jpg 780w, https:\/\/www.markt-kom.com\/wp-content\/uploads\/2025\/05\/SPK25-600x346.jpg 600w, https:\/\/www.markt-kom.com\/wp-content\/uploads\/2025\/05\/SPK25-768x443.jpg 768w, https:\/\/www.markt-kom.com\/wp-content\/uploads\/2025\/05\/SPK25-18x10.jpg 18w, https:\/\/www.markt-kom.com\/wp-content\/uploads\/2025\/05\/SPK25-303x175.jpg 303w, https:\/\/www.markt-kom.com\/wp-content\/uploads\/2025\/05\/SPK25-607x350.jpg 607w\" alt=\"\" width=\"780\" height=\"450\" \/><\/a><\/p>\r\n<p>Le 23 juin, le Dolder Grand \u00e0 Zurich accueillera \u00e0 partir de 14 heures le <a href=\"https:\/\/www.pricing-kongress.ch\/\">premier congr\u00e8s suisse sur la tarification<\/a> se d\u00e9roulera \u00e0 cette occasion. L'\u00e9v\u00e9nement s'adresse aux cadres qui ne laissent pas la fixation des prix \u00e0 leur intuition, mais qui la consid\u00e8rent comme un facteur central de la concurrence.<\/p>\r\n<h3><strong>Swiss sur la marque et la marge<\/strong><\/h3>\r\n<p>Swiss, filiale de Lufthansa, ouvre le bal avec un aper\u00e7u de son architecture tarifaire diff\u00e9renci\u00e9e. La question centrale est de savoir comment la disposition \u00e0 payer, les ventes suppl\u00e9mentaires et les canaux de distribution se combinent pour former un syst\u00e8me \u00e9conomiquement viable et renfor\u00e7ant la marque.<\/p>\r\n<h3><strong>Comment les algorithmes d\u00e9terminent le prix<\/strong><\/h3>\r\n<p>Oliver Pabst de Readalpine montrera comment les mod\u00e8les d'utilisation bas\u00e9s sur l'IA d\u00e9fient le mod\u00e8le d'abonnement classique. Lorsque l'intelligence artificielle permet des services bas\u00e9s sur l'utilisation, ce ne sont pas seulement les prix qui changent, mais aussi des logiques commerciales enti\u00e8res. Ce que cela signifie pour les entreprises de logiciels et les le\u00e7ons que d'autres secteurs peuvent en tirer seront au c\u0153ur de son intervention.<\/p>\r\n<p>De plus, Robin Simon, CEO de Treema, montre comment les valeurs suisses telles que la protection des donn\u00e9es et la souverainet\u00e9 des donn\u00e9es peuvent \u00eatre traduites en un mod\u00e8le de prix stable. Fabian Uhrich de l'ETH Zurich apporte en outre la perspective de l'\u00e9conomie comportementale. Il montre \u00e0 l'aide d'exemples comment les distorsions cognitives influencent les d\u00e9cisions de prix et peuvent \u00eatre utilis\u00e9es de mani\u00e8re strat\u00e9gique.<\/p>\r\n<h3><strong>Un abonnement ? Oui, mais avec du sentiment, s'il vous pla\u00eet<\/strong><\/h3>\r\n<p>Frank Gehrig, du cabinet de conseil en innovation Hy, montre comment les mod\u00e8les d'abonnement fonctionnent aujourd'hui. Et ce, de l'acquisition \u00e0 la mise \u00e0 niveau en passant par la formation des clients, y compris les seuils de prix psychologiques. Pour terminer, Samy Liechti revient sur sa longue exp\u00e9rience du commerce \u00e9lectronique chez Blacksocks.<\/p>\r\n<hr \/>\r\n<p><em>La premi\u00e8re \u00e9dition du Congr\u00e8s suisse du pricing aura lieu dans le cadre du Congr\u00e8s suisse des marques. A partir de 14 heures, l'accent sera mis sur la tarification en tant que m\u00e9tier analytique. M&amp;k est partenaire m\u00e9dia. Pour s'inscrire, cliquez ici <a href=\"https:\/\/www.pricing-kongress.ch\/\">ici<\/a>.<\/em><\/p>","protected":false},"excerpt":{"rendered":"<p>Les prix sont des d\u00e9cisions strat\u00e9giques qui ont une influence directe sur la gestion de la marque, la position sur le march\u00e9 et surtout la marge r\u00e9alis\u00e9e. Le Pricing Congress du 23 juin s'adresse aux cadres qui ne consid\u00e8rent pas le pricing comme un jeu de chiffres, mais comme un facteur de comp\u00e9titivit\u00e9.<\/p>","protected":false},"author":8,"featured_media":0,"comment_status":"closed","ping_status":"closed","sticky":false,"template":"","format":"standard","meta":{"_acf_changed":false,"_yoast_wpseo_focuskw":"Pricing Kongress","_yoast_wpseo_metadesc":"Der Pricing Kongress vom 23. Juni richtet sich an F\u00fchrungskr\u00e4fte, die Pricing nicht als Zahlenspiel, sondern als Wettbewerbsfaktor verstehen.","articlekey":"","footnotes":""},"categories":[29],"tags":[4343,5361,2817],"class_list":["post-38577","post","type-post","status-publish","format-standard","hentry","category-marketing","tag-markom","tag-pricing-kongress","tag-schweizer-markenkongress"],"acf":[],"yoast_head":"<!-- This site is optimized with the Yoast SEO plugin v27.4 - https:\/\/yoast.com\/product\/yoast-seo-wordpress\/ -->\n<title>Erster Schweizer Pricing Kongress startet in Z\u00fcrich - Organisator<\/title>\n<meta name=\"description\" content=\"Der Pricing Kongress vom 23. Juni richtet sich an F\u00fchrungskr\u00e4fte, die Pricing nicht als Zahlenspiel, sondern als Wettbewerbsfaktor verstehen.\" \/>\n<meta name=\"robots\" content=\"index, follow, max-snippet:-1, max-image-preview:large, max-video-preview:-1\" \/>\n<link rel=\"canonical\" href=\"https:\/\/www.organisator.ch\/fr\/marketing\/2025-05-27\/erster-schweizer-pricing-kongress-startet-in-zuerich\/\" \/>\n<meta property=\"og:locale\" content=\"fr_FR\" \/>\n<meta property=\"og:type\" content=\"article\" \/>\n<meta property=\"og:title\" content=\"Erster Schweizer Pricing Kongress startet in Z\u00fcrich - Organisator\" \/>\n<meta property=\"og:description\" content=\"Der Pricing Kongress vom 23. Juni richtet sich an F\u00fchrungskr\u00e4fte, die Pricing nicht als Zahlenspiel, sondern als Wettbewerbsfaktor verstehen.\" \/>\n<meta property=\"og:url\" content=\"https:\/\/www.organisator.ch\/fr\/marketing\/2025-05-27\/erster-schweizer-pricing-kongress-startet-in-zuerich\/\" \/>\n<meta property=\"og:site_name\" content=\"Organisator\" \/>\n<meta property=\"article:publisher\" content=\"https:\/\/www.facebook.com\/OrganisatorFachmagazin\" \/>\n<meta property=\"article:published_time\" content=\"2025-05-27T06:12:25+00:00\" \/>\n<meta name=\"author\" content=\"galledia\" \/>\n<meta name=\"twitter:card\" content=\"summary_large_image\" \/>\n<meta name=\"twitter:creator\" content=\"@admin\" \/>\n<script type=\"application\/ld+json\" class=\"yoast-schema-graph\">{\"@context\":\"https:\\\/\\\/schema.org\",\"@graph\":[{\"@type\":\"Article\",\"@id\":\"https:\\\/\\\/www.organisator.ch\\\/marketing\\\/2025-05-27\\\/erster-schweizer-pricing-kongress-startet-in-zuerich\\\/#article\",\"isPartOf\":{\"@id\":\"https:\\\/\\\/www.organisator.ch\\\/marketing\\\/2025-05-27\\\/erster-schweizer-pricing-kongress-startet-in-zuerich\\\/\"},\"author\":{\"name\":\"galledia\",\"@id\":\"https:\\\/\\\/www.organisator.ch\\\/#\\\/schema\\\/person\\\/4e51799071cd2dd1232ac003643ef5f0\"},\"headline\":\"Erster Schweizer Pricing Kongress startet in Z\u00fcrich\",\"datePublished\":\"2025-05-27T06:12:25+00:00\",\"mainEntityOfPage\":{\"@id\":\"https:\\\/\\\/www.organisator.ch\\\/marketing\\\/2025-05-27\\\/erster-schweizer-pricing-kongress-startet-in-zuerich\\\/\"},\"wordCount\":277,\"publisher\":{\"@id\":\"https:\\\/\\\/www.organisator.ch\\\/#organization\"},\"image\":{\"@id\":\"https:\\\/\\\/www.organisator.ch\\\/marketing\\\/2025-05-27\\\/erster-schweizer-pricing-kongress-startet-in-zuerich\\\/#primaryimage\"},\"thumbnailUrl\":\"https:\\\/\\\/www.markt-kom.com\\\/wp-content\\\/uploads\\\/2025\\\/05\\\/SPK25.jpg\",\"keywords\":[\"MarKom\",\"Pricing Kongress\",\"Schweizer Markenkongress\"],\"articleSection\":[\"MARKETING\"],\"inLanguage\":\"fr-FR\"},{\"@type\":\"WebPage\",\"@id\":\"https:\\\/\\\/www.organisator.ch\\\/marketing\\\/2025-05-27\\\/erster-schweizer-pricing-kongress-startet-in-zuerich\\\/\",\"url\":\"https:\\\/\\\/www.organisator.ch\\\/marketing\\\/2025-05-27\\\/erster-schweizer-pricing-kongress-startet-in-zuerich\\\/\",\"name\":\"Erster Schweizer Pricing Kongress startet in Z\u00fcrich - Organisator\",\"isPartOf\":{\"@id\":\"https:\\\/\\\/www.organisator.ch\\\/#website\"},\"primaryImageOfPage\":{\"@id\":\"https:\\\/\\\/www.organisator.ch\\\/marketing\\\/2025-05-27\\\/erster-schweizer-pricing-kongress-startet-in-zuerich\\\/#primaryimage\"},\"image\":{\"@id\":\"https:\\\/\\\/www.organisator.ch\\\/marketing\\\/2025-05-27\\\/erster-schweizer-pricing-kongress-startet-in-zuerich\\\/#primaryimage\"},\"thumbnailUrl\":\"https:\\\/\\\/www.markt-kom.com\\\/wp-content\\\/uploads\\\/2025\\\/05\\\/SPK25.jpg\",\"datePublished\":\"2025-05-27T06:12:25+00:00\",\"description\":\"Der Pricing Kongress vom 23. Juni richtet sich an F\u00fchrungskr\u00e4fte, die Pricing nicht als Zahlenspiel, sondern als Wettbewerbsfaktor verstehen.\",\"breadcrumb\":{\"@id\":\"https:\\\/\\\/www.organisator.ch\\\/marketing\\\/2025-05-27\\\/erster-schweizer-pricing-kongress-startet-in-zuerich\\\/#breadcrumb\"},\"inLanguage\":\"fr-FR\",\"potentialAction\":[{\"@type\":\"ReadAction\",\"target\":[\"https:\\\/\\\/www.organisator.ch\\\/marketing\\\/2025-05-27\\\/erster-schweizer-pricing-kongress-startet-in-zuerich\\\/\"]}]},{\"@type\":\"ImageObject\",\"inLanguage\":\"fr-FR\",\"@id\":\"https:\\\/\\\/www.organisator.ch\\\/marketing\\\/2025-05-27\\\/erster-schweizer-pricing-kongress-startet-in-zuerich\\\/#primaryimage\",\"url\":\"https:\\\/\\\/www.markt-kom.com\\\/wp-content\\\/uploads\\\/2025\\\/05\\\/SPK25.jpg\",\"contentUrl\":\"https:\\\/\\\/www.markt-kom.com\\\/wp-content\\\/uploads\\\/2025\\\/05\\\/SPK25.jpg\"},{\"@type\":\"BreadcrumbList\",\"@id\":\"https:\\\/\\\/www.organisator.ch\\\/marketing\\\/2025-05-27\\\/erster-schweizer-pricing-kongress-startet-in-zuerich\\\/#breadcrumb\",\"itemListElement\":[{\"@type\":\"ListItem\",\"position\":1,\"name\":\"Home\",\"item\":\"https:\\\/\\\/www.organisator.ch\\\/\"},{\"@type\":\"ListItem\",\"position\":2,\"name\":\"Erster Schweizer Pricing Kongress startet in Z\u00fcrich\"}]},{\"@type\":\"WebSite\",\"@id\":\"https:\\\/\\\/www.organisator.ch\\\/#website\",\"url\":\"https:\\\/\\\/www.organisator.ch\\\/\",\"name\":\"Organisator\",\"description\":\"Kompetent. Praxisnah. Der ORGANISATOR bereitet in 10 Ausgaben pro Jahr die wesentlichen Themen f\u00fcr F\u00fchrungskr\u00e4fte von KMU auf.\",\"publisher\":{\"@id\":\"https:\\\/\\\/www.organisator.ch\\\/#organization\"},\"potentialAction\":[{\"@type\":\"SearchAction\",\"target\":{\"@type\":\"EntryPoint\",\"urlTemplate\":\"https:\\\/\\\/www.organisator.ch\\\/?s={search_term_string}\"},\"query-input\":{\"@type\":\"PropertyValueSpecification\",\"valueRequired\":true,\"valueName\":\"search_term_string\"}}],\"inLanguage\":\"fr-FR\"},{\"@type\":\"Organization\",\"@id\":\"https:\\\/\\\/www.organisator.ch\\\/#organization\",\"name\":\"Organisator\",\"url\":\"https:\\\/\\\/www.organisator.ch\\\/\",\"logo\":{\"@type\":\"ImageObject\",\"inLanguage\":\"fr-FR\",\"@id\":\"https:\\\/\\\/www.organisator.ch\\\/#\\\/schema\\\/logo\\\/image\\\/\",\"url\":\"https:\\\/\\\/www.organisator.ch\\\/wp-content\\\/uploads\\\/2022\\\/01\\\/Logo_Organisator_Website.png\",\"contentUrl\":\"https:\\\/\\\/www.organisator.ch\\\/wp-content\\\/uploads\\\/2022\\\/01\\\/Logo_Organisator_Website.png\",\"width\":800,\"height\":77,\"caption\":\"Organisator\"},\"image\":{\"@id\":\"https:\\\/\\\/www.organisator.ch\\\/#\\\/schema\\\/logo\\\/image\\\/\"},\"sameAs\":[\"https:\\\/\\\/www.facebook.com\\\/OrganisatorFachmagazin\",\"https:\\\/\\\/www.linkedin.com\\\/showcase\\\/organisator-das-magazin-fr-kmu\",\"https:\\\/\\\/www.xing.com\\\/news\\\/pages\\\/organisator-ch-695\",\"https:\\\/\\\/www.youtube.com\\\/channel\\\/UCGP2Sq0iWaZwT3BdIAQFYpw\"]},{\"@type\":\"Person\",\"@id\":\"https:\\\/\\\/www.organisator.ch\\\/#\\\/schema\\\/person\\\/4e51799071cd2dd1232ac003643ef5f0\",\"name\":\"galledia\",\"image\":{\"@type\":\"ImageObject\",\"inLanguage\":\"fr-FR\",\"@id\":\"https:\\\/\\\/secure.gravatar.com\\\/avatar\\\/78a7f90c01fc2bfc875782a0d4922b37cde2cf184ce347b91316d23cd7f69a36?s=96&d=mm&r=g\",\"url\":\"https:\\\/\\\/secure.gravatar.com\\\/avatar\\\/78a7f90c01fc2bfc875782a0d4922b37cde2cf184ce347b91316d23cd7f69a36?s=96&d=mm&r=g\",\"contentUrl\":\"https:\\\/\\\/secure.gravatar.com\\\/avatar\\\/78a7f90c01fc2bfc875782a0d4922b37cde2cf184ce347b91316d23cd7f69a36?s=96&d=mm&r=g\",\"caption\":\"galledia\"},\"sameAs\":[\"https:\\\/\\\/x.com\\\/admin\"],\"url\":\"https:\\\/\\\/www.organisator.ch\\\/fr\\\/author\\\/galledia\\\/\"}]}<\/script>\n<!-- \/ Yoast SEO plugin. -->","yoast_head_json":{"title":"Le premier congr\u00e8s suisse sur le pricing d\u00e9marre \u00e0 Zurich - organisateur","description":"Le Pricing Congress du 23 juin s'adresse aux cadres qui ne consid\u00e8rent pas le pricing comme un jeu de chiffres, mais comme un facteur de comp\u00e9titivit\u00e9.","robots":{"index":"index","follow":"follow","max-snippet":"max-snippet:-1","max-image-preview":"max-image-preview:large","max-video-preview":"max-video-preview:-1"},"canonical":"https:\/\/www.organisator.ch\/fr\/marketing\/2025-05-27\/erster-schweizer-pricing-kongress-startet-in-zuerich\/","og_locale":"fr_FR","og_type":"article","og_title":"Erster Schweizer Pricing Kongress startet in Z\u00fcrich - Organisator","og_description":"Der Pricing Kongress vom 23. Juni richtet sich an F\u00fchrungskr\u00e4fte, die Pricing nicht als Zahlenspiel, sondern als Wettbewerbsfaktor verstehen.","og_url":"https:\/\/www.organisator.ch\/fr\/marketing\/2025-05-27\/erster-schweizer-pricing-kongress-startet-in-zuerich\/","og_site_name":"Organisator","article_publisher":"https:\/\/www.facebook.com\/OrganisatorFachmagazin","article_published_time":"2025-05-27T06:12:25+00:00","author":"galledia","twitter_card":"summary_large_image","twitter_creator":"@admin","schema":{"@context":"https:\/\/schema.org","@graph":[{"@type":"Article","@id":"https:\/\/www.organisator.ch\/marketing\/2025-05-27\/erster-schweizer-pricing-kongress-startet-in-zuerich\/#article","isPartOf":{"@id":"https:\/\/www.organisator.ch\/marketing\/2025-05-27\/erster-schweizer-pricing-kongress-startet-in-zuerich\/"},"author":{"name":"galledia","@id":"https:\/\/www.organisator.ch\/#\/schema\/person\/4e51799071cd2dd1232ac003643ef5f0"},"headline":"Erster Schweizer Pricing Kongress startet in Z\u00fcrich","datePublished":"2025-05-27T06:12:25+00:00","mainEntityOfPage":{"@id":"https:\/\/www.organisator.ch\/marketing\/2025-05-27\/erster-schweizer-pricing-kongress-startet-in-zuerich\/"},"wordCount":277,"publisher":{"@id":"https:\/\/www.organisator.ch\/#organization"},"image":{"@id":"https:\/\/www.organisator.ch\/marketing\/2025-05-27\/erster-schweizer-pricing-kongress-startet-in-zuerich\/#primaryimage"},"thumbnailUrl":"https:\/\/www.markt-kom.com\/wp-content\/uploads\/2025\/05\/SPK25.jpg","keywords":["MarKom","Pricing Kongress","Schweizer Markenkongress"],"articleSection":["MARKETING"],"inLanguage":"fr-FR"},{"@type":"WebPage","@id":"https:\/\/www.organisator.ch\/marketing\/2025-05-27\/erster-schweizer-pricing-kongress-startet-in-zuerich\/","url":"https:\/\/www.organisator.ch\/marketing\/2025-05-27\/erster-schweizer-pricing-kongress-startet-in-zuerich\/","name":"Le premier congr\u00e8s suisse sur le pricing d\u00e9marre \u00e0 Zurich - organisateur","isPartOf":{"@id":"https:\/\/www.organisator.ch\/#website"},"primaryImageOfPage":{"@id":"https:\/\/www.organisator.ch\/marketing\/2025-05-27\/erster-schweizer-pricing-kongress-startet-in-zuerich\/#primaryimage"},"image":{"@id":"https:\/\/www.organisator.ch\/marketing\/2025-05-27\/erster-schweizer-pricing-kongress-startet-in-zuerich\/#primaryimage"},"thumbnailUrl":"https:\/\/www.markt-kom.com\/wp-content\/uploads\/2025\/05\/SPK25.jpg","datePublished":"2025-05-27T06:12:25+00:00","description":"Le Pricing Congress du 23 juin s'adresse aux cadres qui ne consid\u00e8rent pas le pricing comme un jeu de chiffres, mais comme un facteur de comp\u00e9titivit\u00e9.","breadcrumb":{"@id":"https:\/\/www.organisator.ch\/marketing\/2025-05-27\/erster-schweizer-pricing-kongress-startet-in-zuerich\/#breadcrumb"},"inLanguage":"fr-FR","potentialAction":[{"@type":"ReadAction","target":["https:\/\/www.organisator.ch\/marketing\/2025-05-27\/erster-schweizer-pricing-kongress-startet-in-zuerich\/"]}]},{"@type":"ImageObject","inLanguage":"fr-FR","@id":"https:\/\/www.organisator.ch\/marketing\/2025-05-27\/erster-schweizer-pricing-kongress-startet-in-zuerich\/#primaryimage","url":"https:\/\/www.markt-kom.com\/wp-content\/uploads\/2025\/05\/SPK25.jpg","contentUrl":"https:\/\/www.markt-kom.com\/wp-content\/uploads\/2025\/05\/SPK25.jpg"},{"@type":"BreadcrumbList","@id":"https:\/\/www.organisator.ch\/marketing\/2025-05-27\/erster-schweizer-pricing-kongress-startet-in-zuerich\/#breadcrumb","itemListElement":[{"@type":"ListItem","position":1,"name":"Home","item":"https:\/\/www.organisator.ch\/"},{"@type":"ListItem","position":2,"name":"Erster Schweizer Pricing Kongress startet in Z\u00fcrich"}]},{"@type":"WebSite","@id":"https:\/\/www.organisator.ch\/#website","url":"https:\/\/www.organisator.ch\/","name":"Organisateur","description":"Comp\u00e9tence et comp\u00e9tence. Proches de la pratique. L'ORGANISATEUR pr\u00e9pare 10 num\u00e9ros par an sur les th\u00e8mes essentiels pour les dirigeants de PME.","publisher":{"@id":"https:\/\/www.organisator.ch\/#organization"},"potentialAction":[{"@type":"SearchAction","target":{"@type":"EntryPoint","urlTemplate":"https:\/\/www.organisator.ch\/?s={search_term_string}"},"query-input":{"@type":"PropertyValueSpecification","valueRequired":true,"valueName":"search_term_string"}}],"inLanguage":"fr-FR"},{"@type":"Organization","@id":"https:\/\/www.organisator.ch\/#organization","name":"Organisateur","url":"https:\/\/www.organisator.ch\/","logo":{"@type":"ImageObject","inLanguage":"fr-FR","@id":"https:\/\/www.organisator.ch\/#\/schema\/logo\/image\/","url":"https:\/\/www.organisator.ch\/wp-content\/uploads\/2022\/01\/Logo_Organisator_Website.png","contentUrl":"https:\/\/www.organisator.ch\/wp-content\/uploads\/2022\/01\/Logo_Organisator_Website.png","width":800,"height":77,"caption":"Organisator"},"image":{"@id":"https:\/\/www.organisator.ch\/#\/schema\/logo\/image\/"},"sameAs":["https:\/\/www.facebook.com\/OrganisatorFachmagazin","https:\/\/www.linkedin.com\/showcase\/organisator-das-magazin-fr-kmu","https:\/\/www.xing.com\/news\/pages\/organisator-ch-695","https:\/\/www.youtube.com\/channel\/UCGP2Sq0iWaZwT3BdIAQFYpw"]},{"@type":"Person","@id":"https:\/\/www.organisator.ch\/#\/schema\/person\/4e51799071cd2dd1232ac003643ef5f0","name":"galledia","image":{"@type":"ImageObject","inLanguage":"fr-FR","@id":"https:\/\/secure.gravatar.com\/avatar\/78a7f90c01fc2bfc875782a0d4922b37cde2cf184ce347b91316d23cd7f69a36?s=96&d=mm&r=g","url":"https:\/\/secure.gravatar.com\/avatar\/78a7f90c01fc2bfc875782a0d4922b37cde2cf184ce347b91316d23cd7f69a36?s=96&d=mm&r=g","contentUrl":"https:\/\/secure.gravatar.com\/avatar\/78a7f90c01fc2bfc875782a0d4922b37cde2cf184ce347b91316d23cd7f69a36?s=96&d=mm&r=g","caption":"galledia"},"sameAs":["https:\/\/x.com\/admin"],"url":"https:\/\/www.organisator.ch\/fr\/author\/galledia\/"}]}},"_links":{"self":[{"href":"https:\/\/www.organisator.ch\/fr\/wp-json\/wp\/v2\/posts\/38577","targetHints":{"allow":["GET"]}}],"collection":[{"href":"https:\/\/www.organisator.ch\/fr\/wp-json\/wp\/v2\/posts"}],"about":[{"href":"https:\/\/www.organisator.ch\/fr\/wp-json\/wp\/v2\/types\/post"}],"author":[{"embeddable":true,"href":"https:\/\/www.organisator.ch\/fr\/wp-json\/wp\/v2\/users\/8"}],"replies":[{"embeddable":true,"href":"https:\/\/www.organisator.ch\/fr\/wp-json\/wp\/v2\/comments?post=38577"}],"version-history":[{"count":4,"href":"https:\/\/www.organisator.ch\/fr\/wp-json\/wp\/v2\/posts\/38577\/revisions"}],"predecessor-version":[{"id":38600,"href":"https:\/\/www.organisator.ch\/fr\/wp-json\/wp\/v2\/posts\/38577\/revisions\/38600"}],"wp:attachment":[{"href":"https:\/\/www.organisator.ch\/fr\/wp-json\/wp\/v2\/media?parent=38577"}],"wp:term":[{"taxonomy":"category","embeddable":true,"href":"https:\/\/www.organisator.ch\/fr\/wp-json\/wp\/v2\/categories?post=38577"},{"taxonomy":"post_tag","embeddable":true,"href":"https:\/\/www.organisator.ch\/fr\/wp-json\/wp\/v2\/tags?post=38577"}],"curies":[{"name":"wp","href":"https:\/\/api.w.org\/{rel}","templated":true}]}}