{"id":38603,"date":"2025-05-27T16:06:41","date_gmt":"2025-05-27T14:06:41","guid":{"rendered":"https:\/\/www.markt-kom.com\/?p=235410"},"modified":"2025-05-27T16:52:59","modified_gmt":"2025-05-27T14:52:59","slug":"suva-und-bfu-lancieren-plattform-machs-richtig-ch","status":"publish","type":"post","link":"https:\/\/www.organisator.ch\/fr\/operational-excellence\/2025-05-27\/suva-und-bfu-lancieren-plattform-machs-richtig-ch\/","title":{"rendered":"La Suva et le BPA lancent la plateforme \"machs-richtig.ch\"."},"content":{"rendered":"<p><img class=\"alignnone size-full wp-image-235411\" src=\"https:\/\/www.markt-kom.com\/wp-content\/uploads\/2025\/05\/Beitragsbild.png\" sizes=\"(max-width: 980px) 100vw, 980px\" srcset=\"https:\/\/www.markt-kom.com\/wp-content\/uploads\/2025\/05\/Beitragsbild.png 980w, https:\/\/www.markt-kom.com\/wp-content\/uploads\/2025\/05\/Beitragsbild-600x337.png 600w, https:\/\/www.markt-kom.com\/wp-content\/uploads\/2025\/05\/Beitragsbild-768x432.png 768w, https:\/\/www.markt-kom.com\/wp-content\/uploads\/2025\/05\/Beitragsbild-18x10.png 18w, https:\/\/www.markt-kom.com\/wp-content\/uploads\/2025\/05\/Beitragsbild-311x175.png 311w, https:\/\/www.markt-kom.com\/wp-content\/uploads\/2025\/05\/Beitragsbild-623x350.png 623w\" alt=\"\" width=\"980\" height=\"551\" \/><\/p>\r\n<p>Chaque ann\u00e9e, 60 000 personnes sont victimes d'un accident en bricolant ou en jardinant, comme le montre la derni\u00e8re statistique du BPA sur les accidents non professionnels et le niveau de s\u00e9curit\u00e9 en Suisse. C'est 5000 de plus qu'il y a dix ans. Pr\u00e8s de la moiti\u00e9 de ces accidents sont des chutes.<\/p>\r\n<div>\r\n<p>Les \u00e9valuations du Service de centralisation des statistiques de l'assurance-accidents (SSAA) montrent en outre que les travaux de bricolage entra\u00eenent le plus souvent des blessures superficielles dues \u00e0 un outil ou qu'un copeau ou un \u00e9clat entre en contact avec l'\u0153il. De tels accidents ne sont pas seulement douloureux, ils occasionnent aussi chaque ann\u00e9e 474 millions de francs de co\u00fbts mat\u00e9riels tels que frais de gu\u00e9rison, dommages mat\u00e9riels et pertes de travail et de production.<\/p>\r\n<\/div>\r\n<h3 id=\"anchor-EBBBD991-7346-408D-A841-E4E05DE61EAE\" class=\"h3 sch-h3\">L'agitation et le d\u00e9sordre augmentent le risque d'accident<\/h3>\r\n<div>\r\n<p>De nombreux accidents surviennent parce que l'on veut juste faire quelque chose rapidement. On attrape ce qui tra\u00eene et on monte sur le tabouret dans la pi\u00e8ce au lieu d'aller chercher les bons outils et une \u00e9chelle stable. Dans le feu de l'action, on ne voit pas les dangers et on n'a pas non plus l'\u00e9quipement de protection ad\u00e9quat sous la main. Les objets qui tra\u00eenent, comme les outils, les machines ou les mat\u00e9riaux d\u00e9pos\u00e9s temporairement, constituent un autre facteur de risque. Ce sont des pi\u00e8ges qui font tr\u00e9bucher et qui peuvent entra\u00eener de mauvaises chutes, a fortiori dans les escaliers.<\/p>\r\n<\/div>\r\n<h3 id=\"anchor-41908D22-6F92-4D73-A4B1-87E3AEE1EC36\" class=\"h3 sch-h3\">Conseils sur machs-richtig.ch<\/h3>\r\n<div>\r\n<p>L'augmentation des accidents dans la maison et le jardin a incit\u00e9 la Suva et le BPA \u00e0 lancer la nouvelle plate-forme de connaissances\u00a0<a class=\"sux-text-link\" href=\"https:\/\/machs-richtig.ch\/\" rel=\"noopener\" data-analytics-event=\"cta_click\" data-analytics-type=\"link\" data-test-id=\"external\" data-analytics-title=\"machs-richtig.ch \">machs-richtig.ch\u00a0 <\/a>de d\u00e9velopper des outils de bricolage. Les bricoleurs et les jardiniers amateurs y trouveront non seulement des conseils pratiques sur l'utilisation s\u00fbre des outils et des machines. Ils apprennent \u00e9galement quel \u00e9quipement de protection est n\u00e9cessaire pour que leurs projets r\u00e9ussissent en toute s\u00e9curit\u00e9.<\/p>\r\n<p>Pour \u00e9viter les blessures, il est utile de porter des gants de protection, des lunettes de protection ou, selon l'activit\u00e9, un masque de protection et un casque. Les outils appropri\u00e9s et les \u00e9chelles stables, telles que les \u00e9chelles \u00e0 plate-forme l\u00e9g\u00e8res, r\u00e9duisent \u00e9galement le risque d'accident.<\/p>\r\n<p>Les march\u00e9s sp\u00e9cialis\u00e9s suisses soutiennent la campagne. C'est aupr\u00e8s d'eux que l'on peut acheter des \u00e9quipements de protection individuelle tels que des gants, des lunettes de protection, des chaussures de s\u00e9curit\u00e9 ou des outils et accessoires s\u00fbrs. Sur machs-richtig.ch, on trouve les principaux conseils \u00e0 ce sujet.<\/p>\r\n<\/div>","protected":false},"excerpt":{"rendered":"<p>Le nombre d'accidents dans la \"maison et le jardin\" a augment\u00e9 ces derni\u00e8res ann\u00e9es, c'est pourquoi la Suva et le BPA ont d\u00e9velopp\u00e9 la plateforme \"machs-richtig.ch\". Les bricoleurs et les jardiniers amateurs y trouveront des conseils pratiques sur la mani\u00e8re de se prot\u00e9ger contre les accidents.<\/p>","protected":false},"author":8,"featured_media":0,"comment_status":"closed","ping_status":"closed","sticky":false,"template":"","format":"standard","meta":{"_acf_changed":false,"_yoast_wpseo_focuskw":"Suva und BFU","_yoast_wpseo_metadesc":"In Haus und Garten verunfallen immer mehr Menschen, deshalb haben Suva und BFU die Plattform \u00abmachs-richtig.ch\u00bb entwickelt.","articlekey":"","footnotes":""},"categories":[582],"tags":[53,3098,4343,463,3617],"class_list":["post-38603","post","type-post","status-publish","format-standard","hentry","category-operational-excellence","tag-arbeitssicherheit","tag-bfu","tag-markom","tag-suva","tag-unfallpraevention"],"acf":[],"yoast_head":"<!-- This site is optimized with the Yoast SEO plugin v27.5 - https:\/\/yoast.com\/product\/yoast-seo-wordpress\/ -->\n<title>Suva und BFU lancieren Plattform \u00abmachs-richtig.ch\u00bb - Organisator<\/title>\n<meta name=\"description\" content=\"In Haus und Garten verunfallen immer mehr Menschen, deshalb haben Suva und BFU die Plattform \u00abmachs-richtig.ch\u00bb entwickelt.\" \/>\n<meta name=\"robots\" content=\"index, follow, max-snippet:-1, max-image-preview:large, max-video-preview:-1\" \/>\n<link rel=\"canonical\" href=\"https:\/\/www.organisator.ch\/fr\/excellence-operationnelle\/2025-05-27\/suva-und-bfu-lancieren-plattform-machs-richtig-ch\/\" \/>\n<meta property=\"og:locale\" content=\"fr_FR\" \/>\n<meta property=\"og:type\" content=\"article\" \/>\n<meta property=\"og:title\" content=\"Suva und BFU lancieren Plattform \u00abmachs-richtig.ch\u00bb - Organisator\" \/>\n<meta property=\"og:description\" content=\"In Haus und Garten verunfallen immer mehr Menschen, deshalb haben Suva und BFU die Plattform \u00abmachs-richtig.ch\u00bb entwickelt.\" \/>\n<meta property=\"og:url\" content=\"https:\/\/www.organisator.ch\/fr\/excellence-operationnelle\/2025-05-27\/suva-und-bfu-lancieren-plattform-machs-richtig-ch\/\" \/>\n<meta property=\"og:site_name\" content=\"Organisator\" \/>\n<meta property=\"article:publisher\" content=\"https:\/\/www.facebook.com\/OrganisatorFachmagazin\" \/>\n<meta property=\"article:published_time\" content=\"2025-05-27T14:06:41+00:00\" \/>\n<meta property=\"article:modified_time\" content=\"2025-05-27T14:52:59+00:00\" \/>\n<meta name=\"author\" content=\"galledia\" \/>\n<meta name=\"twitter:card\" content=\"summary_large_image\" \/>\n<meta name=\"twitter:creator\" content=\"@admin\" \/>\n<script type=\"application\/ld+json\" class=\"yoast-schema-graph\">{\"@context\":\"https:\\\/\\\/schema.org\",\"@graph\":[{\"@type\":\"Article\",\"@id\":\"https:\\\/\\\/www.organisator.ch\\\/operational-excellence\\\/2025-05-27\\\/suva-und-bfu-lancieren-plattform-machs-richtig-ch\\\/#article\",\"isPartOf\":{\"@id\":\"https:\\\/\\\/www.organisator.ch\\\/operational-excellence\\\/2025-05-27\\\/suva-und-bfu-lancieren-plattform-machs-richtig-ch\\\/\"},\"author\":{\"name\":\"galledia\",\"@id\":\"https:\\\/\\\/www.organisator.ch\\\/#\\\/schema\\\/person\\\/4e51799071cd2dd1232ac003643ef5f0\"},\"headline\":\"Suva und BFU lancieren Plattform \u00abmachs-richtig.ch\u00bb\",\"datePublished\":\"2025-05-27T14:06:41+00:00\",\"dateModified\":\"2025-05-27T14:52:59+00:00\",\"mainEntityOfPage\":{\"@id\":\"https:\\\/\\\/www.organisator.ch\\\/operational-excellence\\\/2025-05-27\\\/suva-und-bfu-lancieren-plattform-machs-richtig-ch\\\/\"},\"wordCount\":332,\"publisher\":{\"@id\":\"https:\\\/\\\/www.organisator.ch\\\/#organization\"},\"image\":{\"@id\":\"https:\\\/\\\/www.organisator.ch\\\/operational-excellence\\\/2025-05-27\\\/suva-und-bfu-lancieren-plattform-machs-richtig-ch\\\/#primaryimage\"},\"thumbnailUrl\":\"https:\\\/\\\/www.markt-kom.com\\\/wp-content\\\/uploads\\\/2025\\\/05\\\/Beitragsbild.png\",\"keywords\":[\"Arbeitssicherheit\",\"BFU\",\"MarKom\",\"SUVA\",\"Unfallpr\u00e4vention\"],\"articleSection\":[\"OPERATIONAL EXCELLENCE\"],\"inLanguage\":\"fr-FR\"},{\"@type\":\"WebPage\",\"@id\":\"https:\\\/\\\/www.organisator.ch\\\/operational-excellence\\\/2025-05-27\\\/suva-und-bfu-lancieren-plattform-machs-richtig-ch\\\/\",\"url\":\"https:\\\/\\\/www.organisator.ch\\\/operational-excellence\\\/2025-05-27\\\/suva-und-bfu-lancieren-plattform-machs-richtig-ch\\\/\",\"name\":\"Suva und BFU lancieren Plattform \u00abmachs-richtig.ch\u00bb - Organisator\",\"isPartOf\":{\"@id\":\"https:\\\/\\\/www.organisator.ch\\\/#website\"},\"primaryImageOfPage\":{\"@id\":\"https:\\\/\\\/www.organisator.ch\\\/operational-excellence\\\/2025-05-27\\\/suva-und-bfu-lancieren-plattform-machs-richtig-ch\\\/#primaryimage\"},\"image\":{\"@id\":\"https:\\\/\\\/www.organisator.ch\\\/operational-excellence\\\/2025-05-27\\\/suva-und-bfu-lancieren-plattform-machs-richtig-ch\\\/#primaryimage\"},\"thumbnailUrl\":\"https:\\\/\\\/www.markt-kom.com\\\/wp-content\\\/uploads\\\/2025\\\/05\\\/Beitragsbild.png\",\"datePublished\":\"2025-05-27T14:06:41+00:00\",\"dateModified\":\"2025-05-27T14:52:59+00:00\",\"description\":\"In Haus und Garten verunfallen immer mehr Menschen, deshalb haben Suva und BFU die Plattform \u00abmachs-richtig.ch\u00bb entwickelt.\",\"breadcrumb\":{\"@id\":\"https:\\\/\\\/www.organisator.ch\\\/operational-excellence\\\/2025-05-27\\\/suva-und-bfu-lancieren-plattform-machs-richtig-ch\\\/#breadcrumb\"},\"inLanguage\":\"fr-FR\",\"potentialAction\":[{\"@type\":\"ReadAction\",\"target\":[\"https:\\\/\\\/www.organisator.ch\\\/operational-excellence\\\/2025-05-27\\\/suva-und-bfu-lancieren-plattform-machs-richtig-ch\\\/\"]}]},{\"@type\":\"ImageObject\",\"inLanguage\":\"fr-FR\",\"@id\":\"https:\\\/\\\/www.organisator.ch\\\/operational-excellence\\\/2025-05-27\\\/suva-und-bfu-lancieren-plattform-machs-richtig-ch\\\/#primaryimage\",\"url\":\"https:\\\/\\\/www.markt-kom.com\\\/wp-content\\\/uploads\\\/2025\\\/05\\\/Beitragsbild.png\",\"contentUrl\":\"https:\\\/\\\/www.markt-kom.com\\\/wp-content\\\/uploads\\\/2025\\\/05\\\/Beitragsbild.png\"},{\"@type\":\"BreadcrumbList\",\"@id\":\"https:\\\/\\\/www.organisator.ch\\\/operational-excellence\\\/2025-05-27\\\/suva-und-bfu-lancieren-plattform-machs-richtig-ch\\\/#breadcrumb\",\"itemListElement\":[{\"@type\":\"ListItem\",\"position\":1,\"name\":\"Home\",\"item\":\"https:\\\/\\\/www.organisator.ch\\\/\"},{\"@type\":\"ListItem\",\"position\":2,\"name\":\"Suva und BFU lancieren Plattform \u00abmachs-richtig.ch\u00bb\"}]},{\"@type\":\"WebSite\",\"@id\":\"https:\\\/\\\/www.organisator.ch\\\/#website\",\"url\":\"https:\\\/\\\/www.organisator.ch\\\/\",\"name\":\"Organisator\",\"description\":\"Kompetent. Praxisnah. Der ORGANISATOR bereitet in 10 Ausgaben pro Jahr die wesentlichen Themen f\u00fcr F\u00fchrungskr\u00e4fte von KMU auf.\",\"publisher\":{\"@id\":\"https:\\\/\\\/www.organisator.ch\\\/#organization\"},\"potentialAction\":[{\"@type\":\"SearchAction\",\"target\":{\"@type\":\"EntryPoint\",\"urlTemplate\":\"https:\\\/\\\/www.organisator.ch\\\/?s={search_term_string}\"},\"query-input\":{\"@type\":\"PropertyValueSpecification\",\"valueRequired\":true,\"valueName\":\"search_term_string\"}}],\"inLanguage\":\"fr-FR\"},{\"@type\":\"Organization\",\"@id\":\"https:\\\/\\\/www.organisator.ch\\\/#organization\",\"name\":\"Organisator\",\"url\":\"https:\\\/\\\/www.organisator.ch\\\/\",\"logo\":{\"@type\":\"ImageObject\",\"inLanguage\":\"fr-FR\",\"@id\":\"https:\\\/\\\/www.organisator.ch\\\/#\\\/schema\\\/logo\\\/image\\\/\",\"url\":\"https:\\\/\\\/www.organisator.ch\\\/wp-content\\\/uploads\\\/2022\\\/01\\\/Logo_Organisator_Website.png\",\"contentUrl\":\"https:\\\/\\\/www.organisator.ch\\\/wp-content\\\/uploads\\\/2022\\\/01\\\/Logo_Organisator_Website.png\",\"width\":800,\"height\":77,\"caption\":\"Organisator\"},\"image\":{\"@id\":\"https:\\\/\\\/www.organisator.ch\\\/#\\\/schema\\\/logo\\\/image\\\/\"},\"sameAs\":[\"https:\\\/\\\/www.facebook.com\\\/OrganisatorFachmagazin\",\"https:\\\/\\\/www.linkedin.com\\\/showcase\\\/organisator-das-magazin-fr-kmu\",\"https:\\\/\\\/www.xing.com\\\/news\\\/pages\\\/organisator-ch-695\",\"https:\\\/\\\/www.youtube.com\\\/channel\\\/UCGP2Sq0iWaZwT3BdIAQFYpw\"]},{\"@type\":\"Person\",\"@id\":\"https:\\\/\\\/www.organisator.ch\\\/#\\\/schema\\\/person\\\/4e51799071cd2dd1232ac003643ef5f0\",\"name\":\"galledia\",\"image\":{\"@type\":\"ImageObject\",\"inLanguage\":\"fr-FR\",\"@id\":\"https:\\\/\\\/secure.gravatar.com\\\/avatar\\\/78a7f90c01fc2bfc875782a0d4922b37cde2cf184ce347b91316d23cd7f69a36?s=96&d=mm&r=g\",\"url\":\"https:\\\/\\\/secure.gravatar.com\\\/avatar\\\/78a7f90c01fc2bfc875782a0d4922b37cde2cf184ce347b91316d23cd7f69a36?s=96&d=mm&r=g\",\"contentUrl\":\"https:\\\/\\\/secure.gravatar.com\\\/avatar\\\/78a7f90c01fc2bfc875782a0d4922b37cde2cf184ce347b91316d23cd7f69a36?s=96&d=mm&r=g\",\"caption\":\"galledia\"},\"sameAs\":[\"https:\\\/\\\/x.com\\\/admin\"],\"url\":\"https:\\\/\\\/www.organisator.ch\\\/fr\\\/author\\\/galledia\\\/\"}]}<\/script>\n<!-- \/ Yoast SEO plugin. -->","yoast_head_json":{"title":"La Suva et le BPA lancent la plate-forme \"machs-richtig.ch\" - Organisateur","description":"De plus en plus de personnes sont victimes d'accidents dans la maison et le jardin, c'est pourquoi la Suva et le BPA ont d\u00e9velopp\u00e9 la plateforme \"machs-richtig.ch\".","robots":{"index":"index","follow":"follow","max-snippet":"max-snippet:-1","max-image-preview":"max-image-preview:large","max-video-preview":"max-video-preview:-1"},"canonical":"https:\/\/www.organisator.ch\/fr\/excellence-operationnelle\/2025-05-27\/suva-und-bfu-lancieren-plattform-machs-richtig-ch\/","og_locale":"fr_FR","og_type":"article","og_title":"Suva und BFU lancieren Plattform \u00abmachs-richtig.ch\u00bb - Organisator","og_description":"In Haus und Garten verunfallen immer mehr Menschen, deshalb haben Suva und BFU die Plattform \u00abmachs-richtig.ch\u00bb entwickelt.","og_url":"https:\/\/www.organisator.ch\/fr\/excellence-operationnelle\/2025-05-27\/suva-und-bfu-lancieren-plattform-machs-richtig-ch\/","og_site_name":"Organisator","article_publisher":"https:\/\/www.facebook.com\/OrganisatorFachmagazin","article_published_time":"2025-05-27T14:06:41+00:00","article_modified_time":"2025-05-27T14:52:59+00:00","author":"galledia","twitter_card":"summary_large_image","twitter_creator":"@admin","schema":{"@context":"https:\/\/schema.org","@graph":[{"@type":"Article","@id":"https:\/\/www.organisator.ch\/operational-excellence\/2025-05-27\/suva-und-bfu-lancieren-plattform-machs-richtig-ch\/#article","isPartOf":{"@id":"https:\/\/www.organisator.ch\/operational-excellence\/2025-05-27\/suva-und-bfu-lancieren-plattform-machs-richtig-ch\/"},"author":{"name":"galledia","@id":"https:\/\/www.organisator.ch\/#\/schema\/person\/4e51799071cd2dd1232ac003643ef5f0"},"headline":"Suva und BFU lancieren Plattform \u00abmachs-richtig.ch\u00bb","datePublished":"2025-05-27T14:06:41+00:00","dateModified":"2025-05-27T14:52:59+00:00","mainEntityOfPage":{"@id":"https:\/\/www.organisator.ch\/operational-excellence\/2025-05-27\/suva-und-bfu-lancieren-plattform-machs-richtig-ch\/"},"wordCount":332,"publisher":{"@id":"https:\/\/www.organisator.ch\/#organization"},"image":{"@id":"https:\/\/www.organisator.ch\/operational-excellence\/2025-05-27\/suva-und-bfu-lancieren-plattform-machs-richtig-ch\/#primaryimage"},"thumbnailUrl":"https:\/\/www.markt-kom.com\/wp-content\/uploads\/2025\/05\/Beitragsbild.png","keywords":["Arbeitssicherheit","BFU","MarKom","SUVA","Unfallpr\u00e4vention"],"articleSection":["OPERATIONAL EXCELLENCE"],"inLanguage":"fr-FR"},{"@type":"WebPage","@id":"https:\/\/www.organisator.ch\/operational-excellence\/2025-05-27\/suva-und-bfu-lancieren-plattform-machs-richtig-ch\/","url":"https:\/\/www.organisator.ch\/operational-excellence\/2025-05-27\/suva-und-bfu-lancieren-plattform-machs-richtig-ch\/","name":"La Suva et le BPA lancent la plate-forme \"machs-richtig.ch\" - Organisateur","isPartOf":{"@id":"https:\/\/www.organisator.ch\/#website"},"primaryImageOfPage":{"@id":"https:\/\/www.organisator.ch\/operational-excellence\/2025-05-27\/suva-und-bfu-lancieren-plattform-machs-richtig-ch\/#primaryimage"},"image":{"@id":"https:\/\/www.organisator.ch\/operational-excellence\/2025-05-27\/suva-und-bfu-lancieren-plattform-machs-richtig-ch\/#primaryimage"},"thumbnailUrl":"https:\/\/www.markt-kom.com\/wp-content\/uploads\/2025\/05\/Beitragsbild.png","datePublished":"2025-05-27T14:06:41+00:00","dateModified":"2025-05-27T14:52:59+00:00","description":"De plus en plus de personnes sont victimes d'accidents dans la maison et le jardin, c'est pourquoi la Suva et le BPA ont d\u00e9velopp\u00e9 la plateforme \"machs-richtig.ch\".","breadcrumb":{"@id":"https:\/\/www.organisator.ch\/operational-excellence\/2025-05-27\/suva-und-bfu-lancieren-plattform-machs-richtig-ch\/#breadcrumb"},"inLanguage":"fr-FR","potentialAction":[{"@type":"ReadAction","target":["https:\/\/www.organisator.ch\/operational-excellence\/2025-05-27\/suva-und-bfu-lancieren-plattform-machs-richtig-ch\/"]}]},{"@type":"ImageObject","inLanguage":"fr-FR","@id":"https:\/\/www.organisator.ch\/operational-excellence\/2025-05-27\/suva-und-bfu-lancieren-plattform-machs-richtig-ch\/#primaryimage","url":"https:\/\/www.markt-kom.com\/wp-content\/uploads\/2025\/05\/Beitragsbild.png","contentUrl":"https:\/\/www.markt-kom.com\/wp-content\/uploads\/2025\/05\/Beitragsbild.png"},{"@type":"BreadcrumbList","@id":"https:\/\/www.organisator.ch\/operational-excellence\/2025-05-27\/suva-und-bfu-lancieren-plattform-machs-richtig-ch\/#breadcrumb","itemListElement":[{"@type":"ListItem","position":1,"name":"Home","item":"https:\/\/www.organisator.ch\/"},{"@type":"ListItem","position":2,"name":"Suva und BFU lancieren Plattform \u00abmachs-richtig.ch\u00bb"}]},{"@type":"WebSite","@id":"https:\/\/www.organisator.ch\/#website","url":"https:\/\/www.organisator.ch\/","name":"Organisateur","description":"Comp\u00e9tence et comp\u00e9tence. Proches de la pratique. L'ORGANISATEUR pr\u00e9pare 10 num\u00e9ros par an sur les th\u00e8mes essentiels pour les dirigeants de PME.","publisher":{"@id":"https:\/\/www.organisator.ch\/#organization"},"potentialAction":[{"@type":"SearchAction","target":{"@type":"EntryPoint","urlTemplate":"https:\/\/www.organisator.ch\/?s={search_term_string}"},"query-input":{"@type":"PropertyValueSpecification","valueRequired":true,"valueName":"search_term_string"}}],"inLanguage":"fr-FR"},{"@type":"Organization","@id":"https:\/\/www.organisator.ch\/#organization","name":"Organisateur","url":"https:\/\/www.organisator.ch\/","logo":{"@type":"ImageObject","inLanguage":"fr-FR","@id":"https:\/\/www.organisator.ch\/#\/schema\/logo\/image\/","url":"https:\/\/www.organisator.ch\/wp-content\/uploads\/2022\/01\/Logo_Organisator_Website.png","contentUrl":"https:\/\/www.organisator.ch\/wp-content\/uploads\/2022\/01\/Logo_Organisator_Website.png","width":800,"height":77,"caption":"Organisator"},"image":{"@id":"https:\/\/www.organisator.ch\/#\/schema\/logo\/image\/"},"sameAs":["https:\/\/www.facebook.com\/OrganisatorFachmagazin","https:\/\/www.linkedin.com\/showcase\/organisator-das-magazin-fr-kmu","https:\/\/www.xing.com\/news\/pages\/organisator-ch-695","https:\/\/www.youtube.com\/channel\/UCGP2Sq0iWaZwT3BdIAQFYpw"]},{"@type":"Person","@id":"https:\/\/www.organisator.ch\/#\/schema\/person\/4e51799071cd2dd1232ac003643ef5f0","name":"galledia","image":{"@type":"ImageObject","inLanguage":"fr-FR","@id":"https:\/\/secure.gravatar.com\/avatar\/78a7f90c01fc2bfc875782a0d4922b37cde2cf184ce347b91316d23cd7f69a36?s=96&d=mm&r=g","url":"https:\/\/secure.gravatar.com\/avatar\/78a7f90c01fc2bfc875782a0d4922b37cde2cf184ce347b91316d23cd7f69a36?s=96&d=mm&r=g","contentUrl":"https:\/\/secure.gravatar.com\/avatar\/78a7f90c01fc2bfc875782a0d4922b37cde2cf184ce347b91316d23cd7f69a36?s=96&d=mm&r=g","caption":"galledia"},"sameAs":["https:\/\/x.com\/admin"],"url":"https:\/\/www.organisator.ch\/fr\/author\/galledia\/"}]}},"_links":{"self":[{"href":"https:\/\/www.organisator.ch\/fr\/wp-json\/wp\/v2\/posts\/38603","targetHints":{"allow":["GET"]}}],"collection":[{"href":"https:\/\/www.organisator.ch\/fr\/wp-json\/wp\/v2\/posts"}],"about":[{"href":"https:\/\/www.organisator.ch\/fr\/wp-json\/wp\/v2\/types\/post"}],"author":[{"embeddable":true,"href":"https:\/\/www.organisator.ch\/fr\/wp-json\/wp\/v2\/users\/8"}],"replies":[{"embeddable":true,"href":"https:\/\/www.organisator.ch\/fr\/wp-json\/wp\/v2\/comments?post=38603"}],"version-history":[{"count":5,"href":"https:\/\/www.organisator.ch\/fr\/wp-json\/wp\/v2\/posts\/38603\/revisions"}],"predecessor-version":[{"id":38606,"href":"https:\/\/www.organisator.ch\/fr\/wp-json\/wp\/v2\/posts\/38603\/revisions\/38606"}],"wp:attachment":[{"href":"https:\/\/www.organisator.ch\/fr\/wp-json\/wp\/v2\/media?parent=38603"}],"wp:term":[{"taxonomy":"category","embeddable":true,"href":"https:\/\/www.organisator.ch\/fr\/wp-json\/wp\/v2\/categories?post=38603"},{"taxonomy":"post_tag","embeddable":true,"href":"https:\/\/www.organisator.ch\/fr\/wp-json\/wp\/v2\/tags?post=38603"}],"curies":[{"name":"wp","href":"https:\/\/api.w.org\/{rel}","templated":true}]}}