{"id":38613,"date":"2025-05-28T08:37:38","date_gmt":"2025-05-28T06:37:38","guid":{"rendered":"https:\/\/www.organisator.ch\/?p=38613"},"modified":"2025-05-28T08:37:38","modified_gmt":"2025-05-28T06:37:38","slug":"mem-kmu-weiterhin-unter-druck","status":"publish","type":"post","link":"https:\/\/www.organisator.ch\/fr\/management\/2025-05-28\/mem-kmu-weiterhin-unter-druck\/","title":{"rendered":"Les PME MEM toujours sous pression"},"content":{"rendered":"<figure id=\"attachment_38614\" aria-describedby=\"caption-attachment-38614\" style=\"width: 680px\" class=\"wp-caption alignnone\"><img loading=\"lazy\" decoding=\"async\" class=\"size-full wp-image-38614\" src=\"https:\/\/www.organisator.ch\/wp-content\/uploads\/2025\/05\/MEM-KMU-weiterhin-unter-Druck-1_Organisator.jpg\" alt=\"\" width=\"680\" height=\"341\" srcset=\"https:\/\/www.organisator.ch\/wp-content\/uploads\/2025\/05\/MEM-KMU-weiterhin-unter-Druck-1_Organisator.jpg 680w, https:\/\/www.organisator.ch\/wp-content\/uploads\/2025\/05\/MEM-KMU-weiterhin-unter-Druck-1_Organisator-18x9.jpg 18w, https:\/\/www.organisator.ch\/wp-content\/uploads\/2025\/05\/MEM-KMU-weiterhin-unter-Druck-1_Organisator-375x188.jpg 375w\" sizes=\"auto, (max-width: 680px) 100vw, 680px\" \/><figcaption id=\"caption-attachment-38614\" class=\"wp-caption-text\">Le taux d'occupation des PME MEM reste bas. (Graphique : Swissmechanic)<\/figcaption><\/figure>\n<p>La reprise que beaucoup esp\u00e8rent apr\u00e8s deux ann\u00e9es difficiles n'est pas au rendez-vous. La pression est particuli\u00e8rement visible au niveau de l'\u00e9volution des marges, qui sont en recul depuis onze trimestres. L'activit\u00e9 d'investissement en souffre en cons\u00e9quence : certes, pr\u00e8s d'un tiers des entreprises pr\u00e9voient d'\u00e9tendre leurs capacit\u00e9s de production, mais pour environ 20 % d'entre elles, les restrictions financi\u00e8res emp\u00eachent les investissements, souvent en raison d'un manque de fonds propres. L'indice actuel du climat des affaires de Swissmechanic est donc \u00e9galement n\u00e9gatif : il se situe actuellement \u00e0 -30 points. Environ 40 pour cent des entreprises interrog\u00e9es annoncent des entr\u00e9es de commandes, des chiffres d'affaires et des marges en baisse par rapport \u00e0 l'ann\u00e9e pr\u00e9c\u00e9dente.<\/p>\n<h3>Les droits de douane am\u00e9ricains et leurs cons\u00e9quences<\/h3>\n<p>La pression augmente \u00e9galement au niveau international. Les droits de douane am\u00e9ricains introduits en avril et actuellement suspendus p\u00e8sent sur les PME-MEM, en particulier de mani\u00e8re indirecte - par exemple en tant que sous-traitants pour des clients fortement orient\u00e9s vers l'exportation. L'incertitude qui en d\u00e9coule freine encore plus la disposition \u00e0 investir. A cela s'ajoute l'appr\u00e9ciation du franc suisse, qui limite encore la capacit\u00e9 d'exportation.<\/p>\n<p>Les perspectives pour le deuxi\u00e8me trimestre restent mod\u00e9r\u00e9es : Environ la moiti\u00e9 des entreprises ne s'attendent \u00e0 aucun changement par rapport \u00e0 l'ann\u00e9e pr\u00e9c\u00e9dente en ce qui concerne le chiffre d'affaires, les commandes et les marges. Cette proportion est m\u00eame de deux tiers pour le personnel. Le solde d'opinion reste n\u00e9gatif pour tous les indicateurs. 17 pour cent des entreprises sont actuellement concern\u00e9es par le ch\u00f4mage partiel - dans environ un tiers de ces entreprises, celui-ci concerne plus de 40 pour cent du personnel.<\/p>\n<h3>Moins de bureaucratie<\/h3>\n<p>Le pr\u00e9sident de Swissmechanic, Nicola Tettamanti, d\u00e9clare : \"La situation difficile qui perdure exige non seulement de la r\u00e9silience \u00e9conomique, mais aussi un cadre politique qui permette les investissements et l'innovation. Moins de bureaucratie et une plus grande marge de man\u0153uvre sont d\u00e9sormais d\u00e9cisives\".<\/p>\n<figure id=\"attachment_38615\" aria-describedby=\"caption-attachment-38615\" style=\"width: 680px\" class=\"wp-caption alignnone\"><img loading=\"lazy\" decoding=\"async\" class=\"size-full wp-image-38615\" src=\"https:\/\/www.organisator.ch\/wp-content\/uploads\/2025\/05\/MEM-KMU-weiterhin-unter-Druck-2_Organisator.jpg\" alt=\"\" width=\"680\" height=\"647\" srcset=\"https:\/\/www.organisator.ch\/wp-content\/uploads\/2025\/05\/MEM-KMU-weiterhin-unter-Druck-2_Organisator.jpg 680w, https:\/\/www.organisator.ch\/wp-content\/uploads\/2025\/05\/MEM-KMU-weiterhin-unter-Druck-2_Organisator-13x12.jpg 13w, https:\/\/www.organisator.ch\/wp-content\/uploads\/2025\/05\/MEM-KMU-weiterhin-unter-Druck-2_Organisator-315x300.jpg 315w, https:\/\/www.organisator.ch\/wp-content\/uploads\/2025\/05\/MEM-KMU-weiterhin-unter-Druck-2_Organisator-368x350.jpg 368w\" sizes=\"auto, (max-width: 680px) 100vw, 680px\" \/><figcaption id=\"caption-attachment-38615\" class=\"wp-caption-text\">Les plus grands d\u00e9fis qui pr\u00e9occupent actuellement les entreprises. (Graphique : Swissmechanic)<\/figcaption><\/figure>\n<p>Malgr\u00e9 le contexte difficile, le secteur MEM reste d\u00e9termin\u00e9. Elles ont d\u00e9j\u00e0 prouv\u00e9 leur force d'innovation et leur capacit\u00e9 d'adaptation lors de crises pr\u00e9c\u00e9dentes. Erich Sannemann, directeur de Swissmechanic, explique : \"Cette fois encore, de nombreuses entreprises trouveront de nouvelles voies en faisant preuve de courage entrepreneurial - dans l'espoir que la reprise ne se fasse plus attendre\".<\/p>\n<p><em>Source : <a href=\"http:\/\/www.swissmechanic.ch\">Swissmechanic<\/a><\/em><\/p>","protected":false},"excerpt":{"rendered":"<p>L'actuel indice du climat des affaires PME-MEM de Swissmechanic le confirme : La situation dans l'industrie des machines, des \u00e9quipements \u00e9lectriques et des m\u00e9taux reste tendue. Aucune reprise n'est en vue, m\u00eame au premier trimestre 2025. <\/p>","protected":false},"author":4,"featured_media":0,"comment_status":"closed","ping_status":"closed","sticky":false,"template":"","format":"standard","meta":{"_acf_changed":false,"_yoast_wpseo_focuskw":"MEM-KMU","_yoast_wpseo_metadesc":"Der neue KMU-MEM-Gesch\u00e4ftsklimaindex von Swissmechanic best\u00e4tigt: Die Lage in der Maschinen-, Elektro- und Metallindustrie bleibt angespannt.","articlekey":"","footnotes":""},"categories":[28],"tags":[4406,310,335,3414],"class_list":["post-38613","post","type-post","status-publish","format-standard","hentry","category-management","tag-kmu-mem","tag-konjunktur","tag-management-und-unternehmensfuehrung","tag-swissmechanic"],"acf":[],"yoast_head":"<!-- This site is optimized with the Yoast SEO plugin v27.5 - https:\/\/yoast.com\/product\/yoast-seo-wordpress\/ -->\n<title>MEM-KMU weiterhin unter Druck - Organisator<\/title>\n<meta name=\"description\" content=\"Der neue KMU-MEM-Gesch\u00e4ftsklimaindex von Swissmechanic best\u00e4tigt: Die Lage in der Maschinen-, Elektro- und Metallindustrie bleibt angespannt.\" \/>\n<meta name=\"robots\" content=\"index, follow, max-snippet:-1, max-image-preview:large, max-video-preview:-1\" \/>\n<link rel=\"canonical\" href=\"https:\/\/www.organisator.ch\/fr\/gestion-2\/2025-05-28\/mem-kmu-weiterhin-unter-druck\/\" \/>\n<meta property=\"og:locale\" content=\"fr_FR\" \/>\n<meta property=\"og:type\" content=\"article\" \/>\n<meta property=\"og:title\" content=\"MEM-KMU weiterhin unter Druck\" \/>\n<meta property=\"og:description\" content=\"Der neue KMU-MEM-Gesch\u00e4ftsklimaindex von Swissmechanic best\u00e4tigt: Die Lage in der Maschinen-, Elektro- und Metallindustrie bleibt angespannt.\" \/>\n<meta property=\"og:url\" content=\"https:\/\/www.organisator.ch\/fr\/gestion-2\/2025-05-28\/mem-kmu-weiterhin-unter-druck\/\" \/>\n<meta property=\"og:site_name\" content=\"Organisator\" \/>\n<meta property=\"article:publisher\" content=\"https:\/\/www.facebook.com\/OrganisatorFachmagazin\" \/>\n<meta property=\"article:published_time\" content=\"2025-05-28T06:37:38+00:00\" \/>\n<meta property=\"og:image\" content=\"https:\/\/www.organisator.ch\/wp-content\/uploads\/2025\/05\/MEM-KMU-weiterhin-unter-Druck-1_Organisator.jpg\" \/>\n\t<meta property=\"og:image:width\" content=\"680\" \/>\n\t<meta property=\"og:image:height\" content=\"341\" \/>\n\t<meta property=\"og:image:type\" content=\"image\/jpeg\" \/>\n<meta name=\"author\" content=\"thomas.berner\" \/>\n<meta name=\"twitter:card\" content=\"summary_large_image\" \/>\n<meta name=\"twitter:title\" content=\"#MEM-KMU weiterhin unter Druck\" \/>\n<meta name=\"twitter:description\" content=\"Der neue #KMU-MEM-Gesch\u00e4ftsklimaindex von #Swissmechanic best\u00e4tigt: Die Lage in der Maschinen-, Elektro- und Metallindustrie bleibt angespannt.\" \/>\n<meta name=\"twitter:image\" content=\"https:\/\/www.organisator.ch\/wp-content\/uploads\/2025\/05\/MEM-KMU-weiterhin-unter-Druck-1_Organisator.jpg\" \/>\n<script type=\"application\/ld+json\" class=\"yoast-schema-graph\">{\"@context\":\"https:\\\/\\\/schema.org\",\"@graph\":[{\"@type\":\"Article\",\"@id\":\"https:\\\/\\\/www.organisator.ch\\\/management\\\/2025-05-28\\\/mem-kmu-weiterhin-unter-druck\\\/#article\",\"isPartOf\":{\"@id\":\"https:\\\/\\\/www.organisator.ch\\\/management\\\/2025-05-28\\\/mem-kmu-weiterhin-unter-druck\\\/\"},\"author\":{\"name\":\"thomas.berner\",\"@id\":\"https:\\\/\\\/www.organisator.ch\\\/#\\\/schema\\\/person\\\/6f650f90b2842cd4c0cc334b4e36f67e\"},\"headline\":\"MEM-KMU weiterhin unter Druck\",\"datePublished\":\"2025-05-28T06:37:38+00:00\",\"mainEntityOfPage\":{\"@id\":\"https:\\\/\\\/www.organisator.ch\\\/management\\\/2025-05-28\\\/mem-kmu-weiterhin-unter-druck\\\/\"},\"wordCount\":351,\"publisher\":{\"@id\":\"https:\\\/\\\/www.organisator.ch\\\/#organization\"},\"image\":{\"@id\":\"https:\\\/\\\/www.organisator.ch\\\/management\\\/2025-05-28\\\/mem-kmu-weiterhin-unter-druck\\\/#primaryimage\"},\"thumbnailUrl\":\"https:\\\/\\\/www.organisator.ch\\\/wp-content\\\/uploads\\\/2025\\\/05\\\/MEM-KMU-weiterhin-unter-Druck-1_Organisator.jpg\",\"keywords\":[\"KMU-MEM\",\"Konjunktur\",\"Management und Unternehmensf\u00fchrung\",\"Swissmechanic\"],\"articleSection\":[\"MANAGEMENT\"],\"inLanguage\":\"fr-FR\"},{\"@type\":\"WebPage\",\"@id\":\"https:\\\/\\\/www.organisator.ch\\\/management\\\/2025-05-28\\\/mem-kmu-weiterhin-unter-druck\\\/\",\"url\":\"https:\\\/\\\/www.organisator.ch\\\/management\\\/2025-05-28\\\/mem-kmu-weiterhin-unter-druck\\\/\",\"name\":\"MEM-KMU weiterhin unter Druck - Organisator\",\"isPartOf\":{\"@id\":\"https:\\\/\\\/www.organisator.ch\\\/#website\"},\"primaryImageOfPage\":{\"@id\":\"https:\\\/\\\/www.organisator.ch\\\/management\\\/2025-05-28\\\/mem-kmu-weiterhin-unter-druck\\\/#primaryimage\"},\"image\":{\"@id\":\"https:\\\/\\\/www.organisator.ch\\\/management\\\/2025-05-28\\\/mem-kmu-weiterhin-unter-druck\\\/#primaryimage\"},\"thumbnailUrl\":\"https:\\\/\\\/www.organisator.ch\\\/wp-content\\\/uploads\\\/2025\\\/05\\\/MEM-KMU-weiterhin-unter-Druck-1_Organisator.jpg\",\"datePublished\":\"2025-05-28T06:37:38+00:00\",\"description\":\"Der neue KMU-MEM-Gesch\u00e4ftsklimaindex von Swissmechanic best\u00e4tigt: Die Lage in der Maschinen-, Elektro- und Metallindustrie bleibt angespannt.\",\"breadcrumb\":{\"@id\":\"https:\\\/\\\/www.organisator.ch\\\/management\\\/2025-05-28\\\/mem-kmu-weiterhin-unter-druck\\\/#breadcrumb\"},\"inLanguage\":\"fr-FR\",\"potentialAction\":[{\"@type\":\"ReadAction\",\"target\":[\"https:\\\/\\\/www.organisator.ch\\\/management\\\/2025-05-28\\\/mem-kmu-weiterhin-unter-druck\\\/\"]}]},{\"@type\":\"ImageObject\",\"inLanguage\":\"fr-FR\",\"@id\":\"https:\\\/\\\/www.organisator.ch\\\/management\\\/2025-05-28\\\/mem-kmu-weiterhin-unter-druck\\\/#primaryimage\",\"url\":\"https:\\\/\\\/www.organisator.ch\\\/wp-content\\\/uploads\\\/2025\\\/05\\\/MEM-KMU-weiterhin-unter-Druck-1_Organisator.jpg\",\"contentUrl\":\"https:\\\/\\\/www.organisator.ch\\\/wp-content\\\/uploads\\\/2025\\\/05\\\/MEM-KMU-weiterhin-unter-Druck-1_Organisator.jpg\"},{\"@type\":\"BreadcrumbList\",\"@id\":\"https:\\\/\\\/www.organisator.ch\\\/management\\\/2025-05-28\\\/mem-kmu-weiterhin-unter-druck\\\/#breadcrumb\",\"itemListElement\":[{\"@type\":\"ListItem\",\"position\":1,\"name\":\"Home\",\"item\":\"https:\\\/\\\/www.organisator.ch\\\/\"},{\"@type\":\"ListItem\",\"position\":2,\"name\":\"MEM-KMU weiterhin unter Druck\"}]},{\"@type\":\"WebSite\",\"@id\":\"https:\\\/\\\/www.organisator.ch\\\/#website\",\"url\":\"https:\\\/\\\/www.organisator.ch\\\/\",\"name\":\"Organisator\",\"description\":\"Kompetent. Praxisnah. Der ORGANISATOR bereitet in 10 Ausgaben pro Jahr die wesentlichen Themen f\u00fcr F\u00fchrungskr\u00e4fte von KMU auf.\",\"publisher\":{\"@id\":\"https:\\\/\\\/www.organisator.ch\\\/#organization\"},\"potentialAction\":[{\"@type\":\"SearchAction\",\"target\":{\"@type\":\"EntryPoint\",\"urlTemplate\":\"https:\\\/\\\/www.organisator.ch\\\/?s={search_term_string}\"},\"query-input\":{\"@type\":\"PropertyValueSpecification\",\"valueRequired\":true,\"valueName\":\"search_term_string\"}}],\"inLanguage\":\"fr-FR\"},{\"@type\":\"Organization\",\"@id\":\"https:\\\/\\\/www.organisator.ch\\\/#organization\",\"name\":\"Organisator\",\"url\":\"https:\\\/\\\/www.organisator.ch\\\/\",\"logo\":{\"@type\":\"ImageObject\",\"inLanguage\":\"fr-FR\",\"@id\":\"https:\\\/\\\/www.organisator.ch\\\/#\\\/schema\\\/logo\\\/image\\\/\",\"url\":\"https:\\\/\\\/www.organisator.ch\\\/wp-content\\\/uploads\\\/2022\\\/01\\\/Logo_Organisator_Website.png\",\"contentUrl\":\"https:\\\/\\\/www.organisator.ch\\\/wp-content\\\/uploads\\\/2022\\\/01\\\/Logo_Organisator_Website.png\",\"width\":800,\"height\":77,\"caption\":\"Organisator\"},\"image\":{\"@id\":\"https:\\\/\\\/www.organisator.ch\\\/#\\\/schema\\\/logo\\\/image\\\/\"},\"sameAs\":[\"https:\\\/\\\/www.facebook.com\\\/OrganisatorFachmagazin\",\"https:\\\/\\\/www.linkedin.com\\\/showcase\\\/organisator-das-magazin-fr-kmu\",\"https:\\\/\\\/www.xing.com\\\/news\\\/pages\\\/organisator-ch-695\",\"https:\\\/\\\/www.youtube.com\\\/channel\\\/UCGP2Sq0iWaZwT3BdIAQFYpw\"]},{\"@type\":\"Person\",\"@id\":\"https:\\\/\\\/www.organisator.ch\\\/#\\\/schema\\\/person\\\/6f650f90b2842cd4c0cc334b4e36f67e\",\"name\":\"thomas.berner\",\"image\":{\"@type\":\"ImageObject\",\"inLanguage\":\"fr-FR\",\"@id\":\"https:\\\/\\\/secure.gravatar.com\\\/avatar\\\/ac5001d2a36cb6c6cd3e50789007ffca834b477b74a2144564522e944eabff61?s=96&d=mm&r=g\",\"url\":\"https:\\\/\\\/secure.gravatar.com\\\/avatar\\\/ac5001d2a36cb6c6cd3e50789007ffca834b477b74a2144564522e944eabff61?s=96&d=mm&r=g\",\"contentUrl\":\"https:\\\/\\\/secure.gravatar.com\\\/avatar\\\/ac5001d2a36cb6c6cd3e50789007ffca834b477b74a2144564522e944eabff61?s=96&d=mm&r=g\",\"caption\":\"thomas.berner\"},\"url\":\"https:\\\/\\\/www.organisator.ch\\\/fr\\\/author\\\/thomas-berner\\\/\"}]}<\/script>\n<!-- \/ Yoast SEO plugin. -->","yoast_head_json":{"title":"Les PME MEM toujours sous pression - Organisateur","description":"Le nouvel indice du climat des affaires PME-MEM de Swissmechanic le confirme : La situation dans l'industrie des machines, des \u00e9quipements \u00e9lectriques et des m\u00e9taux reste tendue.","robots":{"index":"index","follow":"follow","max-snippet":"max-snippet:-1","max-image-preview":"max-image-preview:large","max-video-preview":"max-video-preview:-1"},"canonical":"https:\/\/www.organisator.ch\/fr\/gestion-2\/2025-05-28\/mem-kmu-weiterhin-unter-druck\/","og_locale":"fr_FR","og_type":"article","og_title":"MEM-KMU weiterhin unter Druck","og_description":"Der neue KMU-MEM-Gesch\u00e4ftsklimaindex von Swissmechanic best\u00e4tigt: Die Lage in der Maschinen-, Elektro- und Metallindustrie bleibt angespannt.","og_url":"https:\/\/www.organisator.ch\/fr\/gestion-2\/2025-05-28\/mem-kmu-weiterhin-unter-druck\/","og_site_name":"Organisator","article_publisher":"https:\/\/www.facebook.com\/OrganisatorFachmagazin","article_published_time":"2025-05-28T06:37:38+00:00","og_image":[{"width":680,"height":341,"url":"https:\/\/www.organisator.ch\/wp-content\/uploads\/2025\/05\/MEM-KMU-weiterhin-unter-Druck-1_Organisator.jpg","type":"image\/jpeg"}],"author":"thomas.berner","twitter_card":"summary_large_image","twitter_title":"#MEM-KMU weiterhin unter Druck","twitter_description":"Der neue #KMU-MEM-Gesch\u00e4ftsklimaindex von #Swissmechanic best\u00e4tigt: Die Lage in der Maschinen-, Elektro- und Metallindustrie bleibt angespannt.","twitter_image":"https:\/\/www.organisator.ch\/wp-content\/uploads\/2025\/05\/MEM-KMU-weiterhin-unter-Druck-1_Organisator.jpg","schema":{"@context":"https:\/\/schema.org","@graph":[{"@type":"Article","@id":"https:\/\/www.organisator.ch\/management\/2025-05-28\/mem-kmu-weiterhin-unter-druck\/#article","isPartOf":{"@id":"https:\/\/www.organisator.ch\/management\/2025-05-28\/mem-kmu-weiterhin-unter-druck\/"},"author":{"name":"thomas.berner","@id":"https:\/\/www.organisator.ch\/#\/schema\/person\/6f650f90b2842cd4c0cc334b4e36f67e"},"headline":"MEM-KMU weiterhin unter Druck","datePublished":"2025-05-28T06:37:38+00:00","mainEntityOfPage":{"@id":"https:\/\/www.organisator.ch\/management\/2025-05-28\/mem-kmu-weiterhin-unter-druck\/"},"wordCount":351,"publisher":{"@id":"https:\/\/www.organisator.ch\/#organization"},"image":{"@id":"https:\/\/www.organisator.ch\/management\/2025-05-28\/mem-kmu-weiterhin-unter-druck\/#primaryimage"},"thumbnailUrl":"https:\/\/www.organisator.ch\/wp-content\/uploads\/2025\/05\/MEM-KMU-weiterhin-unter-Druck-1_Organisator.jpg","keywords":["KMU-MEM","Konjunktur","Management und Unternehmensf\u00fchrung","Swissmechanic"],"articleSection":["MANAGEMENT"],"inLanguage":"fr-FR"},{"@type":"WebPage","@id":"https:\/\/www.organisator.ch\/management\/2025-05-28\/mem-kmu-weiterhin-unter-druck\/","url":"https:\/\/www.organisator.ch\/management\/2025-05-28\/mem-kmu-weiterhin-unter-druck\/","name":"Les PME MEM toujours sous pression - Organisateur","isPartOf":{"@id":"https:\/\/www.organisator.ch\/#website"},"primaryImageOfPage":{"@id":"https:\/\/www.organisator.ch\/management\/2025-05-28\/mem-kmu-weiterhin-unter-druck\/#primaryimage"},"image":{"@id":"https:\/\/www.organisator.ch\/management\/2025-05-28\/mem-kmu-weiterhin-unter-druck\/#primaryimage"},"thumbnailUrl":"https:\/\/www.organisator.ch\/wp-content\/uploads\/2025\/05\/MEM-KMU-weiterhin-unter-Druck-1_Organisator.jpg","datePublished":"2025-05-28T06:37:38+00:00","description":"Le nouvel indice du climat des affaires PME-MEM de Swissmechanic le confirme : La situation dans l'industrie des machines, des \u00e9quipements \u00e9lectriques et des m\u00e9taux reste tendue.","breadcrumb":{"@id":"https:\/\/www.organisator.ch\/management\/2025-05-28\/mem-kmu-weiterhin-unter-druck\/#breadcrumb"},"inLanguage":"fr-FR","potentialAction":[{"@type":"ReadAction","target":["https:\/\/www.organisator.ch\/management\/2025-05-28\/mem-kmu-weiterhin-unter-druck\/"]}]},{"@type":"ImageObject","inLanguage":"fr-FR","@id":"https:\/\/www.organisator.ch\/management\/2025-05-28\/mem-kmu-weiterhin-unter-druck\/#primaryimage","url":"https:\/\/www.organisator.ch\/wp-content\/uploads\/2025\/05\/MEM-KMU-weiterhin-unter-Druck-1_Organisator.jpg","contentUrl":"https:\/\/www.organisator.ch\/wp-content\/uploads\/2025\/05\/MEM-KMU-weiterhin-unter-Druck-1_Organisator.jpg"},{"@type":"BreadcrumbList","@id":"https:\/\/www.organisator.ch\/management\/2025-05-28\/mem-kmu-weiterhin-unter-druck\/#breadcrumb","itemListElement":[{"@type":"ListItem","position":1,"name":"Home","item":"https:\/\/www.organisator.ch\/"},{"@type":"ListItem","position":2,"name":"MEM-KMU weiterhin unter Druck"}]},{"@type":"WebSite","@id":"https:\/\/www.organisator.ch\/#website","url":"https:\/\/www.organisator.ch\/","name":"Organisateur","description":"Comp\u00e9tence et comp\u00e9tence. Proches de la pratique. L'ORGANISATEUR pr\u00e9pare 10 num\u00e9ros par an sur les th\u00e8mes essentiels pour les dirigeants de PME.","publisher":{"@id":"https:\/\/www.organisator.ch\/#organization"},"potentialAction":[{"@type":"SearchAction","target":{"@type":"EntryPoint","urlTemplate":"https:\/\/www.organisator.ch\/?s={search_term_string}"},"query-input":{"@type":"PropertyValueSpecification","valueRequired":true,"valueName":"search_term_string"}}],"inLanguage":"fr-FR"},{"@type":"Organization","@id":"https:\/\/www.organisator.ch\/#organization","name":"Organisateur","url":"https:\/\/www.organisator.ch\/","logo":{"@type":"ImageObject","inLanguage":"fr-FR","@id":"https:\/\/www.organisator.ch\/#\/schema\/logo\/image\/","url":"https:\/\/www.organisator.ch\/wp-content\/uploads\/2022\/01\/Logo_Organisator_Website.png","contentUrl":"https:\/\/www.organisator.ch\/wp-content\/uploads\/2022\/01\/Logo_Organisator_Website.png","width":800,"height":77,"caption":"Organisator"},"image":{"@id":"https:\/\/www.organisator.ch\/#\/schema\/logo\/image\/"},"sameAs":["https:\/\/www.facebook.com\/OrganisatorFachmagazin","https:\/\/www.linkedin.com\/showcase\/organisator-das-magazin-fr-kmu","https:\/\/www.xing.com\/news\/pages\/organisator-ch-695","https:\/\/www.youtube.com\/channel\/UCGP2Sq0iWaZwT3BdIAQFYpw"]},{"@type":"Person","@id":"https:\/\/www.organisator.ch\/#\/schema\/person\/6f650f90b2842cd4c0cc334b4e36f67e","name":"thomas.berner","image":{"@type":"ImageObject","inLanguage":"fr-FR","@id":"https:\/\/secure.gravatar.com\/avatar\/ac5001d2a36cb6c6cd3e50789007ffca834b477b74a2144564522e944eabff61?s=96&d=mm&r=g","url":"https:\/\/secure.gravatar.com\/avatar\/ac5001d2a36cb6c6cd3e50789007ffca834b477b74a2144564522e944eabff61?s=96&d=mm&r=g","contentUrl":"https:\/\/secure.gravatar.com\/avatar\/ac5001d2a36cb6c6cd3e50789007ffca834b477b74a2144564522e944eabff61?s=96&d=mm&r=g","caption":"thomas.berner"},"url":"https:\/\/www.organisator.ch\/fr\/author\/thomas-berner\/"}]}},"_links":{"self":[{"href":"https:\/\/www.organisator.ch\/fr\/wp-json\/wp\/v2\/posts\/38613","targetHints":{"allow":["GET"]}}],"collection":[{"href":"https:\/\/www.organisator.ch\/fr\/wp-json\/wp\/v2\/posts"}],"about":[{"href":"https:\/\/www.organisator.ch\/fr\/wp-json\/wp\/v2\/types\/post"}],"author":[{"embeddable":true,"href":"https:\/\/www.organisator.ch\/fr\/wp-json\/wp\/v2\/users\/4"}],"replies":[{"embeddable":true,"href":"https:\/\/www.organisator.ch\/fr\/wp-json\/wp\/v2\/comments?post=38613"}],"version-history":[{"count":4,"href":"https:\/\/www.organisator.ch\/fr\/wp-json\/wp\/v2\/posts\/38613\/revisions"}],"predecessor-version":[{"id":38639,"href":"https:\/\/www.organisator.ch\/fr\/wp-json\/wp\/v2\/posts\/38613\/revisions\/38639"}],"wp:attachment":[{"href":"https:\/\/www.organisator.ch\/fr\/wp-json\/wp\/v2\/media?parent=38613"}],"wp:term":[{"taxonomy":"category","embeddable":true,"href":"https:\/\/www.organisator.ch\/fr\/wp-json\/wp\/v2\/categories?post=38613"},{"taxonomy":"post_tag","embeddable":true,"href":"https:\/\/www.organisator.ch\/fr\/wp-json\/wp\/v2\/tags?post=38613"}],"curies":[{"name":"wp","href":"https:\/\/api.w.org\/{rel}","templated":true}]}}