{"id":38640,"date":"2025-06-03T08:04:39","date_gmt":"2025-06-03T06:04:39","guid":{"rendered":"https:\/\/www.m-q.ch\/?p=21510"},"modified":"2025-06-03T08:03:02","modified_gmt":"2025-06-03T06:03:02","slug":"sicherheitsschulungen-sicherheit-erfolgreich-geschult-was-wirkt","status":"publish","type":"post","link":"https:\/\/www.organisator.ch\/fr\/operational-excellence\/2025-06-03\/sicherheitsschulungen-sicherheit-erfolgreich-geschult-was-wirkt\/","title":{"rendered":"Formation \u00e0 la s\u00e9curit\u00e9 : \"Une formation \u00e0 la s\u00e9curit\u00e9 r\u00e9ussie : Qu'est-ce qui est efficace ?\""},"content":{"rendered":"<figure id=\"attachment_21511\" class=\"wp-caption alignnone\" style=\"width: 680px;\" aria-describedby=\"caption-attachment-21511\"><img class=\"size-full wp-image-21511\" src=\"https:\/\/www.m-q.ch\/wp-content\/uploads\/2025\/06\/Sicherheit-erfolgreich-geschult-Was-wirkt_MQ.jpg\" sizes=\"(max-width: 680px) 100vw, 680px\" srcset=\"https:\/\/www.m-q.ch\/wp-content\/uploads\/2025\/06\/Sicherheit-erfolgreich-geschult-Was-wirkt_MQ.jpg 680w, https:\/\/www.m-q.ch\/wp-content\/uploads\/2025\/06\/Sicherheit-erfolgreich-geschult-Was-wirkt_MQ-18x10.jpg 18w, https:\/\/www.m-q.ch\/wp-content\/uploads\/2025\/06\/Sicherheit-erfolgreich-geschult-Was-wirkt_MQ-375x211.jpg 375w, https:\/\/www.m-q.ch\/wp-content\/uploads\/2025\/06\/Sicherheit-erfolgreich-geschult-Was-wirkt_MQ-621x350.jpg 621w\" alt=\"\" width=\"680\" height=\"383\" \/>\r\n<figcaption id=\"caption-attachment-21511\" class=\"wp-caption-text\">Le 9 septembre 2025, un colloque sera consacr\u00e9 \u00e0 la formation \u00e0 la s\u00e9curit\u00e9. (Image : zVg \/ SAVE AG)<\/figcaption>\r\n<\/figure>\r\n<p>Le grand \u00e9cart entre les exigences de performance \u00e9conomique et les nombreuses formations obligatoires pose de grands d\u00e9fis \u00e0 de nombreuses entreprises. Quels sont les m\u00e9thodes et les formats qui conduisent r\u00e9ellement \u00e0 un succ\u00e8s d'apprentissage durable ? Le congr\u00e8s offre un aper\u00e7u des derni\u00e8res connaissances scientifiques sur les performances de l'\u00eatre humain dans des contextes li\u00e9s \u00e0 la s\u00e9curit\u00e9 ainsi que sur les processus d'apprentissage efficaces et la conception juridiquement s\u00fbre des instructions. Parmi les th\u00e8mes importants figurent la didactique, la m\u00e9thodologie, les facteurs d'influence psychologiques et les formats de formation innovants qui font de plus en plus leurs preuves.<\/p>\r\n<p>De mani\u00e8re claire et pratique, des entreprises telles que FMB, Swisscom et la Banque cantonale des Grisons partagent leurs concepts complets de formation \u00e0 la s\u00e9curit\u00e9 et discutent de leurs exp\u00e9riences. Ce colloque s'adresse aux sp\u00e9cialistes et aux cadres des domaines de la s\u00e9curit\u00e9, du d\u00e9veloppement du personnel, de la formation, de l'exploitation et de l'organisation ainsi qu'aux responsables de la pr\u00e9vention et de la gestion des risques. Les organes de surveillance et les repr\u00e9sentants des organisations d'employ\u00e9s et d'employeurs ainsi que les conseillers dans le domaine de la s\u00e9curit\u00e9 y trouveront \u00e9galement de pr\u00e9cieuses impulsions pour leur travail.<\/p>\r\n<p>La conf\u00e9rence est organis\u00e9e par SAVE AG. Cette entreprise est sp\u00e9cialis\u00e9e dans le transfert de connaissances pratiques entre les professionnels de la s\u00e9curit\u00e9 sur les th\u00e8mes de la gestion des risques,<br \/>\r\nCorporate Security, s\u00e9curit\u00e9 des b\u00e2timents, s\u00e9curit\u00e9 et protection de la sant\u00e9 (AS&amp;GS), protection contre les incendies, s\u00e9curit\u00e9 des informations et des infrastructures, protection de la population ainsi que s\u00e9curit\u00e9 des machines et des processus, pr\u00e9vention des incidents, dangers naturels et environnementaux, surveillance et concepts de s\u00e9curit\u00e9 int\u00e9grale. L'\u00e9quipe de SAVE AG peut s'appuyer sur un vaste r\u00e9seau.<br \/>\r\nenvironnement de s\u00e9curit\u00e9 et s'appuie sur un vaste r\u00e9seau.<\/p>\r\n<p><a href=\"https:\/\/save.ch\/event\/sicherheit-erfolgreich-geschult-was-wirkt\/\">Plus d'informations et le programme complet de la conf\u00e9rence<\/a><\/p>\n<p class=\"syndicated-attribution\">Cet article est paru initialement sur m-q.ch - <a href=\"https:\/\/www.m-q.ch\/de\/sicherheitsschulungen-sicherheit-erfolgreich-geschult-was-wirkt\/\" target=\"_blank\">https:\/\/www.m-q.ch\/de\/sicherheitsschulungen-sicherheit-erfolgreich-geschult-was-wirkt\/<\/a><\/p>","protected":false},"excerpt":{"rendered":"<p>La s\u00e9curit\u00e9 au travail n'est pas un produit du hasard, mais le r\u00e9sultat de connaissances solides, d'une attitude claire et d'une pratique v\u00e9cue. Le colloque \"Une formation \u00e0 la s\u00e9curit\u00e9 r\u00e9ussie : Qu'est-ce qui est efficace ?\" est consacr\u00e9 \u00e0 la question centrale de savoir comment les entreprises peuvent non seulement transmettre la conscience de la s\u00e9curit\u00e9, mais aussi l'ancrer durablement dans la pens\u00e9e et l'action des collaborateurs.<\/p>","protected":false},"author":8,"featured_media":0,"comment_status":"closed","ping_status":"closed","sticky":false,"template":"","format":"standard","meta":{"_acf_changed":false,"_yoast_wpseo_focuskw":"Sicherheitsschulungen","_yoast_wpseo_metadesc":"Eine Fachtagung befasst sich am 9. September 2025 mit wichtigen Faktoren f\u00fcr erfolgreiche Sicherheitsschulungen.","articlekey":"","footnotes":""},"categories":[582],"tags":[53,62,418,610],"class_list":["post-38640","post","type-post","status-publish","format-standard","hentry","category-operational-excellence","tag-arbeitssicherheit","tag-aus-weiterbildung","tag-risikomanagement","tag-schulung"],"acf":[],"yoast_head":"<!-- This site is optimized with the Yoast SEO plugin v27.5 - https:\/\/yoast.com\/product\/yoast-seo-wordpress\/ -->\n<title>Sicherheitsschulungen: \u00abSicherheit erfolgreich geschult: Was wirkt?\u00bb - Organisator<\/title>\n<meta name=\"description\" content=\"Eine Fachtagung befasst sich am 9. September 2025 mit wichtigen Faktoren f\u00fcr erfolgreiche Sicherheitsschulungen.\" \/>\n<meta name=\"robots\" content=\"index, follow, max-snippet:-1, max-image-preview:large, max-video-preview:-1\" \/>\n<link rel=\"canonical\" href=\"https:\/\/www.organisator.ch\/fr\/excellence-operationnelle\/2025-06-03\/sicherheitsschulungen-sicherheit-erfolgreich-geschult-was-wirkt\/\" \/>\n<meta property=\"og:locale\" content=\"fr_FR\" \/>\n<meta property=\"og:type\" content=\"article\" \/>\n<meta property=\"og:title\" content=\"Sicherheitsschulungen: \u00abSicherheit erfolgreich geschult: Was wirkt?\u00bb - Organisator\" \/>\n<meta property=\"og:description\" content=\"Eine Fachtagung befasst sich am 9. September 2025 mit wichtigen Faktoren f\u00fcr erfolgreiche Sicherheitsschulungen.\" \/>\n<meta property=\"og:url\" content=\"https:\/\/www.organisator.ch\/fr\/excellence-operationnelle\/2025-06-03\/sicherheitsschulungen-sicherheit-erfolgreich-geschult-was-wirkt\/\" \/>\n<meta property=\"og:site_name\" content=\"Organisator\" \/>\n<meta property=\"article:publisher\" content=\"https:\/\/www.facebook.com\/OrganisatorFachmagazin\" \/>\n<meta property=\"article:published_time\" content=\"2025-06-03T06:04:39+00:00\" \/>\n<meta property=\"og:image\" content=\"https:\/\/www.organisator.ch\/wp-content\/uploads\/2023\/08\/Polen-und-die-Schweiz-liegen-nicht-weit-auseinander-1_Organisator.jpg\" \/>\n\t<meta property=\"og:image:width\" content=\"680\" \/>\n\t<meta property=\"og:image:height\" content=\"453\" \/>\n\t<meta property=\"og:image:type\" content=\"image\/jpeg\" \/>\n<meta name=\"author\" content=\"galledia\" \/>\n<meta name=\"twitter:card\" content=\"summary_large_image\" \/>\n<meta name=\"twitter:creator\" content=\"@admin\" \/>\n<script type=\"application\/ld+json\" class=\"yoast-schema-graph\">{\"@context\":\"https:\\\/\\\/schema.org\",\"@graph\":[{\"@type\":\"Article\",\"@id\":\"https:\\\/\\\/www.organisator.ch\\\/operational-excellence\\\/2025-06-03\\\/sicherheitsschulungen-sicherheit-erfolgreich-geschult-was-wirkt\\\/#article\",\"isPartOf\":{\"@id\":\"https:\\\/\\\/www.organisator.ch\\\/operational-excellence\\\/2025-06-03\\\/sicherheitsschulungen-sicherheit-erfolgreich-geschult-was-wirkt\\\/\"},\"author\":{\"name\":\"galledia\",\"@id\":\"https:\\\/\\\/www.organisator.ch\\\/#\\\/schema\\\/person\\\/4e51799071cd2dd1232ac003643ef5f0\"},\"headline\":\"Sicherheitsschulungen: \u00abSicherheit erfolgreich geschult: Was wirkt?\u00bb\",\"datePublished\":\"2025-06-03T06:04:39+00:00\",\"mainEntityOfPage\":{\"@id\":\"https:\\\/\\\/www.organisator.ch\\\/operational-excellence\\\/2025-06-03\\\/sicherheitsschulungen-sicherheit-erfolgreich-geschult-was-wirkt\\\/\"},\"wordCount\":239,\"publisher\":{\"@id\":\"https:\\\/\\\/www.organisator.ch\\\/#organization\"},\"image\":{\"@id\":\"https:\\\/\\\/www.organisator.ch\\\/operational-excellence\\\/2025-06-03\\\/sicherheitsschulungen-sicherheit-erfolgreich-geschult-was-wirkt\\\/#primaryimage\"},\"thumbnailUrl\":\"https:\\\/\\\/www.m-q.ch\\\/wp-content\\\/uploads\\\/2025\\\/06\\\/Sicherheit-erfolgreich-geschult-Was-wirkt_MQ.jpg\",\"keywords\":[\"Arbeitssicherheit\",\"Aus-\\\/Weiterbildung\",\"Risikomanagement\",\"Schulung\"],\"articleSection\":[\"OPERATIONAL EXCELLENCE\"],\"inLanguage\":\"fr-FR\"},{\"@type\":\"WebPage\",\"@id\":\"https:\\\/\\\/www.organisator.ch\\\/operational-excellence\\\/2025-06-03\\\/sicherheitsschulungen-sicherheit-erfolgreich-geschult-was-wirkt\\\/\",\"url\":\"https:\\\/\\\/www.organisator.ch\\\/operational-excellence\\\/2025-06-03\\\/sicherheitsschulungen-sicherheit-erfolgreich-geschult-was-wirkt\\\/\",\"name\":\"Sicherheitsschulungen: \u00abSicherheit erfolgreich geschult: Was wirkt?\u00bb - Organisator\",\"isPartOf\":{\"@id\":\"https:\\\/\\\/www.organisator.ch\\\/#website\"},\"primaryImageOfPage\":{\"@id\":\"https:\\\/\\\/www.organisator.ch\\\/operational-excellence\\\/2025-06-03\\\/sicherheitsschulungen-sicherheit-erfolgreich-geschult-was-wirkt\\\/#primaryimage\"},\"image\":{\"@id\":\"https:\\\/\\\/www.organisator.ch\\\/operational-excellence\\\/2025-06-03\\\/sicherheitsschulungen-sicherheit-erfolgreich-geschult-was-wirkt\\\/#primaryimage\"},\"thumbnailUrl\":\"https:\\\/\\\/www.m-q.ch\\\/wp-content\\\/uploads\\\/2025\\\/06\\\/Sicherheit-erfolgreich-geschult-Was-wirkt_MQ.jpg\",\"datePublished\":\"2025-06-03T06:04:39+00:00\",\"description\":\"Eine Fachtagung befasst sich am 9. September 2025 mit wichtigen Faktoren f\u00fcr erfolgreiche Sicherheitsschulungen.\",\"breadcrumb\":{\"@id\":\"https:\\\/\\\/www.organisator.ch\\\/operational-excellence\\\/2025-06-03\\\/sicherheitsschulungen-sicherheit-erfolgreich-geschult-was-wirkt\\\/#breadcrumb\"},\"inLanguage\":\"fr-FR\",\"potentialAction\":[{\"@type\":\"ReadAction\",\"target\":[\"https:\\\/\\\/www.organisator.ch\\\/operational-excellence\\\/2025-06-03\\\/sicherheitsschulungen-sicherheit-erfolgreich-geschult-was-wirkt\\\/\"]}]},{\"@type\":\"ImageObject\",\"inLanguage\":\"fr-FR\",\"@id\":\"https:\\\/\\\/www.organisator.ch\\\/operational-excellence\\\/2025-06-03\\\/sicherheitsschulungen-sicherheit-erfolgreich-geschult-was-wirkt\\\/#primaryimage\",\"url\":\"https:\\\/\\\/www.m-q.ch\\\/wp-content\\\/uploads\\\/2025\\\/06\\\/Sicherheit-erfolgreich-geschult-Was-wirkt_MQ.jpg\",\"contentUrl\":\"https:\\\/\\\/www.m-q.ch\\\/wp-content\\\/uploads\\\/2025\\\/06\\\/Sicherheit-erfolgreich-geschult-Was-wirkt_MQ.jpg\"},{\"@type\":\"BreadcrumbList\",\"@id\":\"https:\\\/\\\/www.organisator.ch\\\/operational-excellence\\\/2025-06-03\\\/sicherheitsschulungen-sicherheit-erfolgreich-geschult-was-wirkt\\\/#breadcrumb\",\"itemListElement\":[{\"@type\":\"ListItem\",\"position\":1,\"name\":\"Home\",\"item\":\"https:\\\/\\\/www.organisator.ch\\\/\"},{\"@type\":\"ListItem\",\"position\":2,\"name\":\"Sicherheitsschulungen: \u00abSicherheit erfolgreich geschult: Was wirkt?\u00bb\"}]},{\"@type\":\"WebSite\",\"@id\":\"https:\\\/\\\/www.organisator.ch\\\/#website\",\"url\":\"https:\\\/\\\/www.organisator.ch\\\/\",\"name\":\"Organisator\",\"description\":\"Kompetent. Praxisnah. Der ORGANISATOR bereitet in 10 Ausgaben pro Jahr die wesentlichen Themen f\u00fcr F\u00fchrungskr\u00e4fte von KMU auf.\",\"publisher\":{\"@id\":\"https:\\\/\\\/www.organisator.ch\\\/#organization\"},\"potentialAction\":[{\"@type\":\"SearchAction\",\"target\":{\"@type\":\"EntryPoint\",\"urlTemplate\":\"https:\\\/\\\/www.organisator.ch\\\/?s={search_term_string}\"},\"query-input\":{\"@type\":\"PropertyValueSpecification\",\"valueRequired\":true,\"valueName\":\"search_term_string\"}}],\"inLanguage\":\"fr-FR\"},{\"@type\":\"Organization\",\"@id\":\"https:\\\/\\\/www.organisator.ch\\\/#organization\",\"name\":\"Organisator\",\"url\":\"https:\\\/\\\/www.organisator.ch\\\/\",\"logo\":{\"@type\":\"ImageObject\",\"inLanguage\":\"fr-FR\",\"@id\":\"https:\\\/\\\/www.organisator.ch\\\/#\\\/schema\\\/logo\\\/image\\\/\",\"url\":\"https:\\\/\\\/www.organisator.ch\\\/wp-content\\\/uploads\\\/2022\\\/01\\\/Logo_Organisator_Website.png\",\"contentUrl\":\"https:\\\/\\\/www.organisator.ch\\\/wp-content\\\/uploads\\\/2022\\\/01\\\/Logo_Organisator_Website.png\",\"width\":800,\"height\":77,\"caption\":\"Organisator\"},\"image\":{\"@id\":\"https:\\\/\\\/www.organisator.ch\\\/#\\\/schema\\\/logo\\\/image\\\/\"},\"sameAs\":[\"https:\\\/\\\/www.facebook.com\\\/OrganisatorFachmagazin\",\"https:\\\/\\\/www.linkedin.com\\\/showcase\\\/organisator-das-magazin-fr-kmu\",\"https:\\\/\\\/www.xing.com\\\/news\\\/pages\\\/organisator-ch-695\",\"https:\\\/\\\/www.youtube.com\\\/channel\\\/UCGP2Sq0iWaZwT3BdIAQFYpw\"]},{\"@type\":\"Person\",\"@id\":\"https:\\\/\\\/www.organisator.ch\\\/#\\\/schema\\\/person\\\/4e51799071cd2dd1232ac003643ef5f0\",\"name\":\"galledia\",\"image\":{\"@type\":\"ImageObject\",\"inLanguage\":\"fr-FR\",\"@id\":\"https:\\\/\\\/secure.gravatar.com\\\/avatar\\\/78a7f90c01fc2bfc875782a0d4922b37cde2cf184ce347b91316d23cd7f69a36?s=96&d=mm&r=g\",\"url\":\"https:\\\/\\\/secure.gravatar.com\\\/avatar\\\/78a7f90c01fc2bfc875782a0d4922b37cde2cf184ce347b91316d23cd7f69a36?s=96&d=mm&r=g\",\"contentUrl\":\"https:\\\/\\\/secure.gravatar.com\\\/avatar\\\/78a7f90c01fc2bfc875782a0d4922b37cde2cf184ce347b91316d23cd7f69a36?s=96&d=mm&r=g\",\"caption\":\"galledia\"},\"sameAs\":[\"https:\\\/\\\/x.com\\\/admin\"],\"url\":\"https:\\\/\\\/www.organisator.ch\\\/fr\\\/author\\\/galledia\\\/\"}]}<\/script>\n<!-- \/ Yoast SEO plugin. -->","yoast_head_json":{"title":"Formation \u00e0 la s\u00e9curit\u00e9 : \"Une formation \u00e0 la s\u00e9curit\u00e9 r\u00e9ussie : Qu'est-ce qui est efficace ?\" - Organisateur","description":"Le 9 septembre 2025, une conf\u00e9rence sp\u00e9cialis\u00e9e se penchera sur les facteurs importants pour une formation \u00e0 la s\u00e9curit\u00e9 r\u00e9ussie.","robots":{"index":"index","follow":"follow","max-snippet":"max-snippet:-1","max-image-preview":"max-image-preview:large","max-video-preview":"max-video-preview:-1"},"canonical":"https:\/\/www.organisator.ch\/fr\/excellence-operationnelle\/2025-06-03\/sicherheitsschulungen-sicherheit-erfolgreich-geschult-was-wirkt\/","og_locale":"fr_FR","og_type":"article","og_title":"Sicherheitsschulungen: \u00abSicherheit erfolgreich geschult: Was wirkt?\u00bb - Organisator","og_description":"Eine Fachtagung befasst sich am 9. September 2025 mit wichtigen Faktoren f\u00fcr erfolgreiche Sicherheitsschulungen.","og_url":"https:\/\/www.organisator.ch\/fr\/excellence-operationnelle\/2025-06-03\/sicherheitsschulungen-sicherheit-erfolgreich-geschult-was-wirkt\/","og_site_name":"Organisator","article_publisher":"https:\/\/www.facebook.com\/OrganisatorFachmagazin","article_published_time":"2025-06-03T06:04:39+00:00","og_image":[{"width":680,"height":453,"url":"https:\/\/www.organisator.ch\/wp-content\/uploads\/2023\/08\/Polen-und-die-Schweiz-liegen-nicht-weit-auseinander-1_Organisator.jpg","type":"image\/jpeg"}],"author":"galledia","twitter_card":"summary_large_image","twitter_creator":"@admin","schema":{"@context":"https:\/\/schema.org","@graph":[{"@type":"Article","@id":"https:\/\/www.organisator.ch\/operational-excellence\/2025-06-03\/sicherheitsschulungen-sicherheit-erfolgreich-geschult-was-wirkt\/#article","isPartOf":{"@id":"https:\/\/www.organisator.ch\/operational-excellence\/2025-06-03\/sicherheitsschulungen-sicherheit-erfolgreich-geschult-was-wirkt\/"},"author":{"name":"galledia","@id":"https:\/\/www.organisator.ch\/#\/schema\/person\/4e51799071cd2dd1232ac003643ef5f0"},"headline":"Sicherheitsschulungen: \u00abSicherheit erfolgreich geschult: Was wirkt?\u00bb","datePublished":"2025-06-03T06:04:39+00:00","mainEntityOfPage":{"@id":"https:\/\/www.organisator.ch\/operational-excellence\/2025-06-03\/sicherheitsschulungen-sicherheit-erfolgreich-geschult-was-wirkt\/"},"wordCount":239,"publisher":{"@id":"https:\/\/www.organisator.ch\/#organization"},"image":{"@id":"https:\/\/www.organisator.ch\/operational-excellence\/2025-06-03\/sicherheitsschulungen-sicherheit-erfolgreich-geschult-was-wirkt\/#primaryimage"},"thumbnailUrl":"https:\/\/www.m-q.ch\/wp-content\/uploads\/2025\/06\/Sicherheit-erfolgreich-geschult-Was-wirkt_MQ.jpg","keywords":["Arbeitssicherheit","Aus-\/Weiterbildung","Risikomanagement","Schulung"],"articleSection":["OPERATIONAL EXCELLENCE"],"inLanguage":"fr-FR"},{"@type":"WebPage","@id":"https:\/\/www.organisator.ch\/operational-excellence\/2025-06-03\/sicherheitsschulungen-sicherheit-erfolgreich-geschult-was-wirkt\/","url":"https:\/\/www.organisator.ch\/operational-excellence\/2025-06-03\/sicherheitsschulungen-sicherheit-erfolgreich-geschult-was-wirkt\/","name":"Formation \u00e0 la s\u00e9curit\u00e9 : \"Une formation \u00e0 la s\u00e9curit\u00e9 r\u00e9ussie : Qu'est-ce qui est efficace ?\" - Organisateur","isPartOf":{"@id":"https:\/\/www.organisator.ch\/#website"},"primaryImageOfPage":{"@id":"https:\/\/www.organisator.ch\/operational-excellence\/2025-06-03\/sicherheitsschulungen-sicherheit-erfolgreich-geschult-was-wirkt\/#primaryimage"},"image":{"@id":"https:\/\/www.organisator.ch\/operational-excellence\/2025-06-03\/sicherheitsschulungen-sicherheit-erfolgreich-geschult-was-wirkt\/#primaryimage"},"thumbnailUrl":"https:\/\/www.m-q.ch\/wp-content\/uploads\/2025\/06\/Sicherheit-erfolgreich-geschult-Was-wirkt_MQ.jpg","datePublished":"2025-06-03T06:04:39+00:00","description":"Le 9 septembre 2025, une conf\u00e9rence sp\u00e9cialis\u00e9e se penchera sur les facteurs importants pour une formation \u00e0 la s\u00e9curit\u00e9 r\u00e9ussie.","breadcrumb":{"@id":"https:\/\/www.organisator.ch\/operational-excellence\/2025-06-03\/sicherheitsschulungen-sicherheit-erfolgreich-geschult-was-wirkt\/#breadcrumb"},"inLanguage":"fr-FR","potentialAction":[{"@type":"ReadAction","target":["https:\/\/www.organisator.ch\/operational-excellence\/2025-06-03\/sicherheitsschulungen-sicherheit-erfolgreich-geschult-was-wirkt\/"]}]},{"@type":"ImageObject","inLanguage":"fr-FR","@id":"https:\/\/www.organisator.ch\/operational-excellence\/2025-06-03\/sicherheitsschulungen-sicherheit-erfolgreich-geschult-was-wirkt\/#primaryimage","url":"https:\/\/www.m-q.ch\/wp-content\/uploads\/2025\/06\/Sicherheit-erfolgreich-geschult-Was-wirkt_MQ.jpg","contentUrl":"https:\/\/www.m-q.ch\/wp-content\/uploads\/2025\/06\/Sicherheit-erfolgreich-geschult-Was-wirkt_MQ.jpg"},{"@type":"BreadcrumbList","@id":"https:\/\/www.organisator.ch\/operational-excellence\/2025-06-03\/sicherheitsschulungen-sicherheit-erfolgreich-geschult-was-wirkt\/#breadcrumb","itemListElement":[{"@type":"ListItem","position":1,"name":"Home","item":"https:\/\/www.organisator.ch\/"},{"@type":"ListItem","position":2,"name":"Sicherheitsschulungen: \u00abSicherheit erfolgreich geschult: Was wirkt?\u00bb"}]},{"@type":"WebSite","@id":"https:\/\/www.organisator.ch\/#website","url":"https:\/\/www.organisator.ch\/","name":"Organisateur","description":"Comp\u00e9tence et comp\u00e9tence. Proches de la pratique. L'ORGANISATEUR pr\u00e9pare 10 num\u00e9ros par an sur les th\u00e8mes essentiels pour les dirigeants de PME.","publisher":{"@id":"https:\/\/www.organisator.ch\/#organization"},"potentialAction":[{"@type":"SearchAction","target":{"@type":"EntryPoint","urlTemplate":"https:\/\/www.organisator.ch\/?s={search_term_string}"},"query-input":{"@type":"PropertyValueSpecification","valueRequired":true,"valueName":"search_term_string"}}],"inLanguage":"fr-FR"},{"@type":"Organization","@id":"https:\/\/www.organisator.ch\/#organization","name":"Organisateur","url":"https:\/\/www.organisator.ch\/","logo":{"@type":"ImageObject","inLanguage":"fr-FR","@id":"https:\/\/www.organisator.ch\/#\/schema\/logo\/image\/","url":"https:\/\/www.organisator.ch\/wp-content\/uploads\/2022\/01\/Logo_Organisator_Website.png","contentUrl":"https:\/\/www.organisator.ch\/wp-content\/uploads\/2022\/01\/Logo_Organisator_Website.png","width":800,"height":77,"caption":"Organisator"},"image":{"@id":"https:\/\/www.organisator.ch\/#\/schema\/logo\/image\/"},"sameAs":["https:\/\/www.facebook.com\/OrganisatorFachmagazin","https:\/\/www.linkedin.com\/showcase\/organisator-das-magazin-fr-kmu","https:\/\/www.xing.com\/news\/pages\/organisator-ch-695","https:\/\/www.youtube.com\/channel\/UCGP2Sq0iWaZwT3BdIAQFYpw"]},{"@type":"Person","@id":"https:\/\/www.organisator.ch\/#\/schema\/person\/4e51799071cd2dd1232ac003643ef5f0","name":"galledia","image":{"@type":"ImageObject","inLanguage":"fr-FR","@id":"https:\/\/secure.gravatar.com\/avatar\/78a7f90c01fc2bfc875782a0d4922b37cde2cf184ce347b91316d23cd7f69a36?s=96&d=mm&r=g","url":"https:\/\/secure.gravatar.com\/avatar\/78a7f90c01fc2bfc875782a0d4922b37cde2cf184ce347b91316d23cd7f69a36?s=96&d=mm&r=g","contentUrl":"https:\/\/secure.gravatar.com\/avatar\/78a7f90c01fc2bfc875782a0d4922b37cde2cf184ce347b91316d23cd7f69a36?s=96&d=mm&r=g","caption":"galledia"},"sameAs":["https:\/\/x.com\/admin"],"url":"https:\/\/www.organisator.ch\/fr\/author\/galledia\/"}]}},"_links":{"self":[{"href":"https:\/\/www.organisator.ch\/fr\/wp-json\/wp\/v2\/posts\/38640","targetHints":{"allow":["GET"]}}],"collection":[{"href":"https:\/\/www.organisator.ch\/fr\/wp-json\/wp\/v2\/posts"}],"about":[{"href":"https:\/\/www.organisator.ch\/fr\/wp-json\/wp\/v2\/types\/post"}],"author":[{"embeddable":true,"href":"https:\/\/www.organisator.ch\/fr\/wp-json\/wp\/v2\/users\/8"}],"replies":[{"embeddable":true,"href":"https:\/\/www.organisator.ch\/fr\/wp-json\/wp\/v2\/comments?post=38640"}],"version-history":[{"count":6,"href":"https:\/\/www.organisator.ch\/fr\/wp-json\/wp\/v2\/posts\/38640\/revisions"}],"predecessor-version":[{"id":38645,"href":"https:\/\/www.organisator.ch\/fr\/wp-json\/wp\/v2\/posts\/38640\/revisions\/38645"}],"wp:attachment":[{"href":"https:\/\/www.organisator.ch\/fr\/wp-json\/wp\/v2\/media?parent=38640"}],"wp:term":[{"taxonomy":"category","embeddable":true,"href":"https:\/\/www.organisator.ch\/fr\/wp-json\/wp\/v2\/categories?post=38640"},{"taxonomy":"post_tag","embeddable":true,"href":"https:\/\/www.organisator.ch\/fr\/wp-json\/wp\/v2\/tags?post=38640"}],"curies":[{"name":"wp","href":"https:\/\/api.w.org\/{rel}","templated":true}]}}