{"id":38668,"date":"2025-06-04T08:53:38","date_gmt":"2025-06-04T06:53:38","guid":{"rendered":"https:\/\/www.organisator.ch\/?p=38668"},"modified":"2025-06-04T08:53:38","modified_gmt":"2025-06-04T06:53:38","slug":"faigle-uebernimmt-druckzentrum-der-ehemaligen-credit-suisse","status":"publish","type":"post","link":"https:\/\/www.organisator.ch\/fr\/management\/2025-06-04\/faigle-uebernimmt-druckzentrum-der-ehemaligen-credit-suisse\/","title":{"rendered":"Faigle reprend le centre d'impression de l'ancien Credit Suisse"},"content":{"rendered":"<figure id=\"attachment_38669\" aria-describedby=\"caption-attachment-38669\" style=\"width: 680px\" class=\"wp-caption alignnone\"><img loading=\"lazy\" decoding=\"async\" class=\"size-full wp-image-38669\" src=\"https:\/\/www.organisator.ch\/wp-content\/uploads\/2025\/06\/Faigle-uebernimmt-Druckzentrum-der-ehemaligen-Credit-Suisse_Organisator.jpg\" alt=\"\" width=\"680\" height=\"452\" srcset=\"https:\/\/www.organisator.ch\/wp-content\/uploads\/2025\/06\/Faigle-uebernimmt-Druckzentrum-der-ehemaligen-Credit-Suisse_Organisator.jpg 680w, https:\/\/www.organisator.ch\/wp-content\/uploads\/2025\/06\/Faigle-uebernimmt-Druckzentrum-der-ehemaligen-Credit-Suisse_Organisator-18x12.jpg 18w, https:\/\/www.organisator.ch\/wp-content\/uploads\/2025\/06\/Faigle-uebernimmt-Druckzentrum-der-ehemaligen-Credit-Suisse_Organisator-375x249.jpg 375w, https:\/\/www.organisator.ch\/wp-content\/uploads\/2025\/06\/Faigle-uebernimmt-Druckzentrum-der-ehemaligen-Credit-Suisse_Organisator-527x350.jpg 527w\" sizes=\"auto, (max-width: 680px) 100vw, 680px\" \/><figcaption id=\"caption-attachment-38669\" class=\"wp-caption-text\">En reprenant le centre d'impression de l'ancien Cr\u00e9dit Suisse, l'entreprise Faigle renforce sa position sur le march\u00e9 de l'impression transactionnelle. (Image symbolique \/ Depositphotos.com)<\/figcaption><\/figure>\n<p>Faigle SA, une entreprise sp\u00e9cialis\u00e9e dans la gestion de l'information et des documents, \u00e9largit ses capacit\u00e9s de production dans le domaine de l'impression transactionnelle (factures, rappels, extraits de compte, avis d'imposition, polices, etc.) en reprenant le centre d'impression de l'ancien Cr\u00e9dit Suisse \u00e0 Uetlihof. Faigle peut ainsi d\u00e9sormais fournir des prestations d'impression compl\u00e8tes en outsourcing \u00e0 de grands clients et \u00e0 des clients issus de secteurs fortement r\u00e9glement\u00e9s tels que les prestataires de services financiers, les administrations publiques ou les instituts de sant\u00e9. Cette acquisition est une nouvelle \u00e9tape dans la strat\u00e9gie de croissance de l'entreprise. De plus, la PME suisse souligne sa pertinence sur le march\u00e9 des services d'impression et d'output hautement r\u00e9glement\u00e9s, comme le pr\u00e9cise l'entreprise.<\/p>\n<p>Le centre d'impression de l'Uetlihof dispose d'une infrastructure et de processus ultramodernes, qui seront repris sans changement. Faigle remplit toutes les exigences r\u00e9glementaires et de s\u00e9curit\u00e9, dont les prescriptions de la FINMA ainsi que les certifications ISO, et r\u00e9pond ainsi aux exigences les plus \u00e9lev\u00e9es. \"Nous sommes convaincus que le traitement et l'envoi de donn\u00e9es sensibles doivent \u00eatre confi\u00e9s \u00e0 un fournisseur \u00e9tabli, comme Faigle, dont le si\u00e8ge est en Suisse\", d\u00e9clare le CEO Armin B\u00e4bler. \"En tant qu'entreprise familiale de troisi\u00e8me g\u00e9n\u00e9ration, nous sommes synonymes de continuit\u00e9, de fiabilit\u00e9 et de qualit\u00e9 - pour nos clients comme pour nos collaborateurs et partenaires\". Faigle SA reprend \u00e9galement une partie importante des collaborateurs du centre d'impression et assure ainsi un pr\u00e9cieux savoir-faire et une continuit\u00e9 dans les processus.<\/p>\n<p><em>Source : <a href=\"https:\/\/faigle.ch\/de\">Faigle AG<\/a><\/em><\/p>","protected":false},"excerpt":{"rendered":"<p>L'entreprise familiale Faigle, dirig\u00e9e par ses propri\u00e9taires, reprend le 1er juillet 2025 le centre d'impression de l'ancien Cr\u00e9dit Suisse dans l'Uetlihof zurichois d'UBS. Avec cette acquisition, Faigle SA \u00e9largit ses capacit\u00e9s de production et s'\u00e9tablit en tant que fournisseur important dans le domaine de l'impression transactionnelle avec si\u00e8ge en Suisse. <\/p>","protected":false},"author":4,"featured_media":38669,"comment_status":"closed","ping_status":"closed","sticky":false,"template":"","format":"standard","meta":{"_acf_changed":false,"_yoast_wpseo_focuskw":"Druckzentrum","_yoast_wpseo_metadesc":"Das Familienunternehmen Faigle \u00fcbernimmt per 1. Juli 2025 das Druckzentrum der ehemaligen Credit Suisse im Z\u00fcrcher Uetlihof von UBS.","articlekey":"","footnotes":""},"categories":[28],"tags":[35,492],"class_list":["post-38668","post","type-post","status-publish","format-standard","has-post-thumbnail","hentry","category-management","tag-akquisition","tag-unternehmen"],"acf":[],"yoast_head":"<!-- This site is optimized with the Yoast SEO plugin v27.5 - https:\/\/yoast.com\/product\/yoast-seo-wordpress\/ -->\n<title>Faigle \u00fcbernimmt Druckzentrum der ehemaligen Credit Suisse - Organisator<\/title>\n<meta name=\"description\" content=\"Das Familienunternehmen Faigle \u00fcbernimmt per 1. Juli 2025 das Druckzentrum der ehemaligen Credit Suisse im Z\u00fcrcher Uetlihof von UBS.\" \/>\n<meta name=\"robots\" content=\"index, follow, max-snippet:-1, max-image-preview:large, max-video-preview:-1\" \/>\n<link rel=\"canonical\" href=\"https:\/\/www.organisator.ch\/fr\/gestion-2\/2025-06-04\/faigle-uebernimmt-druckzentrum-der-ehemaligen-credit-suisse\/\" \/>\n<meta property=\"og:locale\" content=\"fr_FR\" \/>\n<meta property=\"og:type\" content=\"article\" \/>\n<meta property=\"og:title\" content=\"Faigle \u00fcbernimmt Druckzentrum der ehemaligen Credit Suisse\" \/>\n<meta property=\"og:description\" content=\"Das Familienunternehmen Faigle \u00fcbernimmt per 1. Juli 2025 das Druckzentrum der ehemaligen Credit Suisse im Z\u00fcrcher Uetlihof von UBS.\" \/>\n<meta property=\"og:url\" content=\"https:\/\/www.organisator.ch\/fr\/gestion-2\/2025-06-04\/faigle-uebernimmt-druckzentrum-der-ehemaligen-credit-suisse\/\" \/>\n<meta property=\"og:site_name\" content=\"Organisator\" \/>\n<meta property=\"article:publisher\" content=\"https:\/\/www.facebook.com\/OrganisatorFachmagazin\" \/>\n<meta property=\"article:published_time\" content=\"2025-06-04T06:53:38+00:00\" \/>\n<meta property=\"og:image\" content=\"https:\/\/www.organisator.ch\/wp-content\/uploads\/2025\/06\/Faigle-uebernimmt-Druckzentrum-der-ehemaligen-Credit-Suisse_Organisator.jpg\" \/>\n\t<meta property=\"og:image:width\" content=\"680\" \/>\n\t<meta property=\"og:image:height\" content=\"452\" \/>\n\t<meta property=\"og:image:type\" content=\"image\/jpeg\" \/>\n<meta name=\"author\" content=\"thomas.berner\" \/>\n<meta name=\"twitter:card\" content=\"summary_large_image\" \/>\n<meta name=\"twitter:title\" content=\"#Faigle \u00fcbernimmt #Druckzentrum der ehemaligen Credit Suisse\" \/>\n<meta name=\"twitter:description\" content=\"Das Familienunternehmen #Faigle \u00fcbernimmt per 1. Juli 2025 das #Druckzentrum der ehemaligen Credit Suisse im Z\u00fcrcher Uetlihof von UBS.\" \/>\n<meta name=\"twitter:image\" content=\"https:\/\/www.organisator.ch\/wp-content\/uploads\/2025\/06\/Faigle-uebernimmt-Druckzentrum-der-ehemaligen-Credit-Suisse_Organisator.jpg\" \/>\n<script type=\"application\/ld+json\" class=\"yoast-schema-graph\">{\"@context\":\"https:\\\/\\\/schema.org\",\"@graph\":[{\"@type\":\"Article\",\"@id\":\"https:\\\/\\\/www.organisator.ch\\\/management\\\/2025-06-04\\\/faigle-uebernimmt-druckzentrum-der-ehemaligen-credit-suisse\\\/#article\",\"isPartOf\":{\"@id\":\"https:\\\/\\\/www.organisator.ch\\\/management\\\/2025-06-04\\\/faigle-uebernimmt-druckzentrum-der-ehemaligen-credit-suisse\\\/\"},\"author\":{\"name\":\"thomas.berner\",\"@id\":\"https:\\\/\\\/www.organisator.ch\\\/#\\\/schema\\\/person\\\/6f650f90b2842cd4c0cc334b4e36f67e\"},\"headline\":\"Faigle \u00fcbernimmt Druckzentrum der ehemaligen Credit Suisse\",\"datePublished\":\"2025-06-04T06:53:38+00:00\",\"mainEntityOfPage\":{\"@id\":\"https:\\\/\\\/www.organisator.ch\\\/management\\\/2025-06-04\\\/faigle-uebernimmt-druckzentrum-der-ehemaligen-credit-suisse\\\/\"},\"wordCount\":249,\"publisher\":{\"@id\":\"https:\\\/\\\/www.organisator.ch\\\/#organization\"},\"image\":{\"@id\":\"https:\\\/\\\/www.organisator.ch\\\/management\\\/2025-06-04\\\/faigle-uebernimmt-druckzentrum-der-ehemaligen-credit-suisse\\\/#primaryimage\"},\"thumbnailUrl\":\"https:\\\/\\\/www.organisator.ch\\\/wp-content\\\/uploads\\\/2025\\\/06\\\/Faigle-uebernimmt-Druckzentrum-der-ehemaligen-Credit-Suisse_Organisator.jpg\",\"keywords\":[\"Akquisition\",\"Unternehmen\"],\"articleSection\":[\"MANAGEMENT\"],\"inLanguage\":\"fr-FR\"},{\"@type\":\"WebPage\",\"@id\":\"https:\\\/\\\/www.organisator.ch\\\/management\\\/2025-06-04\\\/faigle-uebernimmt-druckzentrum-der-ehemaligen-credit-suisse\\\/\",\"url\":\"https:\\\/\\\/www.organisator.ch\\\/management\\\/2025-06-04\\\/faigle-uebernimmt-druckzentrum-der-ehemaligen-credit-suisse\\\/\",\"name\":\"Faigle \u00fcbernimmt Druckzentrum der ehemaligen Credit Suisse - Organisator\",\"isPartOf\":{\"@id\":\"https:\\\/\\\/www.organisator.ch\\\/#website\"},\"primaryImageOfPage\":{\"@id\":\"https:\\\/\\\/www.organisator.ch\\\/management\\\/2025-06-04\\\/faigle-uebernimmt-druckzentrum-der-ehemaligen-credit-suisse\\\/#primaryimage\"},\"image\":{\"@id\":\"https:\\\/\\\/www.organisator.ch\\\/management\\\/2025-06-04\\\/faigle-uebernimmt-druckzentrum-der-ehemaligen-credit-suisse\\\/#primaryimage\"},\"thumbnailUrl\":\"https:\\\/\\\/www.organisator.ch\\\/wp-content\\\/uploads\\\/2025\\\/06\\\/Faigle-uebernimmt-Druckzentrum-der-ehemaligen-Credit-Suisse_Organisator.jpg\",\"datePublished\":\"2025-06-04T06:53:38+00:00\",\"description\":\"Das Familienunternehmen Faigle \u00fcbernimmt per 1. Juli 2025 das Druckzentrum der ehemaligen Credit Suisse im Z\u00fcrcher Uetlihof von UBS.\",\"breadcrumb\":{\"@id\":\"https:\\\/\\\/www.organisator.ch\\\/management\\\/2025-06-04\\\/faigle-uebernimmt-druckzentrum-der-ehemaligen-credit-suisse\\\/#breadcrumb\"},\"inLanguage\":\"fr-FR\",\"potentialAction\":[{\"@type\":\"ReadAction\",\"target\":[\"https:\\\/\\\/www.organisator.ch\\\/management\\\/2025-06-04\\\/faigle-uebernimmt-druckzentrum-der-ehemaligen-credit-suisse\\\/\"]}]},{\"@type\":\"ImageObject\",\"inLanguage\":\"fr-FR\",\"@id\":\"https:\\\/\\\/www.organisator.ch\\\/management\\\/2025-06-04\\\/faigle-uebernimmt-druckzentrum-der-ehemaligen-credit-suisse\\\/#primaryimage\",\"url\":\"https:\\\/\\\/www.organisator.ch\\\/wp-content\\\/uploads\\\/2025\\\/06\\\/Faigle-uebernimmt-Druckzentrum-der-ehemaligen-Credit-Suisse_Organisator.jpg\",\"contentUrl\":\"https:\\\/\\\/www.organisator.ch\\\/wp-content\\\/uploads\\\/2025\\\/06\\\/Faigle-uebernimmt-Druckzentrum-der-ehemaligen-Credit-Suisse_Organisator.jpg\",\"width\":680,\"height\":452,\"caption\":\"Durch die \u00dcbernahme des Druckzentrums der ehemaligen Credit Suisse verst\u00e4rkt das Unternehmen Faigle seine Marktstellung im Transaktionsdruck. (Symbolbild \\\/ Depositphotos.com)\"},{\"@type\":\"BreadcrumbList\",\"@id\":\"https:\\\/\\\/www.organisator.ch\\\/management\\\/2025-06-04\\\/faigle-uebernimmt-druckzentrum-der-ehemaligen-credit-suisse\\\/#breadcrumb\",\"itemListElement\":[{\"@type\":\"ListItem\",\"position\":1,\"name\":\"Home\",\"item\":\"https:\\\/\\\/www.organisator.ch\\\/\"},{\"@type\":\"ListItem\",\"position\":2,\"name\":\"Faigle \u00fcbernimmt Druckzentrum der ehemaligen Credit Suisse\"}]},{\"@type\":\"WebSite\",\"@id\":\"https:\\\/\\\/www.organisator.ch\\\/#website\",\"url\":\"https:\\\/\\\/www.organisator.ch\\\/\",\"name\":\"Organisator\",\"description\":\"Kompetent. Praxisnah. Der ORGANISATOR bereitet in 10 Ausgaben pro Jahr die wesentlichen Themen f\u00fcr F\u00fchrungskr\u00e4fte von KMU auf.\",\"publisher\":{\"@id\":\"https:\\\/\\\/www.organisator.ch\\\/#organization\"},\"potentialAction\":[{\"@type\":\"SearchAction\",\"target\":{\"@type\":\"EntryPoint\",\"urlTemplate\":\"https:\\\/\\\/www.organisator.ch\\\/?s={search_term_string}\"},\"query-input\":{\"@type\":\"PropertyValueSpecification\",\"valueRequired\":true,\"valueName\":\"search_term_string\"}}],\"inLanguage\":\"fr-FR\"},{\"@type\":\"Organization\",\"@id\":\"https:\\\/\\\/www.organisator.ch\\\/#organization\",\"name\":\"Organisator\",\"url\":\"https:\\\/\\\/www.organisator.ch\\\/\",\"logo\":{\"@type\":\"ImageObject\",\"inLanguage\":\"fr-FR\",\"@id\":\"https:\\\/\\\/www.organisator.ch\\\/#\\\/schema\\\/logo\\\/image\\\/\",\"url\":\"https:\\\/\\\/www.organisator.ch\\\/wp-content\\\/uploads\\\/2022\\\/01\\\/Logo_Organisator_Website.png\",\"contentUrl\":\"https:\\\/\\\/www.organisator.ch\\\/wp-content\\\/uploads\\\/2022\\\/01\\\/Logo_Organisator_Website.png\",\"width\":800,\"height\":77,\"caption\":\"Organisator\"},\"image\":{\"@id\":\"https:\\\/\\\/www.organisator.ch\\\/#\\\/schema\\\/logo\\\/image\\\/\"},\"sameAs\":[\"https:\\\/\\\/www.facebook.com\\\/OrganisatorFachmagazin\",\"https:\\\/\\\/www.linkedin.com\\\/showcase\\\/organisator-das-magazin-fr-kmu\",\"https:\\\/\\\/www.xing.com\\\/news\\\/pages\\\/organisator-ch-695\",\"https:\\\/\\\/www.youtube.com\\\/channel\\\/UCGP2Sq0iWaZwT3BdIAQFYpw\"]},{\"@type\":\"Person\",\"@id\":\"https:\\\/\\\/www.organisator.ch\\\/#\\\/schema\\\/person\\\/6f650f90b2842cd4c0cc334b4e36f67e\",\"name\":\"thomas.berner\",\"image\":{\"@type\":\"ImageObject\",\"inLanguage\":\"fr-FR\",\"@id\":\"https:\\\/\\\/secure.gravatar.com\\\/avatar\\\/ac5001d2a36cb6c6cd3e50789007ffca834b477b74a2144564522e944eabff61?s=96&d=mm&r=g\",\"url\":\"https:\\\/\\\/secure.gravatar.com\\\/avatar\\\/ac5001d2a36cb6c6cd3e50789007ffca834b477b74a2144564522e944eabff61?s=96&d=mm&r=g\",\"contentUrl\":\"https:\\\/\\\/secure.gravatar.com\\\/avatar\\\/ac5001d2a36cb6c6cd3e50789007ffca834b477b74a2144564522e944eabff61?s=96&d=mm&r=g\",\"caption\":\"thomas.berner\"},\"url\":\"https:\\\/\\\/www.organisator.ch\\\/fr\\\/author\\\/thomas-berner\\\/\"}]}<\/script>\n<!-- \/ Yoast SEO plugin. -->","yoast_head_json":{"title":"Faigle reprend le centre d'impression de l'ancien Credit Suisse - Organisateur","description":"L'entreprise familiale Faigle reprend le 1er juillet 2025 le centre d'impression de l'ancien Cr\u00e9dit Suisse dans l'Uetlihof zurichois d'UBS.","robots":{"index":"index","follow":"follow","max-snippet":"max-snippet:-1","max-image-preview":"max-image-preview:large","max-video-preview":"max-video-preview:-1"},"canonical":"https:\/\/www.organisator.ch\/fr\/gestion-2\/2025-06-04\/faigle-uebernimmt-druckzentrum-der-ehemaligen-credit-suisse\/","og_locale":"fr_FR","og_type":"article","og_title":"Faigle \u00fcbernimmt Druckzentrum der ehemaligen Credit Suisse","og_description":"Das Familienunternehmen Faigle \u00fcbernimmt per 1. Juli 2025 das Druckzentrum der ehemaligen Credit Suisse im Z\u00fcrcher Uetlihof von UBS.","og_url":"https:\/\/www.organisator.ch\/fr\/gestion-2\/2025-06-04\/faigle-uebernimmt-druckzentrum-der-ehemaligen-credit-suisse\/","og_site_name":"Organisator","article_publisher":"https:\/\/www.facebook.com\/OrganisatorFachmagazin","article_published_time":"2025-06-04T06:53:38+00:00","og_image":[{"width":680,"height":452,"url":"https:\/\/www.organisator.ch\/wp-content\/uploads\/2025\/06\/Faigle-uebernimmt-Druckzentrum-der-ehemaligen-Credit-Suisse_Organisator.jpg","type":"image\/jpeg"}],"author":"thomas.berner","twitter_card":"summary_large_image","twitter_title":"#Faigle \u00fcbernimmt #Druckzentrum der ehemaligen Credit Suisse","twitter_description":"Das Familienunternehmen #Faigle \u00fcbernimmt per 1. Juli 2025 das #Druckzentrum der ehemaligen Credit Suisse im Z\u00fcrcher Uetlihof von UBS.","twitter_image":"https:\/\/www.organisator.ch\/wp-content\/uploads\/2025\/06\/Faigle-uebernimmt-Druckzentrum-der-ehemaligen-Credit-Suisse_Organisator.jpg","schema":{"@context":"https:\/\/schema.org","@graph":[{"@type":"Article","@id":"https:\/\/www.organisator.ch\/management\/2025-06-04\/faigle-uebernimmt-druckzentrum-der-ehemaligen-credit-suisse\/#article","isPartOf":{"@id":"https:\/\/www.organisator.ch\/management\/2025-06-04\/faigle-uebernimmt-druckzentrum-der-ehemaligen-credit-suisse\/"},"author":{"name":"thomas.berner","@id":"https:\/\/www.organisator.ch\/#\/schema\/person\/6f650f90b2842cd4c0cc334b4e36f67e"},"headline":"Faigle \u00fcbernimmt Druckzentrum der ehemaligen Credit Suisse","datePublished":"2025-06-04T06:53:38+00:00","mainEntityOfPage":{"@id":"https:\/\/www.organisator.ch\/management\/2025-06-04\/faigle-uebernimmt-druckzentrum-der-ehemaligen-credit-suisse\/"},"wordCount":249,"publisher":{"@id":"https:\/\/www.organisator.ch\/#organization"},"image":{"@id":"https:\/\/www.organisator.ch\/management\/2025-06-04\/faigle-uebernimmt-druckzentrum-der-ehemaligen-credit-suisse\/#primaryimage"},"thumbnailUrl":"https:\/\/www.organisator.ch\/wp-content\/uploads\/2025\/06\/Faigle-uebernimmt-Druckzentrum-der-ehemaligen-Credit-Suisse_Organisator.jpg","keywords":["Akquisition","Unternehmen"],"articleSection":["MANAGEMENT"],"inLanguage":"fr-FR"},{"@type":"WebPage","@id":"https:\/\/www.organisator.ch\/management\/2025-06-04\/faigle-uebernimmt-druckzentrum-der-ehemaligen-credit-suisse\/","url":"https:\/\/www.organisator.ch\/management\/2025-06-04\/faigle-uebernimmt-druckzentrum-der-ehemaligen-credit-suisse\/","name":"Faigle reprend le centre d'impression de l'ancien Credit Suisse - Organisateur","isPartOf":{"@id":"https:\/\/www.organisator.ch\/#website"},"primaryImageOfPage":{"@id":"https:\/\/www.organisator.ch\/management\/2025-06-04\/faigle-uebernimmt-druckzentrum-der-ehemaligen-credit-suisse\/#primaryimage"},"image":{"@id":"https:\/\/www.organisator.ch\/management\/2025-06-04\/faigle-uebernimmt-druckzentrum-der-ehemaligen-credit-suisse\/#primaryimage"},"thumbnailUrl":"https:\/\/www.organisator.ch\/wp-content\/uploads\/2025\/06\/Faigle-uebernimmt-Druckzentrum-der-ehemaligen-Credit-Suisse_Organisator.jpg","datePublished":"2025-06-04T06:53:38+00:00","description":"L'entreprise familiale Faigle reprend le 1er juillet 2025 le centre d'impression de l'ancien Cr\u00e9dit Suisse dans l'Uetlihof zurichois d'UBS.","breadcrumb":{"@id":"https:\/\/www.organisator.ch\/management\/2025-06-04\/faigle-uebernimmt-druckzentrum-der-ehemaligen-credit-suisse\/#breadcrumb"},"inLanguage":"fr-FR","potentialAction":[{"@type":"ReadAction","target":["https:\/\/www.organisator.ch\/management\/2025-06-04\/faigle-uebernimmt-druckzentrum-der-ehemaligen-credit-suisse\/"]}]},{"@type":"ImageObject","inLanguage":"fr-FR","@id":"https:\/\/www.organisator.ch\/management\/2025-06-04\/faigle-uebernimmt-druckzentrum-der-ehemaligen-credit-suisse\/#primaryimage","url":"https:\/\/www.organisator.ch\/wp-content\/uploads\/2025\/06\/Faigle-uebernimmt-Druckzentrum-der-ehemaligen-Credit-Suisse_Organisator.jpg","contentUrl":"https:\/\/www.organisator.ch\/wp-content\/uploads\/2025\/06\/Faigle-uebernimmt-Druckzentrum-der-ehemaligen-Credit-Suisse_Organisator.jpg","width":680,"height":452,"caption":"Durch die \u00dcbernahme des Druckzentrums der ehemaligen Credit Suisse verst\u00e4rkt das Unternehmen Faigle seine Marktstellung im Transaktionsdruck. (Symbolbild \/ Depositphotos.com)"},{"@type":"BreadcrumbList","@id":"https:\/\/www.organisator.ch\/management\/2025-06-04\/faigle-uebernimmt-druckzentrum-der-ehemaligen-credit-suisse\/#breadcrumb","itemListElement":[{"@type":"ListItem","position":1,"name":"Home","item":"https:\/\/www.organisator.ch\/"},{"@type":"ListItem","position":2,"name":"Faigle \u00fcbernimmt Druckzentrum der ehemaligen Credit Suisse"}]},{"@type":"WebSite","@id":"https:\/\/www.organisator.ch\/#website","url":"https:\/\/www.organisator.ch\/","name":"Organisateur","description":"Comp\u00e9tence et comp\u00e9tence. Proches de la pratique. L'ORGANISATEUR pr\u00e9pare 10 num\u00e9ros par an sur les th\u00e8mes essentiels pour les dirigeants de PME.","publisher":{"@id":"https:\/\/www.organisator.ch\/#organization"},"potentialAction":[{"@type":"SearchAction","target":{"@type":"EntryPoint","urlTemplate":"https:\/\/www.organisator.ch\/?s={search_term_string}"},"query-input":{"@type":"PropertyValueSpecification","valueRequired":true,"valueName":"search_term_string"}}],"inLanguage":"fr-FR"},{"@type":"Organization","@id":"https:\/\/www.organisator.ch\/#organization","name":"Organisateur","url":"https:\/\/www.organisator.ch\/","logo":{"@type":"ImageObject","inLanguage":"fr-FR","@id":"https:\/\/www.organisator.ch\/#\/schema\/logo\/image\/","url":"https:\/\/www.organisator.ch\/wp-content\/uploads\/2022\/01\/Logo_Organisator_Website.png","contentUrl":"https:\/\/www.organisator.ch\/wp-content\/uploads\/2022\/01\/Logo_Organisator_Website.png","width":800,"height":77,"caption":"Organisator"},"image":{"@id":"https:\/\/www.organisator.ch\/#\/schema\/logo\/image\/"},"sameAs":["https:\/\/www.facebook.com\/OrganisatorFachmagazin","https:\/\/www.linkedin.com\/showcase\/organisator-das-magazin-fr-kmu","https:\/\/www.xing.com\/news\/pages\/organisator-ch-695","https:\/\/www.youtube.com\/channel\/UCGP2Sq0iWaZwT3BdIAQFYpw"]},{"@type":"Person","@id":"https:\/\/www.organisator.ch\/#\/schema\/person\/6f650f90b2842cd4c0cc334b4e36f67e","name":"thomas.berner","image":{"@type":"ImageObject","inLanguage":"fr-FR","@id":"https:\/\/secure.gravatar.com\/avatar\/ac5001d2a36cb6c6cd3e50789007ffca834b477b74a2144564522e944eabff61?s=96&d=mm&r=g","url":"https:\/\/secure.gravatar.com\/avatar\/ac5001d2a36cb6c6cd3e50789007ffca834b477b74a2144564522e944eabff61?s=96&d=mm&r=g","contentUrl":"https:\/\/secure.gravatar.com\/avatar\/ac5001d2a36cb6c6cd3e50789007ffca834b477b74a2144564522e944eabff61?s=96&d=mm&r=g","caption":"thomas.berner"},"url":"https:\/\/www.organisator.ch\/fr\/author\/thomas-berner\/"}]}},"_links":{"self":[{"href":"https:\/\/www.organisator.ch\/fr\/wp-json\/wp\/v2\/posts\/38668","targetHints":{"allow":["GET"]}}],"collection":[{"href":"https:\/\/www.organisator.ch\/fr\/wp-json\/wp\/v2\/posts"}],"about":[{"href":"https:\/\/www.organisator.ch\/fr\/wp-json\/wp\/v2\/types\/post"}],"author":[{"embeddable":true,"href":"https:\/\/www.organisator.ch\/fr\/wp-json\/wp\/v2\/users\/4"}],"replies":[{"embeddable":true,"href":"https:\/\/www.organisator.ch\/fr\/wp-json\/wp\/v2\/comments?post=38668"}],"version-history":[{"count":4,"href":"https:\/\/www.organisator.ch\/fr\/wp-json\/wp\/v2\/posts\/38668\/revisions"}],"predecessor-version":[{"id":38705,"href":"https:\/\/www.organisator.ch\/fr\/wp-json\/wp\/v2\/posts\/38668\/revisions\/38705"}],"wp:featuredmedia":[{"embeddable":true,"href":"https:\/\/www.organisator.ch\/fr\/wp-json\/wp\/v2\/media\/38669"}],"wp:attachment":[{"href":"https:\/\/www.organisator.ch\/fr\/wp-json\/wp\/v2\/media?parent=38668"}],"wp:term":[{"taxonomy":"category","embeddable":true,"href":"https:\/\/www.organisator.ch\/fr\/wp-json\/wp\/v2\/categories?post=38668"},{"taxonomy":"post_tag","embeddable":true,"href":"https:\/\/www.organisator.ch\/fr\/wp-json\/wp\/v2\/tags?post=38668"}],"curies":[{"name":"wp","href":"https:\/\/api.w.org\/{rel}","templated":true}]}}