{"id":38675,"date":"2025-06-04T11:56:04","date_gmt":"2025-06-04T09:56:04","guid":{"rendered":"https:\/\/www.markt-kom.com\/?p=235655"},"modified":"2025-06-04T15:07:20","modified_gmt":"2025-06-04T13:07:20","slug":"michael-volkart-wird-partner-bei-panter","status":"publish","type":"post","link":"https:\/\/www.organisator.ch\/fr\/marketing\/2025-06-04\/michael-volkart-wird-partner-bei-panter\/","title":{"rendered":"Michael Volkart devient partenaire chez Panter"},"content":{"rendered":"<figure id=\"attachment_235656\" class=\"wp-caption aligncenter\" style=\"width: 704px;\" aria-describedby=\"caption-attachment-235656\"><a href=\"https:\/\/www.markt-kom.com\/wp-content\/uploads\/2025\/06\/Michael-Volkart-Panter-Partner.jpg\"><img class=\"size-full wp-image-235656\" src=\"https:\/\/www.markt-kom.com\/wp-content\/uploads\/2025\/06\/Michael-Volkart-Panter-Partner.jpg\" sizes=\"(max-width: 704px) 100vw, 704px\" srcset=\"https:\/\/www.markt-kom.com\/wp-content\/uploads\/2025\/06\/Michael-Volkart-Panter-Partner.jpg 704w, https:\/\/www.markt-kom.com\/wp-content\/uploads\/2025\/06\/Michael-Volkart-Panter-Partner-600x450.jpg 600w, https:\/\/www.markt-kom.com\/wp-content\/uploads\/2025\/06\/Michael-Volkart-Panter-Partner-16x12.jpg 16w, https:\/\/www.markt-kom.com\/wp-content\/uploads\/2025\/06\/Michael-Volkart-Panter-Partner-233x175.jpg 233w, https:\/\/www.markt-kom.com\/wp-content\/uploads\/2025\/06\/Michael-Volkart-Panter-Partner-467x350.jpg 467w\" alt=\"\" width=\"704\" height=\"528\" \/><\/a>\r\n<figcaption id=\"caption-attachment-235656\" class=\"wp-caption-text\">(Image : zVg.)<\/figcaption>\r\n<\/figure>\r\n<p>Avec Michael Volkart comme partenaire, Panter fait entrer dans l'agence un entrepreneur exp\u00e9riment\u00e9 dans le domaine des services et produits num\u00e9riques. Volkart devient membre du conseil d'administration et s'engage \u00e9galement de mani\u00e8re op\u00e9rationnelle dans des projets clients et dans le d\u00e9veloppement de l'entreprise. Son activit\u00e9 est centr\u00e9e sur le positionnement strat\u00e9gique, le d\u00e9veloppement de l'offre IA ainsi que la participation \u00e0 des initiatives et des coop\u00e9rations autour de l'innovation num\u00e9rique.<\/p>\r\n<p>Panter est actif \u00e0 Zurich depuis vingt ans et a collabor\u00e9 au fil des ans avec des partenaires tels que l'Impact Hub Zurich, des start-ups comme Inyova ou Wolfpak.ai ainsi que d'autres plateformes.<\/p>\r\n<p>Selon le communiqu\u00e9, Volkart partage les valeurs et la vision de l'agence : \"Le lien entre l'esprit d'entreprise, la pertinence sociale et l'innovation num\u00e9rique est tr\u00e8s fortement ancr\u00e9 chez Panter\". Apr\u00e8s de longues ann\u00e9es de consolidation et de stagnation, on ressent \u00e0 nouveau dans le secteur une atmosph\u00e8re de renouveau, comparable \u00e0 celle du d\u00e9but des ann\u00e9es 2000, lorsque les entreprises ont commenc\u00e9 \u00e0 int\u00e9grer s\u00e9rieusement Internet dans leurs mod\u00e8les commerciaux. En ce qui concerne le d\u00e9veloppement actuel autour de l'IA g\u00e9n\u00e9rative et des grands mod\u00e8les linguistiques, Volkart souligne : \"Chez Panter, nous voyons la chance et la responsabilit\u00e9 de porter ces d\u00e9veloppements de mani\u00e8re judicieuse dans les organisations - de mani\u00e8re pratique, responsable et en se concentrant sur les avantages concrets\".<\/p>\r\n<p>Panter est co-initiatrice des Swiss {ai} Weeks, qui auront lieu \u00e0 l'automne 2025 dans plus de dix villes suisses. Cette s\u00e9rie de manifestations, qui r\u00e9unit plus de 55 organisations partenaires, offre un espace pour des hackathons, des \u00e9v\u00e9nements et des \u00e9changes professionnels autour des applications de l'IA. Volkart est impliqu\u00e9 dans cette initiative depuis sa cr\u00e9ation.<\/p>","protected":false},"excerpt":{"rendered":"<p>L'entreprise zurichoise Panter accueille Michael Volkart, cofondateur de Hinderling Volkart, en tant que partenaire. Outre son r\u00f4le au sein du conseil d'administration, il s'implique de mani\u00e8re op\u00e9rationnelle dans des projets clients et des th\u00e8mes strat\u00e9giques d'avenir.<\/p>","protected":false},"author":8,"featured_media":0,"comment_status":"closed","ping_status":"closed","sticky":false,"template":"","format":"standard","meta":{"_acf_changed":false,"_yoast_wpseo_focuskw":"Michael Volkart","_yoast_wpseo_metadesc":"Die Z\u00fcrcher Firma Panter holt Michael Volkart, Mitgr\u00fcnder von Hinderling Volkart, als Partner an Bord.","articlekey":"","footnotes":""},"categories":[29],"tags":[4345,2853,5367],"class_list":["post-38675","post","type-post","status-publish","format-standard","hentry","category-marketing","tag-business","tag-jobchange","tag-michael-volkart"],"acf":[],"yoast_head":"<!-- This site is optimized with the Yoast SEO plugin v27.4 - https:\/\/yoast.com\/product\/yoast-seo-wordpress\/ -->\n<title>Michael Volkart wird Partner bei Panter - Organisator<\/title>\n<meta name=\"description\" content=\"Die Z\u00fcrcher Firma Panter holt Michael Volkart, Mitgr\u00fcnder von Hinderling Volkart, als Partner an Bord.\" \/>\n<meta name=\"robots\" content=\"index, follow, max-snippet:-1, max-image-preview:large, max-video-preview:-1\" \/>\n<link rel=\"canonical\" href=\"https:\/\/www.organisator.ch\/fr\/marketing\/2025-06-04\/michael-volkart-wird-partner-bei-panter\/\" \/>\n<meta property=\"og:locale\" content=\"fr_FR\" \/>\n<meta property=\"og:type\" content=\"article\" \/>\n<meta property=\"og:title\" content=\"Michael Volkart wird Partner bei Panter - Organisator\" \/>\n<meta property=\"og:description\" content=\"Die Z\u00fcrcher Firma Panter holt Michael Volkart, Mitgr\u00fcnder von Hinderling Volkart, als Partner an Bord.\" \/>\n<meta property=\"og:url\" content=\"https:\/\/www.organisator.ch\/fr\/marketing\/2025-06-04\/michael-volkart-wird-partner-bei-panter\/\" \/>\n<meta property=\"og:site_name\" content=\"Organisator\" \/>\n<meta property=\"article:publisher\" content=\"https:\/\/www.facebook.com\/OrganisatorFachmagazin\" \/>\n<meta property=\"article:published_time\" content=\"2025-06-04T09:56:04+00:00\" \/>\n<meta property=\"article:modified_time\" content=\"2025-06-04T13:07:20+00:00\" \/>\n<meta name=\"author\" content=\"galledia\" \/>\n<meta name=\"twitter:card\" content=\"summary_large_image\" \/>\n<meta name=\"twitter:creator\" content=\"@admin\" \/>\n<script type=\"application\/ld+json\" class=\"yoast-schema-graph\">{\"@context\":\"https:\\\/\\\/schema.org\",\"@graph\":[{\"@type\":\"Article\",\"@id\":\"https:\\\/\\\/www.organisator.ch\\\/marketing\\\/2025-06-04\\\/michael-volkart-wird-partner-bei-panter\\\/#article\",\"isPartOf\":{\"@id\":\"https:\\\/\\\/www.organisator.ch\\\/marketing\\\/2025-06-04\\\/michael-volkart-wird-partner-bei-panter\\\/\"},\"author\":{\"name\":\"galledia\",\"@id\":\"https:\\\/\\\/www.organisator.ch\\\/#\\\/schema\\\/person\\\/4e51799071cd2dd1232ac003643ef5f0\"},\"headline\":\"Michael Volkart wird Partner bei Panter\",\"datePublished\":\"2025-06-04T09:56:04+00:00\",\"dateModified\":\"2025-06-04T13:07:20+00:00\",\"mainEntityOfPage\":{\"@id\":\"https:\\\/\\\/www.organisator.ch\\\/marketing\\\/2025-06-04\\\/michael-volkart-wird-partner-bei-panter\\\/\"},\"wordCount\":244,\"publisher\":{\"@id\":\"https:\\\/\\\/www.organisator.ch\\\/#organization\"},\"image\":{\"@id\":\"https:\\\/\\\/www.organisator.ch\\\/marketing\\\/2025-06-04\\\/michael-volkart-wird-partner-bei-panter\\\/#primaryimage\"},\"thumbnailUrl\":\"https:\\\/\\\/www.markt-kom.com\\\/wp-content\\\/uploads\\\/2025\\\/06\\\/Michael-Volkart-Panter-Partner.jpg\",\"keywords\":[\"Business\",\"Jobchange\",\"Michael Volkart\"],\"articleSection\":[\"MARKETING\"],\"inLanguage\":\"fr-FR\"},{\"@type\":\"WebPage\",\"@id\":\"https:\\\/\\\/www.organisator.ch\\\/marketing\\\/2025-06-04\\\/michael-volkart-wird-partner-bei-panter\\\/\",\"url\":\"https:\\\/\\\/www.organisator.ch\\\/marketing\\\/2025-06-04\\\/michael-volkart-wird-partner-bei-panter\\\/\",\"name\":\"Michael Volkart wird Partner bei Panter - Organisator\",\"isPartOf\":{\"@id\":\"https:\\\/\\\/www.organisator.ch\\\/#website\"},\"primaryImageOfPage\":{\"@id\":\"https:\\\/\\\/www.organisator.ch\\\/marketing\\\/2025-06-04\\\/michael-volkart-wird-partner-bei-panter\\\/#primaryimage\"},\"image\":{\"@id\":\"https:\\\/\\\/www.organisator.ch\\\/marketing\\\/2025-06-04\\\/michael-volkart-wird-partner-bei-panter\\\/#primaryimage\"},\"thumbnailUrl\":\"https:\\\/\\\/www.markt-kom.com\\\/wp-content\\\/uploads\\\/2025\\\/06\\\/Michael-Volkart-Panter-Partner.jpg\",\"datePublished\":\"2025-06-04T09:56:04+00:00\",\"dateModified\":\"2025-06-04T13:07:20+00:00\",\"description\":\"Die Z\u00fcrcher Firma Panter holt Michael Volkart, Mitgr\u00fcnder von Hinderling Volkart, als Partner an Bord.\",\"breadcrumb\":{\"@id\":\"https:\\\/\\\/www.organisator.ch\\\/marketing\\\/2025-06-04\\\/michael-volkart-wird-partner-bei-panter\\\/#breadcrumb\"},\"inLanguage\":\"fr-FR\",\"potentialAction\":[{\"@type\":\"ReadAction\",\"target\":[\"https:\\\/\\\/www.organisator.ch\\\/marketing\\\/2025-06-04\\\/michael-volkart-wird-partner-bei-panter\\\/\"]}]},{\"@type\":\"ImageObject\",\"inLanguage\":\"fr-FR\",\"@id\":\"https:\\\/\\\/www.organisator.ch\\\/marketing\\\/2025-06-04\\\/michael-volkart-wird-partner-bei-panter\\\/#primaryimage\",\"url\":\"https:\\\/\\\/www.markt-kom.com\\\/wp-content\\\/uploads\\\/2025\\\/06\\\/Michael-Volkart-Panter-Partner.jpg\",\"contentUrl\":\"https:\\\/\\\/www.markt-kom.com\\\/wp-content\\\/uploads\\\/2025\\\/06\\\/Michael-Volkart-Panter-Partner.jpg\"},{\"@type\":\"BreadcrumbList\",\"@id\":\"https:\\\/\\\/www.organisator.ch\\\/marketing\\\/2025-06-04\\\/michael-volkart-wird-partner-bei-panter\\\/#breadcrumb\",\"itemListElement\":[{\"@type\":\"ListItem\",\"position\":1,\"name\":\"Home\",\"item\":\"https:\\\/\\\/www.organisator.ch\\\/\"},{\"@type\":\"ListItem\",\"position\":2,\"name\":\"Michael Volkart wird Partner bei Panter\"}]},{\"@type\":\"WebSite\",\"@id\":\"https:\\\/\\\/www.organisator.ch\\\/#website\",\"url\":\"https:\\\/\\\/www.organisator.ch\\\/\",\"name\":\"Organisator\",\"description\":\"Kompetent. Praxisnah. Der ORGANISATOR bereitet in 10 Ausgaben pro Jahr die wesentlichen Themen f\u00fcr F\u00fchrungskr\u00e4fte von KMU auf.\",\"publisher\":{\"@id\":\"https:\\\/\\\/www.organisator.ch\\\/#organization\"},\"potentialAction\":[{\"@type\":\"SearchAction\",\"target\":{\"@type\":\"EntryPoint\",\"urlTemplate\":\"https:\\\/\\\/www.organisator.ch\\\/?s={search_term_string}\"},\"query-input\":{\"@type\":\"PropertyValueSpecification\",\"valueRequired\":true,\"valueName\":\"search_term_string\"}}],\"inLanguage\":\"fr-FR\"},{\"@type\":\"Organization\",\"@id\":\"https:\\\/\\\/www.organisator.ch\\\/#organization\",\"name\":\"Organisator\",\"url\":\"https:\\\/\\\/www.organisator.ch\\\/\",\"logo\":{\"@type\":\"ImageObject\",\"inLanguage\":\"fr-FR\",\"@id\":\"https:\\\/\\\/www.organisator.ch\\\/#\\\/schema\\\/logo\\\/image\\\/\",\"url\":\"https:\\\/\\\/www.organisator.ch\\\/wp-content\\\/uploads\\\/2022\\\/01\\\/Logo_Organisator_Website.png\",\"contentUrl\":\"https:\\\/\\\/www.organisator.ch\\\/wp-content\\\/uploads\\\/2022\\\/01\\\/Logo_Organisator_Website.png\",\"width\":800,\"height\":77,\"caption\":\"Organisator\"},\"image\":{\"@id\":\"https:\\\/\\\/www.organisator.ch\\\/#\\\/schema\\\/logo\\\/image\\\/\"},\"sameAs\":[\"https:\\\/\\\/www.facebook.com\\\/OrganisatorFachmagazin\",\"https:\\\/\\\/www.linkedin.com\\\/showcase\\\/organisator-das-magazin-fr-kmu\",\"https:\\\/\\\/www.xing.com\\\/news\\\/pages\\\/organisator-ch-695\",\"https:\\\/\\\/www.youtube.com\\\/channel\\\/UCGP2Sq0iWaZwT3BdIAQFYpw\"]},{\"@type\":\"Person\",\"@id\":\"https:\\\/\\\/www.organisator.ch\\\/#\\\/schema\\\/person\\\/4e51799071cd2dd1232ac003643ef5f0\",\"name\":\"galledia\",\"image\":{\"@type\":\"ImageObject\",\"inLanguage\":\"fr-FR\",\"@id\":\"https:\\\/\\\/secure.gravatar.com\\\/avatar\\\/78a7f90c01fc2bfc875782a0d4922b37cde2cf184ce347b91316d23cd7f69a36?s=96&d=mm&r=g\",\"url\":\"https:\\\/\\\/secure.gravatar.com\\\/avatar\\\/78a7f90c01fc2bfc875782a0d4922b37cde2cf184ce347b91316d23cd7f69a36?s=96&d=mm&r=g\",\"contentUrl\":\"https:\\\/\\\/secure.gravatar.com\\\/avatar\\\/78a7f90c01fc2bfc875782a0d4922b37cde2cf184ce347b91316d23cd7f69a36?s=96&d=mm&r=g\",\"caption\":\"galledia\"},\"sameAs\":[\"https:\\\/\\\/x.com\\\/admin\"],\"url\":\"https:\\\/\\\/www.organisator.ch\\\/fr\\\/author\\\/galledia\\\/\"}]}<\/script>\n<!-- \/ Yoast SEO plugin. -->","yoast_head_json":{"title":"Michael Volkart devient partenaire chez Panter - Organisator","description":"La soci\u00e9t\u00e9 zurichoise Panter accueille Michael Volkart, cofondateur de Hinderling Volkart, en tant que partenaire.","robots":{"index":"index","follow":"follow","max-snippet":"max-snippet:-1","max-image-preview":"max-image-preview:large","max-video-preview":"max-video-preview:-1"},"canonical":"https:\/\/www.organisator.ch\/fr\/marketing\/2025-06-04\/michael-volkart-wird-partner-bei-panter\/","og_locale":"fr_FR","og_type":"article","og_title":"Michael Volkart wird Partner bei Panter - Organisator","og_description":"Die Z\u00fcrcher Firma Panter holt Michael Volkart, Mitgr\u00fcnder von Hinderling Volkart, als Partner an Bord.","og_url":"https:\/\/www.organisator.ch\/fr\/marketing\/2025-06-04\/michael-volkart-wird-partner-bei-panter\/","og_site_name":"Organisator","article_publisher":"https:\/\/www.facebook.com\/OrganisatorFachmagazin","article_published_time":"2025-06-04T09:56:04+00:00","article_modified_time":"2025-06-04T13:07:20+00:00","author":"galledia","twitter_card":"summary_large_image","twitter_creator":"@admin","schema":{"@context":"https:\/\/schema.org","@graph":[{"@type":"Article","@id":"https:\/\/www.organisator.ch\/marketing\/2025-06-04\/michael-volkart-wird-partner-bei-panter\/#article","isPartOf":{"@id":"https:\/\/www.organisator.ch\/marketing\/2025-06-04\/michael-volkart-wird-partner-bei-panter\/"},"author":{"name":"galledia","@id":"https:\/\/www.organisator.ch\/#\/schema\/person\/4e51799071cd2dd1232ac003643ef5f0"},"headline":"Michael Volkart wird Partner bei Panter","datePublished":"2025-06-04T09:56:04+00:00","dateModified":"2025-06-04T13:07:20+00:00","mainEntityOfPage":{"@id":"https:\/\/www.organisator.ch\/marketing\/2025-06-04\/michael-volkart-wird-partner-bei-panter\/"},"wordCount":244,"publisher":{"@id":"https:\/\/www.organisator.ch\/#organization"},"image":{"@id":"https:\/\/www.organisator.ch\/marketing\/2025-06-04\/michael-volkart-wird-partner-bei-panter\/#primaryimage"},"thumbnailUrl":"https:\/\/www.markt-kom.com\/wp-content\/uploads\/2025\/06\/Michael-Volkart-Panter-Partner.jpg","keywords":["Business","Jobchange","Michael Volkart"],"articleSection":["MARKETING"],"inLanguage":"fr-FR"},{"@type":"WebPage","@id":"https:\/\/www.organisator.ch\/marketing\/2025-06-04\/michael-volkart-wird-partner-bei-panter\/","url":"https:\/\/www.organisator.ch\/marketing\/2025-06-04\/michael-volkart-wird-partner-bei-panter\/","name":"Michael Volkart devient partenaire chez Panter - Organisator","isPartOf":{"@id":"https:\/\/www.organisator.ch\/#website"},"primaryImageOfPage":{"@id":"https:\/\/www.organisator.ch\/marketing\/2025-06-04\/michael-volkart-wird-partner-bei-panter\/#primaryimage"},"image":{"@id":"https:\/\/www.organisator.ch\/marketing\/2025-06-04\/michael-volkart-wird-partner-bei-panter\/#primaryimage"},"thumbnailUrl":"https:\/\/www.markt-kom.com\/wp-content\/uploads\/2025\/06\/Michael-Volkart-Panter-Partner.jpg","datePublished":"2025-06-04T09:56:04+00:00","dateModified":"2025-06-04T13:07:20+00:00","description":"La soci\u00e9t\u00e9 zurichoise Panter accueille Michael Volkart, cofondateur de Hinderling Volkart, en tant que partenaire.","breadcrumb":{"@id":"https:\/\/www.organisator.ch\/marketing\/2025-06-04\/michael-volkart-wird-partner-bei-panter\/#breadcrumb"},"inLanguage":"fr-FR","potentialAction":[{"@type":"ReadAction","target":["https:\/\/www.organisator.ch\/marketing\/2025-06-04\/michael-volkart-wird-partner-bei-panter\/"]}]},{"@type":"ImageObject","inLanguage":"fr-FR","@id":"https:\/\/www.organisator.ch\/marketing\/2025-06-04\/michael-volkart-wird-partner-bei-panter\/#primaryimage","url":"https:\/\/www.markt-kom.com\/wp-content\/uploads\/2025\/06\/Michael-Volkart-Panter-Partner.jpg","contentUrl":"https:\/\/www.markt-kom.com\/wp-content\/uploads\/2025\/06\/Michael-Volkart-Panter-Partner.jpg"},{"@type":"BreadcrumbList","@id":"https:\/\/www.organisator.ch\/marketing\/2025-06-04\/michael-volkart-wird-partner-bei-panter\/#breadcrumb","itemListElement":[{"@type":"ListItem","position":1,"name":"Home","item":"https:\/\/www.organisator.ch\/"},{"@type":"ListItem","position":2,"name":"Michael Volkart wird Partner bei Panter"}]},{"@type":"WebSite","@id":"https:\/\/www.organisator.ch\/#website","url":"https:\/\/www.organisator.ch\/","name":"Organisateur","description":"Comp\u00e9tence et comp\u00e9tence. Proches de la pratique. L'ORGANISATEUR pr\u00e9pare 10 num\u00e9ros par an sur les th\u00e8mes essentiels pour les dirigeants de PME.","publisher":{"@id":"https:\/\/www.organisator.ch\/#organization"},"potentialAction":[{"@type":"SearchAction","target":{"@type":"EntryPoint","urlTemplate":"https:\/\/www.organisator.ch\/?s={search_term_string}"},"query-input":{"@type":"PropertyValueSpecification","valueRequired":true,"valueName":"search_term_string"}}],"inLanguage":"fr-FR"},{"@type":"Organization","@id":"https:\/\/www.organisator.ch\/#organization","name":"Organisateur","url":"https:\/\/www.organisator.ch\/","logo":{"@type":"ImageObject","inLanguage":"fr-FR","@id":"https:\/\/www.organisator.ch\/#\/schema\/logo\/image\/","url":"https:\/\/www.organisator.ch\/wp-content\/uploads\/2022\/01\/Logo_Organisator_Website.png","contentUrl":"https:\/\/www.organisator.ch\/wp-content\/uploads\/2022\/01\/Logo_Organisator_Website.png","width":800,"height":77,"caption":"Organisator"},"image":{"@id":"https:\/\/www.organisator.ch\/#\/schema\/logo\/image\/"},"sameAs":["https:\/\/www.facebook.com\/OrganisatorFachmagazin","https:\/\/www.linkedin.com\/showcase\/organisator-das-magazin-fr-kmu","https:\/\/www.xing.com\/news\/pages\/organisator-ch-695","https:\/\/www.youtube.com\/channel\/UCGP2Sq0iWaZwT3BdIAQFYpw"]},{"@type":"Person","@id":"https:\/\/www.organisator.ch\/#\/schema\/person\/4e51799071cd2dd1232ac003643ef5f0","name":"galledia","image":{"@type":"ImageObject","inLanguage":"fr-FR","@id":"https:\/\/secure.gravatar.com\/avatar\/78a7f90c01fc2bfc875782a0d4922b37cde2cf184ce347b91316d23cd7f69a36?s=96&d=mm&r=g","url":"https:\/\/secure.gravatar.com\/avatar\/78a7f90c01fc2bfc875782a0d4922b37cde2cf184ce347b91316d23cd7f69a36?s=96&d=mm&r=g","contentUrl":"https:\/\/secure.gravatar.com\/avatar\/78a7f90c01fc2bfc875782a0d4922b37cde2cf184ce347b91316d23cd7f69a36?s=96&d=mm&r=g","caption":"galledia"},"sameAs":["https:\/\/x.com\/admin"],"url":"https:\/\/www.organisator.ch\/fr\/author\/galledia\/"}]}},"_links":{"self":[{"href":"https:\/\/www.organisator.ch\/fr\/wp-json\/wp\/v2\/posts\/38675","targetHints":{"allow":["GET"]}}],"collection":[{"href":"https:\/\/www.organisator.ch\/fr\/wp-json\/wp\/v2\/posts"}],"about":[{"href":"https:\/\/www.organisator.ch\/fr\/wp-json\/wp\/v2\/types\/post"}],"author":[{"embeddable":true,"href":"https:\/\/www.organisator.ch\/fr\/wp-json\/wp\/v2\/users\/8"}],"replies":[{"embeddable":true,"href":"https:\/\/www.organisator.ch\/fr\/wp-json\/wp\/v2\/comments?post=38675"}],"version-history":[{"count":4,"href":"https:\/\/www.organisator.ch\/fr\/wp-json\/wp\/v2\/posts\/38675\/revisions"}],"predecessor-version":[{"id":38682,"href":"https:\/\/www.organisator.ch\/fr\/wp-json\/wp\/v2\/posts\/38675\/revisions\/38682"}],"wp:attachment":[{"href":"https:\/\/www.organisator.ch\/fr\/wp-json\/wp\/v2\/media?parent=38675"}],"wp:term":[{"taxonomy":"category","embeddable":true,"href":"https:\/\/www.organisator.ch\/fr\/wp-json\/wp\/v2\/categories?post=38675"},{"taxonomy":"post_tag","embeddable":true,"href":"https:\/\/www.organisator.ch\/fr\/wp-json\/wp\/v2\/tags?post=38675"}],"curies":[{"name":"wp","href":"https:\/\/api.w.org\/{rel}","templated":true}]}}