{"id":38689,"date":"2025-06-05T08:45:10","date_gmt":"2025-06-05T06:45:10","guid":{"rendered":"https:\/\/www.markt-kom.com\/?p=235685"},"modified":"2025-06-05T08:40:48","modified_gmt":"2025-06-05T06:40:48","slug":"marketing-tech-monitor-2025-fortschritt-stockt-trotz-wachsender-einsicht","status":"publish","type":"post","link":"https:\/\/www.organisator.ch\/fr\/marketing\/2025-06-05\/marketing-tech-monitor-2025-fortschritt-stockt-trotz-wachsender-einsicht\/","title":{"rendered":"Marketing Tech Monitor 2025 : les progr\u00e8s s'arr\u00eatent malgr\u00e9 une prise de conscience croissante"},"content":{"rendered":"<figure id=\"attachment_235687\" class=\"wp-caption aligncenter\" style=\"width: 1200px;\" aria-describedby=\"caption-attachment-235687\"><a href=\"https:\/\/www.markt-kom.com\/wp-content\/uploads\/2025\/06\/Grafik-Marketing-Tech-Monitor.25.jpg\"><img class=\"size-full wp-image-235687\" src=\"https:\/\/www.markt-kom.com\/wp-content\/uploads\/2025\/06\/Grafik-Marketing-Tech-Monitor.25.jpg\" sizes=\"(max-width: 1200px) 100vw, 1200px\" srcset=\"https:\/\/www.markt-kom.com\/wp-content\/uploads\/2025\/06\/Grafik-Marketing-Tech-Monitor.25.jpg 1200w, https:\/\/www.markt-kom.com\/wp-content\/uploads\/2025\/06\/Grafik-Marketing-Tech-Monitor.25-600x396.jpg 600w, https:\/\/www.markt-kom.com\/wp-content\/uploads\/2025\/06\/Grafik-Marketing-Tech-Monitor.25-1024x676.jpg 1024w, https:\/\/www.markt-kom.com\/wp-content\/uploads\/2025\/06\/Grafik-Marketing-Tech-Monitor.25-768x507.jpg 768w, https:\/\/www.markt-kom.com\/wp-content\/uploads\/2025\/06\/Grafik-Marketing-Tech-Monitor.25-18x12.jpg 18w, https:\/\/www.markt-kom.com\/wp-content\/uploads\/2025\/06\/Grafik-Marketing-Tech-Monitor.25-265x175.jpg 265w, https:\/\/www.markt-kom.com\/wp-content\/uploads\/2025\/06\/Grafik-Marketing-Tech-Monitor.25-530x350.jpg 530w, https:\/\/www.markt-kom.com\/wp-content\/uploads\/2025\/06\/Grafik-Marketing-Tech-Monitor.25-1000x660.jpg 1000w\" alt=\"\" width=\"1200\" height=\"792\" \/><\/a>\r\n<figcaption id=\"caption-attachment-235687\" class=\"wp-caption-text\">Degr\u00e9 de maturit\u00e9 dans l'utilisation de l'informatique dans l'entreprise au niveau du marketing, des ventes et du service. (Graphique : Marketing Tech Lab)<\/figcaption>\r\n<\/figure>\r\n<p>Le Marketing Tech Lab de Hambourg a pr\u00e9sent\u00e9 mercredi les r\u00e9sultats de son dernier Marketing Tech Monitor. L'\u00e9tude met en lumi\u00e8re l'\u00e9tat de la maturit\u00e9 technologique dans le marketing, la vente et le service dans la r\u00e9gion DACH. Il en ressort que seules 3 % des entreprises interrog\u00e9es atteignent un haut niveau d'int\u00e9gration de leur infrastructure MarTech.<\/p>\r\n<p>Les entreprises \u00e0 maturit\u00e9 \u00e9lev\u00e9e se distinguent par des strat\u00e9gies d\u00e9finies, des proc\u00e9dures de projet structur\u00e9es et une collaboration interfonctionnelle. Ces soi-disant \"leaders\" travaillent avec des feuilles de route, analysent syst\u00e9matiquement les parcours clients et utilisent des syst\u00e8mes CRM et CX avanc\u00e9s. A l'oppos\u00e9, on trouve des \"laggards\" qui \u00e9chouent en raison de responsabilit\u00e9s mal d\u00e9finies, de l'absence d'objectifs et d'une trop grande diversit\u00e9 d'outils.<\/p>\r\n<h3>Des projets entre jeu de pouvoir et passion<\/h3>\r\n<p>Outre les obstacles techniques et organisationnels, l'\u00e9tude aborde \u00e9galement les tensions interpersonnelles comme pierre d'achoppement de la transformation num\u00e9rique. Dans plus de 60 % des projets qui ont \u00e9chou\u00e9, il manquait soit des chefs de projet exp\u00e9riment\u00e9s, soit une documentation claire des exigences. Les conflits de pouvoir entre les d\u00e9partements sont identifi\u00e9s comme un obstacle central. \"Une transformation r\u00e9ussie a moins besoin de 'romantisme PowerPoint' que de m\u00e9thodes et de contenus solides\", peut-on lire dans le rapport.<\/p>\r\n<h3>La gestion des donn\u00e9es, une mine d'or<\/h3>\r\n<p>Dans le domaine de la gestion des donn\u00e9es, on constate toujours d'importants d\u00e9ficits. Seules quelques entreprises ont mis en place des structures de donn\u00e9es consolid\u00e9es. Le manque d'int\u00e9gration, la qualit\u00e9 insuffisante et l'acc\u00e8s limit\u00e9 freinent les progr\u00e8s de la personnalisation et de l'utilisation de l'IA. Les entreprises ayant un degr\u00e9 de maturit\u00e9 plus \u00e9lev\u00e9 investissent de mani\u00e8re cibl\u00e9e dans les Data Lakes, l'assurance qualit\u00e9 et les concepts d'acc\u00e8s.<\/p>\r\n<h3>CX comme priorit\u00e9 commerciale, mise en \u0153uvre de l'IA au point mort<\/h3>\r\n<p>Bien que l'importance de l'exp\u00e9rience client soit reconnue, la mise en \u0153uvre reste souvent fragment\u00e9e. Seul un tiers environ adopte une approche syst\u00e9matique et multicanale. Le rapport souligne que les initiatives CX ne sont efficaces que si elles s'appuient sur une base de donn\u00e9es solide et un syst\u00e8me d'objectifs clair.<\/p>\r\n<p>Et le tableau est \u00e9galement mitig\u00e9 en ce qui concerne l'intelligence artificielle : certes, plus de 50 pour cent des entreprises disposent d'une feuille de route en mati\u00e8re d'IA, mais les mises en \u0153uvre op\u00e9rationnelles sont rares. Seuls 11 pour cent utilisent activement l'IA, et ce principalement dans les domaines de la gestion de contenu et de l'IA conversationnelle. Les applications \u00e0 plus forte valeur ajout\u00e9e comme l'IA causale ou la mod\u00e9lisation du marketing mix restent l'exception. Le d\u00e9veloppement de comp\u00e9tences internes est consid\u00e9r\u00e9 comme une condition pr\u00e9alable - mais n'est abord\u00e9 en priorit\u00e9 que par environ 2 pour cent des personnes interrog\u00e9es.<\/p>\r\n<p>\"Notre analyse de cette ann\u00e9e montre clairement qu'en l'absence de donn\u00e9es propres, de responsabilit\u00e9s claires et d'une feuille de route bien pens\u00e9e, les projets d'interaction avec les clients ax\u00e9s sur les donn\u00e9es se transforment en jeu de hasard\", d\u00e9clare le Dr Ralf Strauss, directeur du Marketing Tech Lab. \"Mais ceux qui pensent de mani\u00e8re strat\u00e9gique et placent l'\u00eatre humain au centre peuvent r\u00e9ussir leur transformation num\u00e9rique\".<\/p>","protected":false},"excerpt":{"rendered":"<p>L'actuel Marketing Tech Monitor le montre : Alors que la complexit\u00e9 technologique augmente, de nombreuses entreprises manquent de structures et de comp\u00e9tences claires. Seule une minorit\u00e9 atteint un haut niveau de maturit\u00e9 dans l'int\u00e9gration des solutions MarTech.<\/p>","protected":false},"author":8,"featured_media":0,"comment_status":"closed","ping_status":"closed","sticky":false,"template":"","format":"standard","meta":{"_acf_changed":false,"_yoast_wpseo_focuskw":"Marketing Tech Monitor","_yoast_wpseo_metadesc":"Gem\u00e4ss Marketing Tech Monitor 2025 erreicht nur eine Minderheit einen hohen Reifegrad in der Integration von MarTech-L\u00f6sungen.","articlekey":"","footnotes":""},"categories":[29],"tags":[4861,4343,459],"class_list":["post-38689","post","type-post","status-publish","format-standard","hentry","category-marketing","tag-commtech","tag-markom","tag-studie"],"acf":[],"yoast_head":"<!-- This site is optimized with the Yoast SEO plugin v27.5 - https:\/\/yoast.com\/product\/yoast-seo-wordpress\/ -->\n<title>Marketing Tech Monitor 2025: Fortschritt stockt trotz wachsender Einsicht - Organisator<\/title>\n<meta name=\"description\" content=\"Gem\u00e4ss Marketing Tech Monitor 2025 erreicht nur eine Minderheit einen hohen Reifegrad in der Integration von MarTech-L\u00f6sungen.\" \/>\n<meta name=\"robots\" content=\"index, follow, max-snippet:-1, max-image-preview:large, max-video-preview:-1\" \/>\n<link rel=\"canonical\" href=\"https:\/\/www.organisator.ch\/fr\/marketing\/2025-06-05\/marketing-tech-monitor-2025-fortschritt-stockt-trotz-wachsender-einsicht\/\" \/>\n<meta property=\"og:locale\" content=\"fr_FR\" \/>\n<meta property=\"og:type\" content=\"article\" \/>\n<meta property=\"og:title\" content=\"Marketing Tech Monitor 2025: Fortschritt stockt trotz wachsender Einsicht - Organisator\" \/>\n<meta property=\"og:description\" content=\"Gem\u00e4ss Marketing Tech Monitor 2025 erreicht nur eine Minderheit einen hohen Reifegrad in der Integration von MarTech-L\u00f6sungen.\" \/>\n<meta property=\"og:url\" content=\"https:\/\/www.organisator.ch\/fr\/marketing\/2025-06-05\/marketing-tech-monitor-2025-fortschritt-stockt-trotz-wachsender-einsicht\/\" \/>\n<meta property=\"og:site_name\" content=\"Organisator\" \/>\n<meta property=\"article:publisher\" content=\"https:\/\/www.facebook.com\/OrganisatorFachmagazin\" \/>\n<meta property=\"article:published_time\" content=\"2025-06-05T06:45:10+00:00\" \/>\n<meta name=\"author\" content=\"galledia\" \/>\n<meta name=\"twitter:card\" content=\"summary_large_image\" \/>\n<meta name=\"twitter:creator\" content=\"@admin\" \/>\n<script type=\"application\/ld+json\" class=\"yoast-schema-graph\">{\"@context\":\"https:\\\/\\\/schema.org\",\"@graph\":[{\"@type\":\"Article\",\"@id\":\"https:\\\/\\\/www.organisator.ch\\\/marketing\\\/2025-06-05\\\/marketing-tech-monitor-2025-fortschritt-stockt-trotz-wachsender-einsicht\\\/#article\",\"isPartOf\":{\"@id\":\"https:\\\/\\\/www.organisator.ch\\\/marketing\\\/2025-06-05\\\/marketing-tech-monitor-2025-fortschritt-stockt-trotz-wachsender-einsicht\\\/\"},\"author\":{\"name\":\"galledia\",\"@id\":\"https:\\\/\\\/www.organisator.ch\\\/#\\\/schema\\\/person\\\/4e51799071cd2dd1232ac003643ef5f0\"},\"headline\":\"Marketing Tech Monitor 2025: Fortschritt stockt trotz wachsender Einsicht\",\"datePublished\":\"2025-06-05T06:45:10+00:00\",\"mainEntityOfPage\":{\"@id\":\"https:\\\/\\\/www.organisator.ch\\\/marketing\\\/2025-06-05\\\/marketing-tech-monitor-2025-fortschritt-stockt-trotz-wachsender-einsicht\\\/\"},\"wordCount\":405,\"publisher\":{\"@id\":\"https:\\\/\\\/www.organisator.ch\\\/#organization\"},\"image\":{\"@id\":\"https:\\\/\\\/www.organisator.ch\\\/marketing\\\/2025-06-05\\\/marketing-tech-monitor-2025-fortschritt-stockt-trotz-wachsender-einsicht\\\/#primaryimage\"},\"thumbnailUrl\":\"https:\\\/\\\/www.markt-kom.com\\\/wp-content\\\/uploads\\\/2025\\\/06\\\/Grafik-Marketing-Tech-Monitor.25.jpg\",\"keywords\":[\"Commtech\",\"MarKom\",\"Studie\"],\"articleSection\":[\"MARKETING\"],\"inLanguage\":\"fr-FR\"},{\"@type\":\"WebPage\",\"@id\":\"https:\\\/\\\/www.organisator.ch\\\/marketing\\\/2025-06-05\\\/marketing-tech-monitor-2025-fortschritt-stockt-trotz-wachsender-einsicht\\\/\",\"url\":\"https:\\\/\\\/www.organisator.ch\\\/marketing\\\/2025-06-05\\\/marketing-tech-monitor-2025-fortschritt-stockt-trotz-wachsender-einsicht\\\/\",\"name\":\"Marketing Tech Monitor 2025: Fortschritt stockt trotz wachsender Einsicht - Organisator\",\"isPartOf\":{\"@id\":\"https:\\\/\\\/www.organisator.ch\\\/#website\"},\"primaryImageOfPage\":{\"@id\":\"https:\\\/\\\/www.organisator.ch\\\/marketing\\\/2025-06-05\\\/marketing-tech-monitor-2025-fortschritt-stockt-trotz-wachsender-einsicht\\\/#primaryimage\"},\"image\":{\"@id\":\"https:\\\/\\\/www.organisator.ch\\\/marketing\\\/2025-06-05\\\/marketing-tech-monitor-2025-fortschritt-stockt-trotz-wachsender-einsicht\\\/#primaryimage\"},\"thumbnailUrl\":\"https:\\\/\\\/www.markt-kom.com\\\/wp-content\\\/uploads\\\/2025\\\/06\\\/Grafik-Marketing-Tech-Monitor.25.jpg\",\"datePublished\":\"2025-06-05T06:45:10+00:00\",\"description\":\"Gem\u00e4ss Marketing Tech Monitor 2025 erreicht nur eine Minderheit einen hohen Reifegrad in der Integration von MarTech-L\u00f6sungen.\",\"breadcrumb\":{\"@id\":\"https:\\\/\\\/www.organisator.ch\\\/marketing\\\/2025-06-05\\\/marketing-tech-monitor-2025-fortschritt-stockt-trotz-wachsender-einsicht\\\/#breadcrumb\"},\"inLanguage\":\"fr-FR\",\"potentialAction\":[{\"@type\":\"ReadAction\",\"target\":[\"https:\\\/\\\/www.organisator.ch\\\/marketing\\\/2025-06-05\\\/marketing-tech-monitor-2025-fortschritt-stockt-trotz-wachsender-einsicht\\\/\"]}]},{\"@type\":\"ImageObject\",\"inLanguage\":\"fr-FR\",\"@id\":\"https:\\\/\\\/www.organisator.ch\\\/marketing\\\/2025-06-05\\\/marketing-tech-monitor-2025-fortschritt-stockt-trotz-wachsender-einsicht\\\/#primaryimage\",\"url\":\"https:\\\/\\\/www.markt-kom.com\\\/wp-content\\\/uploads\\\/2025\\\/06\\\/Grafik-Marketing-Tech-Monitor.25.jpg\",\"contentUrl\":\"https:\\\/\\\/www.markt-kom.com\\\/wp-content\\\/uploads\\\/2025\\\/06\\\/Grafik-Marketing-Tech-Monitor.25.jpg\"},{\"@type\":\"BreadcrumbList\",\"@id\":\"https:\\\/\\\/www.organisator.ch\\\/marketing\\\/2025-06-05\\\/marketing-tech-monitor-2025-fortschritt-stockt-trotz-wachsender-einsicht\\\/#breadcrumb\",\"itemListElement\":[{\"@type\":\"ListItem\",\"position\":1,\"name\":\"Home\",\"item\":\"https:\\\/\\\/www.organisator.ch\\\/\"},{\"@type\":\"ListItem\",\"position\":2,\"name\":\"Marketing Tech Monitor 2025: Fortschritt stockt trotz wachsender Einsicht\"}]},{\"@type\":\"WebSite\",\"@id\":\"https:\\\/\\\/www.organisator.ch\\\/#website\",\"url\":\"https:\\\/\\\/www.organisator.ch\\\/\",\"name\":\"Organisator\",\"description\":\"Kompetent. Praxisnah. Der ORGANISATOR bereitet in 10 Ausgaben pro Jahr die wesentlichen Themen f\u00fcr F\u00fchrungskr\u00e4fte von KMU auf.\",\"publisher\":{\"@id\":\"https:\\\/\\\/www.organisator.ch\\\/#organization\"},\"potentialAction\":[{\"@type\":\"SearchAction\",\"target\":{\"@type\":\"EntryPoint\",\"urlTemplate\":\"https:\\\/\\\/www.organisator.ch\\\/?s={search_term_string}\"},\"query-input\":{\"@type\":\"PropertyValueSpecification\",\"valueRequired\":true,\"valueName\":\"search_term_string\"}}],\"inLanguage\":\"fr-FR\"},{\"@type\":\"Organization\",\"@id\":\"https:\\\/\\\/www.organisator.ch\\\/#organization\",\"name\":\"Organisator\",\"url\":\"https:\\\/\\\/www.organisator.ch\\\/\",\"logo\":{\"@type\":\"ImageObject\",\"inLanguage\":\"fr-FR\",\"@id\":\"https:\\\/\\\/www.organisator.ch\\\/#\\\/schema\\\/logo\\\/image\\\/\",\"url\":\"https:\\\/\\\/www.organisator.ch\\\/wp-content\\\/uploads\\\/2022\\\/01\\\/Logo_Organisator_Website.png\",\"contentUrl\":\"https:\\\/\\\/www.organisator.ch\\\/wp-content\\\/uploads\\\/2022\\\/01\\\/Logo_Organisator_Website.png\",\"width\":800,\"height\":77,\"caption\":\"Organisator\"},\"image\":{\"@id\":\"https:\\\/\\\/www.organisator.ch\\\/#\\\/schema\\\/logo\\\/image\\\/\"},\"sameAs\":[\"https:\\\/\\\/www.facebook.com\\\/OrganisatorFachmagazin\",\"https:\\\/\\\/www.linkedin.com\\\/showcase\\\/organisator-das-magazin-fr-kmu\",\"https:\\\/\\\/www.xing.com\\\/news\\\/pages\\\/organisator-ch-695\",\"https:\\\/\\\/www.youtube.com\\\/channel\\\/UCGP2Sq0iWaZwT3BdIAQFYpw\"]},{\"@type\":\"Person\",\"@id\":\"https:\\\/\\\/www.organisator.ch\\\/#\\\/schema\\\/person\\\/4e51799071cd2dd1232ac003643ef5f0\",\"name\":\"galledia\",\"image\":{\"@type\":\"ImageObject\",\"inLanguage\":\"fr-FR\",\"@id\":\"https:\\\/\\\/secure.gravatar.com\\\/avatar\\\/78a7f90c01fc2bfc875782a0d4922b37cde2cf184ce347b91316d23cd7f69a36?s=96&d=mm&r=g\",\"url\":\"https:\\\/\\\/secure.gravatar.com\\\/avatar\\\/78a7f90c01fc2bfc875782a0d4922b37cde2cf184ce347b91316d23cd7f69a36?s=96&d=mm&r=g\",\"contentUrl\":\"https:\\\/\\\/secure.gravatar.com\\\/avatar\\\/78a7f90c01fc2bfc875782a0d4922b37cde2cf184ce347b91316d23cd7f69a36?s=96&d=mm&r=g\",\"caption\":\"galledia\"},\"sameAs\":[\"https:\\\/\\\/x.com\\\/admin\"],\"url\":\"https:\\\/\\\/www.organisator.ch\\\/fr\\\/author\\\/galledia\\\/\"}]}<\/script>\n<!-- \/ Yoast SEO plugin. -->","yoast_head_json":{"title":"Marketing Tech Monitor 2025 : les progr\u00e8s s'arr\u00eatent malgr\u00e9 une prise de conscience croissante - Organisator","description":"Selon le Marketing Tech Monitor 2025, seule une minorit\u00e9 atteint un haut niveau de maturit\u00e9 dans l'int\u00e9gration des solutions MarTech.","robots":{"index":"index","follow":"follow","max-snippet":"max-snippet:-1","max-image-preview":"max-image-preview:large","max-video-preview":"max-video-preview:-1"},"canonical":"https:\/\/www.organisator.ch\/fr\/marketing\/2025-06-05\/marketing-tech-monitor-2025-fortschritt-stockt-trotz-wachsender-einsicht\/","og_locale":"fr_FR","og_type":"article","og_title":"Marketing Tech Monitor 2025: Fortschritt stockt trotz wachsender Einsicht - Organisator","og_description":"Gem\u00e4ss Marketing Tech Monitor 2025 erreicht nur eine Minderheit einen hohen Reifegrad in der Integration von MarTech-L\u00f6sungen.","og_url":"https:\/\/www.organisator.ch\/fr\/marketing\/2025-06-05\/marketing-tech-monitor-2025-fortschritt-stockt-trotz-wachsender-einsicht\/","og_site_name":"Organisator","article_publisher":"https:\/\/www.facebook.com\/OrganisatorFachmagazin","article_published_time":"2025-06-05T06:45:10+00:00","author":"galledia","twitter_card":"summary_large_image","twitter_creator":"@admin","schema":{"@context":"https:\/\/schema.org","@graph":[{"@type":"Article","@id":"https:\/\/www.organisator.ch\/marketing\/2025-06-05\/marketing-tech-monitor-2025-fortschritt-stockt-trotz-wachsender-einsicht\/#article","isPartOf":{"@id":"https:\/\/www.organisator.ch\/marketing\/2025-06-05\/marketing-tech-monitor-2025-fortschritt-stockt-trotz-wachsender-einsicht\/"},"author":{"name":"galledia","@id":"https:\/\/www.organisator.ch\/#\/schema\/person\/4e51799071cd2dd1232ac003643ef5f0"},"headline":"Marketing Tech Monitor 2025: Fortschritt stockt trotz wachsender Einsicht","datePublished":"2025-06-05T06:45:10+00:00","mainEntityOfPage":{"@id":"https:\/\/www.organisator.ch\/marketing\/2025-06-05\/marketing-tech-monitor-2025-fortschritt-stockt-trotz-wachsender-einsicht\/"},"wordCount":405,"publisher":{"@id":"https:\/\/www.organisator.ch\/#organization"},"image":{"@id":"https:\/\/www.organisator.ch\/marketing\/2025-06-05\/marketing-tech-monitor-2025-fortschritt-stockt-trotz-wachsender-einsicht\/#primaryimage"},"thumbnailUrl":"https:\/\/www.markt-kom.com\/wp-content\/uploads\/2025\/06\/Grafik-Marketing-Tech-Monitor.25.jpg","keywords":["Commtech","MarKom","Studie"],"articleSection":["MARKETING"],"inLanguage":"fr-FR"},{"@type":"WebPage","@id":"https:\/\/www.organisator.ch\/marketing\/2025-06-05\/marketing-tech-monitor-2025-fortschritt-stockt-trotz-wachsender-einsicht\/","url":"https:\/\/www.organisator.ch\/marketing\/2025-06-05\/marketing-tech-monitor-2025-fortschritt-stockt-trotz-wachsender-einsicht\/","name":"Marketing Tech Monitor 2025 : les progr\u00e8s s'arr\u00eatent malgr\u00e9 une prise de conscience croissante - Organisator","isPartOf":{"@id":"https:\/\/www.organisator.ch\/#website"},"primaryImageOfPage":{"@id":"https:\/\/www.organisator.ch\/marketing\/2025-06-05\/marketing-tech-monitor-2025-fortschritt-stockt-trotz-wachsender-einsicht\/#primaryimage"},"image":{"@id":"https:\/\/www.organisator.ch\/marketing\/2025-06-05\/marketing-tech-monitor-2025-fortschritt-stockt-trotz-wachsender-einsicht\/#primaryimage"},"thumbnailUrl":"https:\/\/www.markt-kom.com\/wp-content\/uploads\/2025\/06\/Grafik-Marketing-Tech-Monitor.25.jpg","datePublished":"2025-06-05T06:45:10+00:00","description":"Selon le Marketing Tech Monitor 2025, seule une minorit\u00e9 atteint un haut niveau de maturit\u00e9 dans l'int\u00e9gration des solutions MarTech.","breadcrumb":{"@id":"https:\/\/www.organisator.ch\/marketing\/2025-06-05\/marketing-tech-monitor-2025-fortschritt-stockt-trotz-wachsender-einsicht\/#breadcrumb"},"inLanguage":"fr-FR","potentialAction":[{"@type":"ReadAction","target":["https:\/\/www.organisator.ch\/marketing\/2025-06-05\/marketing-tech-monitor-2025-fortschritt-stockt-trotz-wachsender-einsicht\/"]}]},{"@type":"ImageObject","inLanguage":"fr-FR","@id":"https:\/\/www.organisator.ch\/marketing\/2025-06-05\/marketing-tech-monitor-2025-fortschritt-stockt-trotz-wachsender-einsicht\/#primaryimage","url":"https:\/\/www.markt-kom.com\/wp-content\/uploads\/2025\/06\/Grafik-Marketing-Tech-Monitor.25.jpg","contentUrl":"https:\/\/www.markt-kom.com\/wp-content\/uploads\/2025\/06\/Grafik-Marketing-Tech-Monitor.25.jpg"},{"@type":"BreadcrumbList","@id":"https:\/\/www.organisator.ch\/marketing\/2025-06-05\/marketing-tech-monitor-2025-fortschritt-stockt-trotz-wachsender-einsicht\/#breadcrumb","itemListElement":[{"@type":"ListItem","position":1,"name":"Home","item":"https:\/\/www.organisator.ch\/"},{"@type":"ListItem","position":2,"name":"Marketing Tech Monitor 2025: Fortschritt stockt trotz wachsender Einsicht"}]},{"@type":"WebSite","@id":"https:\/\/www.organisator.ch\/#website","url":"https:\/\/www.organisator.ch\/","name":"Organisateur","description":"Comp\u00e9tence et comp\u00e9tence. Proches de la pratique. L'ORGANISATEUR pr\u00e9pare 10 num\u00e9ros par an sur les th\u00e8mes essentiels pour les dirigeants de PME.","publisher":{"@id":"https:\/\/www.organisator.ch\/#organization"},"potentialAction":[{"@type":"SearchAction","target":{"@type":"EntryPoint","urlTemplate":"https:\/\/www.organisator.ch\/?s={search_term_string}"},"query-input":{"@type":"PropertyValueSpecification","valueRequired":true,"valueName":"search_term_string"}}],"inLanguage":"fr-FR"},{"@type":"Organization","@id":"https:\/\/www.organisator.ch\/#organization","name":"Organisateur","url":"https:\/\/www.organisator.ch\/","logo":{"@type":"ImageObject","inLanguage":"fr-FR","@id":"https:\/\/www.organisator.ch\/#\/schema\/logo\/image\/","url":"https:\/\/www.organisator.ch\/wp-content\/uploads\/2022\/01\/Logo_Organisator_Website.png","contentUrl":"https:\/\/www.organisator.ch\/wp-content\/uploads\/2022\/01\/Logo_Organisator_Website.png","width":800,"height":77,"caption":"Organisator"},"image":{"@id":"https:\/\/www.organisator.ch\/#\/schema\/logo\/image\/"},"sameAs":["https:\/\/www.facebook.com\/OrganisatorFachmagazin","https:\/\/www.linkedin.com\/showcase\/organisator-das-magazin-fr-kmu","https:\/\/www.xing.com\/news\/pages\/organisator-ch-695","https:\/\/www.youtube.com\/channel\/UCGP2Sq0iWaZwT3BdIAQFYpw"]},{"@type":"Person","@id":"https:\/\/www.organisator.ch\/#\/schema\/person\/4e51799071cd2dd1232ac003643ef5f0","name":"galledia","image":{"@type":"ImageObject","inLanguage":"fr-FR","@id":"https:\/\/secure.gravatar.com\/avatar\/78a7f90c01fc2bfc875782a0d4922b37cde2cf184ce347b91316d23cd7f69a36?s=96&d=mm&r=g","url":"https:\/\/secure.gravatar.com\/avatar\/78a7f90c01fc2bfc875782a0d4922b37cde2cf184ce347b91316d23cd7f69a36?s=96&d=mm&r=g","contentUrl":"https:\/\/secure.gravatar.com\/avatar\/78a7f90c01fc2bfc875782a0d4922b37cde2cf184ce347b91316d23cd7f69a36?s=96&d=mm&r=g","caption":"galledia"},"sameAs":["https:\/\/x.com\/admin"],"url":"https:\/\/www.organisator.ch\/fr\/author\/galledia\/"}]}},"_links":{"self":[{"href":"https:\/\/www.organisator.ch\/fr\/wp-json\/wp\/v2\/posts\/38689","targetHints":{"allow":["GET"]}}],"collection":[{"href":"https:\/\/www.organisator.ch\/fr\/wp-json\/wp\/v2\/posts"}],"about":[{"href":"https:\/\/www.organisator.ch\/fr\/wp-json\/wp\/v2\/types\/post"}],"author":[{"embeddable":true,"href":"https:\/\/www.organisator.ch\/fr\/wp-json\/wp\/v2\/users\/8"}],"replies":[{"embeddable":true,"href":"https:\/\/www.organisator.ch\/fr\/wp-json\/wp\/v2\/comments?post=38689"}],"version-history":[{"count":5,"href":"https:\/\/www.organisator.ch\/fr\/wp-json\/wp\/v2\/posts\/38689\/revisions"}],"predecessor-version":[{"id":38704,"href":"https:\/\/www.organisator.ch\/fr\/wp-json\/wp\/v2\/posts\/38689\/revisions\/38704"}],"wp:attachment":[{"href":"https:\/\/www.organisator.ch\/fr\/wp-json\/wp\/v2\/media?parent=38689"}],"wp:term":[{"taxonomy":"category","embeddable":true,"href":"https:\/\/www.organisator.ch\/fr\/wp-json\/wp\/v2\/categories?post=38689"},{"taxonomy":"post_tag","embeddable":true,"href":"https:\/\/www.organisator.ch\/fr\/wp-json\/wp\/v2\/tags?post=38689"}],"curies":[{"name":"wp","href":"https:\/\/api.w.org\/{rel}","templated":true}]}}